{"id":5496,"date":"2024-10-21T09:09:46","date_gmt":"2024-10-21T12:09:46","guid":{"rendered":"https:\/\/infopba247.com.ar\/?p=5496"},"modified":"2024-10-21T09:09:53","modified_gmt":"2024-10-21T12:09:53","slug":"alak-recibio-al-consul-ridao-para-fortalecer-los-lazos-entre-la-plata-y-espana","status":"publish","type":"post","link":"https:\/\/infopba247.com.ar\/index.php\/2024\/10\/21\/alak-recibio-al-consul-ridao-para-fortalecer-los-lazos-entre-la-plata-y-espana\/","title":{"rendered":"Alak recibi\u00f3 al c\u00f3nsul Ridao para fortalecer los lazos entre La Plata y Espa\u00f1a"},"content":{"rendered":"\n<p>El intendente de La Plata, Julio Alak, recibi\u00f3 al c\u00f3nsul general de Espa\u00f1a en Buenos Aires, Jos\u00e9 Mar\u00eda Ridao, en un encuentro destinado a fortalecer los lazos entre la ciudad y la comunidad espa\u00f1ola.&nbsp;<\/p>\n\n\n\n<p>Durante la reuni\u00f3n, ambos funcionarios abordaron temas de cooperaci\u00f3n cultural y educativa, subrayando la importancia de consolidar los v\u00ednculos hist\u00f3ricos entre ambos pa\u00edses.<\/p>\n\n\n\n<p>\u201cEs un honor recibir la visita en nuestra ciudad del c\u00f3nsul general de Espa\u00f1a, un pa\u00eds con el que, por nuestra larga historia compartida, nos unen fuertes lazos de amistad\u201d, destac\u00f3 el jefe comunal.<\/p>\n\n\n\n<p>\u201cConfiamos en avanzar, a partir de este encuentro, en una agenda conjunta de acciones que nos permita profundizar la cooperaci\u00f3n en los distintos \u00e1mbitos, especialmente el cultural\u201d, agreg\u00f3.<\/p>\n\n\n\n<p>Junto a Alak y Ridao, estuvieron presentes el jefe de Gabinete de la Municipalidad, Carlos Bonicatto; el asesor general, Jorge Lescano; los c\u00f3nsules adjuntos Juan Sebasti\u00e1n Mateos y Cristina Gomariz Panblanco; e integrantes de colectividades e instituciones espa\u00f1olas.<\/p>\n","protected":false},"excerpt":{"rendered":"<p>El intendente de La Plata, Julio Alak, recibi\u00f3 al c\u00f3nsul general de Espa\u00f1a en Buenos Aires, Jos\u00e9 Mar\u00eda Ridao, en<\/p>\n","protected":false},"author":3,"featured_media":5494,"comment_status":"open","ping_status":"open","sticky":false,"template":"","format":"standard","meta":{"colormag_page_container_layout":"default_layout","colormag_page_sidebar_layout":"default_layout","footnotes":""},"categories":[12,1,14],"tags":[],"class_list":["post-5496","post","type-post","status-publish","format-standard","has-post-thumbnail","hentry","category-8va-seccion","category-destacadas","category-politica"],"yoast_head":"<!-- This site is optimized with the Yoast SEO plugin v27.4 - https:\/\/yoast.com\/product\/yoast-seo-wordpress\/ -->\n<title>Alak recibi\u00f3 al c\u00f3nsul Ridao para fortalecer los lazos entre La Plata y Espa\u00f1a - InfoPBA247<\/title>\n<meta name=\"robots\" content=\"index, follow, max-snippet:-1, max-image-preview:large, max-video-preview:-1\" \/>\n<link rel=\"canonical\" href=\"https:\/\/infopba247.com.ar\/index.php\/2024\/10\/21\/alak-recibio-al-consul-ridao-para-fortalecer-los-lazos-entre-la-plata-y-espana\/\" \/>\n<meta property=\"og:locale\" content=\"es_ES\" \/>\n<meta property=\"og:type\" content=\"article\" \/>\n<meta property=\"og:title\" content=\"Alak recibi\u00f3 al c\u00f3nsul Ridao para fortalecer los lazos entre La Plata y Espa\u00f1a - InfoPBA247\" \/>\n<meta property=\"og:description\" content=\"El intendente de La Plata, Julio Alak, recibi\u00f3 al c\u00f3nsul general de Espa\u00f1a en Buenos Aires, Jos\u00e9 Mar\u00eda Ridao, en\" \/>\n<meta property=\"og:url\" content=\"https:\/\/infopba247.com.ar\/index.php\/2024\/10\/21\/alak-recibio-al-consul-ridao-para-fortalecer-los-lazos-entre-la-plata-y-espana\/\" \/>\n<meta property=\"og:site_name\" content=\"InfoPBA247\" \/>\n<meta property=\"article:publisher\" content=\"https:\/\/www.facebook.com\/InfoPBA\" \/>\n<meta property=\"article:published_time\" content=\"2024-10-21T12:09:46+00:00\" \/>\n<meta property=\"article:modified_time\" content=\"2024-10-21T12:09:53+00:00\" \/>\n<meta property=\"og:image\" content=\"https:\/\/infopba247.com.ar\/wp-content\/uploads\/2024\/10\/unnamed-39.jpg\" \/>\n\t<meta property=\"og:image:width\" content=\"1600\" \/>\n\t<meta property=\"og:image:height\" content=\"1069\" \/>\n\t<meta property=\"og:image:type\" content=\"image\/jpeg\" \/>\n<meta name=\"author\" content=\"Editor\" \/>\n<meta name=\"twitter:card\" content=\"summary_large_image\" \/>\n<meta name=\"twitter:label1\" content=\"Escrito por\" \/>\n\t<meta name=\"twitter:data1\" content=\"Editor\" \/>\n\t<meta name=\"twitter:label2\" content=\"Tiempo de lectura\" \/>\n\t<meta name=\"twitter:data2\" content=\"1 minuto\" \/>\n<script type=\"application\/ld+json\" class=\"yoast-schema-graph\">{\"@context\":\"https:\\\/\\\/schema.org\",\"@graph\":[{\"@type\":\"Article\",\"@id\":\"https:\\\/\\\/infopba247.com.ar\\\/index.php\\\/2024\\\/10\\\/21\\\/alak-recibio-al-consul-ridao-para-fortalecer-los-lazos-entre-la-plata-y-espana\\\/#article\",\"isPartOf\":{\"@id\":\"https:\\\/\\\/infopba247.com.ar\\\/index.php\\\/2024\\\/10\\\/21\\\/alak-recibio-al-consul-ridao-para-fortalecer-los-lazos-entre-la-plata-y-espana\\\/\"},\"author\":{\"name\":\"Editor\",\"@id\":\"https:\\\/\\\/infopba247.com.ar\\\/#\\\/schema\\\/person\\\/4975f1343a413e57bf839b3eed0099f2\"},\"headline\":\"Alak recibi\u00f3 al c\u00f3nsul Ridao para fortalecer los lazos entre La Plata y Espa\u00f1a\",\"datePublished\":\"2024-10-21T12:09:46+00:00\",\"dateModified\":\"2024-10-21T12:09:53+00:00\",\"mainEntityOfPage\":{\"@id\":\"https:\\\/\\\/infopba247.com.ar\\\/index.php\\\/2024\\\/10\\\/21\\\/alak-recibio-al-consul-ridao-para-fortalecer-los-lazos-entre-la-plata-y-espana\\\/\"},\"wordCount\":190,\"commentCount\":0,\"publisher\":{\"@id\":\"https:\\\/\\\/infopba247.com.ar\\\/#organization\"},\"image\":{\"@id\":\"https:\\\/\\\/infopba247.com.ar\\\/index.php\\\/2024\\\/10\\\/21\\\/alak-recibio-al-consul-ridao-para-fortalecer-los-lazos-entre-la-plata-y-espana\\\/#primaryimage\"},\"thumbnailUrl\":\"https:\\\/\\\/infopba247.com.ar\\\/wp-content\\\/uploads\\\/2024\\\/10\\\/unnamed-39.jpg\",\"articleSection\":[\"8va Secci\u00f3n\",\"Destacadas\",\"Pol\u00edtica\"],\"inLanguage\":\"es\",\"potentialAction\":[{\"@type\":\"CommentAction\",\"name\":\"Comment\",\"target\":[\"https:\\\/\\\/infopba247.com.ar\\\/index.php\\\/2024\\\/10\\\/21\\\/alak-recibio-al-consul-ridao-para-fortalecer-los-lazos-entre-la-plata-y-espana\\\/#respond\"]}]},{\"@type\":\"WebPage\",\"@id\":\"https:\\\/\\\/infopba247.com.ar\\\/index.php\\\/2024\\\/10\\\/21\\\/alak-recibio-al-consul-ridao-para-fortalecer-los-lazos-entre-la-plata-y-espana\\\/\",\"url\":\"https:\\\/\\\/infopba247.com.ar\\\/index.php\\\/2024\\\/10\\\/21\\\/alak-recibio-al-consul-ridao-para-fortalecer-los-lazos-entre-la-plata-y-espana\\\/\",\"name\":\"Alak recibi\u00f3 al c\u00f3nsul Ridao para fortalecer los lazos entre La Plata y Espa\u00f1a - InfoPBA247\",\"isPartOf\":{\"@id\":\"https:\\\/\\\/infopba247.com.ar\\\/#website\"},\"primaryImageOfPage\":{\"@id\":\"https:\\\/\\\/infopba247.com.ar\\\/index.php\\\/2024\\\/10\\\/21\\\/alak-recibio-al-consul-ridao-para-fortalecer-los-lazos-entre-la-plata-y-espana\\\/#primaryimage\"},\"image\":{\"@id\":\"https:\\\/\\\/infopba247.com.ar\\\/index.php\\\/2024\\\/10\\\/21\\\/alak-recibio-al-consul-ridao-para-fortalecer-los-lazos-entre-la-plata-y-espana\\\/#primaryimage\"},\"thumbnailUrl\":\"https:\\\/\\\/infopba247.com.ar\\\/wp-content\\\/uploads\\\/2024\\\/10\\\/unnamed-39.jpg\",\"datePublished\":\"2024-10-21T12:09:46+00:00\",\"dateModified\":\"2024-10-21T12:09:53+00:00\",\"breadcrumb\":{\"@id\":\"https:\\\/\\\/infopba247.com.ar\\\/index.php\\\/2024\\\/10\\\/21\\\/alak-recibio-al-consul-ridao-para-fortalecer-los-lazos-entre-la-plata-y-espana\\\/#breadcrumb\"},\"inLanguage\":\"es\",\"potentialAction\":[{\"@type\":\"ReadAction\",\"target\":[\"https:\\\/\\\/infopba247.com.ar\\\/index.php\\\/2024\\\/10\\\/21\\\/alak-recibio-al-consul-ridao-para-fortalecer-los-lazos-entre-la-plata-y-espana\\\/\"]}]},{\"@type\":\"ImageObject\",\"inLanguage\":\"es\",\"@id\":\"https:\\\/\\\/infopba247.com.ar\\\/index.php\\\/2024\\\/10\\\/21\\\/alak-recibio-al-consul-ridao-para-fortalecer-los-lazos-entre-la-plata-y-espana\\\/#primaryimage\",\"url\":\"https:\\\/\\\/infopba247.com.ar\\\/wp-content\\\/uploads\\\/2024\\\/10\\\/unnamed-39.jpg\",\"contentUrl\":\"https:\\\/\\\/infopba247.com.ar\\\/wp-content\\\/uploads\\\/2024\\\/10\\\/unnamed-39.jpg\",\"width\":1600,\"height\":1069},{\"@type\":\"BreadcrumbList\",\"@id\":\"https:\\\/\\\/infopba247.com.ar\\\/index.php\\\/2024\\\/10\\\/21\\\/alak-recibio-al-consul-ridao-para-fortalecer-los-lazos-entre-la-plata-y-espana\\\/#breadcrumb\",\"itemListElement\":[{\"@type\":\"ListItem\",\"position\":1,\"name\":\"Portada\",\"item\":\"https:\\\/\\\/infopba247.com.ar\\\/\"},{\"@type\":\"ListItem\",\"position\":2,\"name\":\"Alak recibi\u00f3 al c\u00f3nsul Ridao para fortalecer los lazos entre La Plata y Espa\u00f1a\"}]},{\"@type\":\"WebSite\",\"@id\":\"https:\\\/\\\/infopba247.com.ar\\\/#website\",\"url\":\"https:\\\/\\\/infopba247.com.ar\\\/\",\"name\":\"InfoPBA247\",\"description\":\"Toda la actualidad bonaerense\",\"publisher\":{\"@id\":\"https:\\\/\\\/infopba247.com.ar\\\/#organization\"},\"potentialAction\":[{\"@type\":\"SearchAction\",\"target\":{\"@type\":\"EntryPoint\",\"urlTemplate\":\"https:\\\/\\\/infopba247.com.ar\\\/?s={search_term_string}\"},\"query-input\":{\"@type\":\"PropertyValueSpecification\",\"valueRequired\":true,\"valueName\":\"search_term_string\"}}],\"inLanguage\":\"es\"},{\"@type\":\"Organization\",\"@id\":\"https:\\\/\\\/infopba247.com.ar\\\/#organization\",\"name\":\"InfoPBA247\",\"url\":\"https:\\\/\\\/infopba247.com.ar\\\/\",\"logo\":{\"@type\":\"ImageObject\",\"inLanguage\":\"es\",\"@id\":\"https:\\\/\\\/infopba247.com.ar\\\/#\\\/schema\\\/logo\\\/image\\\/\",\"url\":\"https:\\\/\\\/infopba247.com.ar\\\/wp-content\\\/uploads\\\/2022\\\/03\\\/cropped-InfoPBA247-1.png\",\"contentUrl\":\"https:\\\/\\\/infopba247.com.ar\\\/wp-content\\\/uploads\\\/2022\\\/03\\\/cropped-InfoPBA247-1.png\",\"width\":500,\"height\":122,\"caption\":\"InfoPBA247\"},\"image\":{\"@id\":\"https:\\\/\\\/infopba247.com.ar\\\/#\\\/schema\\\/logo\\\/image\\\/\"},\"sameAs\":[\"https:\\\/\\\/www.facebook.com\\\/InfoPBA\"]},{\"@type\":\"Person\",\"@id\":\"https:\\\/\\\/infopba247.com.ar\\\/#\\\/schema\\\/person\\\/4975f1343a413e57bf839b3eed0099f2\",\"name\":\"Editor\",\"image\":{\"@type\":\"ImageObject\",\"inLanguage\":\"es\",\"@id\":\"https:\\\/\\\/secure.gravatar.com\\\/avatar\\\/d27fe9520667ca53441d36627a1d6b0fa4a813571ec4803687a7a3a7744685ac?s=96&d=mm&r=g\",\"url\":\"https:\\\/\\\/secure.gravatar.com\\\/avatar\\\/d27fe9520667ca53441d36627a1d6b0fa4a813571ec4803687a7a3a7744685ac?s=96&d=mm&r=g\",\"contentUrl\":\"https:\\\/\\\/secure.gravatar.com\\\/avatar\\\/d27fe9520667ca53441d36627a1d6b0fa4a813571ec4803687a7a3a7744685ac?s=96&d=mm&r=g\",\"caption\":\"Editor\"},\"url\":\"https:\\\/\\\/infopba247.com.ar\\\/index.php\\\/author\\\/editor\\\/\"}]}<\/script>\n<!-- \/ Yoast SEO plugin. -->","yoast_head_json":{"title":"Alak recibi\u00f3 al c\u00f3nsul Ridao para fortalecer los lazos entre La Plata y Espa\u00f1a - InfoPBA247","robots":{"index":"index","follow":"follow","max-snippet":"max-snippet:-1","max-image-preview":"max-image-preview:large","max-video-preview":"max-video-preview:-1"},"canonical":"https:\/\/infopba247.com.ar\/index.php\/2024\/10\/21\/alak-recibio-al-consul-ridao-para-fortalecer-los-lazos-entre-la-plata-y-espana\/","og_locale":"es_ES","og_type":"article","og_title":"Alak recibi\u00f3 al c\u00f3nsul Ridao para fortalecer los lazos entre La Plata y Espa\u00f1a - InfoPBA247","og_description":"El intendente de La Plata, Julio Alak, recibi\u00f3 al c\u00f3nsul general de Espa\u00f1a en Buenos Aires, Jos\u00e9 Mar\u00eda Ridao, en","og_url":"https:\/\/infopba247.com.ar\/index.php\/2024\/10\/21\/alak-recibio-al-consul-ridao-para-fortalecer-los-lazos-entre-la-plata-y-espana\/","og_site_name":"InfoPBA247","article_publisher":"https:\/\/www.facebook.com\/InfoPBA","article_published_time":"2024-10-21T12:09:46+00:00","article_modified_time":"2024-10-21T12:09:53+00:00","og_image":[{"width":1600,"height":1069,"url":"https:\/\/infopba247.com.ar\/wp-content\/uploads\/2024\/10\/unnamed-39.jpg","type":"image\/jpeg"}],"author":"Editor","twitter_card":"summary_large_image","twitter_misc":{"Escrito por":"Editor","Tiempo de lectura":"1 minuto"},"schema":{"@context":"https:\/\/schema.org","@graph":[{"@type":"Article","@id":"https:\/\/infopba247.com.ar\/index.php\/2024\/10\/21\/alak-recibio-al-consul-ridao-para-fortalecer-los-lazos-entre-la-plata-y-espana\/#article","isPartOf":{"@id":"https:\/\/infopba247.com.ar\/index.php\/2024\/10\/21\/alak-recibio-al-consul-ridao-para-fortalecer-los-lazos-entre-la-plata-y-espana\/"},"author":{"name":"Editor","@id":"https:\/\/infopba247.com.ar\/#\/schema\/person\/4975f1343a413e57bf839b3eed0099f2"},"headline":"Alak recibi\u00f3 al c\u00f3nsul Ridao para fortalecer los lazos entre La Plata y Espa\u00f1a","datePublished":"2024-10-21T12:09:46+00:00","dateModified":"2024-10-21T12:09:53+00:00","mainEntityOfPage":{"@id":"https:\/\/infopba247.com.ar\/index.php\/2024\/10\/21\/alak-recibio-al-consul-ridao-para-fortalecer-los-lazos-entre-la-plata-y-espana\/"},"wordCount":190,"commentCount":0,"publisher":{"@id":"https:\/\/infopba247.com.ar\/#organization"},"image":{"@id":"https:\/\/infopba247.com.ar\/index.php\/2024\/10\/21\/alak-recibio-al-consul-ridao-para-fortalecer-los-lazos-entre-la-plata-y-espana\/#primaryimage"},"thumbnailUrl":"https:\/\/infopba247.com.ar\/wp-content\/uploads\/2024\/10\/unnamed-39.jpg","articleSection":["8va Secci\u00f3n","Destacadas","Pol\u00edtica"],"inLanguage":"es","potentialAction":[{"@type":"CommentAction","name":"Comment","target":["https:\/\/infopba247.com.ar\/index.php\/2024\/10\/21\/alak-recibio-al-consul-ridao-para-fortalecer-los-lazos-entre-la-plata-y-espana\/#respond"]}]},{"@type":"WebPage","@id":"https:\/\/infopba247.com.ar\/index.php\/2024\/10\/21\/alak-recibio-al-consul-ridao-para-fortalecer-los-lazos-entre-la-plata-y-espana\/","url":"https:\/\/infopba247.com.ar\/index.php\/2024\/10\/21\/alak-recibio-al-consul-ridao-para-fortalecer-los-lazos-entre-la-plata-y-espana\/","name":"Alak recibi\u00f3 al c\u00f3nsul Ridao para fortalecer los lazos entre La Plata y Espa\u00f1a - InfoPBA247","isPartOf":{"@id":"https:\/\/infopba247.com.ar\/#website"},"primaryImageOfPage":{"@id":"https:\/\/infopba247.com.ar\/index.php\/2024\/10\/21\/alak-recibio-al-consul-ridao-para-fortalecer-los-lazos-entre-la-plata-y-espana\/#primaryimage"},"image":{"@id":"https:\/\/infopba247.com.ar\/index.php\/2024\/10\/21\/alak-recibio-al-consul-ridao-para-fortalecer-los-lazos-entre-la-plata-y-espana\/#primaryimage"},"thumbnailUrl":"https:\/\/infopba247.com.ar\/wp-content\/uploads\/2024\/10\/unnamed-39.jpg","datePublished":"2024-10-21T12:09:46+00:00","dateModified":"2024-10-21T12:09:53+00:00","breadcrumb":{"@id":"https:\/\/infopba247.com.ar\/index.php\/2024\/10\/21\/alak-recibio-al-consul-ridao-para-fortalecer-los-lazos-entre-la-plata-y-espana\/#breadcrumb"},"inLanguage":"es","potentialAction":[{"@type":"ReadAction","target":["https:\/\/infopba247.com.ar\/index.php\/2024\/10\/21\/alak-recibio-al-consul-ridao-para-fortalecer-los-lazos-entre-la-plata-y-espana\/"]}]},{"@type":"ImageObject","inLanguage":"es","@id":"https:\/\/infopba247.com.ar\/index.php\/2024\/10\/21\/alak-recibio-al-consul-ridao-para-fortalecer-los-lazos-entre-la-plata-y-espana\/#primaryimage","url":"https:\/\/infopba247.com.ar\/wp-content\/uploads\/2024\/10\/unnamed-39.jpg","contentUrl":"https:\/\/infopba247.com.ar\/wp-content\/uploads\/2024\/10\/unnamed-39.jpg","width":1600,"height":1069},{"@type":"BreadcrumbList","@id":"https:\/\/infopba247.com.ar\/index.php\/2024\/10\/21\/alak-recibio-al-consul-ridao-para-fortalecer-los-lazos-entre-la-plata-y-espana\/#breadcrumb","itemListElement":[{"@type":"ListItem","position":1,"name":"Portada","item":"https:\/\/infopba247.com.ar\/"},{"@type":"ListItem","position":2,"name":"Alak recibi\u00f3 al c\u00f3nsul Ridao para fortalecer los lazos entre La Plata y Espa\u00f1a"}]},{"@type":"WebSite","@id":"https:\/\/infopba247.com.ar\/#website","url":"https:\/\/infopba247.com.ar\/","name":"InfoPBA247","description":"Toda la actualidad bonaerense","publisher":{"@id":"https:\/\/infopba247.com.ar\/#organization"},"potentialAction":[{"@type":"SearchAction","target":{"@type":"EntryPoint","urlTemplate":"https:\/\/infopba247.com.ar\/?s={search_term_string}"},"query-input":{"@type":"PropertyValueSpecification","valueRequired":true,"valueName":"search_term_string"}}],"inLanguage":"es"},{"@type":"Organization","@id":"https:\/\/infopba247.com.ar\/#organization","name":"InfoPBA247","url":"https:\/\/infopba247.com.ar\/","logo":{"@type":"ImageObject","inLanguage":"es","@id":"https:\/\/infopba247.com.ar\/#\/schema\/logo\/image\/","url":"https:\/\/infopba247.com.ar\/wp-content\/uploads\/2022\/03\/cropped-InfoPBA247-1.png","contentUrl":"https:\/\/infopba247.com.ar\/wp-content\/uploads\/2022\/03\/cropped-InfoPBA247-1.png","width":500,"height":122,"caption":"InfoPBA247"},"image":{"@id":"https:\/\/infopba247.com.ar\/#\/schema\/logo\/image\/"},"sameAs":["https:\/\/www.facebook.com\/InfoPBA"]},{"@type":"Person","@id":"https:\/\/infopba247.com.ar\/#\/schema\/person\/4975f1343a413e57bf839b3eed0099f2","name":"Editor","image":{"@type":"ImageObject","inLanguage":"es","@id":"https:\/\/secure.gravatar.com\/avatar\/d27fe9520667ca53441d36627a1d6b0fa4a813571ec4803687a7a3a7744685ac?s=96&d=mm&r=g","url":"https:\/\/secure.gravatar.com\/avatar\/d27fe9520667ca53441d36627a1d6b0fa4a813571ec4803687a7a3a7744685ac?s=96&d=mm&r=g","contentUrl":"https:\/\/secure.gravatar.com\/avatar\/d27fe9520667ca53441d36627a1d6b0fa4a813571ec4803687a7a3a7744685ac?s=96&d=mm&r=g","caption":"Editor"},"url":"https:\/\/infopba247.com.ar\/index.php\/author\/editor\/"}]}},"_links":{"self":[{"href":"https:\/\/infopba247.com.ar\/index.php\/wp-json\/wp\/v2\/posts\/5496","targetHints":{"allow":["GET"]}}],"collection":[{"href":"https:\/\/infopba247.com.ar\/index.php\/wp-json\/wp\/v2\/posts"}],"about":[{"href":"https:\/\/infopba247.com.ar\/index.php\/wp-json\/wp\/v2\/types\/post"}],"author":[{"embeddable":true,"href":"https:\/\/infopba247.com.ar\/index.php\/wp-json\/wp\/v2\/users\/3"}],"replies":[{"embeddable":true,"href":"https:\/\/infopba247.com.ar\/index.php\/wp-json\/wp\/v2\/comments?post=5496"}],"version-history":[{"count":1,"href":"https:\/\/infopba247.com.ar\/index.php\/wp-json\/wp\/v2\/posts\/5496\/revisions"}],"predecessor-version":[{"id":5497,"href":"https:\/\/infopba247.com.ar\/index.php\/wp-json\/wp\/v2\/posts\/5496\/revisions\/5497"}],"wp:featuredmedia":[{"embeddable":true,"href":"https:\/\/infopba247.com.ar\/index.php\/wp-json\/wp\/v2\/media\/5494"}],"wp:attachment":[{"href":"https:\/\/infopba247.com.ar\/index.php\/wp-json\/wp\/v2\/media?parent=5496"}],"wp:term":[{"taxonomy":"category","embeddable":true,"href":"https:\/\/infopba247.com.ar\/index.php\/wp-json\/wp\/v2\/categories?post=5496"},{"taxonomy":"post_tag","embeddable":true,"href":"https:\/\/infopba247.com.ar\/index.php\/wp-json\/wp\/v2\/tags?post=5496"}],"curies":[{"name":"wp","href":"https:\/\/api.w.org\/{rel}","templated":true}]}}