{"id":5478,"date":"2024-10-18T10:54:23","date_gmt":"2024-10-18T13:54:23","guid":{"rendered":"https:\/\/infopba247.com.ar\/?p=5478"},"modified":"2024-10-18T10:54:25","modified_gmt":"2024-10-18T13:54:25","slug":"la-unica-pelea-que-me-interesa-es-contra-las-politicas-de-milei","status":"publish","type":"post","link":"https:\/\/infopba247.com.ar\/index.php\/2024\/10\/18\/la-unica-pelea-que-me-interesa-es-contra-las-politicas-de-milei\/","title":{"rendered":"\u201cLa \u00fanica pelea que me interesa es contra las pol\u00edticas de Milei\u00bb"},"content":{"rendered":"\n<p>\u00abNo me interesa disputar ninguna interna, quiero colaborar en la construcci\u00f3n de una alternativa superadora: la \u00fanica pelea en la que estoy interesado es contra las pol\u00edticas de Javier Milei\u201d, afirm\u00f3 este jueves el gobernador Axel Kicillof al encabezar el acto por el D\u00eda de la Lealtad Peronista bajo el lema \u201cLealtad al Pueblo. La Patria no se vende\u201d. Fue en el municipio de Berisso, kil\u00f3metro cero del peronismo, junto a la vicegobernadora Ver\u00f3nica Magario; el intendente local, Fabi\u00e1n Cagliardi, y m\u00e1s de 50 mil personas.<\/p>\n\n\n\n<p>En ese marco, Kicillof subray\u00f3: \u201cEl pueblo est\u00e1 sufriendo y la patria est\u00e1 en peligro, por eso hay que estar con los brazos abiertos y atentos para escuchar a todos los que est\u00e1n siendo da\u00f1ados: los universitarios, los trabajadores y trabajadoras y los peque\u00f1os y medianos empresarios\u201d. \u201cSeamos modestos y dediquemos toda nuestra atenci\u00f3n a entender y representar al pueblo con generosidad: nunca me van a ver buscando divisiones, eso es lo que quiere la derecha\u00bb, agreg\u00f3.<\/p>\n\n\n\n<p>\u201cEl peronismo sufri\u00f3 una gran derrota y est\u00e1 en un momento de reflexi\u00f3n. No dramaticemos: como dijo Cristina en su \u00faltimo documento, ac\u00e1 no sobra nadie\u201d, expres\u00f3 el Gobernador y subray\u00f3: \u201cMi opini\u00f3n sobre las cosas que se estuvieron discutiendo en los \u00faltimos d\u00edas es sencilla: unidad\u201d.<\/p>\n\n\n\n<p>En ese sentido, el mandatario bonaerense remarc\u00f3: \u201cDurante los 50 a\u00f1os que siguieron a la muerte de Per\u00f3n, el movimiento tuvo p\u00e1ginas m\u00e1s felices y otras no tanto: pero en el siglo XXI fueron N\u00e9stor y Cristina los que le devolvieron al peronismo la fuerza transformadora\u201d. \u201cLo hicieron d\u00e1ndole protagonismo a las masas populares, llevando en alto nuestros principios y demostrando que si la libertad avanza es solo de la mano de la igualdad y de la justicia social: sino, solo avanza la libertad de los ricos y de los privilegiados\u201d, explic\u00f3.<\/p>\n\n\n\n<p>Por \u00faltimo, Kicillof sostuvo: \u201cLos mejores d\u00edas siempre fueron peronistas: los m\u00e1s felices fueron con Cristina y los mejores tienen que estar en el futuro\u201d. \u201cQue a Milei le quede claro: la dignidad no es un negocio, la solidaridad no es una transacci\u00f3n, la libertad solo es posible con justicia social, la vida no es un mercado y la patria no se vende\u201d, concluy\u00f3.<\/p>\n\n\n\n<p>Estuvieron presentes miembros del gabinete provincial; intendentes e intendentas bonaerenses; diputados y diputadas nacionales; legisladores provinciales; referentes sindicales; representantes de movimientos sociales y estudiantiles; concejales y concejalas.<\/p>\n","protected":false},"excerpt":{"rendered":"<p>\u00abNo me interesa disputar ninguna interna, quiero colaborar en la construcci\u00f3n de una alternativa superadora: la \u00fanica pelea en la<\/p>\n","protected":false},"author":3,"featured_media":5482,"comment_status":"open","ping_status":"open","sticky":false,"template":"","format":"standard","meta":{"colormag_page_container_layout":"default_layout","colormag_page_sidebar_layout":"default_layout","footnotes":""},"categories":[7,1,14],"tags":[],"class_list":["post-5478","post","type-post","status-publish","format-standard","has-post-thumbnail","hentry","category-3ra-seccion","category-destacadas","category-politica"],"yoast_head":"<!-- This site is optimized with the Yoast SEO plugin v27.4 - https:\/\/yoast.com\/product\/yoast-seo-wordpress\/ -->\n<title>\u201cLa \u00fanica pelea que me interesa es contra las pol\u00edticas de Milei\u00bb - InfoPBA247<\/title>\n<meta name=\"robots\" content=\"index, follow, max-snippet:-1, max-image-preview:large, max-video-preview:-1\" \/>\n<link rel=\"canonical\" href=\"https:\/\/infopba247.com.ar\/index.php\/2024\/10\/18\/la-unica-pelea-que-me-interesa-es-contra-las-politicas-de-milei\/\" \/>\n<meta property=\"og:locale\" content=\"es_ES\" \/>\n<meta property=\"og:type\" content=\"article\" \/>\n<meta property=\"og:title\" content=\"\u201cLa \u00fanica pelea que me interesa es contra las pol\u00edticas de Milei\u00bb - InfoPBA247\" \/>\n<meta property=\"og:description\" content=\"\u00abNo me interesa disputar ninguna interna, quiero colaborar en la construcci\u00f3n de una alternativa superadora: la \u00fanica pelea en la\" \/>\n<meta property=\"og:url\" content=\"https:\/\/infopba247.com.ar\/index.php\/2024\/10\/18\/la-unica-pelea-que-me-interesa-es-contra-las-politicas-de-milei\/\" \/>\n<meta property=\"og:site_name\" content=\"InfoPBA247\" \/>\n<meta property=\"article:publisher\" content=\"https:\/\/www.facebook.com\/InfoPBA\" \/>\n<meta property=\"article:published_time\" content=\"2024-10-18T13:54:23+00:00\" \/>\n<meta property=\"article:modified_time\" content=\"2024-10-18T13:54:25+00:00\" \/>\n<meta property=\"og:image\" content=\"https:\/\/infopba247.com.ar\/wp-content\/uploads\/2024\/10\/IMG_3829-scaled.jpg\" \/>\n\t<meta property=\"og:image:width\" content=\"2560\" \/>\n\t<meta property=\"og:image:height\" content=\"1807\" \/>\n\t<meta property=\"og:image:type\" content=\"image\/jpeg\" \/>\n<meta name=\"author\" content=\"Editor\" \/>\n<meta name=\"twitter:card\" content=\"summary_large_image\" \/>\n<meta name=\"twitter:label1\" content=\"Escrito por\" \/>\n\t<meta name=\"twitter:data1\" content=\"Editor\" \/>\n\t<meta name=\"twitter:label2\" content=\"Tiempo de lectura\" \/>\n\t<meta name=\"twitter:data2\" content=\"3 minutos\" \/>\n<script type=\"application\/ld+json\" class=\"yoast-schema-graph\">{\"@context\":\"https:\\\/\\\/schema.org\",\"@graph\":[{\"@type\":\"Article\",\"@id\":\"https:\\\/\\\/infopba247.com.ar\\\/index.php\\\/2024\\\/10\\\/18\\\/la-unica-pelea-que-me-interesa-es-contra-las-politicas-de-milei\\\/#article\",\"isPartOf\":{\"@id\":\"https:\\\/\\\/infopba247.com.ar\\\/index.php\\\/2024\\\/10\\\/18\\\/la-unica-pelea-que-me-interesa-es-contra-las-politicas-de-milei\\\/\"},\"author\":{\"name\":\"Editor\",\"@id\":\"https:\\\/\\\/infopba247.com.ar\\\/#\\\/schema\\\/person\\\/4975f1343a413e57bf839b3eed0099f2\"},\"headline\":\"\u201cLa \u00fanica pelea que me interesa es contra las pol\u00edticas de Milei\u00bb\",\"datePublished\":\"2024-10-18T13:54:23+00:00\",\"dateModified\":\"2024-10-18T13:54:25+00:00\",\"mainEntityOfPage\":{\"@id\":\"https:\\\/\\\/infopba247.com.ar\\\/index.php\\\/2024\\\/10\\\/18\\\/la-unica-pelea-que-me-interesa-es-contra-las-politicas-de-milei\\\/\"},\"wordCount\":427,\"commentCount\":0,\"publisher\":{\"@id\":\"https:\\\/\\\/infopba247.com.ar\\\/#organization\"},\"image\":{\"@id\":\"https:\\\/\\\/infopba247.com.ar\\\/index.php\\\/2024\\\/10\\\/18\\\/la-unica-pelea-que-me-interesa-es-contra-las-politicas-de-milei\\\/#primaryimage\"},\"thumbnailUrl\":\"https:\\\/\\\/infopba247.com.ar\\\/wp-content\\\/uploads\\\/2024\\\/10\\\/IMG_3829-scaled.jpg\",\"articleSection\":[\"3ra Secci\u00f3n\",\"Destacadas\",\"Pol\u00edtica\"],\"inLanguage\":\"es\",\"potentialAction\":[{\"@type\":\"CommentAction\",\"name\":\"Comment\",\"target\":[\"https:\\\/\\\/infopba247.com.ar\\\/index.php\\\/2024\\\/10\\\/18\\\/la-unica-pelea-que-me-interesa-es-contra-las-politicas-de-milei\\\/#respond\"]}]},{\"@type\":\"WebPage\",\"@id\":\"https:\\\/\\\/infopba247.com.ar\\\/index.php\\\/2024\\\/10\\\/18\\\/la-unica-pelea-que-me-interesa-es-contra-las-politicas-de-milei\\\/\",\"url\":\"https:\\\/\\\/infopba247.com.ar\\\/index.php\\\/2024\\\/10\\\/18\\\/la-unica-pelea-que-me-interesa-es-contra-las-politicas-de-milei\\\/\",\"name\":\"\u201cLa \u00fanica pelea que me interesa es contra las pol\u00edticas de Milei\u00bb - InfoPBA247\",\"isPartOf\":{\"@id\":\"https:\\\/\\\/infopba247.com.ar\\\/#website\"},\"primaryImageOfPage\":{\"@id\":\"https:\\\/\\\/infopba247.com.ar\\\/index.php\\\/2024\\\/10\\\/18\\\/la-unica-pelea-que-me-interesa-es-contra-las-politicas-de-milei\\\/#primaryimage\"},\"image\":{\"@id\":\"https:\\\/\\\/infopba247.com.ar\\\/index.php\\\/2024\\\/10\\\/18\\\/la-unica-pelea-que-me-interesa-es-contra-las-politicas-de-milei\\\/#primaryimage\"},\"thumbnailUrl\":\"https:\\\/\\\/infopba247.com.ar\\\/wp-content\\\/uploads\\\/2024\\\/10\\\/IMG_3829-scaled.jpg\",\"datePublished\":\"2024-10-18T13:54:23+00:00\",\"dateModified\":\"2024-10-18T13:54:25+00:00\",\"breadcrumb\":{\"@id\":\"https:\\\/\\\/infopba247.com.ar\\\/index.php\\\/2024\\\/10\\\/18\\\/la-unica-pelea-que-me-interesa-es-contra-las-politicas-de-milei\\\/#breadcrumb\"},\"inLanguage\":\"es\",\"potentialAction\":[{\"@type\":\"ReadAction\",\"target\":[\"https:\\\/\\\/infopba247.com.ar\\\/index.php\\\/2024\\\/10\\\/18\\\/la-unica-pelea-que-me-interesa-es-contra-las-politicas-de-milei\\\/\"]}]},{\"@type\":\"ImageObject\",\"inLanguage\":\"es\",\"@id\":\"https:\\\/\\\/infopba247.com.ar\\\/index.php\\\/2024\\\/10\\\/18\\\/la-unica-pelea-que-me-interesa-es-contra-las-politicas-de-milei\\\/#primaryimage\",\"url\":\"https:\\\/\\\/infopba247.com.ar\\\/wp-content\\\/uploads\\\/2024\\\/10\\\/IMG_3829-scaled.jpg\",\"contentUrl\":\"https:\\\/\\\/infopba247.com.ar\\\/wp-content\\\/uploads\\\/2024\\\/10\\\/IMG_3829-scaled.jpg\",\"width\":2560,\"height\":1807},{\"@type\":\"BreadcrumbList\",\"@id\":\"https:\\\/\\\/infopba247.com.ar\\\/index.php\\\/2024\\\/10\\\/18\\\/la-unica-pelea-que-me-interesa-es-contra-las-politicas-de-milei\\\/#breadcrumb\",\"itemListElement\":[{\"@type\":\"ListItem\",\"position\":1,\"name\":\"Portada\",\"item\":\"https:\\\/\\\/infopba247.com.ar\\\/\"},{\"@type\":\"ListItem\",\"position\":2,\"name\":\"\u201cLa \u00fanica pelea que me interesa es contra las pol\u00edticas de Milei\u00bb\"}]},{\"@type\":\"WebSite\",\"@id\":\"https:\\\/\\\/infopba247.com.ar\\\/#website\",\"url\":\"https:\\\/\\\/infopba247.com.ar\\\/\",\"name\":\"InfoPBA247\",\"description\":\"Toda la actualidad bonaerense\",\"publisher\":{\"@id\":\"https:\\\/\\\/infopba247.com.ar\\\/#organization\"},\"potentialAction\":[{\"@type\":\"SearchAction\",\"target\":{\"@type\":\"EntryPoint\",\"urlTemplate\":\"https:\\\/\\\/infopba247.com.ar\\\/?s={search_term_string}\"},\"query-input\":{\"@type\":\"PropertyValueSpecification\",\"valueRequired\":true,\"valueName\":\"search_term_string\"}}],\"inLanguage\":\"es\"},{\"@type\":\"Organization\",\"@id\":\"https:\\\/\\\/infopba247.com.ar\\\/#organization\",\"name\":\"InfoPBA247\",\"url\":\"https:\\\/\\\/infopba247.com.ar\\\/\",\"logo\":{\"@type\":\"ImageObject\",\"inLanguage\":\"es\",\"@id\":\"https:\\\/\\\/infopba247.com.ar\\\/#\\\/schema\\\/logo\\\/image\\\/\",\"url\":\"https:\\\/\\\/infopba247.com.ar\\\/wp-content\\\/uploads\\\/2022\\\/03\\\/cropped-InfoPBA247-1.png\",\"contentUrl\":\"https:\\\/\\\/infopba247.com.ar\\\/wp-content\\\/uploads\\\/2022\\\/03\\\/cropped-InfoPBA247-1.png\",\"width\":500,\"height\":122,\"caption\":\"InfoPBA247\"},\"image\":{\"@id\":\"https:\\\/\\\/infopba247.com.ar\\\/#\\\/schema\\\/logo\\\/image\\\/\"},\"sameAs\":[\"https:\\\/\\\/www.facebook.com\\\/InfoPBA\"]},{\"@type\":\"Person\",\"@id\":\"https:\\\/\\\/infopba247.com.ar\\\/#\\\/schema\\\/person\\\/4975f1343a413e57bf839b3eed0099f2\",\"name\":\"Editor\",\"image\":{\"@type\":\"ImageObject\",\"inLanguage\":\"es\",\"@id\":\"https:\\\/\\\/secure.gravatar.com\\\/avatar\\\/d27fe9520667ca53441d36627a1d6b0fa4a813571ec4803687a7a3a7744685ac?s=96&d=mm&r=g\",\"url\":\"https:\\\/\\\/secure.gravatar.com\\\/avatar\\\/d27fe9520667ca53441d36627a1d6b0fa4a813571ec4803687a7a3a7744685ac?s=96&d=mm&r=g\",\"contentUrl\":\"https:\\\/\\\/secure.gravatar.com\\\/avatar\\\/d27fe9520667ca53441d36627a1d6b0fa4a813571ec4803687a7a3a7744685ac?s=96&d=mm&r=g\",\"caption\":\"Editor\"},\"url\":\"https:\\\/\\\/infopba247.com.ar\\\/index.php\\\/author\\\/editor\\\/\"}]}<\/script>\n<!-- \/ Yoast SEO plugin. -->","yoast_head_json":{"title":"\u201cLa \u00fanica pelea que me interesa es contra las pol\u00edticas de Milei\u00bb - InfoPBA247","robots":{"index":"index","follow":"follow","max-snippet":"max-snippet:-1","max-image-preview":"max-image-preview:large","max-video-preview":"max-video-preview:-1"},"canonical":"https:\/\/infopba247.com.ar\/index.php\/2024\/10\/18\/la-unica-pelea-que-me-interesa-es-contra-las-politicas-de-milei\/","og_locale":"es_ES","og_type":"article","og_title":"\u201cLa \u00fanica pelea que me interesa es contra las pol\u00edticas de Milei\u00bb - InfoPBA247","og_description":"\u00abNo me interesa disputar ninguna interna, quiero colaborar en la construcci\u00f3n de una alternativa superadora: la \u00fanica pelea en la","og_url":"https:\/\/infopba247.com.ar\/index.php\/2024\/10\/18\/la-unica-pelea-que-me-interesa-es-contra-las-politicas-de-milei\/","og_site_name":"InfoPBA247","article_publisher":"https:\/\/www.facebook.com\/InfoPBA","article_published_time":"2024-10-18T13:54:23+00:00","article_modified_time":"2024-10-18T13:54:25+00:00","og_image":[{"width":2560,"height":1807,"url":"https:\/\/infopba247.com.ar\/wp-content\/uploads\/2024\/10\/IMG_3829-scaled.jpg","type":"image\/jpeg"}],"author":"Editor","twitter_card":"summary_large_image","twitter_misc":{"Escrito por":"Editor","Tiempo de lectura":"3 minutos"},"schema":{"@context":"https:\/\/schema.org","@graph":[{"@type":"Article","@id":"https:\/\/infopba247.com.ar\/index.php\/2024\/10\/18\/la-unica-pelea-que-me-interesa-es-contra-las-politicas-de-milei\/#article","isPartOf":{"@id":"https:\/\/infopba247.com.ar\/index.php\/2024\/10\/18\/la-unica-pelea-que-me-interesa-es-contra-las-politicas-de-milei\/"},"author":{"name":"Editor","@id":"https:\/\/infopba247.com.ar\/#\/schema\/person\/4975f1343a413e57bf839b3eed0099f2"},"headline":"\u201cLa \u00fanica pelea que me interesa es contra las pol\u00edticas de Milei\u00bb","datePublished":"2024-10-18T13:54:23+00:00","dateModified":"2024-10-18T13:54:25+00:00","mainEntityOfPage":{"@id":"https:\/\/infopba247.com.ar\/index.php\/2024\/10\/18\/la-unica-pelea-que-me-interesa-es-contra-las-politicas-de-milei\/"},"wordCount":427,"commentCount":0,"publisher":{"@id":"https:\/\/infopba247.com.ar\/#organization"},"image":{"@id":"https:\/\/infopba247.com.ar\/index.php\/2024\/10\/18\/la-unica-pelea-que-me-interesa-es-contra-las-politicas-de-milei\/#primaryimage"},"thumbnailUrl":"https:\/\/infopba247.com.ar\/wp-content\/uploads\/2024\/10\/IMG_3829-scaled.jpg","articleSection":["3ra Secci\u00f3n","Destacadas","Pol\u00edtica"],"inLanguage":"es","potentialAction":[{"@type":"CommentAction","name":"Comment","target":["https:\/\/infopba247.com.ar\/index.php\/2024\/10\/18\/la-unica-pelea-que-me-interesa-es-contra-las-politicas-de-milei\/#respond"]}]},{"@type":"WebPage","@id":"https:\/\/infopba247.com.ar\/index.php\/2024\/10\/18\/la-unica-pelea-que-me-interesa-es-contra-las-politicas-de-milei\/","url":"https:\/\/infopba247.com.ar\/index.php\/2024\/10\/18\/la-unica-pelea-que-me-interesa-es-contra-las-politicas-de-milei\/","name":"\u201cLa \u00fanica pelea que me interesa es contra las pol\u00edticas de Milei\u00bb - InfoPBA247","isPartOf":{"@id":"https:\/\/infopba247.com.ar\/#website"},"primaryImageOfPage":{"@id":"https:\/\/infopba247.com.ar\/index.php\/2024\/10\/18\/la-unica-pelea-que-me-interesa-es-contra-las-politicas-de-milei\/#primaryimage"},"image":{"@id":"https:\/\/infopba247.com.ar\/index.php\/2024\/10\/18\/la-unica-pelea-que-me-interesa-es-contra-las-politicas-de-milei\/#primaryimage"},"thumbnailUrl":"https:\/\/infopba247.com.ar\/wp-content\/uploads\/2024\/10\/IMG_3829-scaled.jpg","datePublished":"2024-10-18T13:54:23+00:00","dateModified":"2024-10-18T13:54:25+00:00","breadcrumb":{"@id":"https:\/\/infopba247.com.ar\/index.php\/2024\/10\/18\/la-unica-pelea-que-me-interesa-es-contra-las-politicas-de-milei\/#breadcrumb"},"inLanguage":"es","potentialAction":[{"@type":"ReadAction","target":["https:\/\/infopba247.com.ar\/index.php\/2024\/10\/18\/la-unica-pelea-que-me-interesa-es-contra-las-politicas-de-milei\/"]}]},{"@type":"ImageObject","inLanguage":"es","@id":"https:\/\/infopba247.com.ar\/index.php\/2024\/10\/18\/la-unica-pelea-que-me-interesa-es-contra-las-politicas-de-milei\/#primaryimage","url":"https:\/\/infopba247.com.ar\/wp-content\/uploads\/2024\/10\/IMG_3829-scaled.jpg","contentUrl":"https:\/\/infopba247.com.ar\/wp-content\/uploads\/2024\/10\/IMG_3829-scaled.jpg","width":2560,"height":1807},{"@type":"BreadcrumbList","@id":"https:\/\/infopba247.com.ar\/index.php\/2024\/10\/18\/la-unica-pelea-que-me-interesa-es-contra-las-politicas-de-milei\/#breadcrumb","itemListElement":[{"@type":"ListItem","position":1,"name":"Portada","item":"https:\/\/infopba247.com.ar\/"},{"@type":"ListItem","position":2,"name":"\u201cLa \u00fanica pelea que me interesa es contra las pol\u00edticas de Milei\u00bb"}]},{"@type":"WebSite","@id":"https:\/\/infopba247.com.ar\/#website","url":"https:\/\/infopba247.com.ar\/","name":"InfoPBA247","description":"Toda la actualidad bonaerense","publisher":{"@id":"https:\/\/infopba247.com.ar\/#organization"},"potentialAction":[{"@type":"SearchAction","target":{"@type":"EntryPoint","urlTemplate":"https:\/\/infopba247.com.ar\/?s={search_term_string}"},"query-input":{"@type":"PropertyValueSpecification","valueRequired":true,"valueName":"search_term_string"}}],"inLanguage":"es"},{"@type":"Organization","@id":"https:\/\/infopba247.com.ar\/#organization","name":"InfoPBA247","url":"https:\/\/infopba247.com.ar\/","logo":{"@type":"ImageObject","inLanguage":"es","@id":"https:\/\/infopba247.com.ar\/#\/schema\/logo\/image\/","url":"https:\/\/infopba247.com.ar\/wp-content\/uploads\/2022\/03\/cropped-InfoPBA247-1.png","contentUrl":"https:\/\/infopba247.com.ar\/wp-content\/uploads\/2022\/03\/cropped-InfoPBA247-1.png","width":500,"height":122,"caption":"InfoPBA247"},"image":{"@id":"https:\/\/infopba247.com.ar\/#\/schema\/logo\/image\/"},"sameAs":["https:\/\/www.facebook.com\/InfoPBA"]},{"@type":"Person","@id":"https:\/\/infopba247.com.ar\/#\/schema\/person\/4975f1343a413e57bf839b3eed0099f2","name":"Editor","image":{"@type":"ImageObject","inLanguage":"es","@id":"https:\/\/secure.gravatar.com\/avatar\/d27fe9520667ca53441d36627a1d6b0fa4a813571ec4803687a7a3a7744685ac?s=96&d=mm&r=g","url":"https:\/\/secure.gravatar.com\/avatar\/d27fe9520667ca53441d36627a1d6b0fa4a813571ec4803687a7a3a7744685ac?s=96&d=mm&r=g","contentUrl":"https:\/\/secure.gravatar.com\/avatar\/d27fe9520667ca53441d36627a1d6b0fa4a813571ec4803687a7a3a7744685ac?s=96&d=mm&r=g","caption":"Editor"},"url":"https:\/\/infopba247.com.ar\/index.php\/author\/editor\/"}]}},"_links":{"self":[{"href":"https:\/\/infopba247.com.ar\/index.php\/wp-json\/wp\/v2\/posts\/5478","targetHints":{"allow":["GET"]}}],"collection":[{"href":"https:\/\/infopba247.com.ar\/index.php\/wp-json\/wp\/v2\/posts"}],"about":[{"href":"https:\/\/infopba247.com.ar\/index.php\/wp-json\/wp\/v2\/types\/post"}],"author":[{"embeddable":true,"href":"https:\/\/infopba247.com.ar\/index.php\/wp-json\/wp\/v2\/users\/3"}],"replies":[{"embeddable":true,"href":"https:\/\/infopba247.com.ar\/index.php\/wp-json\/wp\/v2\/comments?post=5478"}],"version-history":[{"count":1,"href":"https:\/\/infopba247.com.ar\/index.php\/wp-json\/wp\/v2\/posts\/5478\/revisions"}],"predecessor-version":[{"id":5483,"href":"https:\/\/infopba247.com.ar\/index.php\/wp-json\/wp\/v2\/posts\/5478\/revisions\/5483"}],"wp:featuredmedia":[{"embeddable":true,"href":"https:\/\/infopba247.com.ar\/index.php\/wp-json\/wp\/v2\/media\/5482"}],"wp:attachment":[{"href":"https:\/\/infopba247.com.ar\/index.php\/wp-json\/wp\/v2\/media?parent=5478"}],"wp:term":[{"taxonomy":"category","embeddable":true,"href":"https:\/\/infopba247.com.ar\/index.php\/wp-json\/wp\/v2\/categories?post=5478"},{"taxonomy":"post_tag","embeddable":true,"href":"https:\/\/infopba247.com.ar\/index.php\/wp-json\/wp\/v2\/tags?post=5478"}],"curies":[{"name":"wp","href":"https:\/\/api.w.org\/{rel}","templated":true}]}}