{"id":5400,"date":"2024-10-08T14:15:06","date_gmt":"2024-10-08T17:15:06","guid":{"rendered":"https:\/\/infopba247.com.ar\/?p=5400"},"modified":"2024-10-08T14:15:06","modified_gmt":"2024-10-08T17:15:06","slug":"la-plata-refuerza-la-prevencion-del-dengue-con-la-capacitacion-masiva-de-trabajadores-de-la-via-publica","status":"publish","type":"post","link":"https:\/\/infopba247.com.ar\/index.php\/2024\/10\/08\/la-plata-refuerza-la-prevencion-del-dengue-con-la-capacitacion-masiva-de-trabajadores-de-la-via-publica\/","title":{"rendered":"La Plata refuerza la prevenci\u00f3n del dengue con la capacitaci\u00f3n masiva de trabajadores de la v\u00eda p\u00fablica"},"content":{"rendered":"\n<p>La Municipalidad de La Plata brind\u00f3 una charla informativa y orientadora sobre prevenci\u00f3n del dengue a los m\u00e1s de 350 integrantes de las cooperativas de barrido que desarrollan tareas en la ciudad con el fin de informarlos sobre la enfermedad, los focos de reproducci\u00f3n de su vector y las recomendaciones para frenar su proliferaci\u00f3n.<\/p>\n\n\n\n<p>La iniciativa fue impulsada por la Secretaria General de la gesti\u00f3n del intendente Julio Alak con la colaboraci\u00f3n de la Secretar\u00eda de Salud como parte del plan municipal para combatir la enfermedad en la capital bonaerense. La actividad se desarroll\u00f3 en el Pasaje Dardo Rocha y fue de asistencia obligatoria.<\/p>\n\n\n\n<p>La capacitaci\u00f3n abord\u00f3 informaci\u00f3n general sobre el dengue y el mosquito transmisor Aedes aegypti, la manera de identificar posibles focos de reproducci\u00f3n del vector, la importancia de descacharrar para eliminarlos y las claves para prevenir la enfermedad, con el fin de que los trabajadores puedan transmit\u00edrselas a los vecinos y que estos puedan tomar medidas dentro en sus viviendas.<\/p>\n\n\n\n<p>En paralelo, la Municipalidad contin\u00faa capacitando a los trabajadores de todos los centros comunales del partido y concretando acciones en conjunto entre la Secretar\u00eda de Salud y las delegaciones con el foco puesto en el descacharreo.<\/p>\n\n\n\n<p>PLAN MUNICIPAL PARA COMBATIR EL DENGUE<\/p>\n\n\n\n<p>En concordancia con el Plan Bonaerense de Preparaci\u00f3n y Respuesta Frente al Dengue y otras Arbovirosis, el \u00faltimo martes el Municipio present\u00f3 su plan para anticipar y mitigar el impacto de la enfermedad durante el verano, con la idea de implementarlo durante todo el a\u00f1o con diferentes medidas seg\u00fan la estaci\u00f3n.<\/p>\n\n\n\n<p>La estrategia contempla la vigilancia epidemiol\u00f3gica, la comunicaci\u00f3n, el abordaje territorial y la atenci\u00f3n de los servicios de salud, cuatro ejes de acci\u00f3n que se trabajar\u00e1n de manera simult\u00e1nea y espec\u00edfica en las estaciones invernal, primaveral y estival-oto\u00f1al con el objetivo de formar un equipo de gesti\u00f3n capacitado e intersectorial.<\/p>\n\n\n\n<p>Como parte de la campa\u00f1a y para garantizar una respuesta amplia y efectiva, adem\u00e1s, se definir\u00e1n pol\u00edticas p\u00fablicas y estrategias globales de salud coordinadas con el Ministerio de Salud bonaerense, universidades, ONG, colegios profesionales, organizaciones sociales y sociedades cient\u00edficas.<\/p>\n\n\n\n<p>Asimismo, se crear\u00e1 una Mesa Municipal de Dengue que asegurar\u00e1 la implementaci\u00f3n de las medidas y articular\u00e1 la intervenci\u00f3n de todo el gabinete municipal y se implementar\u00e1 una Sala de Situaci\u00f3n de la Secretar\u00eda de Salud donde se recolectar\u00e1n y analizar\u00e1n los datos en tiempo real para monitorear la situaci\u00f3n epidemiol\u00f3gica que permitan tomar decisiones con inmediatez.<\/p>\n","protected":false},"excerpt":{"rendered":"<p>La Municipalidad de La Plata brind\u00f3 una charla informativa y orientadora sobre prevenci\u00f3n del dengue a los m\u00e1s de 350<\/p>\n","protected":false},"author":3,"featured_media":0,"comment_status":"open","ping_status":"open","sticky":false,"template":"","format":"standard","meta":{"colormag_page_container_layout":"default_layout","colormag_page_sidebar_layout":"default_layout","footnotes":""},"categories":[12,1,14],"tags":[],"class_list":["post-5400","post","type-post","status-publish","format-standard","hentry","category-8va-seccion","category-destacadas","category-politica"],"yoast_head":"<!-- This site is optimized with the Yoast SEO plugin v27.4 - https:\/\/yoast.com\/product\/yoast-seo-wordpress\/ -->\n<title>La Plata refuerza la prevenci\u00f3n del dengue con la capacitaci\u00f3n masiva de trabajadores de la v\u00eda p\u00fablica - InfoPBA247<\/title>\n<meta name=\"robots\" content=\"index, follow, max-snippet:-1, max-image-preview:large, max-video-preview:-1\" \/>\n<link rel=\"canonical\" href=\"https:\/\/infopba247.com.ar\/index.php\/2024\/10\/08\/la-plata-refuerza-la-prevencion-del-dengue-con-la-capacitacion-masiva-de-trabajadores-de-la-via-publica\/\" \/>\n<meta property=\"og:locale\" content=\"es_ES\" \/>\n<meta property=\"og:type\" content=\"article\" \/>\n<meta property=\"og:title\" content=\"La Plata refuerza la prevenci\u00f3n del dengue con la capacitaci\u00f3n masiva de trabajadores de la v\u00eda p\u00fablica - InfoPBA247\" \/>\n<meta property=\"og:description\" content=\"La Municipalidad de La Plata brind\u00f3 una charla informativa y orientadora sobre prevenci\u00f3n del dengue a los m\u00e1s de 350\" \/>\n<meta property=\"og:url\" content=\"https:\/\/infopba247.com.ar\/index.php\/2024\/10\/08\/la-plata-refuerza-la-prevencion-del-dengue-con-la-capacitacion-masiva-de-trabajadores-de-la-via-publica\/\" \/>\n<meta property=\"og:site_name\" content=\"InfoPBA247\" \/>\n<meta property=\"article:publisher\" content=\"https:\/\/www.facebook.com\/InfoPBA\" \/>\n<meta property=\"article:published_time\" content=\"2024-10-08T17:15:06+00:00\" \/>\n<meta name=\"author\" content=\"Editor\" \/>\n<meta name=\"twitter:card\" content=\"summary_large_image\" \/>\n<meta name=\"twitter:label1\" content=\"Escrito por\" \/>\n\t<meta name=\"twitter:data1\" content=\"Editor\" \/>\n\t<meta name=\"twitter:label2\" content=\"Tiempo de lectura\" \/>\n\t<meta name=\"twitter:data2\" content=\"2 minutos\" \/>\n<script type=\"application\/ld+json\" class=\"yoast-schema-graph\">{\"@context\":\"https:\\\/\\\/schema.org\",\"@graph\":[{\"@type\":\"Article\",\"@id\":\"https:\\\/\\\/infopba247.com.ar\\\/index.php\\\/2024\\\/10\\\/08\\\/la-plata-refuerza-la-prevencion-del-dengue-con-la-capacitacion-masiva-de-trabajadores-de-la-via-publica\\\/#article\",\"isPartOf\":{\"@id\":\"https:\\\/\\\/infopba247.com.ar\\\/index.php\\\/2024\\\/10\\\/08\\\/la-plata-refuerza-la-prevencion-del-dengue-con-la-capacitacion-masiva-de-trabajadores-de-la-via-publica\\\/\"},\"author\":{\"name\":\"Editor\",\"@id\":\"https:\\\/\\\/infopba247.com.ar\\\/#\\\/schema\\\/person\\\/4975f1343a413e57bf839b3eed0099f2\"},\"headline\":\"La Plata refuerza la prevenci\u00f3n del dengue con la capacitaci\u00f3n masiva de trabajadores de la v\u00eda p\u00fablica\",\"datePublished\":\"2024-10-08T17:15:06+00:00\",\"mainEntityOfPage\":{\"@id\":\"https:\\\/\\\/infopba247.com.ar\\\/index.php\\\/2024\\\/10\\\/08\\\/la-plata-refuerza-la-prevencion-del-dengue-con-la-capacitacion-masiva-de-trabajadores-de-la-via-publica\\\/\"},\"wordCount\":462,\"commentCount\":0,\"publisher\":{\"@id\":\"https:\\\/\\\/infopba247.com.ar\\\/#organization\"},\"articleSection\":[\"8va Secci\u00f3n\",\"Destacadas\",\"Pol\u00edtica\"],\"inLanguage\":\"es\",\"potentialAction\":[{\"@type\":\"CommentAction\",\"name\":\"Comment\",\"target\":[\"https:\\\/\\\/infopba247.com.ar\\\/index.php\\\/2024\\\/10\\\/08\\\/la-plata-refuerza-la-prevencion-del-dengue-con-la-capacitacion-masiva-de-trabajadores-de-la-via-publica\\\/#respond\"]}]},{\"@type\":\"WebPage\",\"@id\":\"https:\\\/\\\/infopba247.com.ar\\\/index.php\\\/2024\\\/10\\\/08\\\/la-plata-refuerza-la-prevencion-del-dengue-con-la-capacitacion-masiva-de-trabajadores-de-la-via-publica\\\/\",\"url\":\"https:\\\/\\\/infopba247.com.ar\\\/index.php\\\/2024\\\/10\\\/08\\\/la-plata-refuerza-la-prevencion-del-dengue-con-la-capacitacion-masiva-de-trabajadores-de-la-via-publica\\\/\",\"name\":\"La Plata refuerza la prevenci\u00f3n del dengue con la capacitaci\u00f3n masiva de trabajadores de la v\u00eda p\u00fablica - InfoPBA247\",\"isPartOf\":{\"@id\":\"https:\\\/\\\/infopba247.com.ar\\\/#website\"},\"datePublished\":\"2024-10-08T17:15:06+00:00\",\"breadcrumb\":{\"@id\":\"https:\\\/\\\/infopba247.com.ar\\\/index.php\\\/2024\\\/10\\\/08\\\/la-plata-refuerza-la-prevencion-del-dengue-con-la-capacitacion-masiva-de-trabajadores-de-la-via-publica\\\/#breadcrumb\"},\"inLanguage\":\"es\",\"potentialAction\":[{\"@type\":\"ReadAction\",\"target\":[\"https:\\\/\\\/infopba247.com.ar\\\/index.php\\\/2024\\\/10\\\/08\\\/la-plata-refuerza-la-prevencion-del-dengue-con-la-capacitacion-masiva-de-trabajadores-de-la-via-publica\\\/\"]}]},{\"@type\":\"BreadcrumbList\",\"@id\":\"https:\\\/\\\/infopba247.com.ar\\\/index.php\\\/2024\\\/10\\\/08\\\/la-plata-refuerza-la-prevencion-del-dengue-con-la-capacitacion-masiva-de-trabajadores-de-la-via-publica\\\/#breadcrumb\",\"itemListElement\":[{\"@type\":\"ListItem\",\"position\":1,\"name\":\"Portada\",\"item\":\"https:\\\/\\\/infopba247.com.ar\\\/\"},{\"@type\":\"ListItem\",\"position\":2,\"name\":\"La Plata refuerza la prevenci\u00f3n del dengue con la capacitaci\u00f3n masiva de trabajadores de la v\u00eda p\u00fablica\"}]},{\"@type\":\"WebSite\",\"@id\":\"https:\\\/\\\/infopba247.com.ar\\\/#website\",\"url\":\"https:\\\/\\\/infopba247.com.ar\\\/\",\"name\":\"InfoPBA247\",\"description\":\"Toda la actualidad bonaerense\",\"publisher\":{\"@id\":\"https:\\\/\\\/infopba247.com.ar\\\/#organization\"},\"potentialAction\":[{\"@type\":\"SearchAction\",\"target\":{\"@type\":\"EntryPoint\",\"urlTemplate\":\"https:\\\/\\\/infopba247.com.ar\\\/?s={search_term_string}\"},\"query-input\":{\"@type\":\"PropertyValueSpecification\",\"valueRequired\":true,\"valueName\":\"search_term_string\"}}],\"inLanguage\":\"es\"},{\"@type\":\"Organization\",\"@id\":\"https:\\\/\\\/infopba247.com.ar\\\/#organization\",\"name\":\"InfoPBA247\",\"url\":\"https:\\\/\\\/infopba247.com.ar\\\/\",\"logo\":{\"@type\":\"ImageObject\",\"inLanguage\":\"es\",\"@id\":\"https:\\\/\\\/infopba247.com.ar\\\/#\\\/schema\\\/logo\\\/image\\\/\",\"url\":\"https:\\\/\\\/infopba247.com.ar\\\/wp-content\\\/uploads\\\/2022\\\/03\\\/cropped-InfoPBA247-1.png\",\"contentUrl\":\"https:\\\/\\\/infopba247.com.ar\\\/wp-content\\\/uploads\\\/2022\\\/03\\\/cropped-InfoPBA247-1.png\",\"width\":500,\"height\":122,\"caption\":\"InfoPBA247\"},\"image\":{\"@id\":\"https:\\\/\\\/infopba247.com.ar\\\/#\\\/schema\\\/logo\\\/image\\\/\"},\"sameAs\":[\"https:\\\/\\\/www.facebook.com\\\/InfoPBA\"]},{\"@type\":\"Person\",\"@id\":\"https:\\\/\\\/infopba247.com.ar\\\/#\\\/schema\\\/person\\\/4975f1343a413e57bf839b3eed0099f2\",\"name\":\"Editor\",\"image\":{\"@type\":\"ImageObject\",\"inLanguage\":\"es\",\"@id\":\"https:\\\/\\\/secure.gravatar.com\\\/avatar\\\/d27fe9520667ca53441d36627a1d6b0fa4a813571ec4803687a7a3a7744685ac?s=96&d=mm&r=g\",\"url\":\"https:\\\/\\\/secure.gravatar.com\\\/avatar\\\/d27fe9520667ca53441d36627a1d6b0fa4a813571ec4803687a7a3a7744685ac?s=96&d=mm&r=g\",\"contentUrl\":\"https:\\\/\\\/secure.gravatar.com\\\/avatar\\\/d27fe9520667ca53441d36627a1d6b0fa4a813571ec4803687a7a3a7744685ac?s=96&d=mm&r=g\",\"caption\":\"Editor\"},\"url\":\"https:\\\/\\\/infopba247.com.ar\\\/index.php\\\/author\\\/editor\\\/\"}]}<\/script>\n<!-- \/ Yoast SEO plugin. -->","yoast_head_json":{"title":"La Plata refuerza la prevenci\u00f3n del dengue con la capacitaci\u00f3n masiva de trabajadores de la v\u00eda p\u00fablica - InfoPBA247","robots":{"index":"index","follow":"follow","max-snippet":"max-snippet:-1","max-image-preview":"max-image-preview:large","max-video-preview":"max-video-preview:-1"},"canonical":"https:\/\/infopba247.com.ar\/index.php\/2024\/10\/08\/la-plata-refuerza-la-prevencion-del-dengue-con-la-capacitacion-masiva-de-trabajadores-de-la-via-publica\/","og_locale":"es_ES","og_type":"article","og_title":"La Plata refuerza la prevenci\u00f3n del dengue con la capacitaci\u00f3n masiva de trabajadores de la v\u00eda p\u00fablica - InfoPBA247","og_description":"La Municipalidad de La Plata brind\u00f3 una charla informativa y orientadora sobre prevenci\u00f3n del dengue a los m\u00e1s de 350","og_url":"https:\/\/infopba247.com.ar\/index.php\/2024\/10\/08\/la-plata-refuerza-la-prevencion-del-dengue-con-la-capacitacion-masiva-de-trabajadores-de-la-via-publica\/","og_site_name":"InfoPBA247","article_publisher":"https:\/\/www.facebook.com\/InfoPBA","article_published_time":"2024-10-08T17:15:06+00:00","author":"Editor","twitter_card":"summary_large_image","twitter_misc":{"Escrito por":"Editor","Tiempo de lectura":"2 minutos"},"schema":{"@context":"https:\/\/schema.org","@graph":[{"@type":"Article","@id":"https:\/\/infopba247.com.ar\/index.php\/2024\/10\/08\/la-plata-refuerza-la-prevencion-del-dengue-con-la-capacitacion-masiva-de-trabajadores-de-la-via-publica\/#article","isPartOf":{"@id":"https:\/\/infopba247.com.ar\/index.php\/2024\/10\/08\/la-plata-refuerza-la-prevencion-del-dengue-con-la-capacitacion-masiva-de-trabajadores-de-la-via-publica\/"},"author":{"name":"Editor","@id":"https:\/\/infopba247.com.ar\/#\/schema\/person\/4975f1343a413e57bf839b3eed0099f2"},"headline":"La Plata refuerza la prevenci\u00f3n del dengue con la capacitaci\u00f3n masiva de trabajadores de la v\u00eda p\u00fablica","datePublished":"2024-10-08T17:15:06+00:00","mainEntityOfPage":{"@id":"https:\/\/infopba247.com.ar\/index.php\/2024\/10\/08\/la-plata-refuerza-la-prevencion-del-dengue-con-la-capacitacion-masiva-de-trabajadores-de-la-via-publica\/"},"wordCount":462,"commentCount":0,"publisher":{"@id":"https:\/\/infopba247.com.ar\/#organization"},"articleSection":["8va Secci\u00f3n","Destacadas","Pol\u00edtica"],"inLanguage":"es","potentialAction":[{"@type":"CommentAction","name":"Comment","target":["https:\/\/infopba247.com.ar\/index.php\/2024\/10\/08\/la-plata-refuerza-la-prevencion-del-dengue-con-la-capacitacion-masiva-de-trabajadores-de-la-via-publica\/#respond"]}]},{"@type":"WebPage","@id":"https:\/\/infopba247.com.ar\/index.php\/2024\/10\/08\/la-plata-refuerza-la-prevencion-del-dengue-con-la-capacitacion-masiva-de-trabajadores-de-la-via-publica\/","url":"https:\/\/infopba247.com.ar\/index.php\/2024\/10\/08\/la-plata-refuerza-la-prevencion-del-dengue-con-la-capacitacion-masiva-de-trabajadores-de-la-via-publica\/","name":"La Plata refuerza la prevenci\u00f3n del dengue con la capacitaci\u00f3n masiva de trabajadores de la v\u00eda p\u00fablica - InfoPBA247","isPartOf":{"@id":"https:\/\/infopba247.com.ar\/#website"},"datePublished":"2024-10-08T17:15:06+00:00","breadcrumb":{"@id":"https:\/\/infopba247.com.ar\/index.php\/2024\/10\/08\/la-plata-refuerza-la-prevencion-del-dengue-con-la-capacitacion-masiva-de-trabajadores-de-la-via-publica\/#breadcrumb"},"inLanguage":"es","potentialAction":[{"@type":"ReadAction","target":["https:\/\/infopba247.com.ar\/index.php\/2024\/10\/08\/la-plata-refuerza-la-prevencion-del-dengue-con-la-capacitacion-masiva-de-trabajadores-de-la-via-publica\/"]}]},{"@type":"BreadcrumbList","@id":"https:\/\/infopba247.com.ar\/index.php\/2024\/10\/08\/la-plata-refuerza-la-prevencion-del-dengue-con-la-capacitacion-masiva-de-trabajadores-de-la-via-publica\/#breadcrumb","itemListElement":[{"@type":"ListItem","position":1,"name":"Portada","item":"https:\/\/infopba247.com.ar\/"},{"@type":"ListItem","position":2,"name":"La Plata refuerza la prevenci\u00f3n del dengue con la capacitaci\u00f3n masiva de trabajadores de la v\u00eda p\u00fablica"}]},{"@type":"WebSite","@id":"https:\/\/infopba247.com.ar\/#website","url":"https:\/\/infopba247.com.ar\/","name":"InfoPBA247","description":"Toda la actualidad bonaerense","publisher":{"@id":"https:\/\/infopba247.com.ar\/#organization"},"potentialAction":[{"@type":"SearchAction","target":{"@type":"EntryPoint","urlTemplate":"https:\/\/infopba247.com.ar\/?s={search_term_string}"},"query-input":{"@type":"PropertyValueSpecification","valueRequired":true,"valueName":"search_term_string"}}],"inLanguage":"es"},{"@type":"Organization","@id":"https:\/\/infopba247.com.ar\/#organization","name":"InfoPBA247","url":"https:\/\/infopba247.com.ar\/","logo":{"@type":"ImageObject","inLanguage":"es","@id":"https:\/\/infopba247.com.ar\/#\/schema\/logo\/image\/","url":"https:\/\/infopba247.com.ar\/wp-content\/uploads\/2022\/03\/cropped-InfoPBA247-1.png","contentUrl":"https:\/\/infopba247.com.ar\/wp-content\/uploads\/2022\/03\/cropped-InfoPBA247-1.png","width":500,"height":122,"caption":"InfoPBA247"},"image":{"@id":"https:\/\/infopba247.com.ar\/#\/schema\/logo\/image\/"},"sameAs":["https:\/\/www.facebook.com\/InfoPBA"]},{"@type":"Person","@id":"https:\/\/infopba247.com.ar\/#\/schema\/person\/4975f1343a413e57bf839b3eed0099f2","name":"Editor","image":{"@type":"ImageObject","inLanguage":"es","@id":"https:\/\/secure.gravatar.com\/avatar\/d27fe9520667ca53441d36627a1d6b0fa4a813571ec4803687a7a3a7744685ac?s=96&d=mm&r=g","url":"https:\/\/secure.gravatar.com\/avatar\/d27fe9520667ca53441d36627a1d6b0fa4a813571ec4803687a7a3a7744685ac?s=96&d=mm&r=g","contentUrl":"https:\/\/secure.gravatar.com\/avatar\/d27fe9520667ca53441d36627a1d6b0fa4a813571ec4803687a7a3a7744685ac?s=96&d=mm&r=g","caption":"Editor"},"url":"https:\/\/infopba247.com.ar\/index.php\/author\/editor\/"}]}},"_links":{"self":[{"href":"https:\/\/infopba247.com.ar\/index.php\/wp-json\/wp\/v2\/posts\/5400","targetHints":{"allow":["GET"]}}],"collection":[{"href":"https:\/\/infopba247.com.ar\/index.php\/wp-json\/wp\/v2\/posts"}],"about":[{"href":"https:\/\/infopba247.com.ar\/index.php\/wp-json\/wp\/v2\/types\/post"}],"author":[{"embeddable":true,"href":"https:\/\/infopba247.com.ar\/index.php\/wp-json\/wp\/v2\/users\/3"}],"replies":[{"embeddable":true,"href":"https:\/\/infopba247.com.ar\/index.php\/wp-json\/wp\/v2\/comments?post=5400"}],"version-history":[{"count":1,"href":"https:\/\/infopba247.com.ar\/index.php\/wp-json\/wp\/v2\/posts\/5400\/revisions"}],"predecessor-version":[{"id":5401,"href":"https:\/\/infopba247.com.ar\/index.php\/wp-json\/wp\/v2\/posts\/5400\/revisions\/5401"}],"wp:attachment":[{"href":"https:\/\/infopba247.com.ar\/index.php\/wp-json\/wp\/v2\/media?parent=5400"}],"wp:term":[{"taxonomy":"category","embeddable":true,"href":"https:\/\/infopba247.com.ar\/index.php\/wp-json\/wp\/v2\/categories?post=5400"},{"taxonomy":"post_tag","embeddable":true,"href":"https:\/\/infopba247.com.ar\/index.php\/wp-json\/wp\/v2\/tags?post=5400"}],"curies":[{"name":"wp","href":"https:\/\/api.w.org\/{rel}","templated":true}]}}