{"id":5383,"date":"2024-10-07T11:05:33","date_gmt":"2024-10-07T14:05:33","guid":{"rendered":"https:\/\/infopba247.com.ar\/?p=5383"},"modified":"2024-10-07T11:05:35","modified_gmt":"2024-10-07T14:05:35","slug":"el-nuevo-embajador-cultural-provincial-del-inmigrante-y-nacional-de-la-inmigracion-es-leandro-ponce-de-la-colectividad-bulgara","status":"publish","type":"post","link":"https:\/\/infopba247.com.ar\/index.php\/2024\/10\/07\/el-nuevo-embajador-cultural-provincial-del-inmigrante-y-nacional-de-la-inmigracion-es-leandro-ponce-de-la-colectividad-bulgara\/","title":{"rendered":"El nuevo Embajador Cultural Provincial del Inmigrante y Nacional de la Inmigraci\u00f3n es Leandro Ponce de la Colectividad B\u00falgara"},"content":{"rendered":"\n<p>El jurado encargado de elegir al nuevo embajador, estuvo integrado por la Lic. en Comunicaci\u00f3n Social, Paola Amor; el int\u00e9rprete de tango y folclore, Mario Centeno; la profesora de Danzas Folkl\u00f3ricas y Expresi\u00f3n Corporal por la Escuela de Danzas de la Provincia de Buenos Aires, Mar\u00eda Eugenia Peltzer; el maestro de dibujo, profesor de danzas folcl\u00f3ricas argentinas, cantante y actor Luis Podest\u00e1 y el bailar\u00edn de tango, maestro y asistente que se desempe\u00f1\u00f3 con figuras de tango como Mora Godoy, formado en danzas cl\u00e1sica, tango y folclore, Emanuel Rodr\u00edguez.<\/p>\n\n\n\n<p>El evento estuvo encabezado por el secretario de Gobierno, Mat\u00edas Slezack; el secretario de Seguridad, Federico Ruiz; la presidenta de la Asociaci\u00f3n de Entidades Extranjeras (AEE), \u00c1ngela Herrera; la Embajadora Cultural Martina Radziunas, el Embajador y el Vice Embajador Cultural hasta ese momento, Franco Luciano C\u00e9spedes y Walter Antonio Soraluz D\u00e1vila, respectivamente; y la Vice Embajadora Juliana Segurola, y el mejor compa\u00f1ero Ger\u00f3nimo Lamonega.<\/p>\n\n\n\n<p>Los representantes culturales que participaron y representaron a su colectividad, realizaron pasadas luciendo sus trajes t\u00edpicos, mostraron la danza y emitieron un mensaje a los presentes.<\/p>\n\n\n\n<p>Los candidatos a Embajador Provincial son: Iv\u00e1n Torossian (Armenia); Santiago Guevara (Belar\u00fas); Leandro Ponce (Bulgaria); Lautaro Rold\u00e1n (Eslovaquia); Joaqu\u00edn Dos Santos Desantis (Italia); Mateo Emmanuel Ocas (Per\u00fa) y Maximiliano Montiel (Portugal).<\/p>\n\n\n\n<p>Luego de la presentaci\u00f3n de los representantes culturales, el Embajador y Vice Embajador, Franco Luciano C\u00e9spedes y Walter Antonio Soraluz D\u00e1vila, respectivamente, mostraron su danza t\u00edpica.<\/p>\n\n\n\n<p>Cabe destacar que en la oportunidad tambi\u00e9n participaron los presidentes de las colectividades; integrantes de la Comisi\u00f3n de Representantes, familiares de las y los representantes, y funcionarios municipales.<\/p>\n","protected":false},"excerpt":{"rendered":"<p>El jurado encargado de elegir al nuevo embajador, estuvo integrado por la Lic. en Comunicaci\u00f3n Social, Paola Amor; el int\u00e9rprete<\/p>\n","protected":false},"author":3,"featured_media":5386,"comment_status":"open","ping_status":"open","sticky":false,"template":"","format":"standard","meta":{"colormag_page_container_layout":"default_layout","colormag_page_sidebar_layout":"default_layout","footnotes":""},"categories":[7,1,14],"tags":[],"class_list":["post-5383","post","type-post","status-publish","format-standard","has-post-thumbnail","hentry","category-3ra-seccion","category-destacadas","category-politica"],"yoast_head":"<!-- This site is optimized with the Yoast SEO plugin v27.4 - https:\/\/yoast.com\/product\/yoast-seo-wordpress\/ -->\n<title>El nuevo Embajador Cultural Provincial del Inmigrante y Nacional de la Inmigraci\u00f3n es Leandro Ponce de la Colectividad B\u00falgara - InfoPBA247<\/title>\n<meta name=\"robots\" content=\"index, follow, max-snippet:-1, max-image-preview:large, max-video-preview:-1\" \/>\n<link rel=\"canonical\" href=\"https:\/\/infopba247.com.ar\/index.php\/2024\/10\/07\/el-nuevo-embajador-cultural-provincial-del-inmigrante-y-nacional-de-la-inmigracion-es-leandro-ponce-de-la-colectividad-bulgara\/\" \/>\n<meta property=\"og:locale\" content=\"es_ES\" \/>\n<meta property=\"og:type\" content=\"article\" \/>\n<meta property=\"og:title\" content=\"El nuevo Embajador Cultural Provincial del Inmigrante y Nacional de la Inmigraci\u00f3n es Leandro Ponce de la Colectividad B\u00falgara - InfoPBA247\" \/>\n<meta property=\"og:description\" content=\"El jurado encargado de elegir al nuevo embajador, estuvo integrado por la Lic. en Comunicaci\u00f3n Social, Paola Amor; el int\u00e9rprete\" \/>\n<meta property=\"og:url\" content=\"https:\/\/infopba247.com.ar\/index.php\/2024\/10\/07\/el-nuevo-embajador-cultural-provincial-del-inmigrante-y-nacional-de-la-inmigracion-es-leandro-ponce-de-la-colectividad-bulgara\/\" \/>\n<meta property=\"og:site_name\" content=\"InfoPBA247\" \/>\n<meta property=\"article:publisher\" content=\"https:\/\/www.facebook.com\/InfoPBA\" \/>\n<meta property=\"article:published_time\" content=\"2024-10-07T14:05:33+00:00\" \/>\n<meta property=\"article:modified_time\" content=\"2024-10-07T14:05:35+00:00\" \/>\n<meta property=\"og:image\" content=\"https:\/\/infopba247.com.ar\/wp-content\/uploads\/2024\/10\/10-2.jpg\" \/>\n\t<meta property=\"og:image:width\" content=\"800\" \/>\n\t<meta property=\"og:image:height\" content=\"600\" \/>\n\t<meta property=\"og:image:type\" content=\"image\/jpeg\" \/>\n<meta name=\"author\" content=\"Editor\" \/>\n<meta name=\"twitter:card\" content=\"summary_large_image\" \/>\n<meta name=\"twitter:label1\" content=\"Escrito por\" \/>\n\t<meta name=\"twitter:data1\" content=\"Editor\" \/>\n\t<meta name=\"twitter:label2\" content=\"Tiempo de lectura\" \/>\n\t<meta name=\"twitter:data2\" content=\"2 minutos\" \/>\n<script type=\"application\/ld+json\" class=\"yoast-schema-graph\">{\"@context\":\"https:\\\/\\\/schema.org\",\"@graph\":[{\"@type\":\"Article\",\"@id\":\"https:\\\/\\\/infopba247.com.ar\\\/index.php\\\/2024\\\/10\\\/07\\\/el-nuevo-embajador-cultural-provincial-del-inmigrante-y-nacional-de-la-inmigracion-es-leandro-ponce-de-la-colectividad-bulgara\\\/#article\",\"isPartOf\":{\"@id\":\"https:\\\/\\\/infopba247.com.ar\\\/index.php\\\/2024\\\/10\\\/07\\\/el-nuevo-embajador-cultural-provincial-del-inmigrante-y-nacional-de-la-inmigracion-es-leandro-ponce-de-la-colectividad-bulgara\\\/\"},\"author\":{\"name\":\"Editor\",\"@id\":\"https:\\\/\\\/infopba247.com.ar\\\/#\\\/schema\\\/person\\\/4975f1343a413e57bf839b3eed0099f2\"},\"headline\":\"El nuevo Embajador Cultural Provincial del Inmigrante y Nacional de la Inmigraci\u00f3n es Leandro Ponce de la Colectividad B\u00falgara\",\"datePublished\":\"2024-10-07T14:05:33+00:00\",\"dateModified\":\"2024-10-07T14:05:35+00:00\",\"mainEntityOfPage\":{\"@id\":\"https:\\\/\\\/infopba247.com.ar\\\/index.php\\\/2024\\\/10\\\/07\\\/el-nuevo-embajador-cultural-provincial-del-inmigrante-y-nacional-de-la-inmigracion-es-leandro-ponce-de-la-colectividad-bulgara\\\/\"},\"wordCount\":311,\"commentCount\":0,\"publisher\":{\"@id\":\"https:\\\/\\\/infopba247.com.ar\\\/#organization\"},\"image\":{\"@id\":\"https:\\\/\\\/infopba247.com.ar\\\/index.php\\\/2024\\\/10\\\/07\\\/el-nuevo-embajador-cultural-provincial-del-inmigrante-y-nacional-de-la-inmigracion-es-leandro-ponce-de-la-colectividad-bulgara\\\/#primaryimage\"},\"thumbnailUrl\":\"https:\\\/\\\/infopba247.com.ar\\\/wp-content\\\/uploads\\\/2024\\\/10\\\/10-2.jpg\",\"articleSection\":[\"3ra Secci\u00f3n\",\"Destacadas\",\"Pol\u00edtica\"],\"inLanguage\":\"es\",\"potentialAction\":[{\"@type\":\"CommentAction\",\"name\":\"Comment\",\"target\":[\"https:\\\/\\\/infopba247.com.ar\\\/index.php\\\/2024\\\/10\\\/07\\\/el-nuevo-embajador-cultural-provincial-del-inmigrante-y-nacional-de-la-inmigracion-es-leandro-ponce-de-la-colectividad-bulgara\\\/#respond\"]}]},{\"@type\":\"WebPage\",\"@id\":\"https:\\\/\\\/infopba247.com.ar\\\/index.php\\\/2024\\\/10\\\/07\\\/el-nuevo-embajador-cultural-provincial-del-inmigrante-y-nacional-de-la-inmigracion-es-leandro-ponce-de-la-colectividad-bulgara\\\/\",\"url\":\"https:\\\/\\\/infopba247.com.ar\\\/index.php\\\/2024\\\/10\\\/07\\\/el-nuevo-embajador-cultural-provincial-del-inmigrante-y-nacional-de-la-inmigracion-es-leandro-ponce-de-la-colectividad-bulgara\\\/\",\"name\":\"El nuevo Embajador Cultural Provincial del Inmigrante y Nacional de la Inmigraci\u00f3n es Leandro Ponce de la Colectividad B\u00falgara - InfoPBA247\",\"isPartOf\":{\"@id\":\"https:\\\/\\\/infopba247.com.ar\\\/#website\"},\"primaryImageOfPage\":{\"@id\":\"https:\\\/\\\/infopba247.com.ar\\\/index.php\\\/2024\\\/10\\\/07\\\/el-nuevo-embajador-cultural-provincial-del-inmigrante-y-nacional-de-la-inmigracion-es-leandro-ponce-de-la-colectividad-bulgara\\\/#primaryimage\"},\"image\":{\"@id\":\"https:\\\/\\\/infopba247.com.ar\\\/index.php\\\/2024\\\/10\\\/07\\\/el-nuevo-embajador-cultural-provincial-del-inmigrante-y-nacional-de-la-inmigracion-es-leandro-ponce-de-la-colectividad-bulgara\\\/#primaryimage\"},\"thumbnailUrl\":\"https:\\\/\\\/infopba247.com.ar\\\/wp-content\\\/uploads\\\/2024\\\/10\\\/10-2.jpg\",\"datePublished\":\"2024-10-07T14:05:33+00:00\",\"dateModified\":\"2024-10-07T14:05:35+00:00\",\"breadcrumb\":{\"@id\":\"https:\\\/\\\/infopba247.com.ar\\\/index.php\\\/2024\\\/10\\\/07\\\/el-nuevo-embajador-cultural-provincial-del-inmigrante-y-nacional-de-la-inmigracion-es-leandro-ponce-de-la-colectividad-bulgara\\\/#breadcrumb\"},\"inLanguage\":\"es\",\"potentialAction\":[{\"@type\":\"ReadAction\",\"target\":[\"https:\\\/\\\/infopba247.com.ar\\\/index.php\\\/2024\\\/10\\\/07\\\/el-nuevo-embajador-cultural-provincial-del-inmigrante-y-nacional-de-la-inmigracion-es-leandro-ponce-de-la-colectividad-bulgara\\\/\"]}]},{\"@type\":\"ImageObject\",\"inLanguage\":\"es\",\"@id\":\"https:\\\/\\\/infopba247.com.ar\\\/index.php\\\/2024\\\/10\\\/07\\\/el-nuevo-embajador-cultural-provincial-del-inmigrante-y-nacional-de-la-inmigracion-es-leandro-ponce-de-la-colectividad-bulgara\\\/#primaryimage\",\"url\":\"https:\\\/\\\/infopba247.com.ar\\\/wp-content\\\/uploads\\\/2024\\\/10\\\/10-2.jpg\",\"contentUrl\":\"https:\\\/\\\/infopba247.com.ar\\\/wp-content\\\/uploads\\\/2024\\\/10\\\/10-2.jpg\",\"width\":800,\"height\":600},{\"@type\":\"BreadcrumbList\",\"@id\":\"https:\\\/\\\/infopba247.com.ar\\\/index.php\\\/2024\\\/10\\\/07\\\/el-nuevo-embajador-cultural-provincial-del-inmigrante-y-nacional-de-la-inmigracion-es-leandro-ponce-de-la-colectividad-bulgara\\\/#breadcrumb\",\"itemListElement\":[{\"@type\":\"ListItem\",\"position\":1,\"name\":\"Portada\",\"item\":\"https:\\\/\\\/infopba247.com.ar\\\/\"},{\"@type\":\"ListItem\",\"position\":2,\"name\":\"El nuevo Embajador Cultural Provincial del Inmigrante y Nacional de la Inmigraci\u00f3n es Leandro Ponce de la Colectividad B\u00falgara\"}]},{\"@type\":\"WebSite\",\"@id\":\"https:\\\/\\\/infopba247.com.ar\\\/#website\",\"url\":\"https:\\\/\\\/infopba247.com.ar\\\/\",\"name\":\"InfoPBA247\",\"description\":\"Toda la actualidad bonaerense\",\"publisher\":{\"@id\":\"https:\\\/\\\/infopba247.com.ar\\\/#organization\"},\"potentialAction\":[{\"@type\":\"SearchAction\",\"target\":{\"@type\":\"EntryPoint\",\"urlTemplate\":\"https:\\\/\\\/infopba247.com.ar\\\/?s={search_term_string}\"},\"query-input\":{\"@type\":\"PropertyValueSpecification\",\"valueRequired\":true,\"valueName\":\"search_term_string\"}}],\"inLanguage\":\"es\"},{\"@type\":\"Organization\",\"@id\":\"https:\\\/\\\/infopba247.com.ar\\\/#organization\",\"name\":\"InfoPBA247\",\"url\":\"https:\\\/\\\/infopba247.com.ar\\\/\",\"logo\":{\"@type\":\"ImageObject\",\"inLanguage\":\"es\",\"@id\":\"https:\\\/\\\/infopba247.com.ar\\\/#\\\/schema\\\/logo\\\/image\\\/\",\"url\":\"https:\\\/\\\/infopba247.com.ar\\\/wp-content\\\/uploads\\\/2022\\\/03\\\/cropped-InfoPBA247-1.png\",\"contentUrl\":\"https:\\\/\\\/infopba247.com.ar\\\/wp-content\\\/uploads\\\/2022\\\/03\\\/cropped-InfoPBA247-1.png\",\"width\":500,\"height\":122,\"caption\":\"InfoPBA247\"},\"image\":{\"@id\":\"https:\\\/\\\/infopba247.com.ar\\\/#\\\/schema\\\/logo\\\/image\\\/\"},\"sameAs\":[\"https:\\\/\\\/www.facebook.com\\\/InfoPBA\"]},{\"@type\":\"Person\",\"@id\":\"https:\\\/\\\/infopba247.com.ar\\\/#\\\/schema\\\/person\\\/4975f1343a413e57bf839b3eed0099f2\",\"name\":\"Editor\",\"image\":{\"@type\":\"ImageObject\",\"inLanguage\":\"es\",\"@id\":\"https:\\\/\\\/secure.gravatar.com\\\/avatar\\\/d27fe9520667ca53441d36627a1d6b0fa4a813571ec4803687a7a3a7744685ac?s=96&d=mm&r=g\",\"url\":\"https:\\\/\\\/secure.gravatar.com\\\/avatar\\\/d27fe9520667ca53441d36627a1d6b0fa4a813571ec4803687a7a3a7744685ac?s=96&d=mm&r=g\",\"contentUrl\":\"https:\\\/\\\/secure.gravatar.com\\\/avatar\\\/d27fe9520667ca53441d36627a1d6b0fa4a813571ec4803687a7a3a7744685ac?s=96&d=mm&r=g\",\"caption\":\"Editor\"},\"url\":\"https:\\\/\\\/infopba247.com.ar\\\/index.php\\\/author\\\/editor\\\/\"}]}<\/script>\n<!-- \/ Yoast SEO plugin. -->","yoast_head_json":{"title":"El nuevo Embajador Cultural Provincial del Inmigrante y Nacional de la Inmigraci\u00f3n es Leandro Ponce de la Colectividad B\u00falgara - InfoPBA247","robots":{"index":"index","follow":"follow","max-snippet":"max-snippet:-1","max-image-preview":"max-image-preview:large","max-video-preview":"max-video-preview:-1"},"canonical":"https:\/\/infopba247.com.ar\/index.php\/2024\/10\/07\/el-nuevo-embajador-cultural-provincial-del-inmigrante-y-nacional-de-la-inmigracion-es-leandro-ponce-de-la-colectividad-bulgara\/","og_locale":"es_ES","og_type":"article","og_title":"El nuevo Embajador Cultural Provincial del Inmigrante y Nacional de la Inmigraci\u00f3n es Leandro Ponce de la Colectividad B\u00falgara - InfoPBA247","og_description":"El jurado encargado de elegir al nuevo embajador, estuvo integrado por la Lic. en Comunicaci\u00f3n Social, Paola Amor; el int\u00e9rprete","og_url":"https:\/\/infopba247.com.ar\/index.php\/2024\/10\/07\/el-nuevo-embajador-cultural-provincial-del-inmigrante-y-nacional-de-la-inmigracion-es-leandro-ponce-de-la-colectividad-bulgara\/","og_site_name":"InfoPBA247","article_publisher":"https:\/\/www.facebook.com\/InfoPBA","article_published_time":"2024-10-07T14:05:33+00:00","article_modified_time":"2024-10-07T14:05:35+00:00","og_image":[{"width":800,"height":600,"url":"https:\/\/infopba247.com.ar\/wp-content\/uploads\/2024\/10\/10-2.jpg","type":"image\/jpeg"}],"author":"Editor","twitter_card":"summary_large_image","twitter_misc":{"Escrito por":"Editor","Tiempo de lectura":"2 minutos"},"schema":{"@context":"https:\/\/schema.org","@graph":[{"@type":"Article","@id":"https:\/\/infopba247.com.ar\/index.php\/2024\/10\/07\/el-nuevo-embajador-cultural-provincial-del-inmigrante-y-nacional-de-la-inmigracion-es-leandro-ponce-de-la-colectividad-bulgara\/#article","isPartOf":{"@id":"https:\/\/infopba247.com.ar\/index.php\/2024\/10\/07\/el-nuevo-embajador-cultural-provincial-del-inmigrante-y-nacional-de-la-inmigracion-es-leandro-ponce-de-la-colectividad-bulgara\/"},"author":{"name":"Editor","@id":"https:\/\/infopba247.com.ar\/#\/schema\/person\/4975f1343a413e57bf839b3eed0099f2"},"headline":"El nuevo Embajador Cultural Provincial del Inmigrante y Nacional de la Inmigraci\u00f3n es Leandro Ponce de la Colectividad B\u00falgara","datePublished":"2024-10-07T14:05:33+00:00","dateModified":"2024-10-07T14:05:35+00:00","mainEntityOfPage":{"@id":"https:\/\/infopba247.com.ar\/index.php\/2024\/10\/07\/el-nuevo-embajador-cultural-provincial-del-inmigrante-y-nacional-de-la-inmigracion-es-leandro-ponce-de-la-colectividad-bulgara\/"},"wordCount":311,"commentCount":0,"publisher":{"@id":"https:\/\/infopba247.com.ar\/#organization"},"image":{"@id":"https:\/\/infopba247.com.ar\/index.php\/2024\/10\/07\/el-nuevo-embajador-cultural-provincial-del-inmigrante-y-nacional-de-la-inmigracion-es-leandro-ponce-de-la-colectividad-bulgara\/#primaryimage"},"thumbnailUrl":"https:\/\/infopba247.com.ar\/wp-content\/uploads\/2024\/10\/10-2.jpg","articleSection":["3ra Secci\u00f3n","Destacadas","Pol\u00edtica"],"inLanguage":"es","potentialAction":[{"@type":"CommentAction","name":"Comment","target":["https:\/\/infopba247.com.ar\/index.php\/2024\/10\/07\/el-nuevo-embajador-cultural-provincial-del-inmigrante-y-nacional-de-la-inmigracion-es-leandro-ponce-de-la-colectividad-bulgara\/#respond"]}]},{"@type":"WebPage","@id":"https:\/\/infopba247.com.ar\/index.php\/2024\/10\/07\/el-nuevo-embajador-cultural-provincial-del-inmigrante-y-nacional-de-la-inmigracion-es-leandro-ponce-de-la-colectividad-bulgara\/","url":"https:\/\/infopba247.com.ar\/index.php\/2024\/10\/07\/el-nuevo-embajador-cultural-provincial-del-inmigrante-y-nacional-de-la-inmigracion-es-leandro-ponce-de-la-colectividad-bulgara\/","name":"El nuevo Embajador Cultural Provincial del Inmigrante y Nacional de la Inmigraci\u00f3n es Leandro Ponce de la Colectividad B\u00falgara - InfoPBA247","isPartOf":{"@id":"https:\/\/infopba247.com.ar\/#website"},"primaryImageOfPage":{"@id":"https:\/\/infopba247.com.ar\/index.php\/2024\/10\/07\/el-nuevo-embajador-cultural-provincial-del-inmigrante-y-nacional-de-la-inmigracion-es-leandro-ponce-de-la-colectividad-bulgara\/#primaryimage"},"image":{"@id":"https:\/\/infopba247.com.ar\/index.php\/2024\/10\/07\/el-nuevo-embajador-cultural-provincial-del-inmigrante-y-nacional-de-la-inmigracion-es-leandro-ponce-de-la-colectividad-bulgara\/#primaryimage"},"thumbnailUrl":"https:\/\/infopba247.com.ar\/wp-content\/uploads\/2024\/10\/10-2.jpg","datePublished":"2024-10-07T14:05:33+00:00","dateModified":"2024-10-07T14:05:35+00:00","breadcrumb":{"@id":"https:\/\/infopba247.com.ar\/index.php\/2024\/10\/07\/el-nuevo-embajador-cultural-provincial-del-inmigrante-y-nacional-de-la-inmigracion-es-leandro-ponce-de-la-colectividad-bulgara\/#breadcrumb"},"inLanguage":"es","potentialAction":[{"@type":"ReadAction","target":["https:\/\/infopba247.com.ar\/index.php\/2024\/10\/07\/el-nuevo-embajador-cultural-provincial-del-inmigrante-y-nacional-de-la-inmigracion-es-leandro-ponce-de-la-colectividad-bulgara\/"]}]},{"@type":"ImageObject","inLanguage":"es","@id":"https:\/\/infopba247.com.ar\/index.php\/2024\/10\/07\/el-nuevo-embajador-cultural-provincial-del-inmigrante-y-nacional-de-la-inmigracion-es-leandro-ponce-de-la-colectividad-bulgara\/#primaryimage","url":"https:\/\/infopba247.com.ar\/wp-content\/uploads\/2024\/10\/10-2.jpg","contentUrl":"https:\/\/infopba247.com.ar\/wp-content\/uploads\/2024\/10\/10-2.jpg","width":800,"height":600},{"@type":"BreadcrumbList","@id":"https:\/\/infopba247.com.ar\/index.php\/2024\/10\/07\/el-nuevo-embajador-cultural-provincial-del-inmigrante-y-nacional-de-la-inmigracion-es-leandro-ponce-de-la-colectividad-bulgara\/#breadcrumb","itemListElement":[{"@type":"ListItem","position":1,"name":"Portada","item":"https:\/\/infopba247.com.ar\/"},{"@type":"ListItem","position":2,"name":"El nuevo Embajador Cultural Provincial del Inmigrante y Nacional de la Inmigraci\u00f3n es Leandro Ponce de la Colectividad B\u00falgara"}]},{"@type":"WebSite","@id":"https:\/\/infopba247.com.ar\/#website","url":"https:\/\/infopba247.com.ar\/","name":"InfoPBA247","description":"Toda la actualidad bonaerense","publisher":{"@id":"https:\/\/infopba247.com.ar\/#organization"},"potentialAction":[{"@type":"SearchAction","target":{"@type":"EntryPoint","urlTemplate":"https:\/\/infopba247.com.ar\/?s={search_term_string}"},"query-input":{"@type":"PropertyValueSpecification","valueRequired":true,"valueName":"search_term_string"}}],"inLanguage":"es"},{"@type":"Organization","@id":"https:\/\/infopba247.com.ar\/#organization","name":"InfoPBA247","url":"https:\/\/infopba247.com.ar\/","logo":{"@type":"ImageObject","inLanguage":"es","@id":"https:\/\/infopba247.com.ar\/#\/schema\/logo\/image\/","url":"https:\/\/infopba247.com.ar\/wp-content\/uploads\/2022\/03\/cropped-InfoPBA247-1.png","contentUrl":"https:\/\/infopba247.com.ar\/wp-content\/uploads\/2022\/03\/cropped-InfoPBA247-1.png","width":500,"height":122,"caption":"InfoPBA247"},"image":{"@id":"https:\/\/infopba247.com.ar\/#\/schema\/logo\/image\/"},"sameAs":["https:\/\/www.facebook.com\/InfoPBA"]},{"@type":"Person","@id":"https:\/\/infopba247.com.ar\/#\/schema\/person\/4975f1343a413e57bf839b3eed0099f2","name":"Editor","image":{"@type":"ImageObject","inLanguage":"es","@id":"https:\/\/secure.gravatar.com\/avatar\/d27fe9520667ca53441d36627a1d6b0fa4a813571ec4803687a7a3a7744685ac?s=96&d=mm&r=g","url":"https:\/\/secure.gravatar.com\/avatar\/d27fe9520667ca53441d36627a1d6b0fa4a813571ec4803687a7a3a7744685ac?s=96&d=mm&r=g","contentUrl":"https:\/\/secure.gravatar.com\/avatar\/d27fe9520667ca53441d36627a1d6b0fa4a813571ec4803687a7a3a7744685ac?s=96&d=mm&r=g","caption":"Editor"},"url":"https:\/\/infopba247.com.ar\/index.php\/author\/editor\/"}]}},"_links":{"self":[{"href":"https:\/\/infopba247.com.ar\/index.php\/wp-json\/wp\/v2\/posts\/5383","targetHints":{"allow":["GET"]}}],"collection":[{"href":"https:\/\/infopba247.com.ar\/index.php\/wp-json\/wp\/v2\/posts"}],"about":[{"href":"https:\/\/infopba247.com.ar\/index.php\/wp-json\/wp\/v2\/types\/post"}],"author":[{"embeddable":true,"href":"https:\/\/infopba247.com.ar\/index.php\/wp-json\/wp\/v2\/users\/3"}],"replies":[{"embeddable":true,"href":"https:\/\/infopba247.com.ar\/index.php\/wp-json\/wp\/v2\/comments?post=5383"}],"version-history":[{"count":1,"href":"https:\/\/infopba247.com.ar\/index.php\/wp-json\/wp\/v2\/posts\/5383\/revisions"}],"predecessor-version":[{"id":5388,"href":"https:\/\/infopba247.com.ar\/index.php\/wp-json\/wp\/v2\/posts\/5383\/revisions\/5388"}],"wp:featuredmedia":[{"embeddable":true,"href":"https:\/\/infopba247.com.ar\/index.php\/wp-json\/wp\/v2\/media\/5386"}],"wp:attachment":[{"href":"https:\/\/infopba247.com.ar\/index.php\/wp-json\/wp\/v2\/media?parent=5383"}],"wp:term":[{"taxonomy":"category","embeddable":true,"href":"https:\/\/infopba247.com.ar\/index.php\/wp-json\/wp\/v2\/categories?post=5383"},{"taxonomy":"post_tag","embeddable":true,"href":"https:\/\/infopba247.com.ar\/index.php\/wp-json\/wp\/v2\/tags?post=5383"}],"curies":[{"name":"wp","href":"https:\/\/api.w.org\/{rel}","templated":true}]}}