{"id":5332,"date":"2024-09-30T11:57:40","date_gmt":"2024-09-30T14:57:40","guid":{"rendered":"https:\/\/infopba247.com.ar\/?p=5332"},"modified":"2024-09-30T11:57:41","modified_gmt":"2024-09-30T14:57:41","slug":"se-desarrollo-la-primera-jornada-de-la-47-fiesta-provincial-del-inmigrante","status":"publish","type":"post","link":"https:\/\/infopba247.com.ar\/index.php\/2024\/09\/30\/se-desarrollo-la-primera-jornada-de-la-47-fiesta-provincial-del-inmigrante\/","title":{"rendered":"Se desarroll\u00f3 la primera jornada de la 47\u00b0 Fiesta Provincial del Inmigrante"},"content":{"rendered":"\n<p>Este s\u00e1bado comenzaron las jornadas de festivales y patio de comidas t\u00edpicas de la 47\u00b0 Fiesta Provincial del Inmigrante en Berisso que organiza la Asociaci\u00f3n de Entidades Extranjeras (A.E.E.) y que cuenta con el auspicio de la Municipalidad de Berisso.<\/p>\n\n\n\n<p>La Carpa, que fue instalada en el Parque C\u00edvico, recibi\u00f3 a cientos de visitantes que recorrieron los stands de comidas t\u00edpicas y pudieron disfrutar de los ballets. Adem\u00e1s, la celebraci\u00f3n ofrece stands de productores, municipales, artesanos, instituciones y gastronom\u00eda en las inmediaciones a la carpa.<\/p>\n\n\n\n<p>Durante la jornada, se llev\u00f3 a cabo la presentaci\u00f3n de las y los Representantes Culturales Juveniles e Infantiles, y adem\u00e1s se realiz\u00f3 el acto formal de presentaci\u00f3n encabezado por el intendente Fabi\u00e1n Cagliardi.<\/p>\n\n\n\n<p>Asimismo, estuvieron presentes la presidenta de la Asociaci\u00f3n de Entidades Extranjeras (A.E.E.), Angela Herrera; el subsecretario de Pol\u00edticas Poblacionales de la Provincia de Buenos Aires, Lucas Castagneto; la Embajadora y Embajador de la Fiesta Provincial del Inmigrante y Nacional de la Inmigraci\u00f3n, Martina Radziunas y Franco C\u00e9spedes; la vice embajadora, Juliana Segurola y el vice embajador, Antonio Soraluz D\u00e1vila.<\/p>\n\n\n\n<p>Al respecto de este primer d\u00eda de festivales, el intendente Fabi\u00e1n Cagliardi, agradeci\u00f3 la presencia de los vecinos de Berisso y sus alrededores, y manifest\u00f3: \u201cComo intendente y como ciudadano me enorgullece ser parte de esta Fiesta, que sigue creciendo generaci\u00f3n tras generaci\u00f3n, y traspase las fronteras de nuestra ciudad\u201d. \u201cQuienes no son de Berisso vienen y se enamoran de esta celebraci\u00f3n, y ese es el objetivo principal\u201d.<\/p>\n\n\n\n<p>Durante la primera jornada se presentaron los ballets representantes de: Paraguay, Albania, Lituania, Alemania, Per\u00fa, Irlanda, Eslovaquia, Pa\u00edses \u00c1rabes, Italia, Bulgaria, y Espa\u00f1a.<\/p>\n\n\n\n<p>Luego del Show de Apertura, cerraron esta primera jornada los conjuntos Armenia (ballet invitado), Ucrania (ballet invitado), Belarus, Grecia, Croacia, Polonia y Yugoslavia.<\/p>\n\n\n\n<p>La Fiesta contin\u00faa el domingo 29 de septiembre desde el mediod\u00eda con la actuaci\u00f3n de los ballets que se detallan a continuaci\u00f3n.<\/p>\n\n\n\n<p>Cronograma del escenario<br>13:00&nbsp;&nbsp;&nbsp;&nbsp; ITALIA<br>13:25&nbsp;&nbsp;&nbsp;&nbsp; POLONIA<br>13:50&nbsp;&nbsp;&nbsp;&nbsp; INTERVALO<br>14:00&nbsp;&nbsp;&nbsp;&nbsp; PARAGUAY (BALLET INVITADO)<br>14:30&nbsp;&nbsp;&nbsp;&nbsp; CROACIA<br>14:55&nbsp;&nbsp;&nbsp;&nbsp; INTERVALO<br>15:00&nbsp;&nbsp;&nbsp;&nbsp; ESLOVAQUIA<br>15:25&nbsp;&nbsp;&nbsp;&nbsp; YUGOSLAVIA<br>15:50&nbsp;&nbsp;&nbsp;&nbsp; INTERVALO<br>16:00&nbsp;&nbsp;&nbsp;&nbsp; ARMENIA<br>16:25&nbsp;&nbsp;&nbsp;&nbsp; ALBANIA<br>16:50&nbsp;&nbsp;&nbsp;&nbsp; INTERVALO<br>17:00&nbsp;&nbsp;&nbsp;&nbsp; ALEMANIA<br>17:25&nbsp;&nbsp;&nbsp;&nbsp; BULGARIA<br>17:50&nbsp;&nbsp;&nbsp;&nbsp; INTERVALO<br>18:00&nbsp;&nbsp;&nbsp;&nbsp; BELARUS<br>18:25&nbsp;&nbsp;&nbsp;&nbsp; CABO VERDE<br>18:50&nbsp;&nbsp;&nbsp;&nbsp; INTERVALO<br>19:00&nbsp;&nbsp;&nbsp;&nbsp; ESPA\u00d1A<br>19:25&nbsp;&nbsp;&nbsp;&nbsp; UCRANIA<br>19:50&nbsp;&nbsp;&nbsp;&nbsp; INTERVALO<br>20:00&nbsp;&nbsp;&nbsp;&nbsp; GRECIA<br>20:25&nbsp;&nbsp;&nbsp;&nbsp; PORTUGAL<br>20:50&nbsp;&nbsp;&nbsp;&nbsp; INTERVALO<br>21:00&nbsp;&nbsp;&nbsp;&nbsp; LITUANIA<br>21:25&nbsp;&nbsp;&nbsp;&nbsp; PERU<br>21:50&nbsp;&nbsp;&nbsp;&nbsp; INTERVALO<br>22:00&nbsp;&nbsp;&nbsp;&nbsp; ARABE<br>22:25&nbsp;&nbsp;&nbsp;&nbsp; IRLANDA<\/p>\n","protected":false},"excerpt":{"rendered":"<p>Este s\u00e1bado comenzaron las jornadas de festivales y patio de comidas t\u00edpicas de la 47\u00b0 Fiesta Provincial del Inmigrante en<\/p>\n","protected":false},"author":3,"featured_media":5330,"comment_status":"open","ping_status":"open","sticky":false,"template":"","format":"standard","meta":{"colormag_page_container_layout":"default_layout","colormag_page_sidebar_layout":"default_layout","footnotes":""},"categories":[7,1,14],"tags":[],"class_list":["post-5332","post","type-post","status-publish","format-standard","has-post-thumbnail","hentry","category-3ra-seccion","category-destacadas","category-politica"],"yoast_head":"<!-- This site is optimized with the Yoast SEO plugin v27.4 - https:\/\/yoast.com\/product\/yoast-seo-wordpress\/ -->\n<title>Se desarroll\u00f3 la primera jornada de la 47\u00b0 Fiesta Provincial del Inmigrante - InfoPBA247<\/title>\n<meta name=\"robots\" content=\"index, follow, max-snippet:-1, max-image-preview:large, max-video-preview:-1\" \/>\n<link rel=\"canonical\" href=\"https:\/\/infopba247.com.ar\/index.php\/2024\/09\/30\/se-desarrollo-la-primera-jornada-de-la-47-fiesta-provincial-del-inmigrante\/\" \/>\n<meta property=\"og:locale\" content=\"es_ES\" \/>\n<meta property=\"og:type\" content=\"article\" \/>\n<meta property=\"og:title\" content=\"Se desarroll\u00f3 la primera jornada de la 47\u00b0 Fiesta Provincial del Inmigrante - InfoPBA247\" \/>\n<meta property=\"og:description\" content=\"Este s\u00e1bado comenzaron las jornadas de festivales y patio de comidas t\u00edpicas de la 47\u00b0 Fiesta Provincial del Inmigrante en\" \/>\n<meta property=\"og:url\" content=\"https:\/\/infopba247.com.ar\/index.php\/2024\/09\/30\/se-desarrollo-la-primera-jornada-de-la-47-fiesta-provincial-del-inmigrante\/\" \/>\n<meta property=\"og:site_name\" content=\"InfoPBA247\" \/>\n<meta property=\"article:publisher\" content=\"https:\/\/www.facebook.com\/InfoPBA\" \/>\n<meta property=\"article:published_time\" content=\"2024-09-30T14:57:40+00:00\" \/>\n<meta property=\"article:modified_time\" content=\"2024-09-30T14:57:41+00:00\" \/>\n<meta property=\"og:image\" content=\"https:\/\/infopba247.com.ar\/wp-content\/uploads\/2024\/09\/prin.jpg\" \/>\n\t<meta property=\"og:image:width\" content=\"800\" \/>\n\t<meta property=\"og:image:height\" content=\"600\" \/>\n\t<meta property=\"og:image:type\" content=\"image\/jpeg\" \/>\n<meta name=\"author\" content=\"Editor\" \/>\n<meta name=\"twitter:card\" content=\"summary_large_image\" \/>\n<meta name=\"twitter:label1\" content=\"Escrito por\" \/>\n\t<meta name=\"twitter:data1\" content=\"Editor\" \/>\n\t<meta name=\"twitter:label2\" content=\"Tiempo de lectura\" \/>\n\t<meta name=\"twitter:data2\" content=\"2 minutos\" \/>\n<script type=\"application\/ld+json\" class=\"yoast-schema-graph\">{\"@context\":\"https:\\\/\\\/schema.org\",\"@graph\":[{\"@type\":\"Article\",\"@id\":\"https:\\\/\\\/infopba247.com.ar\\\/index.php\\\/2024\\\/09\\\/30\\\/se-desarrollo-la-primera-jornada-de-la-47-fiesta-provincial-del-inmigrante\\\/#article\",\"isPartOf\":{\"@id\":\"https:\\\/\\\/infopba247.com.ar\\\/index.php\\\/2024\\\/09\\\/30\\\/se-desarrollo-la-primera-jornada-de-la-47-fiesta-provincial-del-inmigrante\\\/\"},\"author\":{\"name\":\"Editor\",\"@id\":\"https:\\\/\\\/infopba247.com.ar\\\/#\\\/schema\\\/person\\\/4975f1343a413e57bf839b3eed0099f2\"},\"headline\":\"Se desarroll\u00f3 la primera jornada de la 47\u00b0 Fiesta Provincial del Inmigrante\",\"datePublished\":\"2024-09-30T14:57:40+00:00\",\"dateModified\":\"2024-09-30T14:57:41+00:00\",\"mainEntityOfPage\":{\"@id\":\"https:\\\/\\\/infopba247.com.ar\\\/index.php\\\/2024\\\/09\\\/30\\\/se-desarrollo-la-primera-jornada-de-la-47-fiesta-provincial-del-inmigrante\\\/\"},\"wordCount\":506,\"commentCount\":0,\"publisher\":{\"@id\":\"https:\\\/\\\/infopba247.com.ar\\\/#organization\"},\"image\":{\"@id\":\"https:\\\/\\\/infopba247.com.ar\\\/index.php\\\/2024\\\/09\\\/30\\\/se-desarrollo-la-primera-jornada-de-la-47-fiesta-provincial-del-inmigrante\\\/#primaryimage\"},\"thumbnailUrl\":\"https:\\\/\\\/infopba247.com.ar\\\/wp-content\\\/uploads\\\/2024\\\/09\\\/prin.jpg\",\"articleSection\":[\"3ra Secci\u00f3n\",\"Destacadas\",\"Pol\u00edtica\"],\"inLanguage\":\"es\",\"potentialAction\":[{\"@type\":\"CommentAction\",\"name\":\"Comment\",\"target\":[\"https:\\\/\\\/infopba247.com.ar\\\/index.php\\\/2024\\\/09\\\/30\\\/se-desarrollo-la-primera-jornada-de-la-47-fiesta-provincial-del-inmigrante\\\/#respond\"]}]},{\"@type\":\"WebPage\",\"@id\":\"https:\\\/\\\/infopba247.com.ar\\\/index.php\\\/2024\\\/09\\\/30\\\/se-desarrollo-la-primera-jornada-de-la-47-fiesta-provincial-del-inmigrante\\\/\",\"url\":\"https:\\\/\\\/infopba247.com.ar\\\/index.php\\\/2024\\\/09\\\/30\\\/se-desarrollo-la-primera-jornada-de-la-47-fiesta-provincial-del-inmigrante\\\/\",\"name\":\"Se desarroll\u00f3 la primera jornada de la 47\u00b0 Fiesta Provincial del Inmigrante - InfoPBA247\",\"isPartOf\":{\"@id\":\"https:\\\/\\\/infopba247.com.ar\\\/#website\"},\"primaryImageOfPage\":{\"@id\":\"https:\\\/\\\/infopba247.com.ar\\\/index.php\\\/2024\\\/09\\\/30\\\/se-desarrollo-la-primera-jornada-de-la-47-fiesta-provincial-del-inmigrante\\\/#primaryimage\"},\"image\":{\"@id\":\"https:\\\/\\\/infopba247.com.ar\\\/index.php\\\/2024\\\/09\\\/30\\\/se-desarrollo-la-primera-jornada-de-la-47-fiesta-provincial-del-inmigrante\\\/#primaryimage\"},\"thumbnailUrl\":\"https:\\\/\\\/infopba247.com.ar\\\/wp-content\\\/uploads\\\/2024\\\/09\\\/prin.jpg\",\"datePublished\":\"2024-09-30T14:57:40+00:00\",\"dateModified\":\"2024-09-30T14:57:41+00:00\",\"breadcrumb\":{\"@id\":\"https:\\\/\\\/infopba247.com.ar\\\/index.php\\\/2024\\\/09\\\/30\\\/se-desarrollo-la-primera-jornada-de-la-47-fiesta-provincial-del-inmigrante\\\/#breadcrumb\"},\"inLanguage\":\"es\",\"potentialAction\":[{\"@type\":\"ReadAction\",\"target\":[\"https:\\\/\\\/infopba247.com.ar\\\/index.php\\\/2024\\\/09\\\/30\\\/se-desarrollo-la-primera-jornada-de-la-47-fiesta-provincial-del-inmigrante\\\/\"]}]},{\"@type\":\"ImageObject\",\"inLanguage\":\"es\",\"@id\":\"https:\\\/\\\/infopba247.com.ar\\\/index.php\\\/2024\\\/09\\\/30\\\/se-desarrollo-la-primera-jornada-de-la-47-fiesta-provincial-del-inmigrante\\\/#primaryimage\",\"url\":\"https:\\\/\\\/infopba247.com.ar\\\/wp-content\\\/uploads\\\/2024\\\/09\\\/prin.jpg\",\"contentUrl\":\"https:\\\/\\\/infopba247.com.ar\\\/wp-content\\\/uploads\\\/2024\\\/09\\\/prin.jpg\",\"width\":800,\"height\":600},{\"@type\":\"BreadcrumbList\",\"@id\":\"https:\\\/\\\/infopba247.com.ar\\\/index.php\\\/2024\\\/09\\\/30\\\/se-desarrollo-la-primera-jornada-de-la-47-fiesta-provincial-del-inmigrante\\\/#breadcrumb\",\"itemListElement\":[{\"@type\":\"ListItem\",\"position\":1,\"name\":\"Portada\",\"item\":\"https:\\\/\\\/infopba247.com.ar\\\/\"},{\"@type\":\"ListItem\",\"position\":2,\"name\":\"Se desarroll\u00f3 la primera jornada de la 47\u00b0 Fiesta Provincial del Inmigrante\"}]},{\"@type\":\"WebSite\",\"@id\":\"https:\\\/\\\/infopba247.com.ar\\\/#website\",\"url\":\"https:\\\/\\\/infopba247.com.ar\\\/\",\"name\":\"InfoPBA247\",\"description\":\"Toda la actualidad bonaerense\",\"publisher\":{\"@id\":\"https:\\\/\\\/infopba247.com.ar\\\/#organization\"},\"potentialAction\":[{\"@type\":\"SearchAction\",\"target\":{\"@type\":\"EntryPoint\",\"urlTemplate\":\"https:\\\/\\\/infopba247.com.ar\\\/?s={search_term_string}\"},\"query-input\":{\"@type\":\"PropertyValueSpecification\",\"valueRequired\":true,\"valueName\":\"search_term_string\"}}],\"inLanguage\":\"es\"},{\"@type\":\"Organization\",\"@id\":\"https:\\\/\\\/infopba247.com.ar\\\/#organization\",\"name\":\"InfoPBA247\",\"url\":\"https:\\\/\\\/infopba247.com.ar\\\/\",\"logo\":{\"@type\":\"ImageObject\",\"inLanguage\":\"es\",\"@id\":\"https:\\\/\\\/infopba247.com.ar\\\/#\\\/schema\\\/logo\\\/image\\\/\",\"url\":\"https:\\\/\\\/infopba247.com.ar\\\/wp-content\\\/uploads\\\/2022\\\/03\\\/cropped-InfoPBA247-1.png\",\"contentUrl\":\"https:\\\/\\\/infopba247.com.ar\\\/wp-content\\\/uploads\\\/2022\\\/03\\\/cropped-InfoPBA247-1.png\",\"width\":500,\"height\":122,\"caption\":\"InfoPBA247\"},\"image\":{\"@id\":\"https:\\\/\\\/infopba247.com.ar\\\/#\\\/schema\\\/logo\\\/image\\\/\"},\"sameAs\":[\"https:\\\/\\\/www.facebook.com\\\/InfoPBA\"]},{\"@type\":\"Person\",\"@id\":\"https:\\\/\\\/infopba247.com.ar\\\/#\\\/schema\\\/person\\\/4975f1343a413e57bf839b3eed0099f2\",\"name\":\"Editor\",\"image\":{\"@type\":\"ImageObject\",\"inLanguage\":\"es\",\"@id\":\"https:\\\/\\\/secure.gravatar.com\\\/avatar\\\/d27fe9520667ca53441d36627a1d6b0fa4a813571ec4803687a7a3a7744685ac?s=96&d=mm&r=g\",\"url\":\"https:\\\/\\\/secure.gravatar.com\\\/avatar\\\/d27fe9520667ca53441d36627a1d6b0fa4a813571ec4803687a7a3a7744685ac?s=96&d=mm&r=g\",\"contentUrl\":\"https:\\\/\\\/secure.gravatar.com\\\/avatar\\\/d27fe9520667ca53441d36627a1d6b0fa4a813571ec4803687a7a3a7744685ac?s=96&d=mm&r=g\",\"caption\":\"Editor\"},\"url\":\"https:\\\/\\\/infopba247.com.ar\\\/index.php\\\/author\\\/editor\\\/\"}]}<\/script>\n<!-- \/ Yoast SEO plugin. -->","yoast_head_json":{"title":"Se desarroll\u00f3 la primera jornada de la 47\u00b0 Fiesta Provincial del Inmigrante - InfoPBA247","robots":{"index":"index","follow":"follow","max-snippet":"max-snippet:-1","max-image-preview":"max-image-preview:large","max-video-preview":"max-video-preview:-1"},"canonical":"https:\/\/infopba247.com.ar\/index.php\/2024\/09\/30\/se-desarrollo-la-primera-jornada-de-la-47-fiesta-provincial-del-inmigrante\/","og_locale":"es_ES","og_type":"article","og_title":"Se desarroll\u00f3 la primera jornada de la 47\u00b0 Fiesta Provincial del Inmigrante - InfoPBA247","og_description":"Este s\u00e1bado comenzaron las jornadas de festivales y patio de comidas t\u00edpicas de la 47\u00b0 Fiesta Provincial del Inmigrante en","og_url":"https:\/\/infopba247.com.ar\/index.php\/2024\/09\/30\/se-desarrollo-la-primera-jornada-de-la-47-fiesta-provincial-del-inmigrante\/","og_site_name":"InfoPBA247","article_publisher":"https:\/\/www.facebook.com\/InfoPBA","article_published_time":"2024-09-30T14:57:40+00:00","article_modified_time":"2024-09-30T14:57:41+00:00","og_image":[{"width":800,"height":600,"url":"https:\/\/infopba247.com.ar\/wp-content\/uploads\/2024\/09\/prin.jpg","type":"image\/jpeg"}],"author":"Editor","twitter_card":"summary_large_image","twitter_misc":{"Escrito por":"Editor","Tiempo de lectura":"2 minutos"},"schema":{"@context":"https:\/\/schema.org","@graph":[{"@type":"Article","@id":"https:\/\/infopba247.com.ar\/index.php\/2024\/09\/30\/se-desarrollo-la-primera-jornada-de-la-47-fiesta-provincial-del-inmigrante\/#article","isPartOf":{"@id":"https:\/\/infopba247.com.ar\/index.php\/2024\/09\/30\/se-desarrollo-la-primera-jornada-de-la-47-fiesta-provincial-del-inmigrante\/"},"author":{"name":"Editor","@id":"https:\/\/infopba247.com.ar\/#\/schema\/person\/4975f1343a413e57bf839b3eed0099f2"},"headline":"Se desarroll\u00f3 la primera jornada de la 47\u00b0 Fiesta Provincial del Inmigrante","datePublished":"2024-09-30T14:57:40+00:00","dateModified":"2024-09-30T14:57:41+00:00","mainEntityOfPage":{"@id":"https:\/\/infopba247.com.ar\/index.php\/2024\/09\/30\/se-desarrollo-la-primera-jornada-de-la-47-fiesta-provincial-del-inmigrante\/"},"wordCount":506,"commentCount":0,"publisher":{"@id":"https:\/\/infopba247.com.ar\/#organization"},"image":{"@id":"https:\/\/infopba247.com.ar\/index.php\/2024\/09\/30\/se-desarrollo-la-primera-jornada-de-la-47-fiesta-provincial-del-inmigrante\/#primaryimage"},"thumbnailUrl":"https:\/\/infopba247.com.ar\/wp-content\/uploads\/2024\/09\/prin.jpg","articleSection":["3ra Secci\u00f3n","Destacadas","Pol\u00edtica"],"inLanguage":"es","potentialAction":[{"@type":"CommentAction","name":"Comment","target":["https:\/\/infopba247.com.ar\/index.php\/2024\/09\/30\/se-desarrollo-la-primera-jornada-de-la-47-fiesta-provincial-del-inmigrante\/#respond"]}]},{"@type":"WebPage","@id":"https:\/\/infopba247.com.ar\/index.php\/2024\/09\/30\/se-desarrollo-la-primera-jornada-de-la-47-fiesta-provincial-del-inmigrante\/","url":"https:\/\/infopba247.com.ar\/index.php\/2024\/09\/30\/se-desarrollo-la-primera-jornada-de-la-47-fiesta-provincial-del-inmigrante\/","name":"Se desarroll\u00f3 la primera jornada de la 47\u00b0 Fiesta Provincial del Inmigrante - InfoPBA247","isPartOf":{"@id":"https:\/\/infopba247.com.ar\/#website"},"primaryImageOfPage":{"@id":"https:\/\/infopba247.com.ar\/index.php\/2024\/09\/30\/se-desarrollo-la-primera-jornada-de-la-47-fiesta-provincial-del-inmigrante\/#primaryimage"},"image":{"@id":"https:\/\/infopba247.com.ar\/index.php\/2024\/09\/30\/se-desarrollo-la-primera-jornada-de-la-47-fiesta-provincial-del-inmigrante\/#primaryimage"},"thumbnailUrl":"https:\/\/infopba247.com.ar\/wp-content\/uploads\/2024\/09\/prin.jpg","datePublished":"2024-09-30T14:57:40+00:00","dateModified":"2024-09-30T14:57:41+00:00","breadcrumb":{"@id":"https:\/\/infopba247.com.ar\/index.php\/2024\/09\/30\/se-desarrollo-la-primera-jornada-de-la-47-fiesta-provincial-del-inmigrante\/#breadcrumb"},"inLanguage":"es","potentialAction":[{"@type":"ReadAction","target":["https:\/\/infopba247.com.ar\/index.php\/2024\/09\/30\/se-desarrollo-la-primera-jornada-de-la-47-fiesta-provincial-del-inmigrante\/"]}]},{"@type":"ImageObject","inLanguage":"es","@id":"https:\/\/infopba247.com.ar\/index.php\/2024\/09\/30\/se-desarrollo-la-primera-jornada-de-la-47-fiesta-provincial-del-inmigrante\/#primaryimage","url":"https:\/\/infopba247.com.ar\/wp-content\/uploads\/2024\/09\/prin.jpg","contentUrl":"https:\/\/infopba247.com.ar\/wp-content\/uploads\/2024\/09\/prin.jpg","width":800,"height":600},{"@type":"BreadcrumbList","@id":"https:\/\/infopba247.com.ar\/index.php\/2024\/09\/30\/se-desarrollo-la-primera-jornada-de-la-47-fiesta-provincial-del-inmigrante\/#breadcrumb","itemListElement":[{"@type":"ListItem","position":1,"name":"Portada","item":"https:\/\/infopba247.com.ar\/"},{"@type":"ListItem","position":2,"name":"Se desarroll\u00f3 la primera jornada de la 47\u00b0 Fiesta Provincial del Inmigrante"}]},{"@type":"WebSite","@id":"https:\/\/infopba247.com.ar\/#website","url":"https:\/\/infopba247.com.ar\/","name":"InfoPBA247","description":"Toda la actualidad bonaerense","publisher":{"@id":"https:\/\/infopba247.com.ar\/#organization"},"potentialAction":[{"@type":"SearchAction","target":{"@type":"EntryPoint","urlTemplate":"https:\/\/infopba247.com.ar\/?s={search_term_string}"},"query-input":{"@type":"PropertyValueSpecification","valueRequired":true,"valueName":"search_term_string"}}],"inLanguage":"es"},{"@type":"Organization","@id":"https:\/\/infopba247.com.ar\/#organization","name":"InfoPBA247","url":"https:\/\/infopba247.com.ar\/","logo":{"@type":"ImageObject","inLanguage":"es","@id":"https:\/\/infopba247.com.ar\/#\/schema\/logo\/image\/","url":"https:\/\/infopba247.com.ar\/wp-content\/uploads\/2022\/03\/cropped-InfoPBA247-1.png","contentUrl":"https:\/\/infopba247.com.ar\/wp-content\/uploads\/2022\/03\/cropped-InfoPBA247-1.png","width":500,"height":122,"caption":"InfoPBA247"},"image":{"@id":"https:\/\/infopba247.com.ar\/#\/schema\/logo\/image\/"},"sameAs":["https:\/\/www.facebook.com\/InfoPBA"]},{"@type":"Person","@id":"https:\/\/infopba247.com.ar\/#\/schema\/person\/4975f1343a413e57bf839b3eed0099f2","name":"Editor","image":{"@type":"ImageObject","inLanguage":"es","@id":"https:\/\/secure.gravatar.com\/avatar\/d27fe9520667ca53441d36627a1d6b0fa4a813571ec4803687a7a3a7744685ac?s=96&d=mm&r=g","url":"https:\/\/secure.gravatar.com\/avatar\/d27fe9520667ca53441d36627a1d6b0fa4a813571ec4803687a7a3a7744685ac?s=96&d=mm&r=g","contentUrl":"https:\/\/secure.gravatar.com\/avatar\/d27fe9520667ca53441d36627a1d6b0fa4a813571ec4803687a7a3a7744685ac?s=96&d=mm&r=g","caption":"Editor"},"url":"https:\/\/infopba247.com.ar\/index.php\/author\/editor\/"}]}},"_links":{"self":[{"href":"https:\/\/infopba247.com.ar\/index.php\/wp-json\/wp\/v2\/posts\/5332","targetHints":{"allow":["GET"]}}],"collection":[{"href":"https:\/\/infopba247.com.ar\/index.php\/wp-json\/wp\/v2\/posts"}],"about":[{"href":"https:\/\/infopba247.com.ar\/index.php\/wp-json\/wp\/v2\/types\/post"}],"author":[{"embeddable":true,"href":"https:\/\/infopba247.com.ar\/index.php\/wp-json\/wp\/v2\/users\/3"}],"replies":[{"embeddable":true,"href":"https:\/\/infopba247.com.ar\/index.php\/wp-json\/wp\/v2\/comments?post=5332"}],"version-history":[{"count":1,"href":"https:\/\/infopba247.com.ar\/index.php\/wp-json\/wp\/v2\/posts\/5332\/revisions"}],"predecessor-version":[{"id":5333,"href":"https:\/\/infopba247.com.ar\/index.php\/wp-json\/wp\/v2\/posts\/5332\/revisions\/5333"}],"wp:featuredmedia":[{"embeddable":true,"href":"https:\/\/infopba247.com.ar\/index.php\/wp-json\/wp\/v2\/media\/5330"}],"wp:attachment":[{"href":"https:\/\/infopba247.com.ar\/index.php\/wp-json\/wp\/v2\/media?parent=5332"}],"wp:term":[{"taxonomy":"category","embeddable":true,"href":"https:\/\/infopba247.com.ar\/index.php\/wp-json\/wp\/v2\/categories?post=5332"},{"taxonomy":"post_tag","embeddable":true,"href":"https:\/\/infopba247.com.ar\/index.php\/wp-json\/wp\/v2\/tags?post=5332"}],"curies":[{"name":"wp","href":"https:\/\/api.w.org\/{rel}","templated":true}]}}