{"id":5326,"date":"2024-09-30T11:55:41","date_gmt":"2024-09-30T14:55:41","guid":{"rendered":"https:\/\/infopba247.com.ar\/?p=5326"},"modified":"2024-09-30T11:55:43","modified_gmt":"2024-09-30T14:55:43","slug":"kicillof-barrios-y-aristimuno-inauguraron-la-plaza-de-las-infancias","status":"publish","type":"post","link":"https:\/\/infopba247.com.ar\/index.php\/2024\/09\/30\/kicillof-barrios-y-aristimuno-inauguraron-la-plaza-de-las-infancias\/","title":{"rendered":"Kicillof, Barrios y Aristimu\u00f1o inauguraron la plaza de las Infancias"},"content":{"rendered":"\n<p>La construcci\u00f3n de este espacio p\u00fablico naci\u00f3 para que la comunidad de la Escuela N\u00b0 10 y las familias del barrio Nueva Bah\u00eda Blanca tengan un punto de encuentro y recreaci\u00f3n. Adem\u00e1s, los funcionarios firmaron un convenio para realizar un play\u00f3n deportivo y veredas en el lugar.<\/p>\n\n\n\n<p>La directora ejecutiva del Organismo Provincial de Integraci\u00f3n Social y Urbana (OPISU), Romina Barrios, junto al gobernador Axel Kicillof y el intendente de Coronel Rosales, Rodrigo Aristimu\u00f1o, inauguraron la plaza de las Infancias en el barrio Nueva Bah\u00eda Blanca del distrito.<\/p>\n\n\n\n<p>Este proyecto naci\u00f3 a partir del pedido de la comunidad educativa de la Escuela N\u00b0 10, quienes enviaron una carta manuscrita al gobernador solicitando un espacio de encuentro y recreaci\u00f3n para las ni\u00f1eces y las m\u00e1s de 6.000 familias del lugar.<\/p>\n\n\n\n<p>En este sentido, desde el OPISU se construy\u00f3 este espacio con la construcci\u00f3n de una cancha de f\u00fatbol 5, una cancha de b\u00e1squet, \u00e1reas de juego, mesas y bancos. Durante la inauguraci\u00f3n los funcionarios se encontraron con las ni\u00f1eces y las familias del barrio quienes ya disfrutan de este nuevo espacio.<\/p>\n\n\n\n<p>Adem\u00e1s, firmaron hoy un segundo convenio para seguir mejorando este espacio, a trav\u00e9s de la construcci\u00f3n de un play\u00f3n deportivo y veredas que mejoren la circulaci\u00f3n y acceso al establecimiento educativo.<\/p>\n\n\n\n<p>Durante la jornada, el gobernador acompa\u00f1ado de los ministros Carlos Bianco, Silvina Batakis, Gabriel Katopodis y Nicol\u00e1s Kreplak, realiz\u00f3 anuncios e inauguraciones para impulsar la industria y producci\u00f3n del Puerto de Rosales, como as\u00ed tambi\u00e9n la entrega de ambulancias y proyectos de infraestructura vial y urbana.<\/p>\n","protected":false},"excerpt":{"rendered":"<p>La construcci\u00f3n de este espacio p\u00fablico naci\u00f3 para que la comunidad de la Escuela N\u00b0 10 y las familias del<\/p>\n","protected":false},"author":3,"featured_media":5327,"comment_status":"open","ping_status":"open","sticky":false,"template":"","format":"standard","meta":{"colormag_page_container_layout":"default_layout","colormag_page_sidebar_layout":"default_layout","footnotes":""},"categories":[10,1,14],"tags":[],"class_list":["post-5326","post","type-post","status-publish","format-standard","has-post-thumbnail","hentry","category-6ta-seccion","category-destacadas","category-politica"],"yoast_head":"<!-- This site is optimized with the Yoast SEO plugin v27.4 - https:\/\/yoast.com\/product\/yoast-seo-wordpress\/ -->\n<title>Kicillof, Barrios y Aristimu\u00f1o inauguraron la plaza de las Infancias - InfoPBA247<\/title>\n<meta name=\"robots\" content=\"index, follow, max-snippet:-1, max-image-preview:large, max-video-preview:-1\" \/>\n<link rel=\"canonical\" href=\"https:\/\/infopba247.com.ar\/index.php\/2024\/09\/30\/kicillof-barrios-y-aristimuno-inauguraron-la-plaza-de-las-infancias\/\" \/>\n<meta property=\"og:locale\" content=\"es_ES\" \/>\n<meta property=\"og:type\" content=\"article\" \/>\n<meta property=\"og:title\" content=\"Kicillof, Barrios y Aristimu\u00f1o inauguraron la plaza de las Infancias - InfoPBA247\" \/>\n<meta property=\"og:description\" content=\"La construcci\u00f3n de este espacio p\u00fablico naci\u00f3 para que la comunidad de la Escuela N\u00b0 10 y las familias del\" \/>\n<meta property=\"og:url\" content=\"https:\/\/infopba247.com.ar\/index.php\/2024\/09\/30\/kicillof-barrios-y-aristimuno-inauguraron-la-plaza-de-las-infancias\/\" \/>\n<meta property=\"og:site_name\" content=\"InfoPBA247\" \/>\n<meta property=\"article:publisher\" content=\"https:\/\/www.facebook.com\/InfoPBA\" \/>\n<meta property=\"article:published_time\" content=\"2024-09-30T14:55:41+00:00\" \/>\n<meta property=\"article:modified_time\" content=\"2024-09-30T14:55:43+00:00\" \/>\n<meta property=\"og:image\" content=\"https:\/\/infopba247.com.ar\/wp-content\/uploads\/2024\/09\/unnamed-2.jpg\" \/>\n\t<meta property=\"og:image:width\" content=\"1120\" \/>\n\t<meta property=\"og:image:height\" content=\"840\" \/>\n\t<meta property=\"og:image:type\" content=\"image\/jpeg\" \/>\n<meta name=\"author\" content=\"Editor\" \/>\n<meta name=\"twitter:card\" content=\"summary_large_image\" \/>\n<meta name=\"twitter:label1\" content=\"Escrito por\" \/>\n\t<meta name=\"twitter:data1\" content=\"Editor\" \/>\n\t<meta name=\"twitter:label2\" content=\"Tiempo de lectura\" \/>\n\t<meta name=\"twitter:data2\" content=\"2 minutos\" \/>\n<script type=\"application\/ld+json\" class=\"yoast-schema-graph\">{\"@context\":\"https:\\\/\\\/schema.org\",\"@graph\":[{\"@type\":\"Article\",\"@id\":\"https:\\\/\\\/infopba247.com.ar\\\/index.php\\\/2024\\\/09\\\/30\\\/kicillof-barrios-y-aristimuno-inauguraron-la-plaza-de-las-infancias\\\/#article\",\"isPartOf\":{\"@id\":\"https:\\\/\\\/infopba247.com.ar\\\/index.php\\\/2024\\\/09\\\/30\\\/kicillof-barrios-y-aristimuno-inauguraron-la-plaza-de-las-infancias\\\/\"},\"author\":{\"name\":\"Editor\",\"@id\":\"https:\\\/\\\/infopba247.com.ar\\\/#\\\/schema\\\/person\\\/4975f1343a413e57bf839b3eed0099f2\"},\"headline\":\"Kicillof, Barrios y Aristimu\u00f1o inauguraron la plaza de las Infancias\",\"datePublished\":\"2024-09-30T14:55:41+00:00\",\"dateModified\":\"2024-09-30T14:55:43+00:00\",\"mainEntityOfPage\":{\"@id\":\"https:\\\/\\\/infopba247.com.ar\\\/index.php\\\/2024\\\/09\\\/30\\\/kicillof-barrios-y-aristimuno-inauguraron-la-plaza-de-las-infancias\\\/\"},\"wordCount\":290,\"commentCount\":0,\"publisher\":{\"@id\":\"https:\\\/\\\/infopba247.com.ar\\\/#organization\"},\"image\":{\"@id\":\"https:\\\/\\\/infopba247.com.ar\\\/index.php\\\/2024\\\/09\\\/30\\\/kicillof-barrios-y-aristimuno-inauguraron-la-plaza-de-las-infancias\\\/#primaryimage\"},\"thumbnailUrl\":\"https:\\\/\\\/infopba247.com.ar\\\/wp-content\\\/uploads\\\/2024\\\/09\\\/unnamed-2.jpg\",\"articleSection\":[\"6ta Secci\u00f3n\",\"Destacadas\",\"Pol\u00edtica\"],\"inLanguage\":\"es\",\"potentialAction\":[{\"@type\":\"CommentAction\",\"name\":\"Comment\",\"target\":[\"https:\\\/\\\/infopba247.com.ar\\\/index.php\\\/2024\\\/09\\\/30\\\/kicillof-barrios-y-aristimuno-inauguraron-la-plaza-de-las-infancias\\\/#respond\"]}]},{\"@type\":\"WebPage\",\"@id\":\"https:\\\/\\\/infopba247.com.ar\\\/index.php\\\/2024\\\/09\\\/30\\\/kicillof-barrios-y-aristimuno-inauguraron-la-plaza-de-las-infancias\\\/\",\"url\":\"https:\\\/\\\/infopba247.com.ar\\\/index.php\\\/2024\\\/09\\\/30\\\/kicillof-barrios-y-aristimuno-inauguraron-la-plaza-de-las-infancias\\\/\",\"name\":\"Kicillof, Barrios y Aristimu\u00f1o inauguraron la plaza de las Infancias - InfoPBA247\",\"isPartOf\":{\"@id\":\"https:\\\/\\\/infopba247.com.ar\\\/#website\"},\"primaryImageOfPage\":{\"@id\":\"https:\\\/\\\/infopba247.com.ar\\\/index.php\\\/2024\\\/09\\\/30\\\/kicillof-barrios-y-aristimuno-inauguraron-la-plaza-de-las-infancias\\\/#primaryimage\"},\"image\":{\"@id\":\"https:\\\/\\\/infopba247.com.ar\\\/index.php\\\/2024\\\/09\\\/30\\\/kicillof-barrios-y-aristimuno-inauguraron-la-plaza-de-las-infancias\\\/#primaryimage\"},\"thumbnailUrl\":\"https:\\\/\\\/infopba247.com.ar\\\/wp-content\\\/uploads\\\/2024\\\/09\\\/unnamed-2.jpg\",\"datePublished\":\"2024-09-30T14:55:41+00:00\",\"dateModified\":\"2024-09-30T14:55:43+00:00\",\"breadcrumb\":{\"@id\":\"https:\\\/\\\/infopba247.com.ar\\\/index.php\\\/2024\\\/09\\\/30\\\/kicillof-barrios-y-aristimuno-inauguraron-la-plaza-de-las-infancias\\\/#breadcrumb\"},\"inLanguage\":\"es\",\"potentialAction\":[{\"@type\":\"ReadAction\",\"target\":[\"https:\\\/\\\/infopba247.com.ar\\\/index.php\\\/2024\\\/09\\\/30\\\/kicillof-barrios-y-aristimuno-inauguraron-la-plaza-de-las-infancias\\\/\"]}]},{\"@type\":\"ImageObject\",\"inLanguage\":\"es\",\"@id\":\"https:\\\/\\\/infopba247.com.ar\\\/index.php\\\/2024\\\/09\\\/30\\\/kicillof-barrios-y-aristimuno-inauguraron-la-plaza-de-las-infancias\\\/#primaryimage\",\"url\":\"https:\\\/\\\/infopba247.com.ar\\\/wp-content\\\/uploads\\\/2024\\\/09\\\/unnamed-2.jpg\",\"contentUrl\":\"https:\\\/\\\/infopba247.com.ar\\\/wp-content\\\/uploads\\\/2024\\\/09\\\/unnamed-2.jpg\",\"width\":1120,\"height\":840},{\"@type\":\"BreadcrumbList\",\"@id\":\"https:\\\/\\\/infopba247.com.ar\\\/index.php\\\/2024\\\/09\\\/30\\\/kicillof-barrios-y-aristimuno-inauguraron-la-plaza-de-las-infancias\\\/#breadcrumb\",\"itemListElement\":[{\"@type\":\"ListItem\",\"position\":1,\"name\":\"Portada\",\"item\":\"https:\\\/\\\/infopba247.com.ar\\\/\"},{\"@type\":\"ListItem\",\"position\":2,\"name\":\"Kicillof, Barrios y Aristimu\u00f1o inauguraron la plaza de las Infancias\"}]},{\"@type\":\"WebSite\",\"@id\":\"https:\\\/\\\/infopba247.com.ar\\\/#website\",\"url\":\"https:\\\/\\\/infopba247.com.ar\\\/\",\"name\":\"InfoPBA247\",\"description\":\"Toda la actualidad bonaerense\",\"publisher\":{\"@id\":\"https:\\\/\\\/infopba247.com.ar\\\/#organization\"},\"potentialAction\":[{\"@type\":\"SearchAction\",\"target\":{\"@type\":\"EntryPoint\",\"urlTemplate\":\"https:\\\/\\\/infopba247.com.ar\\\/?s={search_term_string}\"},\"query-input\":{\"@type\":\"PropertyValueSpecification\",\"valueRequired\":true,\"valueName\":\"search_term_string\"}}],\"inLanguage\":\"es\"},{\"@type\":\"Organization\",\"@id\":\"https:\\\/\\\/infopba247.com.ar\\\/#organization\",\"name\":\"InfoPBA247\",\"url\":\"https:\\\/\\\/infopba247.com.ar\\\/\",\"logo\":{\"@type\":\"ImageObject\",\"inLanguage\":\"es\",\"@id\":\"https:\\\/\\\/infopba247.com.ar\\\/#\\\/schema\\\/logo\\\/image\\\/\",\"url\":\"https:\\\/\\\/infopba247.com.ar\\\/wp-content\\\/uploads\\\/2022\\\/03\\\/cropped-InfoPBA247-1.png\",\"contentUrl\":\"https:\\\/\\\/infopba247.com.ar\\\/wp-content\\\/uploads\\\/2022\\\/03\\\/cropped-InfoPBA247-1.png\",\"width\":500,\"height\":122,\"caption\":\"InfoPBA247\"},\"image\":{\"@id\":\"https:\\\/\\\/infopba247.com.ar\\\/#\\\/schema\\\/logo\\\/image\\\/\"},\"sameAs\":[\"https:\\\/\\\/www.facebook.com\\\/InfoPBA\"]},{\"@type\":\"Person\",\"@id\":\"https:\\\/\\\/infopba247.com.ar\\\/#\\\/schema\\\/person\\\/4975f1343a413e57bf839b3eed0099f2\",\"name\":\"Editor\",\"image\":{\"@type\":\"ImageObject\",\"inLanguage\":\"es\",\"@id\":\"https:\\\/\\\/secure.gravatar.com\\\/avatar\\\/d27fe9520667ca53441d36627a1d6b0fa4a813571ec4803687a7a3a7744685ac?s=96&d=mm&r=g\",\"url\":\"https:\\\/\\\/secure.gravatar.com\\\/avatar\\\/d27fe9520667ca53441d36627a1d6b0fa4a813571ec4803687a7a3a7744685ac?s=96&d=mm&r=g\",\"contentUrl\":\"https:\\\/\\\/secure.gravatar.com\\\/avatar\\\/d27fe9520667ca53441d36627a1d6b0fa4a813571ec4803687a7a3a7744685ac?s=96&d=mm&r=g\",\"caption\":\"Editor\"},\"url\":\"https:\\\/\\\/infopba247.com.ar\\\/index.php\\\/author\\\/editor\\\/\"}]}<\/script>\n<!-- \/ Yoast SEO plugin. -->","yoast_head_json":{"title":"Kicillof, Barrios y Aristimu\u00f1o inauguraron la plaza de las Infancias - InfoPBA247","robots":{"index":"index","follow":"follow","max-snippet":"max-snippet:-1","max-image-preview":"max-image-preview:large","max-video-preview":"max-video-preview:-1"},"canonical":"https:\/\/infopba247.com.ar\/index.php\/2024\/09\/30\/kicillof-barrios-y-aristimuno-inauguraron-la-plaza-de-las-infancias\/","og_locale":"es_ES","og_type":"article","og_title":"Kicillof, Barrios y Aristimu\u00f1o inauguraron la plaza de las Infancias - InfoPBA247","og_description":"La construcci\u00f3n de este espacio p\u00fablico naci\u00f3 para que la comunidad de la Escuela N\u00b0 10 y las familias del","og_url":"https:\/\/infopba247.com.ar\/index.php\/2024\/09\/30\/kicillof-barrios-y-aristimuno-inauguraron-la-plaza-de-las-infancias\/","og_site_name":"InfoPBA247","article_publisher":"https:\/\/www.facebook.com\/InfoPBA","article_published_time":"2024-09-30T14:55:41+00:00","article_modified_time":"2024-09-30T14:55:43+00:00","og_image":[{"width":1120,"height":840,"url":"https:\/\/infopba247.com.ar\/wp-content\/uploads\/2024\/09\/unnamed-2.jpg","type":"image\/jpeg"}],"author":"Editor","twitter_card":"summary_large_image","twitter_misc":{"Escrito por":"Editor","Tiempo de lectura":"2 minutos"},"schema":{"@context":"https:\/\/schema.org","@graph":[{"@type":"Article","@id":"https:\/\/infopba247.com.ar\/index.php\/2024\/09\/30\/kicillof-barrios-y-aristimuno-inauguraron-la-plaza-de-las-infancias\/#article","isPartOf":{"@id":"https:\/\/infopba247.com.ar\/index.php\/2024\/09\/30\/kicillof-barrios-y-aristimuno-inauguraron-la-plaza-de-las-infancias\/"},"author":{"name":"Editor","@id":"https:\/\/infopba247.com.ar\/#\/schema\/person\/4975f1343a413e57bf839b3eed0099f2"},"headline":"Kicillof, Barrios y Aristimu\u00f1o inauguraron la plaza de las Infancias","datePublished":"2024-09-30T14:55:41+00:00","dateModified":"2024-09-30T14:55:43+00:00","mainEntityOfPage":{"@id":"https:\/\/infopba247.com.ar\/index.php\/2024\/09\/30\/kicillof-barrios-y-aristimuno-inauguraron-la-plaza-de-las-infancias\/"},"wordCount":290,"commentCount":0,"publisher":{"@id":"https:\/\/infopba247.com.ar\/#organization"},"image":{"@id":"https:\/\/infopba247.com.ar\/index.php\/2024\/09\/30\/kicillof-barrios-y-aristimuno-inauguraron-la-plaza-de-las-infancias\/#primaryimage"},"thumbnailUrl":"https:\/\/infopba247.com.ar\/wp-content\/uploads\/2024\/09\/unnamed-2.jpg","articleSection":["6ta Secci\u00f3n","Destacadas","Pol\u00edtica"],"inLanguage":"es","potentialAction":[{"@type":"CommentAction","name":"Comment","target":["https:\/\/infopba247.com.ar\/index.php\/2024\/09\/30\/kicillof-barrios-y-aristimuno-inauguraron-la-plaza-de-las-infancias\/#respond"]}]},{"@type":"WebPage","@id":"https:\/\/infopba247.com.ar\/index.php\/2024\/09\/30\/kicillof-barrios-y-aristimuno-inauguraron-la-plaza-de-las-infancias\/","url":"https:\/\/infopba247.com.ar\/index.php\/2024\/09\/30\/kicillof-barrios-y-aristimuno-inauguraron-la-plaza-de-las-infancias\/","name":"Kicillof, Barrios y Aristimu\u00f1o inauguraron la plaza de las Infancias - InfoPBA247","isPartOf":{"@id":"https:\/\/infopba247.com.ar\/#website"},"primaryImageOfPage":{"@id":"https:\/\/infopba247.com.ar\/index.php\/2024\/09\/30\/kicillof-barrios-y-aristimuno-inauguraron-la-plaza-de-las-infancias\/#primaryimage"},"image":{"@id":"https:\/\/infopba247.com.ar\/index.php\/2024\/09\/30\/kicillof-barrios-y-aristimuno-inauguraron-la-plaza-de-las-infancias\/#primaryimage"},"thumbnailUrl":"https:\/\/infopba247.com.ar\/wp-content\/uploads\/2024\/09\/unnamed-2.jpg","datePublished":"2024-09-30T14:55:41+00:00","dateModified":"2024-09-30T14:55:43+00:00","breadcrumb":{"@id":"https:\/\/infopba247.com.ar\/index.php\/2024\/09\/30\/kicillof-barrios-y-aristimuno-inauguraron-la-plaza-de-las-infancias\/#breadcrumb"},"inLanguage":"es","potentialAction":[{"@type":"ReadAction","target":["https:\/\/infopba247.com.ar\/index.php\/2024\/09\/30\/kicillof-barrios-y-aristimuno-inauguraron-la-plaza-de-las-infancias\/"]}]},{"@type":"ImageObject","inLanguage":"es","@id":"https:\/\/infopba247.com.ar\/index.php\/2024\/09\/30\/kicillof-barrios-y-aristimuno-inauguraron-la-plaza-de-las-infancias\/#primaryimage","url":"https:\/\/infopba247.com.ar\/wp-content\/uploads\/2024\/09\/unnamed-2.jpg","contentUrl":"https:\/\/infopba247.com.ar\/wp-content\/uploads\/2024\/09\/unnamed-2.jpg","width":1120,"height":840},{"@type":"BreadcrumbList","@id":"https:\/\/infopba247.com.ar\/index.php\/2024\/09\/30\/kicillof-barrios-y-aristimuno-inauguraron-la-plaza-de-las-infancias\/#breadcrumb","itemListElement":[{"@type":"ListItem","position":1,"name":"Portada","item":"https:\/\/infopba247.com.ar\/"},{"@type":"ListItem","position":2,"name":"Kicillof, Barrios y Aristimu\u00f1o inauguraron la plaza de las Infancias"}]},{"@type":"WebSite","@id":"https:\/\/infopba247.com.ar\/#website","url":"https:\/\/infopba247.com.ar\/","name":"InfoPBA247","description":"Toda la actualidad bonaerense","publisher":{"@id":"https:\/\/infopba247.com.ar\/#organization"},"potentialAction":[{"@type":"SearchAction","target":{"@type":"EntryPoint","urlTemplate":"https:\/\/infopba247.com.ar\/?s={search_term_string}"},"query-input":{"@type":"PropertyValueSpecification","valueRequired":true,"valueName":"search_term_string"}}],"inLanguage":"es"},{"@type":"Organization","@id":"https:\/\/infopba247.com.ar\/#organization","name":"InfoPBA247","url":"https:\/\/infopba247.com.ar\/","logo":{"@type":"ImageObject","inLanguage":"es","@id":"https:\/\/infopba247.com.ar\/#\/schema\/logo\/image\/","url":"https:\/\/infopba247.com.ar\/wp-content\/uploads\/2022\/03\/cropped-InfoPBA247-1.png","contentUrl":"https:\/\/infopba247.com.ar\/wp-content\/uploads\/2022\/03\/cropped-InfoPBA247-1.png","width":500,"height":122,"caption":"InfoPBA247"},"image":{"@id":"https:\/\/infopba247.com.ar\/#\/schema\/logo\/image\/"},"sameAs":["https:\/\/www.facebook.com\/InfoPBA"]},{"@type":"Person","@id":"https:\/\/infopba247.com.ar\/#\/schema\/person\/4975f1343a413e57bf839b3eed0099f2","name":"Editor","image":{"@type":"ImageObject","inLanguage":"es","@id":"https:\/\/secure.gravatar.com\/avatar\/d27fe9520667ca53441d36627a1d6b0fa4a813571ec4803687a7a3a7744685ac?s=96&d=mm&r=g","url":"https:\/\/secure.gravatar.com\/avatar\/d27fe9520667ca53441d36627a1d6b0fa4a813571ec4803687a7a3a7744685ac?s=96&d=mm&r=g","contentUrl":"https:\/\/secure.gravatar.com\/avatar\/d27fe9520667ca53441d36627a1d6b0fa4a813571ec4803687a7a3a7744685ac?s=96&d=mm&r=g","caption":"Editor"},"url":"https:\/\/infopba247.com.ar\/index.php\/author\/editor\/"}]}},"_links":{"self":[{"href":"https:\/\/infopba247.com.ar\/index.php\/wp-json\/wp\/v2\/posts\/5326","targetHints":{"allow":["GET"]}}],"collection":[{"href":"https:\/\/infopba247.com.ar\/index.php\/wp-json\/wp\/v2\/posts"}],"about":[{"href":"https:\/\/infopba247.com.ar\/index.php\/wp-json\/wp\/v2\/types\/post"}],"author":[{"embeddable":true,"href":"https:\/\/infopba247.com.ar\/index.php\/wp-json\/wp\/v2\/users\/3"}],"replies":[{"embeddable":true,"href":"https:\/\/infopba247.com.ar\/index.php\/wp-json\/wp\/v2\/comments?post=5326"}],"version-history":[{"count":1,"href":"https:\/\/infopba247.com.ar\/index.php\/wp-json\/wp\/v2\/posts\/5326\/revisions"}],"predecessor-version":[{"id":5329,"href":"https:\/\/infopba247.com.ar\/index.php\/wp-json\/wp\/v2\/posts\/5326\/revisions\/5329"}],"wp:featuredmedia":[{"embeddable":true,"href":"https:\/\/infopba247.com.ar\/index.php\/wp-json\/wp\/v2\/media\/5327"}],"wp:attachment":[{"href":"https:\/\/infopba247.com.ar\/index.php\/wp-json\/wp\/v2\/media?parent=5326"}],"wp:term":[{"taxonomy":"category","embeddable":true,"href":"https:\/\/infopba247.com.ar\/index.php\/wp-json\/wp\/v2\/categories?post=5326"},{"taxonomy":"post_tag","embeddable":true,"href":"https:\/\/infopba247.com.ar\/index.php\/wp-json\/wp\/v2\/tags?post=5326"}],"curies":[{"name":"wp","href":"https:\/\/api.w.org\/{rel}","templated":true}]}}