{"id":5239,"date":"2024-09-20T14:56:11","date_gmt":"2024-09-20T17:56:11","guid":{"rendered":"https:\/\/infopba247.com.ar\/?p=5239"},"modified":"2024-09-20T14:56:12","modified_gmt":"2024-09-20T17:56:12","slug":"juan-granillo-fernandez-pidio-repudiar-la-represion-que-sufrio-una-nina-de-10-anos-en-el-congreso-tras-la-marcha-de-jubilados","status":"publish","type":"post","link":"https:\/\/infopba247.com.ar\/index.php\/2024\/09\/20\/juan-granillo-fernandez-pidio-repudiar-la-represion-que-sufrio-una-nina-de-10-anos-en-el-congreso-tras-la-marcha-de-jubilados\/","title":{"rendered":"Juan Granillo Fern\u00e1ndez pidi\u00f3 repudiar la represi\u00f3n que sufri\u00f3 una ni\u00f1a de 10 a\u00f1os en el Congreso tras la marcha de jubilados"},"content":{"rendered":"\n<p>La iniciativa que ser\u00e1 tratada este jueves en el concejo deliberante de La Plata busca manifestar la preocupaci\u00f3n del Cuerpo ante las lesiones sufridas por una ni\u00f1a de 10 a\u00f1os, producto de que un efectivo de la Polic\u00eda Federal Argentina roci\u00f3 gas pimienta en su rostro, durante la represi\u00f3n llevada a cabo por esa. fuerza el pasado mi\u00e9rcoles 11 de septiembre en inmediaciones del Congreso de la Naci\u00f3n Argentina.<\/p>\n\n\n\n<p>Granillo Fern\u00e1ndez expres\u00f3 \u201ces grav\u00edsimo lo que est\u00e1n haciendo las fuerzas federales con las manifestaciones que se llevan adelante por parte de jubilados en el congreso de la naci\u00f3n desde hace varias semanas, no podemos pasar por alto que a ese grado de violencia usada, tuvo como causa adem\u00e1s la agresi\u00f3n a una menor de edad.\u201d<\/p>\n\n\n\n<p>\u201cLos jubilados y jubiladas no llegan a fin de mes, porque las jubilaciones son bajas, los servicios y la comida son caros, y la cobertura de medicamentos es cada vez menor. Es sabido que un aumento alrededor de los $16.000 pesos no solucionaba el problema, pero as\u00ed mismo es dif\u00edcil creer que sea lo que pueda poner en jaque el equilibrio fiscal de las cuentas de la naci\u00f3n\u201d enfatiz\u00f3 el edil platense de Uni\u00f3n por la Patria.<\/p>\n","protected":false},"excerpt":{"rendered":"<p>La iniciativa que ser\u00e1 tratada este jueves en el concejo deliberante de La Plata busca manifestar la preocupaci\u00f3n del Cuerpo<\/p>\n","protected":false},"author":3,"featured_media":5240,"comment_status":"open","ping_status":"open","sticky":false,"template":"","format":"standard","meta":{"colormag_page_container_layout":"default_layout","colormag_page_sidebar_layout":"default_layout","footnotes":""},"categories":[12,1,14],"tags":[],"class_list":["post-5239","post","type-post","status-publish","format-standard","has-post-thumbnail","hentry","category-8va-seccion","category-destacadas","category-politica"],"yoast_head":"<!-- This site is optimized with the Yoast SEO plugin v27.4 - https:\/\/yoast.com\/product\/yoast-seo-wordpress\/ -->\n<title>Juan Granillo Fern\u00e1ndez pidi\u00f3 repudiar la represi\u00f3n que sufri\u00f3 una ni\u00f1a de 10 a\u00f1os en el Congreso tras la marcha de jubilados - InfoPBA247<\/title>\n<meta name=\"robots\" content=\"index, follow, max-snippet:-1, max-image-preview:large, max-video-preview:-1\" \/>\n<link rel=\"canonical\" href=\"https:\/\/infopba247.com.ar\/index.php\/2024\/09\/20\/juan-granillo-fernandez-pidio-repudiar-la-represion-que-sufrio-una-nina-de-10-anos-en-el-congreso-tras-la-marcha-de-jubilados\/\" \/>\n<meta property=\"og:locale\" content=\"es_ES\" \/>\n<meta property=\"og:type\" content=\"article\" \/>\n<meta property=\"og:title\" content=\"Juan Granillo Fern\u00e1ndez pidi\u00f3 repudiar la represi\u00f3n que sufri\u00f3 una ni\u00f1a de 10 a\u00f1os en el Congreso tras la marcha de jubilados - InfoPBA247\" \/>\n<meta property=\"og:description\" content=\"La iniciativa que ser\u00e1 tratada este jueves en el concejo deliberante de La Plata busca manifestar la preocupaci\u00f3n del Cuerpo\" \/>\n<meta property=\"og:url\" content=\"https:\/\/infopba247.com.ar\/index.php\/2024\/09\/20\/juan-granillo-fernandez-pidio-repudiar-la-represion-que-sufrio-una-nina-de-10-anos-en-el-congreso-tras-la-marcha-de-jubilados\/\" \/>\n<meta property=\"og:site_name\" content=\"InfoPBA247\" \/>\n<meta property=\"article:publisher\" content=\"https:\/\/www.facebook.com\/InfoPBA\" \/>\n<meta property=\"article:published_time\" content=\"2024-09-20T17:56:11+00:00\" \/>\n<meta property=\"article:modified_time\" content=\"2024-09-20T17:56:12+00:00\" \/>\n<meta property=\"og:image\" content=\"https:\/\/infopba247.com.ar\/wp-content\/uploads\/2024\/09\/Granillo-Fernandez-1.jpeg\" \/>\n\t<meta property=\"og:image:width\" content=\"1600\" \/>\n\t<meta property=\"og:image:height\" content=\"1066\" \/>\n\t<meta property=\"og:image:type\" content=\"image\/jpeg\" \/>\n<meta name=\"author\" content=\"Editor\" \/>\n<meta name=\"twitter:card\" content=\"summary_large_image\" \/>\n<meta name=\"twitter:label1\" content=\"Escrito por\" \/>\n\t<meta name=\"twitter:data1\" content=\"Editor\" \/>\n\t<meta name=\"twitter:label2\" content=\"Tiempo de lectura\" \/>\n\t<meta name=\"twitter:data2\" content=\"1 minuto\" \/>\n<script type=\"application\/ld+json\" class=\"yoast-schema-graph\">{\"@context\":\"https:\\\/\\\/schema.org\",\"@graph\":[{\"@type\":\"Article\",\"@id\":\"https:\\\/\\\/infopba247.com.ar\\\/index.php\\\/2024\\\/09\\\/20\\\/juan-granillo-fernandez-pidio-repudiar-la-represion-que-sufrio-una-nina-de-10-anos-en-el-congreso-tras-la-marcha-de-jubilados\\\/#article\",\"isPartOf\":{\"@id\":\"https:\\\/\\\/infopba247.com.ar\\\/index.php\\\/2024\\\/09\\\/20\\\/juan-granillo-fernandez-pidio-repudiar-la-represion-que-sufrio-una-nina-de-10-anos-en-el-congreso-tras-la-marcha-de-jubilados\\\/\"},\"author\":{\"name\":\"Editor\",\"@id\":\"https:\\\/\\\/infopba247.com.ar\\\/#\\\/schema\\\/person\\\/4975f1343a413e57bf839b3eed0099f2\"},\"headline\":\"Juan Granillo Fern\u00e1ndez pidi\u00f3 repudiar la represi\u00f3n que sufri\u00f3 una ni\u00f1a de 10 a\u00f1os en el Congreso tras la marcha de jubilados\",\"datePublished\":\"2024-09-20T17:56:11+00:00\",\"dateModified\":\"2024-09-20T17:56:12+00:00\",\"mainEntityOfPage\":{\"@id\":\"https:\\\/\\\/infopba247.com.ar\\\/index.php\\\/2024\\\/09\\\/20\\\/juan-granillo-fernandez-pidio-repudiar-la-represion-que-sufrio-una-nina-de-10-anos-en-el-congreso-tras-la-marcha-de-jubilados\\\/\"},\"wordCount\":240,\"commentCount\":0,\"publisher\":{\"@id\":\"https:\\\/\\\/infopba247.com.ar\\\/#organization\"},\"image\":{\"@id\":\"https:\\\/\\\/infopba247.com.ar\\\/index.php\\\/2024\\\/09\\\/20\\\/juan-granillo-fernandez-pidio-repudiar-la-represion-que-sufrio-una-nina-de-10-anos-en-el-congreso-tras-la-marcha-de-jubilados\\\/#primaryimage\"},\"thumbnailUrl\":\"https:\\\/\\\/infopba247.com.ar\\\/wp-content\\\/uploads\\\/2024\\\/09\\\/Granillo-Fernandez-1.jpeg\",\"articleSection\":[\"8va Secci\u00f3n\",\"Destacadas\",\"Pol\u00edtica\"],\"inLanguage\":\"es\",\"potentialAction\":[{\"@type\":\"CommentAction\",\"name\":\"Comment\",\"target\":[\"https:\\\/\\\/infopba247.com.ar\\\/index.php\\\/2024\\\/09\\\/20\\\/juan-granillo-fernandez-pidio-repudiar-la-represion-que-sufrio-una-nina-de-10-anos-en-el-congreso-tras-la-marcha-de-jubilados\\\/#respond\"]}]},{\"@type\":\"WebPage\",\"@id\":\"https:\\\/\\\/infopba247.com.ar\\\/index.php\\\/2024\\\/09\\\/20\\\/juan-granillo-fernandez-pidio-repudiar-la-represion-que-sufrio-una-nina-de-10-anos-en-el-congreso-tras-la-marcha-de-jubilados\\\/\",\"url\":\"https:\\\/\\\/infopba247.com.ar\\\/index.php\\\/2024\\\/09\\\/20\\\/juan-granillo-fernandez-pidio-repudiar-la-represion-que-sufrio-una-nina-de-10-anos-en-el-congreso-tras-la-marcha-de-jubilados\\\/\",\"name\":\"Juan Granillo Fern\u00e1ndez pidi\u00f3 repudiar la represi\u00f3n que sufri\u00f3 una ni\u00f1a de 10 a\u00f1os en el Congreso tras la marcha de jubilados - InfoPBA247\",\"isPartOf\":{\"@id\":\"https:\\\/\\\/infopba247.com.ar\\\/#website\"},\"primaryImageOfPage\":{\"@id\":\"https:\\\/\\\/infopba247.com.ar\\\/index.php\\\/2024\\\/09\\\/20\\\/juan-granillo-fernandez-pidio-repudiar-la-represion-que-sufrio-una-nina-de-10-anos-en-el-congreso-tras-la-marcha-de-jubilados\\\/#primaryimage\"},\"image\":{\"@id\":\"https:\\\/\\\/infopba247.com.ar\\\/index.php\\\/2024\\\/09\\\/20\\\/juan-granillo-fernandez-pidio-repudiar-la-represion-que-sufrio-una-nina-de-10-anos-en-el-congreso-tras-la-marcha-de-jubilados\\\/#primaryimage\"},\"thumbnailUrl\":\"https:\\\/\\\/infopba247.com.ar\\\/wp-content\\\/uploads\\\/2024\\\/09\\\/Granillo-Fernandez-1.jpeg\",\"datePublished\":\"2024-09-20T17:56:11+00:00\",\"dateModified\":\"2024-09-20T17:56:12+00:00\",\"breadcrumb\":{\"@id\":\"https:\\\/\\\/infopba247.com.ar\\\/index.php\\\/2024\\\/09\\\/20\\\/juan-granillo-fernandez-pidio-repudiar-la-represion-que-sufrio-una-nina-de-10-anos-en-el-congreso-tras-la-marcha-de-jubilados\\\/#breadcrumb\"},\"inLanguage\":\"es\",\"potentialAction\":[{\"@type\":\"ReadAction\",\"target\":[\"https:\\\/\\\/infopba247.com.ar\\\/index.php\\\/2024\\\/09\\\/20\\\/juan-granillo-fernandez-pidio-repudiar-la-represion-que-sufrio-una-nina-de-10-anos-en-el-congreso-tras-la-marcha-de-jubilados\\\/\"]}]},{\"@type\":\"ImageObject\",\"inLanguage\":\"es\",\"@id\":\"https:\\\/\\\/infopba247.com.ar\\\/index.php\\\/2024\\\/09\\\/20\\\/juan-granillo-fernandez-pidio-repudiar-la-represion-que-sufrio-una-nina-de-10-anos-en-el-congreso-tras-la-marcha-de-jubilados\\\/#primaryimage\",\"url\":\"https:\\\/\\\/infopba247.com.ar\\\/wp-content\\\/uploads\\\/2024\\\/09\\\/Granillo-Fernandez-1.jpeg\",\"contentUrl\":\"https:\\\/\\\/infopba247.com.ar\\\/wp-content\\\/uploads\\\/2024\\\/09\\\/Granillo-Fernandez-1.jpeg\",\"width\":1600,\"height\":1066},{\"@type\":\"BreadcrumbList\",\"@id\":\"https:\\\/\\\/infopba247.com.ar\\\/index.php\\\/2024\\\/09\\\/20\\\/juan-granillo-fernandez-pidio-repudiar-la-represion-que-sufrio-una-nina-de-10-anos-en-el-congreso-tras-la-marcha-de-jubilados\\\/#breadcrumb\",\"itemListElement\":[{\"@type\":\"ListItem\",\"position\":1,\"name\":\"Portada\",\"item\":\"https:\\\/\\\/infopba247.com.ar\\\/\"},{\"@type\":\"ListItem\",\"position\":2,\"name\":\"Juan Granillo Fern\u00e1ndez pidi\u00f3 repudiar la represi\u00f3n que sufri\u00f3 una ni\u00f1a de 10 a\u00f1os en el Congreso tras la marcha de jubilados\"}]},{\"@type\":\"WebSite\",\"@id\":\"https:\\\/\\\/infopba247.com.ar\\\/#website\",\"url\":\"https:\\\/\\\/infopba247.com.ar\\\/\",\"name\":\"InfoPBA247\",\"description\":\"Toda la actualidad bonaerense\",\"publisher\":{\"@id\":\"https:\\\/\\\/infopba247.com.ar\\\/#organization\"},\"potentialAction\":[{\"@type\":\"SearchAction\",\"target\":{\"@type\":\"EntryPoint\",\"urlTemplate\":\"https:\\\/\\\/infopba247.com.ar\\\/?s={search_term_string}\"},\"query-input\":{\"@type\":\"PropertyValueSpecification\",\"valueRequired\":true,\"valueName\":\"search_term_string\"}}],\"inLanguage\":\"es\"},{\"@type\":\"Organization\",\"@id\":\"https:\\\/\\\/infopba247.com.ar\\\/#organization\",\"name\":\"InfoPBA247\",\"url\":\"https:\\\/\\\/infopba247.com.ar\\\/\",\"logo\":{\"@type\":\"ImageObject\",\"inLanguage\":\"es\",\"@id\":\"https:\\\/\\\/infopba247.com.ar\\\/#\\\/schema\\\/logo\\\/image\\\/\",\"url\":\"https:\\\/\\\/infopba247.com.ar\\\/wp-content\\\/uploads\\\/2022\\\/03\\\/cropped-InfoPBA247-1.png\",\"contentUrl\":\"https:\\\/\\\/infopba247.com.ar\\\/wp-content\\\/uploads\\\/2022\\\/03\\\/cropped-InfoPBA247-1.png\",\"width\":500,\"height\":122,\"caption\":\"InfoPBA247\"},\"image\":{\"@id\":\"https:\\\/\\\/infopba247.com.ar\\\/#\\\/schema\\\/logo\\\/image\\\/\"},\"sameAs\":[\"https:\\\/\\\/www.facebook.com\\\/InfoPBA\"]},{\"@type\":\"Person\",\"@id\":\"https:\\\/\\\/infopba247.com.ar\\\/#\\\/schema\\\/person\\\/4975f1343a413e57bf839b3eed0099f2\",\"name\":\"Editor\",\"image\":{\"@type\":\"ImageObject\",\"inLanguage\":\"es\",\"@id\":\"https:\\\/\\\/secure.gravatar.com\\\/avatar\\\/d27fe9520667ca53441d36627a1d6b0fa4a813571ec4803687a7a3a7744685ac?s=96&d=mm&r=g\",\"url\":\"https:\\\/\\\/secure.gravatar.com\\\/avatar\\\/d27fe9520667ca53441d36627a1d6b0fa4a813571ec4803687a7a3a7744685ac?s=96&d=mm&r=g\",\"contentUrl\":\"https:\\\/\\\/secure.gravatar.com\\\/avatar\\\/d27fe9520667ca53441d36627a1d6b0fa4a813571ec4803687a7a3a7744685ac?s=96&d=mm&r=g\",\"caption\":\"Editor\"},\"url\":\"https:\\\/\\\/infopba247.com.ar\\\/index.php\\\/author\\\/editor\\\/\"}]}<\/script>\n<!-- \/ Yoast SEO plugin. -->","yoast_head_json":{"title":"Juan Granillo Fern\u00e1ndez pidi\u00f3 repudiar la represi\u00f3n que sufri\u00f3 una ni\u00f1a de 10 a\u00f1os en el Congreso tras la marcha de jubilados - InfoPBA247","robots":{"index":"index","follow":"follow","max-snippet":"max-snippet:-1","max-image-preview":"max-image-preview:large","max-video-preview":"max-video-preview:-1"},"canonical":"https:\/\/infopba247.com.ar\/index.php\/2024\/09\/20\/juan-granillo-fernandez-pidio-repudiar-la-represion-que-sufrio-una-nina-de-10-anos-en-el-congreso-tras-la-marcha-de-jubilados\/","og_locale":"es_ES","og_type":"article","og_title":"Juan Granillo Fern\u00e1ndez pidi\u00f3 repudiar la represi\u00f3n que sufri\u00f3 una ni\u00f1a de 10 a\u00f1os en el Congreso tras la marcha de jubilados - InfoPBA247","og_description":"La iniciativa que ser\u00e1 tratada este jueves en el concejo deliberante de La Plata busca manifestar la preocupaci\u00f3n del Cuerpo","og_url":"https:\/\/infopba247.com.ar\/index.php\/2024\/09\/20\/juan-granillo-fernandez-pidio-repudiar-la-represion-que-sufrio-una-nina-de-10-anos-en-el-congreso-tras-la-marcha-de-jubilados\/","og_site_name":"InfoPBA247","article_publisher":"https:\/\/www.facebook.com\/InfoPBA","article_published_time":"2024-09-20T17:56:11+00:00","article_modified_time":"2024-09-20T17:56:12+00:00","og_image":[{"width":1600,"height":1066,"url":"https:\/\/infopba247.com.ar\/wp-content\/uploads\/2024\/09\/Granillo-Fernandez-1.jpeg","type":"image\/jpeg"}],"author":"Editor","twitter_card":"summary_large_image","twitter_misc":{"Escrito por":"Editor","Tiempo de lectura":"1 minuto"},"schema":{"@context":"https:\/\/schema.org","@graph":[{"@type":"Article","@id":"https:\/\/infopba247.com.ar\/index.php\/2024\/09\/20\/juan-granillo-fernandez-pidio-repudiar-la-represion-que-sufrio-una-nina-de-10-anos-en-el-congreso-tras-la-marcha-de-jubilados\/#article","isPartOf":{"@id":"https:\/\/infopba247.com.ar\/index.php\/2024\/09\/20\/juan-granillo-fernandez-pidio-repudiar-la-represion-que-sufrio-una-nina-de-10-anos-en-el-congreso-tras-la-marcha-de-jubilados\/"},"author":{"name":"Editor","@id":"https:\/\/infopba247.com.ar\/#\/schema\/person\/4975f1343a413e57bf839b3eed0099f2"},"headline":"Juan Granillo Fern\u00e1ndez pidi\u00f3 repudiar la represi\u00f3n que sufri\u00f3 una ni\u00f1a de 10 a\u00f1os en el Congreso tras la marcha de jubilados","datePublished":"2024-09-20T17:56:11+00:00","dateModified":"2024-09-20T17:56:12+00:00","mainEntityOfPage":{"@id":"https:\/\/infopba247.com.ar\/index.php\/2024\/09\/20\/juan-granillo-fernandez-pidio-repudiar-la-represion-que-sufrio-una-nina-de-10-anos-en-el-congreso-tras-la-marcha-de-jubilados\/"},"wordCount":240,"commentCount":0,"publisher":{"@id":"https:\/\/infopba247.com.ar\/#organization"},"image":{"@id":"https:\/\/infopba247.com.ar\/index.php\/2024\/09\/20\/juan-granillo-fernandez-pidio-repudiar-la-represion-que-sufrio-una-nina-de-10-anos-en-el-congreso-tras-la-marcha-de-jubilados\/#primaryimage"},"thumbnailUrl":"https:\/\/infopba247.com.ar\/wp-content\/uploads\/2024\/09\/Granillo-Fernandez-1.jpeg","articleSection":["8va Secci\u00f3n","Destacadas","Pol\u00edtica"],"inLanguage":"es","potentialAction":[{"@type":"CommentAction","name":"Comment","target":["https:\/\/infopba247.com.ar\/index.php\/2024\/09\/20\/juan-granillo-fernandez-pidio-repudiar-la-represion-que-sufrio-una-nina-de-10-anos-en-el-congreso-tras-la-marcha-de-jubilados\/#respond"]}]},{"@type":"WebPage","@id":"https:\/\/infopba247.com.ar\/index.php\/2024\/09\/20\/juan-granillo-fernandez-pidio-repudiar-la-represion-que-sufrio-una-nina-de-10-anos-en-el-congreso-tras-la-marcha-de-jubilados\/","url":"https:\/\/infopba247.com.ar\/index.php\/2024\/09\/20\/juan-granillo-fernandez-pidio-repudiar-la-represion-que-sufrio-una-nina-de-10-anos-en-el-congreso-tras-la-marcha-de-jubilados\/","name":"Juan Granillo Fern\u00e1ndez pidi\u00f3 repudiar la represi\u00f3n que sufri\u00f3 una ni\u00f1a de 10 a\u00f1os en el Congreso tras la marcha de jubilados - InfoPBA247","isPartOf":{"@id":"https:\/\/infopba247.com.ar\/#website"},"primaryImageOfPage":{"@id":"https:\/\/infopba247.com.ar\/index.php\/2024\/09\/20\/juan-granillo-fernandez-pidio-repudiar-la-represion-que-sufrio-una-nina-de-10-anos-en-el-congreso-tras-la-marcha-de-jubilados\/#primaryimage"},"image":{"@id":"https:\/\/infopba247.com.ar\/index.php\/2024\/09\/20\/juan-granillo-fernandez-pidio-repudiar-la-represion-que-sufrio-una-nina-de-10-anos-en-el-congreso-tras-la-marcha-de-jubilados\/#primaryimage"},"thumbnailUrl":"https:\/\/infopba247.com.ar\/wp-content\/uploads\/2024\/09\/Granillo-Fernandez-1.jpeg","datePublished":"2024-09-20T17:56:11+00:00","dateModified":"2024-09-20T17:56:12+00:00","breadcrumb":{"@id":"https:\/\/infopba247.com.ar\/index.php\/2024\/09\/20\/juan-granillo-fernandez-pidio-repudiar-la-represion-que-sufrio-una-nina-de-10-anos-en-el-congreso-tras-la-marcha-de-jubilados\/#breadcrumb"},"inLanguage":"es","potentialAction":[{"@type":"ReadAction","target":["https:\/\/infopba247.com.ar\/index.php\/2024\/09\/20\/juan-granillo-fernandez-pidio-repudiar-la-represion-que-sufrio-una-nina-de-10-anos-en-el-congreso-tras-la-marcha-de-jubilados\/"]}]},{"@type":"ImageObject","inLanguage":"es","@id":"https:\/\/infopba247.com.ar\/index.php\/2024\/09\/20\/juan-granillo-fernandez-pidio-repudiar-la-represion-que-sufrio-una-nina-de-10-anos-en-el-congreso-tras-la-marcha-de-jubilados\/#primaryimage","url":"https:\/\/infopba247.com.ar\/wp-content\/uploads\/2024\/09\/Granillo-Fernandez-1.jpeg","contentUrl":"https:\/\/infopba247.com.ar\/wp-content\/uploads\/2024\/09\/Granillo-Fernandez-1.jpeg","width":1600,"height":1066},{"@type":"BreadcrumbList","@id":"https:\/\/infopba247.com.ar\/index.php\/2024\/09\/20\/juan-granillo-fernandez-pidio-repudiar-la-represion-que-sufrio-una-nina-de-10-anos-en-el-congreso-tras-la-marcha-de-jubilados\/#breadcrumb","itemListElement":[{"@type":"ListItem","position":1,"name":"Portada","item":"https:\/\/infopba247.com.ar\/"},{"@type":"ListItem","position":2,"name":"Juan Granillo Fern\u00e1ndez pidi\u00f3 repudiar la represi\u00f3n que sufri\u00f3 una ni\u00f1a de 10 a\u00f1os en el Congreso tras la marcha de jubilados"}]},{"@type":"WebSite","@id":"https:\/\/infopba247.com.ar\/#website","url":"https:\/\/infopba247.com.ar\/","name":"InfoPBA247","description":"Toda la actualidad bonaerense","publisher":{"@id":"https:\/\/infopba247.com.ar\/#organization"},"potentialAction":[{"@type":"SearchAction","target":{"@type":"EntryPoint","urlTemplate":"https:\/\/infopba247.com.ar\/?s={search_term_string}"},"query-input":{"@type":"PropertyValueSpecification","valueRequired":true,"valueName":"search_term_string"}}],"inLanguage":"es"},{"@type":"Organization","@id":"https:\/\/infopba247.com.ar\/#organization","name":"InfoPBA247","url":"https:\/\/infopba247.com.ar\/","logo":{"@type":"ImageObject","inLanguage":"es","@id":"https:\/\/infopba247.com.ar\/#\/schema\/logo\/image\/","url":"https:\/\/infopba247.com.ar\/wp-content\/uploads\/2022\/03\/cropped-InfoPBA247-1.png","contentUrl":"https:\/\/infopba247.com.ar\/wp-content\/uploads\/2022\/03\/cropped-InfoPBA247-1.png","width":500,"height":122,"caption":"InfoPBA247"},"image":{"@id":"https:\/\/infopba247.com.ar\/#\/schema\/logo\/image\/"},"sameAs":["https:\/\/www.facebook.com\/InfoPBA"]},{"@type":"Person","@id":"https:\/\/infopba247.com.ar\/#\/schema\/person\/4975f1343a413e57bf839b3eed0099f2","name":"Editor","image":{"@type":"ImageObject","inLanguage":"es","@id":"https:\/\/secure.gravatar.com\/avatar\/d27fe9520667ca53441d36627a1d6b0fa4a813571ec4803687a7a3a7744685ac?s=96&d=mm&r=g","url":"https:\/\/secure.gravatar.com\/avatar\/d27fe9520667ca53441d36627a1d6b0fa4a813571ec4803687a7a3a7744685ac?s=96&d=mm&r=g","contentUrl":"https:\/\/secure.gravatar.com\/avatar\/d27fe9520667ca53441d36627a1d6b0fa4a813571ec4803687a7a3a7744685ac?s=96&d=mm&r=g","caption":"Editor"},"url":"https:\/\/infopba247.com.ar\/index.php\/author\/editor\/"}]}},"_links":{"self":[{"href":"https:\/\/infopba247.com.ar\/index.php\/wp-json\/wp\/v2\/posts\/5239","targetHints":{"allow":["GET"]}}],"collection":[{"href":"https:\/\/infopba247.com.ar\/index.php\/wp-json\/wp\/v2\/posts"}],"about":[{"href":"https:\/\/infopba247.com.ar\/index.php\/wp-json\/wp\/v2\/types\/post"}],"author":[{"embeddable":true,"href":"https:\/\/infopba247.com.ar\/index.php\/wp-json\/wp\/v2\/users\/3"}],"replies":[{"embeddable":true,"href":"https:\/\/infopba247.com.ar\/index.php\/wp-json\/wp\/v2\/comments?post=5239"}],"version-history":[{"count":1,"href":"https:\/\/infopba247.com.ar\/index.php\/wp-json\/wp\/v2\/posts\/5239\/revisions"}],"predecessor-version":[{"id":5241,"href":"https:\/\/infopba247.com.ar\/index.php\/wp-json\/wp\/v2\/posts\/5239\/revisions\/5241"}],"wp:featuredmedia":[{"embeddable":true,"href":"https:\/\/infopba247.com.ar\/index.php\/wp-json\/wp\/v2\/media\/5240"}],"wp:attachment":[{"href":"https:\/\/infopba247.com.ar\/index.php\/wp-json\/wp\/v2\/media?parent=5239"}],"wp:term":[{"taxonomy":"category","embeddable":true,"href":"https:\/\/infopba247.com.ar\/index.php\/wp-json\/wp\/v2\/categories?post=5239"},{"taxonomy":"post_tag","embeddable":true,"href":"https:\/\/infopba247.com.ar\/index.php\/wp-json\/wp\/v2\/tags?post=5239"}],"curies":[{"name":"wp","href":"https:\/\/api.w.org\/{rel}","templated":true}]}}