{"id":5215,"date":"2024-09-18T09:46:02","date_gmt":"2024-09-18T12:46:02","guid":{"rendered":"https:\/\/infopba247.com.ar\/?p=5215"},"modified":"2024-09-18T09:46:02","modified_gmt":"2024-09-18T12:46:02","slug":"alak-participo-de-la-jornada-inaugural-de-expo-universidad-en-el-pasaje-dardo-rocha","status":"publish","type":"post","link":"https:\/\/infopba247.com.ar\/index.php\/2024\/09\/18\/alak-participo-de-la-jornada-inaugural-de-expo-universidad-en-el-pasaje-dardo-rocha\/","title":{"rendered":"Alak particip\u00f3 de la jornada inaugural de Expo Universidad en el Pasaje Dardo Rocha"},"content":{"rendered":"\n<p>El intendente de La Plata, Julio Alak, particip\u00f3 hoy de la inauguraci\u00f3n de la 22\u00b0 edici\u00f3n de Expo Universidad. La propuesta de la UNLP es un evento gratuito, abierto a todo p\u00fablico, y est\u00e1 especialmente orientado a los j\u00f3venes que cursan los \u00faltimos a\u00f1os de la escuela secundaria.<\/p>\n\n\n\n<p>La gran Expo educativa se desarrolla en el Centro Cultural Pasaje Dardo Rocha, de calle 50 entre 6 y 7. Con entrada libre y gratuita, se trata del m\u00e1ximo evento universitario destinado a los j\u00f3venes que quieren conocer la amplia y variada oferta de carreras que se dictan en las 17 facultades.<\/p>\n\n\n\n<p>Este mediod\u00eda, el jefe comunal recorri\u00f3 los diferentes stands junto al presidente de la casa de estudios platense, Mart\u00edn L\u00f3pez Armengol; el vicepresidente Acad\u00e9mico, Fernando Tauber; y decanos y autoridades universitarias.<\/p>\n\n\n\n<p>Al respecto, Alak destac\u00f3 que \u00abel Pasaje Dardo Rocha sea sede de exposiciones de esta naturaleza, que se vinculan con el perfil educativo y cultural muy fuerte que tiene esta ciudad\u00bb. Adem\u00e1s, asegur\u00f3 que este tipo de propuestas \u00abpermiten que se sepa todo lo que la Universidad genera, que es un bagaje acad\u00e9mico, productivo e informativo de punta\u00bb.<\/p>\n\n\n\n<p>Asimismo, ratific\u00f3 que \u00abla Universidad Nacional de La Plata es una de las m\u00e1s importantes de la Argentina, no solamente porque es la que mayor cantidad de carreras tiene, sino porque tiene un volumen de estudiantes alt\u00edsimo, lo que significa un faro de atracci\u00f3n para aquellas personas que vienen a la ciudad\u00bb; y concluy\u00f3: \u00abLa Universidad le dio mucho a la ciudad y es bueno que la ciudad se lo reconozca\u00bb.<\/p>\n\n\n\n<p>Por su parte, L\u00f3pez Armengol dijo: \u201cEsta muestra es un espacio muy valioso para los miles de chicos y chicas que ya est\u00e1n pensando en su futuro y quieren conocer la propuesta acad\u00e9mica de nuestra Universidad, que es la m\u00e1s amplia y variada de todo el sistema de educaci\u00f3n superior\u201d.<\/p>\n\n\n\n<p>A su turno, Tauber subray\u00f3 que \u201cpoder mostrar que la Universidad es mucho m\u00e1s que las carreras que aqu\u00ed se dictan es central, y de eso se trata esta Expo. Queremos que nuestros futuros ingresantes sepan que cuentan con el respaldo de una de las mejores Universidades de Am\u00e9rica Latina, que adem\u00e1s abona a un modelo de gesti\u00f3n con compromiso social, que esperamos puedan aprovechar\u201d.<\/p>\n\n\n\n<p>LOS DETALLES DE LA EXPO<\/p>\n\n\n\n<p>En el emblem\u00e1tico Pasaje Dardo Rocha, miles de chicos y chicas tendr\u00e1n su primer contacto con la vida universitaria y podr\u00e1n acceder a toda la informaci\u00f3n necesaria para preparar el ingreso a la Universidad.<\/p>\n\n\n\n<p>A lo largo de cuatro jornadas, de 9 a 18 horas, los estudiantes del nivel secundario de las escuelas de la regi\u00f3n tendr\u00e1n la oportunidad de recorrer la muestra y encontrar, en un s\u00f3lo lugar, toda la oferta acad\u00e9mica, los planes de estudios y caracter\u00edsticas de cada una de las m\u00e1s de 120 carreras de grado que dicta la casa de estudios platense.<\/p>\n\n\n\n<p>Guiados por profesionales, docentes y estudiantes avanzados de la UNLP, quienes visiten la Expo acceder\u00e1n a la informaci\u00f3n detallada sobre los requisitos para el ingreso 2025, y sobre las caracter\u00edsticas y condiciones de aprobaci\u00f3n de los cursos de nivelaci\u00f3n de cada una de las 17 facultades.<\/p>\n","protected":false},"excerpt":{"rendered":"<p>El intendente de La Plata, Julio Alak, particip\u00f3 hoy de la inauguraci\u00f3n de la 22\u00b0 edici\u00f3n de Expo Universidad. La<\/p>\n","protected":false},"author":3,"featured_media":5209,"comment_status":"open","ping_status":"open","sticky":false,"template":"","format":"standard","meta":{"colormag_page_container_layout":"default_layout","colormag_page_sidebar_layout":"default_layout","footnotes":""},"categories":[12,1,14],"tags":[],"class_list":["post-5215","post","type-post","status-publish","format-standard","has-post-thumbnail","hentry","category-8va-seccion","category-destacadas","category-politica"],"yoast_head":"<!-- This site is optimized with the Yoast SEO plugin v27.5 - https:\/\/yoast.com\/product\/yoast-seo-wordpress\/ -->\n<title>Alak particip\u00f3 de la jornada inaugural de Expo Universidad en el Pasaje Dardo Rocha - InfoPBA247<\/title>\n<meta name=\"robots\" content=\"index, follow, max-snippet:-1, max-image-preview:large, max-video-preview:-1\" \/>\n<link rel=\"canonical\" href=\"https:\/\/infopba247.com.ar\/index.php\/2024\/09\/18\/alak-participo-de-la-jornada-inaugural-de-expo-universidad-en-el-pasaje-dardo-rocha\/\" \/>\n<meta property=\"og:locale\" content=\"es_ES\" \/>\n<meta property=\"og:type\" content=\"article\" \/>\n<meta property=\"og:title\" content=\"Alak particip\u00f3 de la jornada inaugural de Expo Universidad en el Pasaje Dardo Rocha - InfoPBA247\" \/>\n<meta property=\"og:description\" content=\"El intendente de La Plata, Julio Alak, particip\u00f3 hoy de la inauguraci\u00f3n de la 22\u00b0 edici\u00f3n de Expo Universidad. La\" \/>\n<meta property=\"og:url\" content=\"https:\/\/infopba247.com.ar\/index.php\/2024\/09\/18\/alak-participo-de-la-jornada-inaugural-de-expo-universidad-en-el-pasaje-dardo-rocha\/\" \/>\n<meta property=\"og:site_name\" content=\"InfoPBA247\" \/>\n<meta property=\"article:publisher\" content=\"https:\/\/www.facebook.com\/InfoPBA\" \/>\n<meta property=\"article:published_time\" content=\"2024-09-18T12:46:02+00:00\" \/>\n<meta property=\"og:image\" content=\"https:\/\/infopba247.com.ar\/wp-content\/uploads\/2024\/09\/unnamed-88.jpg\" \/>\n\t<meta property=\"og:image:width\" content=\"1546\" \/>\n\t<meta property=\"og:image:height\" content=\"1030\" \/>\n\t<meta property=\"og:image:type\" content=\"image\/jpeg\" \/>\n<meta name=\"author\" content=\"Editor\" \/>\n<meta name=\"twitter:card\" content=\"summary_large_image\" \/>\n<meta name=\"twitter:label1\" content=\"Escrito por\" \/>\n\t<meta name=\"twitter:data1\" content=\"Editor\" \/>\n\t<meta name=\"twitter:label2\" content=\"Tiempo de lectura\" \/>\n\t<meta name=\"twitter:data2\" content=\"3 minutos\" \/>\n<script type=\"application\/ld+json\" class=\"yoast-schema-graph\">{\"@context\":\"https:\\\/\\\/schema.org\",\"@graph\":[{\"@type\":\"Article\",\"@id\":\"https:\\\/\\\/infopba247.com.ar\\\/index.php\\\/2024\\\/09\\\/18\\\/alak-participo-de-la-jornada-inaugural-de-expo-universidad-en-el-pasaje-dardo-rocha\\\/#article\",\"isPartOf\":{\"@id\":\"https:\\\/\\\/infopba247.com.ar\\\/index.php\\\/2024\\\/09\\\/18\\\/alak-participo-de-la-jornada-inaugural-de-expo-universidad-en-el-pasaje-dardo-rocha\\\/\"},\"author\":{\"name\":\"Editor\",\"@id\":\"https:\\\/\\\/infopba247.com.ar\\\/#\\\/schema\\\/person\\\/4975f1343a413e57bf839b3eed0099f2\"},\"headline\":\"Alak particip\u00f3 de la jornada inaugural de Expo Universidad en el Pasaje Dardo Rocha\",\"datePublished\":\"2024-09-18T12:46:02+00:00\",\"mainEntityOfPage\":{\"@id\":\"https:\\\/\\\/infopba247.com.ar\\\/index.php\\\/2024\\\/09\\\/18\\\/alak-participo-de-la-jornada-inaugural-de-expo-universidad-en-el-pasaje-dardo-rocha\\\/\"},\"wordCount\":567,\"commentCount\":0,\"publisher\":{\"@id\":\"https:\\\/\\\/infopba247.com.ar\\\/#organization\"},\"image\":{\"@id\":\"https:\\\/\\\/infopba247.com.ar\\\/index.php\\\/2024\\\/09\\\/18\\\/alak-participo-de-la-jornada-inaugural-de-expo-universidad-en-el-pasaje-dardo-rocha\\\/#primaryimage\"},\"thumbnailUrl\":\"https:\\\/\\\/infopba247.com.ar\\\/wp-content\\\/uploads\\\/2024\\\/09\\\/unnamed-88.jpg\",\"articleSection\":[\"8va Secci\u00f3n\",\"Destacadas\",\"Pol\u00edtica\"],\"inLanguage\":\"es\",\"potentialAction\":[{\"@type\":\"CommentAction\",\"name\":\"Comment\",\"target\":[\"https:\\\/\\\/infopba247.com.ar\\\/index.php\\\/2024\\\/09\\\/18\\\/alak-participo-de-la-jornada-inaugural-de-expo-universidad-en-el-pasaje-dardo-rocha\\\/#respond\"]}]},{\"@type\":\"WebPage\",\"@id\":\"https:\\\/\\\/infopba247.com.ar\\\/index.php\\\/2024\\\/09\\\/18\\\/alak-participo-de-la-jornada-inaugural-de-expo-universidad-en-el-pasaje-dardo-rocha\\\/\",\"url\":\"https:\\\/\\\/infopba247.com.ar\\\/index.php\\\/2024\\\/09\\\/18\\\/alak-participo-de-la-jornada-inaugural-de-expo-universidad-en-el-pasaje-dardo-rocha\\\/\",\"name\":\"Alak particip\u00f3 de la jornada inaugural de Expo Universidad en el Pasaje Dardo Rocha - InfoPBA247\",\"isPartOf\":{\"@id\":\"https:\\\/\\\/infopba247.com.ar\\\/#website\"},\"primaryImageOfPage\":{\"@id\":\"https:\\\/\\\/infopba247.com.ar\\\/index.php\\\/2024\\\/09\\\/18\\\/alak-participo-de-la-jornada-inaugural-de-expo-universidad-en-el-pasaje-dardo-rocha\\\/#primaryimage\"},\"image\":{\"@id\":\"https:\\\/\\\/infopba247.com.ar\\\/index.php\\\/2024\\\/09\\\/18\\\/alak-participo-de-la-jornada-inaugural-de-expo-universidad-en-el-pasaje-dardo-rocha\\\/#primaryimage\"},\"thumbnailUrl\":\"https:\\\/\\\/infopba247.com.ar\\\/wp-content\\\/uploads\\\/2024\\\/09\\\/unnamed-88.jpg\",\"datePublished\":\"2024-09-18T12:46:02+00:00\",\"breadcrumb\":{\"@id\":\"https:\\\/\\\/infopba247.com.ar\\\/index.php\\\/2024\\\/09\\\/18\\\/alak-participo-de-la-jornada-inaugural-de-expo-universidad-en-el-pasaje-dardo-rocha\\\/#breadcrumb\"},\"inLanguage\":\"es\",\"potentialAction\":[{\"@type\":\"ReadAction\",\"target\":[\"https:\\\/\\\/infopba247.com.ar\\\/index.php\\\/2024\\\/09\\\/18\\\/alak-participo-de-la-jornada-inaugural-de-expo-universidad-en-el-pasaje-dardo-rocha\\\/\"]}]},{\"@type\":\"ImageObject\",\"inLanguage\":\"es\",\"@id\":\"https:\\\/\\\/infopba247.com.ar\\\/index.php\\\/2024\\\/09\\\/18\\\/alak-participo-de-la-jornada-inaugural-de-expo-universidad-en-el-pasaje-dardo-rocha\\\/#primaryimage\",\"url\":\"https:\\\/\\\/infopba247.com.ar\\\/wp-content\\\/uploads\\\/2024\\\/09\\\/unnamed-88.jpg\",\"contentUrl\":\"https:\\\/\\\/infopba247.com.ar\\\/wp-content\\\/uploads\\\/2024\\\/09\\\/unnamed-88.jpg\",\"width\":1546,\"height\":1030},{\"@type\":\"BreadcrumbList\",\"@id\":\"https:\\\/\\\/infopba247.com.ar\\\/index.php\\\/2024\\\/09\\\/18\\\/alak-participo-de-la-jornada-inaugural-de-expo-universidad-en-el-pasaje-dardo-rocha\\\/#breadcrumb\",\"itemListElement\":[{\"@type\":\"ListItem\",\"position\":1,\"name\":\"Portada\",\"item\":\"https:\\\/\\\/infopba247.com.ar\\\/\"},{\"@type\":\"ListItem\",\"position\":2,\"name\":\"Alak particip\u00f3 de la jornada inaugural de Expo Universidad en el Pasaje Dardo Rocha\"}]},{\"@type\":\"WebSite\",\"@id\":\"https:\\\/\\\/infopba247.com.ar\\\/#website\",\"url\":\"https:\\\/\\\/infopba247.com.ar\\\/\",\"name\":\"InfoPBA247\",\"description\":\"Toda la actualidad bonaerense\",\"publisher\":{\"@id\":\"https:\\\/\\\/infopba247.com.ar\\\/#organization\"},\"potentialAction\":[{\"@type\":\"SearchAction\",\"target\":{\"@type\":\"EntryPoint\",\"urlTemplate\":\"https:\\\/\\\/infopba247.com.ar\\\/?s={search_term_string}\"},\"query-input\":{\"@type\":\"PropertyValueSpecification\",\"valueRequired\":true,\"valueName\":\"search_term_string\"}}],\"inLanguage\":\"es\"},{\"@type\":\"Organization\",\"@id\":\"https:\\\/\\\/infopba247.com.ar\\\/#organization\",\"name\":\"InfoPBA247\",\"url\":\"https:\\\/\\\/infopba247.com.ar\\\/\",\"logo\":{\"@type\":\"ImageObject\",\"inLanguage\":\"es\",\"@id\":\"https:\\\/\\\/infopba247.com.ar\\\/#\\\/schema\\\/logo\\\/image\\\/\",\"url\":\"https:\\\/\\\/infopba247.com.ar\\\/wp-content\\\/uploads\\\/2022\\\/03\\\/cropped-InfoPBA247-1.png\",\"contentUrl\":\"https:\\\/\\\/infopba247.com.ar\\\/wp-content\\\/uploads\\\/2022\\\/03\\\/cropped-InfoPBA247-1.png\",\"width\":500,\"height\":122,\"caption\":\"InfoPBA247\"},\"image\":{\"@id\":\"https:\\\/\\\/infopba247.com.ar\\\/#\\\/schema\\\/logo\\\/image\\\/\"},\"sameAs\":[\"https:\\\/\\\/www.facebook.com\\\/InfoPBA\"]},{\"@type\":\"Person\",\"@id\":\"https:\\\/\\\/infopba247.com.ar\\\/#\\\/schema\\\/person\\\/4975f1343a413e57bf839b3eed0099f2\",\"name\":\"Editor\",\"image\":{\"@type\":\"ImageObject\",\"inLanguage\":\"es\",\"@id\":\"https:\\\/\\\/secure.gravatar.com\\\/avatar\\\/d27fe9520667ca53441d36627a1d6b0fa4a813571ec4803687a7a3a7744685ac?s=96&d=mm&r=g\",\"url\":\"https:\\\/\\\/secure.gravatar.com\\\/avatar\\\/d27fe9520667ca53441d36627a1d6b0fa4a813571ec4803687a7a3a7744685ac?s=96&d=mm&r=g\",\"contentUrl\":\"https:\\\/\\\/secure.gravatar.com\\\/avatar\\\/d27fe9520667ca53441d36627a1d6b0fa4a813571ec4803687a7a3a7744685ac?s=96&d=mm&r=g\",\"caption\":\"Editor\"},\"url\":\"https:\\\/\\\/infopba247.com.ar\\\/index.php\\\/author\\\/editor\\\/\"}]}<\/script>\n<!-- \/ Yoast SEO plugin. -->","yoast_head_json":{"title":"Alak particip\u00f3 de la jornada inaugural de Expo Universidad en el Pasaje Dardo Rocha - InfoPBA247","robots":{"index":"index","follow":"follow","max-snippet":"max-snippet:-1","max-image-preview":"max-image-preview:large","max-video-preview":"max-video-preview:-1"},"canonical":"https:\/\/infopba247.com.ar\/index.php\/2024\/09\/18\/alak-participo-de-la-jornada-inaugural-de-expo-universidad-en-el-pasaje-dardo-rocha\/","og_locale":"es_ES","og_type":"article","og_title":"Alak particip\u00f3 de la jornada inaugural de Expo Universidad en el Pasaje Dardo Rocha - InfoPBA247","og_description":"El intendente de La Plata, Julio Alak, particip\u00f3 hoy de la inauguraci\u00f3n de la 22\u00b0 edici\u00f3n de Expo Universidad. La","og_url":"https:\/\/infopba247.com.ar\/index.php\/2024\/09\/18\/alak-participo-de-la-jornada-inaugural-de-expo-universidad-en-el-pasaje-dardo-rocha\/","og_site_name":"InfoPBA247","article_publisher":"https:\/\/www.facebook.com\/InfoPBA","article_published_time":"2024-09-18T12:46:02+00:00","og_image":[{"width":1546,"height":1030,"url":"https:\/\/infopba247.com.ar\/wp-content\/uploads\/2024\/09\/unnamed-88.jpg","type":"image\/jpeg"}],"author":"Editor","twitter_card":"summary_large_image","twitter_misc":{"Escrito por":"Editor","Tiempo de lectura":"3 minutos"},"schema":{"@context":"https:\/\/schema.org","@graph":[{"@type":"Article","@id":"https:\/\/infopba247.com.ar\/index.php\/2024\/09\/18\/alak-participo-de-la-jornada-inaugural-de-expo-universidad-en-el-pasaje-dardo-rocha\/#article","isPartOf":{"@id":"https:\/\/infopba247.com.ar\/index.php\/2024\/09\/18\/alak-participo-de-la-jornada-inaugural-de-expo-universidad-en-el-pasaje-dardo-rocha\/"},"author":{"name":"Editor","@id":"https:\/\/infopba247.com.ar\/#\/schema\/person\/4975f1343a413e57bf839b3eed0099f2"},"headline":"Alak particip\u00f3 de la jornada inaugural de Expo Universidad en el Pasaje Dardo Rocha","datePublished":"2024-09-18T12:46:02+00:00","mainEntityOfPage":{"@id":"https:\/\/infopba247.com.ar\/index.php\/2024\/09\/18\/alak-participo-de-la-jornada-inaugural-de-expo-universidad-en-el-pasaje-dardo-rocha\/"},"wordCount":567,"commentCount":0,"publisher":{"@id":"https:\/\/infopba247.com.ar\/#organization"},"image":{"@id":"https:\/\/infopba247.com.ar\/index.php\/2024\/09\/18\/alak-participo-de-la-jornada-inaugural-de-expo-universidad-en-el-pasaje-dardo-rocha\/#primaryimage"},"thumbnailUrl":"https:\/\/infopba247.com.ar\/wp-content\/uploads\/2024\/09\/unnamed-88.jpg","articleSection":["8va Secci\u00f3n","Destacadas","Pol\u00edtica"],"inLanguage":"es","potentialAction":[{"@type":"CommentAction","name":"Comment","target":["https:\/\/infopba247.com.ar\/index.php\/2024\/09\/18\/alak-participo-de-la-jornada-inaugural-de-expo-universidad-en-el-pasaje-dardo-rocha\/#respond"]}]},{"@type":"WebPage","@id":"https:\/\/infopba247.com.ar\/index.php\/2024\/09\/18\/alak-participo-de-la-jornada-inaugural-de-expo-universidad-en-el-pasaje-dardo-rocha\/","url":"https:\/\/infopba247.com.ar\/index.php\/2024\/09\/18\/alak-participo-de-la-jornada-inaugural-de-expo-universidad-en-el-pasaje-dardo-rocha\/","name":"Alak particip\u00f3 de la jornada inaugural de Expo Universidad en el Pasaje Dardo Rocha - InfoPBA247","isPartOf":{"@id":"https:\/\/infopba247.com.ar\/#website"},"primaryImageOfPage":{"@id":"https:\/\/infopba247.com.ar\/index.php\/2024\/09\/18\/alak-participo-de-la-jornada-inaugural-de-expo-universidad-en-el-pasaje-dardo-rocha\/#primaryimage"},"image":{"@id":"https:\/\/infopba247.com.ar\/index.php\/2024\/09\/18\/alak-participo-de-la-jornada-inaugural-de-expo-universidad-en-el-pasaje-dardo-rocha\/#primaryimage"},"thumbnailUrl":"https:\/\/infopba247.com.ar\/wp-content\/uploads\/2024\/09\/unnamed-88.jpg","datePublished":"2024-09-18T12:46:02+00:00","breadcrumb":{"@id":"https:\/\/infopba247.com.ar\/index.php\/2024\/09\/18\/alak-participo-de-la-jornada-inaugural-de-expo-universidad-en-el-pasaje-dardo-rocha\/#breadcrumb"},"inLanguage":"es","potentialAction":[{"@type":"ReadAction","target":["https:\/\/infopba247.com.ar\/index.php\/2024\/09\/18\/alak-participo-de-la-jornada-inaugural-de-expo-universidad-en-el-pasaje-dardo-rocha\/"]}]},{"@type":"ImageObject","inLanguage":"es","@id":"https:\/\/infopba247.com.ar\/index.php\/2024\/09\/18\/alak-participo-de-la-jornada-inaugural-de-expo-universidad-en-el-pasaje-dardo-rocha\/#primaryimage","url":"https:\/\/infopba247.com.ar\/wp-content\/uploads\/2024\/09\/unnamed-88.jpg","contentUrl":"https:\/\/infopba247.com.ar\/wp-content\/uploads\/2024\/09\/unnamed-88.jpg","width":1546,"height":1030},{"@type":"BreadcrumbList","@id":"https:\/\/infopba247.com.ar\/index.php\/2024\/09\/18\/alak-participo-de-la-jornada-inaugural-de-expo-universidad-en-el-pasaje-dardo-rocha\/#breadcrumb","itemListElement":[{"@type":"ListItem","position":1,"name":"Portada","item":"https:\/\/infopba247.com.ar\/"},{"@type":"ListItem","position":2,"name":"Alak particip\u00f3 de la jornada inaugural de Expo Universidad en el Pasaje Dardo Rocha"}]},{"@type":"WebSite","@id":"https:\/\/infopba247.com.ar\/#website","url":"https:\/\/infopba247.com.ar\/","name":"InfoPBA247","description":"Toda la actualidad bonaerense","publisher":{"@id":"https:\/\/infopba247.com.ar\/#organization"},"potentialAction":[{"@type":"SearchAction","target":{"@type":"EntryPoint","urlTemplate":"https:\/\/infopba247.com.ar\/?s={search_term_string}"},"query-input":{"@type":"PropertyValueSpecification","valueRequired":true,"valueName":"search_term_string"}}],"inLanguage":"es"},{"@type":"Organization","@id":"https:\/\/infopba247.com.ar\/#organization","name":"InfoPBA247","url":"https:\/\/infopba247.com.ar\/","logo":{"@type":"ImageObject","inLanguage":"es","@id":"https:\/\/infopba247.com.ar\/#\/schema\/logo\/image\/","url":"https:\/\/infopba247.com.ar\/wp-content\/uploads\/2022\/03\/cropped-InfoPBA247-1.png","contentUrl":"https:\/\/infopba247.com.ar\/wp-content\/uploads\/2022\/03\/cropped-InfoPBA247-1.png","width":500,"height":122,"caption":"InfoPBA247"},"image":{"@id":"https:\/\/infopba247.com.ar\/#\/schema\/logo\/image\/"},"sameAs":["https:\/\/www.facebook.com\/InfoPBA"]},{"@type":"Person","@id":"https:\/\/infopba247.com.ar\/#\/schema\/person\/4975f1343a413e57bf839b3eed0099f2","name":"Editor","image":{"@type":"ImageObject","inLanguage":"es","@id":"https:\/\/secure.gravatar.com\/avatar\/d27fe9520667ca53441d36627a1d6b0fa4a813571ec4803687a7a3a7744685ac?s=96&d=mm&r=g","url":"https:\/\/secure.gravatar.com\/avatar\/d27fe9520667ca53441d36627a1d6b0fa4a813571ec4803687a7a3a7744685ac?s=96&d=mm&r=g","contentUrl":"https:\/\/secure.gravatar.com\/avatar\/d27fe9520667ca53441d36627a1d6b0fa4a813571ec4803687a7a3a7744685ac?s=96&d=mm&r=g","caption":"Editor"},"url":"https:\/\/infopba247.com.ar\/index.php\/author\/editor\/"}]}},"_links":{"self":[{"href":"https:\/\/infopba247.com.ar\/index.php\/wp-json\/wp\/v2\/posts\/5215","targetHints":{"allow":["GET"]}}],"collection":[{"href":"https:\/\/infopba247.com.ar\/index.php\/wp-json\/wp\/v2\/posts"}],"about":[{"href":"https:\/\/infopba247.com.ar\/index.php\/wp-json\/wp\/v2\/types\/post"}],"author":[{"embeddable":true,"href":"https:\/\/infopba247.com.ar\/index.php\/wp-json\/wp\/v2\/users\/3"}],"replies":[{"embeddable":true,"href":"https:\/\/infopba247.com.ar\/index.php\/wp-json\/wp\/v2\/comments?post=5215"}],"version-history":[{"count":1,"href":"https:\/\/infopba247.com.ar\/index.php\/wp-json\/wp\/v2\/posts\/5215\/revisions"}],"predecessor-version":[{"id":5216,"href":"https:\/\/infopba247.com.ar\/index.php\/wp-json\/wp\/v2\/posts\/5215\/revisions\/5216"}],"wp:featuredmedia":[{"embeddable":true,"href":"https:\/\/infopba247.com.ar\/index.php\/wp-json\/wp\/v2\/media\/5209"}],"wp:attachment":[{"href":"https:\/\/infopba247.com.ar\/index.php\/wp-json\/wp\/v2\/media?parent=5215"}],"wp:term":[{"taxonomy":"category","embeddable":true,"href":"https:\/\/infopba247.com.ar\/index.php\/wp-json\/wp\/v2\/categories?post=5215"},{"taxonomy":"post_tag","embeddable":true,"href":"https:\/\/infopba247.com.ar\/index.php\/wp-json\/wp\/v2\/tags?post=5215"}],"curies":[{"name":"wp","href":"https:\/\/api.w.org\/{rel}","templated":true}]}}