{"id":5211,"date":"2024-09-18T09:43:38","date_gmt":"2024-09-18T12:43:38","guid":{"rendered":"https:\/\/infopba247.com.ar\/?p=5211"},"modified":"2024-09-18T09:43:39","modified_gmt":"2024-09-18T12:43:39","slug":"estela-diaz-el-canal-magdalena-es-una-agenda-de-soberania-de-presente-y-de-futuro","status":"publish","type":"post","link":"https:\/\/infopba247.com.ar\/index.php\/2024\/09\/18\/estela-diaz-el-canal-magdalena-es-una-agenda-de-soberania-de-presente-y-de-futuro\/","title":{"rendered":"Estela D\u00edaz: \u201cEl Canal Magdalena es una agenda de soberan\u00eda, de presente y de futuro\u201d"},"content":{"rendered":"\n<p>En el marco del proyecto para el dragado del Canal Magdalena que impulsa el gobernador Axel Kicillof, la ministra de Mujeres y Diversidad Estela D\u00edaz, junto al ministro de Gobierno Carlos Bianco, la ministra de H\u00e1bitat y Desarrollo Urbano Silvina Batakis, el intendente de Ensenada Mario Secco, el intendente de Berisso Fabi\u00e1n Cagliardi y el presidente del Puerto La Plata Jos\u00e9 Mar\u00eda Lojo, participaron en el conversatorio \u201cSoberan\u00eda, Producci\u00f3n y Trabajo desde un enfoque de G\u00e9nero\u201d.<\/p>\n\n\n\n<p>\u201cCon el compromiso de nuestro Gobernador y de todas las autoridades de la regi\u00f3n vamos a lograr un futuro con m\u00e1s inclusi\u00f3n y justicia social\u201d afirm\u00f3 Estela D\u00edaz y agreg\u00f3: \u201cLa igualdad de g\u00e9nero en los puertos no es una opci\u00f3n, es una necesidad. En las concesionarias portuarias las mujeres representan un porcentaje m\u00ednimo de la fuerza laboral. Esta es una agenda de soberan\u00eda, de presente y de futuro. Cuando existe la voluntad pol\u00edtica de construir igualdad nada es imposible\u201d.<\/p>\n\n\n\n<p>Por su parte, Carlos Bianco se\u00f1al\u00f3: \u201cEl Canal Magdalena es una obra estrat\u00e9gica para la soberan\u00eda argentina, y su reclamo, al igual que el de nuestras Islas Malvinas, debe ser una pol\u00edtica de Estado. Por eso, desde el Gobierno de la Provincia seguiremos trabajando para avanzar en su desarrollo\u201d.<\/p>\n\n\n\n<p>Durante el conversatorio, Silvina Batakis afirm\u00f3: \u201cNecesitamos este desarrollo para poder integrar mayor actividad econ\u00f3mica y productiva en la Provincia y lo que necesitamos comprender es que la desigualdad, como sociedad, nos priva del talento de las mujeres\u201d.<\/p>\n\n\n\n<p>En tanto que el presidente del Puerto La Plata Jos\u00e9 Mar\u00eda Lojo destac\u00f3 que el encuentro se haya realizado en el Puerto \u201cpor lo que se simboliza el Canal Magdalena para la Regi\u00f3n y que se haga desde un enfoque con perspectiva de g\u00e9nero nos muestra que podemos construir un futuro soberano con m\u00e1s inclusi\u00f3n\u201d.<\/p>\n\n\n\n<p>La actividad tuvo lugar en la Estaci\u00f3n Dock Central del Puerto de La Plata, ubicado en Ensenada, y se realiz\u00f3 con el objetivo de&nbsp; involucrar a las mujeres y diversidades de la Regi\u00f3n Capital en los procesos de planificaci\u00f3n y toma de decisiones sobre la soberan\u00eda territorial y el desarrollo productivo. Para la Provincia es fundamental construir un presente y futuro m\u00e1s igualitario a trav\u00e9s de la participaci\u00f3n activa y la reflexi\u00f3n sobre el impacto del enfoque de g\u00e9nero en estos temas.<\/p>\n\n\n\n<p>El objetivo del proyecto Canal de Magdalena, impulsado por el gobernador Axel Kicillof, propone realizar un dragado en la zona que va desde El Codillo hasta donde desemboca el R\u00edo de La Plata en el Mar Argentino para permitir la navegaci\u00f3n de grandes buques y facilitar las operaciones del comercio exterior de nuestro pa\u00eds.<\/p>\n\n\n\n<p>Actualmente, tanto los barcos de bandera nacional como los buques de ultramar deben transitar rutas m\u00e1s largas administradas por Uruguay. Este proyecto busca poner en valor el estuario del R\u00edo de La Plata y sus puertos y ubicarlos geopol\u00edticamente en una posici\u00f3n de mayor ventaja para la administraci\u00f3n comercial nacional.<\/p>\n\n\n\n<p>A su vez, esta obra permitir\u00eda generar una gran cantidad de puestos de trabajo vinculados a varios sectores productivos y de servicios mar\u00edtimos, como por ejemplo: alimentos, indumentaria de trabajo, turismo, asistencia m\u00e9dica, entre otros.<\/p>\n\n\n\n<p>En este sentido, desde el Ministerio de Mujeres y Diversidad de la provincia de Buenos Aires, en articulaci\u00f3n con diferentes sectores y organismos, se propuso profundizar en una agenda para incluir la perspectiva de g\u00e9nero en el trabajo y la producci\u00f3n con el objetivo de promover la formaci\u00f3n y acceso de mujeres y diversidades en oficios hist\u00f3ricamente masculinizados.<\/p>\n\n\n\n<p>Durante el conversatorio, la Ministra present\u00f3 los datos que dan cuenta de los avances en relaci\u00f3n a la inclusi\u00f3n de mujeres en diferentes oficios portuarios a partir del desarrollo de pol\u00edticas como el programa Puertos en Clave de G\u00e9neros, implementado por el Ministerio de Producci\u00f3n de la Provincia. En 2021, el trabajo en los muelles era realizado s\u00f3lo por varones, mientras que para 2023 la participaci\u00f3n de las mujeres en estas tareas alcanz\u00f3 el 40%.&nbsp;<\/p>\n\n\n\n<p>La actividad cont\u00f3 con la participaci\u00f3n de la secretaria de Mujeres y Diversidad del municipio de La Plata, Silvina Perugino; la directora de Pol\u00edticas de G\u00e9nero de Berisso, Marina Pe\u00f1alba; la secretaria de G\u00e9nero de Ensenada, Marilina Maciel; la directora de Mujeres, G\u00e9nero y Diversidad de Punta Indio, Valentina Carpinetti; autoridades del Ministerio de Mujeres y Diversidad, referentas de sindicatos y organizaciones sociales, trabajadoras y trabajadores del Puerto La Plata.<\/p>\n","protected":false},"excerpt":{"rendered":"<p>En el marco del proyecto para el dragado del Canal Magdalena que impulsa el gobernador Axel Kicillof, la ministra de<\/p>\n","protected":false},"author":3,"featured_media":5206,"comment_status":"open","ping_status":"open","sticky":false,"template":"","format":"standard","meta":{"colormag_page_container_layout":"default_layout","colormag_page_sidebar_layout":"default_layout","footnotes":""},"categories":[1,14],"tags":[],"class_list":["post-5211","post","type-post","status-publish","format-standard","has-post-thumbnail","hentry","category-destacadas","category-politica"],"yoast_head":"<!-- This site is optimized with the Yoast SEO plugin v27.4 - https:\/\/yoast.com\/product\/yoast-seo-wordpress\/ -->\n<title>Estela D\u00edaz: \u201cEl Canal Magdalena es una agenda de soberan\u00eda, de presente y de futuro\u201d - InfoPBA247<\/title>\n<meta name=\"robots\" content=\"index, follow, max-snippet:-1, max-image-preview:large, max-video-preview:-1\" \/>\n<link rel=\"canonical\" href=\"https:\/\/infopba247.com.ar\/index.php\/2024\/09\/18\/estela-diaz-el-canal-magdalena-es-una-agenda-de-soberania-de-presente-y-de-futuro\/\" \/>\n<meta property=\"og:locale\" content=\"es_ES\" \/>\n<meta property=\"og:type\" content=\"article\" \/>\n<meta property=\"og:title\" content=\"Estela D\u00edaz: \u201cEl Canal Magdalena es una agenda de soberan\u00eda, de presente y de futuro\u201d - InfoPBA247\" \/>\n<meta property=\"og:description\" content=\"En el marco del proyecto para el dragado del Canal Magdalena que impulsa el gobernador Axel Kicillof, la ministra de\" \/>\n<meta property=\"og:url\" content=\"https:\/\/infopba247.com.ar\/index.php\/2024\/09\/18\/estela-diaz-el-canal-magdalena-es-una-agenda-de-soberania-de-presente-y-de-futuro\/\" \/>\n<meta property=\"og:site_name\" content=\"InfoPBA247\" \/>\n<meta property=\"article:publisher\" content=\"https:\/\/www.facebook.com\/InfoPBA\" \/>\n<meta property=\"article:published_time\" content=\"2024-09-18T12:43:38+00:00\" \/>\n<meta property=\"article:modified_time\" content=\"2024-09-18T12:43:39+00:00\" \/>\n<meta property=\"og:image\" content=\"https:\/\/infopba247.com.ar\/wp-content\/uploads\/2024\/09\/WhatsApp-Image-2024-09-17-at-23.08.04.jpeg\" \/>\n\t<meta property=\"og:image:width\" content=\"1600\" \/>\n\t<meta property=\"og:image:height\" content=\"1069\" \/>\n\t<meta property=\"og:image:type\" content=\"image\/jpeg\" \/>\n<meta name=\"author\" content=\"Editor\" \/>\n<meta name=\"twitter:card\" content=\"summary_large_image\" \/>\n<meta name=\"twitter:label1\" content=\"Escrito por\" \/>\n\t<meta name=\"twitter:data1\" content=\"Editor\" \/>\n\t<meta name=\"twitter:label2\" content=\"Tiempo de lectura\" \/>\n\t<meta name=\"twitter:data2\" content=\"4 minutos\" \/>\n<script type=\"application\/ld+json\" class=\"yoast-schema-graph\">{\"@context\":\"https:\\\/\\\/schema.org\",\"@graph\":[{\"@type\":\"Article\",\"@id\":\"https:\\\/\\\/infopba247.com.ar\\\/index.php\\\/2024\\\/09\\\/18\\\/estela-diaz-el-canal-magdalena-es-una-agenda-de-soberania-de-presente-y-de-futuro\\\/#article\",\"isPartOf\":{\"@id\":\"https:\\\/\\\/infopba247.com.ar\\\/index.php\\\/2024\\\/09\\\/18\\\/estela-diaz-el-canal-magdalena-es-una-agenda-de-soberania-de-presente-y-de-futuro\\\/\"},\"author\":{\"name\":\"Editor\",\"@id\":\"https:\\\/\\\/infopba247.com.ar\\\/#\\\/schema\\\/person\\\/4975f1343a413e57bf839b3eed0099f2\"},\"headline\":\"Estela D\u00edaz: \u201cEl Canal Magdalena es una agenda de soberan\u00eda, de presente y de futuro\u201d\",\"datePublished\":\"2024-09-18T12:43:38+00:00\",\"dateModified\":\"2024-09-18T12:43:39+00:00\",\"mainEntityOfPage\":{\"@id\":\"https:\\\/\\\/infopba247.com.ar\\\/index.php\\\/2024\\\/09\\\/18\\\/estela-diaz-el-canal-magdalena-es-una-agenda-de-soberania-de-presente-y-de-futuro\\\/\"},\"wordCount\":802,\"commentCount\":0,\"publisher\":{\"@id\":\"https:\\\/\\\/infopba247.com.ar\\\/#organization\"},\"image\":{\"@id\":\"https:\\\/\\\/infopba247.com.ar\\\/index.php\\\/2024\\\/09\\\/18\\\/estela-diaz-el-canal-magdalena-es-una-agenda-de-soberania-de-presente-y-de-futuro\\\/#primaryimage\"},\"thumbnailUrl\":\"https:\\\/\\\/infopba247.com.ar\\\/wp-content\\\/uploads\\\/2024\\\/09\\\/WhatsApp-Image-2024-09-17-at-23.08.04.jpeg\",\"articleSection\":[\"Destacadas\",\"Pol\u00edtica\"],\"inLanguage\":\"es\",\"potentialAction\":[{\"@type\":\"CommentAction\",\"name\":\"Comment\",\"target\":[\"https:\\\/\\\/infopba247.com.ar\\\/index.php\\\/2024\\\/09\\\/18\\\/estela-diaz-el-canal-magdalena-es-una-agenda-de-soberania-de-presente-y-de-futuro\\\/#respond\"]}]},{\"@type\":\"WebPage\",\"@id\":\"https:\\\/\\\/infopba247.com.ar\\\/index.php\\\/2024\\\/09\\\/18\\\/estela-diaz-el-canal-magdalena-es-una-agenda-de-soberania-de-presente-y-de-futuro\\\/\",\"url\":\"https:\\\/\\\/infopba247.com.ar\\\/index.php\\\/2024\\\/09\\\/18\\\/estela-diaz-el-canal-magdalena-es-una-agenda-de-soberania-de-presente-y-de-futuro\\\/\",\"name\":\"Estela D\u00edaz: \u201cEl Canal Magdalena es una agenda de soberan\u00eda, de presente y de futuro\u201d - InfoPBA247\",\"isPartOf\":{\"@id\":\"https:\\\/\\\/infopba247.com.ar\\\/#website\"},\"primaryImageOfPage\":{\"@id\":\"https:\\\/\\\/infopba247.com.ar\\\/index.php\\\/2024\\\/09\\\/18\\\/estela-diaz-el-canal-magdalena-es-una-agenda-de-soberania-de-presente-y-de-futuro\\\/#primaryimage\"},\"image\":{\"@id\":\"https:\\\/\\\/infopba247.com.ar\\\/index.php\\\/2024\\\/09\\\/18\\\/estela-diaz-el-canal-magdalena-es-una-agenda-de-soberania-de-presente-y-de-futuro\\\/#primaryimage\"},\"thumbnailUrl\":\"https:\\\/\\\/infopba247.com.ar\\\/wp-content\\\/uploads\\\/2024\\\/09\\\/WhatsApp-Image-2024-09-17-at-23.08.04.jpeg\",\"datePublished\":\"2024-09-18T12:43:38+00:00\",\"dateModified\":\"2024-09-18T12:43:39+00:00\",\"breadcrumb\":{\"@id\":\"https:\\\/\\\/infopba247.com.ar\\\/index.php\\\/2024\\\/09\\\/18\\\/estela-diaz-el-canal-magdalena-es-una-agenda-de-soberania-de-presente-y-de-futuro\\\/#breadcrumb\"},\"inLanguage\":\"es\",\"potentialAction\":[{\"@type\":\"ReadAction\",\"target\":[\"https:\\\/\\\/infopba247.com.ar\\\/index.php\\\/2024\\\/09\\\/18\\\/estela-diaz-el-canal-magdalena-es-una-agenda-de-soberania-de-presente-y-de-futuro\\\/\"]}]},{\"@type\":\"ImageObject\",\"inLanguage\":\"es\",\"@id\":\"https:\\\/\\\/infopba247.com.ar\\\/index.php\\\/2024\\\/09\\\/18\\\/estela-diaz-el-canal-magdalena-es-una-agenda-de-soberania-de-presente-y-de-futuro\\\/#primaryimage\",\"url\":\"https:\\\/\\\/infopba247.com.ar\\\/wp-content\\\/uploads\\\/2024\\\/09\\\/WhatsApp-Image-2024-09-17-at-23.08.04.jpeg\",\"contentUrl\":\"https:\\\/\\\/infopba247.com.ar\\\/wp-content\\\/uploads\\\/2024\\\/09\\\/WhatsApp-Image-2024-09-17-at-23.08.04.jpeg\",\"width\":1600,\"height\":1069},{\"@type\":\"BreadcrumbList\",\"@id\":\"https:\\\/\\\/infopba247.com.ar\\\/index.php\\\/2024\\\/09\\\/18\\\/estela-diaz-el-canal-magdalena-es-una-agenda-de-soberania-de-presente-y-de-futuro\\\/#breadcrumb\",\"itemListElement\":[{\"@type\":\"ListItem\",\"position\":1,\"name\":\"Portada\",\"item\":\"https:\\\/\\\/infopba247.com.ar\\\/\"},{\"@type\":\"ListItem\",\"position\":2,\"name\":\"Estela D\u00edaz: \u201cEl Canal Magdalena es una agenda de soberan\u00eda, de presente y de futuro\u201d\"}]},{\"@type\":\"WebSite\",\"@id\":\"https:\\\/\\\/infopba247.com.ar\\\/#website\",\"url\":\"https:\\\/\\\/infopba247.com.ar\\\/\",\"name\":\"InfoPBA247\",\"description\":\"Toda la actualidad bonaerense\",\"publisher\":{\"@id\":\"https:\\\/\\\/infopba247.com.ar\\\/#organization\"},\"potentialAction\":[{\"@type\":\"SearchAction\",\"target\":{\"@type\":\"EntryPoint\",\"urlTemplate\":\"https:\\\/\\\/infopba247.com.ar\\\/?s={search_term_string}\"},\"query-input\":{\"@type\":\"PropertyValueSpecification\",\"valueRequired\":true,\"valueName\":\"search_term_string\"}}],\"inLanguage\":\"es\"},{\"@type\":\"Organization\",\"@id\":\"https:\\\/\\\/infopba247.com.ar\\\/#organization\",\"name\":\"InfoPBA247\",\"url\":\"https:\\\/\\\/infopba247.com.ar\\\/\",\"logo\":{\"@type\":\"ImageObject\",\"inLanguage\":\"es\",\"@id\":\"https:\\\/\\\/infopba247.com.ar\\\/#\\\/schema\\\/logo\\\/image\\\/\",\"url\":\"https:\\\/\\\/infopba247.com.ar\\\/wp-content\\\/uploads\\\/2022\\\/03\\\/cropped-InfoPBA247-1.png\",\"contentUrl\":\"https:\\\/\\\/infopba247.com.ar\\\/wp-content\\\/uploads\\\/2022\\\/03\\\/cropped-InfoPBA247-1.png\",\"width\":500,\"height\":122,\"caption\":\"InfoPBA247\"},\"image\":{\"@id\":\"https:\\\/\\\/infopba247.com.ar\\\/#\\\/schema\\\/logo\\\/image\\\/\"},\"sameAs\":[\"https:\\\/\\\/www.facebook.com\\\/InfoPBA\"]},{\"@type\":\"Person\",\"@id\":\"https:\\\/\\\/infopba247.com.ar\\\/#\\\/schema\\\/person\\\/4975f1343a413e57bf839b3eed0099f2\",\"name\":\"Editor\",\"image\":{\"@type\":\"ImageObject\",\"inLanguage\":\"es\",\"@id\":\"https:\\\/\\\/secure.gravatar.com\\\/avatar\\\/d27fe9520667ca53441d36627a1d6b0fa4a813571ec4803687a7a3a7744685ac?s=96&d=mm&r=g\",\"url\":\"https:\\\/\\\/secure.gravatar.com\\\/avatar\\\/d27fe9520667ca53441d36627a1d6b0fa4a813571ec4803687a7a3a7744685ac?s=96&d=mm&r=g\",\"contentUrl\":\"https:\\\/\\\/secure.gravatar.com\\\/avatar\\\/d27fe9520667ca53441d36627a1d6b0fa4a813571ec4803687a7a3a7744685ac?s=96&d=mm&r=g\",\"caption\":\"Editor\"},\"url\":\"https:\\\/\\\/infopba247.com.ar\\\/index.php\\\/author\\\/editor\\\/\"}]}<\/script>\n<!-- \/ Yoast SEO plugin. -->","yoast_head_json":{"title":"Estela D\u00edaz: \u201cEl Canal Magdalena es una agenda de soberan\u00eda, de presente y de futuro\u201d - InfoPBA247","robots":{"index":"index","follow":"follow","max-snippet":"max-snippet:-1","max-image-preview":"max-image-preview:large","max-video-preview":"max-video-preview:-1"},"canonical":"https:\/\/infopba247.com.ar\/index.php\/2024\/09\/18\/estela-diaz-el-canal-magdalena-es-una-agenda-de-soberania-de-presente-y-de-futuro\/","og_locale":"es_ES","og_type":"article","og_title":"Estela D\u00edaz: \u201cEl Canal Magdalena es una agenda de soberan\u00eda, de presente y de futuro\u201d - InfoPBA247","og_description":"En el marco del proyecto para el dragado del Canal Magdalena que impulsa el gobernador Axel Kicillof, la ministra de","og_url":"https:\/\/infopba247.com.ar\/index.php\/2024\/09\/18\/estela-diaz-el-canal-magdalena-es-una-agenda-de-soberania-de-presente-y-de-futuro\/","og_site_name":"InfoPBA247","article_publisher":"https:\/\/www.facebook.com\/InfoPBA","article_published_time":"2024-09-18T12:43:38+00:00","article_modified_time":"2024-09-18T12:43:39+00:00","og_image":[{"width":1600,"height":1069,"url":"https:\/\/infopba247.com.ar\/wp-content\/uploads\/2024\/09\/WhatsApp-Image-2024-09-17-at-23.08.04.jpeg","type":"image\/jpeg"}],"author":"Editor","twitter_card":"summary_large_image","twitter_misc":{"Escrito por":"Editor","Tiempo de lectura":"4 minutos"},"schema":{"@context":"https:\/\/schema.org","@graph":[{"@type":"Article","@id":"https:\/\/infopba247.com.ar\/index.php\/2024\/09\/18\/estela-diaz-el-canal-magdalena-es-una-agenda-de-soberania-de-presente-y-de-futuro\/#article","isPartOf":{"@id":"https:\/\/infopba247.com.ar\/index.php\/2024\/09\/18\/estela-diaz-el-canal-magdalena-es-una-agenda-de-soberania-de-presente-y-de-futuro\/"},"author":{"name":"Editor","@id":"https:\/\/infopba247.com.ar\/#\/schema\/person\/4975f1343a413e57bf839b3eed0099f2"},"headline":"Estela D\u00edaz: \u201cEl Canal Magdalena es una agenda de soberan\u00eda, de presente y de futuro\u201d","datePublished":"2024-09-18T12:43:38+00:00","dateModified":"2024-09-18T12:43:39+00:00","mainEntityOfPage":{"@id":"https:\/\/infopba247.com.ar\/index.php\/2024\/09\/18\/estela-diaz-el-canal-magdalena-es-una-agenda-de-soberania-de-presente-y-de-futuro\/"},"wordCount":802,"commentCount":0,"publisher":{"@id":"https:\/\/infopba247.com.ar\/#organization"},"image":{"@id":"https:\/\/infopba247.com.ar\/index.php\/2024\/09\/18\/estela-diaz-el-canal-magdalena-es-una-agenda-de-soberania-de-presente-y-de-futuro\/#primaryimage"},"thumbnailUrl":"https:\/\/infopba247.com.ar\/wp-content\/uploads\/2024\/09\/WhatsApp-Image-2024-09-17-at-23.08.04.jpeg","articleSection":["Destacadas","Pol\u00edtica"],"inLanguage":"es","potentialAction":[{"@type":"CommentAction","name":"Comment","target":["https:\/\/infopba247.com.ar\/index.php\/2024\/09\/18\/estela-diaz-el-canal-magdalena-es-una-agenda-de-soberania-de-presente-y-de-futuro\/#respond"]}]},{"@type":"WebPage","@id":"https:\/\/infopba247.com.ar\/index.php\/2024\/09\/18\/estela-diaz-el-canal-magdalena-es-una-agenda-de-soberania-de-presente-y-de-futuro\/","url":"https:\/\/infopba247.com.ar\/index.php\/2024\/09\/18\/estela-diaz-el-canal-magdalena-es-una-agenda-de-soberania-de-presente-y-de-futuro\/","name":"Estela D\u00edaz: \u201cEl Canal Magdalena es una agenda de soberan\u00eda, de presente y de futuro\u201d - InfoPBA247","isPartOf":{"@id":"https:\/\/infopba247.com.ar\/#website"},"primaryImageOfPage":{"@id":"https:\/\/infopba247.com.ar\/index.php\/2024\/09\/18\/estela-diaz-el-canal-magdalena-es-una-agenda-de-soberania-de-presente-y-de-futuro\/#primaryimage"},"image":{"@id":"https:\/\/infopba247.com.ar\/index.php\/2024\/09\/18\/estela-diaz-el-canal-magdalena-es-una-agenda-de-soberania-de-presente-y-de-futuro\/#primaryimage"},"thumbnailUrl":"https:\/\/infopba247.com.ar\/wp-content\/uploads\/2024\/09\/WhatsApp-Image-2024-09-17-at-23.08.04.jpeg","datePublished":"2024-09-18T12:43:38+00:00","dateModified":"2024-09-18T12:43:39+00:00","breadcrumb":{"@id":"https:\/\/infopba247.com.ar\/index.php\/2024\/09\/18\/estela-diaz-el-canal-magdalena-es-una-agenda-de-soberania-de-presente-y-de-futuro\/#breadcrumb"},"inLanguage":"es","potentialAction":[{"@type":"ReadAction","target":["https:\/\/infopba247.com.ar\/index.php\/2024\/09\/18\/estela-diaz-el-canal-magdalena-es-una-agenda-de-soberania-de-presente-y-de-futuro\/"]}]},{"@type":"ImageObject","inLanguage":"es","@id":"https:\/\/infopba247.com.ar\/index.php\/2024\/09\/18\/estela-diaz-el-canal-magdalena-es-una-agenda-de-soberania-de-presente-y-de-futuro\/#primaryimage","url":"https:\/\/infopba247.com.ar\/wp-content\/uploads\/2024\/09\/WhatsApp-Image-2024-09-17-at-23.08.04.jpeg","contentUrl":"https:\/\/infopba247.com.ar\/wp-content\/uploads\/2024\/09\/WhatsApp-Image-2024-09-17-at-23.08.04.jpeg","width":1600,"height":1069},{"@type":"BreadcrumbList","@id":"https:\/\/infopba247.com.ar\/index.php\/2024\/09\/18\/estela-diaz-el-canal-magdalena-es-una-agenda-de-soberania-de-presente-y-de-futuro\/#breadcrumb","itemListElement":[{"@type":"ListItem","position":1,"name":"Portada","item":"https:\/\/infopba247.com.ar\/"},{"@type":"ListItem","position":2,"name":"Estela D\u00edaz: \u201cEl Canal Magdalena es una agenda de soberan\u00eda, de presente y de futuro\u201d"}]},{"@type":"WebSite","@id":"https:\/\/infopba247.com.ar\/#website","url":"https:\/\/infopba247.com.ar\/","name":"InfoPBA247","description":"Toda la actualidad bonaerense","publisher":{"@id":"https:\/\/infopba247.com.ar\/#organization"},"potentialAction":[{"@type":"SearchAction","target":{"@type":"EntryPoint","urlTemplate":"https:\/\/infopba247.com.ar\/?s={search_term_string}"},"query-input":{"@type":"PropertyValueSpecification","valueRequired":true,"valueName":"search_term_string"}}],"inLanguage":"es"},{"@type":"Organization","@id":"https:\/\/infopba247.com.ar\/#organization","name":"InfoPBA247","url":"https:\/\/infopba247.com.ar\/","logo":{"@type":"ImageObject","inLanguage":"es","@id":"https:\/\/infopba247.com.ar\/#\/schema\/logo\/image\/","url":"https:\/\/infopba247.com.ar\/wp-content\/uploads\/2022\/03\/cropped-InfoPBA247-1.png","contentUrl":"https:\/\/infopba247.com.ar\/wp-content\/uploads\/2022\/03\/cropped-InfoPBA247-1.png","width":500,"height":122,"caption":"InfoPBA247"},"image":{"@id":"https:\/\/infopba247.com.ar\/#\/schema\/logo\/image\/"},"sameAs":["https:\/\/www.facebook.com\/InfoPBA"]},{"@type":"Person","@id":"https:\/\/infopba247.com.ar\/#\/schema\/person\/4975f1343a413e57bf839b3eed0099f2","name":"Editor","image":{"@type":"ImageObject","inLanguage":"es","@id":"https:\/\/secure.gravatar.com\/avatar\/d27fe9520667ca53441d36627a1d6b0fa4a813571ec4803687a7a3a7744685ac?s=96&d=mm&r=g","url":"https:\/\/secure.gravatar.com\/avatar\/d27fe9520667ca53441d36627a1d6b0fa4a813571ec4803687a7a3a7744685ac?s=96&d=mm&r=g","contentUrl":"https:\/\/secure.gravatar.com\/avatar\/d27fe9520667ca53441d36627a1d6b0fa4a813571ec4803687a7a3a7744685ac?s=96&d=mm&r=g","caption":"Editor"},"url":"https:\/\/infopba247.com.ar\/index.php\/author\/editor\/"}]}},"_links":{"self":[{"href":"https:\/\/infopba247.com.ar\/index.php\/wp-json\/wp\/v2\/posts\/5211","targetHints":{"allow":["GET"]}}],"collection":[{"href":"https:\/\/infopba247.com.ar\/index.php\/wp-json\/wp\/v2\/posts"}],"about":[{"href":"https:\/\/infopba247.com.ar\/index.php\/wp-json\/wp\/v2\/types\/post"}],"author":[{"embeddable":true,"href":"https:\/\/infopba247.com.ar\/index.php\/wp-json\/wp\/v2\/users\/3"}],"replies":[{"embeddable":true,"href":"https:\/\/infopba247.com.ar\/index.php\/wp-json\/wp\/v2\/comments?post=5211"}],"version-history":[{"count":1,"href":"https:\/\/infopba247.com.ar\/index.php\/wp-json\/wp\/v2\/posts\/5211\/revisions"}],"predecessor-version":[{"id":5212,"href":"https:\/\/infopba247.com.ar\/index.php\/wp-json\/wp\/v2\/posts\/5211\/revisions\/5212"}],"wp:featuredmedia":[{"embeddable":true,"href":"https:\/\/infopba247.com.ar\/index.php\/wp-json\/wp\/v2\/media\/5206"}],"wp:attachment":[{"href":"https:\/\/infopba247.com.ar\/index.php\/wp-json\/wp\/v2\/media?parent=5211"}],"wp:term":[{"taxonomy":"category","embeddable":true,"href":"https:\/\/infopba247.com.ar\/index.php\/wp-json\/wp\/v2\/categories?post=5211"},{"taxonomy":"post_tag","embeddable":true,"href":"https:\/\/infopba247.com.ar\/index.php\/wp-json\/wp\/v2\/tags?post=5211"}],"curies":[{"name":"wp","href":"https:\/\/api.w.org\/{rel}","templated":true}]}}