{"id":5170,"date":"2024-09-16T10:00:21","date_gmt":"2024-09-16T13:00:21","guid":{"rendered":"https:\/\/infopba247.com.ar\/?p=5170"},"modified":"2024-09-16T10:00:27","modified_gmt":"2024-09-16T13:00:27","slug":"el-programa-mas-vida-cumplio-30-anos","status":"publish","type":"post","link":"https:\/\/infopba247.com.ar\/index.php\/2024\/09\/16\/el-programa-mas-vida-cumplio-30-anos\/","title":{"rendered":"El programa \u201cM\u00e1s Vida\u201d cumpli\u00f3 30 a\u00f1os"},"content":{"rendered":"\n<p>El ministro de Desarrollo de la Comunidad, Andr\u00e9s Larroque, junto al intendente local&nbsp; Andr\u00e9s Watson y a su par&nbsp; de Berazategui, Juan Jos\u00e9 Mussi, encabezaron un acto junto a m\u00e1s de 800 manzaneras que llevan adelante el trabajo comunitario en el territorio, en el marco de los 30 a\u00f1os de la puesta en funcionamiento del programa M\u00e1s Vida.<\/p>\n\n\n\n<p>De la jornada tambi\u00e9n particip\u00f3 la creadora de la iniciativa, Hilda \u201cChiche\u201d Gonz\u00e1lez de Duhalde. Larroque sostuvo que el Plan Vida, como se llam\u00f3 en sus or\u00edgenes, \u201cfue el inicio de una pol\u00edtica de presencia del Estado\u201d, que comenz\u00f3 en Florencio Varela como primera experiencia y luego se extendi\u00f3 al resto de la provincia, y en esa l\u00ednea, destac\u00f3 la invaluable tarea que realizan las mas de 11 mil trabajadoras vecinales en todo el territorio bonaerense.<\/p>\n\n\n\n<p>\u201cConsideramos que el Estado debe poner los recursos en donde m\u00e1s se necesita, pero tambi\u00e9n creemos en la comunidad organizada, para que los recursos se utilicen de la mejor manera y por eso es fundamental recuperar todo este tipo de redes que nos conecten, porque si no, el Estado termina siendo una fr\u00eda m\u00e1quina burocr\u00e1tica\u201d afirm\u00f3. \u201cNosotros no solo creemos en un Estado presente, y eficiente, sino que creemos fundamentalmente en un Estado sensible, y la sensibilidad viene de aquellos y aquellas que est\u00e1n todos los d\u00edas pateando el territorio\u201d, subray\u00f3 el ministro.<\/p>\n\n\n\n<p>Adem\u00e1s agreg\u00f3: \u201cNosotros creemos en un Estado presente, eficiente y sensible, y en ese marco mencion\u00f3 que \u201cla principal preocupaci\u00f3n del gobernador Axel Kicillof es c\u00f3mo cuidar a la comunidad tan atacada, tan golpeada, por las pol\u00edticas que se implementan a nivel nacional, por eso tenemos que ser un escudo que proteja a los 17 millones de bonaerenses\u201d, sentenci\u00f3. Al resaltar la labor de las manzaneras, valor\u00f3 que en este contexto \u201clo primero es la base comunitaria, que es la familia\u201d, en donde \u201cla madre, la mujer, tiene un rol central y fundamental por su sensibilidad\u201d.<\/p>\n\n\n\n<p>\u201cChiche\u201d Duhalde, por su parte, record\u00f3 que el programa surgi\u00f3 a partir de ver \u201cc\u00f3mo ayud\u00e1bamos a las familias m\u00e1s humildes, ocup\u00e1ndonos particularmente de lo que m\u00e1s queremos, que son nuestros hijos, y c\u00f3mo cuid\u00e1bamos a las mujeres embarazadas, que ten\u00edamos que lograr que parieran con felicidad\u201d.<\/p>\n","protected":false},"excerpt":{"rendered":"<p>El ministro de Desarrollo de la Comunidad, Andr\u00e9s Larroque, junto al intendente local&nbsp; Andr\u00e9s Watson y a su par&nbsp; de<\/p>\n","protected":false},"author":3,"featured_media":5171,"comment_status":"open","ping_status":"open","sticky":false,"template":"","format":"standard","meta":{"colormag_page_container_layout":"default_layout","colormag_page_sidebar_layout":"default_layout","footnotes":""},"categories":[1,14],"tags":[],"class_list":["post-5170","post","type-post","status-publish","format-standard","has-post-thumbnail","hentry","category-destacadas","category-politica"],"yoast_head":"<!-- This site is optimized with the Yoast SEO plugin v27.4 - https:\/\/yoast.com\/product\/yoast-seo-wordpress\/ -->\n<title>El programa \u201cM\u00e1s Vida\u201d cumpli\u00f3 30 a\u00f1os - InfoPBA247<\/title>\n<meta name=\"robots\" content=\"index, follow, max-snippet:-1, max-image-preview:large, max-video-preview:-1\" \/>\n<link rel=\"canonical\" href=\"https:\/\/infopba247.com.ar\/index.php\/2024\/09\/16\/el-programa-mas-vida-cumplio-30-anos\/\" \/>\n<meta property=\"og:locale\" content=\"es_ES\" \/>\n<meta property=\"og:type\" content=\"article\" \/>\n<meta property=\"og:title\" content=\"El programa \u201cM\u00e1s Vida\u201d cumpli\u00f3 30 a\u00f1os - InfoPBA247\" \/>\n<meta property=\"og:description\" content=\"El ministro de Desarrollo de la Comunidad, Andr\u00e9s Larroque, junto al intendente local&nbsp; Andr\u00e9s Watson y a su par&nbsp; de\" \/>\n<meta property=\"og:url\" content=\"https:\/\/infopba247.com.ar\/index.php\/2024\/09\/16\/el-programa-mas-vida-cumplio-30-anos\/\" \/>\n<meta property=\"og:site_name\" content=\"InfoPBA247\" \/>\n<meta property=\"article:publisher\" content=\"https:\/\/www.facebook.com\/InfoPBA\" \/>\n<meta property=\"article:published_time\" content=\"2024-09-16T13:00:21+00:00\" \/>\n<meta property=\"article:modified_time\" content=\"2024-09-16T13:00:27+00:00\" \/>\n<meta property=\"og:image\" content=\"https:\/\/infopba247.com.ar\/wp-content\/uploads\/2024\/09\/unnamed-84.jpg\" \/>\n\t<meta property=\"og:image:width\" content=\"1599\" \/>\n\t<meta property=\"og:image:height\" content=\"1066\" \/>\n\t<meta property=\"og:image:type\" content=\"image\/jpeg\" \/>\n<meta name=\"author\" content=\"Editor\" \/>\n<meta name=\"twitter:card\" content=\"summary_large_image\" \/>\n<meta name=\"twitter:label1\" content=\"Escrito por\" \/>\n\t<meta name=\"twitter:data1\" content=\"Editor\" \/>\n\t<meta name=\"twitter:label2\" content=\"Tiempo de lectura\" \/>\n\t<meta name=\"twitter:data2\" content=\"2 minutos\" \/>\n<script type=\"application\/ld+json\" class=\"yoast-schema-graph\">{\"@context\":\"https:\\\/\\\/schema.org\",\"@graph\":[{\"@type\":\"Article\",\"@id\":\"https:\\\/\\\/infopba247.com.ar\\\/index.php\\\/2024\\\/09\\\/16\\\/el-programa-mas-vida-cumplio-30-anos\\\/#article\",\"isPartOf\":{\"@id\":\"https:\\\/\\\/infopba247.com.ar\\\/index.php\\\/2024\\\/09\\\/16\\\/el-programa-mas-vida-cumplio-30-anos\\\/\"},\"author\":{\"name\":\"Editor\",\"@id\":\"https:\\\/\\\/infopba247.com.ar\\\/#\\\/schema\\\/person\\\/4975f1343a413e57bf839b3eed0099f2\"},\"headline\":\"El programa \u201cM\u00e1s Vida\u201d cumpli\u00f3 30 a\u00f1os\",\"datePublished\":\"2024-09-16T13:00:21+00:00\",\"dateModified\":\"2024-09-16T13:00:27+00:00\",\"mainEntityOfPage\":{\"@id\":\"https:\\\/\\\/infopba247.com.ar\\\/index.php\\\/2024\\\/09\\\/16\\\/el-programa-mas-vida-cumplio-30-anos\\\/\"},\"wordCount\":405,\"commentCount\":0,\"publisher\":{\"@id\":\"https:\\\/\\\/infopba247.com.ar\\\/#organization\"},\"image\":{\"@id\":\"https:\\\/\\\/infopba247.com.ar\\\/index.php\\\/2024\\\/09\\\/16\\\/el-programa-mas-vida-cumplio-30-anos\\\/#primaryimage\"},\"thumbnailUrl\":\"https:\\\/\\\/infopba247.com.ar\\\/wp-content\\\/uploads\\\/2024\\\/09\\\/unnamed-84.jpg\",\"articleSection\":[\"Destacadas\",\"Pol\u00edtica\"],\"inLanguage\":\"es\",\"potentialAction\":[{\"@type\":\"CommentAction\",\"name\":\"Comment\",\"target\":[\"https:\\\/\\\/infopba247.com.ar\\\/index.php\\\/2024\\\/09\\\/16\\\/el-programa-mas-vida-cumplio-30-anos\\\/#respond\"]}]},{\"@type\":\"WebPage\",\"@id\":\"https:\\\/\\\/infopba247.com.ar\\\/index.php\\\/2024\\\/09\\\/16\\\/el-programa-mas-vida-cumplio-30-anos\\\/\",\"url\":\"https:\\\/\\\/infopba247.com.ar\\\/index.php\\\/2024\\\/09\\\/16\\\/el-programa-mas-vida-cumplio-30-anos\\\/\",\"name\":\"El programa \u201cM\u00e1s Vida\u201d cumpli\u00f3 30 a\u00f1os - InfoPBA247\",\"isPartOf\":{\"@id\":\"https:\\\/\\\/infopba247.com.ar\\\/#website\"},\"primaryImageOfPage\":{\"@id\":\"https:\\\/\\\/infopba247.com.ar\\\/index.php\\\/2024\\\/09\\\/16\\\/el-programa-mas-vida-cumplio-30-anos\\\/#primaryimage\"},\"image\":{\"@id\":\"https:\\\/\\\/infopba247.com.ar\\\/index.php\\\/2024\\\/09\\\/16\\\/el-programa-mas-vida-cumplio-30-anos\\\/#primaryimage\"},\"thumbnailUrl\":\"https:\\\/\\\/infopba247.com.ar\\\/wp-content\\\/uploads\\\/2024\\\/09\\\/unnamed-84.jpg\",\"datePublished\":\"2024-09-16T13:00:21+00:00\",\"dateModified\":\"2024-09-16T13:00:27+00:00\",\"breadcrumb\":{\"@id\":\"https:\\\/\\\/infopba247.com.ar\\\/index.php\\\/2024\\\/09\\\/16\\\/el-programa-mas-vida-cumplio-30-anos\\\/#breadcrumb\"},\"inLanguage\":\"es\",\"potentialAction\":[{\"@type\":\"ReadAction\",\"target\":[\"https:\\\/\\\/infopba247.com.ar\\\/index.php\\\/2024\\\/09\\\/16\\\/el-programa-mas-vida-cumplio-30-anos\\\/\"]}]},{\"@type\":\"ImageObject\",\"inLanguage\":\"es\",\"@id\":\"https:\\\/\\\/infopba247.com.ar\\\/index.php\\\/2024\\\/09\\\/16\\\/el-programa-mas-vida-cumplio-30-anos\\\/#primaryimage\",\"url\":\"https:\\\/\\\/infopba247.com.ar\\\/wp-content\\\/uploads\\\/2024\\\/09\\\/unnamed-84.jpg\",\"contentUrl\":\"https:\\\/\\\/infopba247.com.ar\\\/wp-content\\\/uploads\\\/2024\\\/09\\\/unnamed-84.jpg\",\"width\":1599,\"height\":1066},{\"@type\":\"BreadcrumbList\",\"@id\":\"https:\\\/\\\/infopba247.com.ar\\\/index.php\\\/2024\\\/09\\\/16\\\/el-programa-mas-vida-cumplio-30-anos\\\/#breadcrumb\",\"itemListElement\":[{\"@type\":\"ListItem\",\"position\":1,\"name\":\"Portada\",\"item\":\"https:\\\/\\\/infopba247.com.ar\\\/\"},{\"@type\":\"ListItem\",\"position\":2,\"name\":\"El programa \u201cM\u00e1s Vida\u201d cumpli\u00f3 30 a\u00f1os\"}]},{\"@type\":\"WebSite\",\"@id\":\"https:\\\/\\\/infopba247.com.ar\\\/#website\",\"url\":\"https:\\\/\\\/infopba247.com.ar\\\/\",\"name\":\"InfoPBA247\",\"description\":\"Toda la actualidad bonaerense\",\"publisher\":{\"@id\":\"https:\\\/\\\/infopba247.com.ar\\\/#organization\"},\"potentialAction\":[{\"@type\":\"SearchAction\",\"target\":{\"@type\":\"EntryPoint\",\"urlTemplate\":\"https:\\\/\\\/infopba247.com.ar\\\/?s={search_term_string}\"},\"query-input\":{\"@type\":\"PropertyValueSpecification\",\"valueRequired\":true,\"valueName\":\"search_term_string\"}}],\"inLanguage\":\"es\"},{\"@type\":\"Organization\",\"@id\":\"https:\\\/\\\/infopba247.com.ar\\\/#organization\",\"name\":\"InfoPBA247\",\"url\":\"https:\\\/\\\/infopba247.com.ar\\\/\",\"logo\":{\"@type\":\"ImageObject\",\"inLanguage\":\"es\",\"@id\":\"https:\\\/\\\/infopba247.com.ar\\\/#\\\/schema\\\/logo\\\/image\\\/\",\"url\":\"https:\\\/\\\/infopba247.com.ar\\\/wp-content\\\/uploads\\\/2022\\\/03\\\/cropped-InfoPBA247-1.png\",\"contentUrl\":\"https:\\\/\\\/infopba247.com.ar\\\/wp-content\\\/uploads\\\/2022\\\/03\\\/cropped-InfoPBA247-1.png\",\"width\":500,\"height\":122,\"caption\":\"InfoPBA247\"},\"image\":{\"@id\":\"https:\\\/\\\/infopba247.com.ar\\\/#\\\/schema\\\/logo\\\/image\\\/\"},\"sameAs\":[\"https:\\\/\\\/www.facebook.com\\\/InfoPBA\"]},{\"@type\":\"Person\",\"@id\":\"https:\\\/\\\/infopba247.com.ar\\\/#\\\/schema\\\/person\\\/4975f1343a413e57bf839b3eed0099f2\",\"name\":\"Editor\",\"image\":{\"@type\":\"ImageObject\",\"inLanguage\":\"es\",\"@id\":\"https:\\\/\\\/secure.gravatar.com\\\/avatar\\\/d27fe9520667ca53441d36627a1d6b0fa4a813571ec4803687a7a3a7744685ac?s=96&d=mm&r=g\",\"url\":\"https:\\\/\\\/secure.gravatar.com\\\/avatar\\\/d27fe9520667ca53441d36627a1d6b0fa4a813571ec4803687a7a3a7744685ac?s=96&d=mm&r=g\",\"contentUrl\":\"https:\\\/\\\/secure.gravatar.com\\\/avatar\\\/d27fe9520667ca53441d36627a1d6b0fa4a813571ec4803687a7a3a7744685ac?s=96&d=mm&r=g\",\"caption\":\"Editor\"},\"url\":\"https:\\\/\\\/infopba247.com.ar\\\/index.php\\\/author\\\/editor\\\/\"}]}<\/script>\n<!-- \/ Yoast SEO plugin. -->","yoast_head_json":{"title":"El programa \u201cM\u00e1s Vida\u201d cumpli\u00f3 30 a\u00f1os - InfoPBA247","robots":{"index":"index","follow":"follow","max-snippet":"max-snippet:-1","max-image-preview":"max-image-preview:large","max-video-preview":"max-video-preview:-1"},"canonical":"https:\/\/infopba247.com.ar\/index.php\/2024\/09\/16\/el-programa-mas-vida-cumplio-30-anos\/","og_locale":"es_ES","og_type":"article","og_title":"El programa \u201cM\u00e1s Vida\u201d cumpli\u00f3 30 a\u00f1os - InfoPBA247","og_description":"El ministro de Desarrollo de la Comunidad, Andr\u00e9s Larroque, junto al intendente local&nbsp; Andr\u00e9s Watson y a su par&nbsp; de","og_url":"https:\/\/infopba247.com.ar\/index.php\/2024\/09\/16\/el-programa-mas-vida-cumplio-30-anos\/","og_site_name":"InfoPBA247","article_publisher":"https:\/\/www.facebook.com\/InfoPBA","article_published_time":"2024-09-16T13:00:21+00:00","article_modified_time":"2024-09-16T13:00:27+00:00","og_image":[{"width":1599,"height":1066,"url":"https:\/\/infopba247.com.ar\/wp-content\/uploads\/2024\/09\/unnamed-84.jpg","type":"image\/jpeg"}],"author":"Editor","twitter_card":"summary_large_image","twitter_misc":{"Escrito por":"Editor","Tiempo de lectura":"2 minutos"},"schema":{"@context":"https:\/\/schema.org","@graph":[{"@type":"Article","@id":"https:\/\/infopba247.com.ar\/index.php\/2024\/09\/16\/el-programa-mas-vida-cumplio-30-anos\/#article","isPartOf":{"@id":"https:\/\/infopba247.com.ar\/index.php\/2024\/09\/16\/el-programa-mas-vida-cumplio-30-anos\/"},"author":{"name":"Editor","@id":"https:\/\/infopba247.com.ar\/#\/schema\/person\/4975f1343a413e57bf839b3eed0099f2"},"headline":"El programa \u201cM\u00e1s Vida\u201d cumpli\u00f3 30 a\u00f1os","datePublished":"2024-09-16T13:00:21+00:00","dateModified":"2024-09-16T13:00:27+00:00","mainEntityOfPage":{"@id":"https:\/\/infopba247.com.ar\/index.php\/2024\/09\/16\/el-programa-mas-vida-cumplio-30-anos\/"},"wordCount":405,"commentCount":0,"publisher":{"@id":"https:\/\/infopba247.com.ar\/#organization"},"image":{"@id":"https:\/\/infopba247.com.ar\/index.php\/2024\/09\/16\/el-programa-mas-vida-cumplio-30-anos\/#primaryimage"},"thumbnailUrl":"https:\/\/infopba247.com.ar\/wp-content\/uploads\/2024\/09\/unnamed-84.jpg","articleSection":["Destacadas","Pol\u00edtica"],"inLanguage":"es","potentialAction":[{"@type":"CommentAction","name":"Comment","target":["https:\/\/infopba247.com.ar\/index.php\/2024\/09\/16\/el-programa-mas-vida-cumplio-30-anos\/#respond"]}]},{"@type":"WebPage","@id":"https:\/\/infopba247.com.ar\/index.php\/2024\/09\/16\/el-programa-mas-vida-cumplio-30-anos\/","url":"https:\/\/infopba247.com.ar\/index.php\/2024\/09\/16\/el-programa-mas-vida-cumplio-30-anos\/","name":"El programa \u201cM\u00e1s Vida\u201d cumpli\u00f3 30 a\u00f1os - InfoPBA247","isPartOf":{"@id":"https:\/\/infopba247.com.ar\/#website"},"primaryImageOfPage":{"@id":"https:\/\/infopba247.com.ar\/index.php\/2024\/09\/16\/el-programa-mas-vida-cumplio-30-anos\/#primaryimage"},"image":{"@id":"https:\/\/infopba247.com.ar\/index.php\/2024\/09\/16\/el-programa-mas-vida-cumplio-30-anos\/#primaryimage"},"thumbnailUrl":"https:\/\/infopba247.com.ar\/wp-content\/uploads\/2024\/09\/unnamed-84.jpg","datePublished":"2024-09-16T13:00:21+00:00","dateModified":"2024-09-16T13:00:27+00:00","breadcrumb":{"@id":"https:\/\/infopba247.com.ar\/index.php\/2024\/09\/16\/el-programa-mas-vida-cumplio-30-anos\/#breadcrumb"},"inLanguage":"es","potentialAction":[{"@type":"ReadAction","target":["https:\/\/infopba247.com.ar\/index.php\/2024\/09\/16\/el-programa-mas-vida-cumplio-30-anos\/"]}]},{"@type":"ImageObject","inLanguage":"es","@id":"https:\/\/infopba247.com.ar\/index.php\/2024\/09\/16\/el-programa-mas-vida-cumplio-30-anos\/#primaryimage","url":"https:\/\/infopba247.com.ar\/wp-content\/uploads\/2024\/09\/unnamed-84.jpg","contentUrl":"https:\/\/infopba247.com.ar\/wp-content\/uploads\/2024\/09\/unnamed-84.jpg","width":1599,"height":1066},{"@type":"BreadcrumbList","@id":"https:\/\/infopba247.com.ar\/index.php\/2024\/09\/16\/el-programa-mas-vida-cumplio-30-anos\/#breadcrumb","itemListElement":[{"@type":"ListItem","position":1,"name":"Portada","item":"https:\/\/infopba247.com.ar\/"},{"@type":"ListItem","position":2,"name":"El programa \u201cM\u00e1s Vida\u201d cumpli\u00f3 30 a\u00f1os"}]},{"@type":"WebSite","@id":"https:\/\/infopba247.com.ar\/#website","url":"https:\/\/infopba247.com.ar\/","name":"InfoPBA247","description":"Toda la actualidad bonaerense","publisher":{"@id":"https:\/\/infopba247.com.ar\/#organization"},"potentialAction":[{"@type":"SearchAction","target":{"@type":"EntryPoint","urlTemplate":"https:\/\/infopba247.com.ar\/?s={search_term_string}"},"query-input":{"@type":"PropertyValueSpecification","valueRequired":true,"valueName":"search_term_string"}}],"inLanguage":"es"},{"@type":"Organization","@id":"https:\/\/infopba247.com.ar\/#organization","name":"InfoPBA247","url":"https:\/\/infopba247.com.ar\/","logo":{"@type":"ImageObject","inLanguage":"es","@id":"https:\/\/infopba247.com.ar\/#\/schema\/logo\/image\/","url":"https:\/\/infopba247.com.ar\/wp-content\/uploads\/2022\/03\/cropped-InfoPBA247-1.png","contentUrl":"https:\/\/infopba247.com.ar\/wp-content\/uploads\/2022\/03\/cropped-InfoPBA247-1.png","width":500,"height":122,"caption":"InfoPBA247"},"image":{"@id":"https:\/\/infopba247.com.ar\/#\/schema\/logo\/image\/"},"sameAs":["https:\/\/www.facebook.com\/InfoPBA"]},{"@type":"Person","@id":"https:\/\/infopba247.com.ar\/#\/schema\/person\/4975f1343a413e57bf839b3eed0099f2","name":"Editor","image":{"@type":"ImageObject","inLanguage":"es","@id":"https:\/\/secure.gravatar.com\/avatar\/d27fe9520667ca53441d36627a1d6b0fa4a813571ec4803687a7a3a7744685ac?s=96&d=mm&r=g","url":"https:\/\/secure.gravatar.com\/avatar\/d27fe9520667ca53441d36627a1d6b0fa4a813571ec4803687a7a3a7744685ac?s=96&d=mm&r=g","contentUrl":"https:\/\/secure.gravatar.com\/avatar\/d27fe9520667ca53441d36627a1d6b0fa4a813571ec4803687a7a3a7744685ac?s=96&d=mm&r=g","caption":"Editor"},"url":"https:\/\/infopba247.com.ar\/index.php\/author\/editor\/"}]}},"_links":{"self":[{"href":"https:\/\/infopba247.com.ar\/index.php\/wp-json\/wp\/v2\/posts\/5170","targetHints":{"allow":["GET"]}}],"collection":[{"href":"https:\/\/infopba247.com.ar\/index.php\/wp-json\/wp\/v2\/posts"}],"about":[{"href":"https:\/\/infopba247.com.ar\/index.php\/wp-json\/wp\/v2\/types\/post"}],"author":[{"embeddable":true,"href":"https:\/\/infopba247.com.ar\/index.php\/wp-json\/wp\/v2\/users\/3"}],"replies":[{"embeddable":true,"href":"https:\/\/infopba247.com.ar\/index.php\/wp-json\/wp\/v2\/comments?post=5170"}],"version-history":[{"count":1,"href":"https:\/\/infopba247.com.ar\/index.php\/wp-json\/wp\/v2\/posts\/5170\/revisions"}],"predecessor-version":[{"id":5172,"href":"https:\/\/infopba247.com.ar\/index.php\/wp-json\/wp\/v2\/posts\/5170\/revisions\/5172"}],"wp:featuredmedia":[{"embeddable":true,"href":"https:\/\/infopba247.com.ar\/index.php\/wp-json\/wp\/v2\/media\/5171"}],"wp:attachment":[{"href":"https:\/\/infopba247.com.ar\/index.php\/wp-json\/wp\/v2\/media?parent=5170"}],"wp:term":[{"taxonomy":"category","embeddable":true,"href":"https:\/\/infopba247.com.ar\/index.php\/wp-json\/wp\/v2\/categories?post=5170"},{"taxonomy":"post_tag","embeddable":true,"href":"https:\/\/infopba247.com.ar\/index.php\/wp-json\/wp\/v2\/tags?post=5170"}],"curies":[{"name":"wp","href":"https:\/\/api.w.org\/{rel}","templated":true}]}}