{"id":5153,"date":"2024-09-13T09:58:26","date_gmt":"2024-09-13T12:58:26","guid":{"rendered":"https:\/\/infopba247.com.ar\/?p=5153"},"modified":"2024-09-13T09:58:28","modified_gmt":"2024-09-13T12:58:28","slug":"se-realizara-la-primera-marcha-de-los-bombos","status":"publish","type":"post","link":"https:\/\/infopba247.com.ar\/index.php\/2024\/09\/13\/se-realizara-la-primera-marcha-de-los-bombos\/","title":{"rendered":"Se realizar\u00e1 la Primera Marcha de los Bombos"},"content":{"rendered":"\n<p>La Primera Marcha de los Bombos, un evento que rinde homenaje al bombo leg\u00fcero, \u00edcono de la cultura santiague\u00f1a, se llevar\u00e1 a cabo el 14 y 15 de septiembre en la Plaza Dr. Buj\u00e1n (Ruta Provincial 7, Km. 35,5, Paso del Rey).<\/p>\n\n\n\n<p>El s\u00e1bado 14 a partir de las 14 horas, se realizar\u00e1 un taller de bombos dirigido por el reconocido artesano Indio Froil\u00e1n y se presentar\u00e1n Lorena y Dami\u00e1n Campos; Ballet Jariyal; Thiago Mendia; Tatti Revainera; Bocha Su\u00e1rez; Santiago Torres; Hermanos Paj\u00f3n. Luego se har\u00e1 una vigilia especial en espera de la marcha.<\/p>\n\n\n\n<p>En tanto el domingo 15 a las 11 horas, la concentraci\u00f3n ser\u00e1 en la Plaza San Mart\u00edn, desde donde partir\u00e1 la marcha hacia la Plaza Dr. Buj\u00e1n. A las 13 horas, comenzar\u00e1n los espect\u00e1culos art\u00edsticos de Lucho Ponce; Ballet Pura Sangre; Voces Nativas; Gretel Toloza y la Ronda Leg\u00fcera; Norberto Almar\u00e1z y Los Revainera; Ballet Municipal y Candela Mazza.<\/p>\n\n\n\n<p>La iniciativa se dar\u00e1 en el marco de que en la provincia de Santiago del Estero se celebra desde 2003 la marcha de los bombos, una tradici\u00f3n que refleja la conexi\u00f3n de la regi\u00f3n con su m\u00fasica y folclore.<\/p>\n\n\n\n<p>Las y los interesados en sumarse pueden inscribirse a trav\u00e9s del formulario https:\/\/docs.google.com\/forms\/d\/e\/1FAIpQLSceRgQElrNm2DFxpNkouys2u9LK08CEqUJJjOUmoBAfLVapow\/viewform \u00f3 visitar las redes sociales de Cultura Moreno.<\/p>\n\n\n\n<p>De esta manera, el Municipio contin\u00faa con acciones que fortalecen la identidad y diversidad cultural en el distrito.<\/p>\n","protected":false},"excerpt":{"rendered":"<p>La Primera Marcha de los Bombos, un evento que rinde homenaje al bombo leg\u00fcero, \u00edcono de la cultura santiague\u00f1a, se<\/p>\n","protected":false},"author":3,"featured_media":5146,"comment_status":"open","ping_status":"open","sticky":false,"template":"","format":"standard","meta":{"colormag_page_container_layout":"default_layout","colormag_page_sidebar_layout":"default_layout","footnotes":""},"categories":[5,1,14],"tags":[],"class_list":["post-5153","post","type-post","status-publish","format-standard","has-post-thumbnail","hentry","category-1ra-seccion","category-destacadas","category-politica"],"yoast_head":"<!-- This site is optimized with the Yoast SEO plugin v27.5 - https:\/\/yoast.com\/product\/yoast-seo-wordpress\/ -->\n<title>Se realizar\u00e1 la Primera Marcha de los Bombos - InfoPBA247<\/title>\n<meta name=\"robots\" content=\"index, follow, max-snippet:-1, max-image-preview:large, max-video-preview:-1\" \/>\n<link rel=\"canonical\" href=\"https:\/\/infopba247.com.ar\/index.php\/2024\/09\/13\/se-realizara-la-primera-marcha-de-los-bombos\/\" \/>\n<meta property=\"og:locale\" content=\"es_ES\" \/>\n<meta property=\"og:type\" content=\"article\" \/>\n<meta property=\"og:title\" content=\"Se realizar\u00e1 la Primera Marcha de los Bombos - InfoPBA247\" \/>\n<meta property=\"og:description\" content=\"La Primera Marcha de los Bombos, un evento que rinde homenaje al bombo leg\u00fcero, \u00edcono de la cultura santiague\u00f1a, se\" \/>\n<meta property=\"og:url\" content=\"https:\/\/infopba247.com.ar\/index.php\/2024\/09\/13\/se-realizara-la-primera-marcha-de-los-bombos\/\" \/>\n<meta property=\"og:site_name\" content=\"InfoPBA247\" \/>\n<meta property=\"article:publisher\" content=\"https:\/\/www.facebook.com\/InfoPBA\" \/>\n<meta property=\"article:published_time\" content=\"2024-09-13T12:58:26+00:00\" \/>\n<meta property=\"article:modified_time\" content=\"2024-09-13T12:58:28+00:00\" \/>\n<meta property=\"og:image\" content=\"https:\/\/infopba247.com.ar\/wp-content\/uploads\/2024\/09\/BOMBOS1.jpg\" \/>\n\t<meta property=\"og:image:width\" content=\"1920\" \/>\n\t<meta property=\"og:image:height\" content=\"1080\" \/>\n\t<meta property=\"og:image:type\" content=\"image\/jpeg\" \/>\n<meta name=\"author\" content=\"Editor\" \/>\n<meta name=\"twitter:card\" content=\"summary_large_image\" \/>\n<meta name=\"twitter:label1\" content=\"Escrito por\" \/>\n\t<meta name=\"twitter:data1\" content=\"Editor\" \/>\n\t<meta name=\"twitter:label2\" content=\"Tiempo de lectura\" \/>\n\t<meta name=\"twitter:data2\" content=\"2 minutos\" \/>\n<script type=\"application\/ld+json\" class=\"yoast-schema-graph\">{\"@context\":\"https:\\\/\\\/schema.org\",\"@graph\":[{\"@type\":\"Article\",\"@id\":\"https:\\\/\\\/infopba247.com.ar\\\/index.php\\\/2024\\\/09\\\/13\\\/se-realizara-la-primera-marcha-de-los-bombos\\\/#article\",\"isPartOf\":{\"@id\":\"https:\\\/\\\/infopba247.com.ar\\\/index.php\\\/2024\\\/09\\\/13\\\/se-realizara-la-primera-marcha-de-los-bombos\\\/\"},\"author\":{\"name\":\"Editor\",\"@id\":\"https:\\\/\\\/infopba247.com.ar\\\/#\\\/schema\\\/person\\\/4975f1343a413e57bf839b3eed0099f2\"},\"headline\":\"Se realizar\u00e1 la Primera Marcha de los Bombos\",\"datePublished\":\"2024-09-13T12:58:26+00:00\",\"dateModified\":\"2024-09-13T12:58:28+00:00\",\"mainEntityOfPage\":{\"@id\":\"https:\\\/\\\/infopba247.com.ar\\\/index.php\\\/2024\\\/09\\\/13\\\/se-realizara-la-primera-marcha-de-los-bombos\\\/\"},\"wordCount\":263,\"commentCount\":0,\"publisher\":{\"@id\":\"https:\\\/\\\/infopba247.com.ar\\\/#organization\"},\"image\":{\"@id\":\"https:\\\/\\\/infopba247.com.ar\\\/index.php\\\/2024\\\/09\\\/13\\\/se-realizara-la-primera-marcha-de-los-bombos\\\/#primaryimage\"},\"thumbnailUrl\":\"https:\\\/\\\/infopba247.com.ar\\\/wp-content\\\/uploads\\\/2024\\\/09\\\/BOMBOS1.jpg\",\"articleSection\":[\"1ra Secci\u00f3n\",\"Destacadas\",\"Pol\u00edtica\"],\"inLanguage\":\"es\",\"potentialAction\":[{\"@type\":\"CommentAction\",\"name\":\"Comment\",\"target\":[\"https:\\\/\\\/infopba247.com.ar\\\/index.php\\\/2024\\\/09\\\/13\\\/se-realizara-la-primera-marcha-de-los-bombos\\\/#respond\"]}]},{\"@type\":\"WebPage\",\"@id\":\"https:\\\/\\\/infopba247.com.ar\\\/index.php\\\/2024\\\/09\\\/13\\\/se-realizara-la-primera-marcha-de-los-bombos\\\/\",\"url\":\"https:\\\/\\\/infopba247.com.ar\\\/index.php\\\/2024\\\/09\\\/13\\\/se-realizara-la-primera-marcha-de-los-bombos\\\/\",\"name\":\"Se realizar\u00e1 la Primera Marcha de los Bombos - InfoPBA247\",\"isPartOf\":{\"@id\":\"https:\\\/\\\/infopba247.com.ar\\\/#website\"},\"primaryImageOfPage\":{\"@id\":\"https:\\\/\\\/infopba247.com.ar\\\/index.php\\\/2024\\\/09\\\/13\\\/se-realizara-la-primera-marcha-de-los-bombos\\\/#primaryimage\"},\"image\":{\"@id\":\"https:\\\/\\\/infopba247.com.ar\\\/index.php\\\/2024\\\/09\\\/13\\\/se-realizara-la-primera-marcha-de-los-bombos\\\/#primaryimage\"},\"thumbnailUrl\":\"https:\\\/\\\/infopba247.com.ar\\\/wp-content\\\/uploads\\\/2024\\\/09\\\/BOMBOS1.jpg\",\"datePublished\":\"2024-09-13T12:58:26+00:00\",\"dateModified\":\"2024-09-13T12:58:28+00:00\",\"breadcrumb\":{\"@id\":\"https:\\\/\\\/infopba247.com.ar\\\/index.php\\\/2024\\\/09\\\/13\\\/se-realizara-la-primera-marcha-de-los-bombos\\\/#breadcrumb\"},\"inLanguage\":\"es\",\"potentialAction\":[{\"@type\":\"ReadAction\",\"target\":[\"https:\\\/\\\/infopba247.com.ar\\\/index.php\\\/2024\\\/09\\\/13\\\/se-realizara-la-primera-marcha-de-los-bombos\\\/\"]}]},{\"@type\":\"ImageObject\",\"inLanguage\":\"es\",\"@id\":\"https:\\\/\\\/infopba247.com.ar\\\/index.php\\\/2024\\\/09\\\/13\\\/se-realizara-la-primera-marcha-de-los-bombos\\\/#primaryimage\",\"url\":\"https:\\\/\\\/infopba247.com.ar\\\/wp-content\\\/uploads\\\/2024\\\/09\\\/BOMBOS1.jpg\",\"contentUrl\":\"https:\\\/\\\/infopba247.com.ar\\\/wp-content\\\/uploads\\\/2024\\\/09\\\/BOMBOS1.jpg\",\"width\":1920,\"height\":1080},{\"@type\":\"BreadcrumbList\",\"@id\":\"https:\\\/\\\/infopba247.com.ar\\\/index.php\\\/2024\\\/09\\\/13\\\/se-realizara-la-primera-marcha-de-los-bombos\\\/#breadcrumb\",\"itemListElement\":[{\"@type\":\"ListItem\",\"position\":1,\"name\":\"Portada\",\"item\":\"https:\\\/\\\/infopba247.com.ar\\\/\"},{\"@type\":\"ListItem\",\"position\":2,\"name\":\"Se realizar\u00e1 la Primera Marcha de los Bombos\"}]},{\"@type\":\"WebSite\",\"@id\":\"https:\\\/\\\/infopba247.com.ar\\\/#website\",\"url\":\"https:\\\/\\\/infopba247.com.ar\\\/\",\"name\":\"InfoPBA247\",\"description\":\"Toda la actualidad bonaerense\",\"publisher\":{\"@id\":\"https:\\\/\\\/infopba247.com.ar\\\/#organization\"},\"potentialAction\":[{\"@type\":\"SearchAction\",\"target\":{\"@type\":\"EntryPoint\",\"urlTemplate\":\"https:\\\/\\\/infopba247.com.ar\\\/?s={search_term_string}\"},\"query-input\":{\"@type\":\"PropertyValueSpecification\",\"valueRequired\":true,\"valueName\":\"search_term_string\"}}],\"inLanguage\":\"es\"},{\"@type\":\"Organization\",\"@id\":\"https:\\\/\\\/infopba247.com.ar\\\/#organization\",\"name\":\"InfoPBA247\",\"url\":\"https:\\\/\\\/infopba247.com.ar\\\/\",\"logo\":{\"@type\":\"ImageObject\",\"inLanguage\":\"es\",\"@id\":\"https:\\\/\\\/infopba247.com.ar\\\/#\\\/schema\\\/logo\\\/image\\\/\",\"url\":\"https:\\\/\\\/infopba247.com.ar\\\/wp-content\\\/uploads\\\/2022\\\/03\\\/cropped-InfoPBA247-1.png\",\"contentUrl\":\"https:\\\/\\\/infopba247.com.ar\\\/wp-content\\\/uploads\\\/2022\\\/03\\\/cropped-InfoPBA247-1.png\",\"width\":500,\"height\":122,\"caption\":\"InfoPBA247\"},\"image\":{\"@id\":\"https:\\\/\\\/infopba247.com.ar\\\/#\\\/schema\\\/logo\\\/image\\\/\"},\"sameAs\":[\"https:\\\/\\\/www.facebook.com\\\/InfoPBA\"]},{\"@type\":\"Person\",\"@id\":\"https:\\\/\\\/infopba247.com.ar\\\/#\\\/schema\\\/person\\\/4975f1343a413e57bf839b3eed0099f2\",\"name\":\"Editor\",\"image\":{\"@type\":\"ImageObject\",\"inLanguage\":\"es\",\"@id\":\"https:\\\/\\\/secure.gravatar.com\\\/avatar\\\/d27fe9520667ca53441d36627a1d6b0fa4a813571ec4803687a7a3a7744685ac?s=96&d=mm&r=g\",\"url\":\"https:\\\/\\\/secure.gravatar.com\\\/avatar\\\/d27fe9520667ca53441d36627a1d6b0fa4a813571ec4803687a7a3a7744685ac?s=96&d=mm&r=g\",\"contentUrl\":\"https:\\\/\\\/secure.gravatar.com\\\/avatar\\\/d27fe9520667ca53441d36627a1d6b0fa4a813571ec4803687a7a3a7744685ac?s=96&d=mm&r=g\",\"caption\":\"Editor\"},\"url\":\"https:\\\/\\\/infopba247.com.ar\\\/index.php\\\/author\\\/editor\\\/\"}]}<\/script>\n<!-- \/ Yoast SEO plugin. -->","yoast_head_json":{"title":"Se realizar\u00e1 la Primera Marcha de los Bombos - InfoPBA247","robots":{"index":"index","follow":"follow","max-snippet":"max-snippet:-1","max-image-preview":"max-image-preview:large","max-video-preview":"max-video-preview:-1"},"canonical":"https:\/\/infopba247.com.ar\/index.php\/2024\/09\/13\/se-realizara-la-primera-marcha-de-los-bombos\/","og_locale":"es_ES","og_type":"article","og_title":"Se realizar\u00e1 la Primera Marcha de los Bombos - InfoPBA247","og_description":"La Primera Marcha de los Bombos, un evento que rinde homenaje al bombo leg\u00fcero, \u00edcono de la cultura santiague\u00f1a, se","og_url":"https:\/\/infopba247.com.ar\/index.php\/2024\/09\/13\/se-realizara-la-primera-marcha-de-los-bombos\/","og_site_name":"InfoPBA247","article_publisher":"https:\/\/www.facebook.com\/InfoPBA","article_published_time":"2024-09-13T12:58:26+00:00","article_modified_time":"2024-09-13T12:58:28+00:00","og_image":[{"width":1920,"height":1080,"url":"https:\/\/infopba247.com.ar\/wp-content\/uploads\/2024\/09\/BOMBOS1.jpg","type":"image\/jpeg"}],"author":"Editor","twitter_card":"summary_large_image","twitter_misc":{"Escrito por":"Editor","Tiempo de lectura":"2 minutos"},"schema":{"@context":"https:\/\/schema.org","@graph":[{"@type":"Article","@id":"https:\/\/infopba247.com.ar\/index.php\/2024\/09\/13\/se-realizara-la-primera-marcha-de-los-bombos\/#article","isPartOf":{"@id":"https:\/\/infopba247.com.ar\/index.php\/2024\/09\/13\/se-realizara-la-primera-marcha-de-los-bombos\/"},"author":{"name":"Editor","@id":"https:\/\/infopba247.com.ar\/#\/schema\/person\/4975f1343a413e57bf839b3eed0099f2"},"headline":"Se realizar\u00e1 la Primera Marcha de los Bombos","datePublished":"2024-09-13T12:58:26+00:00","dateModified":"2024-09-13T12:58:28+00:00","mainEntityOfPage":{"@id":"https:\/\/infopba247.com.ar\/index.php\/2024\/09\/13\/se-realizara-la-primera-marcha-de-los-bombos\/"},"wordCount":263,"commentCount":0,"publisher":{"@id":"https:\/\/infopba247.com.ar\/#organization"},"image":{"@id":"https:\/\/infopba247.com.ar\/index.php\/2024\/09\/13\/se-realizara-la-primera-marcha-de-los-bombos\/#primaryimage"},"thumbnailUrl":"https:\/\/infopba247.com.ar\/wp-content\/uploads\/2024\/09\/BOMBOS1.jpg","articleSection":["1ra Secci\u00f3n","Destacadas","Pol\u00edtica"],"inLanguage":"es","potentialAction":[{"@type":"CommentAction","name":"Comment","target":["https:\/\/infopba247.com.ar\/index.php\/2024\/09\/13\/se-realizara-la-primera-marcha-de-los-bombos\/#respond"]}]},{"@type":"WebPage","@id":"https:\/\/infopba247.com.ar\/index.php\/2024\/09\/13\/se-realizara-la-primera-marcha-de-los-bombos\/","url":"https:\/\/infopba247.com.ar\/index.php\/2024\/09\/13\/se-realizara-la-primera-marcha-de-los-bombos\/","name":"Se realizar\u00e1 la Primera Marcha de los Bombos - InfoPBA247","isPartOf":{"@id":"https:\/\/infopba247.com.ar\/#website"},"primaryImageOfPage":{"@id":"https:\/\/infopba247.com.ar\/index.php\/2024\/09\/13\/se-realizara-la-primera-marcha-de-los-bombos\/#primaryimage"},"image":{"@id":"https:\/\/infopba247.com.ar\/index.php\/2024\/09\/13\/se-realizara-la-primera-marcha-de-los-bombos\/#primaryimage"},"thumbnailUrl":"https:\/\/infopba247.com.ar\/wp-content\/uploads\/2024\/09\/BOMBOS1.jpg","datePublished":"2024-09-13T12:58:26+00:00","dateModified":"2024-09-13T12:58:28+00:00","breadcrumb":{"@id":"https:\/\/infopba247.com.ar\/index.php\/2024\/09\/13\/se-realizara-la-primera-marcha-de-los-bombos\/#breadcrumb"},"inLanguage":"es","potentialAction":[{"@type":"ReadAction","target":["https:\/\/infopba247.com.ar\/index.php\/2024\/09\/13\/se-realizara-la-primera-marcha-de-los-bombos\/"]}]},{"@type":"ImageObject","inLanguage":"es","@id":"https:\/\/infopba247.com.ar\/index.php\/2024\/09\/13\/se-realizara-la-primera-marcha-de-los-bombos\/#primaryimage","url":"https:\/\/infopba247.com.ar\/wp-content\/uploads\/2024\/09\/BOMBOS1.jpg","contentUrl":"https:\/\/infopba247.com.ar\/wp-content\/uploads\/2024\/09\/BOMBOS1.jpg","width":1920,"height":1080},{"@type":"BreadcrumbList","@id":"https:\/\/infopba247.com.ar\/index.php\/2024\/09\/13\/se-realizara-la-primera-marcha-de-los-bombos\/#breadcrumb","itemListElement":[{"@type":"ListItem","position":1,"name":"Portada","item":"https:\/\/infopba247.com.ar\/"},{"@type":"ListItem","position":2,"name":"Se realizar\u00e1 la Primera Marcha de los Bombos"}]},{"@type":"WebSite","@id":"https:\/\/infopba247.com.ar\/#website","url":"https:\/\/infopba247.com.ar\/","name":"InfoPBA247","description":"Toda la actualidad bonaerense","publisher":{"@id":"https:\/\/infopba247.com.ar\/#organization"},"potentialAction":[{"@type":"SearchAction","target":{"@type":"EntryPoint","urlTemplate":"https:\/\/infopba247.com.ar\/?s={search_term_string}"},"query-input":{"@type":"PropertyValueSpecification","valueRequired":true,"valueName":"search_term_string"}}],"inLanguage":"es"},{"@type":"Organization","@id":"https:\/\/infopba247.com.ar\/#organization","name":"InfoPBA247","url":"https:\/\/infopba247.com.ar\/","logo":{"@type":"ImageObject","inLanguage":"es","@id":"https:\/\/infopba247.com.ar\/#\/schema\/logo\/image\/","url":"https:\/\/infopba247.com.ar\/wp-content\/uploads\/2022\/03\/cropped-InfoPBA247-1.png","contentUrl":"https:\/\/infopba247.com.ar\/wp-content\/uploads\/2022\/03\/cropped-InfoPBA247-1.png","width":500,"height":122,"caption":"InfoPBA247"},"image":{"@id":"https:\/\/infopba247.com.ar\/#\/schema\/logo\/image\/"},"sameAs":["https:\/\/www.facebook.com\/InfoPBA"]},{"@type":"Person","@id":"https:\/\/infopba247.com.ar\/#\/schema\/person\/4975f1343a413e57bf839b3eed0099f2","name":"Editor","image":{"@type":"ImageObject","inLanguage":"es","@id":"https:\/\/secure.gravatar.com\/avatar\/d27fe9520667ca53441d36627a1d6b0fa4a813571ec4803687a7a3a7744685ac?s=96&d=mm&r=g","url":"https:\/\/secure.gravatar.com\/avatar\/d27fe9520667ca53441d36627a1d6b0fa4a813571ec4803687a7a3a7744685ac?s=96&d=mm&r=g","contentUrl":"https:\/\/secure.gravatar.com\/avatar\/d27fe9520667ca53441d36627a1d6b0fa4a813571ec4803687a7a3a7744685ac?s=96&d=mm&r=g","caption":"Editor"},"url":"https:\/\/infopba247.com.ar\/index.php\/author\/editor\/"}]}},"_links":{"self":[{"href":"https:\/\/infopba247.com.ar\/index.php\/wp-json\/wp\/v2\/posts\/5153","targetHints":{"allow":["GET"]}}],"collection":[{"href":"https:\/\/infopba247.com.ar\/index.php\/wp-json\/wp\/v2\/posts"}],"about":[{"href":"https:\/\/infopba247.com.ar\/index.php\/wp-json\/wp\/v2\/types\/post"}],"author":[{"embeddable":true,"href":"https:\/\/infopba247.com.ar\/index.php\/wp-json\/wp\/v2\/users\/3"}],"replies":[{"embeddable":true,"href":"https:\/\/infopba247.com.ar\/index.php\/wp-json\/wp\/v2\/comments?post=5153"}],"version-history":[{"count":1,"href":"https:\/\/infopba247.com.ar\/index.php\/wp-json\/wp\/v2\/posts\/5153\/revisions"}],"predecessor-version":[{"id":5154,"href":"https:\/\/infopba247.com.ar\/index.php\/wp-json\/wp\/v2\/posts\/5153\/revisions\/5154"}],"wp:featuredmedia":[{"embeddable":true,"href":"https:\/\/infopba247.com.ar\/index.php\/wp-json\/wp\/v2\/media\/5146"}],"wp:attachment":[{"href":"https:\/\/infopba247.com.ar\/index.php\/wp-json\/wp\/v2\/media?parent=5153"}],"wp:term":[{"taxonomy":"category","embeddable":true,"href":"https:\/\/infopba247.com.ar\/index.php\/wp-json\/wp\/v2\/categories?post=5153"},{"taxonomy":"post_tag","embeddable":true,"href":"https:\/\/infopba247.com.ar\/index.php\/wp-json\/wp\/v2\/tags?post=5153"}],"curies":[{"name":"wp","href":"https:\/\/api.w.org\/{rel}","templated":true}]}}