{"id":5112,"date":"2024-09-11T09:11:04","date_gmt":"2024-09-11T12:11:04","guid":{"rendered":"https:\/\/infopba247.com.ar\/?p=5112"},"modified":"2024-09-11T09:11:06","modified_gmt":"2024-09-11T12:11:06","slug":"la-provincia-presento-la-campana-de-sensibilizacion-desactivemos-el-silencio","status":"publish","type":"post","link":"https:\/\/infopba247.com.ar\/index.php\/2024\/09\/11\/la-provincia-presento-la-campana-de-sensibilizacion-desactivemos-el-silencio\/","title":{"rendered":"La Provincia present\u00f3 la Campa\u00f1a de sensibilizaci\u00f3n \u201cDesactivemos el Silencio\u201d"},"content":{"rendered":"\n<p>En el marco del D\u00eda Mundial por la Prevenci\u00f3n del Suicidio, la Provincia de Buenos Aires, a trav\u00e9s de la Subcomisi\u00f3n Interministerial para la Prevenci\u00f3n y Abordajes del Suicidio en las Adolescencias y Juventudes, present\u00f3 la primera parte de una campa\u00f1a comunicacional que provee diversos productos que funcionar\u00e1n como herramienta para sensibilizar la problem\u00e1tica y aportar lineamientos para el abordaje integral de la tem\u00e1tica.<\/p>\n\n\n\n<p>Para su segunda parte, se proyectan distintos productos audiovisuales para acompa\u00f1ar el proceso. Tambi\u00e9n se lanzaron dos documentos que sirven de eje y herramienta con el objetivo de construir pr\u00e1cticas de articulaci\u00f3n y corresponsabilidad en la implementaci\u00f3n de las pol\u00edticas p\u00fablicas.<\/p>\n\n\n\n<p>Dicha Subcomisi\u00f3n es coordinada por el ministerio de Salud y est\u00e1 integrada por la Direcci\u00f3n General de Cultura y Educaci\u00f3n y los ministerios de Comunicaci\u00f3n P\u00fablica, Desarrollo de la Comunidad, de Seguridad, Justicia y Derechos Humanos, y Mujeres, Pol\u00edticas de G\u00e9nero y Diversidad Sexual, con el objetivo de construir planes de acci\u00f3n integrales, articulados y corresponsables para la implementaci\u00f3n de estrategias de intervenci\u00f3n social y sanitaria.<\/p>\n\n\n\n<p>En un acto que tuvo lugar en la Subsecretar\u00eda de Salud Mental, Consumos Problem\u00e1ticos y Violencias en el \u00e1mbito de la Salud P\u00fablica, se realiz\u00f3 la presentaci\u00f3n de la Subcomisi\u00f3n junto con las Gu\u00edas para la conformaci\u00f3n de \u201cMesas intersectoriales Locales\u201d y de \u201cEstrategias de acompa\u00f1amiento para la posvenci\u00f3n\u201d, disponibles en el sitio web de la Subsecretar\u00eda, donde tambi\u00e9n se encuentra publicado el documento \u201cAbordaje de la problem\u00e1tica del suicidio en los medios: claves para una comunicaci\u00f3n responsable\u201d.<\/p>\n\n\n\n<p>La jornada estuvo encabezada por la subsecretaria Julieta Calmels; Marcelo Rossi, quien coordina la Subcomisi\u00f3n; y representantes de las distintas carteras Ministeriales.<\/p>\n\n\n\n<p>\u201cEsta subcomisi\u00f3n tiene un trabajo permanente de producci\u00f3n y de discusi\u00f3n. Esto permiti\u00f3 que muchos ministerios hayan tambi\u00e9n desarrollado pol\u00edticas espec\u00edficas para abordar un tema tan complejo e hist\u00f3ricamente tan tab\u00fa y que hace que hoy d\u00eda podamos tener en toda la Provincia una l\u00ednea de abordaje que se enmarca en una misma perspectiva y en una misma mirada. Esto es un saldo de experiencia muy rico, por eso destaco y celebro este trabajo\u201d, expres\u00f3 Calmels.<\/p>\n\n\n\n<p>Respecto a la campa\u00f1a comunicacional \u201cDesactivemos el silencio. Hablemos de lo que nos pasa\u201d, la subsecretaria de Salud Mental se\u00f1al\u00f3 que \u201cconstruir un lenguaje de comunicaci\u00f3n capaz de hablar del tema y de una manera que nos acerque es un desaf\u00edo realmente simb\u00f3lico muy importante\u201d. Y agreg\u00f3: \u201cesta propuesta, esta invitaci\u00f3n a que la palabra pueda ocupar nuestros espacios, nuestros v\u00ednculos, nuestros territorios, nuestras pol\u00edticas, es tambi\u00e9n una invitaci\u00f3n sincera a que podamos hablar de las cosas que suceden en nuestra vida, y me parece que esta es la manera en que en esta Subcomisi\u00f3n se viene pensando el abordaje de las problem\u00e1ticas del suicidio y de los intentos de suicidio\u201d.<\/p>\n\n\n\n<p>La Subcomisi\u00f3n busca construir redes territoriales a partir del trabajo participativo en las Mesas Intersectoriales Locales, como tambi\u00e9n asesorar y acompa\u00f1ar el trabajo al interior de cada ministerio, en diferentes \u00e1mbitos: penales juveniles, en escuelas, en hogares de cada organismo, con las fuerzas de seguridad, etc. Promover la integralidad de las intervenciones implica trabajar desde un paradigma de derechos desde el que se comprende al suicidio y las manifestaciones emparentadas con esta problem\u00e1tica, como expresi\u00f3n de su vulneraci\u00f3n. Desde esta perspectiva, se trata de un problema atravesado por m\u00faltiples dimensiones, por ello definimos al suicidio como problem\u00e1tica compleja que requiere de acciones tambi\u00e9n complejas para abordarlo.<\/p>\n\n\n\n<p>\u201cNo es la presencia de un factor de riesgo lo que va a determinar la posibilidad de, sino como interact\u00faa con esos factores esa persona en base a los recursos y las herramientas sociales y comunitarias con las que cuenta. La evaluaci\u00f3n desde esta perspectiva es mucho m\u00e1s compleja , es de constante construcci\u00f3n, no es una lista que se complete, sino que es una mirada compleja, intersectorial, multidisciplinaria, y para eso es que conformamos un espacio intersectorial en donde Salud es solamente un miembro m\u00e1s\u201d, destac\u00f3 Rossi.<\/p>\n\n\n\n<p>Cabe destacar que las Gu\u00edas presentadas tienen como objetivo brindar herramientas para el dise\u00f1o e implementaci\u00f3n de estrategias territoriales adecuadas a las condiciones sociales, pol\u00edticas, econ\u00f3micas, habitacionales, ambientales, culturales, de cada persona que atraviesa la problem\u00e1tica. El fortalecimiento de las mesas intersectoriales es parte de una pol\u00edtica central para garantizar un abordaje integral desde la escucha atenta, situada y enfocada en la inclusi\u00f3n e integraci\u00f3n de las Adolescencias y Juventudes a la comunidad, d\u00e1ndoles un rol protag\u00f3nico. Asimismo, se proponen l\u00edneas de acci\u00f3n para la posvenci\u00f3n, prevenci\u00f3n inespec\u00edfica, y promoci\u00f3n de pr\u00e1cticas de cuidado comunitarias, claves tambi\u00e9n para el acompa\u00f1amiento del entorno de la persona fallecida.<\/p>\n\n\n\n<p>Participaron de la jornada Fernanda Aguirre y Sandra Alegre por parte de la Direcci\u00f3n General de Cultura y Educaci\u00f3n; Griselda Guill\u00e9n y Franco Zeren\u00e9, del ministerio de Pol\u00edticas P\u00fablicas en Comunicaci\u00f3n; Rosa Albelo y Agustina Bondino del ministerio de Seguridad; Marcela Finocci del ministerio de Justicia y Derechos Humanos;&nbsp; Noelia Bilyk, representante del ministerio de Mujeres, Pol\u00edticas de G\u00e9nero y Diversidad Sexual y Mariana Ruiz del Desarrollo de la Comunidad.<\/p>\n","protected":false},"excerpt":{"rendered":"<p>En el marco del D\u00eda Mundial por la Prevenci\u00f3n del Suicidio, la Provincia de Buenos Aires, a trav\u00e9s de la<\/p>\n","protected":false},"author":3,"featured_media":5109,"comment_status":"open","ping_status":"open","sticky":false,"template":"","format":"standard","meta":{"colormag_page_container_layout":"default_layout","colormag_page_sidebar_layout":"default_layout","footnotes":""},"categories":[1,14],"tags":[],"class_list":["post-5112","post","type-post","status-publish","format-standard","has-post-thumbnail","hentry","category-destacadas","category-politica"],"yoast_head":"<!-- This site is optimized with the Yoast SEO plugin v27.5 - https:\/\/yoast.com\/product\/yoast-seo-wordpress\/ -->\n<title>La Provincia present\u00f3 la Campa\u00f1a de sensibilizaci\u00f3n \u201cDesactivemos el Silencio\u201d - InfoPBA247<\/title>\n<meta name=\"robots\" content=\"index, follow, max-snippet:-1, max-image-preview:large, max-video-preview:-1\" \/>\n<link rel=\"canonical\" href=\"https:\/\/infopba247.com.ar\/index.php\/2024\/09\/11\/la-provincia-presento-la-campana-de-sensibilizacion-desactivemos-el-silencio\/\" \/>\n<meta property=\"og:locale\" content=\"es_ES\" \/>\n<meta property=\"og:type\" content=\"article\" \/>\n<meta property=\"og:title\" content=\"La Provincia present\u00f3 la Campa\u00f1a de sensibilizaci\u00f3n \u201cDesactivemos el Silencio\u201d - InfoPBA247\" \/>\n<meta property=\"og:description\" content=\"En el marco del D\u00eda Mundial por la Prevenci\u00f3n del Suicidio, la Provincia de Buenos Aires, a trav\u00e9s de la\" \/>\n<meta property=\"og:url\" content=\"https:\/\/infopba247.com.ar\/index.php\/2024\/09\/11\/la-provincia-presento-la-campana-de-sensibilizacion-desactivemos-el-silencio\/\" \/>\n<meta property=\"og:site_name\" content=\"InfoPBA247\" \/>\n<meta property=\"article:publisher\" content=\"https:\/\/www.facebook.com\/InfoPBA\" \/>\n<meta property=\"article:published_time\" content=\"2024-09-11T12:11:04+00:00\" \/>\n<meta property=\"article:modified_time\" content=\"2024-09-11T12:11:06+00:00\" \/>\n<meta property=\"og:image\" content=\"https:\/\/infopba247.com.ar\/wp-content\/uploads\/2024\/09\/unnamed-78.jpg\" \/>\n\t<meta property=\"og:image:width\" content=\"700\" \/>\n\t<meta property=\"og:image:height\" content=\"380\" \/>\n\t<meta property=\"og:image:type\" content=\"image\/jpeg\" \/>\n<meta name=\"author\" content=\"Editor\" \/>\n<meta name=\"twitter:card\" content=\"summary_large_image\" \/>\n<meta name=\"twitter:label1\" content=\"Escrito por\" \/>\n\t<meta name=\"twitter:data1\" content=\"Editor\" \/>\n\t<meta name=\"twitter:label2\" content=\"Tiempo de lectura\" \/>\n\t<meta name=\"twitter:data2\" content=\"4 minutos\" \/>\n<script type=\"application\/ld+json\" class=\"yoast-schema-graph\">{\"@context\":\"https:\\\/\\\/schema.org\",\"@graph\":[{\"@type\":\"Article\",\"@id\":\"https:\\\/\\\/infopba247.com.ar\\\/index.php\\\/2024\\\/09\\\/11\\\/la-provincia-presento-la-campana-de-sensibilizacion-desactivemos-el-silencio\\\/#article\",\"isPartOf\":{\"@id\":\"https:\\\/\\\/infopba247.com.ar\\\/index.php\\\/2024\\\/09\\\/11\\\/la-provincia-presento-la-campana-de-sensibilizacion-desactivemos-el-silencio\\\/\"},\"author\":{\"name\":\"Editor\",\"@id\":\"https:\\\/\\\/infopba247.com.ar\\\/#\\\/schema\\\/person\\\/4975f1343a413e57bf839b3eed0099f2\"},\"headline\":\"La Provincia present\u00f3 la Campa\u00f1a de sensibilizaci\u00f3n \u201cDesactivemos el Silencio\u201d\",\"datePublished\":\"2024-09-11T12:11:04+00:00\",\"dateModified\":\"2024-09-11T12:11:06+00:00\",\"mainEntityOfPage\":{\"@id\":\"https:\\\/\\\/infopba247.com.ar\\\/index.php\\\/2024\\\/09\\\/11\\\/la-provincia-presento-la-campana-de-sensibilizacion-desactivemos-el-silencio\\\/\"},\"wordCount\":943,\"commentCount\":0,\"publisher\":{\"@id\":\"https:\\\/\\\/infopba247.com.ar\\\/#organization\"},\"image\":{\"@id\":\"https:\\\/\\\/infopba247.com.ar\\\/index.php\\\/2024\\\/09\\\/11\\\/la-provincia-presento-la-campana-de-sensibilizacion-desactivemos-el-silencio\\\/#primaryimage\"},\"thumbnailUrl\":\"https:\\\/\\\/infopba247.com.ar\\\/wp-content\\\/uploads\\\/2024\\\/09\\\/unnamed-78.jpg\",\"articleSection\":[\"Destacadas\",\"Pol\u00edtica\"],\"inLanguage\":\"es\",\"potentialAction\":[{\"@type\":\"CommentAction\",\"name\":\"Comment\",\"target\":[\"https:\\\/\\\/infopba247.com.ar\\\/index.php\\\/2024\\\/09\\\/11\\\/la-provincia-presento-la-campana-de-sensibilizacion-desactivemos-el-silencio\\\/#respond\"]}]},{\"@type\":\"WebPage\",\"@id\":\"https:\\\/\\\/infopba247.com.ar\\\/index.php\\\/2024\\\/09\\\/11\\\/la-provincia-presento-la-campana-de-sensibilizacion-desactivemos-el-silencio\\\/\",\"url\":\"https:\\\/\\\/infopba247.com.ar\\\/index.php\\\/2024\\\/09\\\/11\\\/la-provincia-presento-la-campana-de-sensibilizacion-desactivemos-el-silencio\\\/\",\"name\":\"La Provincia present\u00f3 la Campa\u00f1a de sensibilizaci\u00f3n \u201cDesactivemos el Silencio\u201d - InfoPBA247\",\"isPartOf\":{\"@id\":\"https:\\\/\\\/infopba247.com.ar\\\/#website\"},\"primaryImageOfPage\":{\"@id\":\"https:\\\/\\\/infopba247.com.ar\\\/index.php\\\/2024\\\/09\\\/11\\\/la-provincia-presento-la-campana-de-sensibilizacion-desactivemos-el-silencio\\\/#primaryimage\"},\"image\":{\"@id\":\"https:\\\/\\\/infopba247.com.ar\\\/index.php\\\/2024\\\/09\\\/11\\\/la-provincia-presento-la-campana-de-sensibilizacion-desactivemos-el-silencio\\\/#primaryimage\"},\"thumbnailUrl\":\"https:\\\/\\\/infopba247.com.ar\\\/wp-content\\\/uploads\\\/2024\\\/09\\\/unnamed-78.jpg\",\"datePublished\":\"2024-09-11T12:11:04+00:00\",\"dateModified\":\"2024-09-11T12:11:06+00:00\",\"breadcrumb\":{\"@id\":\"https:\\\/\\\/infopba247.com.ar\\\/index.php\\\/2024\\\/09\\\/11\\\/la-provincia-presento-la-campana-de-sensibilizacion-desactivemos-el-silencio\\\/#breadcrumb\"},\"inLanguage\":\"es\",\"potentialAction\":[{\"@type\":\"ReadAction\",\"target\":[\"https:\\\/\\\/infopba247.com.ar\\\/index.php\\\/2024\\\/09\\\/11\\\/la-provincia-presento-la-campana-de-sensibilizacion-desactivemos-el-silencio\\\/\"]}]},{\"@type\":\"ImageObject\",\"inLanguage\":\"es\",\"@id\":\"https:\\\/\\\/infopba247.com.ar\\\/index.php\\\/2024\\\/09\\\/11\\\/la-provincia-presento-la-campana-de-sensibilizacion-desactivemos-el-silencio\\\/#primaryimage\",\"url\":\"https:\\\/\\\/infopba247.com.ar\\\/wp-content\\\/uploads\\\/2024\\\/09\\\/unnamed-78.jpg\",\"contentUrl\":\"https:\\\/\\\/infopba247.com.ar\\\/wp-content\\\/uploads\\\/2024\\\/09\\\/unnamed-78.jpg\",\"width\":700,\"height\":380},{\"@type\":\"BreadcrumbList\",\"@id\":\"https:\\\/\\\/infopba247.com.ar\\\/index.php\\\/2024\\\/09\\\/11\\\/la-provincia-presento-la-campana-de-sensibilizacion-desactivemos-el-silencio\\\/#breadcrumb\",\"itemListElement\":[{\"@type\":\"ListItem\",\"position\":1,\"name\":\"Portada\",\"item\":\"https:\\\/\\\/infopba247.com.ar\\\/\"},{\"@type\":\"ListItem\",\"position\":2,\"name\":\"La Provincia present\u00f3 la Campa\u00f1a de sensibilizaci\u00f3n \u201cDesactivemos el Silencio\u201d\"}]},{\"@type\":\"WebSite\",\"@id\":\"https:\\\/\\\/infopba247.com.ar\\\/#website\",\"url\":\"https:\\\/\\\/infopba247.com.ar\\\/\",\"name\":\"InfoPBA247\",\"description\":\"Toda la actualidad bonaerense\",\"publisher\":{\"@id\":\"https:\\\/\\\/infopba247.com.ar\\\/#organization\"},\"potentialAction\":[{\"@type\":\"SearchAction\",\"target\":{\"@type\":\"EntryPoint\",\"urlTemplate\":\"https:\\\/\\\/infopba247.com.ar\\\/?s={search_term_string}\"},\"query-input\":{\"@type\":\"PropertyValueSpecification\",\"valueRequired\":true,\"valueName\":\"search_term_string\"}}],\"inLanguage\":\"es\"},{\"@type\":\"Organization\",\"@id\":\"https:\\\/\\\/infopba247.com.ar\\\/#organization\",\"name\":\"InfoPBA247\",\"url\":\"https:\\\/\\\/infopba247.com.ar\\\/\",\"logo\":{\"@type\":\"ImageObject\",\"inLanguage\":\"es\",\"@id\":\"https:\\\/\\\/infopba247.com.ar\\\/#\\\/schema\\\/logo\\\/image\\\/\",\"url\":\"https:\\\/\\\/infopba247.com.ar\\\/wp-content\\\/uploads\\\/2022\\\/03\\\/cropped-InfoPBA247-1.png\",\"contentUrl\":\"https:\\\/\\\/infopba247.com.ar\\\/wp-content\\\/uploads\\\/2022\\\/03\\\/cropped-InfoPBA247-1.png\",\"width\":500,\"height\":122,\"caption\":\"InfoPBA247\"},\"image\":{\"@id\":\"https:\\\/\\\/infopba247.com.ar\\\/#\\\/schema\\\/logo\\\/image\\\/\"},\"sameAs\":[\"https:\\\/\\\/www.facebook.com\\\/InfoPBA\"]},{\"@type\":\"Person\",\"@id\":\"https:\\\/\\\/infopba247.com.ar\\\/#\\\/schema\\\/person\\\/4975f1343a413e57bf839b3eed0099f2\",\"name\":\"Editor\",\"image\":{\"@type\":\"ImageObject\",\"inLanguage\":\"es\",\"@id\":\"https:\\\/\\\/secure.gravatar.com\\\/avatar\\\/d27fe9520667ca53441d36627a1d6b0fa4a813571ec4803687a7a3a7744685ac?s=96&d=mm&r=g\",\"url\":\"https:\\\/\\\/secure.gravatar.com\\\/avatar\\\/d27fe9520667ca53441d36627a1d6b0fa4a813571ec4803687a7a3a7744685ac?s=96&d=mm&r=g\",\"contentUrl\":\"https:\\\/\\\/secure.gravatar.com\\\/avatar\\\/d27fe9520667ca53441d36627a1d6b0fa4a813571ec4803687a7a3a7744685ac?s=96&d=mm&r=g\",\"caption\":\"Editor\"},\"url\":\"https:\\\/\\\/infopba247.com.ar\\\/index.php\\\/author\\\/editor\\\/\"}]}<\/script>\n<!-- \/ Yoast SEO plugin. -->","yoast_head_json":{"title":"La Provincia present\u00f3 la Campa\u00f1a de sensibilizaci\u00f3n \u201cDesactivemos el Silencio\u201d - InfoPBA247","robots":{"index":"index","follow":"follow","max-snippet":"max-snippet:-1","max-image-preview":"max-image-preview:large","max-video-preview":"max-video-preview:-1"},"canonical":"https:\/\/infopba247.com.ar\/index.php\/2024\/09\/11\/la-provincia-presento-la-campana-de-sensibilizacion-desactivemos-el-silencio\/","og_locale":"es_ES","og_type":"article","og_title":"La Provincia present\u00f3 la Campa\u00f1a de sensibilizaci\u00f3n \u201cDesactivemos el Silencio\u201d - InfoPBA247","og_description":"En el marco del D\u00eda Mundial por la Prevenci\u00f3n del Suicidio, la Provincia de Buenos Aires, a trav\u00e9s de la","og_url":"https:\/\/infopba247.com.ar\/index.php\/2024\/09\/11\/la-provincia-presento-la-campana-de-sensibilizacion-desactivemos-el-silencio\/","og_site_name":"InfoPBA247","article_publisher":"https:\/\/www.facebook.com\/InfoPBA","article_published_time":"2024-09-11T12:11:04+00:00","article_modified_time":"2024-09-11T12:11:06+00:00","og_image":[{"width":700,"height":380,"url":"https:\/\/infopba247.com.ar\/wp-content\/uploads\/2024\/09\/unnamed-78.jpg","type":"image\/jpeg"}],"author":"Editor","twitter_card":"summary_large_image","twitter_misc":{"Escrito por":"Editor","Tiempo de lectura":"4 minutos"},"schema":{"@context":"https:\/\/schema.org","@graph":[{"@type":"Article","@id":"https:\/\/infopba247.com.ar\/index.php\/2024\/09\/11\/la-provincia-presento-la-campana-de-sensibilizacion-desactivemos-el-silencio\/#article","isPartOf":{"@id":"https:\/\/infopba247.com.ar\/index.php\/2024\/09\/11\/la-provincia-presento-la-campana-de-sensibilizacion-desactivemos-el-silencio\/"},"author":{"name":"Editor","@id":"https:\/\/infopba247.com.ar\/#\/schema\/person\/4975f1343a413e57bf839b3eed0099f2"},"headline":"La Provincia present\u00f3 la Campa\u00f1a de sensibilizaci\u00f3n \u201cDesactivemos el Silencio\u201d","datePublished":"2024-09-11T12:11:04+00:00","dateModified":"2024-09-11T12:11:06+00:00","mainEntityOfPage":{"@id":"https:\/\/infopba247.com.ar\/index.php\/2024\/09\/11\/la-provincia-presento-la-campana-de-sensibilizacion-desactivemos-el-silencio\/"},"wordCount":943,"commentCount":0,"publisher":{"@id":"https:\/\/infopba247.com.ar\/#organization"},"image":{"@id":"https:\/\/infopba247.com.ar\/index.php\/2024\/09\/11\/la-provincia-presento-la-campana-de-sensibilizacion-desactivemos-el-silencio\/#primaryimage"},"thumbnailUrl":"https:\/\/infopba247.com.ar\/wp-content\/uploads\/2024\/09\/unnamed-78.jpg","articleSection":["Destacadas","Pol\u00edtica"],"inLanguage":"es","potentialAction":[{"@type":"CommentAction","name":"Comment","target":["https:\/\/infopba247.com.ar\/index.php\/2024\/09\/11\/la-provincia-presento-la-campana-de-sensibilizacion-desactivemos-el-silencio\/#respond"]}]},{"@type":"WebPage","@id":"https:\/\/infopba247.com.ar\/index.php\/2024\/09\/11\/la-provincia-presento-la-campana-de-sensibilizacion-desactivemos-el-silencio\/","url":"https:\/\/infopba247.com.ar\/index.php\/2024\/09\/11\/la-provincia-presento-la-campana-de-sensibilizacion-desactivemos-el-silencio\/","name":"La Provincia present\u00f3 la Campa\u00f1a de sensibilizaci\u00f3n \u201cDesactivemos el Silencio\u201d - InfoPBA247","isPartOf":{"@id":"https:\/\/infopba247.com.ar\/#website"},"primaryImageOfPage":{"@id":"https:\/\/infopba247.com.ar\/index.php\/2024\/09\/11\/la-provincia-presento-la-campana-de-sensibilizacion-desactivemos-el-silencio\/#primaryimage"},"image":{"@id":"https:\/\/infopba247.com.ar\/index.php\/2024\/09\/11\/la-provincia-presento-la-campana-de-sensibilizacion-desactivemos-el-silencio\/#primaryimage"},"thumbnailUrl":"https:\/\/infopba247.com.ar\/wp-content\/uploads\/2024\/09\/unnamed-78.jpg","datePublished":"2024-09-11T12:11:04+00:00","dateModified":"2024-09-11T12:11:06+00:00","breadcrumb":{"@id":"https:\/\/infopba247.com.ar\/index.php\/2024\/09\/11\/la-provincia-presento-la-campana-de-sensibilizacion-desactivemos-el-silencio\/#breadcrumb"},"inLanguage":"es","potentialAction":[{"@type":"ReadAction","target":["https:\/\/infopba247.com.ar\/index.php\/2024\/09\/11\/la-provincia-presento-la-campana-de-sensibilizacion-desactivemos-el-silencio\/"]}]},{"@type":"ImageObject","inLanguage":"es","@id":"https:\/\/infopba247.com.ar\/index.php\/2024\/09\/11\/la-provincia-presento-la-campana-de-sensibilizacion-desactivemos-el-silencio\/#primaryimage","url":"https:\/\/infopba247.com.ar\/wp-content\/uploads\/2024\/09\/unnamed-78.jpg","contentUrl":"https:\/\/infopba247.com.ar\/wp-content\/uploads\/2024\/09\/unnamed-78.jpg","width":700,"height":380},{"@type":"BreadcrumbList","@id":"https:\/\/infopba247.com.ar\/index.php\/2024\/09\/11\/la-provincia-presento-la-campana-de-sensibilizacion-desactivemos-el-silencio\/#breadcrumb","itemListElement":[{"@type":"ListItem","position":1,"name":"Portada","item":"https:\/\/infopba247.com.ar\/"},{"@type":"ListItem","position":2,"name":"La Provincia present\u00f3 la Campa\u00f1a de sensibilizaci\u00f3n \u201cDesactivemos el Silencio\u201d"}]},{"@type":"WebSite","@id":"https:\/\/infopba247.com.ar\/#website","url":"https:\/\/infopba247.com.ar\/","name":"InfoPBA247","description":"Toda la actualidad bonaerense","publisher":{"@id":"https:\/\/infopba247.com.ar\/#organization"},"potentialAction":[{"@type":"SearchAction","target":{"@type":"EntryPoint","urlTemplate":"https:\/\/infopba247.com.ar\/?s={search_term_string}"},"query-input":{"@type":"PropertyValueSpecification","valueRequired":true,"valueName":"search_term_string"}}],"inLanguage":"es"},{"@type":"Organization","@id":"https:\/\/infopba247.com.ar\/#organization","name":"InfoPBA247","url":"https:\/\/infopba247.com.ar\/","logo":{"@type":"ImageObject","inLanguage":"es","@id":"https:\/\/infopba247.com.ar\/#\/schema\/logo\/image\/","url":"https:\/\/infopba247.com.ar\/wp-content\/uploads\/2022\/03\/cropped-InfoPBA247-1.png","contentUrl":"https:\/\/infopba247.com.ar\/wp-content\/uploads\/2022\/03\/cropped-InfoPBA247-1.png","width":500,"height":122,"caption":"InfoPBA247"},"image":{"@id":"https:\/\/infopba247.com.ar\/#\/schema\/logo\/image\/"},"sameAs":["https:\/\/www.facebook.com\/InfoPBA"]},{"@type":"Person","@id":"https:\/\/infopba247.com.ar\/#\/schema\/person\/4975f1343a413e57bf839b3eed0099f2","name":"Editor","image":{"@type":"ImageObject","inLanguage":"es","@id":"https:\/\/secure.gravatar.com\/avatar\/d27fe9520667ca53441d36627a1d6b0fa4a813571ec4803687a7a3a7744685ac?s=96&d=mm&r=g","url":"https:\/\/secure.gravatar.com\/avatar\/d27fe9520667ca53441d36627a1d6b0fa4a813571ec4803687a7a3a7744685ac?s=96&d=mm&r=g","contentUrl":"https:\/\/secure.gravatar.com\/avatar\/d27fe9520667ca53441d36627a1d6b0fa4a813571ec4803687a7a3a7744685ac?s=96&d=mm&r=g","caption":"Editor"},"url":"https:\/\/infopba247.com.ar\/index.php\/author\/editor\/"}]}},"_links":{"self":[{"href":"https:\/\/infopba247.com.ar\/index.php\/wp-json\/wp\/v2\/posts\/5112","targetHints":{"allow":["GET"]}}],"collection":[{"href":"https:\/\/infopba247.com.ar\/index.php\/wp-json\/wp\/v2\/posts"}],"about":[{"href":"https:\/\/infopba247.com.ar\/index.php\/wp-json\/wp\/v2\/types\/post"}],"author":[{"embeddable":true,"href":"https:\/\/infopba247.com.ar\/index.php\/wp-json\/wp\/v2\/users\/3"}],"replies":[{"embeddable":true,"href":"https:\/\/infopba247.com.ar\/index.php\/wp-json\/wp\/v2\/comments?post=5112"}],"version-history":[{"count":1,"href":"https:\/\/infopba247.com.ar\/index.php\/wp-json\/wp\/v2\/posts\/5112\/revisions"}],"predecessor-version":[{"id":5113,"href":"https:\/\/infopba247.com.ar\/index.php\/wp-json\/wp\/v2\/posts\/5112\/revisions\/5113"}],"wp:featuredmedia":[{"embeddable":true,"href":"https:\/\/infopba247.com.ar\/index.php\/wp-json\/wp\/v2\/media\/5109"}],"wp:attachment":[{"href":"https:\/\/infopba247.com.ar\/index.php\/wp-json\/wp\/v2\/media?parent=5112"}],"wp:term":[{"taxonomy":"category","embeddable":true,"href":"https:\/\/infopba247.com.ar\/index.php\/wp-json\/wp\/v2\/categories?post=5112"},{"taxonomy":"post_tag","embeddable":true,"href":"https:\/\/infopba247.com.ar\/index.php\/wp-json\/wp\/v2\/tags?post=5112"}],"curies":[{"name":"wp","href":"https:\/\/api.w.org\/{rel}","templated":true}]}}