{"id":5100,"date":"2024-09-10T09:50:49","date_gmt":"2024-09-10T12:50:49","guid":{"rendered":"https:\/\/infopba247.com.ar\/?p=5100"},"modified":"2024-09-10T09:50:50","modified_gmt":"2024-09-10T12:50:50","slug":"alak-acompano-a-la-comunidad-italiana-en-el-festejo-de-la-mamma-nostra","status":"publish","type":"post","link":"https:\/\/infopba247.com.ar\/index.php\/2024\/09\/10\/alak-acompano-a-la-comunidad-italiana-en-el-festejo-de-la-mamma-nostra\/","title":{"rendered":"Alak acompa\u00f1\u00f3 a la comunidad italiana en el festejo de la Mamma Nostra"},"content":{"rendered":"\n<p>El intendente de La Plata, Julio Alak, particip\u00f3 este s\u00e1bado de la celebraci\u00f3n del 77\u00ba Aniversario de Mar\u00eda SS Mamma Nostra, una iniciativa organizada por el Centro Cultural Bivongesi.<\/p>\n\n\n\n<p>En esta oportunidad, el jefe comunal platense acompa\u00f1\u00f3 a la comunidad italiana de la ciudad, en el marco de la primera jornada de festejos que se desarroll\u00f3 este s\u00e1bado en las inmediaciones del Parque Castelli, con apoyo de la Municipalidad de La Plata.<\/p>\n\n\n\n<p>Durante el acto, Alak enfatiz\u00f3 en la importancia de este tipo de festejos y asegur\u00f3 que \u201cnos permite honrar la tradici\u00f3n cultural de una enorme naci\u00f3n como es Italia\u201d. Asimismo, reiter\u00f3: \u201cArgentina recibi\u00f3 una impronta cultural enorme de Italia, y esa enormidad trajo una cultura y un valor que hoy veneramos\u201d.<\/p>\n\n\n\n<p>El evento cuenta con una atractiva feria de emprendedores platenses, productos t\u00edpicos, gastronom\u00eda italiana, foodtrucks, espect\u00e1culos musicales y bailes t\u00edpicos.<\/p>\n\n\n\n<p>Tras su jornada inaugural de ayer con la presencia del mandatario local, las propuestas continuar\u00e1n este domingo hasta pasadas las 16, horario en el que comenzar\u00e1 la procesi\u00f3n de la Virgen.<\/p>\n","protected":false},"excerpt":{"rendered":"<p>El intendente de La Plata, Julio Alak, particip\u00f3 este s\u00e1bado de la celebraci\u00f3n del 77\u00ba Aniversario de Mar\u00eda SS Mamma<\/p>\n","protected":false},"author":3,"featured_media":5096,"comment_status":"open","ping_status":"open","sticky":false,"template":"","format":"standard","meta":{"colormag_page_container_layout":"default_layout","colormag_page_sidebar_layout":"default_layout","footnotes":""},"categories":[12,1,14],"tags":[],"class_list":["post-5100","post","type-post","status-publish","format-standard","has-post-thumbnail","hentry","category-8va-seccion","category-destacadas","category-politica"],"yoast_head":"<!-- This site is optimized with the Yoast SEO plugin v27.4 - https:\/\/yoast.com\/product\/yoast-seo-wordpress\/ -->\n<title>Alak acompa\u00f1\u00f3 a la comunidad italiana en el festejo de la Mamma Nostra - InfoPBA247<\/title>\n<meta name=\"robots\" content=\"index, follow, max-snippet:-1, max-image-preview:large, max-video-preview:-1\" \/>\n<link rel=\"canonical\" href=\"https:\/\/infopba247.com.ar\/index.php\/2024\/09\/10\/alak-acompano-a-la-comunidad-italiana-en-el-festejo-de-la-mamma-nostra\/\" \/>\n<meta property=\"og:locale\" content=\"es_ES\" \/>\n<meta property=\"og:type\" content=\"article\" \/>\n<meta property=\"og:title\" content=\"Alak acompa\u00f1\u00f3 a la comunidad italiana en el festejo de la Mamma Nostra - InfoPBA247\" \/>\n<meta property=\"og:description\" content=\"El intendente de La Plata, Julio Alak, particip\u00f3 este s\u00e1bado de la celebraci\u00f3n del 77\u00ba Aniversario de Mar\u00eda SS Mamma\" \/>\n<meta property=\"og:url\" content=\"https:\/\/infopba247.com.ar\/index.php\/2024\/09\/10\/alak-acompano-a-la-comunidad-italiana-en-el-festejo-de-la-mamma-nostra\/\" \/>\n<meta property=\"og:site_name\" content=\"InfoPBA247\" \/>\n<meta property=\"article:publisher\" content=\"https:\/\/www.facebook.com\/InfoPBA\" \/>\n<meta property=\"article:published_time\" content=\"2024-09-10T12:50:49+00:00\" \/>\n<meta property=\"article:modified_time\" content=\"2024-09-10T12:50:50+00:00\" \/>\n<meta property=\"og:image\" content=\"https:\/\/infopba247.com.ar\/wp-content\/uploads\/2024\/09\/unnamed-75.jpg\" \/>\n\t<meta property=\"og:image:width\" content=\"1620\" \/>\n\t<meta property=\"og:image:height\" content=\"1080\" \/>\n\t<meta property=\"og:image:type\" content=\"image\/jpeg\" \/>\n<meta name=\"author\" content=\"Editor\" \/>\n<meta name=\"twitter:card\" content=\"summary_large_image\" \/>\n<meta name=\"twitter:label1\" content=\"Escrito por\" \/>\n\t<meta name=\"twitter:data1\" content=\"Editor\" \/>\n\t<meta name=\"twitter:label2\" content=\"Tiempo de lectura\" \/>\n\t<meta name=\"twitter:data2\" content=\"1 minuto\" \/>\n<script type=\"application\/ld+json\" class=\"yoast-schema-graph\">{\"@context\":\"https:\\\/\\\/schema.org\",\"@graph\":[{\"@type\":\"Article\",\"@id\":\"https:\\\/\\\/infopba247.com.ar\\\/index.php\\\/2024\\\/09\\\/10\\\/alak-acompano-a-la-comunidad-italiana-en-el-festejo-de-la-mamma-nostra\\\/#article\",\"isPartOf\":{\"@id\":\"https:\\\/\\\/infopba247.com.ar\\\/index.php\\\/2024\\\/09\\\/10\\\/alak-acompano-a-la-comunidad-italiana-en-el-festejo-de-la-mamma-nostra\\\/\"},\"author\":{\"name\":\"Editor\",\"@id\":\"https:\\\/\\\/infopba247.com.ar\\\/#\\\/schema\\\/person\\\/4975f1343a413e57bf839b3eed0099f2\"},\"headline\":\"Alak acompa\u00f1\u00f3 a la comunidad italiana en el festejo de la Mamma Nostra\",\"datePublished\":\"2024-09-10T12:50:49+00:00\",\"dateModified\":\"2024-09-10T12:50:50+00:00\",\"mainEntityOfPage\":{\"@id\":\"https:\\\/\\\/infopba247.com.ar\\\/index.php\\\/2024\\\/09\\\/10\\\/alak-acompano-a-la-comunidad-italiana-en-el-festejo-de-la-mamma-nostra\\\/\"},\"wordCount\":197,\"commentCount\":0,\"publisher\":{\"@id\":\"https:\\\/\\\/infopba247.com.ar\\\/#organization\"},\"image\":{\"@id\":\"https:\\\/\\\/infopba247.com.ar\\\/index.php\\\/2024\\\/09\\\/10\\\/alak-acompano-a-la-comunidad-italiana-en-el-festejo-de-la-mamma-nostra\\\/#primaryimage\"},\"thumbnailUrl\":\"https:\\\/\\\/infopba247.com.ar\\\/wp-content\\\/uploads\\\/2024\\\/09\\\/unnamed-75.jpg\",\"articleSection\":[\"8va Secci\u00f3n\",\"Destacadas\",\"Pol\u00edtica\"],\"inLanguage\":\"es\",\"potentialAction\":[{\"@type\":\"CommentAction\",\"name\":\"Comment\",\"target\":[\"https:\\\/\\\/infopba247.com.ar\\\/index.php\\\/2024\\\/09\\\/10\\\/alak-acompano-a-la-comunidad-italiana-en-el-festejo-de-la-mamma-nostra\\\/#respond\"]}]},{\"@type\":\"WebPage\",\"@id\":\"https:\\\/\\\/infopba247.com.ar\\\/index.php\\\/2024\\\/09\\\/10\\\/alak-acompano-a-la-comunidad-italiana-en-el-festejo-de-la-mamma-nostra\\\/\",\"url\":\"https:\\\/\\\/infopba247.com.ar\\\/index.php\\\/2024\\\/09\\\/10\\\/alak-acompano-a-la-comunidad-italiana-en-el-festejo-de-la-mamma-nostra\\\/\",\"name\":\"Alak acompa\u00f1\u00f3 a la comunidad italiana en el festejo de la Mamma Nostra - InfoPBA247\",\"isPartOf\":{\"@id\":\"https:\\\/\\\/infopba247.com.ar\\\/#website\"},\"primaryImageOfPage\":{\"@id\":\"https:\\\/\\\/infopba247.com.ar\\\/index.php\\\/2024\\\/09\\\/10\\\/alak-acompano-a-la-comunidad-italiana-en-el-festejo-de-la-mamma-nostra\\\/#primaryimage\"},\"image\":{\"@id\":\"https:\\\/\\\/infopba247.com.ar\\\/index.php\\\/2024\\\/09\\\/10\\\/alak-acompano-a-la-comunidad-italiana-en-el-festejo-de-la-mamma-nostra\\\/#primaryimage\"},\"thumbnailUrl\":\"https:\\\/\\\/infopba247.com.ar\\\/wp-content\\\/uploads\\\/2024\\\/09\\\/unnamed-75.jpg\",\"datePublished\":\"2024-09-10T12:50:49+00:00\",\"dateModified\":\"2024-09-10T12:50:50+00:00\",\"breadcrumb\":{\"@id\":\"https:\\\/\\\/infopba247.com.ar\\\/index.php\\\/2024\\\/09\\\/10\\\/alak-acompano-a-la-comunidad-italiana-en-el-festejo-de-la-mamma-nostra\\\/#breadcrumb\"},\"inLanguage\":\"es\",\"potentialAction\":[{\"@type\":\"ReadAction\",\"target\":[\"https:\\\/\\\/infopba247.com.ar\\\/index.php\\\/2024\\\/09\\\/10\\\/alak-acompano-a-la-comunidad-italiana-en-el-festejo-de-la-mamma-nostra\\\/\"]}]},{\"@type\":\"ImageObject\",\"inLanguage\":\"es\",\"@id\":\"https:\\\/\\\/infopba247.com.ar\\\/index.php\\\/2024\\\/09\\\/10\\\/alak-acompano-a-la-comunidad-italiana-en-el-festejo-de-la-mamma-nostra\\\/#primaryimage\",\"url\":\"https:\\\/\\\/infopba247.com.ar\\\/wp-content\\\/uploads\\\/2024\\\/09\\\/unnamed-75.jpg\",\"contentUrl\":\"https:\\\/\\\/infopba247.com.ar\\\/wp-content\\\/uploads\\\/2024\\\/09\\\/unnamed-75.jpg\",\"width\":1620,\"height\":1080},{\"@type\":\"BreadcrumbList\",\"@id\":\"https:\\\/\\\/infopba247.com.ar\\\/index.php\\\/2024\\\/09\\\/10\\\/alak-acompano-a-la-comunidad-italiana-en-el-festejo-de-la-mamma-nostra\\\/#breadcrumb\",\"itemListElement\":[{\"@type\":\"ListItem\",\"position\":1,\"name\":\"Portada\",\"item\":\"https:\\\/\\\/infopba247.com.ar\\\/\"},{\"@type\":\"ListItem\",\"position\":2,\"name\":\"Alak acompa\u00f1\u00f3 a la comunidad italiana en el festejo de la Mamma Nostra\"}]},{\"@type\":\"WebSite\",\"@id\":\"https:\\\/\\\/infopba247.com.ar\\\/#website\",\"url\":\"https:\\\/\\\/infopba247.com.ar\\\/\",\"name\":\"InfoPBA247\",\"description\":\"Toda la actualidad bonaerense\",\"publisher\":{\"@id\":\"https:\\\/\\\/infopba247.com.ar\\\/#organization\"},\"potentialAction\":[{\"@type\":\"SearchAction\",\"target\":{\"@type\":\"EntryPoint\",\"urlTemplate\":\"https:\\\/\\\/infopba247.com.ar\\\/?s={search_term_string}\"},\"query-input\":{\"@type\":\"PropertyValueSpecification\",\"valueRequired\":true,\"valueName\":\"search_term_string\"}}],\"inLanguage\":\"es\"},{\"@type\":\"Organization\",\"@id\":\"https:\\\/\\\/infopba247.com.ar\\\/#organization\",\"name\":\"InfoPBA247\",\"url\":\"https:\\\/\\\/infopba247.com.ar\\\/\",\"logo\":{\"@type\":\"ImageObject\",\"inLanguage\":\"es\",\"@id\":\"https:\\\/\\\/infopba247.com.ar\\\/#\\\/schema\\\/logo\\\/image\\\/\",\"url\":\"https:\\\/\\\/infopba247.com.ar\\\/wp-content\\\/uploads\\\/2022\\\/03\\\/cropped-InfoPBA247-1.png\",\"contentUrl\":\"https:\\\/\\\/infopba247.com.ar\\\/wp-content\\\/uploads\\\/2022\\\/03\\\/cropped-InfoPBA247-1.png\",\"width\":500,\"height\":122,\"caption\":\"InfoPBA247\"},\"image\":{\"@id\":\"https:\\\/\\\/infopba247.com.ar\\\/#\\\/schema\\\/logo\\\/image\\\/\"},\"sameAs\":[\"https:\\\/\\\/www.facebook.com\\\/InfoPBA\"]},{\"@type\":\"Person\",\"@id\":\"https:\\\/\\\/infopba247.com.ar\\\/#\\\/schema\\\/person\\\/4975f1343a413e57bf839b3eed0099f2\",\"name\":\"Editor\",\"image\":{\"@type\":\"ImageObject\",\"inLanguage\":\"es\",\"@id\":\"https:\\\/\\\/secure.gravatar.com\\\/avatar\\\/d27fe9520667ca53441d36627a1d6b0fa4a813571ec4803687a7a3a7744685ac?s=96&d=mm&r=g\",\"url\":\"https:\\\/\\\/secure.gravatar.com\\\/avatar\\\/d27fe9520667ca53441d36627a1d6b0fa4a813571ec4803687a7a3a7744685ac?s=96&d=mm&r=g\",\"contentUrl\":\"https:\\\/\\\/secure.gravatar.com\\\/avatar\\\/d27fe9520667ca53441d36627a1d6b0fa4a813571ec4803687a7a3a7744685ac?s=96&d=mm&r=g\",\"caption\":\"Editor\"},\"url\":\"https:\\\/\\\/infopba247.com.ar\\\/index.php\\\/author\\\/editor\\\/\"}]}<\/script>\n<!-- \/ Yoast SEO plugin. -->","yoast_head_json":{"title":"Alak acompa\u00f1\u00f3 a la comunidad italiana en el festejo de la Mamma Nostra - InfoPBA247","robots":{"index":"index","follow":"follow","max-snippet":"max-snippet:-1","max-image-preview":"max-image-preview:large","max-video-preview":"max-video-preview:-1"},"canonical":"https:\/\/infopba247.com.ar\/index.php\/2024\/09\/10\/alak-acompano-a-la-comunidad-italiana-en-el-festejo-de-la-mamma-nostra\/","og_locale":"es_ES","og_type":"article","og_title":"Alak acompa\u00f1\u00f3 a la comunidad italiana en el festejo de la Mamma Nostra - InfoPBA247","og_description":"El intendente de La Plata, Julio Alak, particip\u00f3 este s\u00e1bado de la celebraci\u00f3n del 77\u00ba Aniversario de Mar\u00eda SS Mamma","og_url":"https:\/\/infopba247.com.ar\/index.php\/2024\/09\/10\/alak-acompano-a-la-comunidad-italiana-en-el-festejo-de-la-mamma-nostra\/","og_site_name":"InfoPBA247","article_publisher":"https:\/\/www.facebook.com\/InfoPBA","article_published_time":"2024-09-10T12:50:49+00:00","article_modified_time":"2024-09-10T12:50:50+00:00","og_image":[{"width":1620,"height":1080,"url":"https:\/\/infopba247.com.ar\/wp-content\/uploads\/2024\/09\/unnamed-75.jpg","type":"image\/jpeg"}],"author":"Editor","twitter_card":"summary_large_image","twitter_misc":{"Escrito por":"Editor","Tiempo de lectura":"1 minuto"},"schema":{"@context":"https:\/\/schema.org","@graph":[{"@type":"Article","@id":"https:\/\/infopba247.com.ar\/index.php\/2024\/09\/10\/alak-acompano-a-la-comunidad-italiana-en-el-festejo-de-la-mamma-nostra\/#article","isPartOf":{"@id":"https:\/\/infopba247.com.ar\/index.php\/2024\/09\/10\/alak-acompano-a-la-comunidad-italiana-en-el-festejo-de-la-mamma-nostra\/"},"author":{"name":"Editor","@id":"https:\/\/infopba247.com.ar\/#\/schema\/person\/4975f1343a413e57bf839b3eed0099f2"},"headline":"Alak acompa\u00f1\u00f3 a la comunidad italiana en el festejo de la Mamma Nostra","datePublished":"2024-09-10T12:50:49+00:00","dateModified":"2024-09-10T12:50:50+00:00","mainEntityOfPage":{"@id":"https:\/\/infopba247.com.ar\/index.php\/2024\/09\/10\/alak-acompano-a-la-comunidad-italiana-en-el-festejo-de-la-mamma-nostra\/"},"wordCount":197,"commentCount":0,"publisher":{"@id":"https:\/\/infopba247.com.ar\/#organization"},"image":{"@id":"https:\/\/infopba247.com.ar\/index.php\/2024\/09\/10\/alak-acompano-a-la-comunidad-italiana-en-el-festejo-de-la-mamma-nostra\/#primaryimage"},"thumbnailUrl":"https:\/\/infopba247.com.ar\/wp-content\/uploads\/2024\/09\/unnamed-75.jpg","articleSection":["8va Secci\u00f3n","Destacadas","Pol\u00edtica"],"inLanguage":"es","potentialAction":[{"@type":"CommentAction","name":"Comment","target":["https:\/\/infopba247.com.ar\/index.php\/2024\/09\/10\/alak-acompano-a-la-comunidad-italiana-en-el-festejo-de-la-mamma-nostra\/#respond"]}]},{"@type":"WebPage","@id":"https:\/\/infopba247.com.ar\/index.php\/2024\/09\/10\/alak-acompano-a-la-comunidad-italiana-en-el-festejo-de-la-mamma-nostra\/","url":"https:\/\/infopba247.com.ar\/index.php\/2024\/09\/10\/alak-acompano-a-la-comunidad-italiana-en-el-festejo-de-la-mamma-nostra\/","name":"Alak acompa\u00f1\u00f3 a la comunidad italiana en el festejo de la Mamma Nostra - InfoPBA247","isPartOf":{"@id":"https:\/\/infopba247.com.ar\/#website"},"primaryImageOfPage":{"@id":"https:\/\/infopba247.com.ar\/index.php\/2024\/09\/10\/alak-acompano-a-la-comunidad-italiana-en-el-festejo-de-la-mamma-nostra\/#primaryimage"},"image":{"@id":"https:\/\/infopba247.com.ar\/index.php\/2024\/09\/10\/alak-acompano-a-la-comunidad-italiana-en-el-festejo-de-la-mamma-nostra\/#primaryimage"},"thumbnailUrl":"https:\/\/infopba247.com.ar\/wp-content\/uploads\/2024\/09\/unnamed-75.jpg","datePublished":"2024-09-10T12:50:49+00:00","dateModified":"2024-09-10T12:50:50+00:00","breadcrumb":{"@id":"https:\/\/infopba247.com.ar\/index.php\/2024\/09\/10\/alak-acompano-a-la-comunidad-italiana-en-el-festejo-de-la-mamma-nostra\/#breadcrumb"},"inLanguage":"es","potentialAction":[{"@type":"ReadAction","target":["https:\/\/infopba247.com.ar\/index.php\/2024\/09\/10\/alak-acompano-a-la-comunidad-italiana-en-el-festejo-de-la-mamma-nostra\/"]}]},{"@type":"ImageObject","inLanguage":"es","@id":"https:\/\/infopba247.com.ar\/index.php\/2024\/09\/10\/alak-acompano-a-la-comunidad-italiana-en-el-festejo-de-la-mamma-nostra\/#primaryimage","url":"https:\/\/infopba247.com.ar\/wp-content\/uploads\/2024\/09\/unnamed-75.jpg","contentUrl":"https:\/\/infopba247.com.ar\/wp-content\/uploads\/2024\/09\/unnamed-75.jpg","width":1620,"height":1080},{"@type":"BreadcrumbList","@id":"https:\/\/infopba247.com.ar\/index.php\/2024\/09\/10\/alak-acompano-a-la-comunidad-italiana-en-el-festejo-de-la-mamma-nostra\/#breadcrumb","itemListElement":[{"@type":"ListItem","position":1,"name":"Portada","item":"https:\/\/infopba247.com.ar\/"},{"@type":"ListItem","position":2,"name":"Alak acompa\u00f1\u00f3 a la comunidad italiana en el festejo de la Mamma Nostra"}]},{"@type":"WebSite","@id":"https:\/\/infopba247.com.ar\/#website","url":"https:\/\/infopba247.com.ar\/","name":"InfoPBA247","description":"Toda la actualidad bonaerense","publisher":{"@id":"https:\/\/infopba247.com.ar\/#organization"},"potentialAction":[{"@type":"SearchAction","target":{"@type":"EntryPoint","urlTemplate":"https:\/\/infopba247.com.ar\/?s={search_term_string}"},"query-input":{"@type":"PropertyValueSpecification","valueRequired":true,"valueName":"search_term_string"}}],"inLanguage":"es"},{"@type":"Organization","@id":"https:\/\/infopba247.com.ar\/#organization","name":"InfoPBA247","url":"https:\/\/infopba247.com.ar\/","logo":{"@type":"ImageObject","inLanguage":"es","@id":"https:\/\/infopba247.com.ar\/#\/schema\/logo\/image\/","url":"https:\/\/infopba247.com.ar\/wp-content\/uploads\/2022\/03\/cropped-InfoPBA247-1.png","contentUrl":"https:\/\/infopba247.com.ar\/wp-content\/uploads\/2022\/03\/cropped-InfoPBA247-1.png","width":500,"height":122,"caption":"InfoPBA247"},"image":{"@id":"https:\/\/infopba247.com.ar\/#\/schema\/logo\/image\/"},"sameAs":["https:\/\/www.facebook.com\/InfoPBA"]},{"@type":"Person","@id":"https:\/\/infopba247.com.ar\/#\/schema\/person\/4975f1343a413e57bf839b3eed0099f2","name":"Editor","image":{"@type":"ImageObject","inLanguage":"es","@id":"https:\/\/secure.gravatar.com\/avatar\/d27fe9520667ca53441d36627a1d6b0fa4a813571ec4803687a7a3a7744685ac?s=96&d=mm&r=g","url":"https:\/\/secure.gravatar.com\/avatar\/d27fe9520667ca53441d36627a1d6b0fa4a813571ec4803687a7a3a7744685ac?s=96&d=mm&r=g","contentUrl":"https:\/\/secure.gravatar.com\/avatar\/d27fe9520667ca53441d36627a1d6b0fa4a813571ec4803687a7a3a7744685ac?s=96&d=mm&r=g","caption":"Editor"},"url":"https:\/\/infopba247.com.ar\/index.php\/author\/editor\/"}]}},"_links":{"self":[{"href":"https:\/\/infopba247.com.ar\/index.php\/wp-json\/wp\/v2\/posts\/5100","targetHints":{"allow":["GET"]}}],"collection":[{"href":"https:\/\/infopba247.com.ar\/index.php\/wp-json\/wp\/v2\/posts"}],"about":[{"href":"https:\/\/infopba247.com.ar\/index.php\/wp-json\/wp\/v2\/types\/post"}],"author":[{"embeddable":true,"href":"https:\/\/infopba247.com.ar\/index.php\/wp-json\/wp\/v2\/users\/3"}],"replies":[{"embeddable":true,"href":"https:\/\/infopba247.com.ar\/index.php\/wp-json\/wp\/v2\/comments?post=5100"}],"version-history":[{"count":1,"href":"https:\/\/infopba247.com.ar\/index.php\/wp-json\/wp\/v2\/posts\/5100\/revisions"}],"predecessor-version":[{"id":5101,"href":"https:\/\/infopba247.com.ar\/index.php\/wp-json\/wp\/v2\/posts\/5100\/revisions\/5101"}],"wp:featuredmedia":[{"embeddable":true,"href":"https:\/\/infopba247.com.ar\/index.php\/wp-json\/wp\/v2\/media\/5096"}],"wp:attachment":[{"href":"https:\/\/infopba247.com.ar\/index.php\/wp-json\/wp\/v2\/media?parent=5100"}],"wp:term":[{"taxonomy":"category","embeddable":true,"href":"https:\/\/infopba247.com.ar\/index.php\/wp-json\/wp\/v2\/categories?post=5100"},{"taxonomy":"post_tag","embeddable":true,"href":"https:\/\/infopba247.com.ar\/index.php\/wp-json\/wp\/v2\/tags?post=5100"}],"curies":[{"name":"wp","href":"https:\/\/api.w.org\/{rel}","templated":true}]}}