{"id":5097,"date":"2024-09-10T09:49:18","date_gmt":"2024-09-10T12:49:18","guid":{"rendered":"https:\/\/infopba247.com.ar\/?p=5097"},"modified":"2024-09-10T09:49:19","modified_gmt":"2024-09-10T12:49:19","slug":"se-presento-el-observatorio-de-salud-mental-y-consumos-problematicos","status":"publish","type":"post","link":"https:\/\/infopba247.com.ar\/index.php\/2024\/09\/10\/se-presento-el-observatorio-de-salud-mental-y-consumos-problematicos\/","title":{"rendered":"Se present\u00f3 el Observatorio de Salud Mental y Consumos Problem\u00e1ticos"},"content":{"rendered":"\n<p>La Secretar\u00eda de Salud de la Municipalidad de Berisso, en conjunto con el Departamento de Salud Mental, el Departamento de Consumos Problem\u00e1ticos y el \u00e1rea de Epidemiolog\u00eda, realizaron la presentaci\u00f3n formal del Observatorio de Salud Mental y Consumos Problem\u00e1ticos de Berisso.<\/p>\n\n\n\n<p>El evento, llevado a cabo en las instalaciones del Honorable Concejo Deliberante, fue organizado en colaboraci\u00f3n con Subcomisi\u00f3n Interministerial para la Prevenci\u00f3n y Abordajes del Suicidio en las Adolescencias y Juventudes de la Provincia de Buenos Aires.<\/p>\n\n\n\n<p>Adem\u00e1s, en el marco del \u201cD\u00eda Mundial de prevenci\u00f3n del Suicidio\u201d que se conmemora cada 10 de septiembre, se efectu\u00f3 la presentaci\u00f3n del Programa \u00abCuid\u00e1ndonos\u00bb.<\/p>\n\n\n\n<p>Tanto el Observatorio como el Programa, fueron creados por la ordenanza N\u00b0 4069, que adhiere a la \u201cLey Nacional de Prevenci\u00f3n de Suicidio\u201d N\u00b0 27130 y a la Ley Provincial N\u00b0 14991.<\/p>\n\n\n\n<p>El Observatorio, tiene como objetivo generar informaci\u00f3n estad\u00edstica y epidemiol\u00f3gica en materia de salud mental y consumos problem\u00e1ticos. Adem\u00e1s, busca llevar adelante la investigaci\u00f3n socio-sanitaria que constituya un insumo para la implementaci\u00f3n de pol\u00edticas p\u00fablicas en el territorio municipal.<\/p>\n\n\n\n<p>En la ocasi\u00f3n, se desarroll\u00f3 un repaso hist\u00f3rico de los procesos que ya se vienen trabajando desde las \u00e1reas involucradas; y tanto los usuarios, como los efectores de salud y otros actores del territorio consultaron, aportaron, y se sumaron para ser parte de ambas propuestas.<\/p>\n\n\n\n<p>Cabe destacar que estuvieron presentes el intendente Fabi\u00e1n Cagliardi; el secretario de Salud, Santiago Ram\u00edrez Borga; las jefas de los departamentos de Salud Mental y de Consumos Problem\u00e1ticos, D\u00e9bora Poteraychke y Carla Campos, respectivamente, junto a sus equipos de trabajo; el director de Prevenci\u00f3n y Promoci\u00f3n de la Salud Mental y los Consumos Problem\u00e1ticos de la Provincia, Sebasti\u00e1n Holc; la directora de Salud Mental del Municipio de La Plata, Elena Garc\u00eda; el director de Acci\u00f3n Social municipal, Leonel Galosi; directivos y personal del Hospital local \u201cMario Larra\u00edn\u201d; trabajadores de distintas \u00e1reas municipales y de la educaci\u00f3n; y concejales.<\/p>\n","protected":false},"excerpt":{"rendered":"<p>La Secretar\u00eda de Salud de la Municipalidad de Berisso, en conjunto con el Departamento de Salud Mental, el Departamento de<\/p>\n","protected":false},"author":3,"featured_media":5093,"comment_status":"open","ping_status":"open","sticky":false,"template":"","format":"standard","meta":{"colormag_page_container_layout":"default_layout","colormag_page_sidebar_layout":"default_layout","footnotes":""},"categories":[7,1,14],"tags":[],"class_list":["post-5097","post","type-post","status-publish","format-standard","has-post-thumbnail","hentry","category-3ra-seccion","category-destacadas","category-politica"],"yoast_head":"<!-- This site is optimized with the Yoast SEO plugin v27.4 - https:\/\/yoast.com\/product\/yoast-seo-wordpress\/ -->\n<title>Se present\u00f3 el Observatorio de Salud Mental y Consumos Problem\u00e1ticos - InfoPBA247<\/title>\n<meta name=\"robots\" content=\"index, follow, max-snippet:-1, max-image-preview:large, max-video-preview:-1\" \/>\n<link rel=\"canonical\" href=\"https:\/\/infopba247.com.ar\/index.php\/2024\/09\/10\/se-presento-el-observatorio-de-salud-mental-y-consumos-problematicos\/\" \/>\n<meta property=\"og:locale\" content=\"es_ES\" \/>\n<meta property=\"og:type\" content=\"article\" \/>\n<meta property=\"og:title\" content=\"Se present\u00f3 el Observatorio de Salud Mental y Consumos Problem\u00e1ticos - InfoPBA247\" \/>\n<meta property=\"og:description\" content=\"La Secretar\u00eda de Salud de la Municipalidad de Berisso, en conjunto con el Departamento de Salud Mental, el Departamento de\" \/>\n<meta property=\"og:url\" content=\"https:\/\/infopba247.com.ar\/index.php\/2024\/09\/10\/se-presento-el-observatorio-de-salud-mental-y-consumos-problematicos\/\" \/>\n<meta property=\"og:site_name\" content=\"InfoPBA247\" \/>\n<meta property=\"article:publisher\" content=\"https:\/\/www.facebook.com\/InfoPBA\" \/>\n<meta property=\"article:published_time\" content=\"2024-09-10T12:49:18+00:00\" \/>\n<meta property=\"article:modified_time\" content=\"2024-09-10T12:49:19+00:00\" \/>\n<meta property=\"og:image\" content=\"https:\/\/infopba247.com.ar\/wp-content\/uploads\/2024\/09\/WhatsApp-Image-2024-09-09-at-11.31.14.jpeg\" \/>\n\t<meta property=\"og:image:width\" content=\"1600\" \/>\n\t<meta property=\"og:image:height\" content=\"1067\" \/>\n\t<meta property=\"og:image:type\" content=\"image\/jpeg\" \/>\n<meta name=\"author\" content=\"Editor\" \/>\n<meta name=\"twitter:card\" content=\"summary_large_image\" \/>\n<meta name=\"twitter:label1\" content=\"Escrito por\" \/>\n\t<meta name=\"twitter:data1\" content=\"Editor\" \/>\n\t<meta name=\"twitter:label2\" content=\"Tiempo de lectura\" \/>\n\t<meta name=\"twitter:data2\" content=\"2 minutos\" \/>\n<script type=\"application\/ld+json\" class=\"yoast-schema-graph\">{\"@context\":\"https:\\\/\\\/schema.org\",\"@graph\":[{\"@type\":\"Article\",\"@id\":\"https:\\\/\\\/infopba247.com.ar\\\/index.php\\\/2024\\\/09\\\/10\\\/se-presento-el-observatorio-de-salud-mental-y-consumos-problematicos\\\/#article\",\"isPartOf\":{\"@id\":\"https:\\\/\\\/infopba247.com.ar\\\/index.php\\\/2024\\\/09\\\/10\\\/se-presento-el-observatorio-de-salud-mental-y-consumos-problematicos\\\/\"},\"author\":{\"name\":\"Editor\",\"@id\":\"https:\\\/\\\/infopba247.com.ar\\\/#\\\/schema\\\/person\\\/4975f1343a413e57bf839b3eed0099f2\"},\"headline\":\"Se present\u00f3 el Observatorio de Salud Mental y Consumos Problem\u00e1ticos\",\"datePublished\":\"2024-09-10T12:49:18+00:00\",\"dateModified\":\"2024-09-10T12:49:19+00:00\",\"mainEntityOfPage\":{\"@id\":\"https:\\\/\\\/infopba247.com.ar\\\/index.php\\\/2024\\\/09\\\/10\\\/se-presento-el-observatorio-de-salud-mental-y-consumos-problematicos\\\/\"},\"wordCount\":361,\"commentCount\":0,\"publisher\":{\"@id\":\"https:\\\/\\\/infopba247.com.ar\\\/#organization\"},\"image\":{\"@id\":\"https:\\\/\\\/infopba247.com.ar\\\/index.php\\\/2024\\\/09\\\/10\\\/se-presento-el-observatorio-de-salud-mental-y-consumos-problematicos\\\/#primaryimage\"},\"thumbnailUrl\":\"https:\\\/\\\/infopba247.com.ar\\\/wp-content\\\/uploads\\\/2024\\\/09\\\/WhatsApp-Image-2024-09-09-at-11.31.14.jpeg\",\"articleSection\":[\"3ra Secci\u00f3n\",\"Destacadas\",\"Pol\u00edtica\"],\"inLanguage\":\"es\",\"potentialAction\":[{\"@type\":\"CommentAction\",\"name\":\"Comment\",\"target\":[\"https:\\\/\\\/infopba247.com.ar\\\/index.php\\\/2024\\\/09\\\/10\\\/se-presento-el-observatorio-de-salud-mental-y-consumos-problematicos\\\/#respond\"]}]},{\"@type\":\"WebPage\",\"@id\":\"https:\\\/\\\/infopba247.com.ar\\\/index.php\\\/2024\\\/09\\\/10\\\/se-presento-el-observatorio-de-salud-mental-y-consumos-problematicos\\\/\",\"url\":\"https:\\\/\\\/infopba247.com.ar\\\/index.php\\\/2024\\\/09\\\/10\\\/se-presento-el-observatorio-de-salud-mental-y-consumos-problematicos\\\/\",\"name\":\"Se present\u00f3 el Observatorio de Salud Mental y Consumos Problem\u00e1ticos - InfoPBA247\",\"isPartOf\":{\"@id\":\"https:\\\/\\\/infopba247.com.ar\\\/#website\"},\"primaryImageOfPage\":{\"@id\":\"https:\\\/\\\/infopba247.com.ar\\\/index.php\\\/2024\\\/09\\\/10\\\/se-presento-el-observatorio-de-salud-mental-y-consumos-problematicos\\\/#primaryimage\"},\"image\":{\"@id\":\"https:\\\/\\\/infopba247.com.ar\\\/index.php\\\/2024\\\/09\\\/10\\\/se-presento-el-observatorio-de-salud-mental-y-consumos-problematicos\\\/#primaryimage\"},\"thumbnailUrl\":\"https:\\\/\\\/infopba247.com.ar\\\/wp-content\\\/uploads\\\/2024\\\/09\\\/WhatsApp-Image-2024-09-09-at-11.31.14.jpeg\",\"datePublished\":\"2024-09-10T12:49:18+00:00\",\"dateModified\":\"2024-09-10T12:49:19+00:00\",\"breadcrumb\":{\"@id\":\"https:\\\/\\\/infopba247.com.ar\\\/index.php\\\/2024\\\/09\\\/10\\\/se-presento-el-observatorio-de-salud-mental-y-consumos-problematicos\\\/#breadcrumb\"},\"inLanguage\":\"es\",\"potentialAction\":[{\"@type\":\"ReadAction\",\"target\":[\"https:\\\/\\\/infopba247.com.ar\\\/index.php\\\/2024\\\/09\\\/10\\\/se-presento-el-observatorio-de-salud-mental-y-consumos-problematicos\\\/\"]}]},{\"@type\":\"ImageObject\",\"inLanguage\":\"es\",\"@id\":\"https:\\\/\\\/infopba247.com.ar\\\/index.php\\\/2024\\\/09\\\/10\\\/se-presento-el-observatorio-de-salud-mental-y-consumos-problematicos\\\/#primaryimage\",\"url\":\"https:\\\/\\\/infopba247.com.ar\\\/wp-content\\\/uploads\\\/2024\\\/09\\\/WhatsApp-Image-2024-09-09-at-11.31.14.jpeg\",\"contentUrl\":\"https:\\\/\\\/infopba247.com.ar\\\/wp-content\\\/uploads\\\/2024\\\/09\\\/WhatsApp-Image-2024-09-09-at-11.31.14.jpeg\",\"width\":1600,\"height\":1067},{\"@type\":\"BreadcrumbList\",\"@id\":\"https:\\\/\\\/infopba247.com.ar\\\/index.php\\\/2024\\\/09\\\/10\\\/se-presento-el-observatorio-de-salud-mental-y-consumos-problematicos\\\/#breadcrumb\",\"itemListElement\":[{\"@type\":\"ListItem\",\"position\":1,\"name\":\"Portada\",\"item\":\"https:\\\/\\\/infopba247.com.ar\\\/\"},{\"@type\":\"ListItem\",\"position\":2,\"name\":\"Se present\u00f3 el Observatorio de Salud Mental y Consumos Problem\u00e1ticos\"}]},{\"@type\":\"WebSite\",\"@id\":\"https:\\\/\\\/infopba247.com.ar\\\/#website\",\"url\":\"https:\\\/\\\/infopba247.com.ar\\\/\",\"name\":\"InfoPBA247\",\"description\":\"Toda la actualidad bonaerense\",\"publisher\":{\"@id\":\"https:\\\/\\\/infopba247.com.ar\\\/#organization\"},\"potentialAction\":[{\"@type\":\"SearchAction\",\"target\":{\"@type\":\"EntryPoint\",\"urlTemplate\":\"https:\\\/\\\/infopba247.com.ar\\\/?s={search_term_string}\"},\"query-input\":{\"@type\":\"PropertyValueSpecification\",\"valueRequired\":true,\"valueName\":\"search_term_string\"}}],\"inLanguage\":\"es\"},{\"@type\":\"Organization\",\"@id\":\"https:\\\/\\\/infopba247.com.ar\\\/#organization\",\"name\":\"InfoPBA247\",\"url\":\"https:\\\/\\\/infopba247.com.ar\\\/\",\"logo\":{\"@type\":\"ImageObject\",\"inLanguage\":\"es\",\"@id\":\"https:\\\/\\\/infopba247.com.ar\\\/#\\\/schema\\\/logo\\\/image\\\/\",\"url\":\"https:\\\/\\\/infopba247.com.ar\\\/wp-content\\\/uploads\\\/2022\\\/03\\\/cropped-InfoPBA247-1.png\",\"contentUrl\":\"https:\\\/\\\/infopba247.com.ar\\\/wp-content\\\/uploads\\\/2022\\\/03\\\/cropped-InfoPBA247-1.png\",\"width\":500,\"height\":122,\"caption\":\"InfoPBA247\"},\"image\":{\"@id\":\"https:\\\/\\\/infopba247.com.ar\\\/#\\\/schema\\\/logo\\\/image\\\/\"},\"sameAs\":[\"https:\\\/\\\/www.facebook.com\\\/InfoPBA\"]},{\"@type\":\"Person\",\"@id\":\"https:\\\/\\\/infopba247.com.ar\\\/#\\\/schema\\\/person\\\/4975f1343a413e57bf839b3eed0099f2\",\"name\":\"Editor\",\"image\":{\"@type\":\"ImageObject\",\"inLanguage\":\"es\",\"@id\":\"https:\\\/\\\/secure.gravatar.com\\\/avatar\\\/d27fe9520667ca53441d36627a1d6b0fa4a813571ec4803687a7a3a7744685ac?s=96&d=mm&r=g\",\"url\":\"https:\\\/\\\/secure.gravatar.com\\\/avatar\\\/d27fe9520667ca53441d36627a1d6b0fa4a813571ec4803687a7a3a7744685ac?s=96&d=mm&r=g\",\"contentUrl\":\"https:\\\/\\\/secure.gravatar.com\\\/avatar\\\/d27fe9520667ca53441d36627a1d6b0fa4a813571ec4803687a7a3a7744685ac?s=96&d=mm&r=g\",\"caption\":\"Editor\"},\"url\":\"https:\\\/\\\/infopba247.com.ar\\\/index.php\\\/author\\\/editor\\\/\"}]}<\/script>\n<!-- \/ Yoast SEO plugin. -->","yoast_head_json":{"title":"Se present\u00f3 el Observatorio de Salud Mental y Consumos Problem\u00e1ticos - InfoPBA247","robots":{"index":"index","follow":"follow","max-snippet":"max-snippet:-1","max-image-preview":"max-image-preview:large","max-video-preview":"max-video-preview:-1"},"canonical":"https:\/\/infopba247.com.ar\/index.php\/2024\/09\/10\/se-presento-el-observatorio-de-salud-mental-y-consumos-problematicos\/","og_locale":"es_ES","og_type":"article","og_title":"Se present\u00f3 el Observatorio de Salud Mental y Consumos Problem\u00e1ticos - InfoPBA247","og_description":"La Secretar\u00eda de Salud de la Municipalidad de Berisso, en conjunto con el Departamento de Salud Mental, el Departamento de","og_url":"https:\/\/infopba247.com.ar\/index.php\/2024\/09\/10\/se-presento-el-observatorio-de-salud-mental-y-consumos-problematicos\/","og_site_name":"InfoPBA247","article_publisher":"https:\/\/www.facebook.com\/InfoPBA","article_published_time":"2024-09-10T12:49:18+00:00","article_modified_time":"2024-09-10T12:49:19+00:00","og_image":[{"width":1600,"height":1067,"url":"https:\/\/infopba247.com.ar\/wp-content\/uploads\/2024\/09\/WhatsApp-Image-2024-09-09-at-11.31.14.jpeg","type":"image\/jpeg"}],"author":"Editor","twitter_card":"summary_large_image","twitter_misc":{"Escrito por":"Editor","Tiempo de lectura":"2 minutos"},"schema":{"@context":"https:\/\/schema.org","@graph":[{"@type":"Article","@id":"https:\/\/infopba247.com.ar\/index.php\/2024\/09\/10\/se-presento-el-observatorio-de-salud-mental-y-consumos-problematicos\/#article","isPartOf":{"@id":"https:\/\/infopba247.com.ar\/index.php\/2024\/09\/10\/se-presento-el-observatorio-de-salud-mental-y-consumos-problematicos\/"},"author":{"name":"Editor","@id":"https:\/\/infopba247.com.ar\/#\/schema\/person\/4975f1343a413e57bf839b3eed0099f2"},"headline":"Se present\u00f3 el Observatorio de Salud Mental y Consumos Problem\u00e1ticos","datePublished":"2024-09-10T12:49:18+00:00","dateModified":"2024-09-10T12:49:19+00:00","mainEntityOfPage":{"@id":"https:\/\/infopba247.com.ar\/index.php\/2024\/09\/10\/se-presento-el-observatorio-de-salud-mental-y-consumos-problematicos\/"},"wordCount":361,"commentCount":0,"publisher":{"@id":"https:\/\/infopba247.com.ar\/#organization"},"image":{"@id":"https:\/\/infopba247.com.ar\/index.php\/2024\/09\/10\/se-presento-el-observatorio-de-salud-mental-y-consumos-problematicos\/#primaryimage"},"thumbnailUrl":"https:\/\/infopba247.com.ar\/wp-content\/uploads\/2024\/09\/WhatsApp-Image-2024-09-09-at-11.31.14.jpeg","articleSection":["3ra Secci\u00f3n","Destacadas","Pol\u00edtica"],"inLanguage":"es","potentialAction":[{"@type":"CommentAction","name":"Comment","target":["https:\/\/infopba247.com.ar\/index.php\/2024\/09\/10\/se-presento-el-observatorio-de-salud-mental-y-consumos-problematicos\/#respond"]}]},{"@type":"WebPage","@id":"https:\/\/infopba247.com.ar\/index.php\/2024\/09\/10\/se-presento-el-observatorio-de-salud-mental-y-consumos-problematicos\/","url":"https:\/\/infopba247.com.ar\/index.php\/2024\/09\/10\/se-presento-el-observatorio-de-salud-mental-y-consumos-problematicos\/","name":"Se present\u00f3 el Observatorio de Salud Mental y Consumos Problem\u00e1ticos - InfoPBA247","isPartOf":{"@id":"https:\/\/infopba247.com.ar\/#website"},"primaryImageOfPage":{"@id":"https:\/\/infopba247.com.ar\/index.php\/2024\/09\/10\/se-presento-el-observatorio-de-salud-mental-y-consumos-problematicos\/#primaryimage"},"image":{"@id":"https:\/\/infopba247.com.ar\/index.php\/2024\/09\/10\/se-presento-el-observatorio-de-salud-mental-y-consumos-problematicos\/#primaryimage"},"thumbnailUrl":"https:\/\/infopba247.com.ar\/wp-content\/uploads\/2024\/09\/WhatsApp-Image-2024-09-09-at-11.31.14.jpeg","datePublished":"2024-09-10T12:49:18+00:00","dateModified":"2024-09-10T12:49:19+00:00","breadcrumb":{"@id":"https:\/\/infopba247.com.ar\/index.php\/2024\/09\/10\/se-presento-el-observatorio-de-salud-mental-y-consumos-problematicos\/#breadcrumb"},"inLanguage":"es","potentialAction":[{"@type":"ReadAction","target":["https:\/\/infopba247.com.ar\/index.php\/2024\/09\/10\/se-presento-el-observatorio-de-salud-mental-y-consumos-problematicos\/"]}]},{"@type":"ImageObject","inLanguage":"es","@id":"https:\/\/infopba247.com.ar\/index.php\/2024\/09\/10\/se-presento-el-observatorio-de-salud-mental-y-consumos-problematicos\/#primaryimage","url":"https:\/\/infopba247.com.ar\/wp-content\/uploads\/2024\/09\/WhatsApp-Image-2024-09-09-at-11.31.14.jpeg","contentUrl":"https:\/\/infopba247.com.ar\/wp-content\/uploads\/2024\/09\/WhatsApp-Image-2024-09-09-at-11.31.14.jpeg","width":1600,"height":1067},{"@type":"BreadcrumbList","@id":"https:\/\/infopba247.com.ar\/index.php\/2024\/09\/10\/se-presento-el-observatorio-de-salud-mental-y-consumos-problematicos\/#breadcrumb","itemListElement":[{"@type":"ListItem","position":1,"name":"Portada","item":"https:\/\/infopba247.com.ar\/"},{"@type":"ListItem","position":2,"name":"Se present\u00f3 el Observatorio de Salud Mental y Consumos Problem\u00e1ticos"}]},{"@type":"WebSite","@id":"https:\/\/infopba247.com.ar\/#website","url":"https:\/\/infopba247.com.ar\/","name":"InfoPBA247","description":"Toda la actualidad bonaerense","publisher":{"@id":"https:\/\/infopba247.com.ar\/#organization"},"potentialAction":[{"@type":"SearchAction","target":{"@type":"EntryPoint","urlTemplate":"https:\/\/infopba247.com.ar\/?s={search_term_string}"},"query-input":{"@type":"PropertyValueSpecification","valueRequired":true,"valueName":"search_term_string"}}],"inLanguage":"es"},{"@type":"Organization","@id":"https:\/\/infopba247.com.ar\/#organization","name":"InfoPBA247","url":"https:\/\/infopba247.com.ar\/","logo":{"@type":"ImageObject","inLanguage":"es","@id":"https:\/\/infopba247.com.ar\/#\/schema\/logo\/image\/","url":"https:\/\/infopba247.com.ar\/wp-content\/uploads\/2022\/03\/cropped-InfoPBA247-1.png","contentUrl":"https:\/\/infopba247.com.ar\/wp-content\/uploads\/2022\/03\/cropped-InfoPBA247-1.png","width":500,"height":122,"caption":"InfoPBA247"},"image":{"@id":"https:\/\/infopba247.com.ar\/#\/schema\/logo\/image\/"},"sameAs":["https:\/\/www.facebook.com\/InfoPBA"]},{"@type":"Person","@id":"https:\/\/infopba247.com.ar\/#\/schema\/person\/4975f1343a413e57bf839b3eed0099f2","name":"Editor","image":{"@type":"ImageObject","inLanguage":"es","@id":"https:\/\/secure.gravatar.com\/avatar\/d27fe9520667ca53441d36627a1d6b0fa4a813571ec4803687a7a3a7744685ac?s=96&d=mm&r=g","url":"https:\/\/secure.gravatar.com\/avatar\/d27fe9520667ca53441d36627a1d6b0fa4a813571ec4803687a7a3a7744685ac?s=96&d=mm&r=g","contentUrl":"https:\/\/secure.gravatar.com\/avatar\/d27fe9520667ca53441d36627a1d6b0fa4a813571ec4803687a7a3a7744685ac?s=96&d=mm&r=g","caption":"Editor"},"url":"https:\/\/infopba247.com.ar\/index.php\/author\/editor\/"}]}},"_links":{"self":[{"href":"https:\/\/infopba247.com.ar\/index.php\/wp-json\/wp\/v2\/posts\/5097","targetHints":{"allow":["GET"]}}],"collection":[{"href":"https:\/\/infopba247.com.ar\/index.php\/wp-json\/wp\/v2\/posts"}],"about":[{"href":"https:\/\/infopba247.com.ar\/index.php\/wp-json\/wp\/v2\/types\/post"}],"author":[{"embeddable":true,"href":"https:\/\/infopba247.com.ar\/index.php\/wp-json\/wp\/v2\/users\/3"}],"replies":[{"embeddable":true,"href":"https:\/\/infopba247.com.ar\/index.php\/wp-json\/wp\/v2\/comments?post=5097"}],"version-history":[{"count":1,"href":"https:\/\/infopba247.com.ar\/index.php\/wp-json\/wp\/v2\/posts\/5097\/revisions"}],"predecessor-version":[{"id":5098,"href":"https:\/\/infopba247.com.ar\/index.php\/wp-json\/wp\/v2\/posts\/5097\/revisions\/5098"}],"wp:featuredmedia":[{"embeddable":true,"href":"https:\/\/infopba247.com.ar\/index.php\/wp-json\/wp\/v2\/media\/5093"}],"wp:attachment":[{"href":"https:\/\/infopba247.com.ar\/index.php\/wp-json\/wp\/v2\/media?parent=5097"}],"wp:term":[{"taxonomy":"category","embeddable":true,"href":"https:\/\/infopba247.com.ar\/index.php\/wp-json\/wp\/v2\/categories?post=5097"},{"taxonomy":"post_tag","embeddable":true,"href":"https:\/\/infopba247.com.ar\/index.php\/wp-json\/wp\/v2\/tags?post=5097"}],"curies":[{"name":"wp","href":"https:\/\/api.w.org\/{rel}","templated":true}]}}