{"id":5071,"date":"2024-09-06T10:14:37","date_gmt":"2024-09-06T13:14:37","guid":{"rendered":"https:\/\/infopba247.com.ar\/?p=5071"},"modified":"2024-09-06T10:14:38","modified_gmt":"2024-09-06T13:14:38","slug":"en-septiembre-se-realizaran-capacitaciones-para-vecinas-y-vecinos-emprendedores","status":"publish","type":"post","link":"https:\/\/infopba247.com.ar\/index.php\/2024\/09\/06\/en-septiembre-se-realizaran-capacitaciones-para-vecinas-y-vecinos-emprendedores\/","title":{"rendered":"En septiembre se realizar\u00e1n capacitaciones para vecinas y vecinos emprendedores"},"content":{"rendered":"\n<p>La Direcci\u00f3n de Producci\u00f3n Municipal, en conjunto con la Universidad Provincial del Sudoeste (UPSO), organizaron tres jornadas abiertas orientadas a facilitar y sumar conocimientos claves a las y los emprendedores de la comunidad montermose\u00f1a.<\/p>\n\n\n\n<p>Estos talleres se llevar\u00e1n a cabo los mi\u00e9rcoles de septiembre y abordar\u00e1n temas como el Modelo de Negocio CANVAS, Herramientas Digitales para negocios y Cooperativismo.<\/p>\n\n\n\n<p>Las capacitaciones se realizar\u00e1n de manera presencial en el Centro de Convenciones, de 15 a 17 horas, y las y los interesados deben inscribirse a trav\u00e9s del siguiente link&nbsp;<a href=\"https:\/\/forms.gle\/XxuDYwEyaKYzC9F37\">https:\/\/forms.gle\/XxuDYwEyaKYzC9F37<\/a>&nbsp;o bien podes acercarte a la Secretar\u00eda de Desarrollo Humano y Social (Av. Bah\u00eda Blanca 224).<\/p>\n","protected":false},"excerpt":{"rendered":"<p>La Direcci\u00f3n de Producci\u00f3n Municipal, en conjunto con la Universidad Provincial del Sudoeste (UPSO), organizaron tres jornadas abiertas orientadas a<\/p>\n","protected":false},"author":3,"featured_media":5062,"comment_status":"open","ping_status":"open","sticky":false,"template":"","format":"standard","meta":{"colormag_page_container_layout":"default_layout","colormag_page_sidebar_layout":"default_layout","footnotes":""},"categories":[10,1,14],"tags":[],"class_list":["post-5071","post","type-post","status-publish","format-standard","has-post-thumbnail","hentry","category-6ta-seccion","category-destacadas","category-politica"],"yoast_head":"<!-- This site is optimized with the Yoast SEO plugin v27.4 - https:\/\/yoast.com\/product\/yoast-seo-wordpress\/ -->\n<title>En septiembre se realizar\u00e1n capacitaciones para vecinas y vecinos emprendedores - InfoPBA247<\/title>\n<meta name=\"robots\" content=\"index, follow, max-snippet:-1, max-image-preview:large, max-video-preview:-1\" \/>\n<link rel=\"canonical\" href=\"https:\/\/infopba247.com.ar\/index.php\/2024\/09\/06\/en-septiembre-se-realizaran-capacitaciones-para-vecinas-y-vecinos-emprendedores\/\" \/>\n<meta property=\"og:locale\" content=\"es_ES\" \/>\n<meta property=\"og:type\" content=\"article\" \/>\n<meta property=\"og:title\" content=\"En septiembre se realizar\u00e1n capacitaciones para vecinas y vecinos emprendedores - InfoPBA247\" \/>\n<meta property=\"og:description\" content=\"La Direcci\u00f3n de Producci\u00f3n Municipal, en conjunto con la Universidad Provincial del Sudoeste (UPSO), organizaron tres jornadas abiertas orientadas a\" \/>\n<meta property=\"og:url\" content=\"https:\/\/infopba247.com.ar\/index.php\/2024\/09\/06\/en-septiembre-se-realizaran-capacitaciones-para-vecinas-y-vecinos-emprendedores\/\" \/>\n<meta property=\"og:site_name\" content=\"InfoPBA247\" \/>\n<meta property=\"article:publisher\" content=\"https:\/\/www.facebook.com\/InfoPBA\" \/>\n<meta property=\"article:published_time\" content=\"2024-09-06T13:14:37+00:00\" \/>\n<meta property=\"article:modified_time\" content=\"2024-09-06T13:14:38+00:00\" \/>\n<meta property=\"og:image\" content=\"https:\/\/infopba247.com.ar\/wp-content\/uploads\/2024\/09\/345055176_252441513950029_4749648335484049691_n-800x445-1.jpg\" \/>\n\t<meta property=\"og:image:width\" content=\"800\" \/>\n\t<meta property=\"og:image:height\" content=\"445\" \/>\n\t<meta property=\"og:image:type\" content=\"image\/jpeg\" \/>\n<meta name=\"author\" content=\"Editor\" \/>\n<meta name=\"twitter:card\" content=\"summary_large_image\" \/>\n<meta name=\"twitter:label1\" content=\"Escrito por\" \/>\n\t<meta name=\"twitter:data1\" content=\"Editor\" \/>\n\t<meta name=\"twitter:label2\" content=\"Tiempo de lectura\" \/>\n\t<meta name=\"twitter:data2\" content=\"1 minuto\" \/>\n<script type=\"application\/ld+json\" class=\"yoast-schema-graph\">{\"@context\":\"https:\\\/\\\/schema.org\",\"@graph\":[{\"@type\":\"Article\",\"@id\":\"https:\\\/\\\/infopba247.com.ar\\\/index.php\\\/2024\\\/09\\\/06\\\/en-septiembre-se-realizaran-capacitaciones-para-vecinas-y-vecinos-emprendedores\\\/#article\",\"isPartOf\":{\"@id\":\"https:\\\/\\\/infopba247.com.ar\\\/index.php\\\/2024\\\/09\\\/06\\\/en-septiembre-se-realizaran-capacitaciones-para-vecinas-y-vecinos-emprendedores\\\/\"},\"author\":{\"name\":\"Editor\",\"@id\":\"https:\\\/\\\/infopba247.com.ar\\\/#\\\/schema\\\/person\\\/4975f1343a413e57bf839b3eed0099f2\"},\"headline\":\"En septiembre se realizar\u00e1n capacitaciones para vecinas y vecinos emprendedores\",\"datePublished\":\"2024-09-06T13:14:37+00:00\",\"dateModified\":\"2024-09-06T13:14:38+00:00\",\"mainEntityOfPage\":{\"@id\":\"https:\\\/\\\/infopba247.com.ar\\\/index.php\\\/2024\\\/09\\\/06\\\/en-septiembre-se-realizaran-capacitaciones-para-vecinas-y-vecinos-emprendedores\\\/\"},\"wordCount\":129,\"commentCount\":0,\"publisher\":{\"@id\":\"https:\\\/\\\/infopba247.com.ar\\\/#organization\"},\"image\":{\"@id\":\"https:\\\/\\\/infopba247.com.ar\\\/index.php\\\/2024\\\/09\\\/06\\\/en-septiembre-se-realizaran-capacitaciones-para-vecinas-y-vecinos-emprendedores\\\/#primaryimage\"},\"thumbnailUrl\":\"https:\\\/\\\/infopba247.com.ar\\\/wp-content\\\/uploads\\\/2024\\\/09\\\/345055176_252441513950029_4749648335484049691_n-800x445-1.jpg\",\"articleSection\":[\"6ta Secci\u00f3n\",\"Destacadas\",\"Pol\u00edtica\"],\"inLanguage\":\"es\",\"potentialAction\":[{\"@type\":\"CommentAction\",\"name\":\"Comment\",\"target\":[\"https:\\\/\\\/infopba247.com.ar\\\/index.php\\\/2024\\\/09\\\/06\\\/en-septiembre-se-realizaran-capacitaciones-para-vecinas-y-vecinos-emprendedores\\\/#respond\"]}]},{\"@type\":\"WebPage\",\"@id\":\"https:\\\/\\\/infopba247.com.ar\\\/index.php\\\/2024\\\/09\\\/06\\\/en-septiembre-se-realizaran-capacitaciones-para-vecinas-y-vecinos-emprendedores\\\/\",\"url\":\"https:\\\/\\\/infopba247.com.ar\\\/index.php\\\/2024\\\/09\\\/06\\\/en-septiembre-se-realizaran-capacitaciones-para-vecinas-y-vecinos-emprendedores\\\/\",\"name\":\"En septiembre se realizar\u00e1n capacitaciones para vecinas y vecinos emprendedores - InfoPBA247\",\"isPartOf\":{\"@id\":\"https:\\\/\\\/infopba247.com.ar\\\/#website\"},\"primaryImageOfPage\":{\"@id\":\"https:\\\/\\\/infopba247.com.ar\\\/index.php\\\/2024\\\/09\\\/06\\\/en-septiembre-se-realizaran-capacitaciones-para-vecinas-y-vecinos-emprendedores\\\/#primaryimage\"},\"image\":{\"@id\":\"https:\\\/\\\/infopba247.com.ar\\\/index.php\\\/2024\\\/09\\\/06\\\/en-septiembre-se-realizaran-capacitaciones-para-vecinas-y-vecinos-emprendedores\\\/#primaryimage\"},\"thumbnailUrl\":\"https:\\\/\\\/infopba247.com.ar\\\/wp-content\\\/uploads\\\/2024\\\/09\\\/345055176_252441513950029_4749648335484049691_n-800x445-1.jpg\",\"datePublished\":\"2024-09-06T13:14:37+00:00\",\"dateModified\":\"2024-09-06T13:14:38+00:00\",\"breadcrumb\":{\"@id\":\"https:\\\/\\\/infopba247.com.ar\\\/index.php\\\/2024\\\/09\\\/06\\\/en-septiembre-se-realizaran-capacitaciones-para-vecinas-y-vecinos-emprendedores\\\/#breadcrumb\"},\"inLanguage\":\"es\",\"potentialAction\":[{\"@type\":\"ReadAction\",\"target\":[\"https:\\\/\\\/infopba247.com.ar\\\/index.php\\\/2024\\\/09\\\/06\\\/en-septiembre-se-realizaran-capacitaciones-para-vecinas-y-vecinos-emprendedores\\\/\"]}]},{\"@type\":\"ImageObject\",\"inLanguage\":\"es\",\"@id\":\"https:\\\/\\\/infopba247.com.ar\\\/index.php\\\/2024\\\/09\\\/06\\\/en-septiembre-se-realizaran-capacitaciones-para-vecinas-y-vecinos-emprendedores\\\/#primaryimage\",\"url\":\"https:\\\/\\\/infopba247.com.ar\\\/wp-content\\\/uploads\\\/2024\\\/09\\\/345055176_252441513950029_4749648335484049691_n-800x445-1.jpg\",\"contentUrl\":\"https:\\\/\\\/infopba247.com.ar\\\/wp-content\\\/uploads\\\/2024\\\/09\\\/345055176_252441513950029_4749648335484049691_n-800x445-1.jpg\",\"width\":800,\"height\":445},{\"@type\":\"BreadcrumbList\",\"@id\":\"https:\\\/\\\/infopba247.com.ar\\\/index.php\\\/2024\\\/09\\\/06\\\/en-septiembre-se-realizaran-capacitaciones-para-vecinas-y-vecinos-emprendedores\\\/#breadcrumb\",\"itemListElement\":[{\"@type\":\"ListItem\",\"position\":1,\"name\":\"Portada\",\"item\":\"https:\\\/\\\/infopba247.com.ar\\\/\"},{\"@type\":\"ListItem\",\"position\":2,\"name\":\"En septiembre se realizar\u00e1n capacitaciones para vecinas y vecinos emprendedores\"}]},{\"@type\":\"WebSite\",\"@id\":\"https:\\\/\\\/infopba247.com.ar\\\/#website\",\"url\":\"https:\\\/\\\/infopba247.com.ar\\\/\",\"name\":\"InfoPBA247\",\"description\":\"Toda la actualidad bonaerense\",\"publisher\":{\"@id\":\"https:\\\/\\\/infopba247.com.ar\\\/#organization\"},\"potentialAction\":[{\"@type\":\"SearchAction\",\"target\":{\"@type\":\"EntryPoint\",\"urlTemplate\":\"https:\\\/\\\/infopba247.com.ar\\\/?s={search_term_string}\"},\"query-input\":{\"@type\":\"PropertyValueSpecification\",\"valueRequired\":true,\"valueName\":\"search_term_string\"}}],\"inLanguage\":\"es\"},{\"@type\":\"Organization\",\"@id\":\"https:\\\/\\\/infopba247.com.ar\\\/#organization\",\"name\":\"InfoPBA247\",\"url\":\"https:\\\/\\\/infopba247.com.ar\\\/\",\"logo\":{\"@type\":\"ImageObject\",\"inLanguage\":\"es\",\"@id\":\"https:\\\/\\\/infopba247.com.ar\\\/#\\\/schema\\\/logo\\\/image\\\/\",\"url\":\"https:\\\/\\\/infopba247.com.ar\\\/wp-content\\\/uploads\\\/2022\\\/03\\\/cropped-InfoPBA247-1.png\",\"contentUrl\":\"https:\\\/\\\/infopba247.com.ar\\\/wp-content\\\/uploads\\\/2022\\\/03\\\/cropped-InfoPBA247-1.png\",\"width\":500,\"height\":122,\"caption\":\"InfoPBA247\"},\"image\":{\"@id\":\"https:\\\/\\\/infopba247.com.ar\\\/#\\\/schema\\\/logo\\\/image\\\/\"},\"sameAs\":[\"https:\\\/\\\/www.facebook.com\\\/InfoPBA\"]},{\"@type\":\"Person\",\"@id\":\"https:\\\/\\\/infopba247.com.ar\\\/#\\\/schema\\\/person\\\/4975f1343a413e57bf839b3eed0099f2\",\"name\":\"Editor\",\"image\":{\"@type\":\"ImageObject\",\"inLanguage\":\"es\",\"@id\":\"https:\\\/\\\/secure.gravatar.com\\\/avatar\\\/d27fe9520667ca53441d36627a1d6b0fa4a813571ec4803687a7a3a7744685ac?s=96&d=mm&r=g\",\"url\":\"https:\\\/\\\/secure.gravatar.com\\\/avatar\\\/d27fe9520667ca53441d36627a1d6b0fa4a813571ec4803687a7a3a7744685ac?s=96&d=mm&r=g\",\"contentUrl\":\"https:\\\/\\\/secure.gravatar.com\\\/avatar\\\/d27fe9520667ca53441d36627a1d6b0fa4a813571ec4803687a7a3a7744685ac?s=96&d=mm&r=g\",\"caption\":\"Editor\"},\"url\":\"https:\\\/\\\/infopba247.com.ar\\\/index.php\\\/author\\\/editor\\\/\"}]}<\/script>\n<!-- \/ Yoast SEO plugin. -->","yoast_head_json":{"title":"En septiembre se realizar\u00e1n capacitaciones para vecinas y vecinos emprendedores - InfoPBA247","robots":{"index":"index","follow":"follow","max-snippet":"max-snippet:-1","max-image-preview":"max-image-preview:large","max-video-preview":"max-video-preview:-1"},"canonical":"https:\/\/infopba247.com.ar\/index.php\/2024\/09\/06\/en-septiembre-se-realizaran-capacitaciones-para-vecinas-y-vecinos-emprendedores\/","og_locale":"es_ES","og_type":"article","og_title":"En septiembre se realizar\u00e1n capacitaciones para vecinas y vecinos emprendedores - InfoPBA247","og_description":"La Direcci\u00f3n de Producci\u00f3n Municipal, en conjunto con la Universidad Provincial del Sudoeste (UPSO), organizaron tres jornadas abiertas orientadas a","og_url":"https:\/\/infopba247.com.ar\/index.php\/2024\/09\/06\/en-septiembre-se-realizaran-capacitaciones-para-vecinas-y-vecinos-emprendedores\/","og_site_name":"InfoPBA247","article_publisher":"https:\/\/www.facebook.com\/InfoPBA","article_published_time":"2024-09-06T13:14:37+00:00","article_modified_time":"2024-09-06T13:14:38+00:00","og_image":[{"width":800,"height":445,"url":"https:\/\/infopba247.com.ar\/wp-content\/uploads\/2024\/09\/345055176_252441513950029_4749648335484049691_n-800x445-1.jpg","type":"image\/jpeg"}],"author":"Editor","twitter_card":"summary_large_image","twitter_misc":{"Escrito por":"Editor","Tiempo de lectura":"1 minuto"},"schema":{"@context":"https:\/\/schema.org","@graph":[{"@type":"Article","@id":"https:\/\/infopba247.com.ar\/index.php\/2024\/09\/06\/en-septiembre-se-realizaran-capacitaciones-para-vecinas-y-vecinos-emprendedores\/#article","isPartOf":{"@id":"https:\/\/infopba247.com.ar\/index.php\/2024\/09\/06\/en-septiembre-se-realizaran-capacitaciones-para-vecinas-y-vecinos-emprendedores\/"},"author":{"name":"Editor","@id":"https:\/\/infopba247.com.ar\/#\/schema\/person\/4975f1343a413e57bf839b3eed0099f2"},"headline":"En septiembre se realizar\u00e1n capacitaciones para vecinas y vecinos emprendedores","datePublished":"2024-09-06T13:14:37+00:00","dateModified":"2024-09-06T13:14:38+00:00","mainEntityOfPage":{"@id":"https:\/\/infopba247.com.ar\/index.php\/2024\/09\/06\/en-septiembre-se-realizaran-capacitaciones-para-vecinas-y-vecinos-emprendedores\/"},"wordCount":129,"commentCount":0,"publisher":{"@id":"https:\/\/infopba247.com.ar\/#organization"},"image":{"@id":"https:\/\/infopba247.com.ar\/index.php\/2024\/09\/06\/en-septiembre-se-realizaran-capacitaciones-para-vecinas-y-vecinos-emprendedores\/#primaryimage"},"thumbnailUrl":"https:\/\/infopba247.com.ar\/wp-content\/uploads\/2024\/09\/345055176_252441513950029_4749648335484049691_n-800x445-1.jpg","articleSection":["6ta Secci\u00f3n","Destacadas","Pol\u00edtica"],"inLanguage":"es","potentialAction":[{"@type":"CommentAction","name":"Comment","target":["https:\/\/infopba247.com.ar\/index.php\/2024\/09\/06\/en-septiembre-se-realizaran-capacitaciones-para-vecinas-y-vecinos-emprendedores\/#respond"]}]},{"@type":"WebPage","@id":"https:\/\/infopba247.com.ar\/index.php\/2024\/09\/06\/en-septiembre-se-realizaran-capacitaciones-para-vecinas-y-vecinos-emprendedores\/","url":"https:\/\/infopba247.com.ar\/index.php\/2024\/09\/06\/en-septiembre-se-realizaran-capacitaciones-para-vecinas-y-vecinos-emprendedores\/","name":"En septiembre se realizar\u00e1n capacitaciones para vecinas y vecinos emprendedores - InfoPBA247","isPartOf":{"@id":"https:\/\/infopba247.com.ar\/#website"},"primaryImageOfPage":{"@id":"https:\/\/infopba247.com.ar\/index.php\/2024\/09\/06\/en-septiembre-se-realizaran-capacitaciones-para-vecinas-y-vecinos-emprendedores\/#primaryimage"},"image":{"@id":"https:\/\/infopba247.com.ar\/index.php\/2024\/09\/06\/en-septiembre-se-realizaran-capacitaciones-para-vecinas-y-vecinos-emprendedores\/#primaryimage"},"thumbnailUrl":"https:\/\/infopba247.com.ar\/wp-content\/uploads\/2024\/09\/345055176_252441513950029_4749648335484049691_n-800x445-1.jpg","datePublished":"2024-09-06T13:14:37+00:00","dateModified":"2024-09-06T13:14:38+00:00","breadcrumb":{"@id":"https:\/\/infopba247.com.ar\/index.php\/2024\/09\/06\/en-septiembre-se-realizaran-capacitaciones-para-vecinas-y-vecinos-emprendedores\/#breadcrumb"},"inLanguage":"es","potentialAction":[{"@type":"ReadAction","target":["https:\/\/infopba247.com.ar\/index.php\/2024\/09\/06\/en-septiembre-se-realizaran-capacitaciones-para-vecinas-y-vecinos-emprendedores\/"]}]},{"@type":"ImageObject","inLanguage":"es","@id":"https:\/\/infopba247.com.ar\/index.php\/2024\/09\/06\/en-septiembre-se-realizaran-capacitaciones-para-vecinas-y-vecinos-emprendedores\/#primaryimage","url":"https:\/\/infopba247.com.ar\/wp-content\/uploads\/2024\/09\/345055176_252441513950029_4749648335484049691_n-800x445-1.jpg","contentUrl":"https:\/\/infopba247.com.ar\/wp-content\/uploads\/2024\/09\/345055176_252441513950029_4749648335484049691_n-800x445-1.jpg","width":800,"height":445},{"@type":"BreadcrumbList","@id":"https:\/\/infopba247.com.ar\/index.php\/2024\/09\/06\/en-septiembre-se-realizaran-capacitaciones-para-vecinas-y-vecinos-emprendedores\/#breadcrumb","itemListElement":[{"@type":"ListItem","position":1,"name":"Portada","item":"https:\/\/infopba247.com.ar\/"},{"@type":"ListItem","position":2,"name":"En septiembre se realizar\u00e1n capacitaciones para vecinas y vecinos emprendedores"}]},{"@type":"WebSite","@id":"https:\/\/infopba247.com.ar\/#website","url":"https:\/\/infopba247.com.ar\/","name":"InfoPBA247","description":"Toda la actualidad bonaerense","publisher":{"@id":"https:\/\/infopba247.com.ar\/#organization"},"potentialAction":[{"@type":"SearchAction","target":{"@type":"EntryPoint","urlTemplate":"https:\/\/infopba247.com.ar\/?s={search_term_string}"},"query-input":{"@type":"PropertyValueSpecification","valueRequired":true,"valueName":"search_term_string"}}],"inLanguage":"es"},{"@type":"Organization","@id":"https:\/\/infopba247.com.ar\/#organization","name":"InfoPBA247","url":"https:\/\/infopba247.com.ar\/","logo":{"@type":"ImageObject","inLanguage":"es","@id":"https:\/\/infopba247.com.ar\/#\/schema\/logo\/image\/","url":"https:\/\/infopba247.com.ar\/wp-content\/uploads\/2022\/03\/cropped-InfoPBA247-1.png","contentUrl":"https:\/\/infopba247.com.ar\/wp-content\/uploads\/2022\/03\/cropped-InfoPBA247-1.png","width":500,"height":122,"caption":"InfoPBA247"},"image":{"@id":"https:\/\/infopba247.com.ar\/#\/schema\/logo\/image\/"},"sameAs":["https:\/\/www.facebook.com\/InfoPBA"]},{"@type":"Person","@id":"https:\/\/infopba247.com.ar\/#\/schema\/person\/4975f1343a413e57bf839b3eed0099f2","name":"Editor","image":{"@type":"ImageObject","inLanguage":"es","@id":"https:\/\/secure.gravatar.com\/avatar\/d27fe9520667ca53441d36627a1d6b0fa4a813571ec4803687a7a3a7744685ac?s=96&d=mm&r=g","url":"https:\/\/secure.gravatar.com\/avatar\/d27fe9520667ca53441d36627a1d6b0fa4a813571ec4803687a7a3a7744685ac?s=96&d=mm&r=g","contentUrl":"https:\/\/secure.gravatar.com\/avatar\/d27fe9520667ca53441d36627a1d6b0fa4a813571ec4803687a7a3a7744685ac?s=96&d=mm&r=g","caption":"Editor"},"url":"https:\/\/infopba247.com.ar\/index.php\/author\/editor\/"}]}},"_links":{"self":[{"href":"https:\/\/infopba247.com.ar\/index.php\/wp-json\/wp\/v2\/posts\/5071","targetHints":{"allow":["GET"]}}],"collection":[{"href":"https:\/\/infopba247.com.ar\/index.php\/wp-json\/wp\/v2\/posts"}],"about":[{"href":"https:\/\/infopba247.com.ar\/index.php\/wp-json\/wp\/v2\/types\/post"}],"author":[{"embeddable":true,"href":"https:\/\/infopba247.com.ar\/index.php\/wp-json\/wp\/v2\/users\/3"}],"replies":[{"embeddable":true,"href":"https:\/\/infopba247.com.ar\/index.php\/wp-json\/wp\/v2\/comments?post=5071"}],"version-history":[{"count":1,"href":"https:\/\/infopba247.com.ar\/index.php\/wp-json\/wp\/v2\/posts\/5071\/revisions"}],"predecessor-version":[{"id":5072,"href":"https:\/\/infopba247.com.ar\/index.php\/wp-json\/wp\/v2\/posts\/5071\/revisions\/5072"}],"wp:featuredmedia":[{"embeddable":true,"href":"https:\/\/infopba247.com.ar\/index.php\/wp-json\/wp\/v2\/media\/5062"}],"wp:attachment":[{"href":"https:\/\/infopba247.com.ar\/index.php\/wp-json\/wp\/v2\/media?parent=5071"}],"wp:term":[{"taxonomy":"category","embeddable":true,"href":"https:\/\/infopba247.com.ar\/index.php\/wp-json\/wp\/v2\/categories?post=5071"},{"taxonomy":"post_tag","embeddable":true,"href":"https:\/\/infopba247.com.ar\/index.php\/wp-json\/wp\/v2\/tags?post=5071"}],"curies":[{"name":"wp","href":"https:\/\/api.w.org\/{rel}","templated":true}]}}