{"id":5030,"date":"2024-09-03T11:11:35","date_gmt":"2024-09-03T14:11:35","guid":{"rendered":"https:\/\/infopba247.com.ar\/?p=5030"},"modified":"2024-09-03T11:11:36","modified_gmt":"2024-09-03T14:11:36","slug":"el-municipio-prepara-una-cargada-agenda-de-actividades-por-el-mes-de-las-juventudes","status":"publish","type":"post","link":"https:\/\/infopba247.com.ar\/index.php\/2024\/09\/03\/el-municipio-prepara-una-cargada-agenda-de-actividades-por-el-mes-de-las-juventudes\/","title":{"rendered":"El Municipio prepara una cargada agenda de actividades por el \u201cMes de las Juventudes\u201d"},"content":{"rendered":"\n<p>En el marco del \u201cMes de las Juventudes\u201d que se celebra durante el mes de septiembre, la Municipalidad de La Plata organizar\u00e1 distintas actividades destinadas a los j\u00f3venes de la capital bonaerense.<\/p>\n\n\n\n<p>La iniciativa, que incluye espacios informativos, de debate, reconocimiento, entretenimiento y exposiciones art\u00edsticas y culturales, tiene como objetivo principal visibilizar y reconocer el talento local y emergente en todas sus formas.<\/p>\n\n\n\n<p>RECONOCIMIENTO A J\u00d3VENES PLATENSES<\/p>\n\n\n\n<p>La propuesta comienza el mi\u00e9rcoles 4 con un reconocimiento para j\u00f3venes platenses, mediante una sesi\u00f3n extraordinaria que se llevar\u00e1 adelante en el Concejo Deliberante de La Plata para reconocer a distintos adolescentes del Partido.<\/p>\n\n\n\n<p>MESA DE LAS JUVENTUDES<\/p>\n\n\n\n<p>Asimismo, el viernes 13 del corriente desde las 16:00 se realizar\u00e1 el lanzamiento y primer encuentro de la Mesa de las Juventudes, conformada como un nuevo \u00e1mbito de discusi\u00f3n, representaci\u00f3n y deliberaci\u00f3n de la agenda de los j\u00f3venes de la ciudad, que re\u00fane a una amplia y diversa representaci\u00f3n de todos los espacios que convocan a las juventudes platenses.&nbsp;<\/p>\n\n\n\n<p>DI\u00c1LOGOS J\u00d3VENES<\/p>\n\n\n\n<p>Posteriormente tendr\u00e1 lugar la iniciativa \u201cDi\u00e1logos J\u00f3venes\u201d, que consiste en tres&nbsp; encuentros en los que se buscar\u00e1 fomentar la participaci\u00f3n y el intercambio de los y las j\u00f3venes retomando distintas tem\u00e1ticas de inter\u00e9s:<\/p>\n\n\n\n<p>\u2013 Juventudes y Ruralidad, una jornada de intercambio sobre la agenda del sector con armado de Curriculum Vitae e informaci\u00f3n de orientaci\u00f3n vocacional. Se realizar\u00e1 el s\u00e1bado 7 de septiembre desde las 11:00 en la Plaza Itat\u00ed de Abasto.<\/p>\n\n\n\n<p>\u2013 La pelota siempre a las pibas, un encuentro sobre g\u00e9nero y deporte que se llevar\u00e1 a cabo el martes 10 de septiembre a las 17:00 en el Club Atl\u00e9tico Platense de calle 21 y Avenida 51.<\/p>\n\n\n\n<p>\u2013 Conversatorio \u201c\u00bfQu\u00e9 hacemos cuando la verdad no importa?\u201d con Emilce Moler, el mi\u00e9rcoles 11 de septiembre a las 17:00 en el Centro Cultural Islas Malvinas.<\/p>\n\n\n\n<p>ESCENA JOVEN<\/p>\n\n\n\n<p>El 12, 13 y 14 de septiembre de 15:00 a 19:00 en el Pasaje Dardo Rocha se llevar\u00e1 a cabo una exposici\u00f3n de obras art\u00edsticas realizadas por j\u00f3venes de entre 14 y 30 a\u00f1os.<\/p>\n\n\n\n<p>Esta actividad, que abarca m\u00e1s de 150 proyectos, tiene como objetivo visibilizar y reconocer el talento local y emergente, garantizando un \u00e1mbito de promoci\u00f3n de las producciones de artistas locales.<\/p>\n\n\n\n<p>Tambi\u00e9n se dictar\u00e1n talleres, workshops y charlas buscando de esta manera estimular la producci\u00f3n art\u00edstica y la experimentaci\u00f3n en las diferentes ramas del arte.<\/p>\n\n\n\n<p>FESTIVAL PRIMAVERA<\/p>\n\n\n\n<p>Por \u00faltimo y como cierre del Mes de las Juventudes, el Instituto Cultural de la Provincia de Buenos Aires y la Municipalidad de La Plata pondr\u00e1n en marcha el Festival Primavera, que contar\u00e1 con stands informativos y l\u00fadicos, feria de productores, puestos de comida, talleres y charlas, y finalizar\u00e1 con una cargada agenda de artistas.<\/p>\n","protected":false},"excerpt":{"rendered":"<p>En el marco del \u201cMes de las Juventudes\u201d que se celebra durante el mes de septiembre, la Municipalidad de La<\/p>\n","protected":false},"author":3,"featured_media":5019,"comment_status":"open","ping_status":"open","sticky":false,"template":"","format":"standard","meta":{"colormag_page_container_layout":"default_layout","colormag_page_sidebar_layout":"default_layout","footnotes":""},"categories":[12,1,14],"tags":[],"class_list":["post-5030","post","type-post","status-publish","format-standard","has-post-thumbnail","hentry","category-8va-seccion","category-destacadas","category-politica"],"yoast_head":"<!-- This site is optimized with the Yoast SEO plugin v27.4 - https:\/\/yoast.com\/product\/yoast-seo-wordpress\/ -->\n<title>El Municipio prepara una cargada agenda de actividades por el \u201cMes de las Juventudes\u201d - InfoPBA247<\/title>\n<meta name=\"robots\" content=\"index, follow, max-snippet:-1, max-image-preview:large, max-video-preview:-1\" \/>\n<link rel=\"canonical\" href=\"https:\/\/infopba247.com.ar\/index.php\/2024\/09\/03\/el-municipio-prepara-una-cargada-agenda-de-actividades-por-el-mes-de-las-juventudes\/\" \/>\n<meta property=\"og:locale\" content=\"es_ES\" \/>\n<meta property=\"og:type\" content=\"article\" \/>\n<meta property=\"og:title\" content=\"El Municipio prepara una cargada agenda de actividades por el \u201cMes de las Juventudes\u201d - InfoPBA247\" \/>\n<meta property=\"og:description\" content=\"En el marco del \u201cMes de las Juventudes\u201d que se celebra durante el mes de septiembre, la Municipalidad de La\" \/>\n<meta property=\"og:url\" content=\"https:\/\/infopba247.com.ar\/index.php\/2024\/09\/03\/el-municipio-prepara-una-cargada-agenda-de-actividades-por-el-mes-de-las-juventudes\/\" \/>\n<meta property=\"og:site_name\" content=\"InfoPBA247\" \/>\n<meta property=\"article:publisher\" content=\"https:\/\/www.facebook.com\/InfoPBA\" \/>\n<meta property=\"article:published_time\" content=\"2024-09-03T14:11:35+00:00\" \/>\n<meta property=\"article:modified_time\" content=\"2024-09-03T14:11:36+00:00\" \/>\n<meta property=\"og:image\" content=\"https:\/\/infopba247.com.ar\/wp-content\/uploads\/2024\/09\/unnamed-64.jpg\" \/>\n\t<meta property=\"og:image:width\" content=\"1599\" \/>\n\t<meta property=\"og:image:height\" content=\"1066\" \/>\n\t<meta property=\"og:image:type\" content=\"image\/jpeg\" \/>\n<meta name=\"author\" content=\"Editor\" \/>\n<meta name=\"twitter:card\" content=\"summary_large_image\" \/>\n<meta name=\"twitter:label1\" content=\"Escrito por\" \/>\n\t<meta name=\"twitter:data1\" content=\"Editor\" \/>\n\t<meta name=\"twitter:label2\" content=\"Tiempo de lectura\" \/>\n\t<meta name=\"twitter:data2\" content=\"3 minutos\" \/>\n<script type=\"application\/ld+json\" class=\"yoast-schema-graph\">{\"@context\":\"https:\\\/\\\/schema.org\",\"@graph\":[{\"@type\":\"Article\",\"@id\":\"https:\\\/\\\/infopba247.com.ar\\\/index.php\\\/2024\\\/09\\\/03\\\/el-municipio-prepara-una-cargada-agenda-de-actividades-por-el-mes-de-las-juventudes\\\/#article\",\"isPartOf\":{\"@id\":\"https:\\\/\\\/infopba247.com.ar\\\/index.php\\\/2024\\\/09\\\/03\\\/el-municipio-prepara-una-cargada-agenda-de-actividades-por-el-mes-de-las-juventudes\\\/\"},\"author\":{\"name\":\"Editor\",\"@id\":\"https:\\\/\\\/infopba247.com.ar\\\/#\\\/schema\\\/person\\\/4975f1343a413e57bf839b3eed0099f2\"},\"headline\":\"El Municipio prepara una cargada agenda de actividades por el \u201cMes de las Juventudes\u201d\",\"datePublished\":\"2024-09-03T14:11:35+00:00\",\"dateModified\":\"2024-09-03T14:11:36+00:00\",\"mainEntityOfPage\":{\"@id\":\"https:\\\/\\\/infopba247.com.ar\\\/index.php\\\/2024\\\/09\\\/03\\\/el-municipio-prepara-una-cargada-agenda-de-actividades-por-el-mes-de-las-juventudes\\\/\"},\"wordCount\":481,\"commentCount\":0,\"publisher\":{\"@id\":\"https:\\\/\\\/infopba247.com.ar\\\/#organization\"},\"image\":{\"@id\":\"https:\\\/\\\/infopba247.com.ar\\\/index.php\\\/2024\\\/09\\\/03\\\/el-municipio-prepara-una-cargada-agenda-de-actividades-por-el-mes-de-las-juventudes\\\/#primaryimage\"},\"thumbnailUrl\":\"https:\\\/\\\/infopba247.com.ar\\\/wp-content\\\/uploads\\\/2024\\\/09\\\/unnamed-64.jpg\",\"articleSection\":[\"8va Secci\u00f3n\",\"Destacadas\",\"Pol\u00edtica\"],\"inLanguage\":\"es\",\"potentialAction\":[{\"@type\":\"CommentAction\",\"name\":\"Comment\",\"target\":[\"https:\\\/\\\/infopba247.com.ar\\\/index.php\\\/2024\\\/09\\\/03\\\/el-municipio-prepara-una-cargada-agenda-de-actividades-por-el-mes-de-las-juventudes\\\/#respond\"]}]},{\"@type\":\"WebPage\",\"@id\":\"https:\\\/\\\/infopba247.com.ar\\\/index.php\\\/2024\\\/09\\\/03\\\/el-municipio-prepara-una-cargada-agenda-de-actividades-por-el-mes-de-las-juventudes\\\/\",\"url\":\"https:\\\/\\\/infopba247.com.ar\\\/index.php\\\/2024\\\/09\\\/03\\\/el-municipio-prepara-una-cargada-agenda-de-actividades-por-el-mes-de-las-juventudes\\\/\",\"name\":\"El Municipio prepara una cargada agenda de actividades por el \u201cMes de las Juventudes\u201d - InfoPBA247\",\"isPartOf\":{\"@id\":\"https:\\\/\\\/infopba247.com.ar\\\/#website\"},\"primaryImageOfPage\":{\"@id\":\"https:\\\/\\\/infopba247.com.ar\\\/index.php\\\/2024\\\/09\\\/03\\\/el-municipio-prepara-una-cargada-agenda-de-actividades-por-el-mes-de-las-juventudes\\\/#primaryimage\"},\"image\":{\"@id\":\"https:\\\/\\\/infopba247.com.ar\\\/index.php\\\/2024\\\/09\\\/03\\\/el-municipio-prepara-una-cargada-agenda-de-actividades-por-el-mes-de-las-juventudes\\\/#primaryimage\"},\"thumbnailUrl\":\"https:\\\/\\\/infopba247.com.ar\\\/wp-content\\\/uploads\\\/2024\\\/09\\\/unnamed-64.jpg\",\"datePublished\":\"2024-09-03T14:11:35+00:00\",\"dateModified\":\"2024-09-03T14:11:36+00:00\",\"breadcrumb\":{\"@id\":\"https:\\\/\\\/infopba247.com.ar\\\/index.php\\\/2024\\\/09\\\/03\\\/el-municipio-prepara-una-cargada-agenda-de-actividades-por-el-mes-de-las-juventudes\\\/#breadcrumb\"},\"inLanguage\":\"es\",\"potentialAction\":[{\"@type\":\"ReadAction\",\"target\":[\"https:\\\/\\\/infopba247.com.ar\\\/index.php\\\/2024\\\/09\\\/03\\\/el-municipio-prepara-una-cargada-agenda-de-actividades-por-el-mes-de-las-juventudes\\\/\"]}]},{\"@type\":\"ImageObject\",\"inLanguage\":\"es\",\"@id\":\"https:\\\/\\\/infopba247.com.ar\\\/index.php\\\/2024\\\/09\\\/03\\\/el-municipio-prepara-una-cargada-agenda-de-actividades-por-el-mes-de-las-juventudes\\\/#primaryimage\",\"url\":\"https:\\\/\\\/infopba247.com.ar\\\/wp-content\\\/uploads\\\/2024\\\/09\\\/unnamed-64.jpg\",\"contentUrl\":\"https:\\\/\\\/infopba247.com.ar\\\/wp-content\\\/uploads\\\/2024\\\/09\\\/unnamed-64.jpg\",\"width\":1599,\"height\":1066},{\"@type\":\"BreadcrumbList\",\"@id\":\"https:\\\/\\\/infopba247.com.ar\\\/index.php\\\/2024\\\/09\\\/03\\\/el-municipio-prepara-una-cargada-agenda-de-actividades-por-el-mes-de-las-juventudes\\\/#breadcrumb\",\"itemListElement\":[{\"@type\":\"ListItem\",\"position\":1,\"name\":\"Portada\",\"item\":\"https:\\\/\\\/infopba247.com.ar\\\/\"},{\"@type\":\"ListItem\",\"position\":2,\"name\":\"El Municipio prepara una cargada agenda de actividades por el \u201cMes de las Juventudes\u201d\"}]},{\"@type\":\"WebSite\",\"@id\":\"https:\\\/\\\/infopba247.com.ar\\\/#website\",\"url\":\"https:\\\/\\\/infopba247.com.ar\\\/\",\"name\":\"InfoPBA247\",\"description\":\"Toda la actualidad bonaerense\",\"publisher\":{\"@id\":\"https:\\\/\\\/infopba247.com.ar\\\/#organization\"},\"potentialAction\":[{\"@type\":\"SearchAction\",\"target\":{\"@type\":\"EntryPoint\",\"urlTemplate\":\"https:\\\/\\\/infopba247.com.ar\\\/?s={search_term_string}\"},\"query-input\":{\"@type\":\"PropertyValueSpecification\",\"valueRequired\":true,\"valueName\":\"search_term_string\"}}],\"inLanguage\":\"es\"},{\"@type\":\"Organization\",\"@id\":\"https:\\\/\\\/infopba247.com.ar\\\/#organization\",\"name\":\"InfoPBA247\",\"url\":\"https:\\\/\\\/infopba247.com.ar\\\/\",\"logo\":{\"@type\":\"ImageObject\",\"inLanguage\":\"es\",\"@id\":\"https:\\\/\\\/infopba247.com.ar\\\/#\\\/schema\\\/logo\\\/image\\\/\",\"url\":\"https:\\\/\\\/infopba247.com.ar\\\/wp-content\\\/uploads\\\/2022\\\/03\\\/cropped-InfoPBA247-1.png\",\"contentUrl\":\"https:\\\/\\\/infopba247.com.ar\\\/wp-content\\\/uploads\\\/2022\\\/03\\\/cropped-InfoPBA247-1.png\",\"width\":500,\"height\":122,\"caption\":\"InfoPBA247\"},\"image\":{\"@id\":\"https:\\\/\\\/infopba247.com.ar\\\/#\\\/schema\\\/logo\\\/image\\\/\"},\"sameAs\":[\"https:\\\/\\\/www.facebook.com\\\/InfoPBA\"]},{\"@type\":\"Person\",\"@id\":\"https:\\\/\\\/infopba247.com.ar\\\/#\\\/schema\\\/person\\\/4975f1343a413e57bf839b3eed0099f2\",\"name\":\"Editor\",\"image\":{\"@type\":\"ImageObject\",\"inLanguage\":\"es\",\"@id\":\"https:\\\/\\\/secure.gravatar.com\\\/avatar\\\/d27fe9520667ca53441d36627a1d6b0fa4a813571ec4803687a7a3a7744685ac?s=96&d=mm&r=g\",\"url\":\"https:\\\/\\\/secure.gravatar.com\\\/avatar\\\/d27fe9520667ca53441d36627a1d6b0fa4a813571ec4803687a7a3a7744685ac?s=96&d=mm&r=g\",\"contentUrl\":\"https:\\\/\\\/secure.gravatar.com\\\/avatar\\\/d27fe9520667ca53441d36627a1d6b0fa4a813571ec4803687a7a3a7744685ac?s=96&d=mm&r=g\",\"caption\":\"Editor\"},\"url\":\"https:\\\/\\\/infopba247.com.ar\\\/index.php\\\/author\\\/editor\\\/\"}]}<\/script>\n<!-- \/ Yoast SEO plugin. -->","yoast_head_json":{"title":"El Municipio prepara una cargada agenda de actividades por el \u201cMes de las Juventudes\u201d - InfoPBA247","robots":{"index":"index","follow":"follow","max-snippet":"max-snippet:-1","max-image-preview":"max-image-preview:large","max-video-preview":"max-video-preview:-1"},"canonical":"https:\/\/infopba247.com.ar\/index.php\/2024\/09\/03\/el-municipio-prepara-una-cargada-agenda-de-actividades-por-el-mes-de-las-juventudes\/","og_locale":"es_ES","og_type":"article","og_title":"El Municipio prepara una cargada agenda de actividades por el \u201cMes de las Juventudes\u201d - InfoPBA247","og_description":"En el marco del \u201cMes de las Juventudes\u201d que se celebra durante el mes de septiembre, la Municipalidad de La","og_url":"https:\/\/infopba247.com.ar\/index.php\/2024\/09\/03\/el-municipio-prepara-una-cargada-agenda-de-actividades-por-el-mes-de-las-juventudes\/","og_site_name":"InfoPBA247","article_publisher":"https:\/\/www.facebook.com\/InfoPBA","article_published_time":"2024-09-03T14:11:35+00:00","article_modified_time":"2024-09-03T14:11:36+00:00","og_image":[{"width":1599,"height":1066,"url":"https:\/\/infopba247.com.ar\/wp-content\/uploads\/2024\/09\/unnamed-64.jpg","type":"image\/jpeg"}],"author":"Editor","twitter_card":"summary_large_image","twitter_misc":{"Escrito por":"Editor","Tiempo de lectura":"3 minutos"},"schema":{"@context":"https:\/\/schema.org","@graph":[{"@type":"Article","@id":"https:\/\/infopba247.com.ar\/index.php\/2024\/09\/03\/el-municipio-prepara-una-cargada-agenda-de-actividades-por-el-mes-de-las-juventudes\/#article","isPartOf":{"@id":"https:\/\/infopba247.com.ar\/index.php\/2024\/09\/03\/el-municipio-prepara-una-cargada-agenda-de-actividades-por-el-mes-de-las-juventudes\/"},"author":{"name":"Editor","@id":"https:\/\/infopba247.com.ar\/#\/schema\/person\/4975f1343a413e57bf839b3eed0099f2"},"headline":"El Municipio prepara una cargada agenda de actividades por el \u201cMes de las Juventudes\u201d","datePublished":"2024-09-03T14:11:35+00:00","dateModified":"2024-09-03T14:11:36+00:00","mainEntityOfPage":{"@id":"https:\/\/infopba247.com.ar\/index.php\/2024\/09\/03\/el-municipio-prepara-una-cargada-agenda-de-actividades-por-el-mes-de-las-juventudes\/"},"wordCount":481,"commentCount":0,"publisher":{"@id":"https:\/\/infopba247.com.ar\/#organization"},"image":{"@id":"https:\/\/infopba247.com.ar\/index.php\/2024\/09\/03\/el-municipio-prepara-una-cargada-agenda-de-actividades-por-el-mes-de-las-juventudes\/#primaryimage"},"thumbnailUrl":"https:\/\/infopba247.com.ar\/wp-content\/uploads\/2024\/09\/unnamed-64.jpg","articleSection":["8va Secci\u00f3n","Destacadas","Pol\u00edtica"],"inLanguage":"es","potentialAction":[{"@type":"CommentAction","name":"Comment","target":["https:\/\/infopba247.com.ar\/index.php\/2024\/09\/03\/el-municipio-prepara-una-cargada-agenda-de-actividades-por-el-mes-de-las-juventudes\/#respond"]}]},{"@type":"WebPage","@id":"https:\/\/infopba247.com.ar\/index.php\/2024\/09\/03\/el-municipio-prepara-una-cargada-agenda-de-actividades-por-el-mes-de-las-juventudes\/","url":"https:\/\/infopba247.com.ar\/index.php\/2024\/09\/03\/el-municipio-prepara-una-cargada-agenda-de-actividades-por-el-mes-de-las-juventudes\/","name":"El Municipio prepara una cargada agenda de actividades por el \u201cMes de las Juventudes\u201d - InfoPBA247","isPartOf":{"@id":"https:\/\/infopba247.com.ar\/#website"},"primaryImageOfPage":{"@id":"https:\/\/infopba247.com.ar\/index.php\/2024\/09\/03\/el-municipio-prepara-una-cargada-agenda-de-actividades-por-el-mes-de-las-juventudes\/#primaryimage"},"image":{"@id":"https:\/\/infopba247.com.ar\/index.php\/2024\/09\/03\/el-municipio-prepara-una-cargada-agenda-de-actividades-por-el-mes-de-las-juventudes\/#primaryimage"},"thumbnailUrl":"https:\/\/infopba247.com.ar\/wp-content\/uploads\/2024\/09\/unnamed-64.jpg","datePublished":"2024-09-03T14:11:35+00:00","dateModified":"2024-09-03T14:11:36+00:00","breadcrumb":{"@id":"https:\/\/infopba247.com.ar\/index.php\/2024\/09\/03\/el-municipio-prepara-una-cargada-agenda-de-actividades-por-el-mes-de-las-juventudes\/#breadcrumb"},"inLanguage":"es","potentialAction":[{"@type":"ReadAction","target":["https:\/\/infopba247.com.ar\/index.php\/2024\/09\/03\/el-municipio-prepara-una-cargada-agenda-de-actividades-por-el-mes-de-las-juventudes\/"]}]},{"@type":"ImageObject","inLanguage":"es","@id":"https:\/\/infopba247.com.ar\/index.php\/2024\/09\/03\/el-municipio-prepara-una-cargada-agenda-de-actividades-por-el-mes-de-las-juventudes\/#primaryimage","url":"https:\/\/infopba247.com.ar\/wp-content\/uploads\/2024\/09\/unnamed-64.jpg","contentUrl":"https:\/\/infopba247.com.ar\/wp-content\/uploads\/2024\/09\/unnamed-64.jpg","width":1599,"height":1066},{"@type":"BreadcrumbList","@id":"https:\/\/infopba247.com.ar\/index.php\/2024\/09\/03\/el-municipio-prepara-una-cargada-agenda-de-actividades-por-el-mes-de-las-juventudes\/#breadcrumb","itemListElement":[{"@type":"ListItem","position":1,"name":"Portada","item":"https:\/\/infopba247.com.ar\/"},{"@type":"ListItem","position":2,"name":"El Municipio prepara una cargada agenda de actividades por el \u201cMes de las Juventudes\u201d"}]},{"@type":"WebSite","@id":"https:\/\/infopba247.com.ar\/#website","url":"https:\/\/infopba247.com.ar\/","name":"InfoPBA247","description":"Toda la actualidad bonaerense","publisher":{"@id":"https:\/\/infopba247.com.ar\/#organization"},"potentialAction":[{"@type":"SearchAction","target":{"@type":"EntryPoint","urlTemplate":"https:\/\/infopba247.com.ar\/?s={search_term_string}"},"query-input":{"@type":"PropertyValueSpecification","valueRequired":true,"valueName":"search_term_string"}}],"inLanguage":"es"},{"@type":"Organization","@id":"https:\/\/infopba247.com.ar\/#organization","name":"InfoPBA247","url":"https:\/\/infopba247.com.ar\/","logo":{"@type":"ImageObject","inLanguage":"es","@id":"https:\/\/infopba247.com.ar\/#\/schema\/logo\/image\/","url":"https:\/\/infopba247.com.ar\/wp-content\/uploads\/2022\/03\/cropped-InfoPBA247-1.png","contentUrl":"https:\/\/infopba247.com.ar\/wp-content\/uploads\/2022\/03\/cropped-InfoPBA247-1.png","width":500,"height":122,"caption":"InfoPBA247"},"image":{"@id":"https:\/\/infopba247.com.ar\/#\/schema\/logo\/image\/"},"sameAs":["https:\/\/www.facebook.com\/InfoPBA"]},{"@type":"Person","@id":"https:\/\/infopba247.com.ar\/#\/schema\/person\/4975f1343a413e57bf839b3eed0099f2","name":"Editor","image":{"@type":"ImageObject","inLanguage":"es","@id":"https:\/\/secure.gravatar.com\/avatar\/d27fe9520667ca53441d36627a1d6b0fa4a813571ec4803687a7a3a7744685ac?s=96&d=mm&r=g","url":"https:\/\/secure.gravatar.com\/avatar\/d27fe9520667ca53441d36627a1d6b0fa4a813571ec4803687a7a3a7744685ac?s=96&d=mm&r=g","contentUrl":"https:\/\/secure.gravatar.com\/avatar\/d27fe9520667ca53441d36627a1d6b0fa4a813571ec4803687a7a3a7744685ac?s=96&d=mm&r=g","caption":"Editor"},"url":"https:\/\/infopba247.com.ar\/index.php\/author\/editor\/"}]}},"_links":{"self":[{"href":"https:\/\/infopba247.com.ar\/index.php\/wp-json\/wp\/v2\/posts\/5030","targetHints":{"allow":["GET"]}}],"collection":[{"href":"https:\/\/infopba247.com.ar\/index.php\/wp-json\/wp\/v2\/posts"}],"about":[{"href":"https:\/\/infopba247.com.ar\/index.php\/wp-json\/wp\/v2\/types\/post"}],"author":[{"embeddable":true,"href":"https:\/\/infopba247.com.ar\/index.php\/wp-json\/wp\/v2\/users\/3"}],"replies":[{"embeddable":true,"href":"https:\/\/infopba247.com.ar\/index.php\/wp-json\/wp\/v2\/comments?post=5030"}],"version-history":[{"count":1,"href":"https:\/\/infopba247.com.ar\/index.php\/wp-json\/wp\/v2\/posts\/5030\/revisions"}],"predecessor-version":[{"id":5031,"href":"https:\/\/infopba247.com.ar\/index.php\/wp-json\/wp\/v2\/posts\/5030\/revisions\/5031"}],"wp:featuredmedia":[{"embeddable":true,"href":"https:\/\/infopba247.com.ar\/index.php\/wp-json\/wp\/v2\/media\/5019"}],"wp:attachment":[{"href":"https:\/\/infopba247.com.ar\/index.php\/wp-json\/wp\/v2\/media?parent=5030"}],"wp:term":[{"taxonomy":"category","embeddable":true,"href":"https:\/\/infopba247.com.ar\/index.php\/wp-json\/wp\/v2\/categories?post=5030"},{"taxonomy":"post_tag","embeddable":true,"href":"https:\/\/infopba247.com.ar\/index.php\/wp-json\/wp\/v2\/tags?post=5030"}],"curies":[{"name":"wp","href":"https:\/\/api.w.org\/{rel}","templated":true}]}}