{"id":4987,"date":"2024-08-29T11:32:35","date_gmt":"2024-08-29T14:32:35","guid":{"rendered":"https:\/\/infopba247.com.ar\/?p=4987"},"modified":"2024-08-29T11:32:38","modified_gmt":"2024-08-29T14:32:38","slug":"el-21-de-septiembre-vuelve-fu-moreno-el-festival-urbano-mas-grande-del-oeste","status":"publish","type":"post","link":"https:\/\/infopba247.com.ar\/index.php\/2024\/08\/29\/el-21-de-septiembre-vuelve-fu-moreno-el-festival-urbano-mas-grande-del-oeste\/","title":{"rendered":"El 21 de septiembre vuelve FU Moreno: el Festival Urbano m\u00e1s grande del Oeste"},"content":{"rendered":"\n<p>El pr\u00f3ximo 21 de septiembre, el Municipio de Moreno trae la sexta edici\u00f3n del FU, el Festival Urbano de Moreno. Una iniciativa de la intendenta Mariel Fern\u00e1ndez que se realiza desde el a\u00f1o 2021 con el objetivo de brindar a j\u00f3venes, ni\u00f1as y ni\u00f1os, espect\u00e1culos de primer nivel de forma libre y gratuita. El encuentro ser\u00e1 en la Plaza Buj\u00e1n, ubicada en Ruta 7, km 35.5, a pocas cuadras de la estaci\u00f3n de Moreno y Paso del Rey, desde las 17 horas.<\/p>\n\n\n\n<p>Esta edici\u00f3n contar\u00e1 con auspiciantes del sector privado: N1U -la billetera virtual del Banco Macro- y la marca KWT (Kuwait), quienes reducen los costos del Municipio para hacer el Festival. Adem\u00e1s, el evento tambi\u00e9n cuenta con el apoyo del Instituto Cultural de la Provincia de Buenos Aires.<\/p>\n\n\n\n<p>El line-up lo completan m\u00e1s de 20 artistas locales y artistas emergentes, en una convocatoria donde el FU re\u00fane artistas urbanos locales con artistas consagrados, proporcionando una oportunidad \u00fanica para los talentos morenenses que se dan a conocer y comparten escenario con m\u00fasicos consolidados.<\/p>\n\n\n\n<p>Este espect\u00e1culo libre y gratuito se realiza con una gran puesta de escenario, luces y sonido, y una grilla que convoca a j\u00f3venes de Moreno y de otros municipios, lo que logr\u00f3 que el FU Moreno se convierta en un evento de referencia del g\u00e9nero urbano en toda la regi\u00f3n.<\/p>\n\n\n\n<p>Tambi\u00e9n habr\u00e1 juegos y actividades recreativas gratuitas para disfrutar en familia, patio gastron\u00f3mico y feria de emprendedoras y emprendedores locales.<\/p>\n","protected":false},"excerpt":{"rendered":"<p>El pr\u00f3ximo 21 de septiembre, el Municipio de Moreno trae la sexta edici\u00f3n del FU, el Festival Urbano de Moreno.<\/p>\n","protected":false},"author":3,"featured_media":4978,"comment_status":"open","ping_status":"open","sticky":false,"template":"","format":"standard","meta":{"colormag_page_container_layout":"default_layout","colormag_page_sidebar_layout":"default_layout","footnotes":""},"categories":[5,1,14],"tags":[],"class_list":["post-4987","post","type-post","status-publish","format-standard","has-post-thumbnail","hentry","category-1ra-seccion","category-destacadas","category-politica"],"yoast_head":"<!-- This site is optimized with the Yoast SEO plugin v27.4 - https:\/\/yoast.com\/product\/yoast-seo-wordpress\/ -->\n<title>El 21 de septiembre vuelve FU Moreno: el Festival Urbano m\u00e1s grande del Oeste - InfoPBA247<\/title>\n<meta name=\"robots\" content=\"index, follow, max-snippet:-1, max-image-preview:large, max-video-preview:-1\" \/>\n<link rel=\"canonical\" href=\"https:\/\/infopba247.com.ar\/index.php\/2024\/08\/29\/el-21-de-septiembre-vuelve-fu-moreno-el-festival-urbano-mas-grande-del-oeste\/\" \/>\n<meta property=\"og:locale\" content=\"es_ES\" \/>\n<meta property=\"og:type\" content=\"article\" \/>\n<meta property=\"og:title\" content=\"El 21 de septiembre vuelve FU Moreno: el Festival Urbano m\u00e1s grande del Oeste - InfoPBA247\" \/>\n<meta property=\"og:description\" content=\"El pr\u00f3ximo 21 de septiembre, el Municipio de Moreno trae la sexta edici\u00f3n del FU, el Festival Urbano de Moreno.\" \/>\n<meta property=\"og:url\" content=\"https:\/\/infopba247.com.ar\/index.php\/2024\/08\/29\/el-21-de-septiembre-vuelve-fu-moreno-el-festival-urbano-mas-grande-del-oeste\/\" \/>\n<meta property=\"og:site_name\" content=\"InfoPBA247\" \/>\n<meta property=\"article:publisher\" content=\"https:\/\/www.facebook.com\/InfoPBA\" \/>\n<meta property=\"article:published_time\" content=\"2024-08-29T14:32:35+00:00\" \/>\n<meta property=\"article:modified_time\" content=\"2024-08-29T14:32:38+00:00\" \/>\n<meta property=\"og:image\" content=\"https:\/\/infopba247.com.ar\/wp-content\/uploads\/2024\/08\/Dillom.jpeg\" \/>\n\t<meta property=\"og:image:width\" content=\"1080\" \/>\n\t<meta property=\"og:image:height\" content=\"1080\" \/>\n\t<meta property=\"og:image:type\" content=\"image\/jpeg\" \/>\n<meta name=\"author\" content=\"Editor\" \/>\n<meta name=\"twitter:card\" content=\"summary_large_image\" \/>\n<meta name=\"twitter:label1\" content=\"Escrito por\" \/>\n\t<meta name=\"twitter:data1\" content=\"Editor\" \/>\n\t<meta name=\"twitter:label2\" content=\"Tiempo de lectura\" \/>\n\t<meta name=\"twitter:data2\" content=\"2 minutos\" \/>\n<script type=\"application\/ld+json\" class=\"yoast-schema-graph\">{\"@context\":\"https:\\\/\\\/schema.org\",\"@graph\":[{\"@type\":\"Article\",\"@id\":\"https:\\\/\\\/infopba247.com.ar\\\/index.php\\\/2024\\\/08\\\/29\\\/el-21-de-septiembre-vuelve-fu-moreno-el-festival-urbano-mas-grande-del-oeste\\\/#article\",\"isPartOf\":{\"@id\":\"https:\\\/\\\/infopba247.com.ar\\\/index.php\\\/2024\\\/08\\\/29\\\/el-21-de-septiembre-vuelve-fu-moreno-el-festival-urbano-mas-grande-del-oeste\\\/\"},\"author\":{\"name\":\"Editor\",\"@id\":\"https:\\\/\\\/infopba247.com.ar\\\/#\\\/schema\\\/person\\\/4975f1343a413e57bf839b3eed0099f2\"},\"headline\":\"El 21 de septiembre vuelve FU Moreno: el Festival Urbano m\u00e1s grande del Oeste\",\"datePublished\":\"2024-08-29T14:32:35+00:00\",\"dateModified\":\"2024-08-29T14:32:38+00:00\",\"mainEntityOfPage\":{\"@id\":\"https:\\\/\\\/infopba247.com.ar\\\/index.php\\\/2024\\\/08\\\/29\\\/el-21-de-septiembre-vuelve-fu-moreno-el-festival-urbano-mas-grande-del-oeste\\\/\"},\"wordCount\":274,\"commentCount\":0,\"publisher\":{\"@id\":\"https:\\\/\\\/infopba247.com.ar\\\/#organization\"},\"image\":{\"@id\":\"https:\\\/\\\/infopba247.com.ar\\\/index.php\\\/2024\\\/08\\\/29\\\/el-21-de-septiembre-vuelve-fu-moreno-el-festival-urbano-mas-grande-del-oeste\\\/#primaryimage\"},\"thumbnailUrl\":\"https:\\\/\\\/infopba247.com.ar\\\/wp-content\\\/uploads\\\/2024\\\/08\\\/Dillom.jpeg\",\"articleSection\":[\"1ra Secci\u00f3n\",\"Destacadas\",\"Pol\u00edtica\"],\"inLanguage\":\"es\",\"potentialAction\":[{\"@type\":\"CommentAction\",\"name\":\"Comment\",\"target\":[\"https:\\\/\\\/infopba247.com.ar\\\/index.php\\\/2024\\\/08\\\/29\\\/el-21-de-septiembre-vuelve-fu-moreno-el-festival-urbano-mas-grande-del-oeste\\\/#respond\"]}]},{\"@type\":\"WebPage\",\"@id\":\"https:\\\/\\\/infopba247.com.ar\\\/index.php\\\/2024\\\/08\\\/29\\\/el-21-de-septiembre-vuelve-fu-moreno-el-festival-urbano-mas-grande-del-oeste\\\/\",\"url\":\"https:\\\/\\\/infopba247.com.ar\\\/index.php\\\/2024\\\/08\\\/29\\\/el-21-de-septiembre-vuelve-fu-moreno-el-festival-urbano-mas-grande-del-oeste\\\/\",\"name\":\"El 21 de septiembre vuelve FU Moreno: el Festival Urbano m\u00e1s grande del Oeste - InfoPBA247\",\"isPartOf\":{\"@id\":\"https:\\\/\\\/infopba247.com.ar\\\/#website\"},\"primaryImageOfPage\":{\"@id\":\"https:\\\/\\\/infopba247.com.ar\\\/index.php\\\/2024\\\/08\\\/29\\\/el-21-de-septiembre-vuelve-fu-moreno-el-festival-urbano-mas-grande-del-oeste\\\/#primaryimage\"},\"image\":{\"@id\":\"https:\\\/\\\/infopba247.com.ar\\\/index.php\\\/2024\\\/08\\\/29\\\/el-21-de-septiembre-vuelve-fu-moreno-el-festival-urbano-mas-grande-del-oeste\\\/#primaryimage\"},\"thumbnailUrl\":\"https:\\\/\\\/infopba247.com.ar\\\/wp-content\\\/uploads\\\/2024\\\/08\\\/Dillom.jpeg\",\"datePublished\":\"2024-08-29T14:32:35+00:00\",\"dateModified\":\"2024-08-29T14:32:38+00:00\",\"breadcrumb\":{\"@id\":\"https:\\\/\\\/infopba247.com.ar\\\/index.php\\\/2024\\\/08\\\/29\\\/el-21-de-septiembre-vuelve-fu-moreno-el-festival-urbano-mas-grande-del-oeste\\\/#breadcrumb\"},\"inLanguage\":\"es\",\"potentialAction\":[{\"@type\":\"ReadAction\",\"target\":[\"https:\\\/\\\/infopba247.com.ar\\\/index.php\\\/2024\\\/08\\\/29\\\/el-21-de-septiembre-vuelve-fu-moreno-el-festival-urbano-mas-grande-del-oeste\\\/\"]}]},{\"@type\":\"ImageObject\",\"inLanguage\":\"es\",\"@id\":\"https:\\\/\\\/infopba247.com.ar\\\/index.php\\\/2024\\\/08\\\/29\\\/el-21-de-septiembre-vuelve-fu-moreno-el-festival-urbano-mas-grande-del-oeste\\\/#primaryimage\",\"url\":\"https:\\\/\\\/infopba247.com.ar\\\/wp-content\\\/uploads\\\/2024\\\/08\\\/Dillom.jpeg\",\"contentUrl\":\"https:\\\/\\\/infopba247.com.ar\\\/wp-content\\\/uploads\\\/2024\\\/08\\\/Dillom.jpeg\",\"width\":1080,\"height\":1080},{\"@type\":\"BreadcrumbList\",\"@id\":\"https:\\\/\\\/infopba247.com.ar\\\/index.php\\\/2024\\\/08\\\/29\\\/el-21-de-septiembre-vuelve-fu-moreno-el-festival-urbano-mas-grande-del-oeste\\\/#breadcrumb\",\"itemListElement\":[{\"@type\":\"ListItem\",\"position\":1,\"name\":\"Portada\",\"item\":\"https:\\\/\\\/infopba247.com.ar\\\/\"},{\"@type\":\"ListItem\",\"position\":2,\"name\":\"El 21 de septiembre vuelve FU Moreno: el Festival Urbano m\u00e1s grande del Oeste\"}]},{\"@type\":\"WebSite\",\"@id\":\"https:\\\/\\\/infopba247.com.ar\\\/#website\",\"url\":\"https:\\\/\\\/infopba247.com.ar\\\/\",\"name\":\"InfoPBA247\",\"description\":\"Toda la actualidad bonaerense\",\"publisher\":{\"@id\":\"https:\\\/\\\/infopba247.com.ar\\\/#organization\"},\"potentialAction\":[{\"@type\":\"SearchAction\",\"target\":{\"@type\":\"EntryPoint\",\"urlTemplate\":\"https:\\\/\\\/infopba247.com.ar\\\/?s={search_term_string}\"},\"query-input\":{\"@type\":\"PropertyValueSpecification\",\"valueRequired\":true,\"valueName\":\"search_term_string\"}}],\"inLanguage\":\"es\"},{\"@type\":\"Organization\",\"@id\":\"https:\\\/\\\/infopba247.com.ar\\\/#organization\",\"name\":\"InfoPBA247\",\"url\":\"https:\\\/\\\/infopba247.com.ar\\\/\",\"logo\":{\"@type\":\"ImageObject\",\"inLanguage\":\"es\",\"@id\":\"https:\\\/\\\/infopba247.com.ar\\\/#\\\/schema\\\/logo\\\/image\\\/\",\"url\":\"https:\\\/\\\/infopba247.com.ar\\\/wp-content\\\/uploads\\\/2022\\\/03\\\/cropped-InfoPBA247-1.png\",\"contentUrl\":\"https:\\\/\\\/infopba247.com.ar\\\/wp-content\\\/uploads\\\/2022\\\/03\\\/cropped-InfoPBA247-1.png\",\"width\":500,\"height\":122,\"caption\":\"InfoPBA247\"},\"image\":{\"@id\":\"https:\\\/\\\/infopba247.com.ar\\\/#\\\/schema\\\/logo\\\/image\\\/\"},\"sameAs\":[\"https:\\\/\\\/www.facebook.com\\\/InfoPBA\"]},{\"@type\":\"Person\",\"@id\":\"https:\\\/\\\/infopba247.com.ar\\\/#\\\/schema\\\/person\\\/4975f1343a413e57bf839b3eed0099f2\",\"name\":\"Editor\",\"image\":{\"@type\":\"ImageObject\",\"inLanguage\":\"es\",\"@id\":\"https:\\\/\\\/secure.gravatar.com\\\/avatar\\\/d27fe9520667ca53441d36627a1d6b0fa4a813571ec4803687a7a3a7744685ac?s=96&d=mm&r=g\",\"url\":\"https:\\\/\\\/secure.gravatar.com\\\/avatar\\\/d27fe9520667ca53441d36627a1d6b0fa4a813571ec4803687a7a3a7744685ac?s=96&d=mm&r=g\",\"contentUrl\":\"https:\\\/\\\/secure.gravatar.com\\\/avatar\\\/d27fe9520667ca53441d36627a1d6b0fa4a813571ec4803687a7a3a7744685ac?s=96&d=mm&r=g\",\"caption\":\"Editor\"},\"url\":\"https:\\\/\\\/infopba247.com.ar\\\/index.php\\\/author\\\/editor\\\/\"}]}<\/script>\n<!-- \/ Yoast SEO plugin. -->","yoast_head_json":{"title":"El 21 de septiembre vuelve FU Moreno: el Festival Urbano m\u00e1s grande del Oeste - InfoPBA247","robots":{"index":"index","follow":"follow","max-snippet":"max-snippet:-1","max-image-preview":"max-image-preview:large","max-video-preview":"max-video-preview:-1"},"canonical":"https:\/\/infopba247.com.ar\/index.php\/2024\/08\/29\/el-21-de-septiembre-vuelve-fu-moreno-el-festival-urbano-mas-grande-del-oeste\/","og_locale":"es_ES","og_type":"article","og_title":"El 21 de septiembre vuelve FU Moreno: el Festival Urbano m\u00e1s grande del Oeste - InfoPBA247","og_description":"El pr\u00f3ximo 21 de septiembre, el Municipio de Moreno trae la sexta edici\u00f3n del FU, el Festival Urbano de Moreno.","og_url":"https:\/\/infopba247.com.ar\/index.php\/2024\/08\/29\/el-21-de-septiembre-vuelve-fu-moreno-el-festival-urbano-mas-grande-del-oeste\/","og_site_name":"InfoPBA247","article_publisher":"https:\/\/www.facebook.com\/InfoPBA","article_published_time":"2024-08-29T14:32:35+00:00","article_modified_time":"2024-08-29T14:32:38+00:00","og_image":[{"width":1080,"height":1080,"url":"https:\/\/infopba247.com.ar\/wp-content\/uploads\/2024\/08\/Dillom.jpeg","type":"image\/jpeg"}],"author":"Editor","twitter_card":"summary_large_image","twitter_misc":{"Escrito por":"Editor","Tiempo de lectura":"2 minutos"},"schema":{"@context":"https:\/\/schema.org","@graph":[{"@type":"Article","@id":"https:\/\/infopba247.com.ar\/index.php\/2024\/08\/29\/el-21-de-septiembre-vuelve-fu-moreno-el-festival-urbano-mas-grande-del-oeste\/#article","isPartOf":{"@id":"https:\/\/infopba247.com.ar\/index.php\/2024\/08\/29\/el-21-de-septiembre-vuelve-fu-moreno-el-festival-urbano-mas-grande-del-oeste\/"},"author":{"name":"Editor","@id":"https:\/\/infopba247.com.ar\/#\/schema\/person\/4975f1343a413e57bf839b3eed0099f2"},"headline":"El 21 de septiembre vuelve FU Moreno: el Festival Urbano m\u00e1s grande del Oeste","datePublished":"2024-08-29T14:32:35+00:00","dateModified":"2024-08-29T14:32:38+00:00","mainEntityOfPage":{"@id":"https:\/\/infopba247.com.ar\/index.php\/2024\/08\/29\/el-21-de-septiembre-vuelve-fu-moreno-el-festival-urbano-mas-grande-del-oeste\/"},"wordCount":274,"commentCount":0,"publisher":{"@id":"https:\/\/infopba247.com.ar\/#organization"},"image":{"@id":"https:\/\/infopba247.com.ar\/index.php\/2024\/08\/29\/el-21-de-septiembre-vuelve-fu-moreno-el-festival-urbano-mas-grande-del-oeste\/#primaryimage"},"thumbnailUrl":"https:\/\/infopba247.com.ar\/wp-content\/uploads\/2024\/08\/Dillom.jpeg","articleSection":["1ra Secci\u00f3n","Destacadas","Pol\u00edtica"],"inLanguage":"es","potentialAction":[{"@type":"CommentAction","name":"Comment","target":["https:\/\/infopba247.com.ar\/index.php\/2024\/08\/29\/el-21-de-septiembre-vuelve-fu-moreno-el-festival-urbano-mas-grande-del-oeste\/#respond"]}]},{"@type":"WebPage","@id":"https:\/\/infopba247.com.ar\/index.php\/2024\/08\/29\/el-21-de-septiembre-vuelve-fu-moreno-el-festival-urbano-mas-grande-del-oeste\/","url":"https:\/\/infopba247.com.ar\/index.php\/2024\/08\/29\/el-21-de-septiembre-vuelve-fu-moreno-el-festival-urbano-mas-grande-del-oeste\/","name":"El 21 de septiembre vuelve FU Moreno: el Festival Urbano m\u00e1s grande del Oeste - InfoPBA247","isPartOf":{"@id":"https:\/\/infopba247.com.ar\/#website"},"primaryImageOfPage":{"@id":"https:\/\/infopba247.com.ar\/index.php\/2024\/08\/29\/el-21-de-septiembre-vuelve-fu-moreno-el-festival-urbano-mas-grande-del-oeste\/#primaryimage"},"image":{"@id":"https:\/\/infopba247.com.ar\/index.php\/2024\/08\/29\/el-21-de-septiembre-vuelve-fu-moreno-el-festival-urbano-mas-grande-del-oeste\/#primaryimage"},"thumbnailUrl":"https:\/\/infopba247.com.ar\/wp-content\/uploads\/2024\/08\/Dillom.jpeg","datePublished":"2024-08-29T14:32:35+00:00","dateModified":"2024-08-29T14:32:38+00:00","breadcrumb":{"@id":"https:\/\/infopba247.com.ar\/index.php\/2024\/08\/29\/el-21-de-septiembre-vuelve-fu-moreno-el-festival-urbano-mas-grande-del-oeste\/#breadcrumb"},"inLanguage":"es","potentialAction":[{"@type":"ReadAction","target":["https:\/\/infopba247.com.ar\/index.php\/2024\/08\/29\/el-21-de-septiembre-vuelve-fu-moreno-el-festival-urbano-mas-grande-del-oeste\/"]}]},{"@type":"ImageObject","inLanguage":"es","@id":"https:\/\/infopba247.com.ar\/index.php\/2024\/08\/29\/el-21-de-septiembre-vuelve-fu-moreno-el-festival-urbano-mas-grande-del-oeste\/#primaryimage","url":"https:\/\/infopba247.com.ar\/wp-content\/uploads\/2024\/08\/Dillom.jpeg","contentUrl":"https:\/\/infopba247.com.ar\/wp-content\/uploads\/2024\/08\/Dillom.jpeg","width":1080,"height":1080},{"@type":"BreadcrumbList","@id":"https:\/\/infopba247.com.ar\/index.php\/2024\/08\/29\/el-21-de-septiembre-vuelve-fu-moreno-el-festival-urbano-mas-grande-del-oeste\/#breadcrumb","itemListElement":[{"@type":"ListItem","position":1,"name":"Portada","item":"https:\/\/infopba247.com.ar\/"},{"@type":"ListItem","position":2,"name":"El 21 de septiembre vuelve FU Moreno: el Festival Urbano m\u00e1s grande del Oeste"}]},{"@type":"WebSite","@id":"https:\/\/infopba247.com.ar\/#website","url":"https:\/\/infopba247.com.ar\/","name":"InfoPBA247","description":"Toda la actualidad bonaerense","publisher":{"@id":"https:\/\/infopba247.com.ar\/#organization"},"potentialAction":[{"@type":"SearchAction","target":{"@type":"EntryPoint","urlTemplate":"https:\/\/infopba247.com.ar\/?s={search_term_string}"},"query-input":{"@type":"PropertyValueSpecification","valueRequired":true,"valueName":"search_term_string"}}],"inLanguage":"es"},{"@type":"Organization","@id":"https:\/\/infopba247.com.ar\/#organization","name":"InfoPBA247","url":"https:\/\/infopba247.com.ar\/","logo":{"@type":"ImageObject","inLanguage":"es","@id":"https:\/\/infopba247.com.ar\/#\/schema\/logo\/image\/","url":"https:\/\/infopba247.com.ar\/wp-content\/uploads\/2022\/03\/cropped-InfoPBA247-1.png","contentUrl":"https:\/\/infopba247.com.ar\/wp-content\/uploads\/2022\/03\/cropped-InfoPBA247-1.png","width":500,"height":122,"caption":"InfoPBA247"},"image":{"@id":"https:\/\/infopba247.com.ar\/#\/schema\/logo\/image\/"},"sameAs":["https:\/\/www.facebook.com\/InfoPBA"]},{"@type":"Person","@id":"https:\/\/infopba247.com.ar\/#\/schema\/person\/4975f1343a413e57bf839b3eed0099f2","name":"Editor","image":{"@type":"ImageObject","inLanguage":"es","@id":"https:\/\/secure.gravatar.com\/avatar\/d27fe9520667ca53441d36627a1d6b0fa4a813571ec4803687a7a3a7744685ac?s=96&d=mm&r=g","url":"https:\/\/secure.gravatar.com\/avatar\/d27fe9520667ca53441d36627a1d6b0fa4a813571ec4803687a7a3a7744685ac?s=96&d=mm&r=g","contentUrl":"https:\/\/secure.gravatar.com\/avatar\/d27fe9520667ca53441d36627a1d6b0fa4a813571ec4803687a7a3a7744685ac?s=96&d=mm&r=g","caption":"Editor"},"url":"https:\/\/infopba247.com.ar\/index.php\/author\/editor\/"}]}},"_links":{"self":[{"href":"https:\/\/infopba247.com.ar\/index.php\/wp-json\/wp\/v2\/posts\/4987","targetHints":{"allow":["GET"]}}],"collection":[{"href":"https:\/\/infopba247.com.ar\/index.php\/wp-json\/wp\/v2\/posts"}],"about":[{"href":"https:\/\/infopba247.com.ar\/index.php\/wp-json\/wp\/v2\/types\/post"}],"author":[{"embeddable":true,"href":"https:\/\/infopba247.com.ar\/index.php\/wp-json\/wp\/v2\/users\/3"}],"replies":[{"embeddable":true,"href":"https:\/\/infopba247.com.ar\/index.php\/wp-json\/wp\/v2\/comments?post=4987"}],"version-history":[{"count":1,"href":"https:\/\/infopba247.com.ar\/index.php\/wp-json\/wp\/v2\/posts\/4987\/revisions"}],"predecessor-version":[{"id":4988,"href":"https:\/\/infopba247.com.ar\/index.php\/wp-json\/wp\/v2\/posts\/4987\/revisions\/4988"}],"wp:featuredmedia":[{"embeddable":true,"href":"https:\/\/infopba247.com.ar\/index.php\/wp-json\/wp\/v2\/media\/4978"}],"wp:attachment":[{"href":"https:\/\/infopba247.com.ar\/index.php\/wp-json\/wp\/v2\/media?parent=4987"}],"wp:term":[{"taxonomy":"category","embeddable":true,"href":"https:\/\/infopba247.com.ar\/index.php\/wp-json\/wp\/v2\/categories?post=4987"},{"taxonomy":"post_tag","embeddable":true,"href":"https:\/\/infopba247.com.ar\/index.php\/wp-json\/wp\/v2\/tags?post=4987"}],"curies":[{"name":"wp","href":"https:\/\/api.w.org\/{rel}","templated":true}]}}