{"id":4977,"date":"2024-08-29T11:30:11","date_gmt":"2024-08-29T14:30:11","guid":{"rendered":"https:\/\/infopba247.com.ar\/?p=4977"},"modified":"2024-08-29T11:30:13","modified_gmt":"2024-08-29T14:30:13","slug":"martinez-reunio-a-referentes-del-agro-y-la-educacion-para-impulsar-el-desarrollo-de-rivadavia","status":"publish","type":"post","link":"https:\/\/infopba247.com.ar\/index.php\/2024\/08\/29\/martinez-reunio-a-referentes-del-agro-y-la-educacion-para-impulsar-el-desarrollo-de-rivadavia\/","title":{"rendered":"Martinez reuni\u00f3 a referentes del Agro y la Educaci\u00f3n para impulsar el Desarrollo de Rivadavia"},"content":{"rendered":"\n<p>En la sede de CARPAB en Buenos Aires, el Intendente de Rivadavia y vicepresidente del CEFER, Juanci Mart\u00ednez, acompa\u00f1\u00f3 al profesor Alberto Orga en la firma de un convenio con el Instituto Interamericano de Cooperaci\u00f3n para la Agricultura (IICA), representado por el brasile\u00f1o Fernando Camargo.<\/p>\n\n\n\n<p>\u201cEste convenio nos va a brindar la posibilidad de potenciar el trabajo p\u00fablico privado del CEFER, en pos del desarrollo de nuestra producci\u00f3n, que redundar\u00e1 en crecimiento para el distrito con m\u00e1s y mejor inversi\u00f3n\u201d, explic\u00f3 el Intendente.&nbsp;<\/p>\n\n\n\n<p>\u201cAgradezco al presidente de CARBAP, Ignacio Kovarsky, por recibirnos, y a la Mesa de Agronom\u00eda representada por Juan Soldano, Germ\u00e1n Weiss, Daniel Trasmonte y Gustavo Duarte, por su apoyo y empuje para la realizaci\u00f3n de este tipo de proyectos que fortalecen a nuestro distrito\u201d, agreg\u00f3.<\/p>\n\n\n\n<p>Mart\u00ednez destac\u00f3 la presencia de Sebasti\u00e1n Galmarini, director del Banco Provincia de Buenos Aires; Juan Molina Hafford, director del INTA, Roberto Benech Arnold, director de la carrera de Agronomia (UBA), Felipe Vega Terra, director del CBC de la UBA; Carlos Venancio, Decano de la Facultad de Arquitectura, Dise\u00f1o y Urbanismo (UBA), Guillermo Dur\u00e1n, Decano de la Facultad de Ciencias Exactas y Naturales (UBA); Eber Pires, presidente de la Sociedad Rural de Rivadavia, y Diego Rotili, director de Am\u00e9rica Agroinnova, Diego Rotili.<\/p>\n\n\n\n<p>\u00bfQu\u00e9 es el IICA?<\/p>\n\n\n\n<p>El Instituto Interamericano de Cooperaci\u00f3n para la Agricultura (IICA) es el organismo especializado en agricultura del Sistema Interamericano que apoya los esfuerzos de los Estados Miembros para lograr el desarrollo agr\u00edcola y el bienestar rural.<\/p>\n\n\n\n<p>Brinda cooperaci\u00f3n mediante el trabajo cercano y permanente con nuestros 34 Estados Miembros, cuyas necesidades atendemos oportunamente. Sin duda alguna, nuestro activo m\u00e1s valioso es la estrecha relaci\u00f3n que mantenemos con los beneficiarios de nuestro trabajo. Contamos con vasta experiencia en temas como tecnolog\u00eda e innovaci\u00f3n para la agricultura, sanidad agropecuaria, calidad e inocuidad de los alimentos, comercio agropecuario internacional, agricultura familiar, desarrollo rural, gesti\u00f3n de los recursos naturales y bioeconom\u00eda.<\/p>\n","protected":false},"excerpt":{"rendered":"<p>En la sede de CARPAB en Buenos Aires, el Intendente de Rivadavia y vicepresidente del CEFER, Juanci Mart\u00ednez, acompa\u00f1\u00f3 al<\/p>\n","protected":false},"author":3,"featured_media":4979,"comment_status":"open","ping_status":"open","sticky":false,"template":"","format":"standard","meta":{"colormag_page_container_layout":"default_layout","colormag_page_sidebar_layout":"default_layout","footnotes":""},"categories":[8,1,14],"tags":[],"class_list":["post-4977","post","type-post","status-publish","format-standard","has-post-thumbnail","hentry","category-4ta-seccion","category-destacadas","category-politica"],"yoast_head":"<!-- This site is optimized with the Yoast SEO plugin v27.4 - https:\/\/yoast.com\/product\/yoast-seo-wordpress\/ -->\n<title>Martinez reuni\u00f3 a referentes del Agro y la Educaci\u00f3n para impulsar el Desarrollo de Rivadavia - InfoPBA247<\/title>\n<meta name=\"robots\" content=\"index, follow, max-snippet:-1, max-image-preview:large, max-video-preview:-1\" \/>\n<link rel=\"canonical\" href=\"https:\/\/infopba247.com.ar\/index.php\/2024\/08\/29\/martinez-reunio-a-referentes-del-agro-y-la-educacion-para-impulsar-el-desarrollo-de-rivadavia\/\" \/>\n<meta property=\"og:locale\" content=\"es_ES\" \/>\n<meta property=\"og:type\" content=\"article\" \/>\n<meta property=\"og:title\" content=\"Martinez reuni\u00f3 a referentes del Agro y la Educaci\u00f3n para impulsar el Desarrollo de Rivadavia - InfoPBA247\" \/>\n<meta property=\"og:description\" content=\"En la sede de CARPAB en Buenos Aires, el Intendente de Rivadavia y vicepresidente del CEFER, Juanci Mart\u00ednez, acompa\u00f1\u00f3 al\" \/>\n<meta property=\"og:url\" content=\"https:\/\/infopba247.com.ar\/index.php\/2024\/08\/29\/martinez-reunio-a-referentes-del-agro-y-la-educacion-para-impulsar-el-desarrollo-de-rivadavia\/\" \/>\n<meta property=\"og:site_name\" content=\"InfoPBA247\" \/>\n<meta property=\"article:publisher\" content=\"https:\/\/www.facebook.com\/InfoPBA\" \/>\n<meta property=\"article:published_time\" content=\"2024-08-29T14:30:11+00:00\" \/>\n<meta property=\"article:modified_time\" content=\"2024-08-29T14:30:13+00:00\" \/>\n<meta property=\"og:image\" content=\"https:\/\/infopba247.com.ar\/wp-content\/uploads\/2024\/08\/IMG-20240826-WA0104-1024x683-1.jpg\" \/>\n\t<meta property=\"og:image:width\" content=\"1024\" \/>\n\t<meta property=\"og:image:height\" content=\"683\" \/>\n\t<meta property=\"og:image:type\" content=\"image\/jpeg\" \/>\n<meta name=\"author\" content=\"Editor\" \/>\n<meta name=\"twitter:card\" content=\"summary_large_image\" \/>\n<meta name=\"twitter:label1\" content=\"Escrito por\" \/>\n\t<meta name=\"twitter:data1\" content=\"Editor\" \/>\n\t<meta name=\"twitter:label2\" content=\"Tiempo de lectura\" \/>\n\t<meta name=\"twitter:data2\" content=\"2 minutos\" \/>\n<script type=\"application\/ld+json\" class=\"yoast-schema-graph\">{\"@context\":\"https:\\\/\\\/schema.org\",\"@graph\":[{\"@type\":\"Article\",\"@id\":\"https:\\\/\\\/infopba247.com.ar\\\/index.php\\\/2024\\\/08\\\/29\\\/martinez-reunio-a-referentes-del-agro-y-la-educacion-para-impulsar-el-desarrollo-de-rivadavia\\\/#article\",\"isPartOf\":{\"@id\":\"https:\\\/\\\/infopba247.com.ar\\\/index.php\\\/2024\\\/08\\\/29\\\/martinez-reunio-a-referentes-del-agro-y-la-educacion-para-impulsar-el-desarrollo-de-rivadavia\\\/\"},\"author\":{\"name\":\"Editor\",\"@id\":\"https:\\\/\\\/infopba247.com.ar\\\/#\\\/schema\\\/person\\\/4975f1343a413e57bf839b3eed0099f2\"},\"headline\":\"Martinez reuni\u00f3 a referentes del Agro y la Educaci\u00f3n para impulsar el Desarrollo de Rivadavia\",\"datePublished\":\"2024-08-29T14:30:11+00:00\",\"dateModified\":\"2024-08-29T14:30:13+00:00\",\"mainEntityOfPage\":{\"@id\":\"https:\\\/\\\/infopba247.com.ar\\\/index.php\\\/2024\\\/08\\\/29\\\/martinez-reunio-a-referentes-del-agro-y-la-educacion-para-impulsar-el-desarrollo-de-rivadavia\\\/\"},\"wordCount\":359,\"commentCount\":0,\"publisher\":{\"@id\":\"https:\\\/\\\/infopba247.com.ar\\\/#organization\"},\"image\":{\"@id\":\"https:\\\/\\\/infopba247.com.ar\\\/index.php\\\/2024\\\/08\\\/29\\\/martinez-reunio-a-referentes-del-agro-y-la-educacion-para-impulsar-el-desarrollo-de-rivadavia\\\/#primaryimage\"},\"thumbnailUrl\":\"https:\\\/\\\/infopba247.com.ar\\\/wp-content\\\/uploads\\\/2024\\\/08\\\/IMG-20240826-WA0104-1024x683-1.jpg\",\"articleSection\":[\"4ta Secci\u00f3n\",\"Destacadas\",\"Pol\u00edtica\"],\"inLanguage\":\"es\",\"potentialAction\":[{\"@type\":\"CommentAction\",\"name\":\"Comment\",\"target\":[\"https:\\\/\\\/infopba247.com.ar\\\/index.php\\\/2024\\\/08\\\/29\\\/martinez-reunio-a-referentes-del-agro-y-la-educacion-para-impulsar-el-desarrollo-de-rivadavia\\\/#respond\"]}]},{\"@type\":\"WebPage\",\"@id\":\"https:\\\/\\\/infopba247.com.ar\\\/index.php\\\/2024\\\/08\\\/29\\\/martinez-reunio-a-referentes-del-agro-y-la-educacion-para-impulsar-el-desarrollo-de-rivadavia\\\/\",\"url\":\"https:\\\/\\\/infopba247.com.ar\\\/index.php\\\/2024\\\/08\\\/29\\\/martinez-reunio-a-referentes-del-agro-y-la-educacion-para-impulsar-el-desarrollo-de-rivadavia\\\/\",\"name\":\"Martinez reuni\u00f3 a referentes del Agro y la Educaci\u00f3n para impulsar el Desarrollo de Rivadavia - InfoPBA247\",\"isPartOf\":{\"@id\":\"https:\\\/\\\/infopba247.com.ar\\\/#website\"},\"primaryImageOfPage\":{\"@id\":\"https:\\\/\\\/infopba247.com.ar\\\/index.php\\\/2024\\\/08\\\/29\\\/martinez-reunio-a-referentes-del-agro-y-la-educacion-para-impulsar-el-desarrollo-de-rivadavia\\\/#primaryimage\"},\"image\":{\"@id\":\"https:\\\/\\\/infopba247.com.ar\\\/index.php\\\/2024\\\/08\\\/29\\\/martinez-reunio-a-referentes-del-agro-y-la-educacion-para-impulsar-el-desarrollo-de-rivadavia\\\/#primaryimage\"},\"thumbnailUrl\":\"https:\\\/\\\/infopba247.com.ar\\\/wp-content\\\/uploads\\\/2024\\\/08\\\/IMG-20240826-WA0104-1024x683-1.jpg\",\"datePublished\":\"2024-08-29T14:30:11+00:00\",\"dateModified\":\"2024-08-29T14:30:13+00:00\",\"breadcrumb\":{\"@id\":\"https:\\\/\\\/infopba247.com.ar\\\/index.php\\\/2024\\\/08\\\/29\\\/martinez-reunio-a-referentes-del-agro-y-la-educacion-para-impulsar-el-desarrollo-de-rivadavia\\\/#breadcrumb\"},\"inLanguage\":\"es\",\"potentialAction\":[{\"@type\":\"ReadAction\",\"target\":[\"https:\\\/\\\/infopba247.com.ar\\\/index.php\\\/2024\\\/08\\\/29\\\/martinez-reunio-a-referentes-del-agro-y-la-educacion-para-impulsar-el-desarrollo-de-rivadavia\\\/\"]}]},{\"@type\":\"ImageObject\",\"inLanguage\":\"es\",\"@id\":\"https:\\\/\\\/infopba247.com.ar\\\/index.php\\\/2024\\\/08\\\/29\\\/martinez-reunio-a-referentes-del-agro-y-la-educacion-para-impulsar-el-desarrollo-de-rivadavia\\\/#primaryimage\",\"url\":\"https:\\\/\\\/infopba247.com.ar\\\/wp-content\\\/uploads\\\/2024\\\/08\\\/IMG-20240826-WA0104-1024x683-1.jpg\",\"contentUrl\":\"https:\\\/\\\/infopba247.com.ar\\\/wp-content\\\/uploads\\\/2024\\\/08\\\/IMG-20240826-WA0104-1024x683-1.jpg\",\"width\":1024,\"height\":683},{\"@type\":\"BreadcrumbList\",\"@id\":\"https:\\\/\\\/infopba247.com.ar\\\/index.php\\\/2024\\\/08\\\/29\\\/martinez-reunio-a-referentes-del-agro-y-la-educacion-para-impulsar-el-desarrollo-de-rivadavia\\\/#breadcrumb\",\"itemListElement\":[{\"@type\":\"ListItem\",\"position\":1,\"name\":\"Portada\",\"item\":\"https:\\\/\\\/infopba247.com.ar\\\/\"},{\"@type\":\"ListItem\",\"position\":2,\"name\":\"Martinez reuni\u00f3 a referentes del Agro y la Educaci\u00f3n para impulsar el Desarrollo de Rivadavia\"}]},{\"@type\":\"WebSite\",\"@id\":\"https:\\\/\\\/infopba247.com.ar\\\/#website\",\"url\":\"https:\\\/\\\/infopba247.com.ar\\\/\",\"name\":\"InfoPBA247\",\"description\":\"Toda la actualidad bonaerense\",\"publisher\":{\"@id\":\"https:\\\/\\\/infopba247.com.ar\\\/#organization\"},\"potentialAction\":[{\"@type\":\"SearchAction\",\"target\":{\"@type\":\"EntryPoint\",\"urlTemplate\":\"https:\\\/\\\/infopba247.com.ar\\\/?s={search_term_string}\"},\"query-input\":{\"@type\":\"PropertyValueSpecification\",\"valueRequired\":true,\"valueName\":\"search_term_string\"}}],\"inLanguage\":\"es\"},{\"@type\":\"Organization\",\"@id\":\"https:\\\/\\\/infopba247.com.ar\\\/#organization\",\"name\":\"InfoPBA247\",\"url\":\"https:\\\/\\\/infopba247.com.ar\\\/\",\"logo\":{\"@type\":\"ImageObject\",\"inLanguage\":\"es\",\"@id\":\"https:\\\/\\\/infopba247.com.ar\\\/#\\\/schema\\\/logo\\\/image\\\/\",\"url\":\"https:\\\/\\\/infopba247.com.ar\\\/wp-content\\\/uploads\\\/2022\\\/03\\\/cropped-InfoPBA247-1.png\",\"contentUrl\":\"https:\\\/\\\/infopba247.com.ar\\\/wp-content\\\/uploads\\\/2022\\\/03\\\/cropped-InfoPBA247-1.png\",\"width\":500,\"height\":122,\"caption\":\"InfoPBA247\"},\"image\":{\"@id\":\"https:\\\/\\\/infopba247.com.ar\\\/#\\\/schema\\\/logo\\\/image\\\/\"},\"sameAs\":[\"https:\\\/\\\/www.facebook.com\\\/InfoPBA\"]},{\"@type\":\"Person\",\"@id\":\"https:\\\/\\\/infopba247.com.ar\\\/#\\\/schema\\\/person\\\/4975f1343a413e57bf839b3eed0099f2\",\"name\":\"Editor\",\"image\":{\"@type\":\"ImageObject\",\"inLanguage\":\"es\",\"@id\":\"https:\\\/\\\/secure.gravatar.com\\\/avatar\\\/d27fe9520667ca53441d36627a1d6b0fa4a813571ec4803687a7a3a7744685ac?s=96&d=mm&r=g\",\"url\":\"https:\\\/\\\/secure.gravatar.com\\\/avatar\\\/d27fe9520667ca53441d36627a1d6b0fa4a813571ec4803687a7a3a7744685ac?s=96&d=mm&r=g\",\"contentUrl\":\"https:\\\/\\\/secure.gravatar.com\\\/avatar\\\/d27fe9520667ca53441d36627a1d6b0fa4a813571ec4803687a7a3a7744685ac?s=96&d=mm&r=g\",\"caption\":\"Editor\"},\"url\":\"https:\\\/\\\/infopba247.com.ar\\\/index.php\\\/author\\\/editor\\\/\"}]}<\/script>\n<!-- \/ Yoast SEO plugin. -->","yoast_head_json":{"title":"Martinez reuni\u00f3 a referentes del Agro y la Educaci\u00f3n para impulsar el Desarrollo de Rivadavia - InfoPBA247","robots":{"index":"index","follow":"follow","max-snippet":"max-snippet:-1","max-image-preview":"max-image-preview:large","max-video-preview":"max-video-preview:-1"},"canonical":"https:\/\/infopba247.com.ar\/index.php\/2024\/08\/29\/martinez-reunio-a-referentes-del-agro-y-la-educacion-para-impulsar-el-desarrollo-de-rivadavia\/","og_locale":"es_ES","og_type":"article","og_title":"Martinez reuni\u00f3 a referentes del Agro y la Educaci\u00f3n para impulsar el Desarrollo de Rivadavia - InfoPBA247","og_description":"En la sede de CARPAB en Buenos Aires, el Intendente de Rivadavia y vicepresidente del CEFER, Juanci Mart\u00ednez, acompa\u00f1\u00f3 al","og_url":"https:\/\/infopba247.com.ar\/index.php\/2024\/08\/29\/martinez-reunio-a-referentes-del-agro-y-la-educacion-para-impulsar-el-desarrollo-de-rivadavia\/","og_site_name":"InfoPBA247","article_publisher":"https:\/\/www.facebook.com\/InfoPBA","article_published_time":"2024-08-29T14:30:11+00:00","article_modified_time":"2024-08-29T14:30:13+00:00","og_image":[{"width":1024,"height":683,"url":"https:\/\/infopba247.com.ar\/wp-content\/uploads\/2024\/08\/IMG-20240826-WA0104-1024x683-1.jpg","type":"image\/jpeg"}],"author":"Editor","twitter_card":"summary_large_image","twitter_misc":{"Escrito por":"Editor","Tiempo de lectura":"2 minutos"},"schema":{"@context":"https:\/\/schema.org","@graph":[{"@type":"Article","@id":"https:\/\/infopba247.com.ar\/index.php\/2024\/08\/29\/martinez-reunio-a-referentes-del-agro-y-la-educacion-para-impulsar-el-desarrollo-de-rivadavia\/#article","isPartOf":{"@id":"https:\/\/infopba247.com.ar\/index.php\/2024\/08\/29\/martinez-reunio-a-referentes-del-agro-y-la-educacion-para-impulsar-el-desarrollo-de-rivadavia\/"},"author":{"name":"Editor","@id":"https:\/\/infopba247.com.ar\/#\/schema\/person\/4975f1343a413e57bf839b3eed0099f2"},"headline":"Martinez reuni\u00f3 a referentes del Agro y la Educaci\u00f3n para impulsar el Desarrollo de Rivadavia","datePublished":"2024-08-29T14:30:11+00:00","dateModified":"2024-08-29T14:30:13+00:00","mainEntityOfPage":{"@id":"https:\/\/infopba247.com.ar\/index.php\/2024\/08\/29\/martinez-reunio-a-referentes-del-agro-y-la-educacion-para-impulsar-el-desarrollo-de-rivadavia\/"},"wordCount":359,"commentCount":0,"publisher":{"@id":"https:\/\/infopba247.com.ar\/#organization"},"image":{"@id":"https:\/\/infopba247.com.ar\/index.php\/2024\/08\/29\/martinez-reunio-a-referentes-del-agro-y-la-educacion-para-impulsar-el-desarrollo-de-rivadavia\/#primaryimage"},"thumbnailUrl":"https:\/\/infopba247.com.ar\/wp-content\/uploads\/2024\/08\/IMG-20240826-WA0104-1024x683-1.jpg","articleSection":["4ta Secci\u00f3n","Destacadas","Pol\u00edtica"],"inLanguage":"es","potentialAction":[{"@type":"CommentAction","name":"Comment","target":["https:\/\/infopba247.com.ar\/index.php\/2024\/08\/29\/martinez-reunio-a-referentes-del-agro-y-la-educacion-para-impulsar-el-desarrollo-de-rivadavia\/#respond"]}]},{"@type":"WebPage","@id":"https:\/\/infopba247.com.ar\/index.php\/2024\/08\/29\/martinez-reunio-a-referentes-del-agro-y-la-educacion-para-impulsar-el-desarrollo-de-rivadavia\/","url":"https:\/\/infopba247.com.ar\/index.php\/2024\/08\/29\/martinez-reunio-a-referentes-del-agro-y-la-educacion-para-impulsar-el-desarrollo-de-rivadavia\/","name":"Martinez reuni\u00f3 a referentes del Agro y la Educaci\u00f3n para impulsar el Desarrollo de Rivadavia - InfoPBA247","isPartOf":{"@id":"https:\/\/infopba247.com.ar\/#website"},"primaryImageOfPage":{"@id":"https:\/\/infopba247.com.ar\/index.php\/2024\/08\/29\/martinez-reunio-a-referentes-del-agro-y-la-educacion-para-impulsar-el-desarrollo-de-rivadavia\/#primaryimage"},"image":{"@id":"https:\/\/infopba247.com.ar\/index.php\/2024\/08\/29\/martinez-reunio-a-referentes-del-agro-y-la-educacion-para-impulsar-el-desarrollo-de-rivadavia\/#primaryimage"},"thumbnailUrl":"https:\/\/infopba247.com.ar\/wp-content\/uploads\/2024\/08\/IMG-20240826-WA0104-1024x683-1.jpg","datePublished":"2024-08-29T14:30:11+00:00","dateModified":"2024-08-29T14:30:13+00:00","breadcrumb":{"@id":"https:\/\/infopba247.com.ar\/index.php\/2024\/08\/29\/martinez-reunio-a-referentes-del-agro-y-la-educacion-para-impulsar-el-desarrollo-de-rivadavia\/#breadcrumb"},"inLanguage":"es","potentialAction":[{"@type":"ReadAction","target":["https:\/\/infopba247.com.ar\/index.php\/2024\/08\/29\/martinez-reunio-a-referentes-del-agro-y-la-educacion-para-impulsar-el-desarrollo-de-rivadavia\/"]}]},{"@type":"ImageObject","inLanguage":"es","@id":"https:\/\/infopba247.com.ar\/index.php\/2024\/08\/29\/martinez-reunio-a-referentes-del-agro-y-la-educacion-para-impulsar-el-desarrollo-de-rivadavia\/#primaryimage","url":"https:\/\/infopba247.com.ar\/wp-content\/uploads\/2024\/08\/IMG-20240826-WA0104-1024x683-1.jpg","contentUrl":"https:\/\/infopba247.com.ar\/wp-content\/uploads\/2024\/08\/IMG-20240826-WA0104-1024x683-1.jpg","width":1024,"height":683},{"@type":"BreadcrumbList","@id":"https:\/\/infopba247.com.ar\/index.php\/2024\/08\/29\/martinez-reunio-a-referentes-del-agro-y-la-educacion-para-impulsar-el-desarrollo-de-rivadavia\/#breadcrumb","itemListElement":[{"@type":"ListItem","position":1,"name":"Portada","item":"https:\/\/infopba247.com.ar\/"},{"@type":"ListItem","position":2,"name":"Martinez reuni\u00f3 a referentes del Agro y la Educaci\u00f3n para impulsar el Desarrollo de Rivadavia"}]},{"@type":"WebSite","@id":"https:\/\/infopba247.com.ar\/#website","url":"https:\/\/infopba247.com.ar\/","name":"InfoPBA247","description":"Toda la actualidad bonaerense","publisher":{"@id":"https:\/\/infopba247.com.ar\/#organization"},"potentialAction":[{"@type":"SearchAction","target":{"@type":"EntryPoint","urlTemplate":"https:\/\/infopba247.com.ar\/?s={search_term_string}"},"query-input":{"@type":"PropertyValueSpecification","valueRequired":true,"valueName":"search_term_string"}}],"inLanguage":"es"},{"@type":"Organization","@id":"https:\/\/infopba247.com.ar\/#organization","name":"InfoPBA247","url":"https:\/\/infopba247.com.ar\/","logo":{"@type":"ImageObject","inLanguage":"es","@id":"https:\/\/infopba247.com.ar\/#\/schema\/logo\/image\/","url":"https:\/\/infopba247.com.ar\/wp-content\/uploads\/2022\/03\/cropped-InfoPBA247-1.png","contentUrl":"https:\/\/infopba247.com.ar\/wp-content\/uploads\/2022\/03\/cropped-InfoPBA247-1.png","width":500,"height":122,"caption":"InfoPBA247"},"image":{"@id":"https:\/\/infopba247.com.ar\/#\/schema\/logo\/image\/"},"sameAs":["https:\/\/www.facebook.com\/InfoPBA"]},{"@type":"Person","@id":"https:\/\/infopba247.com.ar\/#\/schema\/person\/4975f1343a413e57bf839b3eed0099f2","name":"Editor","image":{"@type":"ImageObject","inLanguage":"es","@id":"https:\/\/secure.gravatar.com\/avatar\/d27fe9520667ca53441d36627a1d6b0fa4a813571ec4803687a7a3a7744685ac?s=96&d=mm&r=g","url":"https:\/\/secure.gravatar.com\/avatar\/d27fe9520667ca53441d36627a1d6b0fa4a813571ec4803687a7a3a7744685ac?s=96&d=mm&r=g","contentUrl":"https:\/\/secure.gravatar.com\/avatar\/d27fe9520667ca53441d36627a1d6b0fa4a813571ec4803687a7a3a7744685ac?s=96&d=mm&r=g","caption":"Editor"},"url":"https:\/\/infopba247.com.ar\/index.php\/author\/editor\/"}]}},"_links":{"self":[{"href":"https:\/\/infopba247.com.ar\/index.php\/wp-json\/wp\/v2\/posts\/4977","targetHints":{"allow":["GET"]}}],"collection":[{"href":"https:\/\/infopba247.com.ar\/index.php\/wp-json\/wp\/v2\/posts"}],"about":[{"href":"https:\/\/infopba247.com.ar\/index.php\/wp-json\/wp\/v2\/types\/post"}],"author":[{"embeddable":true,"href":"https:\/\/infopba247.com.ar\/index.php\/wp-json\/wp\/v2\/users\/3"}],"replies":[{"embeddable":true,"href":"https:\/\/infopba247.com.ar\/index.php\/wp-json\/wp\/v2\/comments?post=4977"}],"version-history":[{"count":1,"href":"https:\/\/infopba247.com.ar\/index.php\/wp-json\/wp\/v2\/posts\/4977\/revisions"}],"predecessor-version":[{"id":4982,"href":"https:\/\/infopba247.com.ar\/index.php\/wp-json\/wp\/v2\/posts\/4977\/revisions\/4982"}],"wp:featuredmedia":[{"embeddable":true,"href":"https:\/\/infopba247.com.ar\/index.php\/wp-json\/wp\/v2\/media\/4979"}],"wp:attachment":[{"href":"https:\/\/infopba247.com.ar\/index.php\/wp-json\/wp\/v2\/media?parent=4977"}],"wp:term":[{"taxonomy":"category","embeddable":true,"href":"https:\/\/infopba247.com.ar\/index.php\/wp-json\/wp\/v2\/categories?post=4977"},{"taxonomy":"post_tag","embeddable":true,"href":"https:\/\/infopba247.com.ar\/index.php\/wp-json\/wp\/v2\/tags?post=4977"}],"curies":[{"name":"wp","href":"https:\/\/api.w.org\/{rel}","templated":true}]}}