{"id":496,"date":"2022-07-15T13:01:09","date_gmt":"2022-07-15T13:01:09","guid":{"rendered":"https:\/\/infopba247.com.ar\/?p=496"},"modified":"2022-07-15T13:01:09","modified_gmt":"2022-07-15T13:01:09","slug":"feria-finde-en-la-plata-y-mucho-mas-la-agenda-de-la-primera-semana-de-vacaciones-de-invierno-en-la-provincia","status":"publish","type":"post","link":"https:\/\/infopba247.com.ar\/index.php\/2022\/07\/15\/feria-finde-en-la-plata-y-mucho-mas-la-agenda-de-la-primera-semana-de-vacaciones-de-invierno-en-la-provincia\/","title":{"rendered":"Feria Finde en La Plata y mucho m\u00e1s: la agenda de la primera semana de vacaciones de invierno en la Provincia"},"content":{"rendered":"\n<p>La primera semana del receso invernal tendr\u00e1 una variada agenda de actividades en los destinos de la Provincia. Balcarce realizar\u00e1 la Fiesta Nacional del Postre; Tandil, el Festival de la Sierra; Pilar, la Fiesta del Locro; Villa Gesell, el Invierno Medieval; Mercedes, el Paseo del Vino; Berazategui, el Festival de Jazz y en La Plata se har\u00e1 la Feria Finde.<\/p>\n\n\n\n<p>Agenda cultural de la primera semana de vacaciones de invierno<br>FIESTAS POPULARES<br>\u2013 BALCARCE<br>18\u00ba Fiesta Nacional del Postre Balcarce<br>Fecha, hora y lugar: Desde el viernes 15 hasta el domingo 17, a partir de las 11:00, en el Predio Ferial de la Escuela T\u00e9cnica N\u00ba 1.<br>Descripci\u00f3n: Habr\u00e1 cocina en vivo, espect\u00e1culos musicales con bandas locales, paseo gastron\u00f3mico y de artesan\u00edas, juegos para ni\u00f1os, se crear\u00e1 el postre m\u00e1s largo del mundo, y participar\u00e1n cocineras y cocineros reconocidos a nivel nacional: Christophe Krywonis, Mauricio Asta, Estefi Colombo y Roc\u00edo Espinillo. Entrada libre y gratuita. Organiza la Municipalidad de Balcarce con el apoyo de la Subsecretar\u00eda de Turismo del Ministerio de Producci\u00f3n, Ciencia e Innovaci\u00f3n Tecnol\u00f3gica de la Provincia de Buenos Aires, el Consejo Federal de Inversiones y comercios locales.<br>M\u00e1s informaci\u00f3n: Subsecretar\u00eda de Turismo de Balcarce \u2013 www.facebook.com\/subsecretariadeturismo.balcarce \u2013 www.instagram.com\/turismobalcarce<\/p>\n\n\n\n<p>\u2013 PELLEGRINI<br>115\u00ba Aniversario del Distrito de Pellegrini<br>Fecha, hora y lugar: S\u00e1bado 16, domingo 17 y mi\u00e9rcoles 20, en diferentes horarios y espacios de la ciudad.<br>Descripci\u00f3n: 5\u00ba Concurso Nacional de Asado al Asador, celebraci\u00f3n de Nuestra Se\u00f1ora del Carmen, gran desfile c\u00edvico, feria de artesanos, espect\u00e1culo musical con artistas locales, presentaci\u00f3n de la Banda Militar de Pig\u00fc\u00e9, acto protocolar, almuerzo popular en el Complejo Polideportivo y elecci\u00f3n del Embajador\/a del Distrito. Las actividades continuar\u00e1n los d\u00edas 24, 30 y 31 de julio. Organiza la Municipalidad de Pellegrini.<br>M\u00e1s informaci\u00f3n: Municipalidad de Pellegrini \u2013 www.facebook.com\/municipiodepellegrini -www.instagram.com\/municipio_de_pellegrini<\/p>\n\n\n\n<p>\u2013 VILLA GESELL (Mar Azul)<br>6\u00ba Invierno Medieval<br>Fecha, hora y lugar: Del s\u00e1bado 16 al lunes 18, de 11:00 a 17:00, en la Plaza del Bosque, Copacabana e\/ 45 y Punta del Este de Mar Azul.<br>Descripci\u00f3n: Experiencia donde la ficci\u00f3n se hace realidad en un entorno de bosques y naturaleza: combates medievales, personajes de series y pel\u00edculas, arquer\u00eda para toda la familia, artesan\u00edas de la edad media, m\u00fasica Celta en vivo, concurso de Cosplay y lectura de runas. Adem\u00e1s funcionar\u00e1 una aldea medieval con espect\u00e1culos tribales, danzas a\u00e9reas, danzas \u00e9lficas, acrobacias y m\u00fasica en vivo. Programaci\u00f3n en www.gesell.tur.ar\/eventos<br>El Invierno Medieval continuar\u00e1 del 22 al 25 y del 29 al 31 de julio. Entrada libre y gratuita. Organiza la Municipalidad de Villa Gesell.<br>M\u00e1s informaci\u00f3n: Secretar\u00eda de Turismo de Villa Gesell \u2013 www.facebook.com\/turismovillagesell \u2013 www.instagram.com\/villageselltur<\/p>\n\n\n\n<p>\u2013 PILAR (Zelaya)<br>5\u00ba Fiesta del Locro<br>Fecha, hora y lugar: Domingo 17, de 10:00 a 16:00, en Vicente Arroyo 800, localidad de Zelaya.<br>Descripci\u00f3n: Espect\u00e1culos folkl\u00f3ricos en vivo, paseo de artesanos, gastronom\u00eda y Gran Concurso, donde cocineros y cocineras competir\u00e1n por la elaboraci\u00f3n del mejor locro. La Direcci\u00f3n de Turismo local pondr\u00e1 a disposici\u00f3n dos colectivos que saldr\u00e1n, a las 10:00, desde la plaza principal -Bol\u00edvar e Ituzaing\u00f3-, con regreso pautado para las 17:00. Inscripciones al (11) 5238-6864. Entrada libre y gratuita. Organiza la Municipalidad de Pilar.<br>M\u00e1s informaci\u00f3n: Direcci\u00f3n de Turismo de Pilar \u2013 www.facebook.com\/turismopilar \u2013 www.instagram.com\/pilarturismo<\/p>\n\n\n\n<p>\u2013 BARADERO (Villa Alsina)<br>Fiesta del Locro y la Empanada<br>Fecha, hora y lugar: Domingo 17, desde las 10:00, en el Predio de la Estaci\u00f3n Alsina, RN\u00ba 9, km 127. Festividad prevista para el 9 de julio, reprogramada por cuestiones clim\u00e1ticas adversas.<br>Descripci\u00f3n: Se podr\u00e1n degustar el tradicional locro y las t\u00edpicas empanadas caseras y disfrutar de espect\u00e1culos musicales con la presentaci\u00f3n de Grupo x3, Helena Muzzio, PaliGround y Rejuntados. Adem\u00e1s, feria de artesanos y emprendedores locales. Entrada gratuita. Organiza las instituciones de Villa Alsina con el apoyo del Municipio de Baradero.<br>M\u00e1s informaci\u00f3n: Direcci\u00f3n de Turismo de Baradero \u2013 www.instagram.com\/municipiobaradero \u2013 www.facebook.com\/direccionturismobaradero \u2013 www.facebook.com\/9dejulioenalsina<\/p>\n\n\n\n<p>\u2013 TANDIL<br>38\u00ba Festival de la Sierra<br>Fecha, hora y lugar: Desde el mi\u00e9rcoles 20 hasta el s\u00e1bado 23 en el Club Uni\u00f3n y Progreso, Quintana 450.<br>Descripci\u00f3n: Danzas folkl\u00f3ricas con competencia en tres categor\u00edas: infantil, mayores y adultos. Pueden participar academias y agrupaciones folcl\u00f3ricas de todo el pa\u00eds. Entrada arancelada. Organizado por la Pe\u00f1a Tradicionalista El Cielito con el auspicio de la Municipalidad de Tandil.<br>M\u00e1s informaci\u00f3n: www.facebook.com\/ElcielitoOficial\/posts\/5325932014168047 \u2013 Direcci\u00f3n de Turismo de Tandil \u2013 www.facebook.com\/TurismoTDL \u2013 www.instagram.com\/tandilturismooficial<\/p>\n\n\n\n<p>EVENTOS GASTRON\u00d3MICOS<br>\u2013 MERCEDES<br>Paseo del Vino<br>Fecha, hora y lugar: Viernes 15, de 19:00 a 01:00; s\u00e1bado 16, de 11:00 a 15:00 y de 19:00 a 01:00, en Plaza San Mart\u00edn.<br>Descripci\u00f3n: El vino del pa\u00eds, en la tierra del salame Quintero: m\u00e1s de veinte bodegas, degustaciones, paseo gourmet, productores locales, charlas y clases en el Teatro Argentino J.C. Gioscio. Organiza la Municipalidad de Mercedes y bodegas locales.<br>M\u00e1s informaci\u00f3n: Direcci\u00f3n de Turismo de Mercedes \u2013 www.facebook.com\/dirturmercedes \u2013 www.instagram.com\/turismomercedesoficial<\/p>\n\n\n\n<p>FERIA FINDE EN LA PLATA Y OTROS EVENTOS CULTURALES<br>\u2013 BERAZATEGUI<br>Festival de Jazz<br>Fecha, hora y lugar: S\u00e1bado 16, a las 18:30, en el Centro de Actividades Roberto De Vicenzo, calle 18 y 148.<br>Descripci\u00f3n: Gran festival de jazz con espect\u00e1culo de Javier Malosetti &amp; La Colonia y F\u00e9lix Candelo Cuarteto. Entrada gratuita. Consultas al (011) 4356-9200 (interno 2111\/3024). Agenda completa de actividades de vacaciones de inverno en: www.berazategui.gov.ar\/cultura\/agenda?fbclid=IwAR1_lScWCyrG9SqOCAnUahxFV6-AaG8wgHI7EvmWRTizIxXRiBfDTJ_l2Wg Organiza la Municipalidad de Berazategui.<br>M\u00e1s informaci\u00f3n: Secretar\u00eda de Cultura de Berazategui \u2013 www.facebook.com\/CulturaBe \u2013 www.instagram.com\/culturabe<\/p>\n\n\n\n<p>\u2013 LA PLATA<br>Feria FINDE<br>Fecha, hora y lugar: S\u00e1bado 16 y domingo 17, en el Estadio \u00danico Diego Armando Maradona, avenidas 25 y 32.<br>Descripci\u00f3n: Feria de industrias creativas con muestras de dise\u00f1o, proyecciones de cortos, charlas sectoriales, aventuras inmersivas, m\u00e1s de 130 editoriales bonaerenses y 150 librer\u00edas. Adem\u00e1s, m\u00fasica en vivo en tres escenarios: el principal, el anfiteatro y el C\u00f3digo Provincia. Entrada libre y gratuita. Organiza el Instituto Cultural de la provincia de Buenos Aires.<br>M\u00e1s informaci\u00f3n: www.facebook.com\/FINDE-Provincia-de-Buenos-Aires-109847865080280 \u2013 www.instagram.com\/findepba<\/p>\n\n\n\n<p>\u2013 LINCOLN<br>Astroturismo<br>Fecha, hora y lugar: Viernes 15, a las 20:30; y s\u00e1bado 16, a las a las 21:30, en el Aeroclub Lincoln (prolongaci\u00f3n Av. Ayacucho).<br>Descripci\u00f3n: En el marco del 157 aniversario de Lincoln, una propuesta distinta que tiene como fin admirar el cielo nocturno. Actividad gratuita con inscripci\u00f3n previa en https:\/\/bit.ly\/ASTROTURISMOANIVERSARIO. Organiza la Municipalidad de Lincoln.<br>M\u00e1s informaci\u00f3n: Subsecretar\u00eda de Turismo de Lincoln \u2013 www.facebook.com\/TurismoLincoln \u2013 www.instagram.com\/turismolincoln<\/p>\n\n\n\n<p>\u2013 QUILMES<br>Barbeer Fest<br>Fecha, hora y lugar: Domingo 17, de 12:00 a 20:00, en Pir\u00e1mides Stadium, Av. Calchaqui N\u00ba 4340.<br>Descripci\u00f3n: El evento combina barber\u00eda y cervecer\u00eda artesanal de Quilmes. Habr\u00e1 una competencia de barberos, con jurado nacional, en los siguientes estilos: Fad Fade, Fade Amateur, Mejor Dise\u00f1o, Total Look, Lady Barber. Tambi\u00e9n juegos de realidad virtual y espect\u00e1culos en vivo. Entradas anticipadas aranceladas en https:\/\/piramidesstadium.mitiendanube.com\/<br>Organiza Pir\u00e1mides Stadium con el apoyo de la Subsecretar\u00eda de Producci\u00f3n y Empleo y la Direcci\u00f3n General de Turismo de la Municipalidad de Quilmes.<br>M\u00e1s informaci\u00f3n: www.instagram.com\/piramidestadium<\/p>\n\n\n\n<p>\u2013 SALLIQUEL\u00d3<br>70\u00ba Aniversario del Museo Hist\u00f3rico Campomar Cervera<br>Fecha, hora y lugar: Mi\u00e9rcoles 20, a partir de las 15:00, Museo Municipal Hist\u00f3rico Gabriel Campomar Cervera.<br>Descripci\u00f3n: Recorrido guiado, charla sobre m\u00fasica e instrumentos aut\u00f3ctonos: \u201cEl acompa\u00f1amiento y el Canto en la m\u00fasica popular\u201d, a cargo del destacado m\u00fasico, compositor e int\u00e9rprete Diego Arolfo.<br>M\u00e1s informaci\u00f3n: Direcci\u00f3n de Cultura de Salliquel\u00f3 \u2013ofcultura@salliquelo.gob.ar, prensa@salliquel\u00f3.gob.ar \u2013 (2392) 552689<\/p>\n\n\n\n<p>EVENTOS DEPORTIVOS<br>\u2013 TORDILLO (General Conesa)<br>Duatl\u00f3n Tordillo<br>Fecha, hora y lugar: Domingo 17, a las 10:00, en el Predio Municipal de Atletismo y Actividades Recreativas de General Conesa.<br>Descripci\u00f3n: Se disputar\u00e1 la segunda de tres fechas en la competencia que combina 3 kil\u00f3metros de pedestrismo, 20 de ciclismo y 3 m\u00e1s de pedestrismo. Inscripci\u00f3n arancelada: Individual $1500, equipos $1000 por persona y preinscripci\u00f3n con 10% de descuento. Categor\u00edas: Individual (masculino \u2013 femenino), equipos (masculinos \u2013 femeninos \u2013 mixtos). La tercera fecha est\u00e1 prevista para el 21 de agosto, donde se realizar\u00e1 la premiaci\u00f3n final. Organiza la Escuela Municipal de Atletismo dependiente de la Subsecretar\u00eda de Deportes del distrito.<br>M\u00e1s informaci\u00f3n: Municipalidad de Tordillo \u2013 www.instagram.com\/munitordillo \u2013<br>www.facebook.com\/profile.php?id=100069352083230<\/p>\n\n\n\n<p>\u2013 NUEVE DE JULIO (Na\u00f3n)<br>9 Aventuras<br>Fecha, hora y lugar: Domingo 17, a las 11:00, desde la sede Club Atl\u00e9tico Na\u00f3n.<br>Descripci\u00f3n: Sexta fecha de la prueba atl\u00e9tica en dos modalidades: 7.8 kil\u00f3metros competitiva, 3.9 participativa. La inscripci\u00f3n se realizar\u00e1 en el lugar, a partir de las 09.30. Habr\u00e1 premiaci\u00f3n para los primeros 3 puestos de cada categor\u00eda y medalla finisher para todos los participantes. Organiza la Direcci\u00f3n de Deportes de la Municipalidad de Nueve de Julio.<br>M\u00e1s informaci\u00f3n: Municipalidad de Nueve de Julio \u2013 www.9dejulio.gov.ar \u2013 www.facebook.com\/municipalidadnuevedejulio \u2013 www.instagram.com\/municipalidad9dejuliooficial<\/p>\n\n\n\n<p>\u2013 TORNQUIST (Villa Ventana)<br>Cicloturismo<br>Fecha, hora y lugar: Domingo 17, a las 09:30, desde el CEF N\u00b0 9, Cruz del Sur y Churrinches.<br>Descripci\u00f3n: Recorrido por los lugares m\u00e1s atractivos de Villa Ventana: caminos rurales, Ex Club Hotel de la Ventana, Museo Hist\u00f3rico de la localidad, entre otros. Actividad arancelada: $1.000. Inscripciones al (2923) 15410142. Organizan el CEF N\u00ba 9 y la Direcci\u00f3n de Deportes de Tornquist.<br>M\u00e1s informaci\u00f3n: Direcci\u00f3n de Deportes de Tornquist \u2013 www.instagram.com\/deportestornquist<\/p>\n\n\n\n<p>FERIAS Y EXPOSICIONES<\/p>\n\n\n\n<p>\u2013 FLORENCIO VARELA<br>15\u00ba Expo Emprendedores<br>Fecha, hora y lugar: Viernes 15, de 12:00 a 20:00; s\u00e1bado 16, de 12:00 a 21:00; domingo 17, de 12:00 a 20:00, en la Plaza San Juan Bautista, Av. San Mart\u00edn y Chacabuco,<br>Descripci\u00f3n: M\u00e1s de cien emprendedores, variada oferta gastron\u00f3mica y espect\u00e1culos para todo p\u00fablico. Se suspende por lluvia. Entrada gratuita. Organiza la Municipalidad de Florencio Varela.<br>M\u00e1s informaci\u00f3n: Direcci\u00f3n de Turismo de Florencio Varela \u2013 www.facebook.com\/TurismoFV.2016 \u2013 turismovarela@gmail.com<\/p>\n\n\n\n<p>\u2013 TAPALQU\u00c9<br>Expo Cactus Tapalqu\u00e9 2022<br>Fecha, hora y lugar: S\u00e1bado 16 y domingo 17, a partir de las 10:00, en la Plaza Adolfo Alsina.<br>Descripci\u00f3n: Exposici\u00f3n de feriantes y viveristas: plantas, cactus y flores; patio gastron\u00f3mico; taller de ritmos urbanos y juegos infantiles. Adem\u00e1s, festival art\u00edstico con la presentaci\u00f3n de la Escuela de danza El Olvidado de Saladillo, Creando Sue\u00f1os, Monteros, Agustina Velazco, y como gran cierre Peteco Carabajal. Entrada libre y gratuita. Organiza la Municipalidad de Tapalqu\u00e9, Expo Cactus Caz\u00f3n con el apoyo del Instituto Cultural de la Provincia de Buenos Aires.<br>M\u00e1s informaci\u00f3n: Ente de Turismo de Tapalqu\u00e9 \u2013 www.instagram.com\/tapalque.enamora \u2013 www.facebook.com\/Tapalqueenamora<\/p>\n\n\n\n<p>\u2013 SAN ANDR\u00c9S DE GILES<br>Feria Unisabores<br>Fecha, hora y lugar: Desde el viernes 15 hasta el domingo 17, de 11:00 a 23:00, en la Plaza San Mart\u00edn, Rivadavia y Moreno.<br>Descripci\u00f3n: Se podr\u00e1n degustar los m\u00e1s exquisitos sabores del mundo. Gran cierre musical en vivo con la presentaci\u00f3n de Bruno Arias. Consultar la programaci\u00f3n de las tres jornadas en: www.facebook.com\/MunicipioSAG\/photos\/a.2403115839941721\/3235850593334904<br>Entrada libre y gratuita. Organiza la Municipalidad de San Andr\u00e9s de Giles con el apoyo del Instituto Cultural de la provincia de Buenos Aires.<br>M\u00e1s informaci\u00f3n: Municipalidad de San Andr\u00e9s de Giles \u2013 www.facebook.com\/MunicipioSAG \u2013 www.instagram.com\/municipiosag<\/p>\n\n\n\n<p>VACACIONES DE INVIERNO 2022<\/p>\n\n\n\n<p>\u2013 ADOLFO ALSINA<br>Vacaciones de Invierno 2022<br>Circuito Salam\u00f3nico Guamin\u00ed \u2013 Carhu\u00e9, visitas guiadas a Epecu\u00e9n, cabalgatas, Tours A\u00e9reos, excursiones a la Rivera, a Monte de Caldenes y al sendero del Molle; observaci\u00f3n de aves, Muestra de Mondo Salamone, turismo rural, visita a los Olivares en San Miguel Arc\u00e1ngel. Adem\u00e1s, una variada agenda de actividades infantiles en:<br>www.adolfoalsina.gov.ar\/agenda\/?fbclid=IwAR30ugjNZTl3Cao-IIBMp4ES2CcFudWKjl_F5D9l063sYK7obVkrvdYu5V0 Organiza la Municipalidad de Adolfo Alsina.<br>M\u00e1s informaci\u00f3n: Secretar\u00eda de Turismo de Adolfo Alsina \u2013 www.termasdecarhue.gov.ar \u2013 www.instagram.com\/lagoepecuencarhue \u2013 www.facebook.com\/lagoepecuen.carhue \u2013 whatsapp (2923) 427092.<\/p>\n\n\n\n<p>\u2013 CORONEL SU\u00c1REZ<br>Festival Invierno<br>Fecha, hora y lugar: Viernes 15 y s\u00e1bado 16, en el Mercado de las Artes Jorge Luis Borges.<br>Descripci\u00f3n: Participan cerveceros locales y \u00c1rea Joven. En tanto que el domingo 17, se llevar\u00e1 a cabo el Paseo Kenopsia, con emprendedores y emprendedoras locales. Entrada gratuita. Organiza la Municipalidad de Coronel Su\u00e1rez.<br>M\u00e1s informaci\u00f3n: Direcci\u00f3n de Turismo de Coronel Su\u00e1rez \u2013 www.coronelsuarez.tur.ar \u2013 www.instagram.com\/suarezturismo \u2013 www.facebook.com\/suarezturismo<\/p>\n\n\n\n<p>\u2013 PATAGONES<br>Circuitos Tur\u00edsticos<br>1) Fecha, hora y lugar: Viernes 15, a las 15:00, en el Club de Golf La Comarca (inmediaciones Cerro de la Caballada).<br>Descripci\u00f3n: Visita guiada inaugural al Club de Golf La Comarca y a miradores del Cerro. Adem\u00e1s, clase abierta de golf y merienda. Costo $1.500. Se suspende por lluvia.<\/p>\n\n\n\n<p>2) Fecha, hora y lugar: S\u00e1bado 16, a las 12:00. Lugar de concentraci\u00f3n: Parroquia Nuestra Se\u00f1ora del Carmen, Comodoro Rivadavia N\u00ba 193.<br>Descripci\u00f3n: Visita guiada en conmemoraci\u00f3n a la Fiesta Patronal Nuestra Se\u00f1ora del Carmen, a cargo de Turismo Patagones. No se suspende por lluvia.<\/p>\n\n\n\n<p>3) Fecha, hora y lugar: Lunes a viernes, a las 10:00. Lugar de concentraci\u00f3n: Oficina de Turismo (muelle de lanchas).<br>Descripci\u00f3n: Recorrido pedestre por el Poblado Hist\u00f3rico Nacional de Carmen de Patagones, a cargo de personal del Museo Hist\u00f3rico Regional Emma Nozzi.<\/p>\n\n\n\n<p>Todas las actividades son organizadas por la Direcci\u00f3n de Turismo de la Municipalidad de Patagones. Consultas al 02920-465406, turismopatagones@gmail.com<\/p>\n\n\n\n<p>\u2013 CHASCOM\u00daS<br>Chascom\u00fas de Vacaciones<br>Visitas guiadas gratuitas, del 16 al 31 de julio, en dos horarios: 11:00 y 15:00, que incluyen: Cementerio San Andr\u00e9s, Casco Hist\u00f3rico, Capilla de los Negros, Ra\u00fal de Chascom\u00fas, Museo Ferroviario y Museo Pampeano. M\u00e1s informaci\u00f3n: (2241) 603414\/615541\/615542.<br>Pedaleando Chascom\u00fas: experiencia que invita a conocer la ciudad de una manera distinta. S\u00e1bados y domingos a las 11:00 y a las 14:30; d\u00edas de semana a las 16:00. Reservas: (2241) 613985\/(11) 44708124.<br>Toda la agenda de vacaciones de invierno en la aplicaci\u00f3n #Chascom\u00fasapp y m\u00e1s actividades https:\/\/syr.us\/z07 .Organiza la Municipalidad de Chascom\u00fas.<br>M\u00e1s informaci\u00f3n: Secretar\u00eda de Turismo y Planificaci\u00f3n de Chascom\u00fas \u2013 www.facebook.com\/chascomustur \u2013 www.instagram.com\/turismochascomus<\/p>\n\n\n\n<p>\u2013 LOBOS<br>Vacaciones de Invierno en Lobos<br>S\u00e1bado 16:<br>16:00, visita guiada por el Casco Hist\u00f3rico. Punto de encuentro: Teatro Italiano, 9 de Julio N\u00ba 142.<\/p>\n\n\n\n<p>Domingo 17:<br>10:00, visita guiada al Casco Hist\u00f3rico y al Museo Punto de encuentro: Teatro Italiano, 9 de Julio N\u00ba 142.<br>15:00, Turismo con Lupa, actividad recreativa para descubrir los seres vivos m\u00e1s peque\u00f1os del Parque Municipal (ingreso por calle Salgado).<\/p>\n\n\n\n<p>Mi\u00e9rcoles 20:<br>16:00, visita guiada para ni\u00f1os \u201cLos Tesoros de la Plaza\u201d. Punto de encuentro: Plaza 1810, frente al Palacio Municipal.<\/p>\n\n\n\n<p>Todas las actividades requieren de inscripci\u00f3n previa, de 08:00 a 14:00, en (2227) 500405. Organiza la Direcci\u00f3n de Turismo de la Municipalidad de Lobos.<\/p>\n\n\n\n<p>\u2013 CORONEL PRINGLES (Paraje Fra-Pal)<br>Senderismo con avistaje de animales silvestres<br>Los d\u00edas 17, 20, 23, 24, 27, 29 y 31 de julio.<br>Actividad para toda la familia en pleno contacto con la naturaleza. Caminata de 3,5 kil\u00f3metros por senderos y lomadas, en las terminaciones del cord\u00f3n Pillahuinc\u00f3. All\u00ed se podr\u00e1n observar y tener contacto con animales como llamas, ciervos, multicuernos, cabras y b\u00fafalos; conocer piquillines a\u00f1ejos de 200 a 300 a\u00f1os de antig\u00fcedad; y avistar el valle del arroyo \u201cEl tigre\u201d, entre otros paisajes espectaculares. Al finalizar, se servir\u00e1 una picada serrana. El Paraje Fra-Pal es un peque\u00f1o lugar donde viven diez personas. Se trata de una propuesta \u00fanica en todo el mundo. Actividad arancelada.<br>Consultas y reservas: www.instagram.com\/frapal_tambien_existe \u2013 www.facebook.com\/frapaltambienexiste \u2013 whatsapp (291) 4079851.<\/p>\n\n\n\n<p>\u2013 SAAVEDRA<br>Circuitos Tur\u00edsticos<br>S\u00e1bado 16, senderismo por las Sierras de Cura Malal-Abra Encantada y Cerro Lehmann.<\/p>\n\n\n\n<p>Domingo 17, a las 09:00, cabalgata diurna. Ambas actividades requieren de reserva previa al (2923) 462826\/(291) 5360102. Organiza: Circuitos Viajes y Turismo.<\/p>\n\n\n\n<p>Domingo 17, a las 10:00, visita a la Caza de Trufas. Reservas al (2923) 419732\/487848. Organiza: Vadevac Travel Pigu\u00e9<\/p>\n\n\n\n<p>Martes 19 y jueves 21, a las 15:00; y mi\u00e9rcoles 20, a las 11:00, visitas guiadas tem\u00e1ticas por el Centro Hist\u00f3rico de Pig\u00fc\u00e9. Inscripciones al (2923) 652611. Organiza la Secretar\u00eda de Desarrollo Econ\u00f3mico y Turismo.<\/p>\n\n\n\n<p>\u2013 MORENO<br>Actividades en la Reserva Los Robles<br>Fecha, hora y lugar: Desde el lunes 18 hasta el domingo 31 de julio, de 09:00 a 18:00, en la Reserva Municipal Los Robles.<br>Descripci\u00f3n: Actividades varias recreativas, caminatas guiadas y senderismo. Entrada arancelada. Organiza la Municipalidad de Moreno.<br>M\u00e1s informaci\u00f3n: Coordinaci\u00f3n General de Turismo de Moreno \u2013 www.facebook.com\/Turismo-Moreno-108208924137788 \u2013 www.instagram.com\/turismo.moreno \u2013 www.facebook.com\/amigosdelosrobles<\/p>\n\n\n\n<p>\u2013 GENERAL MADARIAGA<br>Vacaciones de Invierno en Madariaga<br>Domingo 17:<br>10:00, salida a Laguna Los Horcones, desde el Club de Pescadores San Nicol\u00e1s, Ruta 74 km 22, 19 kil\u00f3metros de camino aconchillado.El circuito incluye observaci\u00f3n de aves con COA Verd\u00f3n Madariaga, yoga y recreaci\u00f3n para chicos.<\/p>\n\n\n\n<p>Martes 19:<br>11:00, Paseo por el Pago Gaucho. Visita guiada con almuerzo y guitarreada. Punto de encuentro Museo Hist\u00f3rico del Tuy\u00fa , Mart\u00ednez Guerrero N\u00ba 1649. Inscripci\u00f3n previa al (2267) 419157.<\/p>\n\n\n\n<p>Mi\u00e9rcoles 20:<br>14.30, Salida de observaci\u00f3n de aves con COA Verd\u00f3n Madariaga. Ruta 74 km 5.5. Tranquera de acceso al Predio Municipal Puesto La Invernada. Inscripci\u00f3n previa en (2267) 419157.<\/p>\n\n\n\n<p>Adem\u00e1s, durante las vacaciones de invierno habr\u00e1 actividades recreativas infantiles en distintos espacios del municipio y visitas a los museos locales. Agenda completa en: www.turismo.madariaga.gob.ar \u2013 www.instagram.com\/turismomadariaga \u2013 www.facebook.com\/TurismoMadariaga<\/p>\n\n\n\n<p>\u2013 PINAMAR<br>Ser Turista en tu Ciudad: Descubriendo Esculturas y la Magia del Golf<br>Fecha, hora y lugar: Mi\u00e9rcoles 20, a las 14:30, en Links Pinamar, Av. Shaw y Goleta Independencia.<br>Descripci\u00f3n: Paseo interpretativo por las obras del Parque Escult\u00f3rico Pinamar. Historia y caracter\u00edsticas de la cancha. Tiros de pr\u00e1ctica en el driving Links Pinamar. Inscripci\u00f3n: turismo@pinamar.gob.ar<br>M\u00e1s informaci\u00f3n: http:\/\/agenda.pinamar.gob.ar\/<\/p>\n\n\n\n<p>\u2013 MONTE<br>Circuitos Tur\u00edsticos<br>S\u00e1bados y domingos, a las 15:00. Punto de encuentro: Explanada de la Parroquia San Miguel Arc\u00e1ngel, calles Prof. Giagnacovo e Irigoyen.<br>Visitas guiadas para conocer la historia de la ciudad. Actividad libre y gratuita. Inscripciones al (2271) 412492<br>Organiza la Direcci\u00f3n de Turismo de Monte \u2013 www.facebook.com\/TurismodeMonte<\/p>\n\n\n\n<p>La agenda tur\u00edstica y cultural de los 135 municipios se encuentra disponible en la APP ReCreo. Link de descarga: https:\/\/play.google.com\/store\/apps\/details?id=org.gba.recreo&amp;hl=es_AR&amp;gl=US<\/p>\n","protected":false},"excerpt":{"rendered":"<p>La primera semana del receso invernal tendr\u00e1 una variada agenda de actividades en los destinos de la Provincia. Balcarce realizar\u00e1<\/p>\n","protected":false},"author":3,"featured_media":497,"comment_status":"closed","ping_status":"closed","sticky":false,"template":"","format":"standard","meta":{"colormag_page_container_layout":"default_layout","colormag_page_sidebar_layout":"default_layout","footnotes":""},"categories":[15],"tags":[],"class_list":["post-496","post","type-post","status-publish","format-standard","has-post-thumbnail","hentry","category-turismo-y-cultura"],"yoast_head":"<!-- This site is optimized with the Yoast SEO plugin v27.4 - https:\/\/yoast.com\/product\/yoast-seo-wordpress\/ -->\n<title>Feria Finde en La Plata y mucho m\u00e1s: la agenda de la primera semana de vacaciones de invierno en la Provincia - InfoPBA247<\/title>\n<meta name=\"robots\" content=\"index, follow, max-snippet:-1, max-image-preview:large, max-video-preview:-1\" \/>\n<link rel=\"canonical\" href=\"https:\/\/infopba247.com.ar\/index.php\/2022\/07\/15\/feria-finde-en-la-plata-y-mucho-mas-la-agenda-de-la-primera-semana-de-vacaciones-de-invierno-en-la-provincia\/\" \/>\n<meta property=\"og:locale\" content=\"es_ES\" \/>\n<meta property=\"og:type\" content=\"article\" \/>\n<meta property=\"og:title\" content=\"Feria Finde en La Plata y mucho m\u00e1s: la agenda de la primera semana de vacaciones de invierno en la Provincia - InfoPBA247\" \/>\n<meta property=\"og:description\" content=\"La primera semana del receso invernal tendr\u00e1 una variada agenda de actividades en los destinos de la Provincia. Balcarce realizar\u00e1\" \/>\n<meta property=\"og:url\" content=\"https:\/\/infopba247.com.ar\/index.php\/2022\/07\/15\/feria-finde-en-la-plata-y-mucho-mas-la-agenda-de-la-primera-semana-de-vacaciones-de-invierno-en-la-provincia\/\" \/>\n<meta property=\"og:site_name\" content=\"InfoPBA247\" \/>\n<meta property=\"article:publisher\" content=\"https:\/\/www.facebook.com\/InfoPBA\" \/>\n<meta property=\"article:published_time\" content=\"2022-07-15T13:01:09+00:00\" \/>\n<meta property=\"og:image\" content=\"https:\/\/infopba247.com.ar\/wp-content\/uploads\/2022\/07\/finde-La-Plata-1-1536x792-1.jpg\" \/>\n\t<meta property=\"og:image:width\" content=\"1536\" \/>\n\t<meta property=\"og:image:height\" content=\"792\" \/>\n\t<meta property=\"og:image:type\" content=\"image\/jpeg\" \/>\n<meta name=\"author\" content=\"Editor\" \/>\n<meta name=\"twitter:card\" content=\"summary_large_image\" \/>\n<meta name=\"twitter:label1\" content=\"Escrito por\" \/>\n\t<meta name=\"twitter:data1\" content=\"Editor\" \/>\n\t<meta name=\"twitter:label2\" content=\"Tiempo de lectura\" \/>\n\t<meta name=\"twitter:data2\" content=\"15 minutos\" \/>\n<script type=\"application\/ld+json\" class=\"yoast-schema-graph\">{\"@context\":\"https:\\\/\\\/schema.org\",\"@graph\":[{\"@type\":\"Article\",\"@id\":\"https:\\\/\\\/infopba247.com.ar\\\/index.php\\\/2022\\\/07\\\/15\\\/feria-finde-en-la-plata-y-mucho-mas-la-agenda-de-la-primera-semana-de-vacaciones-de-invierno-en-la-provincia\\\/#article\",\"isPartOf\":{\"@id\":\"https:\\\/\\\/infopba247.com.ar\\\/index.php\\\/2022\\\/07\\\/15\\\/feria-finde-en-la-plata-y-mucho-mas-la-agenda-de-la-primera-semana-de-vacaciones-de-invierno-en-la-provincia\\\/\"},\"author\":{\"name\":\"Editor\",\"@id\":\"https:\\\/\\\/infopba247.com.ar\\\/#\\\/schema\\\/person\\\/4975f1343a413e57bf839b3eed0099f2\"},\"headline\":\"Feria Finde en La Plata y mucho m\u00e1s: la agenda de la primera semana de vacaciones de invierno en la Provincia\",\"datePublished\":\"2022-07-15T13:01:09+00:00\",\"mainEntityOfPage\":{\"@id\":\"https:\\\/\\\/infopba247.com.ar\\\/index.php\\\/2022\\\/07\\\/15\\\/feria-finde-en-la-plata-y-mucho-mas-la-agenda-de-la-primera-semana-de-vacaciones-de-invierno-en-la-provincia\\\/\"},\"wordCount\":3085,\"publisher\":{\"@id\":\"https:\\\/\\\/infopba247.com.ar\\\/#organization\"},\"image\":{\"@id\":\"https:\\\/\\\/infopba247.com.ar\\\/index.php\\\/2022\\\/07\\\/15\\\/feria-finde-en-la-plata-y-mucho-mas-la-agenda-de-la-primera-semana-de-vacaciones-de-invierno-en-la-provincia\\\/#primaryimage\"},\"thumbnailUrl\":\"https:\\\/\\\/infopba247.com.ar\\\/wp-content\\\/uploads\\\/2022\\\/07\\\/finde-La-Plata-1-1536x792-1.jpg\",\"articleSection\":[\"Turismo y Cultura\"],\"inLanguage\":\"es\"},{\"@type\":\"WebPage\",\"@id\":\"https:\\\/\\\/infopba247.com.ar\\\/index.php\\\/2022\\\/07\\\/15\\\/feria-finde-en-la-plata-y-mucho-mas-la-agenda-de-la-primera-semana-de-vacaciones-de-invierno-en-la-provincia\\\/\",\"url\":\"https:\\\/\\\/infopba247.com.ar\\\/index.php\\\/2022\\\/07\\\/15\\\/feria-finde-en-la-plata-y-mucho-mas-la-agenda-de-la-primera-semana-de-vacaciones-de-invierno-en-la-provincia\\\/\",\"name\":\"Feria Finde en La Plata y mucho m\u00e1s: la agenda de la primera semana de vacaciones de invierno en la Provincia - InfoPBA247\",\"isPartOf\":{\"@id\":\"https:\\\/\\\/infopba247.com.ar\\\/#website\"},\"primaryImageOfPage\":{\"@id\":\"https:\\\/\\\/infopba247.com.ar\\\/index.php\\\/2022\\\/07\\\/15\\\/feria-finde-en-la-plata-y-mucho-mas-la-agenda-de-la-primera-semana-de-vacaciones-de-invierno-en-la-provincia\\\/#primaryimage\"},\"image\":{\"@id\":\"https:\\\/\\\/infopba247.com.ar\\\/index.php\\\/2022\\\/07\\\/15\\\/feria-finde-en-la-plata-y-mucho-mas-la-agenda-de-la-primera-semana-de-vacaciones-de-invierno-en-la-provincia\\\/#primaryimage\"},\"thumbnailUrl\":\"https:\\\/\\\/infopba247.com.ar\\\/wp-content\\\/uploads\\\/2022\\\/07\\\/finde-La-Plata-1-1536x792-1.jpg\",\"datePublished\":\"2022-07-15T13:01:09+00:00\",\"breadcrumb\":{\"@id\":\"https:\\\/\\\/infopba247.com.ar\\\/index.php\\\/2022\\\/07\\\/15\\\/feria-finde-en-la-plata-y-mucho-mas-la-agenda-de-la-primera-semana-de-vacaciones-de-invierno-en-la-provincia\\\/#breadcrumb\"},\"inLanguage\":\"es\",\"potentialAction\":[{\"@type\":\"ReadAction\",\"target\":[\"https:\\\/\\\/infopba247.com.ar\\\/index.php\\\/2022\\\/07\\\/15\\\/feria-finde-en-la-plata-y-mucho-mas-la-agenda-de-la-primera-semana-de-vacaciones-de-invierno-en-la-provincia\\\/\"]}]},{\"@type\":\"ImageObject\",\"inLanguage\":\"es\",\"@id\":\"https:\\\/\\\/infopba247.com.ar\\\/index.php\\\/2022\\\/07\\\/15\\\/feria-finde-en-la-plata-y-mucho-mas-la-agenda-de-la-primera-semana-de-vacaciones-de-invierno-en-la-provincia\\\/#primaryimage\",\"url\":\"https:\\\/\\\/infopba247.com.ar\\\/wp-content\\\/uploads\\\/2022\\\/07\\\/finde-La-Plata-1-1536x792-1.jpg\",\"contentUrl\":\"https:\\\/\\\/infopba247.com.ar\\\/wp-content\\\/uploads\\\/2022\\\/07\\\/finde-La-Plata-1-1536x792-1.jpg\",\"width\":1536,\"height\":792},{\"@type\":\"BreadcrumbList\",\"@id\":\"https:\\\/\\\/infopba247.com.ar\\\/index.php\\\/2022\\\/07\\\/15\\\/feria-finde-en-la-plata-y-mucho-mas-la-agenda-de-la-primera-semana-de-vacaciones-de-invierno-en-la-provincia\\\/#breadcrumb\",\"itemListElement\":[{\"@type\":\"ListItem\",\"position\":1,\"name\":\"Portada\",\"item\":\"https:\\\/\\\/infopba247.com.ar\\\/\"},{\"@type\":\"ListItem\",\"position\":2,\"name\":\"Feria Finde en La Plata y mucho m\u00e1s: la agenda de la primera semana de vacaciones de invierno en la Provincia\"}]},{\"@type\":\"WebSite\",\"@id\":\"https:\\\/\\\/infopba247.com.ar\\\/#website\",\"url\":\"https:\\\/\\\/infopba247.com.ar\\\/\",\"name\":\"InfoPBA247\",\"description\":\"Toda la actualidad bonaerense\",\"publisher\":{\"@id\":\"https:\\\/\\\/infopba247.com.ar\\\/#organization\"},\"potentialAction\":[{\"@type\":\"SearchAction\",\"target\":{\"@type\":\"EntryPoint\",\"urlTemplate\":\"https:\\\/\\\/infopba247.com.ar\\\/?s={search_term_string}\"},\"query-input\":{\"@type\":\"PropertyValueSpecification\",\"valueRequired\":true,\"valueName\":\"search_term_string\"}}],\"inLanguage\":\"es\"},{\"@type\":\"Organization\",\"@id\":\"https:\\\/\\\/infopba247.com.ar\\\/#organization\",\"name\":\"InfoPBA247\",\"url\":\"https:\\\/\\\/infopba247.com.ar\\\/\",\"logo\":{\"@type\":\"ImageObject\",\"inLanguage\":\"es\",\"@id\":\"https:\\\/\\\/infopba247.com.ar\\\/#\\\/schema\\\/logo\\\/image\\\/\",\"url\":\"https:\\\/\\\/infopba247.com.ar\\\/wp-content\\\/uploads\\\/2022\\\/03\\\/cropped-InfoPBA247-1.png\",\"contentUrl\":\"https:\\\/\\\/infopba247.com.ar\\\/wp-content\\\/uploads\\\/2022\\\/03\\\/cropped-InfoPBA247-1.png\",\"width\":500,\"height\":122,\"caption\":\"InfoPBA247\"},\"image\":{\"@id\":\"https:\\\/\\\/infopba247.com.ar\\\/#\\\/schema\\\/logo\\\/image\\\/\"},\"sameAs\":[\"https:\\\/\\\/www.facebook.com\\\/InfoPBA\"]},{\"@type\":\"Person\",\"@id\":\"https:\\\/\\\/infopba247.com.ar\\\/#\\\/schema\\\/person\\\/4975f1343a413e57bf839b3eed0099f2\",\"name\":\"Editor\",\"image\":{\"@type\":\"ImageObject\",\"inLanguage\":\"es\",\"@id\":\"https:\\\/\\\/secure.gravatar.com\\\/avatar\\\/d27fe9520667ca53441d36627a1d6b0fa4a813571ec4803687a7a3a7744685ac?s=96&d=mm&r=g\",\"url\":\"https:\\\/\\\/secure.gravatar.com\\\/avatar\\\/d27fe9520667ca53441d36627a1d6b0fa4a813571ec4803687a7a3a7744685ac?s=96&d=mm&r=g\",\"contentUrl\":\"https:\\\/\\\/secure.gravatar.com\\\/avatar\\\/d27fe9520667ca53441d36627a1d6b0fa4a813571ec4803687a7a3a7744685ac?s=96&d=mm&r=g\",\"caption\":\"Editor\"},\"url\":\"https:\\\/\\\/infopba247.com.ar\\\/index.php\\\/author\\\/editor\\\/\"}]}<\/script>\n<!-- \/ Yoast SEO plugin. -->","yoast_head_json":{"title":"Feria Finde en La Plata y mucho m\u00e1s: la agenda de la primera semana de vacaciones de invierno en la Provincia - InfoPBA247","robots":{"index":"index","follow":"follow","max-snippet":"max-snippet:-1","max-image-preview":"max-image-preview:large","max-video-preview":"max-video-preview:-1"},"canonical":"https:\/\/infopba247.com.ar\/index.php\/2022\/07\/15\/feria-finde-en-la-plata-y-mucho-mas-la-agenda-de-la-primera-semana-de-vacaciones-de-invierno-en-la-provincia\/","og_locale":"es_ES","og_type":"article","og_title":"Feria Finde en La Plata y mucho m\u00e1s: la agenda de la primera semana de vacaciones de invierno en la Provincia - InfoPBA247","og_description":"La primera semana del receso invernal tendr\u00e1 una variada agenda de actividades en los destinos de la Provincia. Balcarce realizar\u00e1","og_url":"https:\/\/infopba247.com.ar\/index.php\/2022\/07\/15\/feria-finde-en-la-plata-y-mucho-mas-la-agenda-de-la-primera-semana-de-vacaciones-de-invierno-en-la-provincia\/","og_site_name":"InfoPBA247","article_publisher":"https:\/\/www.facebook.com\/InfoPBA","article_published_time":"2022-07-15T13:01:09+00:00","og_image":[{"width":1536,"height":792,"url":"https:\/\/infopba247.com.ar\/wp-content\/uploads\/2022\/07\/finde-La-Plata-1-1536x792-1.jpg","type":"image\/jpeg"}],"author":"Editor","twitter_card":"summary_large_image","twitter_misc":{"Escrito por":"Editor","Tiempo de lectura":"15 minutos"},"schema":{"@context":"https:\/\/schema.org","@graph":[{"@type":"Article","@id":"https:\/\/infopba247.com.ar\/index.php\/2022\/07\/15\/feria-finde-en-la-plata-y-mucho-mas-la-agenda-de-la-primera-semana-de-vacaciones-de-invierno-en-la-provincia\/#article","isPartOf":{"@id":"https:\/\/infopba247.com.ar\/index.php\/2022\/07\/15\/feria-finde-en-la-plata-y-mucho-mas-la-agenda-de-la-primera-semana-de-vacaciones-de-invierno-en-la-provincia\/"},"author":{"name":"Editor","@id":"https:\/\/infopba247.com.ar\/#\/schema\/person\/4975f1343a413e57bf839b3eed0099f2"},"headline":"Feria Finde en La Plata y mucho m\u00e1s: la agenda de la primera semana de vacaciones de invierno en la Provincia","datePublished":"2022-07-15T13:01:09+00:00","mainEntityOfPage":{"@id":"https:\/\/infopba247.com.ar\/index.php\/2022\/07\/15\/feria-finde-en-la-plata-y-mucho-mas-la-agenda-de-la-primera-semana-de-vacaciones-de-invierno-en-la-provincia\/"},"wordCount":3085,"publisher":{"@id":"https:\/\/infopba247.com.ar\/#organization"},"image":{"@id":"https:\/\/infopba247.com.ar\/index.php\/2022\/07\/15\/feria-finde-en-la-plata-y-mucho-mas-la-agenda-de-la-primera-semana-de-vacaciones-de-invierno-en-la-provincia\/#primaryimage"},"thumbnailUrl":"https:\/\/infopba247.com.ar\/wp-content\/uploads\/2022\/07\/finde-La-Plata-1-1536x792-1.jpg","articleSection":["Turismo y Cultura"],"inLanguage":"es"},{"@type":"WebPage","@id":"https:\/\/infopba247.com.ar\/index.php\/2022\/07\/15\/feria-finde-en-la-plata-y-mucho-mas-la-agenda-de-la-primera-semana-de-vacaciones-de-invierno-en-la-provincia\/","url":"https:\/\/infopba247.com.ar\/index.php\/2022\/07\/15\/feria-finde-en-la-plata-y-mucho-mas-la-agenda-de-la-primera-semana-de-vacaciones-de-invierno-en-la-provincia\/","name":"Feria Finde en La Plata y mucho m\u00e1s: la agenda de la primera semana de vacaciones de invierno en la Provincia - InfoPBA247","isPartOf":{"@id":"https:\/\/infopba247.com.ar\/#website"},"primaryImageOfPage":{"@id":"https:\/\/infopba247.com.ar\/index.php\/2022\/07\/15\/feria-finde-en-la-plata-y-mucho-mas-la-agenda-de-la-primera-semana-de-vacaciones-de-invierno-en-la-provincia\/#primaryimage"},"image":{"@id":"https:\/\/infopba247.com.ar\/index.php\/2022\/07\/15\/feria-finde-en-la-plata-y-mucho-mas-la-agenda-de-la-primera-semana-de-vacaciones-de-invierno-en-la-provincia\/#primaryimage"},"thumbnailUrl":"https:\/\/infopba247.com.ar\/wp-content\/uploads\/2022\/07\/finde-La-Plata-1-1536x792-1.jpg","datePublished":"2022-07-15T13:01:09+00:00","breadcrumb":{"@id":"https:\/\/infopba247.com.ar\/index.php\/2022\/07\/15\/feria-finde-en-la-plata-y-mucho-mas-la-agenda-de-la-primera-semana-de-vacaciones-de-invierno-en-la-provincia\/#breadcrumb"},"inLanguage":"es","potentialAction":[{"@type":"ReadAction","target":["https:\/\/infopba247.com.ar\/index.php\/2022\/07\/15\/feria-finde-en-la-plata-y-mucho-mas-la-agenda-de-la-primera-semana-de-vacaciones-de-invierno-en-la-provincia\/"]}]},{"@type":"ImageObject","inLanguage":"es","@id":"https:\/\/infopba247.com.ar\/index.php\/2022\/07\/15\/feria-finde-en-la-plata-y-mucho-mas-la-agenda-de-la-primera-semana-de-vacaciones-de-invierno-en-la-provincia\/#primaryimage","url":"https:\/\/infopba247.com.ar\/wp-content\/uploads\/2022\/07\/finde-La-Plata-1-1536x792-1.jpg","contentUrl":"https:\/\/infopba247.com.ar\/wp-content\/uploads\/2022\/07\/finde-La-Plata-1-1536x792-1.jpg","width":1536,"height":792},{"@type":"BreadcrumbList","@id":"https:\/\/infopba247.com.ar\/index.php\/2022\/07\/15\/feria-finde-en-la-plata-y-mucho-mas-la-agenda-de-la-primera-semana-de-vacaciones-de-invierno-en-la-provincia\/#breadcrumb","itemListElement":[{"@type":"ListItem","position":1,"name":"Portada","item":"https:\/\/infopba247.com.ar\/"},{"@type":"ListItem","position":2,"name":"Feria Finde en La Plata y mucho m\u00e1s: la agenda de la primera semana de vacaciones de invierno en la Provincia"}]},{"@type":"WebSite","@id":"https:\/\/infopba247.com.ar\/#website","url":"https:\/\/infopba247.com.ar\/","name":"InfoPBA247","description":"Toda la actualidad bonaerense","publisher":{"@id":"https:\/\/infopba247.com.ar\/#organization"},"potentialAction":[{"@type":"SearchAction","target":{"@type":"EntryPoint","urlTemplate":"https:\/\/infopba247.com.ar\/?s={search_term_string}"},"query-input":{"@type":"PropertyValueSpecification","valueRequired":true,"valueName":"search_term_string"}}],"inLanguage":"es"},{"@type":"Organization","@id":"https:\/\/infopba247.com.ar\/#organization","name":"InfoPBA247","url":"https:\/\/infopba247.com.ar\/","logo":{"@type":"ImageObject","inLanguage":"es","@id":"https:\/\/infopba247.com.ar\/#\/schema\/logo\/image\/","url":"https:\/\/infopba247.com.ar\/wp-content\/uploads\/2022\/03\/cropped-InfoPBA247-1.png","contentUrl":"https:\/\/infopba247.com.ar\/wp-content\/uploads\/2022\/03\/cropped-InfoPBA247-1.png","width":500,"height":122,"caption":"InfoPBA247"},"image":{"@id":"https:\/\/infopba247.com.ar\/#\/schema\/logo\/image\/"},"sameAs":["https:\/\/www.facebook.com\/InfoPBA"]},{"@type":"Person","@id":"https:\/\/infopba247.com.ar\/#\/schema\/person\/4975f1343a413e57bf839b3eed0099f2","name":"Editor","image":{"@type":"ImageObject","inLanguage":"es","@id":"https:\/\/secure.gravatar.com\/avatar\/d27fe9520667ca53441d36627a1d6b0fa4a813571ec4803687a7a3a7744685ac?s=96&d=mm&r=g","url":"https:\/\/secure.gravatar.com\/avatar\/d27fe9520667ca53441d36627a1d6b0fa4a813571ec4803687a7a3a7744685ac?s=96&d=mm&r=g","contentUrl":"https:\/\/secure.gravatar.com\/avatar\/d27fe9520667ca53441d36627a1d6b0fa4a813571ec4803687a7a3a7744685ac?s=96&d=mm&r=g","caption":"Editor"},"url":"https:\/\/infopba247.com.ar\/index.php\/author\/editor\/"}]}},"_links":{"self":[{"href":"https:\/\/infopba247.com.ar\/index.php\/wp-json\/wp\/v2\/posts\/496","targetHints":{"allow":["GET"]}}],"collection":[{"href":"https:\/\/infopba247.com.ar\/index.php\/wp-json\/wp\/v2\/posts"}],"about":[{"href":"https:\/\/infopba247.com.ar\/index.php\/wp-json\/wp\/v2\/types\/post"}],"author":[{"embeddable":true,"href":"https:\/\/infopba247.com.ar\/index.php\/wp-json\/wp\/v2\/users\/3"}],"replies":[{"embeddable":true,"href":"https:\/\/infopba247.com.ar\/index.php\/wp-json\/wp\/v2\/comments?post=496"}],"version-history":[{"count":1,"href":"https:\/\/infopba247.com.ar\/index.php\/wp-json\/wp\/v2\/posts\/496\/revisions"}],"predecessor-version":[{"id":498,"href":"https:\/\/infopba247.com.ar\/index.php\/wp-json\/wp\/v2\/posts\/496\/revisions\/498"}],"wp:featuredmedia":[{"embeddable":true,"href":"https:\/\/infopba247.com.ar\/index.php\/wp-json\/wp\/v2\/media\/497"}],"wp:attachment":[{"href":"https:\/\/infopba247.com.ar\/index.php\/wp-json\/wp\/v2\/media?parent=496"}],"wp:term":[{"taxonomy":"category","embeddable":true,"href":"https:\/\/infopba247.com.ar\/index.php\/wp-json\/wp\/v2\/categories?post=496"},{"taxonomy":"post_tag","embeddable":true,"href":"https:\/\/infopba247.com.ar\/index.php\/wp-json\/wp\/v2\/tags?post=496"}],"curies":[{"name":"wp","href":"https:\/\/api.w.org\/{rel}","templated":true}]}}