{"id":4897,"date":"2024-08-20T07:22:10","date_gmt":"2024-08-20T10:22:10","guid":{"rendered":"https:\/\/infopba247.com.ar\/?p=4897"},"modified":"2024-08-20T07:22:10","modified_gmt":"2024-08-20T10:22:10","slug":"ciudad-limpia-alak-presento-un-programa-de-limpieza-de-paredes-y-espacios-vandalizados","status":"publish","type":"post","link":"https:\/\/infopba247.com.ar\/index.php\/2024\/08\/20\/ciudad-limpia-alak-presento-un-programa-de-limpieza-de-paredes-y-espacios-vandalizados\/","title":{"rendered":"\u201cCiudad limpia\u201d: Alak present\u00f3 un programa de limpieza de paredes y espacios vandalizados"},"content":{"rendered":"\n<p>El intendente de La Plata, Julio Alak, encabez\u00f3 este lunes en Plaza Moreno la presentaci\u00f3n del \u00abPrograma Ciudad Limpia\u00bb, una iniciativa que apunta a potenciar distintas acciones de limpieza, mantenimiento y conservaci\u00f3n de distintos frentes en todo el Partido.<\/p>\n\n\n\n<p>Las cuadrillas especializadas llevar\u00e1n adelante una tarea progresiva que constar\u00e1 en limpiar los frentes y las fachadas de los edificios p\u00fablicos, patrimoniales, templos, iglesias, monumentos, como tambi\u00e9n cortinas de comercios y mobiliario urbano.<\/p>\n\n\n\n<p>\u00abHoy ponemos en marcha un programa que nos parece muy importante en la ciudad. Las paredes est\u00e1n muy da\u00f1adas por la vandalizaci\u00f3n que ha habido, fundamentalmente en edificios p\u00fablicos, por eso es importante lanzar esta iniciativa para que el Municipio comience a poner en valor todos esos lugares\u00bb, expres\u00f3 Alak, quien estuvo acompa\u00f1ado por el secretario de Planeamiento, Obras y Servicios P\u00fablicos, Sergio Resa.<\/p>\n\n\n\n<p>En ese sentido, manifest\u00f3 que \u00abno estamos conforme en c\u00f3mo est\u00e1 la ciudad y no podemos presentarla as\u00ed, porque es la capital de la Provincia de Buenos Aires\u00bb y enfatiz\u00f3 que \u00abhay que recuperar el sentimiento de decir \u2018vivo en La Plata\u2019 y estar orgulloso de eso\u00bb.<\/p>\n\n\n\n<p>Dirigido a la cuadrilla que comenzar\u00e1 con esta labor, Alak indic\u00f3: \u00abEs muy importante que como trabajadores municipales hagan una tarea de buena relaci\u00f3n con el vecino y que tengan el m\u00e1ximo empe\u00f1o para recuperar el patrimonio cultural que est\u00e1 da\u00f1ado\u00bb.<\/p>\n\n\n\n<p>Y concluy\u00f3: \u00abHoy empezamos a crear conciencia, hay que hacer una tarea educativa, es muy importante el desempe\u00f1o de estas cuadrillas porque la limpieza va a generar una actitud docente en el vecino\u00bb.<\/p>\n\n\n\n<p>Seg\u00fan se inform\u00f3, la Comuna pondr\u00e1 a disposici\u00f3n medio centenar de personas que se encargar\u00e1n de llevar adelante los trabajos, adem\u00e1s de 6 camionetas y 5 camiones.<\/p>\n\n\n\n<p>El programa pretende generar los mecanismos necesarios para garantizar la limpieza y la puesta en valor de los lugares p\u00fablicos, a partir de la articulaci\u00f3n estrat\u00e9gica entre la comunidad y el Municipio, con acciones concretas para el saneamiento ambiental y con medidas sostenibles que construyan conciencia.<\/p>\n","protected":false},"excerpt":{"rendered":"<p>El intendente de La Plata, Julio Alak, encabez\u00f3 este lunes en Plaza Moreno la presentaci\u00f3n del \u00abPrograma Ciudad Limpia\u00bb, una<\/p>\n","protected":false},"author":3,"featured_media":4895,"comment_status":"open","ping_status":"open","sticky":false,"template":"","format":"standard","meta":{"colormag_page_container_layout":"default_layout","colormag_page_sidebar_layout":"default_layout","footnotes":""},"categories":[12,1,14],"tags":[],"class_list":["post-4897","post","type-post","status-publish","format-standard","has-post-thumbnail","hentry","category-8va-seccion","category-destacadas","category-politica"],"yoast_head":"<!-- This site is optimized with the Yoast SEO plugin v27.4 - https:\/\/yoast.com\/product\/yoast-seo-wordpress\/ -->\n<title>\u201cCiudad limpia\u201d: Alak present\u00f3 un programa de limpieza de paredes y espacios vandalizados - InfoPBA247<\/title>\n<meta name=\"robots\" content=\"index, follow, max-snippet:-1, max-image-preview:large, max-video-preview:-1\" \/>\n<link rel=\"canonical\" href=\"https:\/\/infopba247.com.ar\/index.php\/2024\/08\/20\/ciudad-limpia-alak-presento-un-programa-de-limpieza-de-paredes-y-espacios-vandalizados\/\" \/>\n<meta property=\"og:locale\" content=\"es_ES\" \/>\n<meta property=\"og:type\" content=\"article\" \/>\n<meta property=\"og:title\" content=\"\u201cCiudad limpia\u201d: Alak present\u00f3 un programa de limpieza de paredes y espacios vandalizados - InfoPBA247\" \/>\n<meta property=\"og:description\" content=\"El intendente de La Plata, Julio Alak, encabez\u00f3 este lunes en Plaza Moreno la presentaci\u00f3n del \u00abPrograma Ciudad Limpia\u00bb, una\" \/>\n<meta property=\"og:url\" content=\"https:\/\/infopba247.com.ar\/index.php\/2024\/08\/20\/ciudad-limpia-alak-presento-un-programa-de-limpieza-de-paredes-y-espacios-vandalizados\/\" \/>\n<meta property=\"og:site_name\" content=\"InfoPBA247\" \/>\n<meta property=\"article:publisher\" content=\"https:\/\/www.facebook.com\/InfoPBA\" \/>\n<meta property=\"article:published_time\" content=\"2024-08-20T10:22:10+00:00\" \/>\n<meta property=\"og:image\" content=\"https:\/\/infopba247.com.ar\/wp-content\/uploads\/2024\/08\/unnamed-40.jpg\" \/>\n\t<meta property=\"og:image:width\" content=\"1620\" \/>\n\t<meta property=\"og:image:height\" content=\"1080\" \/>\n\t<meta property=\"og:image:type\" content=\"image\/jpeg\" \/>\n<meta name=\"author\" content=\"Editor\" \/>\n<meta name=\"twitter:card\" content=\"summary_large_image\" \/>\n<meta name=\"twitter:label1\" content=\"Escrito por\" \/>\n\t<meta name=\"twitter:data1\" content=\"Editor\" \/>\n\t<meta name=\"twitter:label2\" content=\"Tiempo de lectura\" \/>\n\t<meta name=\"twitter:data2\" content=\"2 minutos\" \/>\n<script type=\"application\/ld+json\" class=\"yoast-schema-graph\">{\"@context\":\"https:\\\/\\\/schema.org\",\"@graph\":[{\"@type\":\"Article\",\"@id\":\"https:\\\/\\\/infopba247.com.ar\\\/index.php\\\/2024\\\/08\\\/20\\\/ciudad-limpia-alak-presento-un-programa-de-limpieza-de-paredes-y-espacios-vandalizados\\\/#article\",\"isPartOf\":{\"@id\":\"https:\\\/\\\/infopba247.com.ar\\\/index.php\\\/2024\\\/08\\\/20\\\/ciudad-limpia-alak-presento-un-programa-de-limpieza-de-paredes-y-espacios-vandalizados\\\/\"},\"author\":{\"name\":\"Editor\",\"@id\":\"https:\\\/\\\/infopba247.com.ar\\\/#\\\/schema\\\/person\\\/4975f1343a413e57bf839b3eed0099f2\"},\"headline\":\"\u201cCiudad limpia\u201d: Alak present\u00f3 un programa de limpieza de paredes y espacios vandalizados\",\"datePublished\":\"2024-08-20T10:22:10+00:00\",\"mainEntityOfPage\":{\"@id\":\"https:\\\/\\\/infopba247.com.ar\\\/index.php\\\/2024\\\/08\\\/20\\\/ciudad-limpia-alak-presento-un-programa-de-limpieza-de-paredes-y-espacios-vandalizados\\\/\"},\"wordCount\":365,\"commentCount\":0,\"publisher\":{\"@id\":\"https:\\\/\\\/infopba247.com.ar\\\/#organization\"},\"image\":{\"@id\":\"https:\\\/\\\/infopba247.com.ar\\\/index.php\\\/2024\\\/08\\\/20\\\/ciudad-limpia-alak-presento-un-programa-de-limpieza-de-paredes-y-espacios-vandalizados\\\/#primaryimage\"},\"thumbnailUrl\":\"https:\\\/\\\/infopba247.com.ar\\\/wp-content\\\/uploads\\\/2024\\\/08\\\/unnamed-40.jpg\",\"articleSection\":[\"8va Secci\u00f3n\",\"Destacadas\",\"Pol\u00edtica\"],\"inLanguage\":\"es\",\"potentialAction\":[{\"@type\":\"CommentAction\",\"name\":\"Comment\",\"target\":[\"https:\\\/\\\/infopba247.com.ar\\\/index.php\\\/2024\\\/08\\\/20\\\/ciudad-limpia-alak-presento-un-programa-de-limpieza-de-paredes-y-espacios-vandalizados\\\/#respond\"]}]},{\"@type\":\"WebPage\",\"@id\":\"https:\\\/\\\/infopba247.com.ar\\\/index.php\\\/2024\\\/08\\\/20\\\/ciudad-limpia-alak-presento-un-programa-de-limpieza-de-paredes-y-espacios-vandalizados\\\/\",\"url\":\"https:\\\/\\\/infopba247.com.ar\\\/index.php\\\/2024\\\/08\\\/20\\\/ciudad-limpia-alak-presento-un-programa-de-limpieza-de-paredes-y-espacios-vandalizados\\\/\",\"name\":\"\u201cCiudad limpia\u201d: Alak present\u00f3 un programa de limpieza de paredes y espacios vandalizados - InfoPBA247\",\"isPartOf\":{\"@id\":\"https:\\\/\\\/infopba247.com.ar\\\/#website\"},\"primaryImageOfPage\":{\"@id\":\"https:\\\/\\\/infopba247.com.ar\\\/index.php\\\/2024\\\/08\\\/20\\\/ciudad-limpia-alak-presento-un-programa-de-limpieza-de-paredes-y-espacios-vandalizados\\\/#primaryimage\"},\"image\":{\"@id\":\"https:\\\/\\\/infopba247.com.ar\\\/index.php\\\/2024\\\/08\\\/20\\\/ciudad-limpia-alak-presento-un-programa-de-limpieza-de-paredes-y-espacios-vandalizados\\\/#primaryimage\"},\"thumbnailUrl\":\"https:\\\/\\\/infopba247.com.ar\\\/wp-content\\\/uploads\\\/2024\\\/08\\\/unnamed-40.jpg\",\"datePublished\":\"2024-08-20T10:22:10+00:00\",\"breadcrumb\":{\"@id\":\"https:\\\/\\\/infopba247.com.ar\\\/index.php\\\/2024\\\/08\\\/20\\\/ciudad-limpia-alak-presento-un-programa-de-limpieza-de-paredes-y-espacios-vandalizados\\\/#breadcrumb\"},\"inLanguage\":\"es\",\"potentialAction\":[{\"@type\":\"ReadAction\",\"target\":[\"https:\\\/\\\/infopba247.com.ar\\\/index.php\\\/2024\\\/08\\\/20\\\/ciudad-limpia-alak-presento-un-programa-de-limpieza-de-paredes-y-espacios-vandalizados\\\/\"]}]},{\"@type\":\"ImageObject\",\"inLanguage\":\"es\",\"@id\":\"https:\\\/\\\/infopba247.com.ar\\\/index.php\\\/2024\\\/08\\\/20\\\/ciudad-limpia-alak-presento-un-programa-de-limpieza-de-paredes-y-espacios-vandalizados\\\/#primaryimage\",\"url\":\"https:\\\/\\\/infopba247.com.ar\\\/wp-content\\\/uploads\\\/2024\\\/08\\\/unnamed-40.jpg\",\"contentUrl\":\"https:\\\/\\\/infopba247.com.ar\\\/wp-content\\\/uploads\\\/2024\\\/08\\\/unnamed-40.jpg\",\"width\":1620,\"height\":1080},{\"@type\":\"BreadcrumbList\",\"@id\":\"https:\\\/\\\/infopba247.com.ar\\\/index.php\\\/2024\\\/08\\\/20\\\/ciudad-limpia-alak-presento-un-programa-de-limpieza-de-paredes-y-espacios-vandalizados\\\/#breadcrumb\",\"itemListElement\":[{\"@type\":\"ListItem\",\"position\":1,\"name\":\"Portada\",\"item\":\"https:\\\/\\\/infopba247.com.ar\\\/\"},{\"@type\":\"ListItem\",\"position\":2,\"name\":\"\u201cCiudad limpia\u201d: Alak present\u00f3 un programa de limpieza de paredes y espacios vandalizados\"}]},{\"@type\":\"WebSite\",\"@id\":\"https:\\\/\\\/infopba247.com.ar\\\/#website\",\"url\":\"https:\\\/\\\/infopba247.com.ar\\\/\",\"name\":\"InfoPBA247\",\"description\":\"Toda la actualidad bonaerense\",\"publisher\":{\"@id\":\"https:\\\/\\\/infopba247.com.ar\\\/#organization\"},\"potentialAction\":[{\"@type\":\"SearchAction\",\"target\":{\"@type\":\"EntryPoint\",\"urlTemplate\":\"https:\\\/\\\/infopba247.com.ar\\\/?s={search_term_string}\"},\"query-input\":{\"@type\":\"PropertyValueSpecification\",\"valueRequired\":true,\"valueName\":\"search_term_string\"}}],\"inLanguage\":\"es\"},{\"@type\":\"Organization\",\"@id\":\"https:\\\/\\\/infopba247.com.ar\\\/#organization\",\"name\":\"InfoPBA247\",\"url\":\"https:\\\/\\\/infopba247.com.ar\\\/\",\"logo\":{\"@type\":\"ImageObject\",\"inLanguage\":\"es\",\"@id\":\"https:\\\/\\\/infopba247.com.ar\\\/#\\\/schema\\\/logo\\\/image\\\/\",\"url\":\"https:\\\/\\\/infopba247.com.ar\\\/wp-content\\\/uploads\\\/2022\\\/03\\\/cropped-InfoPBA247-1.png\",\"contentUrl\":\"https:\\\/\\\/infopba247.com.ar\\\/wp-content\\\/uploads\\\/2022\\\/03\\\/cropped-InfoPBA247-1.png\",\"width\":500,\"height\":122,\"caption\":\"InfoPBA247\"},\"image\":{\"@id\":\"https:\\\/\\\/infopba247.com.ar\\\/#\\\/schema\\\/logo\\\/image\\\/\"},\"sameAs\":[\"https:\\\/\\\/www.facebook.com\\\/InfoPBA\"]},{\"@type\":\"Person\",\"@id\":\"https:\\\/\\\/infopba247.com.ar\\\/#\\\/schema\\\/person\\\/4975f1343a413e57bf839b3eed0099f2\",\"name\":\"Editor\",\"image\":{\"@type\":\"ImageObject\",\"inLanguage\":\"es\",\"@id\":\"https:\\\/\\\/secure.gravatar.com\\\/avatar\\\/d27fe9520667ca53441d36627a1d6b0fa4a813571ec4803687a7a3a7744685ac?s=96&d=mm&r=g\",\"url\":\"https:\\\/\\\/secure.gravatar.com\\\/avatar\\\/d27fe9520667ca53441d36627a1d6b0fa4a813571ec4803687a7a3a7744685ac?s=96&d=mm&r=g\",\"contentUrl\":\"https:\\\/\\\/secure.gravatar.com\\\/avatar\\\/d27fe9520667ca53441d36627a1d6b0fa4a813571ec4803687a7a3a7744685ac?s=96&d=mm&r=g\",\"caption\":\"Editor\"},\"url\":\"https:\\\/\\\/infopba247.com.ar\\\/index.php\\\/author\\\/editor\\\/\"}]}<\/script>\n<!-- \/ Yoast SEO plugin. -->","yoast_head_json":{"title":"\u201cCiudad limpia\u201d: Alak present\u00f3 un programa de limpieza de paredes y espacios vandalizados - InfoPBA247","robots":{"index":"index","follow":"follow","max-snippet":"max-snippet:-1","max-image-preview":"max-image-preview:large","max-video-preview":"max-video-preview:-1"},"canonical":"https:\/\/infopba247.com.ar\/index.php\/2024\/08\/20\/ciudad-limpia-alak-presento-un-programa-de-limpieza-de-paredes-y-espacios-vandalizados\/","og_locale":"es_ES","og_type":"article","og_title":"\u201cCiudad limpia\u201d: Alak present\u00f3 un programa de limpieza de paredes y espacios vandalizados - InfoPBA247","og_description":"El intendente de La Plata, Julio Alak, encabez\u00f3 este lunes en Plaza Moreno la presentaci\u00f3n del \u00abPrograma Ciudad Limpia\u00bb, una","og_url":"https:\/\/infopba247.com.ar\/index.php\/2024\/08\/20\/ciudad-limpia-alak-presento-un-programa-de-limpieza-de-paredes-y-espacios-vandalizados\/","og_site_name":"InfoPBA247","article_publisher":"https:\/\/www.facebook.com\/InfoPBA","article_published_time":"2024-08-20T10:22:10+00:00","og_image":[{"width":1620,"height":1080,"url":"https:\/\/infopba247.com.ar\/wp-content\/uploads\/2024\/08\/unnamed-40.jpg","type":"image\/jpeg"}],"author":"Editor","twitter_card":"summary_large_image","twitter_misc":{"Escrito por":"Editor","Tiempo de lectura":"2 minutos"},"schema":{"@context":"https:\/\/schema.org","@graph":[{"@type":"Article","@id":"https:\/\/infopba247.com.ar\/index.php\/2024\/08\/20\/ciudad-limpia-alak-presento-un-programa-de-limpieza-de-paredes-y-espacios-vandalizados\/#article","isPartOf":{"@id":"https:\/\/infopba247.com.ar\/index.php\/2024\/08\/20\/ciudad-limpia-alak-presento-un-programa-de-limpieza-de-paredes-y-espacios-vandalizados\/"},"author":{"name":"Editor","@id":"https:\/\/infopba247.com.ar\/#\/schema\/person\/4975f1343a413e57bf839b3eed0099f2"},"headline":"\u201cCiudad limpia\u201d: Alak present\u00f3 un programa de limpieza de paredes y espacios vandalizados","datePublished":"2024-08-20T10:22:10+00:00","mainEntityOfPage":{"@id":"https:\/\/infopba247.com.ar\/index.php\/2024\/08\/20\/ciudad-limpia-alak-presento-un-programa-de-limpieza-de-paredes-y-espacios-vandalizados\/"},"wordCount":365,"commentCount":0,"publisher":{"@id":"https:\/\/infopba247.com.ar\/#organization"},"image":{"@id":"https:\/\/infopba247.com.ar\/index.php\/2024\/08\/20\/ciudad-limpia-alak-presento-un-programa-de-limpieza-de-paredes-y-espacios-vandalizados\/#primaryimage"},"thumbnailUrl":"https:\/\/infopba247.com.ar\/wp-content\/uploads\/2024\/08\/unnamed-40.jpg","articleSection":["8va Secci\u00f3n","Destacadas","Pol\u00edtica"],"inLanguage":"es","potentialAction":[{"@type":"CommentAction","name":"Comment","target":["https:\/\/infopba247.com.ar\/index.php\/2024\/08\/20\/ciudad-limpia-alak-presento-un-programa-de-limpieza-de-paredes-y-espacios-vandalizados\/#respond"]}]},{"@type":"WebPage","@id":"https:\/\/infopba247.com.ar\/index.php\/2024\/08\/20\/ciudad-limpia-alak-presento-un-programa-de-limpieza-de-paredes-y-espacios-vandalizados\/","url":"https:\/\/infopba247.com.ar\/index.php\/2024\/08\/20\/ciudad-limpia-alak-presento-un-programa-de-limpieza-de-paredes-y-espacios-vandalizados\/","name":"\u201cCiudad limpia\u201d: Alak present\u00f3 un programa de limpieza de paredes y espacios vandalizados - InfoPBA247","isPartOf":{"@id":"https:\/\/infopba247.com.ar\/#website"},"primaryImageOfPage":{"@id":"https:\/\/infopba247.com.ar\/index.php\/2024\/08\/20\/ciudad-limpia-alak-presento-un-programa-de-limpieza-de-paredes-y-espacios-vandalizados\/#primaryimage"},"image":{"@id":"https:\/\/infopba247.com.ar\/index.php\/2024\/08\/20\/ciudad-limpia-alak-presento-un-programa-de-limpieza-de-paredes-y-espacios-vandalizados\/#primaryimage"},"thumbnailUrl":"https:\/\/infopba247.com.ar\/wp-content\/uploads\/2024\/08\/unnamed-40.jpg","datePublished":"2024-08-20T10:22:10+00:00","breadcrumb":{"@id":"https:\/\/infopba247.com.ar\/index.php\/2024\/08\/20\/ciudad-limpia-alak-presento-un-programa-de-limpieza-de-paredes-y-espacios-vandalizados\/#breadcrumb"},"inLanguage":"es","potentialAction":[{"@type":"ReadAction","target":["https:\/\/infopba247.com.ar\/index.php\/2024\/08\/20\/ciudad-limpia-alak-presento-un-programa-de-limpieza-de-paredes-y-espacios-vandalizados\/"]}]},{"@type":"ImageObject","inLanguage":"es","@id":"https:\/\/infopba247.com.ar\/index.php\/2024\/08\/20\/ciudad-limpia-alak-presento-un-programa-de-limpieza-de-paredes-y-espacios-vandalizados\/#primaryimage","url":"https:\/\/infopba247.com.ar\/wp-content\/uploads\/2024\/08\/unnamed-40.jpg","contentUrl":"https:\/\/infopba247.com.ar\/wp-content\/uploads\/2024\/08\/unnamed-40.jpg","width":1620,"height":1080},{"@type":"BreadcrumbList","@id":"https:\/\/infopba247.com.ar\/index.php\/2024\/08\/20\/ciudad-limpia-alak-presento-un-programa-de-limpieza-de-paredes-y-espacios-vandalizados\/#breadcrumb","itemListElement":[{"@type":"ListItem","position":1,"name":"Portada","item":"https:\/\/infopba247.com.ar\/"},{"@type":"ListItem","position":2,"name":"\u201cCiudad limpia\u201d: Alak present\u00f3 un programa de limpieza de paredes y espacios vandalizados"}]},{"@type":"WebSite","@id":"https:\/\/infopba247.com.ar\/#website","url":"https:\/\/infopba247.com.ar\/","name":"InfoPBA247","description":"Toda la actualidad bonaerense","publisher":{"@id":"https:\/\/infopba247.com.ar\/#organization"},"potentialAction":[{"@type":"SearchAction","target":{"@type":"EntryPoint","urlTemplate":"https:\/\/infopba247.com.ar\/?s={search_term_string}"},"query-input":{"@type":"PropertyValueSpecification","valueRequired":true,"valueName":"search_term_string"}}],"inLanguage":"es"},{"@type":"Organization","@id":"https:\/\/infopba247.com.ar\/#organization","name":"InfoPBA247","url":"https:\/\/infopba247.com.ar\/","logo":{"@type":"ImageObject","inLanguage":"es","@id":"https:\/\/infopba247.com.ar\/#\/schema\/logo\/image\/","url":"https:\/\/infopba247.com.ar\/wp-content\/uploads\/2022\/03\/cropped-InfoPBA247-1.png","contentUrl":"https:\/\/infopba247.com.ar\/wp-content\/uploads\/2022\/03\/cropped-InfoPBA247-1.png","width":500,"height":122,"caption":"InfoPBA247"},"image":{"@id":"https:\/\/infopba247.com.ar\/#\/schema\/logo\/image\/"},"sameAs":["https:\/\/www.facebook.com\/InfoPBA"]},{"@type":"Person","@id":"https:\/\/infopba247.com.ar\/#\/schema\/person\/4975f1343a413e57bf839b3eed0099f2","name":"Editor","image":{"@type":"ImageObject","inLanguage":"es","@id":"https:\/\/secure.gravatar.com\/avatar\/d27fe9520667ca53441d36627a1d6b0fa4a813571ec4803687a7a3a7744685ac?s=96&d=mm&r=g","url":"https:\/\/secure.gravatar.com\/avatar\/d27fe9520667ca53441d36627a1d6b0fa4a813571ec4803687a7a3a7744685ac?s=96&d=mm&r=g","contentUrl":"https:\/\/secure.gravatar.com\/avatar\/d27fe9520667ca53441d36627a1d6b0fa4a813571ec4803687a7a3a7744685ac?s=96&d=mm&r=g","caption":"Editor"},"url":"https:\/\/infopba247.com.ar\/index.php\/author\/editor\/"}]}},"_links":{"self":[{"href":"https:\/\/infopba247.com.ar\/index.php\/wp-json\/wp\/v2\/posts\/4897","targetHints":{"allow":["GET"]}}],"collection":[{"href":"https:\/\/infopba247.com.ar\/index.php\/wp-json\/wp\/v2\/posts"}],"about":[{"href":"https:\/\/infopba247.com.ar\/index.php\/wp-json\/wp\/v2\/types\/post"}],"author":[{"embeddable":true,"href":"https:\/\/infopba247.com.ar\/index.php\/wp-json\/wp\/v2\/users\/3"}],"replies":[{"embeddable":true,"href":"https:\/\/infopba247.com.ar\/index.php\/wp-json\/wp\/v2\/comments?post=4897"}],"version-history":[{"count":1,"href":"https:\/\/infopba247.com.ar\/index.php\/wp-json\/wp\/v2\/posts\/4897\/revisions"}],"predecessor-version":[{"id":4898,"href":"https:\/\/infopba247.com.ar\/index.php\/wp-json\/wp\/v2\/posts\/4897\/revisions\/4898"}],"wp:featuredmedia":[{"embeddable":true,"href":"https:\/\/infopba247.com.ar\/index.php\/wp-json\/wp\/v2\/media\/4895"}],"wp:attachment":[{"href":"https:\/\/infopba247.com.ar\/index.php\/wp-json\/wp\/v2\/media?parent=4897"}],"wp:term":[{"taxonomy":"category","embeddable":true,"href":"https:\/\/infopba247.com.ar\/index.php\/wp-json\/wp\/v2\/categories?post=4897"},{"taxonomy":"post_tag","embeddable":true,"href":"https:\/\/infopba247.com.ar\/index.php\/wp-json\/wp\/v2\/tags?post=4897"}],"curies":[{"name":"wp","href":"https:\/\/api.w.org\/{rel}","templated":true}]}}