{"id":4885,"date":"2024-08-19T10:47:34","date_gmt":"2024-08-19T13:47:34","guid":{"rendered":"https:\/\/infopba247.com.ar\/?p=4885"},"modified":"2024-08-19T10:47:34","modified_gmt":"2024-08-19T13:47:34","slug":"fernandez-y-rodriguez-pusieron-en-marcha-el-programa-huertas-urbanas-bonaerenses-en-moreno","status":"publish","type":"post","link":"https:\/\/infopba247.com.ar\/index.php\/2024\/08\/19\/fernandez-y-rodriguez-pusieron-en-marcha-el-programa-huertas-urbanas-bonaerenses-en-moreno\/","title":{"rendered":"Fern\u00e1ndez y Rodr\u00edguez pusieron en marcha el programa Huertas Urbanas Bonaerenses en Moreno"},"content":{"rendered":"\n<p>La intendenta de Moreno, Mariel Fern\u00e1ndez, junto al ministro de Desarrollo Agrario de la provincia de Buenos Aires, Javier Rodr\u00edguez, pusieron en marcha el programa \u201cHuertas Urbanas Bonaerenses\u201d, una iniciativa impulsada por el gobierno provincial para fortalecer la producci\u00f3n agroecol\u00f3gica en entornos urbanos.<\/p>\n\n\n\n<p>El inicio de este proyecto se celebr\u00f3 con un acto en el Centro Comunitario \u201cVirgen del Rosario de San Nicol\u00e1s\u201d, ubicado en el barrio 1 de Marzo de la localidad de Cuartel V, espacio que se convirti\u00f3 en el primero en adherirse al programa y recibi\u00f3 herramientas e insumos para potenciar su huerta comunitaria. En este marco, la intendenta expres\u00f3: \u201cEstamos transitando un momento muy dif\u00edcil porque tenemos un gobierno nacional que no tiene empat\u00eda por nadie y que no gestiona. No llegan los fondos de seguridad, no mandan alimentos, tienen la mercader\u00eda guardada en galpones, existen denuncias y ellos presentan distintos recursos judiciales para no entregarla. Por eso son tan importantes estas pol\u00edticas alimentarias y el desarrollo de las huertas urbanas que se van a fortalecer con el apoyo del Estado provincial\u201d.<\/p>\n\n\n\n<p>Por su parte, el ministro de Desarrollo Agrario, se\u00f1al\u00f3: \u201cDecidimos avanzar con este programa por la necesidad de conseguir empleo y por el acceso de una alimentaci\u00f3n sana y saludable.&nbsp; De esta forma colaboramos y fortalecemos el entramado de huertas urbanas que adem\u00e1s son generadoras de empleo, de un ingreso y garantizan a la comunidad la posibilidad de conseguir alimentos de calidad.\u201d<\/p>\n\n\n\n<p>A trav\u00e9s de capacitaciones y entrega de insumos, el programa Huertas Urbanas Bonaerenses busca promover la creaci\u00f3n y mantenimiento de huertas en barrios, escuelas y espacios comunitarios con pr\u00e1cticas agroecol\u00f3gicas, para fomentar la producci\u00f3n local de alimentos frescos, y as\u00ed generar un impacto positivo en la alimentaci\u00f3n y el ambiente. Con esta adhesi\u00f3n, Moreno reafirma su apuesta por el desarrollo sostenible y la producci\u00f3n agroecol\u00f3gica como ejes fundamentales de su gesti\u00f3n. En esta ocasi\u00f3n, el municipio recibi\u00f3 insumos que permitir\u00e1n producir m\u00e1s de 50 mil plantines.<\/p>\n\n\n\n<p>Para adherirse o realizar consultas, dirigirse a&nbsp; Bouchard 34 Moreno&nbsp; o enviar un mail imdel@moreno.gov.ar.<\/p>\n\n\n\n<p>El evento cont\u00f3 con la participaci\u00f3n de Ezequiel Weiner, director provincial de Agricultura Familiar y Desarrollo Rural; Mariano S\u00e1nchez, administrador general del IMDEL; Daiana Anad\u00f3n, secretaria de Ambiente y Desarrollo Sostenible, y otras autoridades provinciales y municipales.<\/p>\n","protected":false},"excerpt":{"rendered":"<p>La intendenta de Moreno, Mariel Fern\u00e1ndez, junto al ministro de Desarrollo Agrario de la provincia de Buenos Aires, Javier Rodr\u00edguez,<\/p>\n","protected":false},"author":3,"featured_media":4876,"comment_status":"open","ping_status":"open","sticky":false,"template":"","format":"standard","meta":{"colormag_page_container_layout":"default_layout","colormag_page_sidebar_layout":"default_layout","footnotes":""},"categories":[5,1,14],"tags":[],"class_list":["post-4885","post","type-post","status-publish","format-standard","has-post-thumbnail","hentry","category-1ra-seccion","category-destacadas","category-politica"],"yoast_head":"<!-- This site is optimized with the Yoast SEO plugin v27.4 - https:\/\/yoast.com\/product\/yoast-seo-wordpress\/ -->\n<title>Fern\u00e1ndez y Rodr\u00edguez pusieron en marcha el programa Huertas Urbanas Bonaerenses en Moreno - InfoPBA247<\/title>\n<meta name=\"robots\" content=\"index, follow, max-snippet:-1, max-image-preview:large, max-video-preview:-1\" \/>\n<link rel=\"canonical\" href=\"https:\/\/infopba247.com.ar\/index.php\/2024\/08\/19\/fernandez-y-rodriguez-pusieron-en-marcha-el-programa-huertas-urbanas-bonaerenses-en-moreno\/\" \/>\n<meta property=\"og:locale\" content=\"es_ES\" \/>\n<meta property=\"og:type\" content=\"article\" \/>\n<meta property=\"og:title\" content=\"Fern\u00e1ndez y Rodr\u00edguez pusieron en marcha el programa Huertas Urbanas Bonaerenses en Moreno - InfoPBA247\" \/>\n<meta property=\"og:description\" content=\"La intendenta de Moreno, Mariel Fern\u00e1ndez, junto al ministro de Desarrollo Agrario de la provincia de Buenos Aires, Javier Rodr\u00edguez,\" \/>\n<meta property=\"og:url\" content=\"https:\/\/infopba247.com.ar\/index.php\/2024\/08\/19\/fernandez-y-rodriguez-pusieron-en-marcha-el-programa-huertas-urbanas-bonaerenses-en-moreno\/\" \/>\n<meta property=\"og:site_name\" content=\"InfoPBA247\" \/>\n<meta property=\"article:publisher\" content=\"https:\/\/www.facebook.com\/InfoPBA\" \/>\n<meta property=\"article:published_time\" content=\"2024-08-19T13:47:34+00:00\" \/>\n<meta property=\"og:image\" content=\"https:\/\/infopba247.com.ar\/wp-content\/uploads\/2024\/08\/HUERTAS-URBANAS-scaled.jpg\" \/>\n\t<meta property=\"og:image:width\" content=\"2560\" \/>\n\t<meta property=\"og:image:height\" content=\"1707\" \/>\n\t<meta property=\"og:image:type\" content=\"image\/jpeg\" \/>\n<meta name=\"author\" content=\"Editor\" \/>\n<meta name=\"twitter:card\" content=\"summary_large_image\" \/>\n<meta name=\"twitter:label1\" content=\"Escrito por\" \/>\n\t<meta name=\"twitter:data1\" content=\"Editor\" \/>\n\t<meta name=\"twitter:label2\" content=\"Tiempo de lectura\" \/>\n\t<meta name=\"twitter:data2\" content=\"2 minutos\" \/>\n<script type=\"application\/ld+json\" class=\"yoast-schema-graph\">{\"@context\":\"https:\\\/\\\/schema.org\",\"@graph\":[{\"@type\":\"Article\",\"@id\":\"https:\\\/\\\/infopba247.com.ar\\\/index.php\\\/2024\\\/08\\\/19\\\/fernandez-y-rodriguez-pusieron-en-marcha-el-programa-huertas-urbanas-bonaerenses-en-moreno\\\/#article\",\"isPartOf\":{\"@id\":\"https:\\\/\\\/infopba247.com.ar\\\/index.php\\\/2024\\\/08\\\/19\\\/fernandez-y-rodriguez-pusieron-en-marcha-el-programa-huertas-urbanas-bonaerenses-en-moreno\\\/\"},\"author\":{\"name\":\"Editor\",\"@id\":\"https:\\\/\\\/infopba247.com.ar\\\/#\\\/schema\\\/person\\\/4975f1343a413e57bf839b3eed0099f2\"},\"headline\":\"Fern\u00e1ndez y Rodr\u00edguez pusieron en marcha el programa Huertas Urbanas Bonaerenses en Moreno\",\"datePublished\":\"2024-08-19T13:47:34+00:00\",\"mainEntityOfPage\":{\"@id\":\"https:\\\/\\\/infopba247.com.ar\\\/index.php\\\/2024\\\/08\\\/19\\\/fernandez-y-rodriguez-pusieron-en-marcha-el-programa-huertas-urbanas-bonaerenses-en-moreno\\\/\"},\"wordCount\":422,\"commentCount\":0,\"publisher\":{\"@id\":\"https:\\\/\\\/infopba247.com.ar\\\/#organization\"},\"image\":{\"@id\":\"https:\\\/\\\/infopba247.com.ar\\\/index.php\\\/2024\\\/08\\\/19\\\/fernandez-y-rodriguez-pusieron-en-marcha-el-programa-huertas-urbanas-bonaerenses-en-moreno\\\/#primaryimage\"},\"thumbnailUrl\":\"https:\\\/\\\/infopba247.com.ar\\\/wp-content\\\/uploads\\\/2024\\\/08\\\/HUERTAS-URBANAS-scaled.jpg\",\"articleSection\":[\"1ra Secci\u00f3n\",\"Destacadas\",\"Pol\u00edtica\"],\"inLanguage\":\"es\",\"potentialAction\":[{\"@type\":\"CommentAction\",\"name\":\"Comment\",\"target\":[\"https:\\\/\\\/infopba247.com.ar\\\/index.php\\\/2024\\\/08\\\/19\\\/fernandez-y-rodriguez-pusieron-en-marcha-el-programa-huertas-urbanas-bonaerenses-en-moreno\\\/#respond\"]}]},{\"@type\":\"WebPage\",\"@id\":\"https:\\\/\\\/infopba247.com.ar\\\/index.php\\\/2024\\\/08\\\/19\\\/fernandez-y-rodriguez-pusieron-en-marcha-el-programa-huertas-urbanas-bonaerenses-en-moreno\\\/\",\"url\":\"https:\\\/\\\/infopba247.com.ar\\\/index.php\\\/2024\\\/08\\\/19\\\/fernandez-y-rodriguez-pusieron-en-marcha-el-programa-huertas-urbanas-bonaerenses-en-moreno\\\/\",\"name\":\"Fern\u00e1ndez y Rodr\u00edguez pusieron en marcha el programa Huertas Urbanas Bonaerenses en Moreno - InfoPBA247\",\"isPartOf\":{\"@id\":\"https:\\\/\\\/infopba247.com.ar\\\/#website\"},\"primaryImageOfPage\":{\"@id\":\"https:\\\/\\\/infopba247.com.ar\\\/index.php\\\/2024\\\/08\\\/19\\\/fernandez-y-rodriguez-pusieron-en-marcha-el-programa-huertas-urbanas-bonaerenses-en-moreno\\\/#primaryimage\"},\"image\":{\"@id\":\"https:\\\/\\\/infopba247.com.ar\\\/index.php\\\/2024\\\/08\\\/19\\\/fernandez-y-rodriguez-pusieron-en-marcha-el-programa-huertas-urbanas-bonaerenses-en-moreno\\\/#primaryimage\"},\"thumbnailUrl\":\"https:\\\/\\\/infopba247.com.ar\\\/wp-content\\\/uploads\\\/2024\\\/08\\\/HUERTAS-URBANAS-scaled.jpg\",\"datePublished\":\"2024-08-19T13:47:34+00:00\",\"breadcrumb\":{\"@id\":\"https:\\\/\\\/infopba247.com.ar\\\/index.php\\\/2024\\\/08\\\/19\\\/fernandez-y-rodriguez-pusieron-en-marcha-el-programa-huertas-urbanas-bonaerenses-en-moreno\\\/#breadcrumb\"},\"inLanguage\":\"es\",\"potentialAction\":[{\"@type\":\"ReadAction\",\"target\":[\"https:\\\/\\\/infopba247.com.ar\\\/index.php\\\/2024\\\/08\\\/19\\\/fernandez-y-rodriguez-pusieron-en-marcha-el-programa-huertas-urbanas-bonaerenses-en-moreno\\\/\"]}]},{\"@type\":\"ImageObject\",\"inLanguage\":\"es\",\"@id\":\"https:\\\/\\\/infopba247.com.ar\\\/index.php\\\/2024\\\/08\\\/19\\\/fernandez-y-rodriguez-pusieron-en-marcha-el-programa-huertas-urbanas-bonaerenses-en-moreno\\\/#primaryimage\",\"url\":\"https:\\\/\\\/infopba247.com.ar\\\/wp-content\\\/uploads\\\/2024\\\/08\\\/HUERTAS-URBANAS-scaled.jpg\",\"contentUrl\":\"https:\\\/\\\/infopba247.com.ar\\\/wp-content\\\/uploads\\\/2024\\\/08\\\/HUERTAS-URBANAS-scaled.jpg\",\"width\":2560,\"height\":1707},{\"@type\":\"BreadcrumbList\",\"@id\":\"https:\\\/\\\/infopba247.com.ar\\\/index.php\\\/2024\\\/08\\\/19\\\/fernandez-y-rodriguez-pusieron-en-marcha-el-programa-huertas-urbanas-bonaerenses-en-moreno\\\/#breadcrumb\",\"itemListElement\":[{\"@type\":\"ListItem\",\"position\":1,\"name\":\"Portada\",\"item\":\"https:\\\/\\\/infopba247.com.ar\\\/\"},{\"@type\":\"ListItem\",\"position\":2,\"name\":\"Fern\u00e1ndez y Rodr\u00edguez pusieron en marcha el programa Huertas Urbanas Bonaerenses en Moreno\"}]},{\"@type\":\"WebSite\",\"@id\":\"https:\\\/\\\/infopba247.com.ar\\\/#website\",\"url\":\"https:\\\/\\\/infopba247.com.ar\\\/\",\"name\":\"InfoPBA247\",\"description\":\"Toda la actualidad bonaerense\",\"publisher\":{\"@id\":\"https:\\\/\\\/infopba247.com.ar\\\/#organization\"},\"potentialAction\":[{\"@type\":\"SearchAction\",\"target\":{\"@type\":\"EntryPoint\",\"urlTemplate\":\"https:\\\/\\\/infopba247.com.ar\\\/?s={search_term_string}\"},\"query-input\":{\"@type\":\"PropertyValueSpecification\",\"valueRequired\":true,\"valueName\":\"search_term_string\"}}],\"inLanguage\":\"es\"},{\"@type\":\"Organization\",\"@id\":\"https:\\\/\\\/infopba247.com.ar\\\/#organization\",\"name\":\"InfoPBA247\",\"url\":\"https:\\\/\\\/infopba247.com.ar\\\/\",\"logo\":{\"@type\":\"ImageObject\",\"inLanguage\":\"es\",\"@id\":\"https:\\\/\\\/infopba247.com.ar\\\/#\\\/schema\\\/logo\\\/image\\\/\",\"url\":\"https:\\\/\\\/infopba247.com.ar\\\/wp-content\\\/uploads\\\/2022\\\/03\\\/cropped-InfoPBA247-1.png\",\"contentUrl\":\"https:\\\/\\\/infopba247.com.ar\\\/wp-content\\\/uploads\\\/2022\\\/03\\\/cropped-InfoPBA247-1.png\",\"width\":500,\"height\":122,\"caption\":\"InfoPBA247\"},\"image\":{\"@id\":\"https:\\\/\\\/infopba247.com.ar\\\/#\\\/schema\\\/logo\\\/image\\\/\"},\"sameAs\":[\"https:\\\/\\\/www.facebook.com\\\/InfoPBA\"]},{\"@type\":\"Person\",\"@id\":\"https:\\\/\\\/infopba247.com.ar\\\/#\\\/schema\\\/person\\\/4975f1343a413e57bf839b3eed0099f2\",\"name\":\"Editor\",\"image\":{\"@type\":\"ImageObject\",\"inLanguage\":\"es\",\"@id\":\"https:\\\/\\\/secure.gravatar.com\\\/avatar\\\/d27fe9520667ca53441d36627a1d6b0fa4a813571ec4803687a7a3a7744685ac?s=96&d=mm&r=g\",\"url\":\"https:\\\/\\\/secure.gravatar.com\\\/avatar\\\/d27fe9520667ca53441d36627a1d6b0fa4a813571ec4803687a7a3a7744685ac?s=96&d=mm&r=g\",\"contentUrl\":\"https:\\\/\\\/secure.gravatar.com\\\/avatar\\\/d27fe9520667ca53441d36627a1d6b0fa4a813571ec4803687a7a3a7744685ac?s=96&d=mm&r=g\",\"caption\":\"Editor\"},\"url\":\"https:\\\/\\\/infopba247.com.ar\\\/index.php\\\/author\\\/editor\\\/\"}]}<\/script>\n<!-- \/ Yoast SEO plugin. -->","yoast_head_json":{"title":"Fern\u00e1ndez y Rodr\u00edguez pusieron en marcha el programa Huertas Urbanas Bonaerenses en Moreno - InfoPBA247","robots":{"index":"index","follow":"follow","max-snippet":"max-snippet:-1","max-image-preview":"max-image-preview:large","max-video-preview":"max-video-preview:-1"},"canonical":"https:\/\/infopba247.com.ar\/index.php\/2024\/08\/19\/fernandez-y-rodriguez-pusieron-en-marcha-el-programa-huertas-urbanas-bonaerenses-en-moreno\/","og_locale":"es_ES","og_type":"article","og_title":"Fern\u00e1ndez y Rodr\u00edguez pusieron en marcha el programa Huertas Urbanas Bonaerenses en Moreno - InfoPBA247","og_description":"La intendenta de Moreno, Mariel Fern\u00e1ndez, junto al ministro de Desarrollo Agrario de la provincia de Buenos Aires, Javier Rodr\u00edguez,","og_url":"https:\/\/infopba247.com.ar\/index.php\/2024\/08\/19\/fernandez-y-rodriguez-pusieron-en-marcha-el-programa-huertas-urbanas-bonaerenses-en-moreno\/","og_site_name":"InfoPBA247","article_publisher":"https:\/\/www.facebook.com\/InfoPBA","article_published_time":"2024-08-19T13:47:34+00:00","og_image":[{"width":2560,"height":1707,"url":"https:\/\/infopba247.com.ar\/wp-content\/uploads\/2024\/08\/HUERTAS-URBANAS-scaled.jpg","type":"image\/jpeg"}],"author":"Editor","twitter_card":"summary_large_image","twitter_misc":{"Escrito por":"Editor","Tiempo de lectura":"2 minutos"},"schema":{"@context":"https:\/\/schema.org","@graph":[{"@type":"Article","@id":"https:\/\/infopba247.com.ar\/index.php\/2024\/08\/19\/fernandez-y-rodriguez-pusieron-en-marcha-el-programa-huertas-urbanas-bonaerenses-en-moreno\/#article","isPartOf":{"@id":"https:\/\/infopba247.com.ar\/index.php\/2024\/08\/19\/fernandez-y-rodriguez-pusieron-en-marcha-el-programa-huertas-urbanas-bonaerenses-en-moreno\/"},"author":{"name":"Editor","@id":"https:\/\/infopba247.com.ar\/#\/schema\/person\/4975f1343a413e57bf839b3eed0099f2"},"headline":"Fern\u00e1ndez y Rodr\u00edguez pusieron en marcha el programa Huertas Urbanas Bonaerenses en Moreno","datePublished":"2024-08-19T13:47:34+00:00","mainEntityOfPage":{"@id":"https:\/\/infopba247.com.ar\/index.php\/2024\/08\/19\/fernandez-y-rodriguez-pusieron-en-marcha-el-programa-huertas-urbanas-bonaerenses-en-moreno\/"},"wordCount":422,"commentCount":0,"publisher":{"@id":"https:\/\/infopba247.com.ar\/#organization"},"image":{"@id":"https:\/\/infopba247.com.ar\/index.php\/2024\/08\/19\/fernandez-y-rodriguez-pusieron-en-marcha-el-programa-huertas-urbanas-bonaerenses-en-moreno\/#primaryimage"},"thumbnailUrl":"https:\/\/infopba247.com.ar\/wp-content\/uploads\/2024\/08\/HUERTAS-URBANAS-scaled.jpg","articleSection":["1ra Secci\u00f3n","Destacadas","Pol\u00edtica"],"inLanguage":"es","potentialAction":[{"@type":"CommentAction","name":"Comment","target":["https:\/\/infopba247.com.ar\/index.php\/2024\/08\/19\/fernandez-y-rodriguez-pusieron-en-marcha-el-programa-huertas-urbanas-bonaerenses-en-moreno\/#respond"]}]},{"@type":"WebPage","@id":"https:\/\/infopba247.com.ar\/index.php\/2024\/08\/19\/fernandez-y-rodriguez-pusieron-en-marcha-el-programa-huertas-urbanas-bonaerenses-en-moreno\/","url":"https:\/\/infopba247.com.ar\/index.php\/2024\/08\/19\/fernandez-y-rodriguez-pusieron-en-marcha-el-programa-huertas-urbanas-bonaerenses-en-moreno\/","name":"Fern\u00e1ndez y Rodr\u00edguez pusieron en marcha el programa Huertas Urbanas Bonaerenses en Moreno - InfoPBA247","isPartOf":{"@id":"https:\/\/infopba247.com.ar\/#website"},"primaryImageOfPage":{"@id":"https:\/\/infopba247.com.ar\/index.php\/2024\/08\/19\/fernandez-y-rodriguez-pusieron-en-marcha-el-programa-huertas-urbanas-bonaerenses-en-moreno\/#primaryimage"},"image":{"@id":"https:\/\/infopba247.com.ar\/index.php\/2024\/08\/19\/fernandez-y-rodriguez-pusieron-en-marcha-el-programa-huertas-urbanas-bonaerenses-en-moreno\/#primaryimage"},"thumbnailUrl":"https:\/\/infopba247.com.ar\/wp-content\/uploads\/2024\/08\/HUERTAS-URBANAS-scaled.jpg","datePublished":"2024-08-19T13:47:34+00:00","breadcrumb":{"@id":"https:\/\/infopba247.com.ar\/index.php\/2024\/08\/19\/fernandez-y-rodriguez-pusieron-en-marcha-el-programa-huertas-urbanas-bonaerenses-en-moreno\/#breadcrumb"},"inLanguage":"es","potentialAction":[{"@type":"ReadAction","target":["https:\/\/infopba247.com.ar\/index.php\/2024\/08\/19\/fernandez-y-rodriguez-pusieron-en-marcha-el-programa-huertas-urbanas-bonaerenses-en-moreno\/"]}]},{"@type":"ImageObject","inLanguage":"es","@id":"https:\/\/infopba247.com.ar\/index.php\/2024\/08\/19\/fernandez-y-rodriguez-pusieron-en-marcha-el-programa-huertas-urbanas-bonaerenses-en-moreno\/#primaryimage","url":"https:\/\/infopba247.com.ar\/wp-content\/uploads\/2024\/08\/HUERTAS-URBANAS-scaled.jpg","contentUrl":"https:\/\/infopba247.com.ar\/wp-content\/uploads\/2024\/08\/HUERTAS-URBANAS-scaled.jpg","width":2560,"height":1707},{"@type":"BreadcrumbList","@id":"https:\/\/infopba247.com.ar\/index.php\/2024\/08\/19\/fernandez-y-rodriguez-pusieron-en-marcha-el-programa-huertas-urbanas-bonaerenses-en-moreno\/#breadcrumb","itemListElement":[{"@type":"ListItem","position":1,"name":"Portada","item":"https:\/\/infopba247.com.ar\/"},{"@type":"ListItem","position":2,"name":"Fern\u00e1ndez y Rodr\u00edguez pusieron en marcha el programa Huertas Urbanas Bonaerenses en Moreno"}]},{"@type":"WebSite","@id":"https:\/\/infopba247.com.ar\/#website","url":"https:\/\/infopba247.com.ar\/","name":"InfoPBA247","description":"Toda la actualidad bonaerense","publisher":{"@id":"https:\/\/infopba247.com.ar\/#organization"},"potentialAction":[{"@type":"SearchAction","target":{"@type":"EntryPoint","urlTemplate":"https:\/\/infopba247.com.ar\/?s={search_term_string}"},"query-input":{"@type":"PropertyValueSpecification","valueRequired":true,"valueName":"search_term_string"}}],"inLanguage":"es"},{"@type":"Organization","@id":"https:\/\/infopba247.com.ar\/#organization","name":"InfoPBA247","url":"https:\/\/infopba247.com.ar\/","logo":{"@type":"ImageObject","inLanguage":"es","@id":"https:\/\/infopba247.com.ar\/#\/schema\/logo\/image\/","url":"https:\/\/infopba247.com.ar\/wp-content\/uploads\/2022\/03\/cropped-InfoPBA247-1.png","contentUrl":"https:\/\/infopba247.com.ar\/wp-content\/uploads\/2022\/03\/cropped-InfoPBA247-1.png","width":500,"height":122,"caption":"InfoPBA247"},"image":{"@id":"https:\/\/infopba247.com.ar\/#\/schema\/logo\/image\/"},"sameAs":["https:\/\/www.facebook.com\/InfoPBA"]},{"@type":"Person","@id":"https:\/\/infopba247.com.ar\/#\/schema\/person\/4975f1343a413e57bf839b3eed0099f2","name":"Editor","image":{"@type":"ImageObject","inLanguage":"es","@id":"https:\/\/secure.gravatar.com\/avatar\/d27fe9520667ca53441d36627a1d6b0fa4a813571ec4803687a7a3a7744685ac?s=96&d=mm&r=g","url":"https:\/\/secure.gravatar.com\/avatar\/d27fe9520667ca53441d36627a1d6b0fa4a813571ec4803687a7a3a7744685ac?s=96&d=mm&r=g","contentUrl":"https:\/\/secure.gravatar.com\/avatar\/d27fe9520667ca53441d36627a1d6b0fa4a813571ec4803687a7a3a7744685ac?s=96&d=mm&r=g","caption":"Editor"},"url":"https:\/\/infopba247.com.ar\/index.php\/author\/editor\/"}]}},"_links":{"self":[{"href":"https:\/\/infopba247.com.ar\/index.php\/wp-json\/wp\/v2\/posts\/4885","targetHints":{"allow":["GET"]}}],"collection":[{"href":"https:\/\/infopba247.com.ar\/index.php\/wp-json\/wp\/v2\/posts"}],"about":[{"href":"https:\/\/infopba247.com.ar\/index.php\/wp-json\/wp\/v2\/types\/post"}],"author":[{"embeddable":true,"href":"https:\/\/infopba247.com.ar\/index.php\/wp-json\/wp\/v2\/users\/3"}],"replies":[{"embeddable":true,"href":"https:\/\/infopba247.com.ar\/index.php\/wp-json\/wp\/v2\/comments?post=4885"}],"version-history":[{"count":1,"href":"https:\/\/infopba247.com.ar\/index.php\/wp-json\/wp\/v2\/posts\/4885\/revisions"}],"predecessor-version":[{"id":4886,"href":"https:\/\/infopba247.com.ar\/index.php\/wp-json\/wp\/v2\/posts\/4885\/revisions\/4886"}],"wp:featuredmedia":[{"embeddable":true,"href":"https:\/\/infopba247.com.ar\/index.php\/wp-json\/wp\/v2\/media\/4876"}],"wp:attachment":[{"href":"https:\/\/infopba247.com.ar\/index.php\/wp-json\/wp\/v2\/media?parent=4885"}],"wp:term":[{"taxonomy":"category","embeddable":true,"href":"https:\/\/infopba247.com.ar\/index.php\/wp-json\/wp\/v2\/categories?post=4885"},{"taxonomy":"post_tag","embeddable":true,"href":"https:\/\/infopba247.com.ar\/index.php\/wp-json\/wp\/v2\/tags?post=4885"}],"curies":[{"name":"wp","href":"https:\/\/api.w.org\/{rel}","templated":true}]}}