{"id":4832,"date":"2024-08-14T09:51:22","date_gmt":"2024-08-14T12:51:22","guid":{"rendered":"https:\/\/infopba247.com.ar\/?p=4832"},"modified":"2024-08-14T09:52:38","modified_gmt":"2024-08-14T12:52:38","slug":"mas-de-30-festivales-regionales-de-cine-recibiran-el-apoyo-economico-de-la-provincia","status":"publish","type":"post","link":"https:\/\/infopba247.com.ar\/index.php\/2024\/08\/14\/mas-de-30-festivales-regionales-de-cine-recibiran-el-apoyo-economico-de-la-provincia\/","title":{"rendered":"M\u00e1s de 30 festivales regionales de cine recibir\u00e1n el apoyo econ\u00f3mico de la Provincia"},"content":{"rendered":"\n<p>EI Instituto Cultural de la Provincia de Buenos Aires lanz\u00f3 en julio de este a\u00f1o la \u201cConvocatoria de Fomento a Festivales Regionales de Cine Bonaerenses 2024\u201d, que otorga auspicios econ\u00f3micos para la producci\u00f3n y realizaci\u00f3n de estos eventos en la Provincia. A trav\u00e9s de la convocatoria, ya se concret\u00f3 el apoyo a 30 festivales a lo largo del territorio bonaerense, preexistentes a la gestaci\u00f3n de FICPBA, y est\u00e1 prevista una reapertura a partir de noviembre para los festivales a realizarse en el primer semestre de 2025.<\/p>\n\n\n\n<p>La propuesta est\u00e1 destinada a los organizadores de festivales o muestras de contenidos audiovisuales con asiento en la Provincia, y \u201ctiene como objetivo central favorecer el desarrollo del sector audiovisual, el fortalecimiento de pantallas y p\u00fablicos locales, una mejora de la difusi\u00f3n, distribuci\u00f3n y exhibici\u00f3n y el fomento de actividades cinematogr\u00e1ficas, asistiendo a la planificaci\u00f3n, organizaci\u00f3n y ejecuci\u00f3n de las mismas\u201d, se\u00f1alaron desde el organismo que conduce Florencia Saintout.<\/p>\n\n\n\n<p>\u201cSe busca entonces fortalecer los festivales de cine como espacios de democratizaci\u00f3n, promoci\u00f3n y est\u00edmulo de la econom\u00eda del sector, propiciar la confluencia entre las y los directores, actores, actrices, productores, distribuidores, guionistas, t\u00e9cnicos, y trabajadores de la producci\u00f3n audiovisual para favorecer la creaci\u00f3n de nuevas pantallas y p\u00fablicos, reconociendo la identidad, diversidad y la soberan\u00eda cultural de los festivales de cine de toda la Provincia de Buenos Aires\u201d, agregaron desde el Instituto Cultural.<\/p>\n\n\n\n<p>Entre las pol\u00edticas audiovisuales que se llevan adelante desde la cartera de cultura del gobierno de Axel Kicillof se encuentra el Festival Internacional de Cine de la Provincia de Buenos Aires (FICPBA), que tendr\u00e1 la segunda edici\u00f3n entre el 4 y el 14 de septiembre. El certamen est\u00e1 pensado para promocionar la identidad y festivales bonaerenses de cara al mundo.<\/p>\n\n\n\n<p>En el marco de FICPBA se realizar\u00e1 un nuevo encuentro de estudiantes universitarios de cine y, desde el 5 al 9 de septiembre, la primera edici\u00f3n del Mercado Internacional de la Industria Audiovisual de la Provincia, que busca facilitar encuentros para la concreci\u00f3n de acuerdos de coproducci\u00f3n internacional, promoviendo el fomento, la distribuci\u00f3n, el intercambio, y la integraci\u00f3n cultural entre la provincia y el mundo, en un espacio de cooperaci\u00f3n nacional, regional e internacional.<\/p>\n\n\n\n<p>BAFILMA es otra de las acciones implementadas. Se trata de la plataforma audiovisual bonaerense con contenidos audiovisuales provinciales y de alta calidad profesional, de acceso libre y gratuito, la cual est\u00e1 en permanente crecimiento. Adem\u00e1s ofrece informaci\u00f3n sobre locaciones, salas y festivales de cine, un registro \u00fanico de la actividad y un archivo.<\/p>\n\n\n\n<p>En tanto, el Instituto Cultural desarrolla una serie de capacitaciones en el ciclo Lab.IC, destinadas a la industria del cine: \u201cConstrucci\u00f3n de guion\u201d a cargo del guionista y director Israel Adri\u00e1n Caetano; \u201cProducci\u00f3n y distribuci\u00f3n\u201d, a cargo de la productora cinematogr\u00e1fica Ver\u00f3nica Cura; y \u201cArte y fotograf\u00eda\u201d, con los docentes Sandra Iurcovich (directora de arte y escen\u00f3grafa en cine y televisi\u00f3n) y Claudio Beiza&nbsp; (director de fotograf\u00eda y c\u00e1mara en cine y televisi\u00f3n).<\/p>\n\n\n\n<p>En tanto, durante 2022 y 2023, el Instituto implement\u00f3 el \u201cFomento al Desarrollo de proyectos Audiovisuales\u201d que tuvo 80 ganadores que recibieron un premio econ\u00f3mico. Tambi\u00e9n se realiz\u00f3 Ventana Bonaerense, un llamado a producciones locales para que puedan acceder a diferentes pantallas. El concurso de cortos \u201cDesenfocades\u201d, destinado a adolescentes y j\u00f3venes, es otra de las l\u00edneas de acci\u00f3n en esta materia que llev\u00f3 adelante la cartera cultural.<\/p>\n\n\n\n<p>Adem\u00e1s se dio inicio a talleres del programa Cine al Barrio, un proyecto que articula la colaboraci\u00f3n entre la Defensor\u00eda del P\u00fablico y la Subsecretar\u00eda de Industrias Creativas, que acerca herramientas audiovisuales mediante talleres para que los vecinos y vecinas de distintas localidades bonaerenses puedan realizar de manera \u00edntegra su propio cortometraje, que luego ser\u00e1 exhibido en el Festival Internacional de Cine de la Provincia de Buenos Aires.<\/p>\n","protected":false},"excerpt":{"rendered":"<p>EI Instituto Cultural de la Provincia de Buenos Aires lanz\u00f3 en julio de este a\u00f1o la \u201cConvocatoria de Fomento a<\/p>\n","protected":false},"author":3,"featured_media":4836,"comment_status":"open","ping_status":"open","sticky":false,"template":"","format":"standard","meta":{"colormag_page_container_layout":"default_layout","colormag_page_sidebar_layout":"default_layout","footnotes":""},"categories":[1,14],"tags":[],"class_list":["post-4832","post","type-post","status-publish","format-standard","has-post-thumbnail","hentry","category-destacadas","category-politica"],"yoast_head":"<!-- This site is optimized with the Yoast SEO plugin v27.4 - https:\/\/yoast.com\/product\/yoast-seo-wordpress\/ -->\n<title>M\u00e1s de 30 festivales regionales de cine recibir\u00e1n el apoyo econ\u00f3mico de la Provincia - InfoPBA247<\/title>\n<meta name=\"robots\" content=\"index, follow, max-snippet:-1, max-image-preview:large, max-video-preview:-1\" \/>\n<link rel=\"canonical\" href=\"https:\/\/infopba247.com.ar\/index.php\/2024\/08\/14\/mas-de-30-festivales-regionales-de-cine-recibiran-el-apoyo-economico-de-la-provincia\/\" \/>\n<meta property=\"og:locale\" content=\"es_ES\" \/>\n<meta property=\"og:type\" content=\"article\" \/>\n<meta property=\"og:title\" content=\"M\u00e1s de 30 festivales regionales de cine recibir\u00e1n el apoyo econ\u00f3mico de la Provincia - InfoPBA247\" \/>\n<meta property=\"og:description\" content=\"EI Instituto Cultural de la Provincia de Buenos Aires lanz\u00f3 en julio de este a\u00f1o la \u201cConvocatoria de Fomento a\" \/>\n<meta property=\"og:url\" content=\"https:\/\/infopba247.com.ar\/index.php\/2024\/08\/14\/mas-de-30-festivales-regionales-de-cine-recibiran-el-apoyo-economico-de-la-provincia\/\" \/>\n<meta property=\"og:site_name\" content=\"InfoPBA247\" \/>\n<meta property=\"article:publisher\" content=\"https:\/\/www.facebook.com\/InfoPBA\" \/>\n<meta property=\"article:published_time\" content=\"2024-08-14T12:51:22+00:00\" \/>\n<meta property=\"article:modified_time\" content=\"2024-08-14T12:52:38+00:00\" \/>\n<meta property=\"og:image\" content=\"https:\/\/infopba247.com.ar\/wp-content\/uploads\/2024\/08\/D05A0284-1-scaled.jpg\" \/>\n\t<meta property=\"og:image:width\" content=\"2560\" \/>\n\t<meta property=\"og:image:height\" content=\"1707\" \/>\n\t<meta property=\"og:image:type\" content=\"image\/jpeg\" \/>\n<meta name=\"author\" content=\"Editor\" \/>\n<meta name=\"twitter:card\" content=\"summary_large_image\" \/>\n<meta name=\"twitter:label1\" content=\"Escrito por\" \/>\n\t<meta name=\"twitter:data1\" content=\"Editor\" \/>\n\t<meta name=\"twitter:label2\" content=\"Tiempo de lectura\" \/>\n\t<meta name=\"twitter:data2\" content=\"3 minutos\" \/>\n<script type=\"application\/ld+json\" class=\"yoast-schema-graph\">{\"@context\":\"https:\\\/\\\/schema.org\",\"@graph\":[{\"@type\":\"Article\",\"@id\":\"https:\\\/\\\/infopba247.com.ar\\\/index.php\\\/2024\\\/08\\\/14\\\/mas-de-30-festivales-regionales-de-cine-recibiran-el-apoyo-economico-de-la-provincia\\\/#article\",\"isPartOf\":{\"@id\":\"https:\\\/\\\/infopba247.com.ar\\\/index.php\\\/2024\\\/08\\\/14\\\/mas-de-30-festivales-regionales-de-cine-recibiran-el-apoyo-economico-de-la-provincia\\\/\"},\"author\":{\"name\":\"Editor\",\"@id\":\"https:\\\/\\\/infopba247.com.ar\\\/#\\\/schema\\\/person\\\/4975f1343a413e57bf839b3eed0099f2\"},\"headline\":\"M\u00e1s de 30 festivales regionales de cine recibir\u00e1n el apoyo econ\u00f3mico de la Provincia\",\"datePublished\":\"2024-08-14T12:51:22+00:00\",\"dateModified\":\"2024-08-14T12:52:38+00:00\",\"mainEntityOfPage\":{\"@id\":\"https:\\\/\\\/infopba247.com.ar\\\/index.php\\\/2024\\\/08\\\/14\\\/mas-de-30-festivales-regionales-de-cine-recibiran-el-apoyo-economico-de-la-provincia\\\/\"},\"wordCount\":689,\"commentCount\":0,\"publisher\":{\"@id\":\"https:\\\/\\\/infopba247.com.ar\\\/#organization\"},\"image\":{\"@id\":\"https:\\\/\\\/infopba247.com.ar\\\/index.php\\\/2024\\\/08\\\/14\\\/mas-de-30-festivales-regionales-de-cine-recibiran-el-apoyo-economico-de-la-provincia\\\/#primaryimage\"},\"thumbnailUrl\":\"https:\\\/\\\/infopba247.com.ar\\\/wp-content\\\/uploads\\\/2024\\\/08\\\/D05A0284-1-scaled.jpg\",\"articleSection\":[\"Destacadas\",\"Pol\u00edtica\"],\"inLanguage\":\"es\",\"potentialAction\":[{\"@type\":\"CommentAction\",\"name\":\"Comment\",\"target\":[\"https:\\\/\\\/infopba247.com.ar\\\/index.php\\\/2024\\\/08\\\/14\\\/mas-de-30-festivales-regionales-de-cine-recibiran-el-apoyo-economico-de-la-provincia\\\/#respond\"]}]},{\"@type\":\"WebPage\",\"@id\":\"https:\\\/\\\/infopba247.com.ar\\\/index.php\\\/2024\\\/08\\\/14\\\/mas-de-30-festivales-regionales-de-cine-recibiran-el-apoyo-economico-de-la-provincia\\\/\",\"url\":\"https:\\\/\\\/infopba247.com.ar\\\/index.php\\\/2024\\\/08\\\/14\\\/mas-de-30-festivales-regionales-de-cine-recibiran-el-apoyo-economico-de-la-provincia\\\/\",\"name\":\"M\u00e1s de 30 festivales regionales de cine recibir\u00e1n el apoyo econ\u00f3mico de la Provincia - InfoPBA247\",\"isPartOf\":{\"@id\":\"https:\\\/\\\/infopba247.com.ar\\\/#website\"},\"primaryImageOfPage\":{\"@id\":\"https:\\\/\\\/infopba247.com.ar\\\/index.php\\\/2024\\\/08\\\/14\\\/mas-de-30-festivales-regionales-de-cine-recibiran-el-apoyo-economico-de-la-provincia\\\/#primaryimage\"},\"image\":{\"@id\":\"https:\\\/\\\/infopba247.com.ar\\\/index.php\\\/2024\\\/08\\\/14\\\/mas-de-30-festivales-regionales-de-cine-recibiran-el-apoyo-economico-de-la-provincia\\\/#primaryimage\"},\"thumbnailUrl\":\"https:\\\/\\\/infopba247.com.ar\\\/wp-content\\\/uploads\\\/2024\\\/08\\\/D05A0284-1-scaled.jpg\",\"datePublished\":\"2024-08-14T12:51:22+00:00\",\"dateModified\":\"2024-08-14T12:52:38+00:00\",\"breadcrumb\":{\"@id\":\"https:\\\/\\\/infopba247.com.ar\\\/index.php\\\/2024\\\/08\\\/14\\\/mas-de-30-festivales-regionales-de-cine-recibiran-el-apoyo-economico-de-la-provincia\\\/#breadcrumb\"},\"inLanguage\":\"es\",\"potentialAction\":[{\"@type\":\"ReadAction\",\"target\":[\"https:\\\/\\\/infopba247.com.ar\\\/index.php\\\/2024\\\/08\\\/14\\\/mas-de-30-festivales-regionales-de-cine-recibiran-el-apoyo-economico-de-la-provincia\\\/\"]}]},{\"@type\":\"ImageObject\",\"inLanguage\":\"es\",\"@id\":\"https:\\\/\\\/infopba247.com.ar\\\/index.php\\\/2024\\\/08\\\/14\\\/mas-de-30-festivales-regionales-de-cine-recibiran-el-apoyo-economico-de-la-provincia\\\/#primaryimage\",\"url\":\"https:\\\/\\\/infopba247.com.ar\\\/wp-content\\\/uploads\\\/2024\\\/08\\\/D05A0284-1-scaled.jpg\",\"contentUrl\":\"https:\\\/\\\/infopba247.com.ar\\\/wp-content\\\/uploads\\\/2024\\\/08\\\/D05A0284-1-scaled.jpg\",\"width\":2560,\"height\":1707},{\"@type\":\"BreadcrumbList\",\"@id\":\"https:\\\/\\\/infopba247.com.ar\\\/index.php\\\/2024\\\/08\\\/14\\\/mas-de-30-festivales-regionales-de-cine-recibiran-el-apoyo-economico-de-la-provincia\\\/#breadcrumb\",\"itemListElement\":[{\"@type\":\"ListItem\",\"position\":1,\"name\":\"Portada\",\"item\":\"https:\\\/\\\/infopba247.com.ar\\\/\"},{\"@type\":\"ListItem\",\"position\":2,\"name\":\"M\u00e1s de 30 festivales regionales de cine recibir\u00e1n el apoyo econ\u00f3mico de la Provincia\"}]},{\"@type\":\"WebSite\",\"@id\":\"https:\\\/\\\/infopba247.com.ar\\\/#website\",\"url\":\"https:\\\/\\\/infopba247.com.ar\\\/\",\"name\":\"InfoPBA247\",\"description\":\"Toda la actualidad bonaerense\",\"publisher\":{\"@id\":\"https:\\\/\\\/infopba247.com.ar\\\/#organization\"},\"potentialAction\":[{\"@type\":\"SearchAction\",\"target\":{\"@type\":\"EntryPoint\",\"urlTemplate\":\"https:\\\/\\\/infopba247.com.ar\\\/?s={search_term_string}\"},\"query-input\":{\"@type\":\"PropertyValueSpecification\",\"valueRequired\":true,\"valueName\":\"search_term_string\"}}],\"inLanguage\":\"es\"},{\"@type\":\"Organization\",\"@id\":\"https:\\\/\\\/infopba247.com.ar\\\/#organization\",\"name\":\"InfoPBA247\",\"url\":\"https:\\\/\\\/infopba247.com.ar\\\/\",\"logo\":{\"@type\":\"ImageObject\",\"inLanguage\":\"es\",\"@id\":\"https:\\\/\\\/infopba247.com.ar\\\/#\\\/schema\\\/logo\\\/image\\\/\",\"url\":\"https:\\\/\\\/infopba247.com.ar\\\/wp-content\\\/uploads\\\/2022\\\/03\\\/cropped-InfoPBA247-1.png\",\"contentUrl\":\"https:\\\/\\\/infopba247.com.ar\\\/wp-content\\\/uploads\\\/2022\\\/03\\\/cropped-InfoPBA247-1.png\",\"width\":500,\"height\":122,\"caption\":\"InfoPBA247\"},\"image\":{\"@id\":\"https:\\\/\\\/infopba247.com.ar\\\/#\\\/schema\\\/logo\\\/image\\\/\"},\"sameAs\":[\"https:\\\/\\\/www.facebook.com\\\/InfoPBA\"]},{\"@type\":\"Person\",\"@id\":\"https:\\\/\\\/infopba247.com.ar\\\/#\\\/schema\\\/person\\\/4975f1343a413e57bf839b3eed0099f2\",\"name\":\"Editor\",\"image\":{\"@type\":\"ImageObject\",\"inLanguage\":\"es\",\"@id\":\"https:\\\/\\\/secure.gravatar.com\\\/avatar\\\/d27fe9520667ca53441d36627a1d6b0fa4a813571ec4803687a7a3a7744685ac?s=96&d=mm&r=g\",\"url\":\"https:\\\/\\\/secure.gravatar.com\\\/avatar\\\/d27fe9520667ca53441d36627a1d6b0fa4a813571ec4803687a7a3a7744685ac?s=96&d=mm&r=g\",\"contentUrl\":\"https:\\\/\\\/secure.gravatar.com\\\/avatar\\\/d27fe9520667ca53441d36627a1d6b0fa4a813571ec4803687a7a3a7744685ac?s=96&d=mm&r=g\",\"caption\":\"Editor\"},\"url\":\"https:\\\/\\\/infopba247.com.ar\\\/index.php\\\/author\\\/editor\\\/\"}]}<\/script>\n<!-- \/ Yoast SEO plugin. -->","yoast_head_json":{"title":"M\u00e1s de 30 festivales regionales de cine recibir\u00e1n el apoyo econ\u00f3mico de la Provincia - InfoPBA247","robots":{"index":"index","follow":"follow","max-snippet":"max-snippet:-1","max-image-preview":"max-image-preview:large","max-video-preview":"max-video-preview:-1"},"canonical":"https:\/\/infopba247.com.ar\/index.php\/2024\/08\/14\/mas-de-30-festivales-regionales-de-cine-recibiran-el-apoyo-economico-de-la-provincia\/","og_locale":"es_ES","og_type":"article","og_title":"M\u00e1s de 30 festivales regionales de cine recibir\u00e1n el apoyo econ\u00f3mico de la Provincia - InfoPBA247","og_description":"EI Instituto Cultural de la Provincia de Buenos Aires lanz\u00f3 en julio de este a\u00f1o la \u201cConvocatoria de Fomento a","og_url":"https:\/\/infopba247.com.ar\/index.php\/2024\/08\/14\/mas-de-30-festivales-regionales-de-cine-recibiran-el-apoyo-economico-de-la-provincia\/","og_site_name":"InfoPBA247","article_publisher":"https:\/\/www.facebook.com\/InfoPBA","article_published_time":"2024-08-14T12:51:22+00:00","article_modified_time":"2024-08-14T12:52:38+00:00","og_image":[{"width":2560,"height":1707,"url":"https:\/\/infopba247.com.ar\/wp-content\/uploads\/2024\/08\/D05A0284-1-scaled.jpg","type":"image\/jpeg"}],"author":"Editor","twitter_card":"summary_large_image","twitter_misc":{"Escrito por":"Editor","Tiempo de lectura":"3 minutos"},"schema":{"@context":"https:\/\/schema.org","@graph":[{"@type":"Article","@id":"https:\/\/infopba247.com.ar\/index.php\/2024\/08\/14\/mas-de-30-festivales-regionales-de-cine-recibiran-el-apoyo-economico-de-la-provincia\/#article","isPartOf":{"@id":"https:\/\/infopba247.com.ar\/index.php\/2024\/08\/14\/mas-de-30-festivales-regionales-de-cine-recibiran-el-apoyo-economico-de-la-provincia\/"},"author":{"name":"Editor","@id":"https:\/\/infopba247.com.ar\/#\/schema\/person\/4975f1343a413e57bf839b3eed0099f2"},"headline":"M\u00e1s de 30 festivales regionales de cine recibir\u00e1n el apoyo econ\u00f3mico de la Provincia","datePublished":"2024-08-14T12:51:22+00:00","dateModified":"2024-08-14T12:52:38+00:00","mainEntityOfPage":{"@id":"https:\/\/infopba247.com.ar\/index.php\/2024\/08\/14\/mas-de-30-festivales-regionales-de-cine-recibiran-el-apoyo-economico-de-la-provincia\/"},"wordCount":689,"commentCount":0,"publisher":{"@id":"https:\/\/infopba247.com.ar\/#organization"},"image":{"@id":"https:\/\/infopba247.com.ar\/index.php\/2024\/08\/14\/mas-de-30-festivales-regionales-de-cine-recibiran-el-apoyo-economico-de-la-provincia\/#primaryimage"},"thumbnailUrl":"https:\/\/infopba247.com.ar\/wp-content\/uploads\/2024\/08\/D05A0284-1-scaled.jpg","articleSection":["Destacadas","Pol\u00edtica"],"inLanguage":"es","potentialAction":[{"@type":"CommentAction","name":"Comment","target":["https:\/\/infopba247.com.ar\/index.php\/2024\/08\/14\/mas-de-30-festivales-regionales-de-cine-recibiran-el-apoyo-economico-de-la-provincia\/#respond"]}]},{"@type":"WebPage","@id":"https:\/\/infopba247.com.ar\/index.php\/2024\/08\/14\/mas-de-30-festivales-regionales-de-cine-recibiran-el-apoyo-economico-de-la-provincia\/","url":"https:\/\/infopba247.com.ar\/index.php\/2024\/08\/14\/mas-de-30-festivales-regionales-de-cine-recibiran-el-apoyo-economico-de-la-provincia\/","name":"M\u00e1s de 30 festivales regionales de cine recibir\u00e1n el apoyo econ\u00f3mico de la Provincia - InfoPBA247","isPartOf":{"@id":"https:\/\/infopba247.com.ar\/#website"},"primaryImageOfPage":{"@id":"https:\/\/infopba247.com.ar\/index.php\/2024\/08\/14\/mas-de-30-festivales-regionales-de-cine-recibiran-el-apoyo-economico-de-la-provincia\/#primaryimage"},"image":{"@id":"https:\/\/infopba247.com.ar\/index.php\/2024\/08\/14\/mas-de-30-festivales-regionales-de-cine-recibiran-el-apoyo-economico-de-la-provincia\/#primaryimage"},"thumbnailUrl":"https:\/\/infopba247.com.ar\/wp-content\/uploads\/2024\/08\/D05A0284-1-scaled.jpg","datePublished":"2024-08-14T12:51:22+00:00","dateModified":"2024-08-14T12:52:38+00:00","breadcrumb":{"@id":"https:\/\/infopba247.com.ar\/index.php\/2024\/08\/14\/mas-de-30-festivales-regionales-de-cine-recibiran-el-apoyo-economico-de-la-provincia\/#breadcrumb"},"inLanguage":"es","potentialAction":[{"@type":"ReadAction","target":["https:\/\/infopba247.com.ar\/index.php\/2024\/08\/14\/mas-de-30-festivales-regionales-de-cine-recibiran-el-apoyo-economico-de-la-provincia\/"]}]},{"@type":"ImageObject","inLanguage":"es","@id":"https:\/\/infopba247.com.ar\/index.php\/2024\/08\/14\/mas-de-30-festivales-regionales-de-cine-recibiran-el-apoyo-economico-de-la-provincia\/#primaryimage","url":"https:\/\/infopba247.com.ar\/wp-content\/uploads\/2024\/08\/D05A0284-1-scaled.jpg","contentUrl":"https:\/\/infopba247.com.ar\/wp-content\/uploads\/2024\/08\/D05A0284-1-scaled.jpg","width":2560,"height":1707},{"@type":"BreadcrumbList","@id":"https:\/\/infopba247.com.ar\/index.php\/2024\/08\/14\/mas-de-30-festivales-regionales-de-cine-recibiran-el-apoyo-economico-de-la-provincia\/#breadcrumb","itemListElement":[{"@type":"ListItem","position":1,"name":"Portada","item":"https:\/\/infopba247.com.ar\/"},{"@type":"ListItem","position":2,"name":"M\u00e1s de 30 festivales regionales de cine recibir\u00e1n el apoyo econ\u00f3mico de la Provincia"}]},{"@type":"WebSite","@id":"https:\/\/infopba247.com.ar\/#website","url":"https:\/\/infopba247.com.ar\/","name":"InfoPBA247","description":"Toda la actualidad bonaerense","publisher":{"@id":"https:\/\/infopba247.com.ar\/#organization"},"potentialAction":[{"@type":"SearchAction","target":{"@type":"EntryPoint","urlTemplate":"https:\/\/infopba247.com.ar\/?s={search_term_string}"},"query-input":{"@type":"PropertyValueSpecification","valueRequired":true,"valueName":"search_term_string"}}],"inLanguage":"es"},{"@type":"Organization","@id":"https:\/\/infopba247.com.ar\/#organization","name":"InfoPBA247","url":"https:\/\/infopba247.com.ar\/","logo":{"@type":"ImageObject","inLanguage":"es","@id":"https:\/\/infopba247.com.ar\/#\/schema\/logo\/image\/","url":"https:\/\/infopba247.com.ar\/wp-content\/uploads\/2022\/03\/cropped-InfoPBA247-1.png","contentUrl":"https:\/\/infopba247.com.ar\/wp-content\/uploads\/2022\/03\/cropped-InfoPBA247-1.png","width":500,"height":122,"caption":"InfoPBA247"},"image":{"@id":"https:\/\/infopba247.com.ar\/#\/schema\/logo\/image\/"},"sameAs":["https:\/\/www.facebook.com\/InfoPBA"]},{"@type":"Person","@id":"https:\/\/infopba247.com.ar\/#\/schema\/person\/4975f1343a413e57bf839b3eed0099f2","name":"Editor","image":{"@type":"ImageObject","inLanguage":"es","@id":"https:\/\/secure.gravatar.com\/avatar\/d27fe9520667ca53441d36627a1d6b0fa4a813571ec4803687a7a3a7744685ac?s=96&d=mm&r=g","url":"https:\/\/secure.gravatar.com\/avatar\/d27fe9520667ca53441d36627a1d6b0fa4a813571ec4803687a7a3a7744685ac?s=96&d=mm&r=g","contentUrl":"https:\/\/secure.gravatar.com\/avatar\/d27fe9520667ca53441d36627a1d6b0fa4a813571ec4803687a7a3a7744685ac?s=96&d=mm&r=g","caption":"Editor"},"url":"https:\/\/infopba247.com.ar\/index.php\/author\/editor\/"}]}},"_links":{"self":[{"href":"https:\/\/infopba247.com.ar\/index.php\/wp-json\/wp\/v2\/posts\/4832","targetHints":{"allow":["GET"]}}],"collection":[{"href":"https:\/\/infopba247.com.ar\/index.php\/wp-json\/wp\/v2\/posts"}],"about":[{"href":"https:\/\/infopba247.com.ar\/index.php\/wp-json\/wp\/v2\/types\/post"}],"author":[{"embeddable":true,"href":"https:\/\/infopba247.com.ar\/index.php\/wp-json\/wp\/v2\/users\/3"}],"replies":[{"embeddable":true,"href":"https:\/\/infopba247.com.ar\/index.php\/wp-json\/wp\/v2\/comments?post=4832"}],"version-history":[{"count":1,"href":"https:\/\/infopba247.com.ar\/index.php\/wp-json\/wp\/v2\/posts\/4832\/revisions"}],"predecessor-version":[{"id":4833,"href":"https:\/\/infopba247.com.ar\/index.php\/wp-json\/wp\/v2\/posts\/4832\/revisions\/4833"}],"wp:featuredmedia":[{"embeddable":true,"href":"https:\/\/infopba247.com.ar\/index.php\/wp-json\/wp\/v2\/media\/4836"}],"wp:attachment":[{"href":"https:\/\/infopba247.com.ar\/index.php\/wp-json\/wp\/v2\/media?parent=4832"}],"wp:term":[{"taxonomy":"category","embeddable":true,"href":"https:\/\/infopba247.com.ar\/index.php\/wp-json\/wp\/v2\/categories?post=4832"},{"taxonomy":"post_tag","embeddable":true,"href":"https:\/\/infopba247.com.ar\/index.php\/wp-json\/wp\/v2\/tags?post=4832"}],"curies":[{"name":"wp","href":"https:\/\/api.w.org\/{rel}","templated":true}]}}