{"id":4816,"date":"2024-08-12T12:59:36","date_gmt":"2024-08-12T15:59:36","guid":{"rendered":"https:\/\/infopba247.com.ar\/?p=4816"},"modified":"2024-08-12T12:59:36","modified_gmt":"2024-08-12T15:59:36","slug":"la-municipalidad-creo-el-observatorio-para-la-prevencion-del-suicidio","status":"publish","type":"post","link":"https:\/\/infopba247.com.ar\/index.php\/2024\/08\/12\/la-municipalidad-creo-el-observatorio-para-la-prevencion-del-suicidio\/","title":{"rendered":"La Municipalidad cre\u00f3 el Observatorio para la Prevenci\u00f3n del Suicidio"},"content":{"rendered":"\n<p>La Municipalidad de La Plata conform\u00f3 el Observatorio para la Prevenci\u00f3n del Suicidio, un organismo in\u00e9dito a nivel local que funcionar\u00e1 como centro de investigaci\u00f3n, recopilaci\u00f3n y an\u00e1lisis de datos, causas y factores de riesgo asociados al suicidio para orientar futuras acciones de promoci\u00f3n y prevenci\u00f3n y evaluar su impacto.<\/p>\n\n\n\n<p>El nuevo observatorio ser\u00e1 coordinado por la Direcci\u00f3n de Salud Mental de la Secretar\u00eda de Salud de la gesti\u00f3n del intendente Julio Alak y marca un antes y un despu\u00e9s en la ciudad, sentando las bases para una acci\u00f3n integral y basada en datos concretos.<\/p>\n\n\n\n<p>Seg\u00fan se inform\u00f3, la propuesta contempla un abordaje integral que abarca la recolecci\u00f3n de datos sistem\u00e1ticos y confiables para conocer la realidad de esta problem\u00e1tica en La Plata, la elaboraci\u00f3n de un diagn\u00f3stico preciso y el dise\u00f1o de estrategias de prevenci\u00f3n espec\u00edficas y efectivas adaptadas a las necesidades y especificidades de la comunidad local.<\/p>\n\n\n\n<p>Vale destacar que en el a\u00f1o 2020 se sancion\u00f3 en el Municipio la Ordenanza N\u00b0 12.049 que crea el \u201cPrograma de Prevenci\u00f3n del Suicidio\u201d, el cual nunca se materializ\u00f3 en la pr\u00e1ctica.<\/p>\n\n\n\n<p>EL SUICIDIO, UN PROBLEMA DE SALUD P\u00daBLICA<\/p>\n\n\n\n<p>Existe una idea socialmente aceptada y difundida de que el suicidio es un acto privado e individual; sin embargo, representa un problema de salud p\u00fablica con causas y efectos de car\u00e1cter social, y es un fen\u00f3meno multicausal que est\u00e1 atravesado por factores del orden personal, comunitario y social, ya sea biol\u00f3gicos, psicol\u00f3gicos o socio-culturales, entre otros.<\/p>\n\n\n\n<p>Asimismo, se trata de una de las principales causas de muerte en adolescentes y j\u00f3venes a nivel mundial, que afecta no solo a los individuos sino tambi\u00e9n a familias y comunidades, pero que puede prevenirse con intervenciones oportunas basadas en la evidencia.<\/p>\n\n\n\n<p>Seg\u00fan la Organizaci\u00f3n Panamericana de la Salud (OPS), cada a\u00f1o m\u00e1s de 703.000 personas se quitan la vida tras numerosos intentos, lo que corresponde a una muerte cada 40 segundos.<\/p>\n\n\n\n<p>Si vos o alguien que conoc\u00e9s necesita ayuda, acercate al centro de salud m\u00e1s cercano. No est\u00e1s solo\/a.<\/p>\n","protected":false},"excerpt":{"rendered":"<p>La Municipalidad de La Plata conform\u00f3 el Observatorio para la Prevenci\u00f3n del Suicidio, un organismo in\u00e9dito a nivel local que<\/p>\n","protected":false},"author":3,"featured_media":4812,"comment_status":"open","ping_status":"open","sticky":false,"template":"","format":"standard","meta":{"colormag_page_container_layout":"default_layout","colormag_page_sidebar_layout":"default_layout","footnotes":""},"categories":[12,1,14],"tags":[],"class_list":["post-4816","post","type-post","status-publish","format-standard","has-post-thumbnail","hentry","category-8va-seccion","category-destacadas","category-politica"],"yoast_head":"<!-- This site is optimized with the Yoast SEO plugin v27.5 - https:\/\/yoast.com\/product\/yoast-seo-wordpress\/ -->\n<title>La Municipalidad cre\u00f3 el Observatorio para la Prevenci\u00f3n del Suicidio - InfoPBA247<\/title>\n<meta name=\"robots\" content=\"index, follow, max-snippet:-1, max-image-preview:large, max-video-preview:-1\" \/>\n<link rel=\"canonical\" href=\"https:\/\/infopba247.com.ar\/index.php\/2024\/08\/12\/la-municipalidad-creo-el-observatorio-para-la-prevencion-del-suicidio\/\" \/>\n<meta property=\"og:locale\" content=\"es_ES\" \/>\n<meta property=\"og:type\" content=\"article\" \/>\n<meta property=\"og:title\" content=\"La Municipalidad cre\u00f3 el Observatorio para la Prevenci\u00f3n del Suicidio - InfoPBA247\" \/>\n<meta property=\"og:description\" content=\"La Municipalidad de La Plata conform\u00f3 el Observatorio para la Prevenci\u00f3n del Suicidio, un organismo in\u00e9dito a nivel local que\" \/>\n<meta property=\"og:url\" content=\"https:\/\/infopba247.com.ar\/index.php\/2024\/08\/12\/la-municipalidad-creo-el-observatorio-para-la-prevencion-del-suicidio\/\" \/>\n<meta property=\"og:site_name\" content=\"InfoPBA247\" \/>\n<meta property=\"article:publisher\" content=\"https:\/\/www.facebook.com\/InfoPBA\" \/>\n<meta property=\"article:published_time\" content=\"2024-08-12T15:59:36+00:00\" \/>\n<meta property=\"og:image\" content=\"https:\/\/infopba247.com.ar\/wp-content\/uploads\/2024\/08\/unnamed-28-scaled.jpg\" \/>\n\t<meta property=\"og:image:width\" content=\"2560\" \/>\n\t<meta property=\"og:image:height\" content=\"1707\" \/>\n\t<meta property=\"og:image:type\" content=\"image\/jpeg\" \/>\n<meta name=\"author\" content=\"Editor\" \/>\n<meta name=\"twitter:card\" content=\"summary_large_image\" \/>\n<meta name=\"twitter:label1\" content=\"Escrito por\" \/>\n\t<meta name=\"twitter:data1\" content=\"Editor\" \/>\n\t<meta name=\"twitter:label2\" content=\"Tiempo de lectura\" \/>\n\t<meta name=\"twitter:data2\" content=\"2 minutos\" \/>\n<script type=\"application\/ld+json\" class=\"yoast-schema-graph\">{\"@context\":\"https:\\\/\\\/schema.org\",\"@graph\":[{\"@type\":\"Article\",\"@id\":\"https:\\\/\\\/infopba247.com.ar\\\/index.php\\\/2024\\\/08\\\/12\\\/la-municipalidad-creo-el-observatorio-para-la-prevencion-del-suicidio\\\/#article\",\"isPartOf\":{\"@id\":\"https:\\\/\\\/infopba247.com.ar\\\/index.php\\\/2024\\\/08\\\/12\\\/la-municipalidad-creo-el-observatorio-para-la-prevencion-del-suicidio\\\/\"},\"author\":{\"name\":\"Editor\",\"@id\":\"https:\\\/\\\/infopba247.com.ar\\\/#\\\/schema\\\/person\\\/4975f1343a413e57bf839b3eed0099f2\"},\"headline\":\"La Municipalidad cre\u00f3 el Observatorio para la Prevenci\u00f3n del Suicidio\",\"datePublished\":\"2024-08-12T15:59:36+00:00\",\"mainEntityOfPage\":{\"@id\":\"https:\\\/\\\/infopba247.com.ar\\\/index.php\\\/2024\\\/08\\\/12\\\/la-municipalidad-creo-el-observatorio-para-la-prevencion-del-suicidio\\\/\"},\"wordCount\":381,\"commentCount\":0,\"publisher\":{\"@id\":\"https:\\\/\\\/infopba247.com.ar\\\/#organization\"},\"image\":{\"@id\":\"https:\\\/\\\/infopba247.com.ar\\\/index.php\\\/2024\\\/08\\\/12\\\/la-municipalidad-creo-el-observatorio-para-la-prevencion-del-suicidio\\\/#primaryimage\"},\"thumbnailUrl\":\"https:\\\/\\\/infopba247.com.ar\\\/wp-content\\\/uploads\\\/2024\\\/08\\\/unnamed-28-scaled.jpg\",\"articleSection\":[\"8va Secci\u00f3n\",\"Destacadas\",\"Pol\u00edtica\"],\"inLanguage\":\"es\",\"potentialAction\":[{\"@type\":\"CommentAction\",\"name\":\"Comment\",\"target\":[\"https:\\\/\\\/infopba247.com.ar\\\/index.php\\\/2024\\\/08\\\/12\\\/la-municipalidad-creo-el-observatorio-para-la-prevencion-del-suicidio\\\/#respond\"]}]},{\"@type\":\"WebPage\",\"@id\":\"https:\\\/\\\/infopba247.com.ar\\\/index.php\\\/2024\\\/08\\\/12\\\/la-municipalidad-creo-el-observatorio-para-la-prevencion-del-suicidio\\\/\",\"url\":\"https:\\\/\\\/infopba247.com.ar\\\/index.php\\\/2024\\\/08\\\/12\\\/la-municipalidad-creo-el-observatorio-para-la-prevencion-del-suicidio\\\/\",\"name\":\"La Municipalidad cre\u00f3 el Observatorio para la Prevenci\u00f3n del Suicidio - InfoPBA247\",\"isPartOf\":{\"@id\":\"https:\\\/\\\/infopba247.com.ar\\\/#website\"},\"primaryImageOfPage\":{\"@id\":\"https:\\\/\\\/infopba247.com.ar\\\/index.php\\\/2024\\\/08\\\/12\\\/la-municipalidad-creo-el-observatorio-para-la-prevencion-del-suicidio\\\/#primaryimage\"},\"image\":{\"@id\":\"https:\\\/\\\/infopba247.com.ar\\\/index.php\\\/2024\\\/08\\\/12\\\/la-municipalidad-creo-el-observatorio-para-la-prevencion-del-suicidio\\\/#primaryimage\"},\"thumbnailUrl\":\"https:\\\/\\\/infopba247.com.ar\\\/wp-content\\\/uploads\\\/2024\\\/08\\\/unnamed-28-scaled.jpg\",\"datePublished\":\"2024-08-12T15:59:36+00:00\",\"breadcrumb\":{\"@id\":\"https:\\\/\\\/infopba247.com.ar\\\/index.php\\\/2024\\\/08\\\/12\\\/la-municipalidad-creo-el-observatorio-para-la-prevencion-del-suicidio\\\/#breadcrumb\"},\"inLanguage\":\"es\",\"potentialAction\":[{\"@type\":\"ReadAction\",\"target\":[\"https:\\\/\\\/infopba247.com.ar\\\/index.php\\\/2024\\\/08\\\/12\\\/la-municipalidad-creo-el-observatorio-para-la-prevencion-del-suicidio\\\/\"]}]},{\"@type\":\"ImageObject\",\"inLanguage\":\"es\",\"@id\":\"https:\\\/\\\/infopba247.com.ar\\\/index.php\\\/2024\\\/08\\\/12\\\/la-municipalidad-creo-el-observatorio-para-la-prevencion-del-suicidio\\\/#primaryimage\",\"url\":\"https:\\\/\\\/infopba247.com.ar\\\/wp-content\\\/uploads\\\/2024\\\/08\\\/unnamed-28-scaled.jpg\",\"contentUrl\":\"https:\\\/\\\/infopba247.com.ar\\\/wp-content\\\/uploads\\\/2024\\\/08\\\/unnamed-28-scaled.jpg\",\"width\":2560,\"height\":1707},{\"@type\":\"BreadcrumbList\",\"@id\":\"https:\\\/\\\/infopba247.com.ar\\\/index.php\\\/2024\\\/08\\\/12\\\/la-municipalidad-creo-el-observatorio-para-la-prevencion-del-suicidio\\\/#breadcrumb\",\"itemListElement\":[{\"@type\":\"ListItem\",\"position\":1,\"name\":\"Portada\",\"item\":\"https:\\\/\\\/infopba247.com.ar\\\/\"},{\"@type\":\"ListItem\",\"position\":2,\"name\":\"La Municipalidad cre\u00f3 el Observatorio para la Prevenci\u00f3n del Suicidio\"}]},{\"@type\":\"WebSite\",\"@id\":\"https:\\\/\\\/infopba247.com.ar\\\/#website\",\"url\":\"https:\\\/\\\/infopba247.com.ar\\\/\",\"name\":\"InfoPBA247\",\"description\":\"Toda la actualidad bonaerense\",\"publisher\":{\"@id\":\"https:\\\/\\\/infopba247.com.ar\\\/#organization\"},\"potentialAction\":[{\"@type\":\"SearchAction\",\"target\":{\"@type\":\"EntryPoint\",\"urlTemplate\":\"https:\\\/\\\/infopba247.com.ar\\\/?s={search_term_string}\"},\"query-input\":{\"@type\":\"PropertyValueSpecification\",\"valueRequired\":true,\"valueName\":\"search_term_string\"}}],\"inLanguage\":\"es\"},{\"@type\":\"Organization\",\"@id\":\"https:\\\/\\\/infopba247.com.ar\\\/#organization\",\"name\":\"InfoPBA247\",\"url\":\"https:\\\/\\\/infopba247.com.ar\\\/\",\"logo\":{\"@type\":\"ImageObject\",\"inLanguage\":\"es\",\"@id\":\"https:\\\/\\\/infopba247.com.ar\\\/#\\\/schema\\\/logo\\\/image\\\/\",\"url\":\"https:\\\/\\\/infopba247.com.ar\\\/wp-content\\\/uploads\\\/2022\\\/03\\\/cropped-InfoPBA247-1.png\",\"contentUrl\":\"https:\\\/\\\/infopba247.com.ar\\\/wp-content\\\/uploads\\\/2022\\\/03\\\/cropped-InfoPBA247-1.png\",\"width\":500,\"height\":122,\"caption\":\"InfoPBA247\"},\"image\":{\"@id\":\"https:\\\/\\\/infopba247.com.ar\\\/#\\\/schema\\\/logo\\\/image\\\/\"},\"sameAs\":[\"https:\\\/\\\/www.facebook.com\\\/InfoPBA\"]},{\"@type\":\"Person\",\"@id\":\"https:\\\/\\\/infopba247.com.ar\\\/#\\\/schema\\\/person\\\/4975f1343a413e57bf839b3eed0099f2\",\"name\":\"Editor\",\"image\":{\"@type\":\"ImageObject\",\"inLanguage\":\"es\",\"@id\":\"https:\\\/\\\/secure.gravatar.com\\\/avatar\\\/d27fe9520667ca53441d36627a1d6b0fa4a813571ec4803687a7a3a7744685ac?s=96&d=mm&r=g\",\"url\":\"https:\\\/\\\/secure.gravatar.com\\\/avatar\\\/d27fe9520667ca53441d36627a1d6b0fa4a813571ec4803687a7a3a7744685ac?s=96&d=mm&r=g\",\"contentUrl\":\"https:\\\/\\\/secure.gravatar.com\\\/avatar\\\/d27fe9520667ca53441d36627a1d6b0fa4a813571ec4803687a7a3a7744685ac?s=96&d=mm&r=g\",\"caption\":\"Editor\"},\"url\":\"https:\\\/\\\/infopba247.com.ar\\\/index.php\\\/author\\\/editor\\\/\"}]}<\/script>\n<!-- \/ Yoast SEO plugin. -->","yoast_head_json":{"title":"La Municipalidad cre\u00f3 el Observatorio para la Prevenci\u00f3n del Suicidio - InfoPBA247","robots":{"index":"index","follow":"follow","max-snippet":"max-snippet:-1","max-image-preview":"max-image-preview:large","max-video-preview":"max-video-preview:-1"},"canonical":"https:\/\/infopba247.com.ar\/index.php\/2024\/08\/12\/la-municipalidad-creo-el-observatorio-para-la-prevencion-del-suicidio\/","og_locale":"es_ES","og_type":"article","og_title":"La Municipalidad cre\u00f3 el Observatorio para la Prevenci\u00f3n del Suicidio - InfoPBA247","og_description":"La Municipalidad de La Plata conform\u00f3 el Observatorio para la Prevenci\u00f3n del Suicidio, un organismo in\u00e9dito a nivel local que","og_url":"https:\/\/infopba247.com.ar\/index.php\/2024\/08\/12\/la-municipalidad-creo-el-observatorio-para-la-prevencion-del-suicidio\/","og_site_name":"InfoPBA247","article_publisher":"https:\/\/www.facebook.com\/InfoPBA","article_published_time":"2024-08-12T15:59:36+00:00","og_image":[{"width":2560,"height":1707,"url":"https:\/\/infopba247.com.ar\/wp-content\/uploads\/2024\/08\/unnamed-28-scaled.jpg","type":"image\/jpeg"}],"author":"Editor","twitter_card":"summary_large_image","twitter_misc":{"Escrito por":"Editor","Tiempo de lectura":"2 minutos"},"schema":{"@context":"https:\/\/schema.org","@graph":[{"@type":"Article","@id":"https:\/\/infopba247.com.ar\/index.php\/2024\/08\/12\/la-municipalidad-creo-el-observatorio-para-la-prevencion-del-suicidio\/#article","isPartOf":{"@id":"https:\/\/infopba247.com.ar\/index.php\/2024\/08\/12\/la-municipalidad-creo-el-observatorio-para-la-prevencion-del-suicidio\/"},"author":{"name":"Editor","@id":"https:\/\/infopba247.com.ar\/#\/schema\/person\/4975f1343a413e57bf839b3eed0099f2"},"headline":"La Municipalidad cre\u00f3 el Observatorio para la Prevenci\u00f3n del Suicidio","datePublished":"2024-08-12T15:59:36+00:00","mainEntityOfPage":{"@id":"https:\/\/infopba247.com.ar\/index.php\/2024\/08\/12\/la-municipalidad-creo-el-observatorio-para-la-prevencion-del-suicidio\/"},"wordCount":381,"commentCount":0,"publisher":{"@id":"https:\/\/infopba247.com.ar\/#organization"},"image":{"@id":"https:\/\/infopba247.com.ar\/index.php\/2024\/08\/12\/la-municipalidad-creo-el-observatorio-para-la-prevencion-del-suicidio\/#primaryimage"},"thumbnailUrl":"https:\/\/infopba247.com.ar\/wp-content\/uploads\/2024\/08\/unnamed-28-scaled.jpg","articleSection":["8va Secci\u00f3n","Destacadas","Pol\u00edtica"],"inLanguage":"es","potentialAction":[{"@type":"CommentAction","name":"Comment","target":["https:\/\/infopba247.com.ar\/index.php\/2024\/08\/12\/la-municipalidad-creo-el-observatorio-para-la-prevencion-del-suicidio\/#respond"]}]},{"@type":"WebPage","@id":"https:\/\/infopba247.com.ar\/index.php\/2024\/08\/12\/la-municipalidad-creo-el-observatorio-para-la-prevencion-del-suicidio\/","url":"https:\/\/infopba247.com.ar\/index.php\/2024\/08\/12\/la-municipalidad-creo-el-observatorio-para-la-prevencion-del-suicidio\/","name":"La Municipalidad cre\u00f3 el Observatorio para la Prevenci\u00f3n del Suicidio - InfoPBA247","isPartOf":{"@id":"https:\/\/infopba247.com.ar\/#website"},"primaryImageOfPage":{"@id":"https:\/\/infopba247.com.ar\/index.php\/2024\/08\/12\/la-municipalidad-creo-el-observatorio-para-la-prevencion-del-suicidio\/#primaryimage"},"image":{"@id":"https:\/\/infopba247.com.ar\/index.php\/2024\/08\/12\/la-municipalidad-creo-el-observatorio-para-la-prevencion-del-suicidio\/#primaryimage"},"thumbnailUrl":"https:\/\/infopba247.com.ar\/wp-content\/uploads\/2024\/08\/unnamed-28-scaled.jpg","datePublished":"2024-08-12T15:59:36+00:00","breadcrumb":{"@id":"https:\/\/infopba247.com.ar\/index.php\/2024\/08\/12\/la-municipalidad-creo-el-observatorio-para-la-prevencion-del-suicidio\/#breadcrumb"},"inLanguage":"es","potentialAction":[{"@type":"ReadAction","target":["https:\/\/infopba247.com.ar\/index.php\/2024\/08\/12\/la-municipalidad-creo-el-observatorio-para-la-prevencion-del-suicidio\/"]}]},{"@type":"ImageObject","inLanguage":"es","@id":"https:\/\/infopba247.com.ar\/index.php\/2024\/08\/12\/la-municipalidad-creo-el-observatorio-para-la-prevencion-del-suicidio\/#primaryimage","url":"https:\/\/infopba247.com.ar\/wp-content\/uploads\/2024\/08\/unnamed-28-scaled.jpg","contentUrl":"https:\/\/infopba247.com.ar\/wp-content\/uploads\/2024\/08\/unnamed-28-scaled.jpg","width":2560,"height":1707},{"@type":"BreadcrumbList","@id":"https:\/\/infopba247.com.ar\/index.php\/2024\/08\/12\/la-municipalidad-creo-el-observatorio-para-la-prevencion-del-suicidio\/#breadcrumb","itemListElement":[{"@type":"ListItem","position":1,"name":"Portada","item":"https:\/\/infopba247.com.ar\/"},{"@type":"ListItem","position":2,"name":"La Municipalidad cre\u00f3 el Observatorio para la Prevenci\u00f3n del Suicidio"}]},{"@type":"WebSite","@id":"https:\/\/infopba247.com.ar\/#website","url":"https:\/\/infopba247.com.ar\/","name":"InfoPBA247","description":"Toda la actualidad bonaerense","publisher":{"@id":"https:\/\/infopba247.com.ar\/#organization"},"potentialAction":[{"@type":"SearchAction","target":{"@type":"EntryPoint","urlTemplate":"https:\/\/infopba247.com.ar\/?s={search_term_string}"},"query-input":{"@type":"PropertyValueSpecification","valueRequired":true,"valueName":"search_term_string"}}],"inLanguage":"es"},{"@type":"Organization","@id":"https:\/\/infopba247.com.ar\/#organization","name":"InfoPBA247","url":"https:\/\/infopba247.com.ar\/","logo":{"@type":"ImageObject","inLanguage":"es","@id":"https:\/\/infopba247.com.ar\/#\/schema\/logo\/image\/","url":"https:\/\/infopba247.com.ar\/wp-content\/uploads\/2022\/03\/cropped-InfoPBA247-1.png","contentUrl":"https:\/\/infopba247.com.ar\/wp-content\/uploads\/2022\/03\/cropped-InfoPBA247-1.png","width":500,"height":122,"caption":"InfoPBA247"},"image":{"@id":"https:\/\/infopba247.com.ar\/#\/schema\/logo\/image\/"},"sameAs":["https:\/\/www.facebook.com\/InfoPBA"]},{"@type":"Person","@id":"https:\/\/infopba247.com.ar\/#\/schema\/person\/4975f1343a413e57bf839b3eed0099f2","name":"Editor","image":{"@type":"ImageObject","inLanguage":"es","@id":"https:\/\/secure.gravatar.com\/avatar\/d27fe9520667ca53441d36627a1d6b0fa4a813571ec4803687a7a3a7744685ac?s=96&d=mm&r=g","url":"https:\/\/secure.gravatar.com\/avatar\/d27fe9520667ca53441d36627a1d6b0fa4a813571ec4803687a7a3a7744685ac?s=96&d=mm&r=g","contentUrl":"https:\/\/secure.gravatar.com\/avatar\/d27fe9520667ca53441d36627a1d6b0fa4a813571ec4803687a7a3a7744685ac?s=96&d=mm&r=g","caption":"Editor"},"url":"https:\/\/infopba247.com.ar\/index.php\/author\/editor\/"}]}},"_links":{"self":[{"href":"https:\/\/infopba247.com.ar\/index.php\/wp-json\/wp\/v2\/posts\/4816","targetHints":{"allow":["GET"]}}],"collection":[{"href":"https:\/\/infopba247.com.ar\/index.php\/wp-json\/wp\/v2\/posts"}],"about":[{"href":"https:\/\/infopba247.com.ar\/index.php\/wp-json\/wp\/v2\/types\/post"}],"author":[{"embeddable":true,"href":"https:\/\/infopba247.com.ar\/index.php\/wp-json\/wp\/v2\/users\/3"}],"replies":[{"embeddable":true,"href":"https:\/\/infopba247.com.ar\/index.php\/wp-json\/wp\/v2\/comments?post=4816"}],"version-history":[{"count":1,"href":"https:\/\/infopba247.com.ar\/index.php\/wp-json\/wp\/v2\/posts\/4816\/revisions"}],"predecessor-version":[{"id":4817,"href":"https:\/\/infopba247.com.ar\/index.php\/wp-json\/wp\/v2\/posts\/4816\/revisions\/4817"}],"wp:featuredmedia":[{"embeddable":true,"href":"https:\/\/infopba247.com.ar\/index.php\/wp-json\/wp\/v2\/media\/4812"}],"wp:attachment":[{"href":"https:\/\/infopba247.com.ar\/index.php\/wp-json\/wp\/v2\/media?parent=4816"}],"wp:term":[{"taxonomy":"category","embeddable":true,"href":"https:\/\/infopba247.com.ar\/index.php\/wp-json\/wp\/v2\/categories?post=4816"},{"taxonomy":"post_tag","embeddable":true,"href":"https:\/\/infopba247.com.ar\/index.php\/wp-json\/wp\/v2\/tags?post=4816"}],"curies":[{"name":"wp","href":"https:\/\/api.w.org\/{rel}","templated":true}]}}