{"id":4808,"date":"2024-08-12T11:55:56","date_gmt":"2024-08-12T14:55:56","guid":{"rendered":"https:\/\/infopba247.com.ar\/?p=4808"},"modified":"2024-08-12T11:55:57","modified_gmt":"2024-08-12T14:55:57","slug":"difundir-imagenes-de-victimas-de-violencia-de-genero-tambien-es-violencia","status":"publish","type":"post","link":"https:\/\/infopba247.com.ar\/index.php\/2024\/08\/12\/difundir-imagenes-de-victimas-de-violencia-de-genero-tambien-es-violencia\/","title":{"rendered":"Difundir im\u00e1genes de v\u00edctimas de violencia de g\u00e9nero tambi\u00e9n es violencia"},"content":{"rendered":"\n<p>Desde el Ministerio de Mujeres y Diversidad&nbsp; de PBA alertamos que la difusi\u00f3n de im\u00e1genes que dan cuenta de la violencia atravesada por una v\u00edctima de violencia de g\u00e9nero refuerza la violencia, tal como indica el art\u00edculo 6, inciso F de la Ley 26.485.<\/p>\n\n\n\n<p>Los medios de comunicaci\u00f3n son fundamentales para la visibilizaci\u00f3n y sensibilizaci\u00f3n de hechos de violencia de g\u00e9nero, pero difundir im\u00e1genes que son objeto de prueba de una causa judicial, vulnera derechos fundamentales y afecta la privacidad de mujeres y LGTBI+.<\/p>\n\n\n\n<p>Este Ministerio se puso a disposici\u00f3n de la UFEM (Unidad Fiscal Especializada en Violencia contra las Mujeres del Ministerio P\u00fablico Fiscal de la Naci\u00f3n), que interviene en la causa donde se investigan los hechos de violencia de g\u00e9nero denunciados por Fabiola Ya\u00f1ez contra el ex presidente Alberto Fern\u00e1ndez, a fin de garantizar el cumplimiento de est\u00e1ndares vinculados a la protecci\u00f3n integral y al abordaje de las situaciones de violencias por razones de g\u00e9nero<\/p>\n\n\n\n<p>Exigimos que se tomen medidas para proteger la privacidad en la publicaci\u00f3n de im\u00e1genes, e invitamos a todos los medios de comunicaci\u00f3n a abrazar la \u00e9tica period\u00edstica para evitar la sobreexposici\u00f3n y situaciones revictimizantes.<\/p>\n\n\n\n<p>La L\u00ednea 144 brinda atenci\u00f3n, contenci\u00f3n y asesoramiento ante situaciones de violencia de g\u00e9nero. Desde all\u00ed, se acompa\u00f1an todos los tipos y modalidades de violencia y funciona las 24 hs, los 365 d\u00edas del a\u00f1o.<\/p>\n","protected":false},"excerpt":{"rendered":"<p>Desde el Ministerio de Mujeres y Diversidad&nbsp; de PBA alertamos que la difusi\u00f3n de im\u00e1genes que dan cuenta de la<\/p>\n","protected":false},"author":3,"featured_media":4811,"comment_status":"open","ping_status":"open","sticky":false,"template":"","format":"standard","meta":{"colormag_page_container_layout":"default_layout","colormag_page_sidebar_layout":"default_layout","footnotes":""},"categories":[1,14],"tags":[],"class_list":["post-4808","post","type-post","status-publish","format-standard","has-post-thumbnail","hentry","category-destacadas","category-politica"],"yoast_head":"<!-- This site is optimized with the Yoast SEO plugin v27.5 - https:\/\/yoast.com\/product\/yoast-seo-wordpress\/ -->\n<title>Difundir im\u00e1genes de v\u00edctimas de violencia de g\u00e9nero tambi\u00e9n es violencia - InfoPBA247<\/title>\n<meta name=\"robots\" content=\"index, follow, max-snippet:-1, max-image-preview:large, max-video-preview:-1\" \/>\n<link rel=\"canonical\" href=\"https:\/\/infopba247.com.ar\/index.php\/2024\/08\/12\/difundir-imagenes-de-victimas-de-violencia-de-genero-tambien-es-violencia\/\" \/>\n<meta property=\"og:locale\" content=\"es_ES\" \/>\n<meta property=\"og:type\" content=\"article\" \/>\n<meta property=\"og:title\" content=\"Difundir im\u00e1genes de v\u00edctimas de violencia de g\u00e9nero tambi\u00e9n es violencia - InfoPBA247\" \/>\n<meta property=\"og:description\" content=\"Desde el Ministerio de Mujeres y Diversidad&nbsp; de PBA alertamos que la difusi\u00f3n de im\u00e1genes que dan cuenta de la\" \/>\n<meta property=\"og:url\" content=\"https:\/\/infopba247.com.ar\/index.php\/2024\/08\/12\/difundir-imagenes-de-victimas-de-violencia-de-genero-tambien-es-violencia\/\" \/>\n<meta property=\"og:site_name\" content=\"InfoPBA247\" \/>\n<meta property=\"article:publisher\" content=\"https:\/\/www.facebook.com\/InfoPBA\" \/>\n<meta property=\"article:published_time\" content=\"2024-08-12T14:55:56+00:00\" \/>\n<meta property=\"article:modified_time\" content=\"2024-08-12T14:55:57+00:00\" \/>\n<meta property=\"og:image\" content=\"https:\/\/infopba247.com.ar\/wp-content\/uploads\/2024\/08\/unnamed-29.jpg\" \/>\n\t<meta property=\"og:image:width\" content=\"550\" \/>\n\t<meta property=\"og:image:height\" content=\"550\" \/>\n\t<meta property=\"og:image:type\" content=\"image\/jpeg\" \/>\n<meta name=\"author\" content=\"Editor\" \/>\n<meta name=\"twitter:card\" content=\"summary_large_image\" \/>\n<meta name=\"twitter:label1\" content=\"Escrito por\" \/>\n\t<meta name=\"twitter:data1\" content=\"Editor\" \/>\n\t<meta name=\"twitter:label2\" content=\"Tiempo de lectura\" \/>\n\t<meta name=\"twitter:data2\" content=\"2 minutos\" \/>\n<script type=\"application\/ld+json\" class=\"yoast-schema-graph\">{\"@context\":\"https:\\\/\\\/schema.org\",\"@graph\":[{\"@type\":\"Article\",\"@id\":\"https:\\\/\\\/infopba247.com.ar\\\/index.php\\\/2024\\\/08\\\/12\\\/difundir-imagenes-de-victimas-de-violencia-de-genero-tambien-es-violencia\\\/#article\",\"isPartOf\":{\"@id\":\"https:\\\/\\\/infopba247.com.ar\\\/index.php\\\/2024\\\/08\\\/12\\\/difundir-imagenes-de-victimas-de-violencia-de-genero-tambien-es-violencia\\\/\"},\"author\":{\"name\":\"Editor\",\"@id\":\"https:\\\/\\\/infopba247.com.ar\\\/#\\\/schema\\\/person\\\/4975f1343a413e57bf839b3eed0099f2\"},\"headline\":\"Difundir im\u00e1genes de v\u00edctimas de violencia de g\u00e9nero tambi\u00e9n es violencia\",\"datePublished\":\"2024-08-12T14:55:56+00:00\",\"dateModified\":\"2024-08-12T14:55:57+00:00\",\"mainEntityOfPage\":{\"@id\":\"https:\\\/\\\/infopba247.com.ar\\\/index.php\\\/2024\\\/08\\\/12\\\/difundir-imagenes-de-victimas-de-violencia-de-genero-tambien-es-violencia\\\/\"},\"wordCount\":268,\"commentCount\":0,\"publisher\":{\"@id\":\"https:\\\/\\\/infopba247.com.ar\\\/#organization\"},\"image\":{\"@id\":\"https:\\\/\\\/infopba247.com.ar\\\/index.php\\\/2024\\\/08\\\/12\\\/difundir-imagenes-de-victimas-de-violencia-de-genero-tambien-es-violencia\\\/#primaryimage\"},\"thumbnailUrl\":\"https:\\\/\\\/infopba247.com.ar\\\/wp-content\\\/uploads\\\/2024\\\/08\\\/unnamed-29.jpg\",\"articleSection\":[\"Destacadas\",\"Pol\u00edtica\"],\"inLanguage\":\"es\",\"potentialAction\":[{\"@type\":\"CommentAction\",\"name\":\"Comment\",\"target\":[\"https:\\\/\\\/infopba247.com.ar\\\/index.php\\\/2024\\\/08\\\/12\\\/difundir-imagenes-de-victimas-de-violencia-de-genero-tambien-es-violencia\\\/#respond\"]}]},{\"@type\":\"WebPage\",\"@id\":\"https:\\\/\\\/infopba247.com.ar\\\/index.php\\\/2024\\\/08\\\/12\\\/difundir-imagenes-de-victimas-de-violencia-de-genero-tambien-es-violencia\\\/\",\"url\":\"https:\\\/\\\/infopba247.com.ar\\\/index.php\\\/2024\\\/08\\\/12\\\/difundir-imagenes-de-victimas-de-violencia-de-genero-tambien-es-violencia\\\/\",\"name\":\"Difundir im\u00e1genes de v\u00edctimas de violencia de g\u00e9nero tambi\u00e9n es violencia - InfoPBA247\",\"isPartOf\":{\"@id\":\"https:\\\/\\\/infopba247.com.ar\\\/#website\"},\"primaryImageOfPage\":{\"@id\":\"https:\\\/\\\/infopba247.com.ar\\\/index.php\\\/2024\\\/08\\\/12\\\/difundir-imagenes-de-victimas-de-violencia-de-genero-tambien-es-violencia\\\/#primaryimage\"},\"image\":{\"@id\":\"https:\\\/\\\/infopba247.com.ar\\\/index.php\\\/2024\\\/08\\\/12\\\/difundir-imagenes-de-victimas-de-violencia-de-genero-tambien-es-violencia\\\/#primaryimage\"},\"thumbnailUrl\":\"https:\\\/\\\/infopba247.com.ar\\\/wp-content\\\/uploads\\\/2024\\\/08\\\/unnamed-29.jpg\",\"datePublished\":\"2024-08-12T14:55:56+00:00\",\"dateModified\":\"2024-08-12T14:55:57+00:00\",\"breadcrumb\":{\"@id\":\"https:\\\/\\\/infopba247.com.ar\\\/index.php\\\/2024\\\/08\\\/12\\\/difundir-imagenes-de-victimas-de-violencia-de-genero-tambien-es-violencia\\\/#breadcrumb\"},\"inLanguage\":\"es\",\"potentialAction\":[{\"@type\":\"ReadAction\",\"target\":[\"https:\\\/\\\/infopba247.com.ar\\\/index.php\\\/2024\\\/08\\\/12\\\/difundir-imagenes-de-victimas-de-violencia-de-genero-tambien-es-violencia\\\/\"]}]},{\"@type\":\"ImageObject\",\"inLanguage\":\"es\",\"@id\":\"https:\\\/\\\/infopba247.com.ar\\\/index.php\\\/2024\\\/08\\\/12\\\/difundir-imagenes-de-victimas-de-violencia-de-genero-tambien-es-violencia\\\/#primaryimage\",\"url\":\"https:\\\/\\\/infopba247.com.ar\\\/wp-content\\\/uploads\\\/2024\\\/08\\\/unnamed-29.jpg\",\"contentUrl\":\"https:\\\/\\\/infopba247.com.ar\\\/wp-content\\\/uploads\\\/2024\\\/08\\\/unnamed-29.jpg\",\"width\":550,\"height\":550},{\"@type\":\"BreadcrumbList\",\"@id\":\"https:\\\/\\\/infopba247.com.ar\\\/index.php\\\/2024\\\/08\\\/12\\\/difundir-imagenes-de-victimas-de-violencia-de-genero-tambien-es-violencia\\\/#breadcrumb\",\"itemListElement\":[{\"@type\":\"ListItem\",\"position\":1,\"name\":\"Portada\",\"item\":\"https:\\\/\\\/infopba247.com.ar\\\/\"},{\"@type\":\"ListItem\",\"position\":2,\"name\":\"Difundir im\u00e1genes de v\u00edctimas de violencia de g\u00e9nero tambi\u00e9n es violencia\"}]},{\"@type\":\"WebSite\",\"@id\":\"https:\\\/\\\/infopba247.com.ar\\\/#website\",\"url\":\"https:\\\/\\\/infopba247.com.ar\\\/\",\"name\":\"InfoPBA247\",\"description\":\"Toda la actualidad bonaerense\",\"publisher\":{\"@id\":\"https:\\\/\\\/infopba247.com.ar\\\/#organization\"},\"potentialAction\":[{\"@type\":\"SearchAction\",\"target\":{\"@type\":\"EntryPoint\",\"urlTemplate\":\"https:\\\/\\\/infopba247.com.ar\\\/?s={search_term_string}\"},\"query-input\":{\"@type\":\"PropertyValueSpecification\",\"valueRequired\":true,\"valueName\":\"search_term_string\"}}],\"inLanguage\":\"es\"},{\"@type\":\"Organization\",\"@id\":\"https:\\\/\\\/infopba247.com.ar\\\/#organization\",\"name\":\"InfoPBA247\",\"url\":\"https:\\\/\\\/infopba247.com.ar\\\/\",\"logo\":{\"@type\":\"ImageObject\",\"inLanguage\":\"es\",\"@id\":\"https:\\\/\\\/infopba247.com.ar\\\/#\\\/schema\\\/logo\\\/image\\\/\",\"url\":\"https:\\\/\\\/infopba247.com.ar\\\/wp-content\\\/uploads\\\/2022\\\/03\\\/cropped-InfoPBA247-1.png\",\"contentUrl\":\"https:\\\/\\\/infopba247.com.ar\\\/wp-content\\\/uploads\\\/2022\\\/03\\\/cropped-InfoPBA247-1.png\",\"width\":500,\"height\":122,\"caption\":\"InfoPBA247\"},\"image\":{\"@id\":\"https:\\\/\\\/infopba247.com.ar\\\/#\\\/schema\\\/logo\\\/image\\\/\"},\"sameAs\":[\"https:\\\/\\\/www.facebook.com\\\/InfoPBA\"]},{\"@type\":\"Person\",\"@id\":\"https:\\\/\\\/infopba247.com.ar\\\/#\\\/schema\\\/person\\\/4975f1343a413e57bf839b3eed0099f2\",\"name\":\"Editor\",\"image\":{\"@type\":\"ImageObject\",\"inLanguage\":\"es\",\"@id\":\"https:\\\/\\\/secure.gravatar.com\\\/avatar\\\/d27fe9520667ca53441d36627a1d6b0fa4a813571ec4803687a7a3a7744685ac?s=96&d=mm&r=g\",\"url\":\"https:\\\/\\\/secure.gravatar.com\\\/avatar\\\/d27fe9520667ca53441d36627a1d6b0fa4a813571ec4803687a7a3a7744685ac?s=96&d=mm&r=g\",\"contentUrl\":\"https:\\\/\\\/secure.gravatar.com\\\/avatar\\\/d27fe9520667ca53441d36627a1d6b0fa4a813571ec4803687a7a3a7744685ac?s=96&d=mm&r=g\",\"caption\":\"Editor\"},\"url\":\"https:\\\/\\\/infopba247.com.ar\\\/index.php\\\/author\\\/editor\\\/\"}]}<\/script>\n<!-- \/ Yoast SEO plugin. -->","yoast_head_json":{"title":"Difundir im\u00e1genes de v\u00edctimas de violencia de g\u00e9nero tambi\u00e9n es violencia - InfoPBA247","robots":{"index":"index","follow":"follow","max-snippet":"max-snippet:-1","max-image-preview":"max-image-preview:large","max-video-preview":"max-video-preview:-1"},"canonical":"https:\/\/infopba247.com.ar\/index.php\/2024\/08\/12\/difundir-imagenes-de-victimas-de-violencia-de-genero-tambien-es-violencia\/","og_locale":"es_ES","og_type":"article","og_title":"Difundir im\u00e1genes de v\u00edctimas de violencia de g\u00e9nero tambi\u00e9n es violencia - InfoPBA247","og_description":"Desde el Ministerio de Mujeres y Diversidad&nbsp; de PBA alertamos que la difusi\u00f3n de im\u00e1genes que dan cuenta de la","og_url":"https:\/\/infopba247.com.ar\/index.php\/2024\/08\/12\/difundir-imagenes-de-victimas-de-violencia-de-genero-tambien-es-violencia\/","og_site_name":"InfoPBA247","article_publisher":"https:\/\/www.facebook.com\/InfoPBA","article_published_time":"2024-08-12T14:55:56+00:00","article_modified_time":"2024-08-12T14:55:57+00:00","og_image":[{"width":550,"height":550,"url":"https:\/\/infopba247.com.ar\/wp-content\/uploads\/2024\/08\/unnamed-29.jpg","type":"image\/jpeg"}],"author":"Editor","twitter_card":"summary_large_image","twitter_misc":{"Escrito por":"Editor","Tiempo de lectura":"2 minutos"},"schema":{"@context":"https:\/\/schema.org","@graph":[{"@type":"Article","@id":"https:\/\/infopba247.com.ar\/index.php\/2024\/08\/12\/difundir-imagenes-de-victimas-de-violencia-de-genero-tambien-es-violencia\/#article","isPartOf":{"@id":"https:\/\/infopba247.com.ar\/index.php\/2024\/08\/12\/difundir-imagenes-de-victimas-de-violencia-de-genero-tambien-es-violencia\/"},"author":{"name":"Editor","@id":"https:\/\/infopba247.com.ar\/#\/schema\/person\/4975f1343a413e57bf839b3eed0099f2"},"headline":"Difundir im\u00e1genes de v\u00edctimas de violencia de g\u00e9nero tambi\u00e9n es violencia","datePublished":"2024-08-12T14:55:56+00:00","dateModified":"2024-08-12T14:55:57+00:00","mainEntityOfPage":{"@id":"https:\/\/infopba247.com.ar\/index.php\/2024\/08\/12\/difundir-imagenes-de-victimas-de-violencia-de-genero-tambien-es-violencia\/"},"wordCount":268,"commentCount":0,"publisher":{"@id":"https:\/\/infopba247.com.ar\/#organization"},"image":{"@id":"https:\/\/infopba247.com.ar\/index.php\/2024\/08\/12\/difundir-imagenes-de-victimas-de-violencia-de-genero-tambien-es-violencia\/#primaryimage"},"thumbnailUrl":"https:\/\/infopba247.com.ar\/wp-content\/uploads\/2024\/08\/unnamed-29.jpg","articleSection":["Destacadas","Pol\u00edtica"],"inLanguage":"es","potentialAction":[{"@type":"CommentAction","name":"Comment","target":["https:\/\/infopba247.com.ar\/index.php\/2024\/08\/12\/difundir-imagenes-de-victimas-de-violencia-de-genero-tambien-es-violencia\/#respond"]}]},{"@type":"WebPage","@id":"https:\/\/infopba247.com.ar\/index.php\/2024\/08\/12\/difundir-imagenes-de-victimas-de-violencia-de-genero-tambien-es-violencia\/","url":"https:\/\/infopba247.com.ar\/index.php\/2024\/08\/12\/difundir-imagenes-de-victimas-de-violencia-de-genero-tambien-es-violencia\/","name":"Difundir im\u00e1genes de v\u00edctimas de violencia de g\u00e9nero tambi\u00e9n es violencia - InfoPBA247","isPartOf":{"@id":"https:\/\/infopba247.com.ar\/#website"},"primaryImageOfPage":{"@id":"https:\/\/infopba247.com.ar\/index.php\/2024\/08\/12\/difundir-imagenes-de-victimas-de-violencia-de-genero-tambien-es-violencia\/#primaryimage"},"image":{"@id":"https:\/\/infopba247.com.ar\/index.php\/2024\/08\/12\/difundir-imagenes-de-victimas-de-violencia-de-genero-tambien-es-violencia\/#primaryimage"},"thumbnailUrl":"https:\/\/infopba247.com.ar\/wp-content\/uploads\/2024\/08\/unnamed-29.jpg","datePublished":"2024-08-12T14:55:56+00:00","dateModified":"2024-08-12T14:55:57+00:00","breadcrumb":{"@id":"https:\/\/infopba247.com.ar\/index.php\/2024\/08\/12\/difundir-imagenes-de-victimas-de-violencia-de-genero-tambien-es-violencia\/#breadcrumb"},"inLanguage":"es","potentialAction":[{"@type":"ReadAction","target":["https:\/\/infopba247.com.ar\/index.php\/2024\/08\/12\/difundir-imagenes-de-victimas-de-violencia-de-genero-tambien-es-violencia\/"]}]},{"@type":"ImageObject","inLanguage":"es","@id":"https:\/\/infopba247.com.ar\/index.php\/2024\/08\/12\/difundir-imagenes-de-victimas-de-violencia-de-genero-tambien-es-violencia\/#primaryimage","url":"https:\/\/infopba247.com.ar\/wp-content\/uploads\/2024\/08\/unnamed-29.jpg","contentUrl":"https:\/\/infopba247.com.ar\/wp-content\/uploads\/2024\/08\/unnamed-29.jpg","width":550,"height":550},{"@type":"BreadcrumbList","@id":"https:\/\/infopba247.com.ar\/index.php\/2024\/08\/12\/difundir-imagenes-de-victimas-de-violencia-de-genero-tambien-es-violencia\/#breadcrumb","itemListElement":[{"@type":"ListItem","position":1,"name":"Portada","item":"https:\/\/infopba247.com.ar\/"},{"@type":"ListItem","position":2,"name":"Difundir im\u00e1genes de v\u00edctimas de violencia de g\u00e9nero tambi\u00e9n es violencia"}]},{"@type":"WebSite","@id":"https:\/\/infopba247.com.ar\/#website","url":"https:\/\/infopba247.com.ar\/","name":"InfoPBA247","description":"Toda la actualidad bonaerense","publisher":{"@id":"https:\/\/infopba247.com.ar\/#organization"},"potentialAction":[{"@type":"SearchAction","target":{"@type":"EntryPoint","urlTemplate":"https:\/\/infopba247.com.ar\/?s={search_term_string}"},"query-input":{"@type":"PropertyValueSpecification","valueRequired":true,"valueName":"search_term_string"}}],"inLanguage":"es"},{"@type":"Organization","@id":"https:\/\/infopba247.com.ar\/#organization","name":"InfoPBA247","url":"https:\/\/infopba247.com.ar\/","logo":{"@type":"ImageObject","inLanguage":"es","@id":"https:\/\/infopba247.com.ar\/#\/schema\/logo\/image\/","url":"https:\/\/infopba247.com.ar\/wp-content\/uploads\/2022\/03\/cropped-InfoPBA247-1.png","contentUrl":"https:\/\/infopba247.com.ar\/wp-content\/uploads\/2022\/03\/cropped-InfoPBA247-1.png","width":500,"height":122,"caption":"InfoPBA247"},"image":{"@id":"https:\/\/infopba247.com.ar\/#\/schema\/logo\/image\/"},"sameAs":["https:\/\/www.facebook.com\/InfoPBA"]},{"@type":"Person","@id":"https:\/\/infopba247.com.ar\/#\/schema\/person\/4975f1343a413e57bf839b3eed0099f2","name":"Editor","image":{"@type":"ImageObject","inLanguage":"es","@id":"https:\/\/secure.gravatar.com\/avatar\/d27fe9520667ca53441d36627a1d6b0fa4a813571ec4803687a7a3a7744685ac?s=96&d=mm&r=g","url":"https:\/\/secure.gravatar.com\/avatar\/d27fe9520667ca53441d36627a1d6b0fa4a813571ec4803687a7a3a7744685ac?s=96&d=mm&r=g","contentUrl":"https:\/\/secure.gravatar.com\/avatar\/d27fe9520667ca53441d36627a1d6b0fa4a813571ec4803687a7a3a7744685ac?s=96&d=mm&r=g","caption":"Editor"},"url":"https:\/\/infopba247.com.ar\/index.php\/author\/editor\/"}]}},"_links":{"self":[{"href":"https:\/\/infopba247.com.ar\/index.php\/wp-json\/wp\/v2\/posts\/4808","targetHints":{"allow":["GET"]}}],"collection":[{"href":"https:\/\/infopba247.com.ar\/index.php\/wp-json\/wp\/v2\/posts"}],"about":[{"href":"https:\/\/infopba247.com.ar\/index.php\/wp-json\/wp\/v2\/types\/post"}],"author":[{"embeddable":true,"href":"https:\/\/infopba247.com.ar\/index.php\/wp-json\/wp\/v2\/users\/3"}],"replies":[{"embeddable":true,"href":"https:\/\/infopba247.com.ar\/index.php\/wp-json\/wp\/v2\/comments?post=4808"}],"version-history":[{"count":1,"href":"https:\/\/infopba247.com.ar\/index.php\/wp-json\/wp\/v2\/posts\/4808\/revisions"}],"predecessor-version":[{"id":4813,"href":"https:\/\/infopba247.com.ar\/index.php\/wp-json\/wp\/v2\/posts\/4808\/revisions\/4813"}],"wp:featuredmedia":[{"embeddable":true,"href":"https:\/\/infopba247.com.ar\/index.php\/wp-json\/wp\/v2\/media\/4811"}],"wp:attachment":[{"href":"https:\/\/infopba247.com.ar\/index.php\/wp-json\/wp\/v2\/media?parent=4808"}],"wp:term":[{"taxonomy":"category","embeddable":true,"href":"https:\/\/infopba247.com.ar\/index.php\/wp-json\/wp\/v2\/categories?post=4808"},{"taxonomy":"post_tag","embeddable":true,"href":"https:\/\/infopba247.com.ar\/index.php\/wp-json\/wp\/v2\/tags?post=4808"}],"curies":[{"name":"wp","href":"https:\/\/api.w.org\/{rel}","templated":true}]}}