{"id":4804,"date":"2024-08-09T10:17:37","date_gmt":"2024-08-09T13:17:37","guid":{"rendered":"https:\/\/infopba247.com.ar\/?p=4804"},"modified":"2024-08-09T10:17:39","modified_gmt":"2024-08-09T13:17:39","slug":"alak-creo-un-area-especial-para-brindar-atencion-personalizada-a-inquilinos-e-inquilinas-en-la-ciudad","status":"publish","type":"post","link":"https:\/\/infopba247.com.ar\/index.php\/2024\/08\/09\/alak-creo-un-area-especial-para-brindar-atencion-personalizada-a-inquilinos-e-inquilinas-en-la-ciudad\/","title":{"rendered":"Alak cre\u00f3 un \u00e1rea especial para brindar atenci\u00f3n personalizada a inquilinos e inquilinas en la ciudad"},"content":{"rendered":"\n<p>Fue en el marco de un convenio con la Defensor\u00eda del Pueblo de la Provincia a cargo de Guido Lorenzino. Tambi\u00e9n se lanz\u00f3 una encuesta municipal para relevar la problem\u00e1tica.<\/p>\n\n\n\n<p>El intendente de La Plata, Julio Alak, y el defensor del Pueblo de la provincia de Buenos Aires, Guido Lorenzino, anunciaron la creaci\u00f3n de la Subsecretar\u00eda de Atenci\u00f3n a Inquilinos para brindar atenci\u00f3n integral y acompa\u00f1amiento.<\/p>\n\n\n\n<p>Acompa\u00f1ados por el secretario de Gobierno, Guillermo \u201cNano\u201d Cara, las autoridades firmaron un acuerdo de capacitaci\u00f3n, cooperaci\u00f3n mutua, asesoramiento y difusi\u00f3n que permitir\u00e1 generar acciones para proteger los intereses de quienes alquilan en la capital bonaerense.<\/p>\n\n\n\n<p>As\u00ed, con el apoyo del \u00f3rgano provincial, la Comuna ofrecer\u00e1 atenci\u00f3n primaria personal en su oficina situada en el Pasaje Dardo Rocha e implementar\u00e1 la primera Encuesta Municipal de Inquilinos\/as para poder construir un diagn\u00f3stico actualizado a las condiciones locales.&nbsp;&nbsp;<\/p>\n\n\n\n<p>\u201cLa poblaci\u00f3n que alquila en la ciudad es alt\u00edsima, de m\u00e1s de 120 mil personas, y la legislaci\u00f3n se ha modificado mucho en los \u00faltimos a\u00f1os, y este a\u00f1o tambi\u00e9n, por lo que hay mucha incertidumbre\u201d, reflexion\u00f3 Alak, y valor\u00f3: \u201cEste sector social hasta ahora en la Municipalidad no ten\u00eda un lugar en donde expresar sus necesidades, sus requerimientos\u201d.<\/p>\n\n\n\n<p>\u201cHoy estamos muy contentos por dos motivos\u201d, continu\u00f3 el jefe comunal, y detall\u00f3: \u201cUno, la creaci\u00f3n de esta nueva \u00e1rea para los inquilinos, y el otro, la presencia de este gran defensor del Pueblo en la provincia de Buenos Aires, que tiene una enorme experiencia y una gran calidad humana\u201d.<\/p>\n\n\n\n<p>Por su parte, Lorenzino resalt\u00f3 la importancia del trabajo en articulaci\u00f3n con el Gobierno local y sostuvo: \u201cEstamos agradecidos con la gesti\u00f3n del intendente Alak en esta problem\u00e1tica que trabajamos a lo largo y a lo ancho de la provincia de Buenos Aires\u201d.<\/p>\n\n\n\n<p>\u201cCuando hay municipios comprometidos que fortalecen y se ocupan todo es m\u00e1s f\u00e1cil, como est\u00e1 pasando en La Plata\u201d, continu\u00f3 el defensor del Pueblo, y cerr\u00f3: \u201cPor eso celebramos que haya una nueva \u00e1rea con estas caracter\u00edsticas, que nos permitir\u00e1 pensar actividades en conjunto para asesorar y acompa\u00f1ar al sector m\u00e1s vulnerable en un alquiler\u00bb.<\/p>\n\n\n\n<p>Junto a Alak, Lorenzino y Cara, participaron de la r\u00fabrica el jefe de Gabinete municipal, Carlos Bonicatto; el asesor general de la Comuna, Jorge Lescano; el subsecretario de la nueva \u00e1rea, Ulises Bosia; su directora general de Asesoramiento y Acompa\u00f1amiento a Inquilinos, Luc\u00eda Odoardo; y su directora de Atenci\u00f3n a Inquilinos, Luciana G\u00e1ndara.&nbsp;<\/p>\n\n\n\n<p>Cabe recordar que el Municipio cuenta con el antecedente de la Oficina de Atenci\u00f3n a Inquilinos creada en el a\u00f1o 2011, la cual fue cerrada durante la gesti\u00f3n anterior, y que con la creaci\u00f3n de esta subsecretar\u00eda La Plata se convirti\u00f3 en uno de los pocos distritos bonaerenses con un canal de atenci\u00f3n primaria para esta problem\u00e1tica.<\/p>\n","protected":false},"excerpt":{"rendered":"<p>Fue en el marco de un convenio con la Defensor\u00eda del Pueblo de la Provincia a cargo de Guido Lorenzino.<\/p>\n","protected":false},"author":3,"featured_media":4800,"comment_status":"open","ping_status":"open","sticky":false,"template":"","format":"standard","meta":{"colormag_page_container_layout":"default_layout","colormag_page_sidebar_layout":"default_layout","footnotes":""},"categories":[12,1,14],"tags":[],"class_list":["post-4804","post","type-post","status-publish","format-standard","has-post-thumbnail","hentry","category-8va-seccion","category-destacadas","category-politica"],"yoast_head":"<!-- This site is optimized with the Yoast SEO plugin v27.5 - https:\/\/yoast.com\/product\/yoast-seo-wordpress\/ -->\n<title>Alak cre\u00f3 un \u00e1rea especial para brindar atenci\u00f3n personalizada a inquilinos e inquilinas en la ciudad - InfoPBA247<\/title>\n<meta name=\"robots\" content=\"index, follow, max-snippet:-1, max-image-preview:large, max-video-preview:-1\" \/>\n<link rel=\"canonical\" href=\"https:\/\/infopba247.com.ar\/index.php\/2024\/08\/09\/alak-creo-un-area-especial-para-brindar-atencion-personalizada-a-inquilinos-e-inquilinas-en-la-ciudad\/\" \/>\n<meta property=\"og:locale\" content=\"es_ES\" \/>\n<meta property=\"og:type\" content=\"article\" \/>\n<meta property=\"og:title\" content=\"Alak cre\u00f3 un \u00e1rea especial para brindar atenci\u00f3n personalizada a inquilinos e inquilinas en la ciudad - InfoPBA247\" \/>\n<meta property=\"og:description\" content=\"Fue en el marco de un convenio con la Defensor\u00eda del Pueblo de la Provincia a cargo de Guido Lorenzino.\" \/>\n<meta property=\"og:url\" content=\"https:\/\/infopba247.com.ar\/index.php\/2024\/08\/09\/alak-creo-un-area-especial-para-brindar-atencion-personalizada-a-inquilinos-e-inquilinas-en-la-ciudad\/\" \/>\n<meta property=\"og:site_name\" content=\"InfoPBA247\" \/>\n<meta property=\"article:publisher\" content=\"https:\/\/www.facebook.com\/InfoPBA\" \/>\n<meta property=\"article:published_time\" content=\"2024-08-09T13:17:37+00:00\" \/>\n<meta property=\"article:modified_time\" content=\"2024-08-09T13:17:39+00:00\" \/>\n<meta property=\"og:image\" content=\"https:\/\/infopba247.com.ar\/wp-content\/uploads\/2024\/08\/unnamed-26.jpg\" \/>\n\t<meta property=\"og:image:width\" content=\"1600\" \/>\n\t<meta property=\"og:image:height\" content=\"1135\" \/>\n\t<meta property=\"og:image:type\" content=\"image\/jpeg\" \/>\n<meta name=\"author\" content=\"Editor\" \/>\n<meta name=\"twitter:card\" content=\"summary_large_image\" \/>\n<meta name=\"twitter:label1\" content=\"Escrito por\" \/>\n\t<meta name=\"twitter:data1\" content=\"Editor\" \/>\n\t<meta name=\"twitter:label2\" content=\"Tiempo de lectura\" \/>\n\t<meta name=\"twitter:data2\" content=\"3 minutos\" \/>\n<script type=\"application\/ld+json\" class=\"yoast-schema-graph\">{\"@context\":\"https:\\\/\\\/schema.org\",\"@graph\":[{\"@type\":\"Article\",\"@id\":\"https:\\\/\\\/infopba247.com.ar\\\/index.php\\\/2024\\\/08\\\/09\\\/alak-creo-un-area-especial-para-brindar-atencion-personalizada-a-inquilinos-e-inquilinas-en-la-ciudad\\\/#article\",\"isPartOf\":{\"@id\":\"https:\\\/\\\/infopba247.com.ar\\\/index.php\\\/2024\\\/08\\\/09\\\/alak-creo-un-area-especial-para-brindar-atencion-personalizada-a-inquilinos-e-inquilinas-en-la-ciudad\\\/\"},\"author\":{\"name\":\"Editor\",\"@id\":\"https:\\\/\\\/infopba247.com.ar\\\/#\\\/schema\\\/person\\\/4975f1343a413e57bf839b3eed0099f2\"},\"headline\":\"Alak cre\u00f3 un \u00e1rea especial para brindar atenci\u00f3n personalizada a inquilinos e inquilinas en la ciudad\",\"datePublished\":\"2024-08-09T13:17:37+00:00\",\"dateModified\":\"2024-08-09T13:17:39+00:00\",\"mainEntityOfPage\":{\"@id\":\"https:\\\/\\\/infopba247.com.ar\\\/index.php\\\/2024\\\/08\\\/09\\\/alak-creo-un-area-especial-para-brindar-atencion-personalizada-a-inquilinos-e-inquilinas-en-la-ciudad\\\/\"},\"wordCount\":521,\"commentCount\":0,\"publisher\":{\"@id\":\"https:\\\/\\\/infopba247.com.ar\\\/#organization\"},\"image\":{\"@id\":\"https:\\\/\\\/infopba247.com.ar\\\/index.php\\\/2024\\\/08\\\/09\\\/alak-creo-un-area-especial-para-brindar-atencion-personalizada-a-inquilinos-e-inquilinas-en-la-ciudad\\\/#primaryimage\"},\"thumbnailUrl\":\"https:\\\/\\\/infopba247.com.ar\\\/wp-content\\\/uploads\\\/2024\\\/08\\\/unnamed-26.jpg\",\"articleSection\":[\"8va Secci\u00f3n\",\"Destacadas\",\"Pol\u00edtica\"],\"inLanguage\":\"es\",\"potentialAction\":[{\"@type\":\"CommentAction\",\"name\":\"Comment\",\"target\":[\"https:\\\/\\\/infopba247.com.ar\\\/index.php\\\/2024\\\/08\\\/09\\\/alak-creo-un-area-especial-para-brindar-atencion-personalizada-a-inquilinos-e-inquilinas-en-la-ciudad\\\/#respond\"]}]},{\"@type\":\"WebPage\",\"@id\":\"https:\\\/\\\/infopba247.com.ar\\\/index.php\\\/2024\\\/08\\\/09\\\/alak-creo-un-area-especial-para-brindar-atencion-personalizada-a-inquilinos-e-inquilinas-en-la-ciudad\\\/\",\"url\":\"https:\\\/\\\/infopba247.com.ar\\\/index.php\\\/2024\\\/08\\\/09\\\/alak-creo-un-area-especial-para-brindar-atencion-personalizada-a-inquilinos-e-inquilinas-en-la-ciudad\\\/\",\"name\":\"Alak cre\u00f3 un \u00e1rea especial para brindar atenci\u00f3n personalizada a inquilinos e inquilinas en la ciudad - InfoPBA247\",\"isPartOf\":{\"@id\":\"https:\\\/\\\/infopba247.com.ar\\\/#website\"},\"primaryImageOfPage\":{\"@id\":\"https:\\\/\\\/infopba247.com.ar\\\/index.php\\\/2024\\\/08\\\/09\\\/alak-creo-un-area-especial-para-brindar-atencion-personalizada-a-inquilinos-e-inquilinas-en-la-ciudad\\\/#primaryimage\"},\"image\":{\"@id\":\"https:\\\/\\\/infopba247.com.ar\\\/index.php\\\/2024\\\/08\\\/09\\\/alak-creo-un-area-especial-para-brindar-atencion-personalizada-a-inquilinos-e-inquilinas-en-la-ciudad\\\/#primaryimage\"},\"thumbnailUrl\":\"https:\\\/\\\/infopba247.com.ar\\\/wp-content\\\/uploads\\\/2024\\\/08\\\/unnamed-26.jpg\",\"datePublished\":\"2024-08-09T13:17:37+00:00\",\"dateModified\":\"2024-08-09T13:17:39+00:00\",\"breadcrumb\":{\"@id\":\"https:\\\/\\\/infopba247.com.ar\\\/index.php\\\/2024\\\/08\\\/09\\\/alak-creo-un-area-especial-para-brindar-atencion-personalizada-a-inquilinos-e-inquilinas-en-la-ciudad\\\/#breadcrumb\"},\"inLanguage\":\"es\",\"potentialAction\":[{\"@type\":\"ReadAction\",\"target\":[\"https:\\\/\\\/infopba247.com.ar\\\/index.php\\\/2024\\\/08\\\/09\\\/alak-creo-un-area-especial-para-brindar-atencion-personalizada-a-inquilinos-e-inquilinas-en-la-ciudad\\\/\"]}]},{\"@type\":\"ImageObject\",\"inLanguage\":\"es\",\"@id\":\"https:\\\/\\\/infopba247.com.ar\\\/index.php\\\/2024\\\/08\\\/09\\\/alak-creo-un-area-especial-para-brindar-atencion-personalizada-a-inquilinos-e-inquilinas-en-la-ciudad\\\/#primaryimage\",\"url\":\"https:\\\/\\\/infopba247.com.ar\\\/wp-content\\\/uploads\\\/2024\\\/08\\\/unnamed-26.jpg\",\"contentUrl\":\"https:\\\/\\\/infopba247.com.ar\\\/wp-content\\\/uploads\\\/2024\\\/08\\\/unnamed-26.jpg\",\"width\":1600,\"height\":1135},{\"@type\":\"BreadcrumbList\",\"@id\":\"https:\\\/\\\/infopba247.com.ar\\\/index.php\\\/2024\\\/08\\\/09\\\/alak-creo-un-area-especial-para-brindar-atencion-personalizada-a-inquilinos-e-inquilinas-en-la-ciudad\\\/#breadcrumb\",\"itemListElement\":[{\"@type\":\"ListItem\",\"position\":1,\"name\":\"Portada\",\"item\":\"https:\\\/\\\/infopba247.com.ar\\\/\"},{\"@type\":\"ListItem\",\"position\":2,\"name\":\"Alak cre\u00f3 un \u00e1rea especial para brindar atenci\u00f3n personalizada a inquilinos e inquilinas en la ciudad\"}]},{\"@type\":\"WebSite\",\"@id\":\"https:\\\/\\\/infopba247.com.ar\\\/#website\",\"url\":\"https:\\\/\\\/infopba247.com.ar\\\/\",\"name\":\"InfoPBA247\",\"description\":\"Toda la actualidad bonaerense\",\"publisher\":{\"@id\":\"https:\\\/\\\/infopba247.com.ar\\\/#organization\"},\"potentialAction\":[{\"@type\":\"SearchAction\",\"target\":{\"@type\":\"EntryPoint\",\"urlTemplate\":\"https:\\\/\\\/infopba247.com.ar\\\/?s={search_term_string}\"},\"query-input\":{\"@type\":\"PropertyValueSpecification\",\"valueRequired\":true,\"valueName\":\"search_term_string\"}}],\"inLanguage\":\"es\"},{\"@type\":\"Organization\",\"@id\":\"https:\\\/\\\/infopba247.com.ar\\\/#organization\",\"name\":\"InfoPBA247\",\"url\":\"https:\\\/\\\/infopba247.com.ar\\\/\",\"logo\":{\"@type\":\"ImageObject\",\"inLanguage\":\"es\",\"@id\":\"https:\\\/\\\/infopba247.com.ar\\\/#\\\/schema\\\/logo\\\/image\\\/\",\"url\":\"https:\\\/\\\/infopba247.com.ar\\\/wp-content\\\/uploads\\\/2022\\\/03\\\/cropped-InfoPBA247-1.png\",\"contentUrl\":\"https:\\\/\\\/infopba247.com.ar\\\/wp-content\\\/uploads\\\/2022\\\/03\\\/cropped-InfoPBA247-1.png\",\"width\":500,\"height\":122,\"caption\":\"InfoPBA247\"},\"image\":{\"@id\":\"https:\\\/\\\/infopba247.com.ar\\\/#\\\/schema\\\/logo\\\/image\\\/\"},\"sameAs\":[\"https:\\\/\\\/www.facebook.com\\\/InfoPBA\"]},{\"@type\":\"Person\",\"@id\":\"https:\\\/\\\/infopba247.com.ar\\\/#\\\/schema\\\/person\\\/4975f1343a413e57bf839b3eed0099f2\",\"name\":\"Editor\",\"image\":{\"@type\":\"ImageObject\",\"inLanguage\":\"es\",\"@id\":\"https:\\\/\\\/secure.gravatar.com\\\/avatar\\\/d27fe9520667ca53441d36627a1d6b0fa4a813571ec4803687a7a3a7744685ac?s=96&d=mm&r=g\",\"url\":\"https:\\\/\\\/secure.gravatar.com\\\/avatar\\\/d27fe9520667ca53441d36627a1d6b0fa4a813571ec4803687a7a3a7744685ac?s=96&d=mm&r=g\",\"contentUrl\":\"https:\\\/\\\/secure.gravatar.com\\\/avatar\\\/d27fe9520667ca53441d36627a1d6b0fa4a813571ec4803687a7a3a7744685ac?s=96&d=mm&r=g\",\"caption\":\"Editor\"},\"url\":\"https:\\\/\\\/infopba247.com.ar\\\/index.php\\\/author\\\/editor\\\/\"}]}<\/script>\n<!-- \/ Yoast SEO plugin. -->","yoast_head_json":{"title":"Alak cre\u00f3 un \u00e1rea especial para brindar atenci\u00f3n personalizada a inquilinos e inquilinas en la ciudad - InfoPBA247","robots":{"index":"index","follow":"follow","max-snippet":"max-snippet:-1","max-image-preview":"max-image-preview:large","max-video-preview":"max-video-preview:-1"},"canonical":"https:\/\/infopba247.com.ar\/index.php\/2024\/08\/09\/alak-creo-un-area-especial-para-brindar-atencion-personalizada-a-inquilinos-e-inquilinas-en-la-ciudad\/","og_locale":"es_ES","og_type":"article","og_title":"Alak cre\u00f3 un \u00e1rea especial para brindar atenci\u00f3n personalizada a inquilinos e inquilinas en la ciudad - InfoPBA247","og_description":"Fue en el marco de un convenio con la Defensor\u00eda del Pueblo de la Provincia a cargo de Guido Lorenzino.","og_url":"https:\/\/infopba247.com.ar\/index.php\/2024\/08\/09\/alak-creo-un-area-especial-para-brindar-atencion-personalizada-a-inquilinos-e-inquilinas-en-la-ciudad\/","og_site_name":"InfoPBA247","article_publisher":"https:\/\/www.facebook.com\/InfoPBA","article_published_time":"2024-08-09T13:17:37+00:00","article_modified_time":"2024-08-09T13:17:39+00:00","og_image":[{"width":1600,"height":1135,"url":"https:\/\/infopba247.com.ar\/wp-content\/uploads\/2024\/08\/unnamed-26.jpg","type":"image\/jpeg"}],"author":"Editor","twitter_card":"summary_large_image","twitter_misc":{"Escrito por":"Editor","Tiempo de lectura":"3 minutos"},"schema":{"@context":"https:\/\/schema.org","@graph":[{"@type":"Article","@id":"https:\/\/infopba247.com.ar\/index.php\/2024\/08\/09\/alak-creo-un-area-especial-para-brindar-atencion-personalizada-a-inquilinos-e-inquilinas-en-la-ciudad\/#article","isPartOf":{"@id":"https:\/\/infopba247.com.ar\/index.php\/2024\/08\/09\/alak-creo-un-area-especial-para-brindar-atencion-personalizada-a-inquilinos-e-inquilinas-en-la-ciudad\/"},"author":{"name":"Editor","@id":"https:\/\/infopba247.com.ar\/#\/schema\/person\/4975f1343a413e57bf839b3eed0099f2"},"headline":"Alak cre\u00f3 un \u00e1rea especial para brindar atenci\u00f3n personalizada a inquilinos e inquilinas en la ciudad","datePublished":"2024-08-09T13:17:37+00:00","dateModified":"2024-08-09T13:17:39+00:00","mainEntityOfPage":{"@id":"https:\/\/infopba247.com.ar\/index.php\/2024\/08\/09\/alak-creo-un-area-especial-para-brindar-atencion-personalizada-a-inquilinos-e-inquilinas-en-la-ciudad\/"},"wordCount":521,"commentCount":0,"publisher":{"@id":"https:\/\/infopba247.com.ar\/#organization"},"image":{"@id":"https:\/\/infopba247.com.ar\/index.php\/2024\/08\/09\/alak-creo-un-area-especial-para-brindar-atencion-personalizada-a-inquilinos-e-inquilinas-en-la-ciudad\/#primaryimage"},"thumbnailUrl":"https:\/\/infopba247.com.ar\/wp-content\/uploads\/2024\/08\/unnamed-26.jpg","articleSection":["8va Secci\u00f3n","Destacadas","Pol\u00edtica"],"inLanguage":"es","potentialAction":[{"@type":"CommentAction","name":"Comment","target":["https:\/\/infopba247.com.ar\/index.php\/2024\/08\/09\/alak-creo-un-area-especial-para-brindar-atencion-personalizada-a-inquilinos-e-inquilinas-en-la-ciudad\/#respond"]}]},{"@type":"WebPage","@id":"https:\/\/infopba247.com.ar\/index.php\/2024\/08\/09\/alak-creo-un-area-especial-para-brindar-atencion-personalizada-a-inquilinos-e-inquilinas-en-la-ciudad\/","url":"https:\/\/infopba247.com.ar\/index.php\/2024\/08\/09\/alak-creo-un-area-especial-para-brindar-atencion-personalizada-a-inquilinos-e-inquilinas-en-la-ciudad\/","name":"Alak cre\u00f3 un \u00e1rea especial para brindar atenci\u00f3n personalizada a inquilinos e inquilinas en la ciudad - InfoPBA247","isPartOf":{"@id":"https:\/\/infopba247.com.ar\/#website"},"primaryImageOfPage":{"@id":"https:\/\/infopba247.com.ar\/index.php\/2024\/08\/09\/alak-creo-un-area-especial-para-brindar-atencion-personalizada-a-inquilinos-e-inquilinas-en-la-ciudad\/#primaryimage"},"image":{"@id":"https:\/\/infopba247.com.ar\/index.php\/2024\/08\/09\/alak-creo-un-area-especial-para-brindar-atencion-personalizada-a-inquilinos-e-inquilinas-en-la-ciudad\/#primaryimage"},"thumbnailUrl":"https:\/\/infopba247.com.ar\/wp-content\/uploads\/2024\/08\/unnamed-26.jpg","datePublished":"2024-08-09T13:17:37+00:00","dateModified":"2024-08-09T13:17:39+00:00","breadcrumb":{"@id":"https:\/\/infopba247.com.ar\/index.php\/2024\/08\/09\/alak-creo-un-area-especial-para-brindar-atencion-personalizada-a-inquilinos-e-inquilinas-en-la-ciudad\/#breadcrumb"},"inLanguage":"es","potentialAction":[{"@type":"ReadAction","target":["https:\/\/infopba247.com.ar\/index.php\/2024\/08\/09\/alak-creo-un-area-especial-para-brindar-atencion-personalizada-a-inquilinos-e-inquilinas-en-la-ciudad\/"]}]},{"@type":"ImageObject","inLanguage":"es","@id":"https:\/\/infopba247.com.ar\/index.php\/2024\/08\/09\/alak-creo-un-area-especial-para-brindar-atencion-personalizada-a-inquilinos-e-inquilinas-en-la-ciudad\/#primaryimage","url":"https:\/\/infopba247.com.ar\/wp-content\/uploads\/2024\/08\/unnamed-26.jpg","contentUrl":"https:\/\/infopba247.com.ar\/wp-content\/uploads\/2024\/08\/unnamed-26.jpg","width":1600,"height":1135},{"@type":"BreadcrumbList","@id":"https:\/\/infopba247.com.ar\/index.php\/2024\/08\/09\/alak-creo-un-area-especial-para-brindar-atencion-personalizada-a-inquilinos-e-inquilinas-en-la-ciudad\/#breadcrumb","itemListElement":[{"@type":"ListItem","position":1,"name":"Portada","item":"https:\/\/infopba247.com.ar\/"},{"@type":"ListItem","position":2,"name":"Alak cre\u00f3 un \u00e1rea especial para brindar atenci\u00f3n personalizada a inquilinos e inquilinas en la ciudad"}]},{"@type":"WebSite","@id":"https:\/\/infopba247.com.ar\/#website","url":"https:\/\/infopba247.com.ar\/","name":"InfoPBA247","description":"Toda la actualidad bonaerense","publisher":{"@id":"https:\/\/infopba247.com.ar\/#organization"},"potentialAction":[{"@type":"SearchAction","target":{"@type":"EntryPoint","urlTemplate":"https:\/\/infopba247.com.ar\/?s={search_term_string}"},"query-input":{"@type":"PropertyValueSpecification","valueRequired":true,"valueName":"search_term_string"}}],"inLanguage":"es"},{"@type":"Organization","@id":"https:\/\/infopba247.com.ar\/#organization","name":"InfoPBA247","url":"https:\/\/infopba247.com.ar\/","logo":{"@type":"ImageObject","inLanguage":"es","@id":"https:\/\/infopba247.com.ar\/#\/schema\/logo\/image\/","url":"https:\/\/infopba247.com.ar\/wp-content\/uploads\/2022\/03\/cropped-InfoPBA247-1.png","contentUrl":"https:\/\/infopba247.com.ar\/wp-content\/uploads\/2022\/03\/cropped-InfoPBA247-1.png","width":500,"height":122,"caption":"InfoPBA247"},"image":{"@id":"https:\/\/infopba247.com.ar\/#\/schema\/logo\/image\/"},"sameAs":["https:\/\/www.facebook.com\/InfoPBA"]},{"@type":"Person","@id":"https:\/\/infopba247.com.ar\/#\/schema\/person\/4975f1343a413e57bf839b3eed0099f2","name":"Editor","image":{"@type":"ImageObject","inLanguage":"es","@id":"https:\/\/secure.gravatar.com\/avatar\/d27fe9520667ca53441d36627a1d6b0fa4a813571ec4803687a7a3a7744685ac?s=96&d=mm&r=g","url":"https:\/\/secure.gravatar.com\/avatar\/d27fe9520667ca53441d36627a1d6b0fa4a813571ec4803687a7a3a7744685ac?s=96&d=mm&r=g","contentUrl":"https:\/\/secure.gravatar.com\/avatar\/d27fe9520667ca53441d36627a1d6b0fa4a813571ec4803687a7a3a7744685ac?s=96&d=mm&r=g","caption":"Editor"},"url":"https:\/\/infopba247.com.ar\/index.php\/author\/editor\/"}]}},"_links":{"self":[{"href":"https:\/\/infopba247.com.ar\/index.php\/wp-json\/wp\/v2\/posts\/4804","targetHints":{"allow":["GET"]}}],"collection":[{"href":"https:\/\/infopba247.com.ar\/index.php\/wp-json\/wp\/v2\/posts"}],"about":[{"href":"https:\/\/infopba247.com.ar\/index.php\/wp-json\/wp\/v2\/types\/post"}],"author":[{"embeddable":true,"href":"https:\/\/infopba247.com.ar\/index.php\/wp-json\/wp\/v2\/users\/3"}],"replies":[{"embeddable":true,"href":"https:\/\/infopba247.com.ar\/index.php\/wp-json\/wp\/v2\/comments?post=4804"}],"version-history":[{"count":1,"href":"https:\/\/infopba247.com.ar\/index.php\/wp-json\/wp\/v2\/posts\/4804\/revisions"}],"predecessor-version":[{"id":4805,"href":"https:\/\/infopba247.com.ar\/index.php\/wp-json\/wp\/v2\/posts\/4804\/revisions\/4805"}],"wp:featuredmedia":[{"embeddable":true,"href":"https:\/\/infopba247.com.ar\/index.php\/wp-json\/wp\/v2\/media\/4800"}],"wp:attachment":[{"href":"https:\/\/infopba247.com.ar\/index.php\/wp-json\/wp\/v2\/media?parent=4804"}],"wp:term":[{"taxonomy":"category","embeddable":true,"href":"https:\/\/infopba247.com.ar\/index.php\/wp-json\/wp\/v2\/categories?post=4804"},{"taxonomy":"post_tag","embeddable":true,"href":"https:\/\/infopba247.com.ar\/index.php\/wp-json\/wp\/v2\/tags?post=4804"}],"curies":[{"name":"wp","href":"https:\/\/api.w.org\/{rel}","templated":true}]}}