{"id":4766,"date":"2024-08-06T11:00:16","date_gmt":"2024-08-06T14:00:16","guid":{"rendered":"https:\/\/infopba247.com.ar\/?p=4766"},"modified":"2024-08-06T11:00:16","modified_gmt":"2024-08-06T14:00:16","slug":"alak-participo-de-una-jornada-solidaria-en-la-previa-al-modelo-de-naciones-unidas-2024","status":"publish","type":"post","link":"https:\/\/infopba247.com.ar\/index.php\/2024\/08\/06\/alak-participo-de-una-jornada-solidaria-en-la-previa-al-modelo-de-naciones-unidas-2024\/","title":{"rendered":"Alak particip\u00f3 de una jornada solidaria en la previa al Modelo de Naciones Unidas 2024"},"content":{"rendered":"\n<p>El intendente de La Plata, Julio Alak, particip\u00f3 ayer de un evento ben\u00e9fico organizado por la Asociaci\u00f3n Civil \u201cSimulacros Educativos R\u00edo de La Plata\u201d (ACSERP) en el que se reconocieron actividades previas a la VII edici\u00f3n del Modelo Intercolegial de la Organizaci\u00f3n de las Naciones Unidas (ONU).<\/p>\n\n\n\n<p>El Centro Cultural Pasaje Dardo Rocha de calle 50 entre 6 y 7 fue el escenario en el que se reconocieron seis actividades preparatorias que se realizaron en la primera parte del a\u00f1o y de las que participaron 1.500 estudiantes secundarios de cuarto a sexto a\u00f1o de 55 colegios p\u00fablicos y privados de la capital bonaerense.<\/p>\n\n\n\n<p>Al respecto, Alak manifest\u00f3: \u201cCelebro el crecimiento de este evento y que haya tantos j\u00f3venes de la ciudad que hayan decidido aprender m\u00e1s. El valor de la educaci\u00f3n es lo que permite que las personas crezcan espiritual e intelectualmente y sean libres, pero tambi\u00e9n es una manera de ayudarse a ustedes mismos y al pa\u00eds; cuando el Estado dise\u00f1a universidades y establece carreras, busca el beneficio de una Patria\u201d.<\/p>\n\n\n\n<p>\u201cEstudiar sirve para el uno y para el otro, por eso los queremos estimular a que lo hagan; sigan estudiando y aprendiendo que de esta manera mejorar\u00e1n ustedes, mejorar\u00e1 la sociedad y mejorar\u00e1 nuestra Patria. Tienen una enorme ventaja: viven en una ciudad donde hay cuatro universidades nacionales y de inmenso prestigio latinoamericano y mundial\u201d, agreg\u00f3 el mandatario.<\/p>\n\n\n\n<p>En el marco de la actividad, los estudiantes que forman parte de la experiencia recibieron los t\u00f3picos que se tratar\u00e1n en la VII edici\u00f3n del Modelo Intercolegial de Naciones Unidas, que contar\u00e1 con una apertura en la sala Ginastera del Teatro Argentino y se realizar\u00e1 los d\u00edas 25, 26 y 27 de septiembre en la Rep\u00fablica de los Ni\u00f1os.<\/p>\n\n\n\n<p>Adem\u00e1s, se recibieron \u00fatiles que ser\u00e1n donados a diversas instituciones por el D\u00eda del Ni\u00f1o, se concret\u00f3 la declaraci\u00f3n de Inter\u00e9s Municipal del evento por parte del Concejo Deliberante local y se present\u00f3 el convenio entre el programa de la ONU con la Universidad Nacional de La Plata (UNLP).<\/p>\n\n\n\n<p>A su turno, el presidente de la UNLP, Mart\u00edn L\u00f3pez Armengol, afirm\u00f3: \u201cEsta es una actividad de un fuerte perfil acad\u00e9mico que les va a servir a todos los alumnos, graduados y docentes para formarse en aspectos vinculados a geopol\u00edtica y la cultura de los distintos pa\u00edses, cuestiones de econom\u00eda y de cultura en general\u201d.<\/p>\n\n\n\n<p>\u201cEsta experiencia es un muy buen motivo no solo para aprender, si no para quienes tenemos la responsabilidad de estar frente a un aula educando de interpelarnos sobre las formas de llegar y motivar a nuestros j\u00f3venes, que son el presente y representan el futuro\u201d, a\u00f1adi\u00f3.<\/p>\n\n\n\n<p>Finalmente, el Coordinador General de la actividad,&nbsp; Pedro Crisorio, sostuvo que \u201cnos proponemos seguir creciendo y trabajando incansablemente hasta que sean cientas las organizaciones juveniles que transformen realidades\u201d y cerr\u00f3 con un mensaje hacia los alumnos presentes: \u201cParticipen de lo que crean y vivan de lo que sue\u00f1en\u201d.<\/p>\n\n\n\n<p>Participaron tambi\u00e9n del encuentro el presidente del Concejo Deliberante, Marcelo Galland; y la coordinadora general general de la actividad, Martina Corriente; entre otras autoridades.<\/p>\n","protected":false},"excerpt":{"rendered":"<p>El intendente de La Plata, Julio Alak, particip\u00f3 ayer de un evento ben\u00e9fico organizado por la Asociaci\u00f3n Civil \u201cSimulacros Educativos<\/p>\n","protected":false},"author":3,"featured_media":4764,"comment_status":"open","ping_status":"open","sticky":false,"template":"","format":"standard","meta":{"colormag_page_container_layout":"default_layout","colormag_page_sidebar_layout":"default_layout","footnotes":""},"categories":[12,1,14],"tags":[],"class_list":["post-4766","post","type-post","status-publish","format-standard","has-post-thumbnail","hentry","category-8va-seccion","category-destacadas","category-politica"],"yoast_head":"<!-- This site is optimized with the Yoast SEO plugin v27.4 - https:\/\/yoast.com\/product\/yoast-seo-wordpress\/ -->\n<title>Alak particip\u00f3 de una jornada solidaria en la previa al Modelo de Naciones Unidas 2024 - InfoPBA247<\/title>\n<meta name=\"robots\" content=\"index, follow, max-snippet:-1, max-image-preview:large, max-video-preview:-1\" \/>\n<link rel=\"canonical\" href=\"https:\/\/infopba247.com.ar\/index.php\/2024\/08\/06\/alak-participo-de-una-jornada-solidaria-en-la-previa-al-modelo-de-naciones-unidas-2024\/\" \/>\n<meta property=\"og:locale\" content=\"es_ES\" \/>\n<meta property=\"og:type\" content=\"article\" \/>\n<meta property=\"og:title\" content=\"Alak particip\u00f3 de una jornada solidaria en la previa al Modelo de Naciones Unidas 2024 - InfoPBA247\" \/>\n<meta property=\"og:description\" content=\"El intendente de La Plata, Julio Alak, particip\u00f3 ayer de un evento ben\u00e9fico organizado por la Asociaci\u00f3n Civil \u201cSimulacros Educativos\" \/>\n<meta property=\"og:url\" content=\"https:\/\/infopba247.com.ar\/index.php\/2024\/08\/06\/alak-participo-de-una-jornada-solidaria-en-la-previa-al-modelo-de-naciones-unidas-2024\/\" \/>\n<meta property=\"og:site_name\" content=\"InfoPBA247\" \/>\n<meta property=\"article:publisher\" content=\"https:\/\/www.facebook.com\/InfoPBA\" \/>\n<meta property=\"article:published_time\" content=\"2024-08-06T14:00:16+00:00\" \/>\n<meta property=\"og:image\" content=\"https:\/\/infopba247.com.ar\/wp-content\/uploads\/2024\/08\/unnamed-18-scaled.jpg\" \/>\n\t<meta property=\"og:image:width\" content=\"2560\" \/>\n\t<meta property=\"og:image:height\" content=\"1635\" \/>\n\t<meta property=\"og:image:type\" content=\"image\/jpeg\" \/>\n<meta name=\"author\" content=\"Editor\" \/>\n<meta name=\"twitter:card\" content=\"summary_large_image\" \/>\n<meta name=\"twitter:label1\" content=\"Escrito por\" \/>\n\t<meta name=\"twitter:data1\" content=\"Editor\" \/>\n\t<meta name=\"twitter:label2\" content=\"Tiempo de lectura\" \/>\n\t<meta name=\"twitter:data2\" content=\"3 minutos\" \/>\n<script type=\"application\/ld+json\" class=\"yoast-schema-graph\">{\"@context\":\"https:\\\/\\\/schema.org\",\"@graph\":[{\"@type\":\"Article\",\"@id\":\"https:\\\/\\\/infopba247.com.ar\\\/index.php\\\/2024\\\/08\\\/06\\\/alak-participo-de-una-jornada-solidaria-en-la-previa-al-modelo-de-naciones-unidas-2024\\\/#article\",\"isPartOf\":{\"@id\":\"https:\\\/\\\/infopba247.com.ar\\\/index.php\\\/2024\\\/08\\\/06\\\/alak-participo-de-una-jornada-solidaria-en-la-previa-al-modelo-de-naciones-unidas-2024\\\/\"},\"author\":{\"name\":\"Editor\",\"@id\":\"https:\\\/\\\/infopba247.com.ar\\\/#\\\/schema\\\/person\\\/4975f1343a413e57bf839b3eed0099f2\"},\"headline\":\"Alak particip\u00f3 de una jornada solidaria en la previa al Modelo de Naciones Unidas 2024\",\"datePublished\":\"2024-08-06T14:00:16+00:00\",\"mainEntityOfPage\":{\"@id\":\"https:\\\/\\\/infopba247.com.ar\\\/index.php\\\/2024\\\/08\\\/06\\\/alak-participo-de-una-jornada-solidaria-en-la-previa-al-modelo-de-naciones-unidas-2024\\\/\"},\"wordCount\":555,\"commentCount\":0,\"publisher\":{\"@id\":\"https:\\\/\\\/infopba247.com.ar\\\/#organization\"},\"image\":{\"@id\":\"https:\\\/\\\/infopba247.com.ar\\\/index.php\\\/2024\\\/08\\\/06\\\/alak-participo-de-una-jornada-solidaria-en-la-previa-al-modelo-de-naciones-unidas-2024\\\/#primaryimage\"},\"thumbnailUrl\":\"https:\\\/\\\/infopba247.com.ar\\\/wp-content\\\/uploads\\\/2024\\\/08\\\/unnamed-18-scaled.jpg\",\"articleSection\":[\"8va Secci\u00f3n\",\"Destacadas\",\"Pol\u00edtica\"],\"inLanguage\":\"es\",\"potentialAction\":[{\"@type\":\"CommentAction\",\"name\":\"Comment\",\"target\":[\"https:\\\/\\\/infopba247.com.ar\\\/index.php\\\/2024\\\/08\\\/06\\\/alak-participo-de-una-jornada-solidaria-en-la-previa-al-modelo-de-naciones-unidas-2024\\\/#respond\"]}]},{\"@type\":\"WebPage\",\"@id\":\"https:\\\/\\\/infopba247.com.ar\\\/index.php\\\/2024\\\/08\\\/06\\\/alak-participo-de-una-jornada-solidaria-en-la-previa-al-modelo-de-naciones-unidas-2024\\\/\",\"url\":\"https:\\\/\\\/infopba247.com.ar\\\/index.php\\\/2024\\\/08\\\/06\\\/alak-participo-de-una-jornada-solidaria-en-la-previa-al-modelo-de-naciones-unidas-2024\\\/\",\"name\":\"Alak particip\u00f3 de una jornada solidaria en la previa al Modelo de Naciones Unidas 2024 - InfoPBA247\",\"isPartOf\":{\"@id\":\"https:\\\/\\\/infopba247.com.ar\\\/#website\"},\"primaryImageOfPage\":{\"@id\":\"https:\\\/\\\/infopba247.com.ar\\\/index.php\\\/2024\\\/08\\\/06\\\/alak-participo-de-una-jornada-solidaria-en-la-previa-al-modelo-de-naciones-unidas-2024\\\/#primaryimage\"},\"image\":{\"@id\":\"https:\\\/\\\/infopba247.com.ar\\\/index.php\\\/2024\\\/08\\\/06\\\/alak-participo-de-una-jornada-solidaria-en-la-previa-al-modelo-de-naciones-unidas-2024\\\/#primaryimage\"},\"thumbnailUrl\":\"https:\\\/\\\/infopba247.com.ar\\\/wp-content\\\/uploads\\\/2024\\\/08\\\/unnamed-18-scaled.jpg\",\"datePublished\":\"2024-08-06T14:00:16+00:00\",\"breadcrumb\":{\"@id\":\"https:\\\/\\\/infopba247.com.ar\\\/index.php\\\/2024\\\/08\\\/06\\\/alak-participo-de-una-jornada-solidaria-en-la-previa-al-modelo-de-naciones-unidas-2024\\\/#breadcrumb\"},\"inLanguage\":\"es\",\"potentialAction\":[{\"@type\":\"ReadAction\",\"target\":[\"https:\\\/\\\/infopba247.com.ar\\\/index.php\\\/2024\\\/08\\\/06\\\/alak-participo-de-una-jornada-solidaria-en-la-previa-al-modelo-de-naciones-unidas-2024\\\/\"]}]},{\"@type\":\"ImageObject\",\"inLanguage\":\"es\",\"@id\":\"https:\\\/\\\/infopba247.com.ar\\\/index.php\\\/2024\\\/08\\\/06\\\/alak-participo-de-una-jornada-solidaria-en-la-previa-al-modelo-de-naciones-unidas-2024\\\/#primaryimage\",\"url\":\"https:\\\/\\\/infopba247.com.ar\\\/wp-content\\\/uploads\\\/2024\\\/08\\\/unnamed-18-scaled.jpg\",\"contentUrl\":\"https:\\\/\\\/infopba247.com.ar\\\/wp-content\\\/uploads\\\/2024\\\/08\\\/unnamed-18-scaled.jpg\",\"width\":2560,\"height\":1635},{\"@type\":\"BreadcrumbList\",\"@id\":\"https:\\\/\\\/infopba247.com.ar\\\/index.php\\\/2024\\\/08\\\/06\\\/alak-participo-de-una-jornada-solidaria-en-la-previa-al-modelo-de-naciones-unidas-2024\\\/#breadcrumb\",\"itemListElement\":[{\"@type\":\"ListItem\",\"position\":1,\"name\":\"Portada\",\"item\":\"https:\\\/\\\/infopba247.com.ar\\\/\"},{\"@type\":\"ListItem\",\"position\":2,\"name\":\"Alak particip\u00f3 de una jornada solidaria en la previa al Modelo de Naciones Unidas 2024\"}]},{\"@type\":\"WebSite\",\"@id\":\"https:\\\/\\\/infopba247.com.ar\\\/#website\",\"url\":\"https:\\\/\\\/infopba247.com.ar\\\/\",\"name\":\"InfoPBA247\",\"description\":\"Toda la actualidad bonaerense\",\"publisher\":{\"@id\":\"https:\\\/\\\/infopba247.com.ar\\\/#organization\"},\"potentialAction\":[{\"@type\":\"SearchAction\",\"target\":{\"@type\":\"EntryPoint\",\"urlTemplate\":\"https:\\\/\\\/infopba247.com.ar\\\/?s={search_term_string}\"},\"query-input\":{\"@type\":\"PropertyValueSpecification\",\"valueRequired\":true,\"valueName\":\"search_term_string\"}}],\"inLanguage\":\"es\"},{\"@type\":\"Organization\",\"@id\":\"https:\\\/\\\/infopba247.com.ar\\\/#organization\",\"name\":\"InfoPBA247\",\"url\":\"https:\\\/\\\/infopba247.com.ar\\\/\",\"logo\":{\"@type\":\"ImageObject\",\"inLanguage\":\"es\",\"@id\":\"https:\\\/\\\/infopba247.com.ar\\\/#\\\/schema\\\/logo\\\/image\\\/\",\"url\":\"https:\\\/\\\/infopba247.com.ar\\\/wp-content\\\/uploads\\\/2022\\\/03\\\/cropped-InfoPBA247-1.png\",\"contentUrl\":\"https:\\\/\\\/infopba247.com.ar\\\/wp-content\\\/uploads\\\/2022\\\/03\\\/cropped-InfoPBA247-1.png\",\"width\":500,\"height\":122,\"caption\":\"InfoPBA247\"},\"image\":{\"@id\":\"https:\\\/\\\/infopba247.com.ar\\\/#\\\/schema\\\/logo\\\/image\\\/\"},\"sameAs\":[\"https:\\\/\\\/www.facebook.com\\\/InfoPBA\"]},{\"@type\":\"Person\",\"@id\":\"https:\\\/\\\/infopba247.com.ar\\\/#\\\/schema\\\/person\\\/4975f1343a413e57bf839b3eed0099f2\",\"name\":\"Editor\",\"image\":{\"@type\":\"ImageObject\",\"inLanguage\":\"es\",\"@id\":\"https:\\\/\\\/secure.gravatar.com\\\/avatar\\\/d27fe9520667ca53441d36627a1d6b0fa4a813571ec4803687a7a3a7744685ac?s=96&d=mm&r=g\",\"url\":\"https:\\\/\\\/secure.gravatar.com\\\/avatar\\\/d27fe9520667ca53441d36627a1d6b0fa4a813571ec4803687a7a3a7744685ac?s=96&d=mm&r=g\",\"contentUrl\":\"https:\\\/\\\/secure.gravatar.com\\\/avatar\\\/d27fe9520667ca53441d36627a1d6b0fa4a813571ec4803687a7a3a7744685ac?s=96&d=mm&r=g\",\"caption\":\"Editor\"},\"url\":\"https:\\\/\\\/infopba247.com.ar\\\/index.php\\\/author\\\/editor\\\/\"}]}<\/script>\n<!-- \/ Yoast SEO plugin. -->","yoast_head_json":{"title":"Alak particip\u00f3 de una jornada solidaria en la previa al Modelo de Naciones Unidas 2024 - InfoPBA247","robots":{"index":"index","follow":"follow","max-snippet":"max-snippet:-1","max-image-preview":"max-image-preview:large","max-video-preview":"max-video-preview:-1"},"canonical":"https:\/\/infopba247.com.ar\/index.php\/2024\/08\/06\/alak-participo-de-una-jornada-solidaria-en-la-previa-al-modelo-de-naciones-unidas-2024\/","og_locale":"es_ES","og_type":"article","og_title":"Alak particip\u00f3 de una jornada solidaria en la previa al Modelo de Naciones Unidas 2024 - InfoPBA247","og_description":"El intendente de La Plata, Julio Alak, particip\u00f3 ayer de un evento ben\u00e9fico organizado por la Asociaci\u00f3n Civil \u201cSimulacros Educativos","og_url":"https:\/\/infopba247.com.ar\/index.php\/2024\/08\/06\/alak-participo-de-una-jornada-solidaria-en-la-previa-al-modelo-de-naciones-unidas-2024\/","og_site_name":"InfoPBA247","article_publisher":"https:\/\/www.facebook.com\/InfoPBA","article_published_time":"2024-08-06T14:00:16+00:00","og_image":[{"width":2560,"height":1635,"url":"https:\/\/infopba247.com.ar\/wp-content\/uploads\/2024\/08\/unnamed-18-scaled.jpg","type":"image\/jpeg"}],"author":"Editor","twitter_card":"summary_large_image","twitter_misc":{"Escrito por":"Editor","Tiempo de lectura":"3 minutos"},"schema":{"@context":"https:\/\/schema.org","@graph":[{"@type":"Article","@id":"https:\/\/infopba247.com.ar\/index.php\/2024\/08\/06\/alak-participo-de-una-jornada-solidaria-en-la-previa-al-modelo-de-naciones-unidas-2024\/#article","isPartOf":{"@id":"https:\/\/infopba247.com.ar\/index.php\/2024\/08\/06\/alak-participo-de-una-jornada-solidaria-en-la-previa-al-modelo-de-naciones-unidas-2024\/"},"author":{"name":"Editor","@id":"https:\/\/infopba247.com.ar\/#\/schema\/person\/4975f1343a413e57bf839b3eed0099f2"},"headline":"Alak particip\u00f3 de una jornada solidaria en la previa al Modelo de Naciones Unidas 2024","datePublished":"2024-08-06T14:00:16+00:00","mainEntityOfPage":{"@id":"https:\/\/infopba247.com.ar\/index.php\/2024\/08\/06\/alak-participo-de-una-jornada-solidaria-en-la-previa-al-modelo-de-naciones-unidas-2024\/"},"wordCount":555,"commentCount":0,"publisher":{"@id":"https:\/\/infopba247.com.ar\/#organization"},"image":{"@id":"https:\/\/infopba247.com.ar\/index.php\/2024\/08\/06\/alak-participo-de-una-jornada-solidaria-en-la-previa-al-modelo-de-naciones-unidas-2024\/#primaryimage"},"thumbnailUrl":"https:\/\/infopba247.com.ar\/wp-content\/uploads\/2024\/08\/unnamed-18-scaled.jpg","articleSection":["8va Secci\u00f3n","Destacadas","Pol\u00edtica"],"inLanguage":"es","potentialAction":[{"@type":"CommentAction","name":"Comment","target":["https:\/\/infopba247.com.ar\/index.php\/2024\/08\/06\/alak-participo-de-una-jornada-solidaria-en-la-previa-al-modelo-de-naciones-unidas-2024\/#respond"]}]},{"@type":"WebPage","@id":"https:\/\/infopba247.com.ar\/index.php\/2024\/08\/06\/alak-participo-de-una-jornada-solidaria-en-la-previa-al-modelo-de-naciones-unidas-2024\/","url":"https:\/\/infopba247.com.ar\/index.php\/2024\/08\/06\/alak-participo-de-una-jornada-solidaria-en-la-previa-al-modelo-de-naciones-unidas-2024\/","name":"Alak particip\u00f3 de una jornada solidaria en la previa al Modelo de Naciones Unidas 2024 - InfoPBA247","isPartOf":{"@id":"https:\/\/infopba247.com.ar\/#website"},"primaryImageOfPage":{"@id":"https:\/\/infopba247.com.ar\/index.php\/2024\/08\/06\/alak-participo-de-una-jornada-solidaria-en-la-previa-al-modelo-de-naciones-unidas-2024\/#primaryimage"},"image":{"@id":"https:\/\/infopba247.com.ar\/index.php\/2024\/08\/06\/alak-participo-de-una-jornada-solidaria-en-la-previa-al-modelo-de-naciones-unidas-2024\/#primaryimage"},"thumbnailUrl":"https:\/\/infopba247.com.ar\/wp-content\/uploads\/2024\/08\/unnamed-18-scaled.jpg","datePublished":"2024-08-06T14:00:16+00:00","breadcrumb":{"@id":"https:\/\/infopba247.com.ar\/index.php\/2024\/08\/06\/alak-participo-de-una-jornada-solidaria-en-la-previa-al-modelo-de-naciones-unidas-2024\/#breadcrumb"},"inLanguage":"es","potentialAction":[{"@type":"ReadAction","target":["https:\/\/infopba247.com.ar\/index.php\/2024\/08\/06\/alak-participo-de-una-jornada-solidaria-en-la-previa-al-modelo-de-naciones-unidas-2024\/"]}]},{"@type":"ImageObject","inLanguage":"es","@id":"https:\/\/infopba247.com.ar\/index.php\/2024\/08\/06\/alak-participo-de-una-jornada-solidaria-en-la-previa-al-modelo-de-naciones-unidas-2024\/#primaryimage","url":"https:\/\/infopba247.com.ar\/wp-content\/uploads\/2024\/08\/unnamed-18-scaled.jpg","contentUrl":"https:\/\/infopba247.com.ar\/wp-content\/uploads\/2024\/08\/unnamed-18-scaled.jpg","width":2560,"height":1635},{"@type":"BreadcrumbList","@id":"https:\/\/infopba247.com.ar\/index.php\/2024\/08\/06\/alak-participo-de-una-jornada-solidaria-en-la-previa-al-modelo-de-naciones-unidas-2024\/#breadcrumb","itemListElement":[{"@type":"ListItem","position":1,"name":"Portada","item":"https:\/\/infopba247.com.ar\/"},{"@type":"ListItem","position":2,"name":"Alak particip\u00f3 de una jornada solidaria en la previa al Modelo de Naciones Unidas 2024"}]},{"@type":"WebSite","@id":"https:\/\/infopba247.com.ar\/#website","url":"https:\/\/infopba247.com.ar\/","name":"InfoPBA247","description":"Toda la actualidad bonaerense","publisher":{"@id":"https:\/\/infopba247.com.ar\/#organization"},"potentialAction":[{"@type":"SearchAction","target":{"@type":"EntryPoint","urlTemplate":"https:\/\/infopba247.com.ar\/?s={search_term_string}"},"query-input":{"@type":"PropertyValueSpecification","valueRequired":true,"valueName":"search_term_string"}}],"inLanguage":"es"},{"@type":"Organization","@id":"https:\/\/infopba247.com.ar\/#organization","name":"InfoPBA247","url":"https:\/\/infopba247.com.ar\/","logo":{"@type":"ImageObject","inLanguage":"es","@id":"https:\/\/infopba247.com.ar\/#\/schema\/logo\/image\/","url":"https:\/\/infopba247.com.ar\/wp-content\/uploads\/2022\/03\/cropped-InfoPBA247-1.png","contentUrl":"https:\/\/infopba247.com.ar\/wp-content\/uploads\/2022\/03\/cropped-InfoPBA247-1.png","width":500,"height":122,"caption":"InfoPBA247"},"image":{"@id":"https:\/\/infopba247.com.ar\/#\/schema\/logo\/image\/"},"sameAs":["https:\/\/www.facebook.com\/InfoPBA"]},{"@type":"Person","@id":"https:\/\/infopba247.com.ar\/#\/schema\/person\/4975f1343a413e57bf839b3eed0099f2","name":"Editor","image":{"@type":"ImageObject","inLanguage":"es","@id":"https:\/\/secure.gravatar.com\/avatar\/d27fe9520667ca53441d36627a1d6b0fa4a813571ec4803687a7a3a7744685ac?s=96&d=mm&r=g","url":"https:\/\/secure.gravatar.com\/avatar\/d27fe9520667ca53441d36627a1d6b0fa4a813571ec4803687a7a3a7744685ac?s=96&d=mm&r=g","contentUrl":"https:\/\/secure.gravatar.com\/avatar\/d27fe9520667ca53441d36627a1d6b0fa4a813571ec4803687a7a3a7744685ac?s=96&d=mm&r=g","caption":"Editor"},"url":"https:\/\/infopba247.com.ar\/index.php\/author\/editor\/"}]}},"_links":{"self":[{"href":"https:\/\/infopba247.com.ar\/index.php\/wp-json\/wp\/v2\/posts\/4766","targetHints":{"allow":["GET"]}}],"collection":[{"href":"https:\/\/infopba247.com.ar\/index.php\/wp-json\/wp\/v2\/posts"}],"about":[{"href":"https:\/\/infopba247.com.ar\/index.php\/wp-json\/wp\/v2\/types\/post"}],"author":[{"embeddable":true,"href":"https:\/\/infopba247.com.ar\/index.php\/wp-json\/wp\/v2\/users\/3"}],"replies":[{"embeddable":true,"href":"https:\/\/infopba247.com.ar\/index.php\/wp-json\/wp\/v2\/comments?post=4766"}],"version-history":[{"count":1,"href":"https:\/\/infopba247.com.ar\/index.php\/wp-json\/wp\/v2\/posts\/4766\/revisions"}],"predecessor-version":[{"id":4767,"href":"https:\/\/infopba247.com.ar\/index.php\/wp-json\/wp\/v2\/posts\/4766\/revisions\/4767"}],"wp:featuredmedia":[{"embeddable":true,"href":"https:\/\/infopba247.com.ar\/index.php\/wp-json\/wp\/v2\/media\/4764"}],"wp:attachment":[{"href":"https:\/\/infopba247.com.ar\/index.php\/wp-json\/wp\/v2\/media?parent=4766"}],"wp:term":[{"taxonomy":"category","embeddable":true,"href":"https:\/\/infopba247.com.ar\/index.php\/wp-json\/wp\/v2\/categories?post=4766"},{"taxonomy":"post_tag","embeddable":true,"href":"https:\/\/infopba247.com.ar\/index.php\/wp-json\/wp\/v2\/tags?post=4766"}],"curies":[{"name":"wp","href":"https:\/\/api.w.org\/{rel}","templated":true}]}}