{"id":4758,"date":"2024-08-05T11:35:52","date_gmt":"2024-08-05T14:35:52","guid":{"rendered":"https:\/\/infopba247.com.ar\/?p=4758"},"modified":"2024-08-05T11:35:52","modified_gmt":"2024-08-05T14:35:52","slug":"ambiente-y-comunidad-un-programa-para-conocer-concientizarse-y-comprometerse-con-el-medio-que-nos-rodea","status":"publish","type":"post","link":"https:\/\/infopba247.com.ar\/index.php\/2024\/08\/05\/ambiente-y-comunidad-un-programa-para-conocer-concientizarse-y-comprometerse-con-el-medio-que-nos-rodea\/","title":{"rendered":"\u201cAmbiente y comunidad\u201d, un programa para conocer, concientizarse y comprometerse con el medio que nos rodea"},"content":{"rendered":"\n<p>Bajo la premisa de \u201cCuidar el ambiente es saber vivir\u201d las Secretar\u00edas de Gesti\u00f3n Ambiental junto a la de Planeamiento para el Desarrollo Sustentable lanzaron este programa que tiene como objetivo principal incorporar o reforzar entre las y los vecinos conocimientos espec\u00edficos de nuestro territorio y sus recursos naturales.<\/p>\n\n\n\n<p>\u201cLa idea es que la comunidad en su conjunto tome conocimiento y conciencia de como nuestras acciones cotidianas, por acci\u00f3n u omisi\u00f3n,&nbsp; impactan sobre el ambiente y condicionan nuestra calidad de vida presente y futura\u201d explic\u00f3 el subsecretario de PDS, Daniel Pedroni.<\/p>\n\n\n\n<p>\u201cEn principio apuntamos a generar un anclaje respecto a temas como el recurso del agua potable, ecosistema, acciones positivas y negativas; tambi\u00e9n sobre la importancia de los espacios verdes y \u00e1reas protegidas; el funcionamiento de la playa, su zona costera y el tratamiento de los Residuos S\u00f3lidos Urbanos\u201d especific\u00f3.<\/p>\n\n\n\n<p>Entre las acciones del programa \u201cAmbiente y Comunidad\u201d se prev\u00e9 un plan de difusi\u00f3n p\u00fablica, con jornadas abiertas y visitas a lugares; la generaci\u00f3n de normativa para mejorar la eficiencia energ\u00e9tica de los edificios y la capacitaci\u00f3n a docentes para que incorporen en su dise\u00f1o curricular los conocimientos ambientales locales\u201d.<\/p>\n\n\n\n<p>En cuanto a las instituciones educativas, ya se comenz\u00f3 con reuniones diarias en cada una de las escuelas donde \u201cmediante charlas espec\u00edficas de cada tema brindamos una base de los distintos t\u00f3picos para que el docente pueda adaptar, de acuerdo a las caracter\u00edsticas del alumnado, la forma de transmitirlo\u201d.<\/p>\n\n\n\n<p>\u201cQueremos construir un h\u00e1bitat sustentable y para lograrlo necesitamos del compromiso de todos\u201d remarc\u00f3 el funcionario quien tambi\u00e9n impuls\u00f3 y trabaj\u00f3 sobre el nuevo Plan y C\u00f3digo de Ordenamiento Urbano y Territorial, aprobado por la provincia de Buenos Aires, que proyecta el crecimiento de Monte Hermoso por el pr\u00f3ximo medio siglo.<\/p>\n","protected":false},"excerpt":{"rendered":"<p>Bajo la premisa de \u201cCuidar el ambiente es saber vivir\u201d las Secretar\u00edas de Gesti\u00f3n Ambiental junto a la de Planeamiento<\/p>\n","protected":false},"author":3,"featured_media":4749,"comment_status":"open","ping_status":"open","sticky":false,"template":"","format":"standard","meta":{"colormag_page_container_layout":"default_layout","colormag_page_sidebar_layout":"default_layout","footnotes":""},"categories":[10,1,14],"tags":[],"class_list":["post-4758","post","type-post","status-publish","format-standard","has-post-thumbnail","hentry","category-6ta-seccion","category-destacadas","category-politica"],"yoast_head":"<!-- This site is optimized with the Yoast SEO plugin v27.5 - https:\/\/yoast.com\/product\/yoast-seo-wordpress\/ -->\n<title>\u201cAmbiente y comunidad\u201d, un programa para conocer, concientizarse y comprometerse con el medio que nos rodea - InfoPBA247<\/title>\n<meta name=\"robots\" content=\"index, follow, max-snippet:-1, max-image-preview:large, max-video-preview:-1\" \/>\n<link rel=\"canonical\" href=\"https:\/\/infopba247.com.ar\/index.php\/2024\/08\/05\/ambiente-y-comunidad-un-programa-para-conocer-concientizarse-y-comprometerse-con-el-medio-que-nos-rodea\/\" \/>\n<meta property=\"og:locale\" content=\"es_ES\" \/>\n<meta property=\"og:type\" content=\"article\" \/>\n<meta property=\"og:title\" content=\"\u201cAmbiente y comunidad\u201d, un programa para conocer, concientizarse y comprometerse con el medio que nos rodea - InfoPBA247\" \/>\n<meta property=\"og:description\" content=\"Bajo la premisa de \u201cCuidar el ambiente es saber vivir\u201d las Secretar\u00edas de Gesti\u00f3n Ambiental junto a la de Planeamiento\" \/>\n<meta property=\"og:url\" content=\"https:\/\/infopba247.com.ar\/index.php\/2024\/08\/05\/ambiente-y-comunidad-un-programa-para-conocer-concientizarse-y-comprometerse-con-el-medio-que-nos-rodea\/\" \/>\n<meta property=\"og:site_name\" content=\"InfoPBA247\" \/>\n<meta property=\"article:publisher\" content=\"https:\/\/www.facebook.com\/InfoPBA\" \/>\n<meta property=\"article:published_time\" content=\"2024-08-05T14:35:52+00:00\" \/>\n<meta property=\"og:image\" content=\"https:\/\/infopba247.com.ar\/wp-content\/uploads\/2024\/08\/453502316_949791903855162_2089146089184076533_n.jpg\" \/>\n\t<meta property=\"og:image:width\" content=\"1600\" \/>\n\t<meta property=\"og:image:height\" content=\"1200\" \/>\n\t<meta property=\"og:image:type\" content=\"image\/jpeg\" \/>\n<meta name=\"author\" content=\"Editor\" \/>\n<meta name=\"twitter:card\" content=\"summary_large_image\" \/>\n<meta name=\"twitter:label1\" content=\"Escrito por\" \/>\n\t<meta name=\"twitter:data1\" content=\"Editor\" \/>\n\t<meta name=\"twitter:label2\" content=\"Tiempo de lectura\" \/>\n\t<meta name=\"twitter:data2\" content=\"2 minutos\" \/>\n<script type=\"application\/ld+json\" class=\"yoast-schema-graph\">{\"@context\":\"https:\\\/\\\/schema.org\",\"@graph\":[{\"@type\":\"Article\",\"@id\":\"https:\\\/\\\/infopba247.com.ar\\\/index.php\\\/2024\\\/08\\\/05\\\/ambiente-y-comunidad-un-programa-para-conocer-concientizarse-y-comprometerse-con-el-medio-que-nos-rodea\\\/#article\",\"isPartOf\":{\"@id\":\"https:\\\/\\\/infopba247.com.ar\\\/index.php\\\/2024\\\/08\\\/05\\\/ambiente-y-comunidad-un-programa-para-conocer-concientizarse-y-comprometerse-con-el-medio-que-nos-rodea\\\/\"},\"author\":{\"name\":\"Editor\",\"@id\":\"https:\\\/\\\/infopba247.com.ar\\\/#\\\/schema\\\/person\\\/4975f1343a413e57bf839b3eed0099f2\"},\"headline\":\"\u201cAmbiente y comunidad\u201d, un programa para conocer, concientizarse y comprometerse con el medio que nos rodea\",\"datePublished\":\"2024-08-05T14:35:52+00:00\",\"mainEntityOfPage\":{\"@id\":\"https:\\\/\\\/infopba247.com.ar\\\/index.php\\\/2024\\\/08\\\/05\\\/ambiente-y-comunidad-un-programa-para-conocer-concientizarse-y-comprometerse-con-el-medio-que-nos-rodea\\\/\"},\"wordCount\":327,\"commentCount\":0,\"publisher\":{\"@id\":\"https:\\\/\\\/infopba247.com.ar\\\/#organization\"},\"image\":{\"@id\":\"https:\\\/\\\/infopba247.com.ar\\\/index.php\\\/2024\\\/08\\\/05\\\/ambiente-y-comunidad-un-programa-para-conocer-concientizarse-y-comprometerse-con-el-medio-que-nos-rodea\\\/#primaryimage\"},\"thumbnailUrl\":\"https:\\\/\\\/infopba247.com.ar\\\/wp-content\\\/uploads\\\/2024\\\/08\\\/453502316_949791903855162_2089146089184076533_n.jpg\",\"articleSection\":[\"6ta Secci\u00f3n\",\"Destacadas\",\"Pol\u00edtica\"],\"inLanguage\":\"es\",\"potentialAction\":[{\"@type\":\"CommentAction\",\"name\":\"Comment\",\"target\":[\"https:\\\/\\\/infopba247.com.ar\\\/index.php\\\/2024\\\/08\\\/05\\\/ambiente-y-comunidad-un-programa-para-conocer-concientizarse-y-comprometerse-con-el-medio-que-nos-rodea\\\/#respond\"]}]},{\"@type\":\"WebPage\",\"@id\":\"https:\\\/\\\/infopba247.com.ar\\\/index.php\\\/2024\\\/08\\\/05\\\/ambiente-y-comunidad-un-programa-para-conocer-concientizarse-y-comprometerse-con-el-medio-que-nos-rodea\\\/\",\"url\":\"https:\\\/\\\/infopba247.com.ar\\\/index.php\\\/2024\\\/08\\\/05\\\/ambiente-y-comunidad-un-programa-para-conocer-concientizarse-y-comprometerse-con-el-medio-que-nos-rodea\\\/\",\"name\":\"\u201cAmbiente y comunidad\u201d, un programa para conocer, concientizarse y comprometerse con el medio que nos rodea - InfoPBA247\",\"isPartOf\":{\"@id\":\"https:\\\/\\\/infopba247.com.ar\\\/#website\"},\"primaryImageOfPage\":{\"@id\":\"https:\\\/\\\/infopba247.com.ar\\\/index.php\\\/2024\\\/08\\\/05\\\/ambiente-y-comunidad-un-programa-para-conocer-concientizarse-y-comprometerse-con-el-medio-que-nos-rodea\\\/#primaryimage\"},\"image\":{\"@id\":\"https:\\\/\\\/infopba247.com.ar\\\/index.php\\\/2024\\\/08\\\/05\\\/ambiente-y-comunidad-un-programa-para-conocer-concientizarse-y-comprometerse-con-el-medio-que-nos-rodea\\\/#primaryimage\"},\"thumbnailUrl\":\"https:\\\/\\\/infopba247.com.ar\\\/wp-content\\\/uploads\\\/2024\\\/08\\\/453502316_949791903855162_2089146089184076533_n.jpg\",\"datePublished\":\"2024-08-05T14:35:52+00:00\",\"breadcrumb\":{\"@id\":\"https:\\\/\\\/infopba247.com.ar\\\/index.php\\\/2024\\\/08\\\/05\\\/ambiente-y-comunidad-un-programa-para-conocer-concientizarse-y-comprometerse-con-el-medio-que-nos-rodea\\\/#breadcrumb\"},\"inLanguage\":\"es\",\"potentialAction\":[{\"@type\":\"ReadAction\",\"target\":[\"https:\\\/\\\/infopba247.com.ar\\\/index.php\\\/2024\\\/08\\\/05\\\/ambiente-y-comunidad-un-programa-para-conocer-concientizarse-y-comprometerse-con-el-medio-que-nos-rodea\\\/\"]}]},{\"@type\":\"ImageObject\",\"inLanguage\":\"es\",\"@id\":\"https:\\\/\\\/infopba247.com.ar\\\/index.php\\\/2024\\\/08\\\/05\\\/ambiente-y-comunidad-un-programa-para-conocer-concientizarse-y-comprometerse-con-el-medio-que-nos-rodea\\\/#primaryimage\",\"url\":\"https:\\\/\\\/infopba247.com.ar\\\/wp-content\\\/uploads\\\/2024\\\/08\\\/453502316_949791903855162_2089146089184076533_n.jpg\",\"contentUrl\":\"https:\\\/\\\/infopba247.com.ar\\\/wp-content\\\/uploads\\\/2024\\\/08\\\/453502316_949791903855162_2089146089184076533_n.jpg\",\"width\":1600,\"height\":1200},{\"@type\":\"BreadcrumbList\",\"@id\":\"https:\\\/\\\/infopba247.com.ar\\\/index.php\\\/2024\\\/08\\\/05\\\/ambiente-y-comunidad-un-programa-para-conocer-concientizarse-y-comprometerse-con-el-medio-que-nos-rodea\\\/#breadcrumb\",\"itemListElement\":[{\"@type\":\"ListItem\",\"position\":1,\"name\":\"Portada\",\"item\":\"https:\\\/\\\/infopba247.com.ar\\\/\"},{\"@type\":\"ListItem\",\"position\":2,\"name\":\"\u201cAmbiente y comunidad\u201d, un programa para conocer, concientizarse y comprometerse con el medio que nos rodea\"}]},{\"@type\":\"WebSite\",\"@id\":\"https:\\\/\\\/infopba247.com.ar\\\/#website\",\"url\":\"https:\\\/\\\/infopba247.com.ar\\\/\",\"name\":\"InfoPBA247\",\"description\":\"Toda la actualidad bonaerense\",\"publisher\":{\"@id\":\"https:\\\/\\\/infopba247.com.ar\\\/#organization\"},\"potentialAction\":[{\"@type\":\"SearchAction\",\"target\":{\"@type\":\"EntryPoint\",\"urlTemplate\":\"https:\\\/\\\/infopba247.com.ar\\\/?s={search_term_string}\"},\"query-input\":{\"@type\":\"PropertyValueSpecification\",\"valueRequired\":true,\"valueName\":\"search_term_string\"}}],\"inLanguage\":\"es\"},{\"@type\":\"Organization\",\"@id\":\"https:\\\/\\\/infopba247.com.ar\\\/#organization\",\"name\":\"InfoPBA247\",\"url\":\"https:\\\/\\\/infopba247.com.ar\\\/\",\"logo\":{\"@type\":\"ImageObject\",\"inLanguage\":\"es\",\"@id\":\"https:\\\/\\\/infopba247.com.ar\\\/#\\\/schema\\\/logo\\\/image\\\/\",\"url\":\"https:\\\/\\\/infopba247.com.ar\\\/wp-content\\\/uploads\\\/2022\\\/03\\\/cropped-InfoPBA247-1.png\",\"contentUrl\":\"https:\\\/\\\/infopba247.com.ar\\\/wp-content\\\/uploads\\\/2022\\\/03\\\/cropped-InfoPBA247-1.png\",\"width\":500,\"height\":122,\"caption\":\"InfoPBA247\"},\"image\":{\"@id\":\"https:\\\/\\\/infopba247.com.ar\\\/#\\\/schema\\\/logo\\\/image\\\/\"},\"sameAs\":[\"https:\\\/\\\/www.facebook.com\\\/InfoPBA\"]},{\"@type\":\"Person\",\"@id\":\"https:\\\/\\\/infopba247.com.ar\\\/#\\\/schema\\\/person\\\/4975f1343a413e57bf839b3eed0099f2\",\"name\":\"Editor\",\"image\":{\"@type\":\"ImageObject\",\"inLanguage\":\"es\",\"@id\":\"https:\\\/\\\/secure.gravatar.com\\\/avatar\\\/d27fe9520667ca53441d36627a1d6b0fa4a813571ec4803687a7a3a7744685ac?s=96&d=mm&r=g\",\"url\":\"https:\\\/\\\/secure.gravatar.com\\\/avatar\\\/d27fe9520667ca53441d36627a1d6b0fa4a813571ec4803687a7a3a7744685ac?s=96&d=mm&r=g\",\"contentUrl\":\"https:\\\/\\\/secure.gravatar.com\\\/avatar\\\/d27fe9520667ca53441d36627a1d6b0fa4a813571ec4803687a7a3a7744685ac?s=96&d=mm&r=g\",\"caption\":\"Editor\"},\"url\":\"https:\\\/\\\/infopba247.com.ar\\\/index.php\\\/author\\\/editor\\\/\"}]}<\/script>\n<!-- \/ Yoast SEO plugin. -->","yoast_head_json":{"title":"\u201cAmbiente y comunidad\u201d, un programa para conocer, concientizarse y comprometerse con el medio que nos rodea - InfoPBA247","robots":{"index":"index","follow":"follow","max-snippet":"max-snippet:-1","max-image-preview":"max-image-preview:large","max-video-preview":"max-video-preview:-1"},"canonical":"https:\/\/infopba247.com.ar\/index.php\/2024\/08\/05\/ambiente-y-comunidad-un-programa-para-conocer-concientizarse-y-comprometerse-con-el-medio-que-nos-rodea\/","og_locale":"es_ES","og_type":"article","og_title":"\u201cAmbiente y comunidad\u201d, un programa para conocer, concientizarse y comprometerse con el medio que nos rodea - InfoPBA247","og_description":"Bajo la premisa de \u201cCuidar el ambiente es saber vivir\u201d las Secretar\u00edas de Gesti\u00f3n Ambiental junto a la de Planeamiento","og_url":"https:\/\/infopba247.com.ar\/index.php\/2024\/08\/05\/ambiente-y-comunidad-un-programa-para-conocer-concientizarse-y-comprometerse-con-el-medio-que-nos-rodea\/","og_site_name":"InfoPBA247","article_publisher":"https:\/\/www.facebook.com\/InfoPBA","article_published_time":"2024-08-05T14:35:52+00:00","og_image":[{"width":1600,"height":1200,"url":"https:\/\/infopba247.com.ar\/wp-content\/uploads\/2024\/08\/453502316_949791903855162_2089146089184076533_n.jpg","type":"image\/jpeg"}],"author":"Editor","twitter_card":"summary_large_image","twitter_misc":{"Escrito por":"Editor","Tiempo de lectura":"2 minutos"},"schema":{"@context":"https:\/\/schema.org","@graph":[{"@type":"Article","@id":"https:\/\/infopba247.com.ar\/index.php\/2024\/08\/05\/ambiente-y-comunidad-un-programa-para-conocer-concientizarse-y-comprometerse-con-el-medio-que-nos-rodea\/#article","isPartOf":{"@id":"https:\/\/infopba247.com.ar\/index.php\/2024\/08\/05\/ambiente-y-comunidad-un-programa-para-conocer-concientizarse-y-comprometerse-con-el-medio-que-nos-rodea\/"},"author":{"name":"Editor","@id":"https:\/\/infopba247.com.ar\/#\/schema\/person\/4975f1343a413e57bf839b3eed0099f2"},"headline":"\u201cAmbiente y comunidad\u201d, un programa para conocer, concientizarse y comprometerse con el medio que nos rodea","datePublished":"2024-08-05T14:35:52+00:00","mainEntityOfPage":{"@id":"https:\/\/infopba247.com.ar\/index.php\/2024\/08\/05\/ambiente-y-comunidad-un-programa-para-conocer-concientizarse-y-comprometerse-con-el-medio-que-nos-rodea\/"},"wordCount":327,"commentCount":0,"publisher":{"@id":"https:\/\/infopba247.com.ar\/#organization"},"image":{"@id":"https:\/\/infopba247.com.ar\/index.php\/2024\/08\/05\/ambiente-y-comunidad-un-programa-para-conocer-concientizarse-y-comprometerse-con-el-medio-que-nos-rodea\/#primaryimage"},"thumbnailUrl":"https:\/\/infopba247.com.ar\/wp-content\/uploads\/2024\/08\/453502316_949791903855162_2089146089184076533_n.jpg","articleSection":["6ta Secci\u00f3n","Destacadas","Pol\u00edtica"],"inLanguage":"es","potentialAction":[{"@type":"CommentAction","name":"Comment","target":["https:\/\/infopba247.com.ar\/index.php\/2024\/08\/05\/ambiente-y-comunidad-un-programa-para-conocer-concientizarse-y-comprometerse-con-el-medio-que-nos-rodea\/#respond"]}]},{"@type":"WebPage","@id":"https:\/\/infopba247.com.ar\/index.php\/2024\/08\/05\/ambiente-y-comunidad-un-programa-para-conocer-concientizarse-y-comprometerse-con-el-medio-que-nos-rodea\/","url":"https:\/\/infopba247.com.ar\/index.php\/2024\/08\/05\/ambiente-y-comunidad-un-programa-para-conocer-concientizarse-y-comprometerse-con-el-medio-que-nos-rodea\/","name":"\u201cAmbiente y comunidad\u201d, un programa para conocer, concientizarse y comprometerse con el medio que nos rodea - InfoPBA247","isPartOf":{"@id":"https:\/\/infopba247.com.ar\/#website"},"primaryImageOfPage":{"@id":"https:\/\/infopba247.com.ar\/index.php\/2024\/08\/05\/ambiente-y-comunidad-un-programa-para-conocer-concientizarse-y-comprometerse-con-el-medio-que-nos-rodea\/#primaryimage"},"image":{"@id":"https:\/\/infopba247.com.ar\/index.php\/2024\/08\/05\/ambiente-y-comunidad-un-programa-para-conocer-concientizarse-y-comprometerse-con-el-medio-que-nos-rodea\/#primaryimage"},"thumbnailUrl":"https:\/\/infopba247.com.ar\/wp-content\/uploads\/2024\/08\/453502316_949791903855162_2089146089184076533_n.jpg","datePublished":"2024-08-05T14:35:52+00:00","breadcrumb":{"@id":"https:\/\/infopba247.com.ar\/index.php\/2024\/08\/05\/ambiente-y-comunidad-un-programa-para-conocer-concientizarse-y-comprometerse-con-el-medio-que-nos-rodea\/#breadcrumb"},"inLanguage":"es","potentialAction":[{"@type":"ReadAction","target":["https:\/\/infopba247.com.ar\/index.php\/2024\/08\/05\/ambiente-y-comunidad-un-programa-para-conocer-concientizarse-y-comprometerse-con-el-medio-que-nos-rodea\/"]}]},{"@type":"ImageObject","inLanguage":"es","@id":"https:\/\/infopba247.com.ar\/index.php\/2024\/08\/05\/ambiente-y-comunidad-un-programa-para-conocer-concientizarse-y-comprometerse-con-el-medio-que-nos-rodea\/#primaryimage","url":"https:\/\/infopba247.com.ar\/wp-content\/uploads\/2024\/08\/453502316_949791903855162_2089146089184076533_n.jpg","contentUrl":"https:\/\/infopba247.com.ar\/wp-content\/uploads\/2024\/08\/453502316_949791903855162_2089146089184076533_n.jpg","width":1600,"height":1200},{"@type":"BreadcrumbList","@id":"https:\/\/infopba247.com.ar\/index.php\/2024\/08\/05\/ambiente-y-comunidad-un-programa-para-conocer-concientizarse-y-comprometerse-con-el-medio-que-nos-rodea\/#breadcrumb","itemListElement":[{"@type":"ListItem","position":1,"name":"Portada","item":"https:\/\/infopba247.com.ar\/"},{"@type":"ListItem","position":2,"name":"\u201cAmbiente y comunidad\u201d, un programa para conocer, concientizarse y comprometerse con el medio que nos rodea"}]},{"@type":"WebSite","@id":"https:\/\/infopba247.com.ar\/#website","url":"https:\/\/infopba247.com.ar\/","name":"InfoPBA247","description":"Toda la actualidad bonaerense","publisher":{"@id":"https:\/\/infopba247.com.ar\/#organization"},"potentialAction":[{"@type":"SearchAction","target":{"@type":"EntryPoint","urlTemplate":"https:\/\/infopba247.com.ar\/?s={search_term_string}"},"query-input":{"@type":"PropertyValueSpecification","valueRequired":true,"valueName":"search_term_string"}}],"inLanguage":"es"},{"@type":"Organization","@id":"https:\/\/infopba247.com.ar\/#organization","name":"InfoPBA247","url":"https:\/\/infopba247.com.ar\/","logo":{"@type":"ImageObject","inLanguage":"es","@id":"https:\/\/infopba247.com.ar\/#\/schema\/logo\/image\/","url":"https:\/\/infopba247.com.ar\/wp-content\/uploads\/2022\/03\/cropped-InfoPBA247-1.png","contentUrl":"https:\/\/infopba247.com.ar\/wp-content\/uploads\/2022\/03\/cropped-InfoPBA247-1.png","width":500,"height":122,"caption":"InfoPBA247"},"image":{"@id":"https:\/\/infopba247.com.ar\/#\/schema\/logo\/image\/"},"sameAs":["https:\/\/www.facebook.com\/InfoPBA"]},{"@type":"Person","@id":"https:\/\/infopba247.com.ar\/#\/schema\/person\/4975f1343a413e57bf839b3eed0099f2","name":"Editor","image":{"@type":"ImageObject","inLanguage":"es","@id":"https:\/\/secure.gravatar.com\/avatar\/d27fe9520667ca53441d36627a1d6b0fa4a813571ec4803687a7a3a7744685ac?s=96&d=mm&r=g","url":"https:\/\/secure.gravatar.com\/avatar\/d27fe9520667ca53441d36627a1d6b0fa4a813571ec4803687a7a3a7744685ac?s=96&d=mm&r=g","contentUrl":"https:\/\/secure.gravatar.com\/avatar\/d27fe9520667ca53441d36627a1d6b0fa4a813571ec4803687a7a3a7744685ac?s=96&d=mm&r=g","caption":"Editor"},"url":"https:\/\/infopba247.com.ar\/index.php\/author\/editor\/"}]}},"_links":{"self":[{"href":"https:\/\/infopba247.com.ar\/index.php\/wp-json\/wp\/v2\/posts\/4758","targetHints":{"allow":["GET"]}}],"collection":[{"href":"https:\/\/infopba247.com.ar\/index.php\/wp-json\/wp\/v2\/posts"}],"about":[{"href":"https:\/\/infopba247.com.ar\/index.php\/wp-json\/wp\/v2\/types\/post"}],"author":[{"embeddable":true,"href":"https:\/\/infopba247.com.ar\/index.php\/wp-json\/wp\/v2\/users\/3"}],"replies":[{"embeddable":true,"href":"https:\/\/infopba247.com.ar\/index.php\/wp-json\/wp\/v2\/comments?post=4758"}],"version-history":[{"count":1,"href":"https:\/\/infopba247.com.ar\/index.php\/wp-json\/wp\/v2\/posts\/4758\/revisions"}],"predecessor-version":[{"id":4759,"href":"https:\/\/infopba247.com.ar\/index.php\/wp-json\/wp\/v2\/posts\/4758\/revisions\/4759"}],"wp:featuredmedia":[{"embeddable":true,"href":"https:\/\/infopba247.com.ar\/index.php\/wp-json\/wp\/v2\/media\/4749"}],"wp:attachment":[{"href":"https:\/\/infopba247.com.ar\/index.php\/wp-json\/wp\/v2\/media?parent=4758"}],"wp:term":[{"taxonomy":"category","embeddable":true,"href":"https:\/\/infopba247.com.ar\/index.php\/wp-json\/wp\/v2\/categories?post=4758"},{"taxonomy":"post_tag","embeddable":true,"href":"https:\/\/infopba247.com.ar\/index.php\/wp-json\/wp\/v2\/tags?post=4758"}],"curies":[{"name":"wp","href":"https:\/\/api.w.org\/{rel}","templated":true}]}}