{"id":4743,"date":"2024-08-02T08:28:23","date_gmt":"2024-08-02T11:28:23","guid":{"rendered":"https:\/\/infopba247.com.ar\/?p=4743"},"modified":"2024-08-02T08:28:23","modified_gmt":"2024-08-02T11:28:23","slug":"la-ciudad-de-los-15-minutos-como-es-el-proyecto-que-propone-el-urbanista-que-se-reunio-con-alak","status":"publish","type":"post","link":"https:\/\/infopba247.com.ar\/index.php\/2024\/08\/02\/la-ciudad-de-los-15-minutos-como-es-el-proyecto-que-propone-el-urbanista-que-se-reunio-con-alak\/","title":{"rendered":"La \u201cciudad de los 15 minutos\u201d: c\u00f3mo es el proyecto que propone el urbanista que se reuni\u00f3 con Alak"},"content":{"rendered":"\n<p>Para avanzar en el ordenamiento territorial de la capital bonaerense, el intendente de La Plata, Julio Alak, recibi\u00f3 en el Palacio Municipal y declar\u00f3 Visitante Ilustre a Carlos Moreno, reconocido urbanista internacional creador del concepto de la \u201cciudad de los 15 minutos\u201d.<\/p>\n\n\n\n<p>El modelo innovador buscar\u00e1 ser replicado en el partido y propone que los servicios esenciales de la vida cotidiana, como el trabajo, la educaci\u00f3n, la salud, la alimentaci\u00f3n y el ocio, se encuentren a un m\u00e1ximo de 15 minutos a pie o en bicicleta desde cualquier punto de la ciudad.<\/p>\n\n\n\n<p>Entre los principios fundamentales sobre los que se apoya el plan se encuentra la ecolog\u00eda, ya que promueve la creaci\u00f3n de una ciudad verde y sostenible, aumentando la cantidad de espacios verdes y reduciendo la contaminaci\u00f3n.<\/p>\n\n\n\n<p>\u201cTenemos que revertir esta tendencia de una ciudad que va perdiendo espacios verdes y valor en sus edificios y promover esta visi\u00f3n que ha desarrollado Carlos Moreno de la \u2018ciudad de los 15 minutos\u2019, la ciudad de cercan\u00eda\u201d, expres\u00f3 Alak.<\/p>\n\n\n\n<p>Tambi\u00e9n contempla la proximidad, clave para garantizar que las personas vivan cerca de las actividades y servicios que necesitan; y la solidaridad, fortaleciendo los v\u00ednculos comunitarios y fomentando la cohesi\u00f3n social entre los habitantes.<\/p>\n\n\n\n<p>En ese sentido, Moreno enfatiz\u00f3 que \u201cnecesitamos transformar la matriz de La Plata para aplicar con conciencia una visi\u00f3n de ciudad para la gente, ofreciendo la proximidad como elemento clave\u201d, para concluir con la idea de que \u201cuna ciudad sin servicios para sus ciudadanos no dignifica la vida\u201d.<\/p>\n\n\n\n<p>Finalmente, el proyecto incluye entre sus aristas primordiales la participaci\u00f3n, ya que entiende que los ciudadanos deben involucrarse en la transformaci\u00f3n de sus barrios, asegurando que sus requerimientos y deseos sean considerados en el desarrollo urbano.<\/p>\n\n\n\n<p>En esencia, la \u201cciudad de los quince minutos\u201d busca reconciliar la vida urbana con las necesidades humanas, asegurando que todos los residentes, tanto del centro como de la periferia, tengan acceso a los servicios esenciales de su vecindario.<\/p>\n\n\n\n<p>\u201cNuestro trabajo de pensar la ciudad a trav\u00e9s de las proximidades es una revoluci\u00f3n de justicia y dignidad\u201d, dijo el experto durante su paso por La Plata, y explic\u00f3: \u201cLa \u2018ciudad de los 15 minutos\u2019 es conocida hoy en d\u00eda en el mundo entero, pero lo que m\u00e1s importa no es el n\u00famero de minutos, sino la dignidad y la calidad de vida como br\u00fajula esencial\u201d.<\/p>\n\n\n\n<p>Cabe mencionar que el primer sitio en adoptar este plan fue Par\u00eds, en Francia, a partir de una descentralizaci\u00f3n masiva de los servicios, la incorporaci\u00f3n de nuevos carriles para bicicletas, la puesta en marcha de nuevos modelos econ\u00f3micos que alientan a los peque\u00f1os comercios, la construcci\u00f3n de m\u00e1s espacios verdes, entre otras medidas.<\/p>\n\n\n\n<p>En la misma l\u00ednea, el intendente Alak trabajar\u00e1 en la capital bonaerense para ajustar el C\u00f3digo de Ordenamiento Urbano y Territorial a estos principios, articulando medidas con el Gobierno provincial.<\/p>\n\n\n\n<p>Carlos Moreno es un urbanista y cient\u00edfico francocolombiano y profesor asociado en la Universidad Panth\u00e9on Sorbona cuyas contribuciones son valoradas internacionalmente por su originalidad y han sido incorporadas en m\u00faltiples proyectos de gobernanza local y transformaciones urbanas.<\/p>\n\n\n\n<p>En esta oportunidad, encabez\u00f3 mesas de trabajo y conferencias ad honorem, exponiendo su proyecto de \u2018ciudad de los 15 minutos\u2019 para la capital bonaerense.<\/p>\n","protected":false},"excerpt":{"rendered":"<p>Para avanzar en el ordenamiento territorial de la capital bonaerense, el intendente de La Plata, Julio Alak, recibi\u00f3 en el<\/p>\n","protected":false},"author":3,"featured_media":4738,"comment_status":"open","ping_status":"open","sticky":false,"template":"","format":"standard","meta":{"colormag_page_container_layout":"default_layout","colormag_page_sidebar_layout":"default_layout","footnotes":""},"categories":[12,1,14],"tags":[],"class_list":["post-4743","post","type-post","status-publish","format-standard","has-post-thumbnail","hentry","category-8va-seccion","category-destacadas","category-politica"],"yoast_head":"<!-- This site is optimized with the Yoast SEO plugin v27.4 - https:\/\/yoast.com\/product\/yoast-seo-wordpress\/ -->\n<title>La \u201cciudad de los 15 minutos\u201d: c\u00f3mo es el proyecto que propone el urbanista que se reuni\u00f3 con Alak - InfoPBA247<\/title>\n<meta name=\"robots\" content=\"index, follow, max-snippet:-1, max-image-preview:large, max-video-preview:-1\" \/>\n<link rel=\"canonical\" href=\"https:\/\/infopba247.com.ar\/index.php\/2024\/08\/02\/la-ciudad-de-los-15-minutos-como-es-el-proyecto-que-propone-el-urbanista-que-se-reunio-con-alak\/\" \/>\n<meta property=\"og:locale\" content=\"es_ES\" \/>\n<meta property=\"og:type\" content=\"article\" \/>\n<meta property=\"og:title\" content=\"La \u201cciudad de los 15 minutos\u201d: c\u00f3mo es el proyecto que propone el urbanista que se reuni\u00f3 con Alak - InfoPBA247\" \/>\n<meta property=\"og:description\" content=\"Para avanzar en el ordenamiento territorial de la capital bonaerense, el intendente de La Plata, Julio Alak, recibi\u00f3 en el\" \/>\n<meta property=\"og:url\" content=\"https:\/\/infopba247.com.ar\/index.php\/2024\/08\/02\/la-ciudad-de-los-15-minutos-como-es-el-proyecto-que-propone-el-urbanista-que-se-reunio-con-alak\/\" \/>\n<meta property=\"og:site_name\" content=\"InfoPBA247\" \/>\n<meta property=\"article:publisher\" content=\"https:\/\/www.facebook.com\/InfoPBA\" \/>\n<meta property=\"article:published_time\" content=\"2024-08-02T11:28:23+00:00\" \/>\n<meta property=\"og:image\" content=\"https:\/\/infopba247.com.ar\/wp-content\/uploads\/2024\/08\/unnamed-13.jpg\" \/>\n\t<meta property=\"og:image:width\" content=\"1600\" \/>\n\t<meta property=\"og:image:height\" content=\"1066\" \/>\n\t<meta property=\"og:image:type\" content=\"image\/jpeg\" \/>\n<meta name=\"author\" content=\"Editor\" \/>\n<meta name=\"twitter:card\" content=\"summary_large_image\" \/>\n<meta name=\"twitter:label1\" content=\"Escrito por\" \/>\n\t<meta name=\"twitter:data1\" content=\"Editor\" \/>\n\t<meta name=\"twitter:label2\" content=\"Tiempo de lectura\" \/>\n\t<meta name=\"twitter:data2\" content=\"3 minutos\" \/>\n<script type=\"application\/ld+json\" class=\"yoast-schema-graph\">{\"@context\":\"https:\\\/\\\/schema.org\",\"@graph\":[{\"@type\":\"Article\",\"@id\":\"https:\\\/\\\/infopba247.com.ar\\\/index.php\\\/2024\\\/08\\\/02\\\/la-ciudad-de-los-15-minutos-como-es-el-proyecto-que-propone-el-urbanista-que-se-reunio-con-alak\\\/#article\",\"isPartOf\":{\"@id\":\"https:\\\/\\\/infopba247.com.ar\\\/index.php\\\/2024\\\/08\\\/02\\\/la-ciudad-de-los-15-minutos-como-es-el-proyecto-que-propone-el-urbanista-que-se-reunio-con-alak\\\/\"},\"author\":{\"name\":\"Editor\",\"@id\":\"https:\\\/\\\/infopba247.com.ar\\\/#\\\/schema\\\/person\\\/4975f1343a413e57bf839b3eed0099f2\"},\"headline\":\"La \u201cciudad de los 15 minutos\u201d: c\u00f3mo es el proyecto que propone el urbanista que se reuni\u00f3 con Alak\",\"datePublished\":\"2024-08-02T11:28:23+00:00\",\"mainEntityOfPage\":{\"@id\":\"https:\\\/\\\/infopba247.com.ar\\\/index.php\\\/2024\\\/08\\\/02\\\/la-ciudad-de-los-15-minutos-como-es-el-proyecto-que-propone-el-urbanista-que-se-reunio-con-alak\\\/\"},\"wordCount\":580,\"commentCount\":0,\"publisher\":{\"@id\":\"https:\\\/\\\/infopba247.com.ar\\\/#organization\"},\"image\":{\"@id\":\"https:\\\/\\\/infopba247.com.ar\\\/index.php\\\/2024\\\/08\\\/02\\\/la-ciudad-de-los-15-minutos-como-es-el-proyecto-que-propone-el-urbanista-que-se-reunio-con-alak\\\/#primaryimage\"},\"thumbnailUrl\":\"https:\\\/\\\/infopba247.com.ar\\\/wp-content\\\/uploads\\\/2024\\\/08\\\/unnamed-13.jpg\",\"articleSection\":[\"8va Secci\u00f3n\",\"Destacadas\",\"Pol\u00edtica\"],\"inLanguage\":\"es\",\"potentialAction\":[{\"@type\":\"CommentAction\",\"name\":\"Comment\",\"target\":[\"https:\\\/\\\/infopba247.com.ar\\\/index.php\\\/2024\\\/08\\\/02\\\/la-ciudad-de-los-15-minutos-como-es-el-proyecto-que-propone-el-urbanista-que-se-reunio-con-alak\\\/#respond\"]}]},{\"@type\":\"WebPage\",\"@id\":\"https:\\\/\\\/infopba247.com.ar\\\/index.php\\\/2024\\\/08\\\/02\\\/la-ciudad-de-los-15-minutos-como-es-el-proyecto-que-propone-el-urbanista-que-se-reunio-con-alak\\\/\",\"url\":\"https:\\\/\\\/infopba247.com.ar\\\/index.php\\\/2024\\\/08\\\/02\\\/la-ciudad-de-los-15-minutos-como-es-el-proyecto-que-propone-el-urbanista-que-se-reunio-con-alak\\\/\",\"name\":\"La \u201cciudad de los 15 minutos\u201d: c\u00f3mo es el proyecto que propone el urbanista que se reuni\u00f3 con Alak - InfoPBA247\",\"isPartOf\":{\"@id\":\"https:\\\/\\\/infopba247.com.ar\\\/#website\"},\"primaryImageOfPage\":{\"@id\":\"https:\\\/\\\/infopba247.com.ar\\\/index.php\\\/2024\\\/08\\\/02\\\/la-ciudad-de-los-15-minutos-como-es-el-proyecto-que-propone-el-urbanista-que-se-reunio-con-alak\\\/#primaryimage\"},\"image\":{\"@id\":\"https:\\\/\\\/infopba247.com.ar\\\/index.php\\\/2024\\\/08\\\/02\\\/la-ciudad-de-los-15-minutos-como-es-el-proyecto-que-propone-el-urbanista-que-se-reunio-con-alak\\\/#primaryimage\"},\"thumbnailUrl\":\"https:\\\/\\\/infopba247.com.ar\\\/wp-content\\\/uploads\\\/2024\\\/08\\\/unnamed-13.jpg\",\"datePublished\":\"2024-08-02T11:28:23+00:00\",\"breadcrumb\":{\"@id\":\"https:\\\/\\\/infopba247.com.ar\\\/index.php\\\/2024\\\/08\\\/02\\\/la-ciudad-de-los-15-minutos-como-es-el-proyecto-que-propone-el-urbanista-que-se-reunio-con-alak\\\/#breadcrumb\"},\"inLanguage\":\"es\",\"potentialAction\":[{\"@type\":\"ReadAction\",\"target\":[\"https:\\\/\\\/infopba247.com.ar\\\/index.php\\\/2024\\\/08\\\/02\\\/la-ciudad-de-los-15-minutos-como-es-el-proyecto-que-propone-el-urbanista-que-se-reunio-con-alak\\\/\"]}]},{\"@type\":\"ImageObject\",\"inLanguage\":\"es\",\"@id\":\"https:\\\/\\\/infopba247.com.ar\\\/index.php\\\/2024\\\/08\\\/02\\\/la-ciudad-de-los-15-minutos-como-es-el-proyecto-que-propone-el-urbanista-que-se-reunio-con-alak\\\/#primaryimage\",\"url\":\"https:\\\/\\\/infopba247.com.ar\\\/wp-content\\\/uploads\\\/2024\\\/08\\\/unnamed-13.jpg\",\"contentUrl\":\"https:\\\/\\\/infopba247.com.ar\\\/wp-content\\\/uploads\\\/2024\\\/08\\\/unnamed-13.jpg\",\"width\":1600,\"height\":1066},{\"@type\":\"BreadcrumbList\",\"@id\":\"https:\\\/\\\/infopba247.com.ar\\\/index.php\\\/2024\\\/08\\\/02\\\/la-ciudad-de-los-15-minutos-como-es-el-proyecto-que-propone-el-urbanista-que-se-reunio-con-alak\\\/#breadcrumb\",\"itemListElement\":[{\"@type\":\"ListItem\",\"position\":1,\"name\":\"Portada\",\"item\":\"https:\\\/\\\/infopba247.com.ar\\\/\"},{\"@type\":\"ListItem\",\"position\":2,\"name\":\"La \u201cciudad de los 15 minutos\u201d: c\u00f3mo es el proyecto que propone el urbanista que se reuni\u00f3 con Alak\"}]},{\"@type\":\"WebSite\",\"@id\":\"https:\\\/\\\/infopba247.com.ar\\\/#website\",\"url\":\"https:\\\/\\\/infopba247.com.ar\\\/\",\"name\":\"InfoPBA247\",\"description\":\"Toda la actualidad bonaerense\",\"publisher\":{\"@id\":\"https:\\\/\\\/infopba247.com.ar\\\/#organization\"},\"potentialAction\":[{\"@type\":\"SearchAction\",\"target\":{\"@type\":\"EntryPoint\",\"urlTemplate\":\"https:\\\/\\\/infopba247.com.ar\\\/?s={search_term_string}\"},\"query-input\":{\"@type\":\"PropertyValueSpecification\",\"valueRequired\":true,\"valueName\":\"search_term_string\"}}],\"inLanguage\":\"es\"},{\"@type\":\"Organization\",\"@id\":\"https:\\\/\\\/infopba247.com.ar\\\/#organization\",\"name\":\"InfoPBA247\",\"url\":\"https:\\\/\\\/infopba247.com.ar\\\/\",\"logo\":{\"@type\":\"ImageObject\",\"inLanguage\":\"es\",\"@id\":\"https:\\\/\\\/infopba247.com.ar\\\/#\\\/schema\\\/logo\\\/image\\\/\",\"url\":\"https:\\\/\\\/infopba247.com.ar\\\/wp-content\\\/uploads\\\/2022\\\/03\\\/cropped-InfoPBA247-1.png\",\"contentUrl\":\"https:\\\/\\\/infopba247.com.ar\\\/wp-content\\\/uploads\\\/2022\\\/03\\\/cropped-InfoPBA247-1.png\",\"width\":500,\"height\":122,\"caption\":\"InfoPBA247\"},\"image\":{\"@id\":\"https:\\\/\\\/infopba247.com.ar\\\/#\\\/schema\\\/logo\\\/image\\\/\"},\"sameAs\":[\"https:\\\/\\\/www.facebook.com\\\/InfoPBA\"]},{\"@type\":\"Person\",\"@id\":\"https:\\\/\\\/infopba247.com.ar\\\/#\\\/schema\\\/person\\\/4975f1343a413e57bf839b3eed0099f2\",\"name\":\"Editor\",\"image\":{\"@type\":\"ImageObject\",\"inLanguage\":\"es\",\"@id\":\"https:\\\/\\\/secure.gravatar.com\\\/avatar\\\/d27fe9520667ca53441d36627a1d6b0fa4a813571ec4803687a7a3a7744685ac?s=96&d=mm&r=g\",\"url\":\"https:\\\/\\\/secure.gravatar.com\\\/avatar\\\/d27fe9520667ca53441d36627a1d6b0fa4a813571ec4803687a7a3a7744685ac?s=96&d=mm&r=g\",\"contentUrl\":\"https:\\\/\\\/secure.gravatar.com\\\/avatar\\\/d27fe9520667ca53441d36627a1d6b0fa4a813571ec4803687a7a3a7744685ac?s=96&d=mm&r=g\",\"caption\":\"Editor\"},\"url\":\"https:\\\/\\\/infopba247.com.ar\\\/index.php\\\/author\\\/editor\\\/\"}]}<\/script>\n<!-- \/ Yoast SEO plugin. -->","yoast_head_json":{"title":"La \u201cciudad de los 15 minutos\u201d: c\u00f3mo es el proyecto que propone el urbanista que se reuni\u00f3 con Alak - InfoPBA247","robots":{"index":"index","follow":"follow","max-snippet":"max-snippet:-1","max-image-preview":"max-image-preview:large","max-video-preview":"max-video-preview:-1"},"canonical":"https:\/\/infopba247.com.ar\/index.php\/2024\/08\/02\/la-ciudad-de-los-15-minutos-como-es-el-proyecto-que-propone-el-urbanista-que-se-reunio-con-alak\/","og_locale":"es_ES","og_type":"article","og_title":"La \u201cciudad de los 15 minutos\u201d: c\u00f3mo es el proyecto que propone el urbanista que se reuni\u00f3 con Alak - InfoPBA247","og_description":"Para avanzar en el ordenamiento territorial de la capital bonaerense, el intendente de La Plata, Julio Alak, recibi\u00f3 en el","og_url":"https:\/\/infopba247.com.ar\/index.php\/2024\/08\/02\/la-ciudad-de-los-15-minutos-como-es-el-proyecto-que-propone-el-urbanista-que-se-reunio-con-alak\/","og_site_name":"InfoPBA247","article_publisher":"https:\/\/www.facebook.com\/InfoPBA","article_published_time":"2024-08-02T11:28:23+00:00","og_image":[{"width":1600,"height":1066,"url":"https:\/\/infopba247.com.ar\/wp-content\/uploads\/2024\/08\/unnamed-13.jpg","type":"image\/jpeg"}],"author":"Editor","twitter_card":"summary_large_image","twitter_misc":{"Escrito por":"Editor","Tiempo de lectura":"3 minutos"},"schema":{"@context":"https:\/\/schema.org","@graph":[{"@type":"Article","@id":"https:\/\/infopba247.com.ar\/index.php\/2024\/08\/02\/la-ciudad-de-los-15-minutos-como-es-el-proyecto-que-propone-el-urbanista-que-se-reunio-con-alak\/#article","isPartOf":{"@id":"https:\/\/infopba247.com.ar\/index.php\/2024\/08\/02\/la-ciudad-de-los-15-minutos-como-es-el-proyecto-que-propone-el-urbanista-que-se-reunio-con-alak\/"},"author":{"name":"Editor","@id":"https:\/\/infopba247.com.ar\/#\/schema\/person\/4975f1343a413e57bf839b3eed0099f2"},"headline":"La \u201cciudad de los 15 minutos\u201d: c\u00f3mo es el proyecto que propone el urbanista que se reuni\u00f3 con Alak","datePublished":"2024-08-02T11:28:23+00:00","mainEntityOfPage":{"@id":"https:\/\/infopba247.com.ar\/index.php\/2024\/08\/02\/la-ciudad-de-los-15-minutos-como-es-el-proyecto-que-propone-el-urbanista-que-se-reunio-con-alak\/"},"wordCount":580,"commentCount":0,"publisher":{"@id":"https:\/\/infopba247.com.ar\/#organization"},"image":{"@id":"https:\/\/infopba247.com.ar\/index.php\/2024\/08\/02\/la-ciudad-de-los-15-minutos-como-es-el-proyecto-que-propone-el-urbanista-que-se-reunio-con-alak\/#primaryimage"},"thumbnailUrl":"https:\/\/infopba247.com.ar\/wp-content\/uploads\/2024\/08\/unnamed-13.jpg","articleSection":["8va Secci\u00f3n","Destacadas","Pol\u00edtica"],"inLanguage":"es","potentialAction":[{"@type":"CommentAction","name":"Comment","target":["https:\/\/infopba247.com.ar\/index.php\/2024\/08\/02\/la-ciudad-de-los-15-minutos-como-es-el-proyecto-que-propone-el-urbanista-que-se-reunio-con-alak\/#respond"]}]},{"@type":"WebPage","@id":"https:\/\/infopba247.com.ar\/index.php\/2024\/08\/02\/la-ciudad-de-los-15-minutos-como-es-el-proyecto-que-propone-el-urbanista-que-se-reunio-con-alak\/","url":"https:\/\/infopba247.com.ar\/index.php\/2024\/08\/02\/la-ciudad-de-los-15-minutos-como-es-el-proyecto-que-propone-el-urbanista-que-se-reunio-con-alak\/","name":"La \u201cciudad de los 15 minutos\u201d: c\u00f3mo es el proyecto que propone el urbanista que se reuni\u00f3 con Alak - InfoPBA247","isPartOf":{"@id":"https:\/\/infopba247.com.ar\/#website"},"primaryImageOfPage":{"@id":"https:\/\/infopba247.com.ar\/index.php\/2024\/08\/02\/la-ciudad-de-los-15-minutos-como-es-el-proyecto-que-propone-el-urbanista-que-se-reunio-con-alak\/#primaryimage"},"image":{"@id":"https:\/\/infopba247.com.ar\/index.php\/2024\/08\/02\/la-ciudad-de-los-15-minutos-como-es-el-proyecto-que-propone-el-urbanista-que-se-reunio-con-alak\/#primaryimage"},"thumbnailUrl":"https:\/\/infopba247.com.ar\/wp-content\/uploads\/2024\/08\/unnamed-13.jpg","datePublished":"2024-08-02T11:28:23+00:00","breadcrumb":{"@id":"https:\/\/infopba247.com.ar\/index.php\/2024\/08\/02\/la-ciudad-de-los-15-minutos-como-es-el-proyecto-que-propone-el-urbanista-que-se-reunio-con-alak\/#breadcrumb"},"inLanguage":"es","potentialAction":[{"@type":"ReadAction","target":["https:\/\/infopba247.com.ar\/index.php\/2024\/08\/02\/la-ciudad-de-los-15-minutos-como-es-el-proyecto-que-propone-el-urbanista-que-se-reunio-con-alak\/"]}]},{"@type":"ImageObject","inLanguage":"es","@id":"https:\/\/infopba247.com.ar\/index.php\/2024\/08\/02\/la-ciudad-de-los-15-minutos-como-es-el-proyecto-que-propone-el-urbanista-que-se-reunio-con-alak\/#primaryimage","url":"https:\/\/infopba247.com.ar\/wp-content\/uploads\/2024\/08\/unnamed-13.jpg","contentUrl":"https:\/\/infopba247.com.ar\/wp-content\/uploads\/2024\/08\/unnamed-13.jpg","width":1600,"height":1066},{"@type":"BreadcrumbList","@id":"https:\/\/infopba247.com.ar\/index.php\/2024\/08\/02\/la-ciudad-de-los-15-minutos-como-es-el-proyecto-que-propone-el-urbanista-que-se-reunio-con-alak\/#breadcrumb","itemListElement":[{"@type":"ListItem","position":1,"name":"Portada","item":"https:\/\/infopba247.com.ar\/"},{"@type":"ListItem","position":2,"name":"La \u201cciudad de los 15 minutos\u201d: c\u00f3mo es el proyecto que propone el urbanista que se reuni\u00f3 con Alak"}]},{"@type":"WebSite","@id":"https:\/\/infopba247.com.ar\/#website","url":"https:\/\/infopba247.com.ar\/","name":"InfoPBA247","description":"Toda la actualidad bonaerense","publisher":{"@id":"https:\/\/infopba247.com.ar\/#organization"},"potentialAction":[{"@type":"SearchAction","target":{"@type":"EntryPoint","urlTemplate":"https:\/\/infopba247.com.ar\/?s={search_term_string}"},"query-input":{"@type":"PropertyValueSpecification","valueRequired":true,"valueName":"search_term_string"}}],"inLanguage":"es"},{"@type":"Organization","@id":"https:\/\/infopba247.com.ar\/#organization","name":"InfoPBA247","url":"https:\/\/infopba247.com.ar\/","logo":{"@type":"ImageObject","inLanguage":"es","@id":"https:\/\/infopba247.com.ar\/#\/schema\/logo\/image\/","url":"https:\/\/infopba247.com.ar\/wp-content\/uploads\/2022\/03\/cropped-InfoPBA247-1.png","contentUrl":"https:\/\/infopba247.com.ar\/wp-content\/uploads\/2022\/03\/cropped-InfoPBA247-1.png","width":500,"height":122,"caption":"InfoPBA247"},"image":{"@id":"https:\/\/infopba247.com.ar\/#\/schema\/logo\/image\/"},"sameAs":["https:\/\/www.facebook.com\/InfoPBA"]},{"@type":"Person","@id":"https:\/\/infopba247.com.ar\/#\/schema\/person\/4975f1343a413e57bf839b3eed0099f2","name":"Editor","image":{"@type":"ImageObject","inLanguage":"es","@id":"https:\/\/secure.gravatar.com\/avatar\/d27fe9520667ca53441d36627a1d6b0fa4a813571ec4803687a7a3a7744685ac?s=96&d=mm&r=g","url":"https:\/\/secure.gravatar.com\/avatar\/d27fe9520667ca53441d36627a1d6b0fa4a813571ec4803687a7a3a7744685ac?s=96&d=mm&r=g","contentUrl":"https:\/\/secure.gravatar.com\/avatar\/d27fe9520667ca53441d36627a1d6b0fa4a813571ec4803687a7a3a7744685ac?s=96&d=mm&r=g","caption":"Editor"},"url":"https:\/\/infopba247.com.ar\/index.php\/author\/editor\/"}]}},"_links":{"self":[{"href":"https:\/\/infopba247.com.ar\/index.php\/wp-json\/wp\/v2\/posts\/4743","targetHints":{"allow":["GET"]}}],"collection":[{"href":"https:\/\/infopba247.com.ar\/index.php\/wp-json\/wp\/v2\/posts"}],"about":[{"href":"https:\/\/infopba247.com.ar\/index.php\/wp-json\/wp\/v2\/types\/post"}],"author":[{"embeddable":true,"href":"https:\/\/infopba247.com.ar\/index.php\/wp-json\/wp\/v2\/users\/3"}],"replies":[{"embeddable":true,"href":"https:\/\/infopba247.com.ar\/index.php\/wp-json\/wp\/v2\/comments?post=4743"}],"version-history":[{"count":1,"href":"https:\/\/infopba247.com.ar\/index.php\/wp-json\/wp\/v2\/posts\/4743\/revisions"}],"predecessor-version":[{"id":4744,"href":"https:\/\/infopba247.com.ar\/index.php\/wp-json\/wp\/v2\/posts\/4743\/revisions\/4744"}],"wp:featuredmedia":[{"embeddable":true,"href":"https:\/\/infopba247.com.ar\/index.php\/wp-json\/wp\/v2\/media\/4738"}],"wp:attachment":[{"href":"https:\/\/infopba247.com.ar\/index.php\/wp-json\/wp\/v2\/media?parent=4743"}],"wp:term":[{"taxonomy":"category","embeddable":true,"href":"https:\/\/infopba247.com.ar\/index.php\/wp-json\/wp\/v2\/categories?post=4743"},{"taxonomy":"post_tag","embeddable":true,"href":"https:\/\/infopba247.com.ar\/index.php\/wp-json\/wp\/v2\/tags?post=4743"}],"curies":[{"name":"wp","href":"https:\/\/api.w.org\/{rel}","templated":true}]}}