{"id":474,"date":"2022-07-03T14:34:38","date_gmt":"2022-07-03T14:34:38","guid":{"rendered":"https:\/\/infopba247.com.ar\/?p=474"},"modified":"2022-07-03T14:34:39","modified_gmt":"2022-07-03T14:34:39","slug":"mientras-cfk-daba-su-discurso-en-ensenada-martin-guzman-anuncio-su-renuncia-como-ministro-de-economia","status":"publish","type":"post","link":"https:\/\/infopba247.com.ar\/index.php\/2022\/07\/03\/mientras-cfk-daba-su-discurso-en-ensenada-martin-guzman-anuncio-su-renuncia-como-ministro-de-economia\/","title":{"rendered":"Mientras CFK daba su discurso en Ensenada, Mart\u00edn Guzm\u00e1n anunci\u00f3 su renuncia como Ministro de Econom\u00eda"},"content":{"rendered":"\n<p>Mart\u00edn Guzm\u00e1n renunci\u00f3 a su cargo como ministro de Econom\u00eda, seg\u00fan un comunicado publicado en la tarde de este s\u00e1bado en su cuenta de la red social Twitter. La informaci\u00f3n se conoci\u00f3 en el mismo momento que la vice presidenta, Cristina Fern\u00e1ndez de Kirchner estaba realizando su discurso en Ensenada recordando el fallecimiento de Juan Domingo Per\u00f3n.<\/p>\n\n\n\n<p>\u201cCon la profunda convicci\u00f3n y la confianza en mi visi\u00f3n sobre cu\u00e1l es el camino que debe seguir la Argentina, seguir\u00e9 trabajando y actuando por una Patria m\u00e1s justa, libre y soberana\u201d, afirm\u00f3 Guzm\u00e1n con un tuit en el que comparti\u00f3 su carta de renuncia.<\/p>\n\n\n\n<p>En diciembre de 2019, Mart\u00edn Guzm\u00e1n asumi\u00f3 como ministro de Econom\u00eda siendo un completo extra\u00f1o para la mayor\u00eda de los argentinos. No lo conoc\u00edan en la pol\u00edtica; tampoco en las empresas ni en los gremios. S\u00ed, en cambio, ya lo tuteaba \u2013y consultaba- una \u00ednfima parte del peronismo racional, aquella que pact\u00f3 en los primeros tiempos del gobierno de Mauricio Macri. Hace minutos present\u00f3 su renuncia.<\/p>\n\n\n\n<p>M\u00e1s all\u00e1 de sus m\u00e9ritos acad\u00e9micos, ten\u00eda colgada una medalla que lo termin\u00f3 catapultando a la silla que m\u00e1s quema dentro del Palacio de Hacienda: era un pupilo de Joseph Stiglitz en un grupo de estudios de Columbia en el que se analizaban los problemas de las deudas externas, el caballito de batalla del kirchnerismo contra los reci\u00e9n catapultados macristas. Stiglitz no era, por otra parte, cualquier ganador del Premio Nobel; era el m\u00e1s admirado por Cristina Kirchner.<\/p>\n\n\n\n<p>De la noche a la ma\u00f1ana, Guzm\u00e1n entendi\u00f3 el juego: se convirti\u00f3 en el m\u00e1s cristinista de los albertistas en la composici\u00f3n del gabinete econ\u00f3mico. Pese a que siempre se vendi\u00f3 como \u201cun soldado del Presidente\u201d, hasta que logr\u00f3 cerrar con el Fondo Monetario Internacional (FMI) este a\u00f1o mantuvo esa \u201cvisi\u00f3n pol\u00edtica\u201d \u2013y ambici\u00f3n- de tener los pies en el plato vicepresidencial. No siempre lo logr\u00f3, sobre todo sobre el final de la gesti\u00f3n, la m\u00e1s larga para un ministro de Econom\u00eda en los cuatro kirchnerismos (superando incluso el per\u00edodo de Roberto Lavagna).<\/p>\n\n\n\n<p>As\u00ed, antes de cerrar la reestructuraci\u00f3n de la deuda externa en d\u00f3lares con legislaci\u00f3n extranjera, el entonces ministro de Econom\u00eda pas\u00f3 a certificar esa decisi\u00f3n por el departamento de Juncal y Uruguay de Cristina Kirchner. M\u00e1s adelante, viajar\u00eda al sur -con peor suerte- por las tarifas.<\/p>\n\n\n\n<p>\u201cVamos a tranquilizar a los mercados\u201d, dijo el 12 de diciembre de 2019, en su primera aparici\u00f3n ante los medios en el microcine del quinto piso del Palacio de Hacienda. Mantuvo ese latiguillo, sin mucha densidad f\u00e1ctica, hasta el final de su gesti\u00f3n. En esa conferencia adelant\u00f3 el env\u00edo al Congreso del proyecto de \u201cSolidaridad Social y Reactivaci\u00f3n Productiva\u201d, que fortaleci\u00f3 el cepo cambiario (con el impuesto PAIS) y subi\u00f3 impuestos (retenciones y bienes personales).<\/p>\n\n\n\n<p>Bajo la sombra de Stiglitz, \u2013 con renegociaciones de deuda mediante-, la idea de Guzm\u00e1n siempre fue lograr espacio fiscal para gastar m\u00e1s. De hecho, comenz\u00f3 a incrementar el gasto meses antes de la llegada de la pandemia de coronavirus, cuando la curva de gastos e ingresos se cruzaron al comienzo de 2020. El rol del Estado para el ministro era estimular la demanda con gasto real.<\/p>\n\n\n\n<p>A paso muy lento, secuencial, Guzm\u00e1n logr\u00f3 en agosto de 2020 la primera \u201cvictoria\u201d econ\u00f3mica para el Gobierno con la deuda, la bandera m\u00e1s izada por Alberto Fern\u00e1ndez y Cristina Kirchner para fomentar la unidad contra un enemigo com\u00fan: Mauricio Macri. El canje que cerr\u00f3 con apoyo del Fondo Monetario Internacional (FMI) luego de arduas negociaciones, sobre todo con el fondo Blackrock, generaba un alivio de US$42.500 millones en cinco a\u00f1os, sobre todo en intereses. La quita de capital fue de 1,9% (US$1230 millones). El valor presente neto (VPN) a tasa de descuento de 10% de su oferta fue de US$54,8 centavos por d\u00f3lar. La tasa de inter\u00e9s promedio de los nuevos bonos qued\u00f3 en 3,07%. Cristina se sac\u00f3 la foto con Guzm\u00e1n para subirse a ese \u201c\u00e9xito\u201d. Esos bonos terminar\u00edan en los \u00faltimos d\u00edas de su gesti\u00f3n con valores de default.<\/p>\n\n\n\n<p>Algunos desaciertos del Gobierno con el sector privado (el intento de expropiar Vicentin o el cambio de reglas de juego en las telecomunicaciones, entre otros), sumado a la pandemia, la cuarentena y el impacto en la econom\u00eda agravaron la crisis. Una dram\u00e1tica ca\u00edda del PBI (9,9%, la peor desde 2002), sumado a una elevada inflaci\u00f3n por la emisi\u00f3n de $2,2 billones para sostener trabajadores y empresas frente al coronavirus m\u00e1s la presi\u00f3n por huir de varios fondos expandieron el riesgo pa\u00eds, la brecha cambiaria e impulsaron el d\u00f3lar blue a $195, lo que hizo sonar todas las alarmas de Cristina Kirchner, que se recluy\u00f3. La lapicera es del Presidente\u201d, dijo.<\/p>\n","protected":false},"excerpt":{"rendered":"<p>Mart\u00edn Guzm\u00e1n renunci\u00f3 a su cargo como ministro de Econom\u00eda, seg\u00fan un comunicado publicado en la tarde de este s\u00e1bado<\/p>\n","protected":false},"author":3,"featured_media":475,"comment_status":"closed","ping_status":"closed","sticky":false,"template":"","format":"standard","meta":{"colormag_page_container_layout":"default_layout","colormag_page_sidebar_layout":"default_layout","footnotes":""},"categories":[1,14],"tags":[],"class_list":["post-474","post","type-post","status-publish","format-standard","has-post-thumbnail","hentry","category-destacadas","category-politica"],"yoast_head":"<!-- This site is optimized with the Yoast SEO plugin v27.4 - https:\/\/yoast.com\/product\/yoast-seo-wordpress\/ -->\n<title>Mientras CFK daba su discurso en Ensenada, Mart\u00edn Guzm\u00e1n anunci\u00f3 su renuncia como Ministro de Econom\u00eda - InfoPBA247<\/title>\n<meta name=\"robots\" content=\"index, follow, max-snippet:-1, max-image-preview:large, max-video-preview:-1\" \/>\n<link rel=\"canonical\" href=\"https:\/\/infopba247.com.ar\/index.php\/2022\/07\/03\/mientras-cfk-daba-su-discurso-en-ensenada-martin-guzman-anuncio-su-renuncia-como-ministro-de-economia\/\" \/>\n<meta property=\"og:locale\" content=\"es_ES\" \/>\n<meta property=\"og:type\" content=\"article\" \/>\n<meta property=\"og:title\" content=\"Mientras CFK daba su discurso en Ensenada, Mart\u00edn Guzm\u00e1n anunci\u00f3 su renuncia como Ministro de Econom\u00eda - InfoPBA247\" \/>\n<meta property=\"og:description\" content=\"Mart\u00edn Guzm\u00e1n renunci\u00f3 a su cargo como ministro de Econom\u00eda, seg\u00fan un comunicado publicado en la tarde de este s\u00e1bado\" \/>\n<meta property=\"og:url\" content=\"https:\/\/infopba247.com.ar\/index.php\/2022\/07\/03\/mientras-cfk-daba-su-discurso-en-ensenada-martin-guzman-anuncio-su-renuncia-como-ministro-de-economia\/\" \/>\n<meta property=\"og:site_name\" content=\"InfoPBA247\" \/>\n<meta property=\"article:publisher\" content=\"https:\/\/www.facebook.com\/InfoPBA\" \/>\n<meta property=\"article:published_time\" content=\"2022-07-03T14:34:38+00:00\" \/>\n<meta property=\"article:modified_time\" content=\"2022-07-03T14:34:39+00:00\" \/>\n<meta property=\"og:image\" content=\"https:\/\/infopba247.com.ar\/wp-content\/uploads\/2022\/07\/guzman.jpg\" \/>\n\t<meta property=\"og:image:width\" content=\"884\" \/>\n\t<meta property=\"og:image:height\" content=\"590\" \/>\n\t<meta property=\"og:image:type\" content=\"image\/jpeg\" \/>\n<meta name=\"author\" content=\"Editor\" \/>\n<meta name=\"twitter:card\" content=\"summary_large_image\" \/>\n<meta name=\"twitter:label1\" content=\"Escrito por\" \/>\n\t<meta name=\"twitter:data1\" content=\"Editor\" \/>\n\t<meta name=\"twitter:label2\" content=\"Tiempo de lectura\" \/>\n\t<meta name=\"twitter:data2\" content=\"4 minutos\" \/>\n<script type=\"application\/ld+json\" class=\"yoast-schema-graph\">{\"@context\":\"https:\\\/\\\/schema.org\",\"@graph\":[{\"@type\":\"Article\",\"@id\":\"https:\\\/\\\/infopba247.com.ar\\\/index.php\\\/2022\\\/07\\\/03\\\/mientras-cfk-daba-su-discurso-en-ensenada-martin-guzman-anuncio-su-renuncia-como-ministro-de-economia\\\/#article\",\"isPartOf\":{\"@id\":\"https:\\\/\\\/infopba247.com.ar\\\/index.php\\\/2022\\\/07\\\/03\\\/mientras-cfk-daba-su-discurso-en-ensenada-martin-guzman-anuncio-su-renuncia-como-ministro-de-economia\\\/\"},\"author\":{\"name\":\"Editor\",\"@id\":\"https:\\\/\\\/infopba247.com.ar\\\/#\\\/schema\\\/person\\\/4975f1343a413e57bf839b3eed0099f2\"},\"headline\":\"Mientras CFK daba su discurso en Ensenada, Mart\u00edn Guzm\u00e1n anunci\u00f3 su renuncia como Ministro de Econom\u00eda\",\"datePublished\":\"2022-07-03T14:34:38+00:00\",\"dateModified\":\"2022-07-03T14:34:39+00:00\",\"mainEntityOfPage\":{\"@id\":\"https:\\\/\\\/infopba247.com.ar\\\/index.php\\\/2022\\\/07\\\/03\\\/mientras-cfk-daba-su-discurso-en-ensenada-martin-guzman-anuncio-su-renuncia-como-ministro-de-economia\\\/\"},\"wordCount\":860,\"publisher\":{\"@id\":\"https:\\\/\\\/infopba247.com.ar\\\/#organization\"},\"image\":{\"@id\":\"https:\\\/\\\/infopba247.com.ar\\\/index.php\\\/2022\\\/07\\\/03\\\/mientras-cfk-daba-su-discurso-en-ensenada-martin-guzman-anuncio-su-renuncia-como-ministro-de-economia\\\/#primaryimage\"},\"thumbnailUrl\":\"https:\\\/\\\/infopba247.com.ar\\\/wp-content\\\/uploads\\\/2022\\\/07\\\/guzman.jpg\",\"articleSection\":[\"Destacadas\",\"Pol\u00edtica\"],\"inLanguage\":\"es\"},{\"@type\":\"WebPage\",\"@id\":\"https:\\\/\\\/infopba247.com.ar\\\/index.php\\\/2022\\\/07\\\/03\\\/mientras-cfk-daba-su-discurso-en-ensenada-martin-guzman-anuncio-su-renuncia-como-ministro-de-economia\\\/\",\"url\":\"https:\\\/\\\/infopba247.com.ar\\\/index.php\\\/2022\\\/07\\\/03\\\/mientras-cfk-daba-su-discurso-en-ensenada-martin-guzman-anuncio-su-renuncia-como-ministro-de-economia\\\/\",\"name\":\"Mientras CFK daba su discurso en Ensenada, Mart\u00edn Guzm\u00e1n anunci\u00f3 su renuncia como Ministro de Econom\u00eda - InfoPBA247\",\"isPartOf\":{\"@id\":\"https:\\\/\\\/infopba247.com.ar\\\/#website\"},\"primaryImageOfPage\":{\"@id\":\"https:\\\/\\\/infopba247.com.ar\\\/index.php\\\/2022\\\/07\\\/03\\\/mientras-cfk-daba-su-discurso-en-ensenada-martin-guzman-anuncio-su-renuncia-como-ministro-de-economia\\\/#primaryimage\"},\"image\":{\"@id\":\"https:\\\/\\\/infopba247.com.ar\\\/index.php\\\/2022\\\/07\\\/03\\\/mientras-cfk-daba-su-discurso-en-ensenada-martin-guzman-anuncio-su-renuncia-como-ministro-de-economia\\\/#primaryimage\"},\"thumbnailUrl\":\"https:\\\/\\\/infopba247.com.ar\\\/wp-content\\\/uploads\\\/2022\\\/07\\\/guzman.jpg\",\"datePublished\":\"2022-07-03T14:34:38+00:00\",\"dateModified\":\"2022-07-03T14:34:39+00:00\",\"breadcrumb\":{\"@id\":\"https:\\\/\\\/infopba247.com.ar\\\/index.php\\\/2022\\\/07\\\/03\\\/mientras-cfk-daba-su-discurso-en-ensenada-martin-guzman-anuncio-su-renuncia-como-ministro-de-economia\\\/#breadcrumb\"},\"inLanguage\":\"es\",\"potentialAction\":[{\"@type\":\"ReadAction\",\"target\":[\"https:\\\/\\\/infopba247.com.ar\\\/index.php\\\/2022\\\/07\\\/03\\\/mientras-cfk-daba-su-discurso-en-ensenada-martin-guzman-anuncio-su-renuncia-como-ministro-de-economia\\\/\"]}]},{\"@type\":\"ImageObject\",\"inLanguage\":\"es\",\"@id\":\"https:\\\/\\\/infopba247.com.ar\\\/index.php\\\/2022\\\/07\\\/03\\\/mientras-cfk-daba-su-discurso-en-ensenada-martin-guzman-anuncio-su-renuncia-como-ministro-de-economia\\\/#primaryimage\",\"url\":\"https:\\\/\\\/infopba247.com.ar\\\/wp-content\\\/uploads\\\/2022\\\/07\\\/guzman.jpg\",\"contentUrl\":\"https:\\\/\\\/infopba247.com.ar\\\/wp-content\\\/uploads\\\/2022\\\/07\\\/guzman.jpg\",\"width\":884,\"height\":590},{\"@type\":\"BreadcrumbList\",\"@id\":\"https:\\\/\\\/infopba247.com.ar\\\/index.php\\\/2022\\\/07\\\/03\\\/mientras-cfk-daba-su-discurso-en-ensenada-martin-guzman-anuncio-su-renuncia-como-ministro-de-economia\\\/#breadcrumb\",\"itemListElement\":[{\"@type\":\"ListItem\",\"position\":1,\"name\":\"Portada\",\"item\":\"https:\\\/\\\/infopba247.com.ar\\\/\"},{\"@type\":\"ListItem\",\"position\":2,\"name\":\"Mientras CFK daba su discurso en Ensenada, Mart\u00edn Guzm\u00e1n anunci\u00f3 su renuncia como Ministro de Econom\u00eda\"}]},{\"@type\":\"WebSite\",\"@id\":\"https:\\\/\\\/infopba247.com.ar\\\/#website\",\"url\":\"https:\\\/\\\/infopba247.com.ar\\\/\",\"name\":\"InfoPBA247\",\"description\":\"Toda la actualidad bonaerense\",\"publisher\":{\"@id\":\"https:\\\/\\\/infopba247.com.ar\\\/#organization\"},\"potentialAction\":[{\"@type\":\"SearchAction\",\"target\":{\"@type\":\"EntryPoint\",\"urlTemplate\":\"https:\\\/\\\/infopba247.com.ar\\\/?s={search_term_string}\"},\"query-input\":{\"@type\":\"PropertyValueSpecification\",\"valueRequired\":true,\"valueName\":\"search_term_string\"}}],\"inLanguage\":\"es\"},{\"@type\":\"Organization\",\"@id\":\"https:\\\/\\\/infopba247.com.ar\\\/#organization\",\"name\":\"InfoPBA247\",\"url\":\"https:\\\/\\\/infopba247.com.ar\\\/\",\"logo\":{\"@type\":\"ImageObject\",\"inLanguage\":\"es\",\"@id\":\"https:\\\/\\\/infopba247.com.ar\\\/#\\\/schema\\\/logo\\\/image\\\/\",\"url\":\"https:\\\/\\\/infopba247.com.ar\\\/wp-content\\\/uploads\\\/2022\\\/03\\\/cropped-InfoPBA247-1.png\",\"contentUrl\":\"https:\\\/\\\/infopba247.com.ar\\\/wp-content\\\/uploads\\\/2022\\\/03\\\/cropped-InfoPBA247-1.png\",\"width\":500,\"height\":122,\"caption\":\"InfoPBA247\"},\"image\":{\"@id\":\"https:\\\/\\\/infopba247.com.ar\\\/#\\\/schema\\\/logo\\\/image\\\/\"},\"sameAs\":[\"https:\\\/\\\/www.facebook.com\\\/InfoPBA\"]},{\"@type\":\"Person\",\"@id\":\"https:\\\/\\\/infopba247.com.ar\\\/#\\\/schema\\\/person\\\/4975f1343a413e57bf839b3eed0099f2\",\"name\":\"Editor\",\"image\":{\"@type\":\"ImageObject\",\"inLanguage\":\"es\",\"@id\":\"https:\\\/\\\/secure.gravatar.com\\\/avatar\\\/d27fe9520667ca53441d36627a1d6b0fa4a813571ec4803687a7a3a7744685ac?s=96&d=mm&r=g\",\"url\":\"https:\\\/\\\/secure.gravatar.com\\\/avatar\\\/d27fe9520667ca53441d36627a1d6b0fa4a813571ec4803687a7a3a7744685ac?s=96&d=mm&r=g\",\"contentUrl\":\"https:\\\/\\\/secure.gravatar.com\\\/avatar\\\/d27fe9520667ca53441d36627a1d6b0fa4a813571ec4803687a7a3a7744685ac?s=96&d=mm&r=g\",\"caption\":\"Editor\"},\"url\":\"https:\\\/\\\/infopba247.com.ar\\\/index.php\\\/author\\\/editor\\\/\"}]}<\/script>\n<!-- \/ Yoast SEO plugin. -->","yoast_head_json":{"title":"Mientras CFK daba su discurso en Ensenada, Mart\u00edn Guzm\u00e1n anunci\u00f3 su renuncia como Ministro de Econom\u00eda - InfoPBA247","robots":{"index":"index","follow":"follow","max-snippet":"max-snippet:-1","max-image-preview":"max-image-preview:large","max-video-preview":"max-video-preview:-1"},"canonical":"https:\/\/infopba247.com.ar\/index.php\/2022\/07\/03\/mientras-cfk-daba-su-discurso-en-ensenada-martin-guzman-anuncio-su-renuncia-como-ministro-de-economia\/","og_locale":"es_ES","og_type":"article","og_title":"Mientras CFK daba su discurso en Ensenada, Mart\u00edn Guzm\u00e1n anunci\u00f3 su renuncia como Ministro de Econom\u00eda - InfoPBA247","og_description":"Mart\u00edn Guzm\u00e1n renunci\u00f3 a su cargo como ministro de Econom\u00eda, seg\u00fan un comunicado publicado en la tarde de este s\u00e1bado","og_url":"https:\/\/infopba247.com.ar\/index.php\/2022\/07\/03\/mientras-cfk-daba-su-discurso-en-ensenada-martin-guzman-anuncio-su-renuncia-como-ministro-de-economia\/","og_site_name":"InfoPBA247","article_publisher":"https:\/\/www.facebook.com\/InfoPBA","article_published_time":"2022-07-03T14:34:38+00:00","article_modified_time":"2022-07-03T14:34:39+00:00","og_image":[{"width":884,"height":590,"url":"https:\/\/infopba247.com.ar\/wp-content\/uploads\/2022\/07\/guzman.jpg","type":"image\/jpeg"}],"author":"Editor","twitter_card":"summary_large_image","twitter_misc":{"Escrito por":"Editor","Tiempo de lectura":"4 minutos"},"schema":{"@context":"https:\/\/schema.org","@graph":[{"@type":"Article","@id":"https:\/\/infopba247.com.ar\/index.php\/2022\/07\/03\/mientras-cfk-daba-su-discurso-en-ensenada-martin-guzman-anuncio-su-renuncia-como-ministro-de-economia\/#article","isPartOf":{"@id":"https:\/\/infopba247.com.ar\/index.php\/2022\/07\/03\/mientras-cfk-daba-su-discurso-en-ensenada-martin-guzman-anuncio-su-renuncia-como-ministro-de-economia\/"},"author":{"name":"Editor","@id":"https:\/\/infopba247.com.ar\/#\/schema\/person\/4975f1343a413e57bf839b3eed0099f2"},"headline":"Mientras CFK daba su discurso en Ensenada, Mart\u00edn Guzm\u00e1n anunci\u00f3 su renuncia como Ministro de Econom\u00eda","datePublished":"2022-07-03T14:34:38+00:00","dateModified":"2022-07-03T14:34:39+00:00","mainEntityOfPage":{"@id":"https:\/\/infopba247.com.ar\/index.php\/2022\/07\/03\/mientras-cfk-daba-su-discurso-en-ensenada-martin-guzman-anuncio-su-renuncia-como-ministro-de-economia\/"},"wordCount":860,"publisher":{"@id":"https:\/\/infopba247.com.ar\/#organization"},"image":{"@id":"https:\/\/infopba247.com.ar\/index.php\/2022\/07\/03\/mientras-cfk-daba-su-discurso-en-ensenada-martin-guzman-anuncio-su-renuncia-como-ministro-de-economia\/#primaryimage"},"thumbnailUrl":"https:\/\/infopba247.com.ar\/wp-content\/uploads\/2022\/07\/guzman.jpg","articleSection":["Destacadas","Pol\u00edtica"],"inLanguage":"es"},{"@type":"WebPage","@id":"https:\/\/infopba247.com.ar\/index.php\/2022\/07\/03\/mientras-cfk-daba-su-discurso-en-ensenada-martin-guzman-anuncio-su-renuncia-como-ministro-de-economia\/","url":"https:\/\/infopba247.com.ar\/index.php\/2022\/07\/03\/mientras-cfk-daba-su-discurso-en-ensenada-martin-guzman-anuncio-su-renuncia-como-ministro-de-economia\/","name":"Mientras CFK daba su discurso en Ensenada, Mart\u00edn Guzm\u00e1n anunci\u00f3 su renuncia como Ministro de Econom\u00eda - InfoPBA247","isPartOf":{"@id":"https:\/\/infopba247.com.ar\/#website"},"primaryImageOfPage":{"@id":"https:\/\/infopba247.com.ar\/index.php\/2022\/07\/03\/mientras-cfk-daba-su-discurso-en-ensenada-martin-guzman-anuncio-su-renuncia-como-ministro-de-economia\/#primaryimage"},"image":{"@id":"https:\/\/infopba247.com.ar\/index.php\/2022\/07\/03\/mientras-cfk-daba-su-discurso-en-ensenada-martin-guzman-anuncio-su-renuncia-como-ministro-de-economia\/#primaryimage"},"thumbnailUrl":"https:\/\/infopba247.com.ar\/wp-content\/uploads\/2022\/07\/guzman.jpg","datePublished":"2022-07-03T14:34:38+00:00","dateModified":"2022-07-03T14:34:39+00:00","breadcrumb":{"@id":"https:\/\/infopba247.com.ar\/index.php\/2022\/07\/03\/mientras-cfk-daba-su-discurso-en-ensenada-martin-guzman-anuncio-su-renuncia-como-ministro-de-economia\/#breadcrumb"},"inLanguage":"es","potentialAction":[{"@type":"ReadAction","target":["https:\/\/infopba247.com.ar\/index.php\/2022\/07\/03\/mientras-cfk-daba-su-discurso-en-ensenada-martin-guzman-anuncio-su-renuncia-como-ministro-de-economia\/"]}]},{"@type":"ImageObject","inLanguage":"es","@id":"https:\/\/infopba247.com.ar\/index.php\/2022\/07\/03\/mientras-cfk-daba-su-discurso-en-ensenada-martin-guzman-anuncio-su-renuncia-como-ministro-de-economia\/#primaryimage","url":"https:\/\/infopba247.com.ar\/wp-content\/uploads\/2022\/07\/guzman.jpg","contentUrl":"https:\/\/infopba247.com.ar\/wp-content\/uploads\/2022\/07\/guzman.jpg","width":884,"height":590},{"@type":"BreadcrumbList","@id":"https:\/\/infopba247.com.ar\/index.php\/2022\/07\/03\/mientras-cfk-daba-su-discurso-en-ensenada-martin-guzman-anuncio-su-renuncia-como-ministro-de-economia\/#breadcrumb","itemListElement":[{"@type":"ListItem","position":1,"name":"Portada","item":"https:\/\/infopba247.com.ar\/"},{"@type":"ListItem","position":2,"name":"Mientras CFK daba su discurso en Ensenada, Mart\u00edn Guzm\u00e1n anunci\u00f3 su renuncia como Ministro de Econom\u00eda"}]},{"@type":"WebSite","@id":"https:\/\/infopba247.com.ar\/#website","url":"https:\/\/infopba247.com.ar\/","name":"InfoPBA247","description":"Toda la actualidad bonaerense","publisher":{"@id":"https:\/\/infopba247.com.ar\/#organization"},"potentialAction":[{"@type":"SearchAction","target":{"@type":"EntryPoint","urlTemplate":"https:\/\/infopba247.com.ar\/?s={search_term_string}"},"query-input":{"@type":"PropertyValueSpecification","valueRequired":true,"valueName":"search_term_string"}}],"inLanguage":"es"},{"@type":"Organization","@id":"https:\/\/infopba247.com.ar\/#organization","name":"InfoPBA247","url":"https:\/\/infopba247.com.ar\/","logo":{"@type":"ImageObject","inLanguage":"es","@id":"https:\/\/infopba247.com.ar\/#\/schema\/logo\/image\/","url":"https:\/\/infopba247.com.ar\/wp-content\/uploads\/2022\/03\/cropped-InfoPBA247-1.png","contentUrl":"https:\/\/infopba247.com.ar\/wp-content\/uploads\/2022\/03\/cropped-InfoPBA247-1.png","width":500,"height":122,"caption":"InfoPBA247"},"image":{"@id":"https:\/\/infopba247.com.ar\/#\/schema\/logo\/image\/"},"sameAs":["https:\/\/www.facebook.com\/InfoPBA"]},{"@type":"Person","@id":"https:\/\/infopba247.com.ar\/#\/schema\/person\/4975f1343a413e57bf839b3eed0099f2","name":"Editor","image":{"@type":"ImageObject","inLanguage":"es","@id":"https:\/\/secure.gravatar.com\/avatar\/d27fe9520667ca53441d36627a1d6b0fa4a813571ec4803687a7a3a7744685ac?s=96&d=mm&r=g","url":"https:\/\/secure.gravatar.com\/avatar\/d27fe9520667ca53441d36627a1d6b0fa4a813571ec4803687a7a3a7744685ac?s=96&d=mm&r=g","contentUrl":"https:\/\/secure.gravatar.com\/avatar\/d27fe9520667ca53441d36627a1d6b0fa4a813571ec4803687a7a3a7744685ac?s=96&d=mm&r=g","caption":"Editor"},"url":"https:\/\/infopba247.com.ar\/index.php\/author\/editor\/"}]}},"_links":{"self":[{"href":"https:\/\/infopba247.com.ar\/index.php\/wp-json\/wp\/v2\/posts\/474","targetHints":{"allow":["GET"]}}],"collection":[{"href":"https:\/\/infopba247.com.ar\/index.php\/wp-json\/wp\/v2\/posts"}],"about":[{"href":"https:\/\/infopba247.com.ar\/index.php\/wp-json\/wp\/v2\/types\/post"}],"author":[{"embeddable":true,"href":"https:\/\/infopba247.com.ar\/index.php\/wp-json\/wp\/v2\/users\/3"}],"replies":[{"embeddable":true,"href":"https:\/\/infopba247.com.ar\/index.php\/wp-json\/wp\/v2\/comments?post=474"}],"version-history":[{"count":1,"href":"https:\/\/infopba247.com.ar\/index.php\/wp-json\/wp\/v2\/posts\/474\/revisions"}],"predecessor-version":[{"id":476,"href":"https:\/\/infopba247.com.ar\/index.php\/wp-json\/wp\/v2\/posts\/474\/revisions\/476"}],"wp:featuredmedia":[{"embeddable":true,"href":"https:\/\/infopba247.com.ar\/index.php\/wp-json\/wp\/v2\/media\/475"}],"wp:attachment":[{"href":"https:\/\/infopba247.com.ar\/index.php\/wp-json\/wp\/v2\/media?parent=474"}],"wp:term":[{"taxonomy":"category","embeddable":true,"href":"https:\/\/infopba247.com.ar\/index.php\/wp-json\/wp\/v2\/categories?post=474"},{"taxonomy":"post_tag","embeddable":true,"href":"https:\/\/infopba247.com.ar\/index.php\/wp-json\/wp\/v2\/tags?post=474"}],"curies":[{"name":"wp","href":"https:\/\/api.w.org\/{rel}","templated":true}]}}