{"id":4696,"date":"2024-07-30T09:01:14","date_gmt":"2024-07-30T12:01:14","guid":{"rendered":"https:\/\/infopba247.com.ar\/?p=4696"},"modified":"2024-07-30T09:01:14","modified_gmt":"2024-07-30T12:01:14","slug":"la-republica-de-los-ninos-se-consolida-como-destino-turistico-de-referencia-en-la-provincia","status":"publish","type":"post","link":"https:\/\/infopba247.com.ar\/index.php\/2024\/07\/30\/la-republica-de-los-ninos-se-consolida-como-destino-turistico-de-referencia-en-la-provincia\/","title":{"rendered":"La Rep\u00fablica de los Ni\u00f1os se consolida como destino tur\u00edstico de referencia en la Provincia"},"content":{"rendered":"\n<p>Las vacaciones de invierno en la Rep\u00fablica de los Ni\u00f1os finalizaron con gran \u00e9xito y cerca de 120 mil personas de distintas localidades bonaerenses y de diversas provincias del pa\u00eds disfrutaron de las variadas actividades culturales y recreativas que organiz\u00f3 la Municipalidad de La Plata durante las \u00faltimas dos semanas.<\/p>\n\n\n\n<p>As\u00ed, la \u2018Repu\u2019 volvi\u00f3 a afianzarse como uno de los espacios recreativos y educativos m\u00e1s importantes de la Provincia y brind\u00f3 una agenda cargada de m\u00fasica, circo, humor, teatro, radio y literatura que incluy\u00f3 la participaci\u00f3n de 300 artistas locales seleccionados a partir de de una convocatoria abierta de la Secretar\u00eda de Cultura.<\/p>\n\n\n\n<p>Seg\u00fan informaci\u00f3n del \u00e1rea local, se acercaron al predio de Gonnet visitantes de Quilmes, Florencio Varela, Berazategui, Almirante Brown, Lan\u00fas, Lomas de Zamora, Presidente Per\u00f3n, Ezeiza, Avellaneda, San Miguel, Moreno y La Matanza.<\/p>\n\n\n\n<p>Tambi\u00e9n dijeron presentes visitantes de Ensenada, Berisso, Brandsen, Punta Indio, Bah\u00eda Blanca, Jun\u00edn, Azul, Benito Ju\u00e1rez, Necochea, 9 de Julio y Pehuaj\u00f3, e incluso numerosas personas de provincias como Entre R\u00edos, C\u00f3rdoba, Mendoza, Salta y del pa\u00eds vecino de Uruguay.<\/p>\n\n\n\n<p>Entre las atracciones del parque tem\u00e1tico se destacaron el espect\u00e1culo del payaso \u2018Zukini\u2019, el ciclo de circo y humor del \u2018Doctor Cerebro\u2019 y las obras de teatro \u2018La reina de las nieves\u2019, \u2018Los operarios\u2019, \u2018Al\u00ed y la L\u00e1mpara \u2018, \u2018Peque\u00f1as Historias de la Medialuna\u2019 y \u2018Poli y sus Amigos\u2019.<\/p>\n\n\n\n<p>Asimismo, formaron parte de la propuesta invernal el circo \u2018K-plun\u2019, \u2018El Show de Armand\u2019, \u2018Panceta y Papa frita\u2019, \u2018Copla Colores\u2019, \u2018Peter Pan la Tierra Perdida\u2019, \u2018Los Musicleta\u2019, \u2018El Show de Spiderman\u2019, \u2018La Familia Madrigal\u2019, \u2018Circo no est\u00e1\u2019, \u2018Manotas\u2019, \u2018Cande y sus Amigos\u2019, \u2018Re\u00edrse del Miedo con Mostri\u2019, \u2018Pochoclos y Cia\u2019, \u2018D\u00fao Karma\u2019 y \u2018Los Rockan \u2018.<\/p>\n\n\n\n<p>Las actividades permanentes de la \u2018Repu\u2019 tambi\u00e9n entretuvieron al p\u00fablico, entre ellas los programas Identidad y Democracia y Nuevo Mundo, la feria de artesanos, el espacio de energ\u00eda de YPF, la m\u00fasica de la Fanfarria, los juegos mec\u00e1nicos y el hist\u00f3rico avi\u00f3n.<\/p>\n\n\n\n<p>Por otro lado, el Instituto Cultural de la Provincia de Buenos Aires, la Defensor\u00eda del Pueblo, el Ministerio de Seguridad bonaerense y las \u00e1reas municipales de Turismo y de Deportes sumaron sus iniciativas al cronograma del espacio municipal, que se convirti\u00f3 una vez m\u00e1s en uno de los sitios m\u00e1s elegidos por chicos y grandes para vacacionar.<\/p>\n","protected":false},"excerpt":{"rendered":"<p>Las vacaciones de invierno en la Rep\u00fablica de los Ni\u00f1os finalizaron con gran \u00e9xito y cerca de 120 mil personas<\/p>\n","protected":false},"author":3,"featured_media":4694,"comment_status":"open","ping_status":"open","sticky":false,"template":"","format":"standard","meta":{"colormag_page_container_layout":"default_layout","colormag_page_sidebar_layout":"default_layout","footnotes":""},"categories":[12,1,14],"tags":[],"class_list":["post-4696","post","type-post","status-publish","format-standard","has-post-thumbnail","hentry","category-8va-seccion","category-destacadas","category-politica"],"yoast_head":"<!-- This site is optimized with the Yoast SEO plugin v27.4 - https:\/\/yoast.com\/product\/yoast-seo-wordpress\/ -->\n<title>La Rep\u00fablica de los Ni\u00f1os se consolida como destino tur\u00edstico de referencia en la Provincia - InfoPBA247<\/title>\n<meta name=\"robots\" content=\"index, follow, max-snippet:-1, max-image-preview:large, max-video-preview:-1\" \/>\n<link rel=\"canonical\" href=\"https:\/\/infopba247.com.ar\/index.php\/2024\/07\/30\/la-republica-de-los-ninos-se-consolida-como-destino-turistico-de-referencia-en-la-provincia\/\" \/>\n<meta property=\"og:locale\" content=\"es_ES\" \/>\n<meta property=\"og:type\" content=\"article\" \/>\n<meta property=\"og:title\" content=\"La Rep\u00fablica de los Ni\u00f1os se consolida como destino tur\u00edstico de referencia en la Provincia - InfoPBA247\" \/>\n<meta property=\"og:description\" content=\"Las vacaciones de invierno en la Rep\u00fablica de los Ni\u00f1os finalizaron con gran \u00e9xito y cerca de 120 mil personas\" \/>\n<meta property=\"og:url\" content=\"https:\/\/infopba247.com.ar\/index.php\/2024\/07\/30\/la-republica-de-los-ninos-se-consolida-como-destino-turistico-de-referencia-en-la-provincia\/\" \/>\n<meta property=\"og:site_name\" content=\"InfoPBA247\" \/>\n<meta property=\"article:publisher\" content=\"https:\/\/www.facebook.com\/InfoPBA\" \/>\n<meta property=\"article:published_time\" content=\"2024-07-30T12:01:14+00:00\" \/>\n<meta property=\"og:image\" content=\"https:\/\/infopba247.com.ar\/wp-content\/uploads\/2024\/07\/unnamed-6.jpg\" \/>\n\t<meta property=\"og:image:width\" content=\"1600\" \/>\n\t<meta property=\"og:image:height\" content=\"1066\" \/>\n\t<meta property=\"og:image:type\" content=\"image\/jpeg\" \/>\n<meta name=\"author\" content=\"Editor\" \/>\n<meta name=\"twitter:card\" content=\"summary_large_image\" \/>\n<meta name=\"twitter:label1\" content=\"Escrito por\" \/>\n\t<meta name=\"twitter:data1\" content=\"Editor\" \/>\n\t<meta name=\"twitter:label2\" content=\"Tiempo de lectura\" \/>\n\t<meta name=\"twitter:data2\" content=\"2 minutos\" \/>\n<script type=\"application\/ld+json\" class=\"yoast-schema-graph\">{\"@context\":\"https:\\\/\\\/schema.org\",\"@graph\":[{\"@type\":\"Article\",\"@id\":\"https:\\\/\\\/infopba247.com.ar\\\/index.php\\\/2024\\\/07\\\/30\\\/la-republica-de-los-ninos-se-consolida-como-destino-turistico-de-referencia-en-la-provincia\\\/#article\",\"isPartOf\":{\"@id\":\"https:\\\/\\\/infopba247.com.ar\\\/index.php\\\/2024\\\/07\\\/30\\\/la-republica-de-los-ninos-se-consolida-como-destino-turistico-de-referencia-en-la-provincia\\\/\"},\"author\":{\"name\":\"Editor\",\"@id\":\"https:\\\/\\\/infopba247.com.ar\\\/#\\\/schema\\\/person\\\/4975f1343a413e57bf839b3eed0099f2\"},\"headline\":\"La Rep\u00fablica de los Ni\u00f1os se consolida como destino tur\u00edstico de referencia en la Provincia\",\"datePublished\":\"2024-07-30T12:01:14+00:00\",\"mainEntityOfPage\":{\"@id\":\"https:\\\/\\\/infopba247.com.ar\\\/index.php\\\/2024\\\/07\\\/30\\\/la-republica-de-los-ninos-se-consolida-como-destino-turistico-de-referencia-en-la-provincia\\\/\"},\"wordCount\":427,\"commentCount\":0,\"publisher\":{\"@id\":\"https:\\\/\\\/infopba247.com.ar\\\/#organization\"},\"image\":{\"@id\":\"https:\\\/\\\/infopba247.com.ar\\\/index.php\\\/2024\\\/07\\\/30\\\/la-republica-de-los-ninos-se-consolida-como-destino-turistico-de-referencia-en-la-provincia\\\/#primaryimage\"},\"thumbnailUrl\":\"https:\\\/\\\/infopba247.com.ar\\\/wp-content\\\/uploads\\\/2024\\\/07\\\/unnamed-6.jpg\",\"articleSection\":[\"8va Secci\u00f3n\",\"Destacadas\",\"Pol\u00edtica\"],\"inLanguage\":\"es\",\"potentialAction\":[{\"@type\":\"CommentAction\",\"name\":\"Comment\",\"target\":[\"https:\\\/\\\/infopba247.com.ar\\\/index.php\\\/2024\\\/07\\\/30\\\/la-republica-de-los-ninos-se-consolida-como-destino-turistico-de-referencia-en-la-provincia\\\/#respond\"]}]},{\"@type\":\"WebPage\",\"@id\":\"https:\\\/\\\/infopba247.com.ar\\\/index.php\\\/2024\\\/07\\\/30\\\/la-republica-de-los-ninos-se-consolida-como-destino-turistico-de-referencia-en-la-provincia\\\/\",\"url\":\"https:\\\/\\\/infopba247.com.ar\\\/index.php\\\/2024\\\/07\\\/30\\\/la-republica-de-los-ninos-se-consolida-como-destino-turistico-de-referencia-en-la-provincia\\\/\",\"name\":\"La Rep\u00fablica de los Ni\u00f1os se consolida como destino tur\u00edstico de referencia en la Provincia - InfoPBA247\",\"isPartOf\":{\"@id\":\"https:\\\/\\\/infopba247.com.ar\\\/#website\"},\"primaryImageOfPage\":{\"@id\":\"https:\\\/\\\/infopba247.com.ar\\\/index.php\\\/2024\\\/07\\\/30\\\/la-republica-de-los-ninos-se-consolida-como-destino-turistico-de-referencia-en-la-provincia\\\/#primaryimage\"},\"image\":{\"@id\":\"https:\\\/\\\/infopba247.com.ar\\\/index.php\\\/2024\\\/07\\\/30\\\/la-republica-de-los-ninos-se-consolida-como-destino-turistico-de-referencia-en-la-provincia\\\/#primaryimage\"},\"thumbnailUrl\":\"https:\\\/\\\/infopba247.com.ar\\\/wp-content\\\/uploads\\\/2024\\\/07\\\/unnamed-6.jpg\",\"datePublished\":\"2024-07-30T12:01:14+00:00\",\"breadcrumb\":{\"@id\":\"https:\\\/\\\/infopba247.com.ar\\\/index.php\\\/2024\\\/07\\\/30\\\/la-republica-de-los-ninos-se-consolida-como-destino-turistico-de-referencia-en-la-provincia\\\/#breadcrumb\"},\"inLanguage\":\"es\",\"potentialAction\":[{\"@type\":\"ReadAction\",\"target\":[\"https:\\\/\\\/infopba247.com.ar\\\/index.php\\\/2024\\\/07\\\/30\\\/la-republica-de-los-ninos-se-consolida-como-destino-turistico-de-referencia-en-la-provincia\\\/\"]}]},{\"@type\":\"ImageObject\",\"inLanguage\":\"es\",\"@id\":\"https:\\\/\\\/infopba247.com.ar\\\/index.php\\\/2024\\\/07\\\/30\\\/la-republica-de-los-ninos-se-consolida-como-destino-turistico-de-referencia-en-la-provincia\\\/#primaryimage\",\"url\":\"https:\\\/\\\/infopba247.com.ar\\\/wp-content\\\/uploads\\\/2024\\\/07\\\/unnamed-6.jpg\",\"contentUrl\":\"https:\\\/\\\/infopba247.com.ar\\\/wp-content\\\/uploads\\\/2024\\\/07\\\/unnamed-6.jpg\",\"width\":1600,\"height\":1066},{\"@type\":\"BreadcrumbList\",\"@id\":\"https:\\\/\\\/infopba247.com.ar\\\/index.php\\\/2024\\\/07\\\/30\\\/la-republica-de-los-ninos-se-consolida-como-destino-turistico-de-referencia-en-la-provincia\\\/#breadcrumb\",\"itemListElement\":[{\"@type\":\"ListItem\",\"position\":1,\"name\":\"Portada\",\"item\":\"https:\\\/\\\/infopba247.com.ar\\\/\"},{\"@type\":\"ListItem\",\"position\":2,\"name\":\"La Rep\u00fablica de los Ni\u00f1os se consolida como destino tur\u00edstico de referencia en la Provincia\"}]},{\"@type\":\"WebSite\",\"@id\":\"https:\\\/\\\/infopba247.com.ar\\\/#website\",\"url\":\"https:\\\/\\\/infopba247.com.ar\\\/\",\"name\":\"InfoPBA247\",\"description\":\"Toda la actualidad bonaerense\",\"publisher\":{\"@id\":\"https:\\\/\\\/infopba247.com.ar\\\/#organization\"},\"potentialAction\":[{\"@type\":\"SearchAction\",\"target\":{\"@type\":\"EntryPoint\",\"urlTemplate\":\"https:\\\/\\\/infopba247.com.ar\\\/?s={search_term_string}\"},\"query-input\":{\"@type\":\"PropertyValueSpecification\",\"valueRequired\":true,\"valueName\":\"search_term_string\"}}],\"inLanguage\":\"es\"},{\"@type\":\"Organization\",\"@id\":\"https:\\\/\\\/infopba247.com.ar\\\/#organization\",\"name\":\"InfoPBA247\",\"url\":\"https:\\\/\\\/infopba247.com.ar\\\/\",\"logo\":{\"@type\":\"ImageObject\",\"inLanguage\":\"es\",\"@id\":\"https:\\\/\\\/infopba247.com.ar\\\/#\\\/schema\\\/logo\\\/image\\\/\",\"url\":\"https:\\\/\\\/infopba247.com.ar\\\/wp-content\\\/uploads\\\/2022\\\/03\\\/cropped-InfoPBA247-1.png\",\"contentUrl\":\"https:\\\/\\\/infopba247.com.ar\\\/wp-content\\\/uploads\\\/2022\\\/03\\\/cropped-InfoPBA247-1.png\",\"width\":500,\"height\":122,\"caption\":\"InfoPBA247\"},\"image\":{\"@id\":\"https:\\\/\\\/infopba247.com.ar\\\/#\\\/schema\\\/logo\\\/image\\\/\"},\"sameAs\":[\"https:\\\/\\\/www.facebook.com\\\/InfoPBA\"]},{\"@type\":\"Person\",\"@id\":\"https:\\\/\\\/infopba247.com.ar\\\/#\\\/schema\\\/person\\\/4975f1343a413e57bf839b3eed0099f2\",\"name\":\"Editor\",\"image\":{\"@type\":\"ImageObject\",\"inLanguage\":\"es\",\"@id\":\"https:\\\/\\\/secure.gravatar.com\\\/avatar\\\/d27fe9520667ca53441d36627a1d6b0fa4a813571ec4803687a7a3a7744685ac?s=96&d=mm&r=g\",\"url\":\"https:\\\/\\\/secure.gravatar.com\\\/avatar\\\/d27fe9520667ca53441d36627a1d6b0fa4a813571ec4803687a7a3a7744685ac?s=96&d=mm&r=g\",\"contentUrl\":\"https:\\\/\\\/secure.gravatar.com\\\/avatar\\\/d27fe9520667ca53441d36627a1d6b0fa4a813571ec4803687a7a3a7744685ac?s=96&d=mm&r=g\",\"caption\":\"Editor\"},\"url\":\"https:\\\/\\\/infopba247.com.ar\\\/index.php\\\/author\\\/editor\\\/\"}]}<\/script>\n<!-- \/ Yoast SEO plugin. -->","yoast_head_json":{"title":"La Rep\u00fablica de los Ni\u00f1os se consolida como destino tur\u00edstico de referencia en la Provincia - InfoPBA247","robots":{"index":"index","follow":"follow","max-snippet":"max-snippet:-1","max-image-preview":"max-image-preview:large","max-video-preview":"max-video-preview:-1"},"canonical":"https:\/\/infopba247.com.ar\/index.php\/2024\/07\/30\/la-republica-de-los-ninos-se-consolida-como-destino-turistico-de-referencia-en-la-provincia\/","og_locale":"es_ES","og_type":"article","og_title":"La Rep\u00fablica de los Ni\u00f1os se consolida como destino tur\u00edstico de referencia en la Provincia - InfoPBA247","og_description":"Las vacaciones de invierno en la Rep\u00fablica de los Ni\u00f1os finalizaron con gran \u00e9xito y cerca de 120 mil personas","og_url":"https:\/\/infopba247.com.ar\/index.php\/2024\/07\/30\/la-republica-de-los-ninos-se-consolida-como-destino-turistico-de-referencia-en-la-provincia\/","og_site_name":"InfoPBA247","article_publisher":"https:\/\/www.facebook.com\/InfoPBA","article_published_time":"2024-07-30T12:01:14+00:00","og_image":[{"width":1600,"height":1066,"url":"https:\/\/infopba247.com.ar\/wp-content\/uploads\/2024\/07\/unnamed-6.jpg","type":"image\/jpeg"}],"author":"Editor","twitter_card":"summary_large_image","twitter_misc":{"Escrito por":"Editor","Tiempo de lectura":"2 minutos"},"schema":{"@context":"https:\/\/schema.org","@graph":[{"@type":"Article","@id":"https:\/\/infopba247.com.ar\/index.php\/2024\/07\/30\/la-republica-de-los-ninos-se-consolida-como-destino-turistico-de-referencia-en-la-provincia\/#article","isPartOf":{"@id":"https:\/\/infopba247.com.ar\/index.php\/2024\/07\/30\/la-republica-de-los-ninos-se-consolida-como-destino-turistico-de-referencia-en-la-provincia\/"},"author":{"name":"Editor","@id":"https:\/\/infopba247.com.ar\/#\/schema\/person\/4975f1343a413e57bf839b3eed0099f2"},"headline":"La Rep\u00fablica de los Ni\u00f1os se consolida como destino tur\u00edstico de referencia en la Provincia","datePublished":"2024-07-30T12:01:14+00:00","mainEntityOfPage":{"@id":"https:\/\/infopba247.com.ar\/index.php\/2024\/07\/30\/la-republica-de-los-ninos-se-consolida-como-destino-turistico-de-referencia-en-la-provincia\/"},"wordCount":427,"commentCount":0,"publisher":{"@id":"https:\/\/infopba247.com.ar\/#organization"},"image":{"@id":"https:\/\/infopba247.com.ar\/index.php\/2024\/07\/30\/la-republica-de-los-ninos-se-consolida-como-destino-turistico-de-referencia-en-la-provincia\/#primaryimage"},"thumbnailUrl":"https:\/\/infopba247.com.ar\/wp-content\/uploads\/2024\/07\/unnamed-6.jpg","articleSection":["8va Secci\u00f3n","Destacadas","Pol\u00edtica"],"inLanguage":"es","potentialAction":[{"@type":"CommentAction","name":"Comment","target":["https:\/\/infopba247.com.ar\/index.php\/2024\/07\/30\/la-republica-de-los-ninos-se-consolida-como-destino-turistico-de-referencia-en-la-provincia\/#respond"]}]},{"@type":"WebPage","@id":"https:\/\/infopba247.com.ar\/index.php\/2024\/07\/30\/la-republica-de-los-ninos-se-consolida-como-destino-turistico-de-referencia-en-la-provincia\/","url":"https:\/\/infopba247.com.ar\/index.php\/2024\/07\/30\/la-republica-de-los-ninos-se-consolida-como-destino-turistico-de-referencia-en-la-provincia\/","name":"La Rep\u00fablica de los Ni\u00f1os se consolida como destino tur\u00edstico de referencia en la Provincia - InfoPBA247","isPartOf":{"@id":"https:\/\/infopba247.com.ar\/#website"},"primaryImageOfPage":{"@id":"https:\/\/infopba247.com.ar\/index.php\/2024\/07\/30\/la-republica-de-los-ninos-se-consolida-como-destino-turistico-de-referencia-en-la-provincia\/#primaryimage"},"image":{"@id":"https:\/\/infopba247.com.ar\/index.php\/2024\/07\/30\/la-republica-de-los-ninos-se-consolida-como-destino-turistico-de-referencia-en-la-provincia\/#primaryimage"},"thumbnailUrl":"https:\/\/infopba247.com.ar\/wp-content\/uploads\/2024\/07\/unnamed-6.jpg","datePublished":"2024-07-30T12:01:14+00:00","breadcrumb":{"@id":"https:\/\/infopba247.com.ar\/index.php\/2024\/07\/30\/la-republica-de-los-ninos-se-consolida-como-destino-turistico-de-referencia-en-la-provincia\/#breadcrumb"},"inLanguage":"es","potentialAction":[{"@type":"ReadAction","target":["https:\/\/infopba247.com.ar\/index.php\/2024\/07\/30\/la-republica-de-los-ninos-se-consolida-como-destino-turistico-de-referencia-en-la-provincia\/"]}]},{"@type":"ImageObject","inLanguage":"es","@id":"https:\/\/infopba247.com.ar\/index.php\/2024\/07\/30\/la-republica-de-los-ninos-se-consolida-como-destino-turistico-de-referencia-en-la-provincia\/#primaryimage","url":"https:\/\/infopba247.com.ar\/wp-content\/uploads\/2024\/07\/unnamed-6.jpg","contentUrl":"https:\/\/infopba247.com.ar\/wp-content\/uploads\/2024\/07\/unnamed-6.jpg","width":1600,"height":1066},{"@type":"BreadcrumbList","@id":"https:\/\/infopba247.com.ar\/index.php\/2024\/07\/30\/la-republica-de-los-ninos-se-consolida-como-destino-turistico-de-referencia-en-la-provincia\/#breadcrumb","itemListElement":[{"@type":"ListItem","position":1,"name":"Portada","item":"https:\/\/infopba247.com.ar\/"},{"@type":"ListItem","position":2,"name":"La Rep\u00fablica de los Ni\u00f1os se consolida como destino tur\u00edstico de referencia en la Provincia"}]},{"@type":"WebSite","@id":"https:\/\/infopba247.com.ar\/#website","url":"https:\/\/infopba247.com.ar\/","name":"InfoPBA247","description":"Toda la actualidad bonaerense","publisher":{"@id":"https:\/\/infopba247.com.ar\/#organization"},"potentialAction":[{"@type":"SearchAction","target":{"@type":"EntryPoint","urlTemplate":"https:\/\/infopba247.com.ar\/?s={search_term_string}"},"query-input":{"@type":"PropertyValueSpecification","valueRequired":true,"valueName":"search_term_string"}}],"inLanguage":"es"},{"@type":"Organization","@id":"https:\/\/infopba247.com.ar\/#organization","name":"InfoPBA247","url":"https:\/\/infopba247.com.ar\/","logo":{"@type":"ImageObject","inLanguage":"es","@id":"https:\/\/infopba247.com.ar\/#\/schema\/logo\/image\/","url":"https:\/\/infopba247.com.ar\/wp-content\/uploads\/2022\/03\/cropped-InfoPBA247-1.png","contentUrl":"https:\/\/infopba247.com.ar\/wp-content\/uploads\/2022\/03\/cropped-InfoPBA247-1.png","width":500,"height":122,"caption":"InfoPBA247"},"image":{"@id":"https:\/\/infopba247.com.ar\/#\/schema\/logo\/image\/"},"sameAs":["https:\/\/www.facebook.com\/InfoPBA"]},{"@type":"Person","@id":"https:\/\/infopba247.com.ar\/#\/schema\/person\/4975f1343a413e57bf839b3eed0099f2","name":"Editor","image":{"@type":"ImageObject","inLanguage":"es","@id":"https:\/\/secure.gravatar.com\/avatar\/d27fe9520667ca53441d36627a1d6b0fa4a813571ec4803687a7a3a7744685ac?s=96&d=mm&r=g","url":"https:\/\/secure.gravatar.com\/avatar\/d27fe9520667ca53441d36627a1d6b0fa4a813571ec4803687a7a3a7744685ac?s=96&d=mm&r=g","contentUrl":"https:\/\/secure.gravatar.com\/avatar\/d27fe9520667ca53441d36627a1d6b0fa4a813571ec4803687a7a3a7744685ac?s=96&d=mm&r=g","caption":"Editor"},"url":"https:\/\/infopba247.com.ar\/index.php\/author\/editor\/"}]}},"_links":{"self":[{"href":"https:\/\/infopba247.com.ar\/index.php\/wp-json\/wp\/v2\/posts\/4696","targetHints":{"allow":["GET"]}}],"collection":[{"href":"https:\/\/infopba247.com.ar\/index.php\/wp-json\/wp\/v2\/posts"}],"about":[{"href":"https:\/\/infopba247.com.ar\/index.php\/wp-json\/wp\/v2\/types\/post"}],"author":[{"embeddable":true,"href":"https:\/\/infopba247.com.ar\/index.php\/wp-json\/wp\/v2\/users\/3"}],"replies":[{"embeddable":true,"href":"https:\/\/infopba247.com.ar\/index.php\/wp-json\/wp\/v2\/comments?post=4696"}],"version-history":[{"count":1,"href":"https:\/\/infopba247.com.ar\/index.php\/wp-json\/wp\/v2\/posts\/4696\/revisions"}],"predecessor-version":[{"id":4697,"href":"https:\/\/infopba247.com.ar\/index.php\/wp-json\/wp\/v2\/posts\/4696\/revisions\/4697"}],"wp:featuredmedia":[{"embeddable":true,"href":"https:\/\/infopba247.com.ar\/index.php\/wp-json\/wp\/v2\/media\/4694"}],"wp:attachment":[{"href":"https:\/\/infopba247.com.ar\/index.php\/wp-json\/wp\/v2\/media?parent=4696"}],"wp:term":[{"taxonomy":"category","embeddable":true,"href":"https:\/\/infopba247.com.ar\/index.php\/wp-json\/wp\/v2\/categories?post=4696"},{"taxonomy":"post_tag","embeddable":true,"href":"https:\/\/infopba247.com.ar\/index.php\/wp-json\/wp\/v2\/tags?post=4696"}],"curies":[{"name":"wp","href":"https:\/\/api.w.org\/{rel}","templated":true}]}}