{"id":4684,"date":"2024-07-29T11:42:09","date_gmt":"2024-07-29T14:42:09","guid":{"rendered":"https:\/\/infopba247.com.ar\/?p=4684"},"modified":"2024-07-29T11:43:29","modified_gmt":"2024-07-29T14:43:29","slug":"kicillof-participo-de-la-marcha-de-antorchas-en-homenaje-a-eva-peron","status":"publish","type":"post","link":"https:\/\/infopba247.com.ar\/index.php\/2024\/07\/29\/kicillof-participo-de-la-marcha-de-antorchas-en-homenaje-a-eva-peron\/","title":{"rendered":"Kicillof particip\u00f3 de la Marcha de Antorchas en homenaje a Eva Per\u00f3n"},"content":{"rendered":"\n<p>En el marco de los 72 a\u00f1os del fallecimiento de Eva Per\u00f3n, el gobernador de la provincia de Buenos Aires, Axel Kicillof, particip\u00f3 este viernes en Moreno junto a la intendenta Mariel Fern\u00e1ndez de un acto homenaje que incluy\u00f3 la denominada \u201cMarcha de Antorchas\u201d desde el Palacio Municipal hasta el Boulevard Evita.<\/p>\n\n\n\n<p>Kicillof destac\u00f3 que \u201cen estos tiempos en los que se llama al ego\u00edsmo y al individualismo, en los que todos los d\u00edas se habla en contra de la justicia social, nuestro pueblo tiene un anticuerpo muy resistente: el recuerdo de Eva Per\u00f3n y su lucha\u201d. \u201cNo nos van a convencer con trolls o con encuestas: cada vez que recorremos los barrios nos encontramos con el mismo sentimiento de amor por la patria, la soberan\u00eda, la producci\u00f3n y el trabajo\u201d, a\u00f1adi\u00f3.<\/p>\n\n\n\n<p>\u201cVamos a seguir el ejemplo de Evita que nos convoca a la movilizaci\u00f3n, la organizaci\u00f3n y a ganar la calle para tender la mano, ejercer la solidaridad y estar cerca de los que menos tienen\u201d, expres\u00f3 el Gobernador.<\/p>\n\n\n\n<p>Por \u00faltimo, Kicillof resalt\u00f3 que \u201cen este aniversario, volvemos a exigir que se encuentre a todos los responsables del atentado contra Cristina Kirchner y a afirmar que la provincia de Buenos resiste y la patria no se vende\u201d.<\/p>\n\n\n\n<p>Como es tradicional en Moreno, cada 26 de julio se realizan actividades bajo el lema \u201cEvita eterna\u201d: una misa en la Catedral Nuestra Se\u00f1ora del Rosario y la marcha de antorchas desde el edificio de la municipalidad hasta el Boulevard Evita.<\/p>\n\n\n\n<p>Estuvieron presentes en el homenaje integrantes del gabinete provincial; intendentes e intendentas bonaerenses; legisladores y legisladoras nacionales y provinciales; y representantes de gremios y organizaciones sociales.<\/p>\n","protected":false},"excerpt":{"rendered":"<p>En el marco de los 72 a\u00f1os del fallecimiento de Eva Per\u00f3n, el gobernador de la provincia de Buenos Aires,<\/p>\n","protected":false},"author":3,"featured_media":4679,"comment_status":"open","ping_status":"open","sticky":false,"template":"","format":"standard","meta":{"colormag_page_container_layout":"default_layout","colormag_page_sidebar_layout":"default_layout","footnotes":""},"categories":[1,14],"tags":[],"class_list":["post-4684","post","type-post","status-publish","format-standard","has-post-thumbnail","hentry","category-destacadas","category-politica"],"yoast_head":"<!-- This site is optimized with the Yoast SEO plugin v27.5 - https:\/\/yoast.com\/product\/yoast-seo-wordpress\/ -->\n<title>Kicillof particip\u00f3 de la Marcha de Antorchas en homenaje a Eva Per\u00f3n - InfoPBA247<\/title>\n<meta name=\"robots\" content=\"index, follow, max-snippet:-1, max-image-preview:large, max-video-preview:-1\" \/>\n<link rel=\"canonical\" href=\"https:\/\/infopba247.com.ar\/index.php\/2024\/07\/29\/kicillof-participo-de-la-marcha-de-antorchas-en-homenaje-a-eva-peron\/\" \/>\n<meta property=\"og:locale\" content=\"es_ES\" \/>\n<meta property=\"og:type\" content=\"article\" \/>\n<meta property=\"og:title\" content=\"Kicillof particip\u00f3 de la Marcha de Antorchas en homenaje a Eva Per\u00f3n - InfoPBA247\" \/>\n<meta property=\"og:description\" content=\"En el marco de los 72 a\u00f1os del fallecimiento de Eva Per\u00f3n, el gobernador de la provincia de Buenos Aires,\" \/>\n<meta property=\"og:url\" content=\"https:\/\/infopba247.com.ar\/index.php\/2024\/07\/29\/kicillof-participo-de-la-marcha-de-antorchas-en-homenaje-a-eva-peron\/\" \/>\n<meta property=\"og:site_name\" content=\"InfoPBA247\" \/>\n<meta property=\"article:publisher\" content=\"https:\/\/www.facebook.com\/InfoPBA\" \/>\n<meta property=\"article:published_time\" content=\"2024-07-29T14:42:09+00:00\" \/>\n<meta property=\"article:modified_time\" content=\"2024-07-29T14:43:29+00:00\" \/>\n<meta property=\"og:image\" content=\"https:\/\/infopba247.com.ar\/wp-content\/uploads\/2024\/07\/SGE_5836-scaled.jpg\" \/>\n\t<meta property=\"og:image:width\" content=\"2560\" \/>\n\t<meta property=\"og:image:height\" content=\"1707\" \/>\n\t<meta property=\"og:image:type\" content=\"image\/jpeg\" \/>\n<meta name=\"author\" content=\"Editor\" \/>\n<meta name=\"twitter:card\" content=\"summary_large_image\" \/>\n<meta name=\"twitter:label1\" content=\"Escrito por\" \/>\n\t<meta name=\"twitter:data1\" content=\"Editor\" \/>\n\t<meta name=\"twitter:label2\" content=\"Tiempo de lectura\" \/>\n\t<meta name=\"twitter:data2\" content=\"2 minutos\" \/>\n<script type=\"application\/ld+json\" class=\"yoast-schema-graph\">{\"@context\":\"https:\\\/\\\/schema.org\",\"@graph\":[{\"@type\":\"Article\",\"@id\":\"https:\\\/\\\/infopba247.com.ar\\\/index.php\\\/2024\\\/07\\\/29\\\/kicillof-participo-de-la-marcha-de-antorchas-en-homenaje-a-eva-peron\\\/#article\",\"isPartOf\":{\"@id\":\"https:\\\/\\\/infopba247.com.ar\\\/index.php\\\/2024\\\/07\\\/29\\\/kicillof-participo-de-la-marcha-de-antorchas-en-homenaje-a-eva-peron\\\/\"},\"author\":{\"name\":\"Editor\",\"@id\":\"https:\\\/\\\/infopba247.com.ar\\\/#\\\/schema\\\/person\\\/4975f1343a413e57bf839b3eed0099f2\"},\"headline\":\"Kicillof particip\u00f3 de la Marcha de Antorchas en homenaje a Eva Per\u00f3n\",\"datePublished\":\"2024-07-29T14:42:09+00:00\",\"dateModified\":\"2024-07-29T14:43:29+00:00\",\"mainEntityOfPage\":{\"@id\":\"https:\\\/\\\/infopba247.com.ar\\\/index.php\\\/2024\\\/07\\\/29\\\/kicillof-participo-de-la-marcha-de-antorchas-en-homenaje-a-eva-peron\\\/\"},\"wordCount\":298,\"commentCount\":0,\"publisher\":{\"@id\":\"https:\\\/\\\/infopba247.com.ar\\\/#organization\"},\"image\":{\"@id\":\"https:\\\/\\\/infopba247.com.ar\\\/index.php\\\/2024\\\/07\\\/29\\\/kicillof-participo-de-la-marcha-de-antorchas-en-homenaje-a-eva-peron\\\/#primaryimage\"},\"thumbnailUrl\":\"https:\\\/\\\/infopba247.com.ar\\\/wp-content\\\/uploads\\\/2024\\\/07\\\/SGE_5836-scaled.jpg\",\"articleSection\":[\"Destacadas\",\"Pol\u00edtica\"],\"inLanguage\":\"es\",\"potentialAction\":[{\"@type\":\"CommentAction\",\"name\":\"Comment\",\"target\":[\"https:\\\/\\\/infopba247.com.ar\\\/index.php\\\/2024\\\/07\\\/29\\\/kicillof-participo-de-la-marcha-de-antorchas-en-homenaje-a-eva-peron\\\/#respond\"]}]},{\"@type\":\"WebPage\",\"@id\":\"https:\\\/\\\/infopba247.com.ar\\\/index.php\\\/2024\\\/07\\\/29\\\/kicillof-participo-de-la-marcha-de-antorchas-en-homenaje-a-eva-peron\\\/\",\"url\":\"https:\\\/\\\/infopba247.com.ar\\\/index.php\\\/2024\\\/07\\\/29\\\/kicillof-participo-de-la-marcha-de-antorchas-en-homenaje-a-eva-peron\\\/\",\"name\":\"Kicillof particip\u00f3 de la Marcha de Antorchas en homenaje a Eva Per\u00f3n - InfoPBA247\",\"isPartOf\":{\"@id\":\"https:\\\/\\\/infopba247.com.ar\\\/#website\"},\"primaryImageOfPage\":{\"@id\":\"https:\\\/\\\/infopba247.com.ar\\\/index.php\\\/2024\\\/07\\\/29\\\/kicillof-participo-de-la-marcha-de-antorchas-en-homenaje-a-eva-peron\\\/#primaryimage\"},\"image\":{\"@id\":\"https:\\\/\\\/infopba247.com.ar\\\/index.php\\\/2024\\\/07\\\/29\\\/kicillof-participo-de-la-marcha-de-antorchas-en-homenaje-a-eva-peron\\\/#primaryimage\"},\"thumbnailUrl\":\"https:\\\/\\\/infopba247.com.ar\\\/wp-content\\\/uploads\\\/2024\\\/07\\\/SGE_5836-scaled.jpg\",\"datePublished\":\"2024-07-29T14:42:09+00:00\",\"dateModified\":\"2024-07-29T14:43:29+00:00\",\"breadcrumb\":{\"@id\":\"https:\\\/\\\/infopba247.com.ar\\\/index.php\\\/2024\\\/07\\\/29\\\/kicillof-participo-de-la-marcha-de-antorchas-en-homenaje-a-eva-peron\\\/#breadcrumb\"},\"inLanguage\":\"es\",\"potentialAction\":[{\"@type\":\"ReadAction\",\"target\":[\"https:\\\/\\\/infopba247.com.ar\\\/index.php\\\/2024\\\/07\\\/29\\\/kicillof-participo-de-la-marcha-de-antorchas-en-homenaje-a-eva-peron\\\/\"]}]},{\"@type\":\"ImageObject\",\"inLanguage\":\"es\",\"@id\":\"https:\\\/\\\/infopba247.com.ar\\\/index.php\\\/2024\\\/07\\\/29\\\/kicillof-participo-de-la-marcha-de-antorchas-en-homenaje-a-eva-peron\\\/#primaryimage\",\"url\":\"https:\\\/\\\/infopba247.com.ar\\\/wp-content\\\/uploads\\\/2024\\\/07\\\/SGE_5836-scaled.jpg\",\"contentUrl\":\"https:\\\/\\\/infopba247.com.ar\\\/wp-content\\\/uploads\\\/2024\\\/07\\\/SGE_5836-scaled.jpg\",\"width\":2560,\"height\":1707},{\"@type\":\"BreadcrumbList\",\"@id\":\"https:\\\/\\\/infopba247.com.ar\\\/index.php\\\/2024\\\/07\\\/29\\\/kicillof-participo-de-la-marcha-de-antorchas-en-homenaje-a-eva-peron\\\/#breadcrumb\",\"itemListElement\":[{\"@type\":\"ListItem\",\"position\":1,\"name\":\"Portada\",\"item\":\"https:\\\/\\\/infopba247.com.ar\\\/\"},{\"@type\":\"ListItem\",\"position\":2,\"name\":\"Kicillof particip\u00f3 de la Marcha de Antorchas en homenaje a Eva Per\u00f3n\"}]},{\"@type\":\"WebSite\",\"@id\":\"https:\\\/\\\/infopba247.com.ar\\\/#website\",\"url\":\"https:\\\/\\\/infopba247.com.ar\\\/\",\"name\":\"InfoPBA247\",\"description\":\"Toda la actualidad bonaerense\",\"publisher\":{\"@id\":\"https:\\\/\\\/infopba247.com.ar\\\/#organization\"},\"potentialAction\":[{\"@type\":\"SearchAction\",\"target\":{\"@type\":\"EntryPoint\",\"urlTemplate\":\"https:\\\/\\\/infopba247.com.ar\\\/?s={search_term_string}\"},\"query-input\":{\"@type\":\"PropertyValueSpecification\",\"valueRequired\":true,\"valueName\":\"search_term_string\"}}],\"inLanguage\":\"es\"},{\"@type\":\"Organization\",\"@id\":\"https:\\\/\\\/infopba247.com.ar\\\/#organization\",\"name\":\"InfoPBA247\",\"url\":\"https:\\\/\\\/infopba247.com.ar\\\/\",\"logo\":{\"@type\":\"ImageObject\",\"inLanguage\":\"es\",\"@id\":\"https:\\\/\\\/infopba247.com.ar\\\/#\\\/schema\\\/logo\\\/image\\\/\",\"url\":\"https:\\\/\\\/infopba247.com.ar\\\/wp-content\\\/uploads\\\/2022\\\/03\\\/cropped-InfoPBA247-1.png\",\"contentUrl\":\"https:\\\/\\\/infopba247.com.ar\\\/wp-content\\\/uploads\\\/2022\\\/03\\\/cropped-InfoPBA247-1.png\",\"width\":500,\"height\":122,\"caption\":\"InfoPBA247\"},\"image\":{\"@id\":\"https:\\\/\\\/infopba247.com.ar\\\/#\\\/schema\\\/logo\\\/image\\\/\"},\"sameAs\":[\"https:\\\/\\\/www.facebook.com\\\/InfoPBA\"]},{\"@type\":\"Person\",\"@id\":\"https:\\\/\\\/infopba247.com.ar\\\/#\\\/schema\\\/person\\\/4975f1343a413e57bf839b3eed0099f2\",\"name\":\"Editor\",\"image\":{\"@type\":\"ImageObject\",\"inLanguage\":\"es\",\"@id\":\"https:\\\/\\\/secure.gravatar.com\\\/avatar\\\/d27fe9520667ca53441d36627a1d6b0fa4a813571ec4803687a7a3a7744685ac?s=96&d=mm&r=g\",\"url\":\"https:\\\/\\\/secure.gravatar.com\\\/avatar\\\/d27fe9520667ca53441d36627a1d6b0fa4a813571ec4803687a7a3a7744685ac?s=96&d=mm&r=g\",\"contentUrl\":\"https:\\\/\\\/secure.gravatar.com\\\/avatar\\\/d27fe9520667ca53441d36627a1d6b0fa4a813571ec4803687a7a3a7744685ac?s=96&d=mm&r=g\",\"caption\":\"Editor\"},\"url\":\"https:\\\/\\\/infopba247.com.ar\\\/index.php\\\/author\\\/editor\\\/\"}]}<\/script>\n<!-- \/ Yoast SEO plugin. -->","yoast_head_json":{"title":"Kicillof particip\u00f3 de la Marcha de Antorchas en homenaje a Eva Per\u00f3n - InfoPBA247","robots":{"index":"index","follow":"follow","max-snippet":"max-snippet:-1","max-image-preview":"max-image-preview:large","max-video-preview":"max-video-preview:-1"},"canonical":"https:\/\/infopba247.com.ar\/index.php\/2024\/07\/29\/kicillof-participo-de-la-marcha-de-antorchas-en-homenaje-a-eva-peron\/","og_locale":"es_ES","og_type":"article","og_title":"Kicillof particip\u00f3 de la Marcha de Antorchas en homenaje a Eva Per\u00f3n - InfoPBA247","og_description":"En el marco de los 72 a\u00f1os del fallecimiento de Eva Per\u00f3n, el gobernador de la provincia de Buenos Aires,","og_url":"https:\/\/infopba247.com.ar\/index.php\/2024\/07\/29\/kicillof-participo-de-la-marcha-de-antorchas-en-homenaje-a-eva-peron\/","og_site_name":"InfoPBA247","article_publisher":"https:\/\/www.facebook.com\/InfoPBA","article_published_time":"2024-07-29T14:42:09+00:00","article_modified_time":"2024-07-29T14:43:29+00:00","og_image":[{"width":2560,"height":1707,"url":"https:\/\/infopba247.com.ar\/wp-content\/uploads\/2024\/07\/SGE_5836-scaled.jpg","type":"image\/jpeg"}],"author":"Editor","twitter_card":"summary_large_image","twitter_misc":{"Escrito por":"Editor","Tiempo de lectura":"2 minutos"},"schema":{"@context":"https:\/\/schema.org","@graph":[{"@type":"Article","@id":"https:\/\/infopba247.com.ar\/index.php\/2024\/07\/29\/kicillof-participo-de-la-marcha-de-antorchas-en-homenaje-a-eva-peron\/#article","isPartOf":{"@id":"https:\/\/infopba247.com.ar\/index.php\/2024\/07\/29\/kicillof-participo-de-la-marcha-de-antorchas-en-homenaje-a-eva-peron\/"},"author":{"name":"Editor","@id":"https:\/\/infopba247.com.ar\/#\/schema\/person\/4975f1343a413e57bf839b3eed0099f2"},"headline":"Kicillof particip\u00f3 de la Marcha de Antorchas en homenaje a Eva Per\u00f3n","datePublished":"2024-07-29T14:42:09+00:00","dateModified":"2024-07-29T14:43:29+00:00","mainEntityOfPage":{"@id":"https:\/\/infopba247.com.ar\/index.php\/2024\/07\/29\/kicillof-participo-de-la-marcha-de-antorchas-en-homenaje-a-eva-peron\/"},"wordCount":298,"commentCount":0,"publisher":{"@id":"https:\/\/infopba247.com.ar\/#organization"},"image":{"@id":"https:\/\/infopba247.com.ar\/index.php\/2024\/07\/29\/kicillof-participo-de-la-marcha-de-antorchas-en-homenaje-a-eva-peron\/#primaryimage"},"thumbnailUrl":"https:\/\/infopba247.com.ar\/wp-content\/uploads\/2024\/07\/SGE_5836-scaled.jpg","articleSection":["Destacadas","Pol\u00edtica"],"inLanguage":"es","potentialAction":[{"@type":"CommentAction","name":"Comment","target":["https:\/\/infopba247.com.ar\/index.php\/2024\/07\/29\/kicillof-participo-de-la-marcha-de-antorchas-en-homenaje-a-eva-peron\/#respond"]}]},{"@type":"WebPage","@id":"https:\/\/infopba247.com.ar\/index.php\/2024\/07\/29\/kicillof-participo-de-la-marcha-de-antorchas-en-homenaje-a-eva-peron\/","url":"https:\/\/infopba247.com.ar\/index.php\/2024\/07\/29\/kicillof-participo-de-la-marcha-de-antorchas-en-homenaje-a-eva-peron\/","name":"Kicillof particip\u00f3 de la Marcha de Antorchas en homenaje a Eva Per\u00f3n - InfoPBA247","isPartOf":{"@id":"https:\/\/infopba247.com.ar\/#website"},"primaryImageOfPage":{"@id":"https:\/\/infopba247.com.ar\/index.php\/2024\/07\/29\/kicillof-participo-de-la-marcha-de-antorchas-en-homenaje-a-eva-peron\/#primaryimage"},"image":{"@id":"https:\/\/infopba247.com.ar\/index.php\/2024\/07\/29\/kicillof-participo-de-la-marcha-de-antorchas-en-homenaje-a-eva-peron\/#primaryimage"},"thumbnailUrl":"https:\/\/infopba247.com.ar\/wp-content\/uploads\/2024\/07\/SGE_5836-scaled.jpg","datePublished":"2024-07-29T14:42:09+00:00","dateModified":"2024-07-29T14:43:29+00:00","breadcrumb":{"@id":"https:\/\/infopba247.com.ar\/index.php\/2024\/07\/29\/kicillof-participo-de-la-marcha-de-antorchas-en-homenaje-a-eva-peron\/#breadcrumb"},"inLanguage":"es","potentialAction":[{"@type":"ReadAction","target":["https:\/\/infopba247.com.ar\/index.php\/2024\/07\/29\/kicillof-participo-de-la-marcha-de-antorchas-en-homenaje-a-eva-peron\/"]}]},{"@type":"ImageObject","inLanguage":"es","@id":"https:\/\/infopba247.com.ar\/index.php\/2024\/07\/29\/kicillof-participo-de-la-marcha-de-antorchas-en-homenaje-a-eva-peron\/#primaryimage","url":"https:\/\/infopba247.com.ar\/wp-content\/uploads\/2024\/07\/SGE_5836-scaled.jpg","contentUrl":"https:\/\/infopba247.com.ar\/wp-content\/uploads\/2024\/07\/SGE_5836-scaled.jpg","width":2560,"height":1707},{"@type":"BreadcrumbList","@id":"https:\/\/infopba247.com.ar\/index.php\/2024\/07\/29\/kicillof-participo-de-la-marcha-de-antorchas-en-homenaje-a-eva-peron\/#breadcrumb","itemListElement":[{"@type":"ListItem","position":1,"name":"Portada","item":"https:\/\/infopba247.com.ar\/"},{"@type":"ListItem","position":2,"name":"Kicillof particip\u00f3 de la Marcha de Antorchas en homenaje a Eva Per\u00f3n"}]},{"@type":"WebSite","@id":"https:\/\/infopba247.com.ar\/#website","url":"https:\/\/infopba247.com.ar\/","name":"InfoPBA247","description":"Toda la actualidad bonaerense","publisher":{"@id":"https:\/\/infopba247.com.ar\/#organization"},"potentialAction":[{"@type":"SearchAction","target":{"@type":"EntryPoint","urlTemplate":"https:\/\/infopba247.com.ar\/?s={search_term_string}"},"query-input":{"@type":"PropertyValueSpecification","valueRequired":true,"valueName":"search_term_string"}}],"inLanguage":"es"},{"@type":"Organization","@id":"https:\/\/infopba247.com.ar\/#organization","name":"InfoPBA247","url":"https:\/\/infopba247.com.ar\/","logo":{"@type":"ImageObject","inLanguage":"es","@id":"https:\/\/infopba247.com.ar\/#\/schema\/logo\/image\/","url":"https:\/\/infopba247.com.ar\/wp-content\/uploads\/2022\/03\/cropped-InfoPBA247-1.png","contentUrl":"https:\/\/infopba247.com.ar\/wp-content\/uploads\/2022\/03\/cropped-InfoPBA247-1.png","width":500,"height":122,"caption":"InfoPBA247"},"image":{"@id":"https:\/\/infopba247.com.ar\/#\/schema\/logo\/image\/"},"sameAs":["https:\/\/www.facebook.com\/InfoPBA"]},{"@type":"Person","@id":"https:\/\/infopba247.com.ar\/#\/schema\/person\/4975f1343a413e57bf839b3eed0099f2","name":"Editor","image":{"@type":"ImageObject","inLanguage":"es","@id":"https:\/\/secure.gravatar.com\/avatar\/d27fe9520667ca53441d36627a1d6b0fa4a813571ec4803687a7a3a7744685ac?s=96&d=mm&r=g","url":"https:\/\/secure.gravatar.com\/avatar\/d27fe9520667ca53441d36627a1d6b0fa4a813571ec4803687a7a3a7744685ac?s=96&d=mm&r=g","contentUrl":"https:\/\/secure.gravatar.com\/avatar\/d27fe9520667ca53441d36627a1d6b0fa4a813571ec4803687a7a3a7744685ac?s=96&d=mm&r=g","caption":"Editor"},"url":"https:\/\/infopba247.com.ar\/index.php\/author\/editor\/"}]}},"_links":{"self":[{"href":"https:\/\/infopba247.com.ar\/index.php\/wp-json\/wp\/v2\/posts\/4684","targetHints":{"allow":["GET"]}}],"collection":[{"href":"https:\/\/infopba247.com.ar\/index.php\/wp-json\/wp\/v2\/posts"}],"about":[{"href":"https:\/\/infopba247.com.ar\/index.php\/wp-json\/wp\/v2\/types\/post"}],"author":[{"embeddable":true,"href":"https:\/\/infopba247.com.ar\/index.php\/wp-json\/wp\/v2\/users\/3"}],"replies":[{"embeddable":true,"href":"https:\/\/infopba247.com.ar\/index.php\/wp-json\/wp\/v2\/comments?post=4684"}],"version-history":[{"count":1,"href":"https:\/\/infopba247.com.ar\/index.php\/wp-json\/wp\/v2\/posts\/4684\/revisions"}],"predecessor-version":[{"id":4685,"href":"https:\/\/infopba247.com.ar\/index.php\/wp-json\/wp\/v2\/posts\/4684\/revisions\/4685"}],"wp:featuredmedia":[{"embeddable":true,"href":"https:\/\/infopba247.com.ar\/index.php\/wp-json\/wp\/v2\/media\/4679"}],"wp:attachment":[{"href":"https:\/\/infopba247.com.ar\/index.php\/wp-json\/wp\/v2\/media?parent=4684"}],"wp:term":[{"taxonomy":"category","embeddable":true,"href":"https:\/\/infopba247.com.ar\/index.php\/wp-json\/wp\/v2\/categories?post=4684"},{"taxonomy":"post_tag","embeddable":true,"href":"https:\/\/infopba247.com.ar\/index.php\/wp-json\/wp\/v2\/tags?post=4684"}],"curies":[{"name":"wp","href":"https:\/\/api.w.org\/{rel}","templated":true}]}}