{"id":4678,"date":"2024-07-29T11:40:46","date_gmt":"2024-07-29T14:40:46","guid":{"rendered":"https:\/\/infopba247.com.ar\/?p=4678"},"modified":"2024-07-29T11:43:41","modified_gmt":"2024-07-29T14:43:41","slug":"firma-de-convenio-de-uso-y-administracion-para-preservar-ecosistema-en-la-balandra","status":"publish","type":"post","link":"https:\/\/infopba247.com.ar\/index.php\/2024\/07\/29\/firma-de-convenio-de-uso-y-administracion-para-preservar-ecosistema-en-la-balandra\/","title":{"rendered":"Firma de Convenio de Uso y Administraci\u00f3n para preservar ecosistema en La Balandra"},"content":{"rendered":"\n<p>En la jornada de este viernes, se llev\u00f3 a cabo, en las instalaciones del Quincho Municipal de Berisso, 9 y 169, la Firma de Convenio de Uso y Administraci\u00f3n de inmueble provincial, 5 parcelas en la zona de La Balandra, que alcanza una superficie 687.679 m\u00b2.<\/p>\n\n\n\n<p>La r\u00fabrica del Acuerdo se concret\u00f3 entre el intendente Fabi\u00e1n Cagliardi; el ministro provincial de Econom\u00eda, Pablo L\u00f3pez y el ministro de Desarrollo Agrario, Javier Rodr\u00edguez.<\/p>\n\n\n\n<p>Las autoridades municipales y provinciales, resaltaron el acompa\u00f1amiento del Gobernador Axel Kicillof, que apuesta a generar y fomentar espacios para uso comunitarios.<\/p>\n\n\n\n<p>El Municipio administrar\u00e1 de hecho este \u201cbalneario p\u00fablico\u201d que pertenece al dominio de la provincia de Buenos Aires, con la finalidad de evitar acciones antr\u00f3picas, provocadas por la acci\u00f3n del ser humano y sus efectos sobre la naturaleza, que amenacen las especies nativas que componen el activo eco-sist\u00e9mico.<\/p>\n\n\n\n<p>El objetivo es preservar la flora y fauna aut\u00f3ctonas; generando un espacio de esparcimiento y acceso para toda la comunidad, brindando a la misma la posibilidad de utilizar equipamiento recreativo y la disponibilidad de diferentes servicios, garantizando se\u00f1alizaciones claras y el cuidado de quienes hagan uso de las instalaciones.<\/p>\n\n\n\n<p>Del encuentro, participaron adem\u00e1s, la subsecretaria T\u00e9cnica, Administrativo y Legal del Ministerio de Econom\u00eda, Anal\u00eda Tello; el director Provincial de Recursos Inmobiliarios Fiscales del Ministerio de Econom\u00eda, Hern\u00e1n Garc\u00eda Z\u00fa\u00f1iga; el subsecretario de Acci\u00f3n Pol\u00edtica Municipal, Mart\u00edn Fern\u00e1ndez; el director social de H\u00e1bitat y Demanda Comunitaria Adri\u00e1n Risculese; y Karina Su\u00e1rez Aquino, directora de Regularizaci\u00f3n Dominial, dependientes de la Subsecretaria de Tierras, Vivienda y H\u00e1bitat.<\/p>\n","protected":false},"excerpt":{"rendered":"<p>En la jornada de este viernes, se llev\u00f3 a cabo, en las instalaciones del Quincho Municipal de Berisso, 9 y<\/p>\n","protected":false},"author":3,"featured_media":4681,"comment_status":"open","ping_status":"open","sticky":false,"template":"","format":"standard","meta":{"colormag_page_container_layout":"default_layout","colormag_page_sidebar_layout":"default_layout","footnotes":""},"categories":[7,1,14],"tags":[],"class_list":["post-4678","post","type-post","status-publish","format-standard","has-post-thumbnail","hentry","category-3ra-seccion","category-destacadas","category-politica"],"yoast_head":"<!-- This site is optimized with the Yoast SEO plugin v27.5 - https:\/\/yoast.com\/product\/yoast-seo-wordpress\/ -->\n<title>Firma de Convenio de Uso y Administraci\u00f3n para preservar ecosistema en La Balandra - InfoPBA247<\/title>\n<meta name=\"robots\" content=\"index, follow, max-snippet:-1, max-image-preview:large, max-video-preview:-1\" \/>\n<link rel=\"canonical\" href=\"https:\/\/infopba247.com.ar\/index.php\/2024\/07\/29\/firma-de-convenio-de-uso-y-administracion-para-preservar-ecosistema-en-la-balandra\/\" \/>\n<meta property=\"og:locale\" content=\"es_ES\" \/>\n<meta property=\"og:type\" content=\"article\" \/>\n<meta property=\"og:title\" content=\"Firma de Convenio de Uso y Administraci\u00f3n para preservar ecosistema en La Balandra - InfoPBA247\" \/>\n<meta property=\"og:description\" content=\"En la jornada de este viernes, se llev\u00f3 a cabo, en las instalaciones del Quincho Municipal de Berisso, 9 y\" \/>\n<meta property=\"og:url\" content=\"https:\/\/infopba247.com.ar\/index.php\/2024\/07\/29\/firma-de-convenio-de-uso-y-administracion-para-preservar-ecosistema-en-la-balandra\/\" \/>\n<meta property=\"og:site_name\" content=\"InfoPBA247\" \/>\n<meta property=\"article:publisher\" content=\"https:\/\/www.facebook.com\/InfoPBA\" \/>\n<meta property=\"article:published_time\" content=\"2024-07-29T14:40:46+00:00\" \/>\n<meta property=\"article:modified_time\" content=\"2024-07-29T14:43:41+00:00\" \/>\n<meta property=\"og:image\" content=\"https:\/\/infopba247.com.ar\/wp-content\/uploads\/2024\/07\/2-4.jpg\" \/>\n\t<meta property=\"og:image:width\" content=\"800\" \/>\n\t<meta property=\"og:image:height\" content=\"600\" \/>\n\t<meta property=\"og:image:type\" content=\"image\/jpeg\" \/>\n<meta name=\"author\" content=\"Editor\" \/>\n<meta name=\"twitter:card\" content=\"summary_large_image\" \/>\n<meta name=\"twitter:label1\" content=\"Escrito por\" \/>\n\t<meta name=\"twitter:data1\" content=\"Editor\" \/>\n\t<meta name=\"twitter:label2\" content=\"Tiempo de lectura\" \/>\n\t<meta name=\"twitter:data2\" content=\"2 minutos\" \/>\n<script type=\"application\/ld+json\" class=\"yoast-schema-graph\">{\"@context\":\"https:\\\/\\\/schema.org\",\"@graph\":[{\"@type\":\"Article\",\"@id\":\"https:\\\/\\\/infopba247.com.ar\\\/index.php\\\/2024\\\/07\\\/29\\\/firma-de-convenio-de-uso-y-administracion-para-preservar-ecosistema-en-la-balandra\\\/#article\",\"isPartOf\":{\"@id\":\"https:\\\/\\\/infopba247.com.ar\\\/index.php\\\/2024\\\/07\\\/29\\\/firma-de-convenio-de-uso-y-administracion-para-preservar-ecosistema-en-la-balandra\\\/\"},\"author\":{\"name\":\"Editor\",\"@id\":\"https:\\\/\\\/infopba247.com.ar\\\/#\\\/schema\\\/person\\\/4975f1343a413e57bf839b3eed0099f2\"},\"headline\":\"Firma de Convenio de Uso y Administraci\u00f3n para preservar ecosistema en La Balandra\",\"datePublished\":\"2024-07-29T14:40:46+00:00\",\"dateModified\":\"2024-07-29T14:43:41+00:00\",\"mainEntityOfPage\":{\"@id\":\"https:\\\/\\\/infopba247.com.ar\\\/index.php\\\/2024\\\/07\\\/29\\\/firma-de-convenio-de-uso-y-administracion-para-preservar-ecosistema-en-la-balandra\\\/\"},\"wordCount\":296,\"commentCount\":0,\"publisher\":{\"@id\":\"https:\\\/\\\/infopba247.com.ar\\\/#organization\"},\"image\":{\"@id\":\"https:\\\/\\\/infopba247.com.ar\\\/index.php\\\/2024\\\/07\\\/29\\\/firma-de-convenio-de-uso-y-administracion-para-preservar-ecosistema-en-la-balandra\\\/#primaryimage\"},\"thumbnailUrl\":\"https:\\\/\\\/infopba247.com.ar\\\/wp-content\\\/uploads\\\/2024\\\/07\\\/2-4.jpg\",\"articleSection\":[\"3ra Secci\u00f3n\",\"Destacadas\",\"Pol\u00edtica\"],\"inLanguage\":\"es\",\"potentialAction\":[{\"@type\":\"CommentAction\",\"name\":\"Comment\",\"target\":[\"https:\\\/\\\/infopba247.com.ar\\\/index.php\\\/2024\\\/07\\\/29\\\/firma-de-convenio-de-uso-y-administracion-para-preservar-ecosistema-en-la-balandra\\\/#respond\"]}]},{\"@type\":\"WebPage\",\"@id\":\"https:\\\/\\\/infopba247.com.ar\\\/index.php\\\/2024\\\/07\\\/29\\\/firma-de-convenio-de-uso-y-administracion-para-preservar-ecosistema-en-la-balandra\\\/\",\"url\":\"https:\\\/\\\/infopba247.com.ar\\\/index.php\\\/2024\\\/07\\\/29\\\/firma-de-convenio-de-uso-y-administracion-para-preservar-ecosistema-en-la-balandra\\\/\",\"name\":\"Firma de Convenio de Uso y Administraci\u00f3n para preservar ecosistema en La Balandra - InfoPBA247\",\"isPartOf\":{\"@id\":\"https:\\\/\\\/infopba247.com.ar\\\/#website\"},\"primaryImageOfPage\":{\"@id\":\"https:\\\/\\\/infopba247.com.ar\\\/index.php\\\/2024\\\/07\\\/29\\\/firma-de-convenio-de-uso-y-administracion-para-preservar-ecosistema-en-la-balandra\\\/#primaryimage\"},\"image\":{\"@id\":\"https:\\\/\\\/infopba247.com.ar\\\/index.php\\\/2024\\\/07\\\/29\\\/firma-de-convenio-de-uso-y-administracion-para-preservar-ecosistema-en-la-balandra\\\/#primaryimage\"},\"thumbnailUrl\":\"https:\\\/\\\/infopba247.com.ar\\\/wp-content\\\/uploads\\\/2024\\\/07\\\/2-4.jpg\",\"datePublished\":\"2024-07-29T14:40:46+00:00\",\"dateModified\":\"2024-07-29T14:43:41+00:00\",\"breadcrumb\":{\"@id\":\"https:\\\/\\\/infopba247.com.ar\\\/index.php\\\/2024\\\/07\\\/29\\\/firma-de-convenio-de-uso-y-administracion-para-preservar-ecosistema-en-la-balandra\\\/#breadcrumb\"},\"inLanguage\":\"es\",\"potentialAction\":[{\"@type\":\"ReadAction\",\"target\":[\"https:\\\/\\\/infopba247.com.ar\\\/index.php\\\/2024\\\/07\\\/29\\\/firma-de-convenio-de-uso-y-administracion-para-preservar-ecosistema-en-la-balandra\\\/\"]}]},{\"@type\":\"ImageObject\",\"inLanguage\":\"es\",\"@id\":\"https:\\\/\\\/infopba247.com.ar\\\/index.php\\\/2024\\\/07\\\/29\\\/firma-de-convenio-de-uso-y-administracion-para-preservar-ecosistema-en-la-balandra\\\/#primaryimage\",\"url\":\"https:\\\/\\\/infopba247.com.ar\\\/wp-content\\\/uploads\\\/2024\\\/07\\\/2-4.jpg\",\"contentUrl\":\"https:\\\/\\\/infopba247.com.ar\\\/wp-content\\\/uploads\\\/2024\\\/07\\\/2-4.jpg\",\"width\":800,\"height\":600},{\"@type\":\"BreadcrumbList\",\"@id\":\"https:\\\/\\\/infopba247.com.ar\\\/index.php\\\/2024\\\/07\\\/29\\\/firma-de-convenio-de-uso-y-administracion-para-preservar-ecosistema-en-la-balandra\\\/#breadcrumb\",\"itemListElement\":[{\"@type\":\"ListItem\",\"position\":1,\"name\":\"Portada\",\"item\":\"https:\\\/\\\/infopba247.com.ar\\\/\"},{\"@type\":\"ListItem\",\"position\":2,\"name\":\"Firma de Convenio de Uso y Administraci\u00f3n para preservar ecosistema en La Balandra\"}]},{\"@type\":\"WebSite\",\"@id\":\"https:\\\/\\\/infopba247.com.ar\\\/#website\",\"url\":\"https:\\\/\\\/infopba247.com.ar\\\/\",\"name\":\"InfoPBA247\",\"description\":\"Toda la actualidad bonaerense\",\"publisher\":{\"@id\":\"https:\\\/\\\/infopba247.com.ar\\\/#organization\"},\"potentialAction\":[{\"@type\":\"SearchAction\",\"target\":{\"@type\":\"EntryPoint\",\"urlTemplate\":\"https:\\\/\\\/infopba247.com.ar\\\/?s={search_term_string}\"},\"query-input\":{\"@type\":\"PropertyValueSpecification\",\"valueRequired\":true,\"valueName\":\"search_term_string\"}}],\"inLanguage\":\"es\"},{\"@type\":\"Organization\",\"@id\":\"https:\\\/\\\/infopba247.com.ar\\\/#organization\",\"name\":\"InfoPBA247\",\"url\":\"https:\\\/\\\/infopba247.com.ar\\\/\",\"logo\":{\"@type\":\"ImageObject\",\"inLanguage\":\"es\",\"@id\":\"https:\\\/\\\/infopba247.com.ar\\\/#\\\/schema\\\/logo\\\/image\\\/\",\"url\":\"https:\\\/\\\/infopba247.com.ar\\\/wp-content\\\/uploads\\\/2022\\\/03\\\/cropped-InfoPBA247-1.png\",\"contentUrl\":\"https:\\\/\\\/infopba247.com.ar\\\/wp-content\\\/uploads\\\/2022\\\/03\\\/cropped-InfoPBA247-1.png\",\"width\":500,\"height\":122,\"caption\":\"InfoPBA247\"},\"image\":{\"@id\":\"https:\\\/\\\/infopba247.com.ar\\\/#\\\/schema\\\/logo\\\/image\\\/\"},\"sameAs\":[\"https:\\\/\\\/www.facebook.com\\\/InfoPBA\"]},{\"@type\":\"Person\",\"@id\":\"https:\\\/\\\/infopba247.com.ar\\\/#\\\/schema\\\/person\\\/4975f1343a413e57bf839b3eed0099f2\",\"name\":\"Editor\",\"image\":{\"@type\":\"ImageObject\",\"inLanguage\":\"es\",\"@id\":\"https:\\\/\\\/secure.gravatar.com\\\/avatar\\\/d27fe9520667ca53441d36627a1d6b0fa4a813571ec4803687a7a3a7744685ac?s=96&d=mm&r=g\",\"url\":\"https:\\\/\\\/secure.gravatar.com\\\/avatar\\\/d27fe9520667ca53441d36627a1d6b0fa4a813571ec4803687a7a3a7744685ac?s=96&d=mm&r=g\",\"contentUrl\":\"https:\\\/\\\/secure.gravatar.com\\\/avatar\\\/d27fe9520667ca53441d36627a1d6b0fa4a813571ec4803687a7a3a7744685ac?s=96&d=mm&r=g\",\"caption\":\"Editor\"},\"url\":\"https:\\\/\\\/infopba247.com.ar\\\/index.php\\\/author\\\/editor\\\/\"}]}<\/script>\n<!-- \/ Yoast SEO plugin. -->","yoast_head_json":{"title":"Firma de Convenio de Uso y Administraci\u00f3n para preservar ecosistema en La Balandra - InfoPBA247","robots":{"index":"index","follow":"follow","max-snippet":"max-snippet:-1","max-image-preview":"max-image-preview:large","max-video-preview":"max-video-preview:-1"},"canonical":"https:\/\/infopba247.com.ar\/index.php\/2024\/07\/29\/firma-de-convenio-de-uso-y-administracion-para-preservar-ecosistema-en-la-balandra\/","og_locale":"es_ES","og_type":"article","og_title":"Firma de Convenio de Uso y Administraci\u00f3n para preservar ecosistema en La Balandra - InfoPBA247","og_description":"En la jornada de este viernes, se llev\u00f3 a cabo, en las instalaciones del Quincho Municipal de Berisso, 9 y","og_url":"https:\/\/infopba247.com.ar\/index.php\/2024\/07\/29\/firma-de-convenio-de-uso-y-administracion-para-preservar-ecosistema-en-la-balandra\/","og_site_name":"InfoPBA247","article_publisher":"https:\/\/www.facebook.com\/InfoPBA","article_published_time":"2024-07-29T14:40:46+00:00","article_modified_time":"2024-07-29T14:43:41+00:00","og_image":[{"width":800,"height":600,"url":"https:\/\/infopba247.com.ar\/wp-content\/uploads\/2024\/07\/2-4.jpg","type":"image\/jpeg"}],"author":"Editor","twitter_card":"summary_large_image","twitter_misc":{"Escrito por":"Editor","Tiempo de lectura":"2 minutos"},"schema":{"@context":"https:\/\/schema.org","@graph":[{"@type":"Article","@id":"https:\/\/infopba247.com.ar\/index.php\/2024\/07\/29\/firma-de-convenio-de-uso-y-administracion-para-preservar-ecosistema-en-la-balandra\/#article","isPartOf":{"@id":"https:\/\/infopba247.com.ar\/index.php\/2024\/07\/29\/firma-de-convenio-de-uso-y-administracion-para-preservar-ecosistema-en-la-balandra\/"},"author":{"name":"Editor","@id":"https:\/\/infopba247.com.ar\/#\/schema\/person\/4975f1343a413e57bf839b3eed0099f2"},"headline":"Firma de Convenio de Uso y Administraci\u00f3n para preservar ecosistema en La Balandra","datePublished":"2024-07-29T14:40:46+00:00","dateModified":"2024-07-29T14:43:41+00:00","mainEntityOfPage":{"@id":"https:\/\/infopba247.com.ar\/index.php\/2024\/07\/29\/firma-de-convenio-de-uso-y-administracion-para-preservar-ecosistema-en-la-balandra\/"},"wordCount":296,"commentCount":0,"publisher":{"@id":"https:\/\/infopba247.com.ar\/#organization"},"image":{"@id":"https:\/\/infopba247.com.ar\/index.php\/2024\/07\/29\/firma-de-convenio-de-uso-y-administracion-para-preservar-ecosistema-en-la-balandra\/#primaryimage"},"thumbnailUrl":"https:\/\/infopba247.com.ar\/wp-content\/uploads\/2024\/07\/2-4.jpg","articleSection":["3ra Secci\u00f3n","Destacadas","Pol\u00edtica"],"inLanguage":"es","potentialAction":[{"@type":"CommentAction","name":"Comment","target":["https:\/\/infopba247.com.ar\/index.php\/2024\/07\/29\/firma-de-convenio-de-uso-y-administracion-para-preservar-ecosistema-en-la-balandra\/#respond"]}]},{"@type":"WebPage","@id":"https:\/\/infopba247.com.ar\/index.php\/2024\/07\/29\/firma-de-convenio-de-uso-y-administracion-para-preservar-ecosistema-en-la-balandra\/","url":"https:\/\/infopba247.com.ar\/index.php\/2024\/07\/29\/firma-de-convenio-de-uso-y-administracion-para-preservar-ecosistema-en-la-balandra\/","name":"Firma de Convenio de Uso y Administraci\u00f3n para preservar ecosistema en La Balandra - InfoPBA247","isPartOf":{"@id":"https:\/\/infopba247.com.ar\/#website"},"primaryImageOfPage":{"@id":"https:\/\/infopba247.com.ar\/index.php\/2024\/07\/29\/firma-de-convenio-de-uso-y-administracion-para-preservar-ecosistema-en-la-balandra\/#primaryimage"},"image":{"@id":"https:\/\/infopba247.com.ar\/index.php\/2024\/07\/29\/firma-de-convenio-de-uso-y-administracion-para-preservar-ecosistema-en-la-balandra\/#primaryimage"},"thumbnailUrl":"https:\/\/infopba247.com.ar\/wp-content\/uploads\/2024\/07\/2-4.jpg","datePublished":"2024-07-29T14:40:46+00:00","dateModified":"2024-07-29T14:43:41+00:00","breadcrumb":{"@id":"https:\/\/infopba247.com.ar\/index.php\/2024\/07\/29\/firma-de-convenio-de-uso-y-administracion-para-preservar-ecosistema-en-la-balandra\/#breadcrumb"},"inLanguage":"es","potentialAction":[{"@type":"ReadAction","target":["https:\/\/infopba247.com.ar\/index.php\/2024\/07\/29\/firma-de-convenio-de-uso-y-administracion-para-preservar-ecosistema-en-la-balandra\/"]}]},{"@type":"ImageObject","inLanguage":"es","@id":"https:\/\/infopba247.com.ar\/index.php\/2024\/07\/29\/firma-de-convenio-de-uso-y-administracion-para-preservar-ecosistema-en-la-balandra\/#primaryimage","url":"https:\/\/infopba247.com.ar\/wp-content\/uploads\/2024\/07\/2-4.jpg","contentUrl":"https:\/\/infopba247.com.ar\/wp-content\/uploads\/2024\/07\/2-4.jpg","width":800,"height":600},{"@type":"BreadcrumbList","@id":"https:\/\/infopba247.com.ar\/index.php\/2024\/07\/29\/firma-de-convenio-de-uso-y-administracion-para-preservar-ecosistema-en-la-balandra\/#breadcrumb","itemListElement":[{"@type":"ListItem","position":1,"name":"Portada","item":"https:\/\/infopba247.com.ar\/"},{"@type":"ListItem","position":2,"name":"Firma de Convenio de Uso y Administraci\u00f3n para preservar ecosistema en La Balandra"}]},{"@type":"WebSite","@id":"https:\/\/infopba247.com.ar\/#website","url":"https:\/\/infopba247.com.ar\/","name":"InfoPBA247","description":"Toda la actualidad bonaerense","publisher":{"@id":"https:\/\/infopba247.com.ar\/#organization"},"potentialAction":[{"@type":"SearchAction","target":{"@type":"EntryPoint","urlTemplate":"https:\/\/infopba247.com.ar\/?s={search_term_string}"},"query-input":{"@type":"PropertyValueSpecification","valueRequired":true,"valueName":"search_term_string"}}],"inLanguage":"es"},{"@type":"Organization","@id":"https:\/\/infopba247.com.ar\/#organization","name":"InfoPBA247","url":"https:\/\/infopba247.com.ar\/","logo":{"@type":"ImageObject","inLanguage":"es","@id":"https:\/\/infopba247.com.ar\/#\/schema\/logo\/image\/","url":"https:\/\/infopba247.com.ar\/wp-content\/uploads\/2022\/03\/cropped-InfoPBA247-1.png","contentUrl":"https:\/\/infopba247.com.ar\/wp-content\/uploads\/2022\/03\/cropped-InfoPBA247-1.png","width":500,"height":122,"caption":"InfoPBA247"},"image":{"@id":"https:\/\/infopba247.com.ar\/#\/schema\/logo\/image\/"},"sameAs":["https:\/\/www.facebook.com\/InfoPBA"]},{"@type":"Person","@id":"https:\/\/infopba247.com.ar\/#\/schema\/person\/4975f1343a413e57bf839b3eed0099f2","name":"Editor","image":{"@type":"ImageObject","inLanguage":"es","@id":"https:\/\/secure.gravatar.com\/avatar\/d27fe9520667ca53441d36627a1d6b0fa4a813571ec4803687a7a3a7744685ac?s=96&d=mm&r=g","url":"https:\/\/secure.gravatar.com\/avatar\/d27fe9520667ca53441d36627a1d6b0fa4a813571ec4803687a7a3a7744685ac?s=96&d=mm&r=g","contentUrl":"https:\/\/secure.gravatar.com\/avatar\/d27fe9520667ca53441d36627a1d6b0fa4a813571ec4803687a7a3a7744685ac?s=96&d=mm&r=g","caption":"Editor"},"url":"https:\/\/infopba247.com.ar\/index.php\/author\/editor\/"}]}},"_links":{"self":[{"href":"https:\/\/infopba247.com.ar\/index.php\/wp-json\/wp\/v2\/posts\/4678","targetHints":{"allow":["GET"]}}],"collection":[{"href":"https:\/\/infopba247.com.ar\/index.php\/wp-json\/wp\/v2\/posts"}],"about":[{"href":"https:\/\/infopba247.com.ar\/index.php\/wp-json\/wp\/v2\/types\/post"}],"author":[{"embeddable":true,"href":"https:\/\/infopba247.com.ar\/index.php\/wp-json\/wp\/v2\/users\/3"}],"replies":[{"embeddable":true,"href":"https:\/\/infopba247.com.ar\/index.php\/wp-json\/wp\/v2\/comments?post=4678"}],"version-history":[{"count":1,"href":"https:\/\/infopba247.com.ar\/index.php\/wp-json\/wp\/v2\/posts\/4678\/revisions"}],"predecessor-version":[{"id":4683,"href":"https:\/\/infopba247.com.ar\/index.php\/wp-json\/wp\/v2\/posts\/4678\/revisions\/4683"}],"wp:featuredmedia":[{"embeddable":true,"href":"https:\/\/infopba247.com.ar\/index.php\/wp-json\/wp\/v2\/media\/4681"}],"wp:attachment":[{"href":"https:\/\/infopba247.com.ar\/index.php\/wp-json\/wp\/v2\/media?parent=4678"}],"wp:term":[{"taxonomy":"category","embeddable":true,"href":"https:\/\/infopba247.com.ar\/index.php\/wp-json\/wp\/v2\/categories?post=4678"},{"taxonomy":"post_tag","embeddable":true,"href":"https:\/\/infopba247.com.ar\/index.php\/wp-json\/wp\/v2\/tags?post=4678"}],"curies":[{"name":"wp","href":"https:\/\/api.w.org\/{rel}","templated":true}]}}