{"id":4654,"date":"2024-07-25T11:28:46","date_gmt":"2024-07-25T14:28:46","guid":{"rendered":"https:\/\/infopba247.com.ar\/?p=4654"},"modified":"2024-07-25T11:28:47","modified_gmt":"2024-07-25T14:28:47","slug":"en-villa-gesell-katopodis-recorrio-obras-con-inversion-provincial-junto-al-intendente-gustavo-barrera","status":"publish","type":"post","link":"https:\/\/infopba247.com.ar\/index.php\/2024\/07\/25\/en-villa-gesell-katopodis-recorrio-obras-con-inversion-provincial-junto-al-intendente-gustavo-barrera\/","title":{"rendered":"En Villa Gesell, Katopodis recorri\u00f3 obras con inversi\u00f3n provincial junto al intendente, Gustavo Barrera"},"content":{"rendered":"\n<p>El ministro de Infraestructura y Servicios P\u00fablicos, Gabriel Katopodis, junto al intendente de Villa Gesell, Gustavo Barrera, recorrieron obras de infraestructura sanitaria, social y deportiva que el Gobierno provincial lleva adelante en el municipio. Visitaron un nuevo CAPS pr\u00f3ximo a inaugurarse, el Centro Comunitario \u201cLa Carmencita\u201d y la cancha municipal de hockey.<\/p>\n\n\n\n<p>En este sentido, la comitiva visit\u00f3 el Centro de Atenci\u00f3n Primaria de la Salud, que est\u00e1 pr\u00f3ximo a inaugurarse en la ciudad, un espacio de m\u00e1s de 480 m\u00b2 con seis consultorios (dos de ellos para ginecolog\u00eda y odontolog\u00eda), sala de administraci\u00f3n, enfermer\u00eda, vacunatorio, farmacia, SUM y acceso de ambulancias.<\/p>\n\n\n\n<p>Al respecto, Katopodis se\u00f1al\u00f3: \u201cEst\u00e1 casi listo el nuevo Centro de Salud de Villa Gesell, otro espacio que se sumar\u00e1 a la red de Infraestructura Sanitaria de la Provincia. En un contexto muy dif\u00edcil, la decisi\u00f3n del Gobernador Axel Kicillof es poner todos los esfuerzos y los recursos en cuidar a nuestra comunidad\u201d.<\/p>\n\n\n\n<p>Este nuevo CAPS permitir\u00e1 mejorar y fortalecer el sistema p\u00fablico de salud municipal con un espacio moderno y equipado para los 37.000 vecinos y vecinas de Villa Gesell y zonas aleda\u00f1as.<\/p>\n\n\n\n<p>Luego, Katopodis y Barrera recorrieron los trabajos del nuevo Centro Comunitario \u201cLa Carmencita\u201d, que se encuentra en ejecuci\u00f3n e implica la construcci\u00f3n de un espacio destinado a talleres, encuentros y actividades para ni\u00f1os y adolescentes.<\/p>\n\n\n\n<p>\u201cEste es un Proyecto de Integraci\u00f3n del barrio La Carmencita que tendr\u00e1 tambi\u00e9n un Centro Comunitario con actividades para todas las edades y una Cancha Municipal de hockey de Villa Gesell. En la infraestructura para el deporte, la cultura y el encuentro comunitario tambi\u00e9n hay un Estado provincial presente y un modelo municipal de gesti\u00f3n\u201d, concluy\u00f3 el Ministro.<\/p>\n\n\n\n<p>El centro contar\u00e1 con diferentes aulas, una plaza de acceso, juegos infantiles, canchas deportivas y un peque\u00f1o skatepark, y formar\u00e1 parte de la estructura de la Secretar\u00eda de Desarrollo de la Comunidad del Municipio con el objetivo de propiciar actividades deportivas, culturales y educativas.<\/p>\n\n\n\n<p>M\u00e1s tarde, las autoridades supervisaron las tareas de la nueva cancha municipal de hockey, ubicada en la Av. 27 entre 106 bis y 107. En total, se ejecutar\u00e1n 1.870 m\u00b2 entre superficie cubierta y semicubierta, con luminarias para la pr\u00e1ctica nocturna.<\/p>\n","protected":false},"excerpt":{"rendered":"<p>El ministro de Infraestructura y Servicios P\u00fablicos, Gabriel Katopodis, junto al intendente de Villa Gesell, Gustavo Barrera, recorrieron obras de<\/p>\n","protected":false},"author":3,"featured_media":4657,"comment_status":"open","ping_status":"open","sticky":false,"template":"","format":"standard","meta":{"colormag_page_container_layout":"default_layout","colormag_page_sidebar_layout":"default_layout","footnotes":""},"categories":[9,1,14],"tags":[],"class_list":["post-4654","post","type-post","status-publish","format-standard","has-post-thumbnail","hentry","category-5ta-seccion","category-destacadas","category-politica"],"yoast_head":"<!-- This site is optimized with the Yoast SEO plugin v27.4 - https:\/\/yoast.com\/product\/yoast-seo-wordpress\/ -->\n<title>En Villa Gesell, Katopodis recorri\u00f3 obras con inversi\u00f3n provincial junto al intendente, Gustavo Barrera - InfoPBA247<\/title>\n<meta name=\"robots\" content=\"index, follow, max-snippet:-1, max-image-preview:large, max-video-preview:-1\" \/>\n<link rel=\"canonical\" href=\"https:\/\/infopba247.com.ar\/index.php\/2024\/07\/25\/en-villa-gesell-katopodis-recorrio-obras-con-inversion-provincial-junto-al-intendente-gustavo-barrera\/\" \/>\n<meta property=\"og:locale\" content=\"es_ES\" \/>\n<meta property=\"og:type\" content=\"article\" \/>\n<meta property=\"og:title\" content=\"En Villa Gesell, Katopodis recorri\u00f3 obras con inversi\u00f3n provincial junto al intendente, Gustavo Barrera - InfoPBA247\" \/>\n<meta property=\"og:description\" content=\"El ministro de Infraestructura y Servicios P\u00fablicos, Gabriel Katopodis, junto al intendente de Villa Gesell, Gustavo Barrera, recorrieron obras de\" \/>\n<meta property=\"og:url\" content=\"https:\/\/infopba247.com.ar\/index.php\/2024\/07\/25\/en-villa-gesell-katopodis-recorrio-obras-con-inversion-provincial-junto-al-intendente-gustavo-barrera\/\" \/>\n<meta property=\"og:site_name\" content=\"InfoPBA247\" \/>\n<meta property=\"article:publisher\" content=\"https:\/\/www.facebook.com\/InfoPBA\" \/>\n<meta property=\"article:published_time\" content=\"2024-07-25T14:28:46+00:00\" \/>\n<meta property=\"article:modified_time\" content=\"2024-07-25T14:28:47+00:00\" \/>\n<meta property=\"og:image\" content=\"https:\/\/infopba247.com.ar\/wp-content\/uploads\/2024\/07\/image-2.png\" \/>\n\t<meta property=\"og:image:width\" content=\"700\" \/>\n\t<meta property=\"og:image:height\" content=\"467\" \/>\n\t<meta property=\"og:image:type\" content=\"image\/png\" \/>\n<meta name=\"author\" content=\"Editor\" \/>\n<meta name=\"twitter:card\" content=\"summary_large_image\" \/>\n<meta name=\"twitter:label1\" content=\"Escrito por\" \/>\n\t<meta name=\"twitter:data1\" content=\"Editor\" \/>\n\t<meta name=\"twitter:label2\" content=\"Tiempo de lectura\" \/>\n\t<meta name=\"twitter:data2\" content=\"2 minutos\" \/>\n<script type=\"application\/ld+json\" class=\"yoast-schema-graph\">{\"@context\":\"https:\\\/\\\/schema.org\",\"@graph\":[{\"@type\":\"Article\",\"@id\":\"https:\\\/\\\/infopba247.com.ar\\\/index.php\\\/2024\\\/07\\\/25\\\/en-villa-gesell-katopodis-recorrio-obras-con-inversion-provincial-junto-al-intendente-gustavo-barrera\\\/#article\",\"isPartOf\":{\"@id\":\"https:\\\/\\\/infopba247.com.ar\\\/index.php\\\/2024\\\/07\\\/25\\\/en-villa-gesell-katopodis-recorrio-obras-con-inversion-provincial-junto-al-intendente-gustavo-barrera\\\/\"},\"author\":{\"name\":\"Editor\",\"@id\":\"https:\\\/\\\/infopba247.com.ar\\\/#\\\/schema\\\/person\\\/4975f1343a413e57bf839b3eed0099f2\"},\"headline\":\"En Villa Gesell, Katopodis recorri\u00f3 obras con inversi\u00f3n provincial junto al intendente, Gustavo Barrera\",\"datePublished\":\"2024-07-25T14:28:46+00:00\",\"dateModified\":\"2024-07-25T14:28:47+00:00\",\"mainEntityOfPage\":{\"@id\":\"https:\\\/\\\/infopba247.com.ar\\\/index.php\\\/2024\\\/07\\\/25\\\/en-villa-gesell-katopodis-recorrio-obras-con-inversion-provincial-junto-al-intendente-gustavo-barrera\\\/\"},\"wordCount\":399,\"commentCount\":0,\"publisher\":{\"@id\":\"https:\\\/\\\/infopba247.com.ar\\\/#organization\"},\"image\":{\"@id\":\"https:\\\/\\\/infopba247.com.ar\\\/index.php\\\/2024\\\/07\\\/25\\\/en-villa-gesell-katopodis-recorrio-obras-con-inversion-provincial-junto-al-intendente-gustavo-barrera\\\/#primaryimage\"},\"thumbnailUrl\":\"https:\\\/\\\/infopba247.com.ar\\\/wp-content\\\/uploads\\\/2024\\\/07\\\/image-2.png\",\"articleSection\":[\"5ta Secci\u00f3n\",\"Destacadas\",\"Pol\u00edtica\"],\"inLanguage\":\"es\",\"potentialAction\":[{\"@type\":\"CommentAction\",\"name\":\"Comment\",\"target\":[\"https:\\\/\\\/infopba247.com.ar\\\/index.php\\\/2024\\\/07\\\/25\\\/en-villa-gesell-katopodis-recorrio-obras-con-inversion-provincial-junto-al-intendente-gustavo-barrera\\\/#respond\"]}]},{\"@type\":\"WebPage\",\"@id\":\"https:\\\/\\\/infopba247.com.ar\\\/index.php\\\/2024\\\/07\\\/25\\\/en-villa-gesell-katopodis-recorrio-obras-con-inversion-provincial-junto-al-intendente-gustavo-barrera\\\/\",\"url\":\"https:\\\/\\\/infopba247.com.ar\\\/index.php\\\/2024\\\/07\\\/25\\\/en-villa-gesell-katopodis-recorrio-obras-con-inversion-provincial-junto-al-intendente-gustavo-barrera\\\/\",\"name\":\"En Villa Gesell, Katopodis recorri\u00f3 obras con inversi\u00f3n provincial junto al intendente, Gustavo Barrera - InfoPBA247\",\"isPartOf\":{\"@id\":\"https:\\\/\\\/infopba247.com.ar\\\/#website\"},\"primaryImageOfPage\":{\"@id\":\"https:\\\/\\\/infopba247.com.ar\\\/index.php\\\/2024\\\/07\\\/25\\\/en-villa-gesell-katopodis-recorrio-obras-con-inversion-provincial-junto-al-intendente-gustavo-barrera\\\/#primaryimage\"},\"image\":{\"@id\":\"https:\\\/\\\/infopba247.com.ar\\\/index.php\\\/2024\\\/07\\\/25\\\/en-villa-gesell-katopodis-recorrio-obras-con-inversion-provincial-junto-al-intendente-gustavo-barrera\\\/#primaryimage\"},\"thumbnailUrl\":\"https:\\\/\\\/infopba247.com.ar\\\/wp-content\\\/uploads\\\/2024\\\/07\\\/image-2.png\",\"datePublished\":\"2024-07-25T14:28:46+00:00\",\"dateModified\":\"2024-07-25T14:28:47+00:00\",\"breadcrumb\":{\"@id\":\"https:\\\/\\\/infopba247.com.ar\\\/index.php\\\/2024\\\/07\\\/25\\\/en-villa-gesell-katopodis-recorrio-obras-con-inversion-provincial-junto-al-intendente-gustavo-barrera\\\/#breadcrumb\"},\"inLanguage\":\"es\",\"potentialAction\":[{\"@type\":\"ReadAction\",\"target\":[\"https:\\\/\\\/infopba247.com.ar\\\/index.php\\\/2024\\\/07\\\/25\\\/en-villa-gesell-katopodis-recorrio-obras-con-inversion-provincial-junto-al-intendente-gustavo-barrera\\\/\"]}]},{\"@type\":\"ImageObject\",\"inLanguage\":\"es\",\"@id\":\"https:\\\/\\\/infopba247.com.ar\\\/index.php\\\/2024\\\/07\\\/25\\\/en-villa-gesell-katopodis-recorrio-obras-con-inversion-provincial-junto-al-intendente-gustavo-barrera\\\/#primaryimage\",\"url\":\"https:\\\/\\\/infopba247.com.ar\\\/wp-content\\\/uploads\\\/2024\\\/07\\\/image-2.png\",\"contentUrl\":\"https:\\\/\\\/infopba247.com.ar\\\/wp-content\\\/uploads\\\/2024\\\/07\\\/image-2.png\",\"width\":700,\"height\":467},{\"@type\":\"BreadcrumbList\",\"@id\":\"https:\\\/\\\/infopba247.com.ar\\\/index.php\\\/2024\\\/07\\\/25\\\/en-villa-gesell-katopodis-recorrio-obras-con-inversion-provincial-junto-al-intendente-gustavo-barrera\\\/#breadcrumb\",\"itemListElement\":[{\"@type\":\"ListItem\",\"position\":1,\"name\":\"Portada\",\"item\":\"https:\\\/\\\/infopba247.com.ar\\\/\"},{\"@type\":\"ListItem\",\"position\":2,\"name\":\"En Villa Gesell, Katopodis recorri\u00f3 obras con inversi\u00f3n provincial junto al intendente, Gustavo Barrera\"}]},{\"@type\":\"WebSite\",\"@id\":\"https:\\\/\\\/infopba247.com.ar\\\/#website\",\"url\":\"https:\\\/\\\/infopba247.com.ar\\\/\",\"name\":\"InfoPBA247\",\"description\":\"Toda la actualidad bonaerense\",\"publisher\":{\"@id\":\"https:\\\/\\\/infopba247.com.ar\\\/#organization\"},\"potentialAction\":[{\"@type\":\"SearchAction\",\"target\":{\"@type\":\"EntryPoint\",\"urlTemplate\":\"https:\\\/\\\/infopba247.com.ar\\\/?s={search_term_string}\"},\"query-input\":{\"@type\":\"PropertyValueSpecification\",\"valueRequired\":true,\"valueName\":\"search_term_string\"}}],\"inLanguage\":\"es\"},{\"@type\":\"Organization\",\"@id\":\"https:\\\/\\\/infopba247.com.ar\\\/#organization\",\"name\":\"InfoPBA247\",\"url\":\"https:\\\/\\\/infopba247.com.ar\\\/\",\"logo\":{\"@type\":\"ImageObject\",\"inLanguage\":\"es\",\"@id\":\"https:\\\/\\\/infopba247.com.ar\\\/#\\\/schema\\\/logo\\\/image\\\/\",\"url\":\"https:\\\/\\\/infopba247.com.ar\\\/wp-content\\\/uploads\\\/2022\\\/03\\\/cropped-InfoPBA247-1.png\",\"contentUrl\":\"https:\\\/\\\/infopba247.com.ar\\\/wp-content\\\/uploads\\\/2022\\\/03\\\/cropped-InfoPBA247-1.png\",\"width\":500,\"height\":122,\"caption\":\"InfoPBA247\"},\"image\":{\"@id\":\"https:\\\/\\\/infopba247.com.ar\\\/#\\\/schema\\\/logo\\\/image\\\/\"},\"sameAs\":[\"https:\\\/\\\/www.facebook.com\\\/InfoPBA\"]},{\"@type\":\"Person\",\"@id\":\"https:\\\/\\\/infopba247.com.ar\\\/#\\\/schema\\\/person\\\/4975f1343a413e57bf839b3eed0099f2\",\"name\":\"Editor\",\"image\":{\"@type\":\"ImageObject\",\"inLanguage\":\"es\",\"@id\":\"https:\\\/\\\/secure.gravatar.com\\\/avatar\\\/d27fe9520667ca53441d36627a1d6b0fa4a813571ec4803687a7a3a7744685ac?s=96&d=mm&r=g\",\"url\":\"https:\\\/\\\/secure.gravatar.com\\\/avatar\\\/d27fe9520667ca53441d36627a1d6b0fa4a813571ec4803687a7a3a7744685ac?s=96&d=mm&r=g\",\"contentUrl\":\"https:\\\/\\\/secure.gravatar.com\\\/avatar\\\/d27fe9520667ca53441d36627a1d6b0fa4a813571ec4803687a7a3a7744685ac?s=96&d=mm&r=g\",\"caption\":\"Editor\"},\"url\":\"https:\\\/\\\/infopba247.com.ar\\\/index.php\\\/author\\\/editor\\\/\"}]}<\/script>\n<!-- \/ Yoast SEO plugin. -->","yoast_head_json":{"title":"En Villa Gesell, Katopodis recorri\u00f3 obras con inversi\u00f3n provincial junto al intendente, Gustavo Barrera - InfoPBA247","robots":{"index":"index","follow":"follow","max-snippet":"max-snippet:-1","max-image-preview":"max-image-preview:large","max-video-preview":"max-video-preview:-1"},"canonical":"https:\/\/infopba247.com.ar\/index.php\/2024\/07\/25\/en-villa-gesell-katopodis-recorrio-obras-con-inversion-provincial-junto-al-intendente-gustavo-barrera\/","og_locale":"es_ES","og_type":"article","og_title":"En Villa Gesell, Katopodis recorri\u00f3 obras con inversi\u00f3n provincial junto al intendente, Gustavo Barrera - InfoPBA247","og_description":"El ministro de Infraestructura y Servicios P\u00fablicos, Gabriel Katopodis, junto al intendente de Villa Gesell, Gustavo Barrera, recorrieron obras de","og_url":"https:\/\/infopba247.com.ar\/index.php\/2024\/07\/25\/en-villa-gesell-katopodis-recorrio-obras-con-inversion-provincial-junto-al-intendente-gustavo-barrera\/","og_site_name":"InfoPBA247","article_publisher":"https:\/\/www.facebook.com\/InfoPBA","article_published_time":"2024-07-25T14:28:46+00:00","article_modified_time":"2024-07-25T14:28:47+00:00","og_image":[{"width":700,"height":467,"url":"https:\/\/infopba247.com.ar\/wp-content\/uploads\/2024\/07\/image-2.png","type":"image\/png"}],"author":"Editor","twitter_card":"summary_large_image","twitter_misc":{"Escrito por":"Editor","Tiempo de lectura":"2 minutos"},"schema":{"@context":"https:\/\/schema.org","@graph":[{"@type":"Article","@id":"https:\/\/infopba247.com.ar\/index.php\/2024\/07\/25\/en-villa-gesell-katopodis-recorrio-obras-con-inversion-provincial-junto-al-intendente-gustavo-barrera\/#article","isPartOf":{"@id":"https:\/\/infopba247.com.ar\/index.php\/2024\/07\/25\/en-villa-gesell-katopodis-recorrio-obras-con-inversion-provincial-junto-al-intendente-gustavo-barrera\/"},"author":{"name":"Editor","@id":"https:\/\/infopba247.com.ar\/#\/schema\/person\/4975f1343a413e57bf839b3eed0099f2"},"headline":"En Villa Gesell, Katopodis recorri\u00f3 obras con inversi\u00f3n provincial junto al intendente, Gustavo Barrera","datePublished":"2024-07-25T14:28:46+00:00","dateModified":"2024-07-25T14:28:47+00:00","mainEntityOfPage":{"@id":"https:\/\/infopba247.com.ar\/index.php\/2024\/07\/25\/en-villa-gesell-katopodis-recorrio-obras-con-inversion-provincial-junto-al-intendente-gustavo-barrera\/"},"wordCount":399,"commentCount":0,"publisher":{"@id":"https:\/\/infopba247.com.ar\/#organization"},"image":{"@id":"https:\/\/infopba247.com.ar\/index.php\/2024\/07\/25\/en-villa-gesell-katopodis-recorrio-obras-con-inversion-provincial-junto-al-intendente-gustavo-barrera\/#primaryimage"},"thumbnailUrl":"https:\/\/infopba247.com.ar\/wp-content\/uploads\/2024\/07\/image-2.png","articleSection":["5ta Secci\u00f3n","Destacadas","Pol\u00edtica"],"inLanguage":"es","potentialAction":[{"@type":"CommentAction","name":"Comment","target":["https:\/\/infopba247.com.ar\/index.php\/2024\/07\/25\/en-villa-gesell-katopodis-recorrio-obras-con-inversion-provincial-junto-al-intendente-gustavo-barrera\/#respond"]}]},{"@type":"WebPage","@id":"https:\/\/infopba247.com.ar\/index.php\/2024\/07\/25\/en-villa-gesell-katopodis-recorrio-obras-con-inversion-provincial-junto-al-intendente-gustavo-barrera\/","url":"https:\/\/infopba247.com.ar\/index.php\/2024\/07\/25\/en-villa-gesell-katopodis-recorrio-obras-con-inversion-provincial-junto-al-intendente-gustavo-barrera\/","name":"En Villa Gesell, Katopodis recorri\u00f3 obras con inversi\u00f3n provincial junto al intendente, Gustavo Barrera - InfoPBA247","isPartOf":{"@id":"https:\/\/infopba247.com.ar\/#website"},"primaryImageOfPage":{"@id":"https:\/\/infopba247.com.ar\/index.php\/2024\/07\/25\/en-villa-gesell-katopodis-recorrio-obras-con-inversion-provincial-junto-al-intendente-gustavo-barrera\/#primaryimage"},"image":{"@id":"https:\/\/infopba247.com.ar\/index.php\/2024\/07\/25\/en-villa-gesell-katopodis-recorrio-obras-con-inversion-provincial-junto-al-intendente-gustavo-barrera\/#primaryimage"},"thumbnailUrl":"https:\/\/infopba247.com.ar\/wp-content\/uploads\/2024\/07\/image-2.png","datePublished":"2024-07-25T14:28:46+00:00","dateModified":"2024-07-25T14:28:47+00:00","breadcrumb":{"@id":"https:\/\/infopba247.com.ar\/index.php\/2024\/07\/25\/en-villa-gesell-katopodis-recorrio-obras-con-inversion-provincial-junto-al-intendente-gustavo-barrera\/#breadcrumb"},"inLanguage":"es","potentialAction":[{"@type":"ReadAction","target":["https:\/\/infopba247.com.ar\/index.php\/2024\/07\/25\/en-villa-gesell-katopodis-recorrio-obras-con-inversion-provincial-junto-al-intendente-gustavo-barrera\/"]}]},{"@type":"ImageObject","inLanguage":"es","@id":"https:\/\/infopba247.com.ar\/index.php\/2024\/07\/25\/en-villa-gesell-katopodis-recorrio-obras-con-inversion-provincial-junto-al-intendente-gustavo-barrera\/#primaryimage","url":"https:\/\/infopba247.com.ar\/wp-content\/uploads\/2024\/07\/image-2.png","contentUrl":"https:\/\/infopba247.com.ar\/wp-content\/uploads\/2024\/07\/image-2.png","width":700,"height":467},{"@type":"BreadcrumbList","@id":"https:\/\/infopba247.com.ar\/index.php\/2024\/07\/25\/en-villa-gesell-katopodis-recorrio-obras-con-inversion-provincial-junto-al-intendente-gustavo-barrera\/#breadcrumb","itemListElement":[{"@type":"ListItem","position":1,"name":"Portada","item":"https:\/\/infopba247.com.ar\/"},{"@type":"ListItem","position":2,"name":"En Villa Gesell, Katopodis recorri\u00f3 obras con inversi\u00f3n provincial junto al intendente, Gustavo Barrera"}]},{"@type":"WebSite","@id":"https:\/\/infopba247.com.ar\/#website","url":"https:\/\/infopba247.com.ar\/","name":"InfoPBA247","description":"Toda la actualidad bonaerense","publisher":{"@id":"https:\/\/infopba247.com.ar\/#organization"},"potentialAction":[{"@type":"SearchAction","target":{"@type":"EntryPoint","urlTemplate":"https:\/\/infopba247.com.ar\/?s={search_term_string}"},"query-input":{"@type":"PropertyValueSpecification","valueRequired":true,"valueName":"search_term_string"}}],"inLanguage":"es"},{"@type":"Organization","@id":"https:\/\/infopba247.com.ar\/#organization","name":"InfoPBA247","url":"https:\/\/infopba247.com.ar\/","logo":{"@type":"ImageObject","inLanguage":"es","@id":"https:\/\/infopba247.com.ar\/#\/schema\/logo\/image\/","url":"https:\/\/infopba247.com.ar\/wp-content\/uploads\/2022\/03\/cropped-InfoPBA247-1.png","contentUrl":"https:\/\/infopba247.com.ar\/wp-content\/uploads\/2022\/03\/cropped-InfoPBA247-1.png","width":500,"height":122,"caption":"InfoPBA247"},"image":{"@id":"https:\/\/infopba247.com.ar\/#\/schema\/logo\/image\/"},"sameAs":["https:\/\/www.facebook.com\/InfoPBA"]},{"@type":"Person","@id":"https:\/\/infopba247.com.ar\/#\/schema\/person\/4975f1343a413e57bf839b3eed0099f2","name":"Editor","image":{"@type":"ImageObject","inLanguage":"es","@id":"https:\/\/secure.gravatar.com\/avatar\/d27fe9520667ca53441d36627a1d6b0fa4a813571ec4803687a7a3a7744685ac?s=96&d=mm&r=g","url":"https:\/\/secure.gravatar.com\/avatar\/d27fe9520667ca53441d36627a1d6b0fa4a813571ec4803687a7a3a7744685ac?s=96&d=mm&r=g","contentUrl":"https:\/\/secure.gravatar.com\/avatar\/d27fe9520667ca53441d36627a1d6b0fa4a813571ec4803687a7a3a7744685ac?s=96&d=mm&r=g","caption":"Editor"},"url":"https:\/\/infopba247.com.ar\/index.php\/author\/editor\/"}]}},"_links":{"self":[{"href":"https:\/\/infopba247.com.ar\/index.php\/wp-json\/wp\/v2\/posts\/4654","targetHints":{"allow":["GET"]}}],"collection":[{"href":"https:\/\/infopba247.com.ar\/index.php\/wp-json\/wp\/v2\/posts"}],"about":[{"href":"https:\/\/infopba247.com.ar\/index.php\/wp-json\/wp\/v2\/types\/post"}],"author":[{"embeddable":true,"href":"https:\/\/infopba247.com.ar\/index.php\/wp-json\/wp\/v2\/users\/3"}],"replies":[{"embeddable":true,"href":"https:\/\/infopba247.com.ar\/index.php\/wp-json\/wp\/v2\/comments?post=4654"}],"version-history":[{"count":1,"href":"https:\/\/infopba247.com.ar\/index.php\/wp-json\/wp\/v2\/posts\/4654\/revisions"}],"predecessor-version":[{"id":4659,"href":"https:\/\/infopba247.com.ar\/index.php\/wp-json\/wp\/v2\/posts\/4654\/revisions\/4659"}],"wp:featuredmedia":[{"embeddable":true,"href":"https:\/\/infopba247.com.ar\/index.php\/wp-json\/wp\/v2\/media\/4657"}],"wp:attachment":[{"href":"https:\/\/infopba247.com.ar\/index.php\/wp-json\/wp\/v2\/media?parent=4654"}],"wp:term":[{"taxonomy":"category","embeddable":true,"href":"https:\/\/infopba247.com.ar\/index.php\/wp-json\/wp\/v2\/categories?post=4654"},{"taxonomy":"post_tag","embeddable":true,"href":"https:\/\/infopba247.com.ar\/index.php\/wp-json\/wp\/v2\/tags?post=4654"}],"curies":[{"name":"wp","href":"https:\/\/api.w.org\/{rel}","templated":true}]}}