{"id":4652,"date":"2024-07-24T11:47:49","date_gmt":"2024-07-24T14:47:49","guid":{"rendered":"https:\/\/infopba247.com.ar\/?p=4652"},"modified":"2024-07-24T11:47:50","modified_gmt":"2024-07-24T14:47:50","slug":"continua-la-obra-de-la-av-ruben-dario-en-la-reja","status":"publish","type":"post","link":"https:\/\/infopba247.com.ar\/index.php\/2024\/07\/24\/continua-la-obra-de-la-av-ruben-dario-en-la-reja\/","title":{"rendered":"Contin\u00faa la obra de la Av. Rub\u00e9n Dar\u00edo en La Reja"},"content":{"rendered":"\n<p>El Municipio avanza con la \u00faltima etapa de la obra de renovaci\u00f3n integral de la Avenida Rub\u00e9n Dar\u00edo, una de las arterias de tr\u00e1nsito principales de la localidad de La Reja.<\/p>\n\n\n\n<p>Esta iniciativa contempla mejoras desde la calle Miero hasta la Avenida Argentinidad, donde se llev\u00f3 adelante una serie de trabajos como: la pavimentaci\u00f3n de hormig\u00f3n simple, nuevos cordones, demarcaciones viales, y obras hidr\u00e1ulicas, como la construcci\u00f3n de sumideros y desag\u00fces pluviales, que funcionan como evacuadores de excedentes h\u00eddricos y mejoran el acceso evitando inundaciones futuras.<\/p>\n\n\n\n<p>La tercera y \u00faltima etapa de ejecuci\u00f3n en la que se encuentra la obra comprende 800 metros de hormig\u00f3n, que van desde la calle Santa Mar\u00eda de Oro hasta la Avenida Argentinidad. De esta manera, se completa un total de 21 cuadras de hormig\u00f3n, con cordones, demarcaciones y desag\u00fces correspondientes.<\/p>\n\n\n\n<p>La realizaci\u00f3n de la obra inici\u00f3 en 2022, de manera articulada entre el Ministerio de Obras P\u00fablicas de la Naci\u00f3n y el Municipio de Moreno. Donde, durante la primera etapa, se construy\u00f3 desde la calle Miero hasta Pilcomayo completando un tramo de 600 metros lo cual permiti\u00f3 restablecer la circulaci\u00f3n y reanudar el recorrido original de la l\u00ednea 26 del transporte p\u00fablico.<\/p>\n\n\n\n<p>Al comenzar la segunda etapa, el Ministerio de Obras Publicas de la Naci\u00f3n decidi\u00f3 abandonar la obra con solamente un 35 % de la misma realizada.<\/p>\n\n\n\n<p>Al darse esta situaci\u00f3n, en diciembre de 2023, el Municipio, mediante la gesti\u00f3n de la intendenta Mariel Fern\u00e1ndez tom\u00f3 la decisi\u00f3n de completar el porcentaje restante para la concreci\u00f3n de esta obra.&nbsp; De esta manera, el gobierno local avanz\u00f3 con la segunda etapa, donde se complet\u00f3 el tramo de 700 metros, desde la calle Pilcomayo hasta Santa Mar\u00eda de Oro.<\/p>\n\n\n\n<p>De este modo, se garantiza una mejor calidad de vida para m\u00e1s de 40.000 vecinas&nbsp; y vecinos de la zona, con calles de conexi\u00f3n accesible y segura.<\/p>\n","protected":false},"excerpt":{"rendered":"<p>El Municipio avanza con la \u00faltima etapa de la obra de renovaci\u00f3n integral de la Avenida Rub\u00e9n Dar\u00edo, una de<\/p>\n","protected":false},"author":3,"featured_media":4645,"comment_status":"open","ping_status":"open","sticky":false,"template":"","format":"standard","meta":{"colormag_page_container_layout":"default_layout","colormag_page_sidebar_layout":"default_layout","footnotes":""},"categories":[5,1,14],"tags":[],"class_list":["post-4652","post","type-post","status-publish","format-standard","has-post-thumbnail","hentry","category-1ra-seccion","category-destacadas","category-politica"],"yoast_head":"<!-- This site is optimized with the Yoast SEO plugin v27.5 - https:\/\/yoast.com\/product\/yoast-seo-wordpress\/ -->\n<title>Contin\u00faa la obra de la Av. Rub\u00e9n Dar\u00edo en La Reja - InfoPBA247<\/title>\n<meta name=\"robots\" content=\"index, follow, max-snippet:-1, max-image-preview:large, max-video-preview:-1\" \/>\n<link rel=\"canonical\" href=\"https:\/\/infopba247.com.ar\/index.php\/2024\/07\/24\/continua-la-obra-de-la-av-ruben-dario-en-la-reja\/\" \/>\n<meta property=\"og:locale\" content=\"es_ES\" \/>\n<meta property=\"og:type\" content=\"article\" \/>\n<meta property=\"og:title\" content=\"Contin\u00faa la obra de la Av. Rub\u00e9n Dar\u00edo en La Reja - InfoPBA247\" \/>\n<meta property=\"og:description\" content=\"El Municipio avanza con la \u00faltima etapa de la obra de renovaci\u00f3n integral de la Avenida Rub\u00e9n Dar\u00edo, una de\" \/>\n<meta property=\"og:url\" content=\"https:\/\/infopba247.com.ar\/index.php\/2024\/07\/24\/continua-la-obra-de-la-av-ruben-dario-en-la-reja\/\" \/>\n<meta property=\"og:site_name\" content=\"InfoPBA247\" \/>\n<meta property=\"article:publisher\" content=\"https:\/\/www.facebook.com\/InfoPBA\" \/>\n<meta property=\"article:published_time\" content=\"2024-07-24T14:47:49+00:00\" \/>\n<meta property=\"article:modified_time\" content=\"2024-07-24T14:47:50+00:00\" \/>\n<meta property=\"og:image\" content=\"https:\/\/infopba247.com.ar\/wp-content\/uploads\/2024\/07\/OBRA-RUBEN-DARIO.ULTIMA-ETAPA-5-scaled.jpg\" \/>\n\t<meta property=\"og:image:width\" content=\"2560\" \/>\n\t<meta property=\"og:image:height\" content=\"1707\" \/>\n\t<meta property=\"og:image:type\" content=\"image\/jpeg\" \/>\n<meta name=\"author\" content=\"Editor\" \/>\n<meta name=\"twitter:card\" content=\"summary_large_image\" \/>\n<meta name=\"twitter:label1\" content=\"Escrito por\" \/>\n\t<meta name=\"twitter:data1\" content=\"Editor\" \/>\n\t<meta name=\"twitter:label2\" content=\"Tiempo de lectura\" \/>\n\t<meta name=\"twitter:data2\" content=\"2 minutos\" \/>\n<script type=\"application\/ld+json\" class=\"yoast-schema-graph\">{\"@context\":\"https:\\\/\\\/schema.org\",\"@graph\":[{\"@type\":\"Article\",\"@id\":\"https:\\\/\\\/infopba247.com.ar\\\/index.php\\\/2024\\\/07\\\/24\\\/continua-la-obra-de-la-av-ruben-dario-en-la-reja\\\/#article\",\"isPartOf\":{\"@id\":\"https:\\\/\\\/infopba247.com.ar\\\/index.php\\\/2024\\\/07\\\/24\\\/continua-la-obra-de-la-av-ruben-dario-en-la-reja\\\/\"},\"author\":{\"name\":\"Editor\",\"@id\":\"https:\\\/\\\/infopba247.com.ar\\\/#\\\/schema\\\/person\\\/4975f1343a413e57bf839b3eed0099f2\"},\"headline\":\"Contin\u00faa la obra de la Av. Rub\u00e9n Dar\u00edo en La Reja\",\"datePublished\":\"2024-07-24T14:47:49+00:00\",\"dateModified\":\"2024-07-24T14:47:50+00:00\",\"mainEntityOfPage\":{\"@id\":\"https:\\\/\\\/infopba247.com.ar\\\/index.php\\\/2024\\\/07\\\/24\\\/continua-la-obra-de-la-av-ruben-dario-en-la-reja\\\/\"},\"wordCount\":347,\"commentCount\":0,\"publisher\":{\"@id\":\"https:\\\/\\\/infopba247.com.ar\\\/#organization\"},\"image\":{\"@id\":\"https:\\\/\\\/infopba247.com.ar\\\/index.php\\\/2024\\\/07\\\/24\\\/continua-la-obra-de-la-av-ruben-dario-en-la-reja\\\/#primaryimage\"},\"thumbnailUrl\":\"https:\\\/\\\/infopba247.com.ar\\\/wp-content\\\/uploads\\\/2024\\\/07\\\/OBRA-RUBEN-DARIO.ULTIMA-ETAPA-5-scaled.jpg\",\"articleSection\":[\"1ra Secci\u00f3n\",\"Destacadas\",\"Pol\u00edtica\"],\"inLanguage\":\"es\",\"potentialAction\":[{\"@type\":\"CommentAction\",\"name\":\"Comment\",\"target\":[\"https:\\\/\\\/infopba247.com.ar\\\/index.php\\\/2024\\\/07\\\/24\\\/continua-la-obra-de-la-av-ruben-dario-en-la-reja\\\/#respond\"]}]},{\"@type\":\"WebPage\",\"@id\":\"https:\\\/\\\/infopba247.com.ar\\\/index.php\\\/2024\\\/07\\\/24\\\/continua-la-obra-de-la-av-ruben-dario-en-la-reja\\\/\",\"url\":\"https:\\\/\\\/infopba247.com.ar\\\/index.php\\\/2024\\\/07\\\/24\\\/continua-la-obra-de-la-av-ruben-dario-en-la-reja\\\/\",\"name\":\"Contin\u00faa la obra de la Av. Rub\u00e9n Dar\u00edo en La Reja - InfoPBA247\",\"isPartOf\":{\"@id\":\"https:\\\/\\\/infopba247.com.ar\\\/#website\"},\"primaryImageOfPage\":{\"@id\":\"https:\\\/\\\/infopba247.com.ar\\\/index.php\\\/2024\\\/07\\\/24\\\/continua-la-obra-de-la-av-ruben-dario-en-la-reja\\\/#primaryimage\"},\"image\":{\"@id\":\"https:\\\/\\\/infopba247.com.ar\\\/index.php\\\/2024\\\/07\\\/24\\\/continua-la-obra-de-la-av-ruben-dario-en-la-reja\\\/#primaryimage\"},\"thumbnailUrl\":\"https:\\\/\\\/infopba247.com.ar\\\/wp-content\\\/uploads\\\/2024\\\/07\\\/OBRA-RUBEN-DARIO.ULTIMA-ETAPA-5-scaled.jpg\",\"datePublished\":\"2024-07-24T14:47:49+00:00\",\"dateModified\":\"2024-07-24T14:47:50+00:00\",\"breadcrumb\":{\"@id\":\"https:\\\/\\\/infopba247.com.ar\\\/index.php\\\/2024\\\/07\\\/24\\\/continua-la-obra-de-la-av-ruben-dario-en-la-reja\\\/#breadcrumb\"},\"inLanguage\":\"es\",\"potentialAction\":[{\"@type\":\"ReadAction\",\"target\":[\"https:\\\/\\\/infopba247.com.ar\\\/index.php\\\/2024\\\/07\\\/24\\\/continua-la-obra-de-la-av-ruben-dario-en-la-reja\\\/\"]}]},{\"@type\":\"ImageObject\",\"inLanguage\":\"es\",\"@id\":\"https:\\\/\\\/infopba247.com.ar\\\/index.php\\\/2024\\\/07\\\/24\\\/continua-la-obra-de-la-av-ruben-dario-en-la-reja\\\/#primaryimage\",\"url\":\"https:\\\/\\\/infopba247.com.ar\\\/wp-content\\\/uploads\\\/2024\\\/07\\\/OBRA-RUBEN-DARIO.ULTIMA-ETAPA-5-scaled.jpg\",\"contentUrl\":\"https:\\\/\\\/infopba247.com.ar\\\/wp-content\\\/uploads\\\/2024\\\/07\\\/OBRA-RUBEN-DARIO.ULTIMA-ETAPA-5-scaled.jpg\",\"width\":2560,\"height\":1707},{\"@type\":\"BreadcrumbList\",\"@id\":\"https:\\\/\\\/infopba247.com.ar\\\/index.php\\\/2024\\\/07\\\/24\\\/continua-la-obra-de-la-av-ruben-dario-en-la-reja\\\/#breadcrumb\",\"itemListElement\":[{\"@type\":\"ListItem\",\"position\":1,\"name\":\"Portada\",\"item\":\"https:\\\/\\\/infopba247.com.ar\\\/\"},{\"@type\":\"ListItem\",\"position\":2,\"name\":\"Contin\u00faa la obra de la Av. Rub\u00e9n Dar\u00edo en La Reja\"}]},{\"@type\":\"WebSite\",\"@id\":\"https:\\\/\\\/infopba247.com.ar\\\/#website\",\"url\":\"https:\\\/\\\/infopba247.com.ar\\\/\",\"name\":\"InfoPBA247\",\"description\":\"Toda la actualidad bonaerense\",\"publisher\":{\"@id\":\"https:\\\/\\\/infopba247.com.ar\\\/#organization\"},\"potentialAction\":[{\"@type\":\"SearchAction\",\"target\":{\"@type\":\"EntryPoint\",\"urlTemplate\":\"https:\\\/\\\/infopba247.com.ar\\\/?s={search_term_string}\"},\"query-input\":{\"@type\":\"PropertyValueSpecification\",\"valueRequired\":true,\"valueName\":\"search_term_string\"}}],\"inLanguage\":\"es\"},{\"@type\":\"Organization\",\"@id\":\"https:\\\/\\\/infopba247.com.ar\\\/#organization\",\"name\":\"InfoPBA247\",\"url\":\"https:\\\/\\\/infopba247.com.ar\\\/\",\"logo\":{\"@type\":\"ImageObject\",\"inLanguage\":\"es\",\"@id\":\"https:\\\/\\\/infopba247.com.ar\\\/#\\\/schema\\\/logo\\\/image\\\/\",\"url\":\"https:\\\/\\\/infopba247.com.ar\\\/wp-content\\\/uploads\\\/2022\\\/03\\\/cropped-InfoPBA247-1.png\",\"contentUrl\":\"https:\\\/\\\/infopba247.com.ar\\\/wp-content\\\/uploads\\\/2022\\\/03\\\/cropped-InfoPBA247-1.png\",\"width\":500,\"height\":122,\"caption\":\"InfoPBA247\"},\"image\":{\"@id\":\"https:\\\/\\\/infopba247.com.ar\\\/#\\\/schema\\\/logo\\\/image\\\/\"},\"sameAs\":[\"https:\\\/\\\/www.facebook.com\\\/InfoPBA\"]},{\"@type\":\"Person\",\"@id\":\"https:\\\/\\\/infopba247.com.ar\\\/#\\\/schema\\\/person\\\/4975f1343a413e57bf839b3eed0099f2\",\"name\":\"Editor\",\"image\":{\"@type\":\"ImageObject\",\"inLanguage\":\"es\",\"@id\":\"https:\\\/\\\/secure.gravatar.com\\\/avatar\\\/d27fe9520667ca53441d36627a1d6b0fa4a813571ec4803687a7a3a7744685ac?s=96&d=mm&r=g\",\"url\":\"https:\\\/\\\/secure.gravatar.com\\\/avatar\\\/d27fe9520667ca53441d36627a1d6b0fa4a813571ec4803687a7a3a7744685ac?s=96&d=mm&r=g\",\"contentUrl\":\"https:\\\/\\\/secure.gravatar.com\\\/avatar\\\/d27fe9520667ca53441d36627a1d6b0fa4a813571ec4803687a7a3a7744685ac?s=96&d=mm&r=g\",\"caption\":\"Editor\"},\"url\":\"https:\\\/\\\/infopba247.com.ar\\\/index.php\\\/author\\\/editor\\\/\"}]}<\/script>\n<!-- \/ Yoast SEO plugin. -->","yoast_head_json":{"title":"Contin\u00faa la obra de la Av. Rub\u00e9n Dar\u00edo en La Reja - InfoPBA247","robots":{"index":"index","follow":"follow","max-snippet":"max-snippet:-1","max-image-preview":"max-image-preview:large","max-video-preview":"max-video-preview:-1"},"canonical":"https:\/\/infopba247.com.ar\/index.php\/2024\/07\/24\/continua-la-obra-de-la-av-ruben-dario-en-la-reja\/","og_locale":"es_ES","og_type":"article","og_title":"Contin\u00faa la obra de la Av. Rub\u00e9n Dar\u00edo en La Reja - InfoPBA247","og_description":"El Municipio avanza con la \u00faltima etapa de la obra de renovaci\u00f3n integral de la Avenida Rub\u00e9n Dar\u00edo, una de","og_url":"https:\/\/infopba247.com.ar\/index.php\/2024\/07\/24\/continua-la-obra-de-la-av-ruben-dario-en-la-reja\/","og_site_name":"InfoPBA247","article_publisher":"https:\/\/www.facebook.com\/InfoPBA","article_published_time":"2024-07-24T14:47:49+00:00","article_modified_time":"2024-07-24T14:47:50+00:00","og_image":[{"width":2560,"height":1707,"url":"https:\/\/infopba247.com.ar\/wp-content\/uploads\/2024\/07\/OBRA-RUBEN-DARIO.ULTIMA-ETAPA-5-scaled.jpg","type":"image\/jpeg"}],"author":"Editor","twitter_card":"summary_large_image","twitter_misc":{"Escrito por":"Editor","Tiempo de lectura":"2 minutos"},"schema":{"@context":"https:\/\/schema.org","@graph":[{"@type":"Article","@id":"https:\/\/infopba247.com.ar\/index.php\/2024\/07\/24\/continua-la-obra-de-la-av-ruben-dario-en-la-reja\/#article","isPartOf":{"@id":"https:\/\/infopba247.com.ar\/index.php\/2024\/07\/24\/continua-la-obra-de-la-av-ruben-dario-en-la-reja\/"},"author":{"name":"Editor","@id":"https:\/\/infopba247.com.ar\/#\/schema\/person\/4975f1343a413e57bf839b3eed0099f2"},"headline":"Contin\u00faa la obra de la Av. Rub\u00e9n Dar\u00edo en La Reja","datePublished":"2024-07-24T14:47:49+00:00","dateModified":"2024-07-24T14:47:50+00:00","mainEntityOfPage":{"@id":"https:\/\/infopba247.com.ar\/index.php\/2024\/07\/24\/continua-la-obra-de-la-av-ruben-dario-en-la-reja\/"},"wordCount":347,"commentCount":0,"publisher":{"@id":"https:\/\/infopba247.com.ar\/#organization"},"image":{"@id":"https:\/\/infopba247.com.ar\/index.php\/2024\/07\/24\/continua-la-obra-de-la-av-ruben-dario-en-la-reja\/#primaryimage"},"thumbnailUrl":"https:\/\/infopba247.com.ar\/wp-content\/uploads\/2024\/07\/OBRA-RUBEN-DARIO.ULTIMA-ETAPA-5-scaled.jpg","articleSection":["1ra Secci\u00f3n","Destacadas","Pol\u00edtica"],"inLanguage":"es","potentialAction":[{"@type":"CommentAction","name":"Comment","target":["https:\/\/infopba247.com.ar\/index.php\/2024\/07\/24\/continua-la-obra-de-la-av-ruben-dario-en-la-reja\/#respond"]}]},{"@type":"WebPage","@id":"https:\/\/infopba247.com.ar\/index.php\/2024\/07\/24\/continua-la-obra-de-la-av-ruben-dario-en-la-reja\/","url":"https:\/\/infopba247.com.ar\/index.php\/2024\/07\/24\/continua-la-obra-de-la-av-ruben-dario-en-la-reja\/","name":"Contin\u00faa la obra de la Av. Rub\u00e9n Dar\u00edo en La Reja - InfoPBA247","isPartOf":{"@id":"https:\/\/infopba247.com.ar\/#website"},"primaryImageOfPage":{"@id":"https:\/\/infopba247.com.ar\/index.php\/2024\/07\/24\/continua-la-obra-de-la-av-ruben-dario-en-la-reja\/#primaryimage"},"image":{"@id":"https:\/\/infopba247.com.ar\/index.php\/2024\/07\/24\/continua-la-obra-de-la-av-ruben-dario-en-la-reja\/#primaryimage"},"thumbnailUrl":"https:\/\/infopba247.com.ar\/wp-content\/uploads\/2024\/07\/OBRA-RUBEN-DARIO.ULTIMA-ETAPA-5-scaled.jpg","datePublished":"2024-07-24T14:47:49+00:00","dateModified":"2024-07-24T14:47:50+00:00","breadcrumb":{"@id":"https:\/\/infopba247.com.ar\/index.php\/2024\/07\/24\/continua-la-obra-de-la-av-ruben-dario-en-la-reja\/#breadcrumb"},"inLanguage":"es","potentialAction":[{"@type":"ReadAction","target":["https:\/\/infopba247.com.ar\/index.php\/2024\/07\/24\/continua-la-obra-de-la-av-ruben-dario-en-la-reja\/"]}]},{"@type":"ImageObject","inLanguage":"es","@id":"https:\/\/infopba247.com.ar\/index.php\/2024\/07\/24\/continua-la-obra-de-la-av-ruben-dario-en-la-reja\/#primaryimage","url":"https:\/\/infopba247.com.ar\/wp-content\/uploads\/2024\/07\/OBRA-RUBEN-DARIO.ULTIMA-ETAPA-5-scaled.jpg","contentUrl":"https:\/\/infopba247.com.ar\/wp-content\/uploads\/2024\/07\/OBRA-RUBEN-DARIO.ULTIMA-ETAPA-5-scaled.jpg","width":2560,"height":1707},{"@type":"BreadcrumbList","@id":"https:\/\/infopba247.com.ar\/index.php\/2024\/07\/24\/continua-la-obra-de-la-av-ruben-dario-en-la-reja\/#breadcrumb","itemListElement":[{"@type":"ListItem","position":1,"name":"Portada","item":"https:\/\/infopba247.com.ar\/"},{"@type":"ListItem","position":2,"name":"Contin\u00faa la obra de la Av. Rub\u00e9n Dar\u00edo en La Reja"}]},{"@type":"WebSite","@id":"https:\/\/infopba247.com.ar\/#website","url":"https:\/\/infopba247.com.ar\/","name":"InfoPBA247","description":"Toda la actualidad bonaerense","publisher":{"@id":"https:\/\/infopba247.com.ar\/#organization"},"potentialAction":[{"@type":"SearchAction","target":{"@type":"EntryPoint","urlTemplate":"https:\/\/infopba247.com.ar\/?s={search_term_string}"},"query-input":{"@type":"PropertyValueSpecification","valueRequired":true,"valueName":"search_term_string"}}],"inLanguage":"es"},{"@type":"Organization","@id":"https:\/\/infopba247.com.ar\/#organization","name":"InfoPBA247","url":"https:\/\/infopba247.com.ar\/","logo":{"@type":"ImageObject","inLanguage":"es","@id":"https:\/\/infopba247.com.ar\/#\/schema\/logo\/image\/","url":"https:\/\/infopba247.com.ar\/wp-content\/uploads\/2022\/03\/cropped-InfoPBA247-1.png","contentUrl":"https:\/\/infopba247.com.ar\/wp-content\/uploads\/2022\/03\/cropped-InfoPBA247-1.png","width":500,"height":122,"caption":"InfoPBA247"},"image":{"@id":"https:\/\/infopba247.com.ar\/#\/schema\/logo\/image\/"},"sameAs":["https:\/\/www.facebook.com\/InfoPBA"]},{"@type":"Person","@id":"https:\/\/infopba247.com.ar\/#\/schema\/person\/4975f1343a413e57bf839b3eed0099f2","name":"Editor","image":{"@type":"ImageObject","inLanguage":"es","@id":"https:\/\/secure.gravatar.com\/avatar\/d27fe9520667ca53441d36627a1d6b0fa4a813571ec4803687a7a3a7744685ac?s=96&d=mm&r=g","url":"https:\/\/secure.gravatar.com\/avatar\/d27fe9520667ca53441d36627a1d6b0fa4a813571ec4803687a7a3a7744685ac?s=96&d=mm&r=g","contentUrl":"https:\/\/secure.gravatar.com\/avatar\/d27fe9520667ca53441d36627a1d6b0fa4a813571ec4803687a7a3a7744685ac?s=96&d=mm&r=g","caption":"Editor"},"url":"https:\/\/infopba247.com.ar\/index.php\/author\/editor\/"}]}},"_links":{"self":[{"href":"https:\/\/infopba247.com.ar\/index.php\/wp-json\/wp\/v2\/posts\/4652","targetHints":{"allow":["GET"]}}],"collection":[{"href":"https:\/\/infopba247.com.ar\/index.php\/wp-json\/wp\/v2\/posts"}],"about":[{"href":"https:\/\/infopba247.com.ar\/index.php\/wp-json\/wp\/v2\/types\/post"}],"author":[{"embeddable":true,"href":"https:\/\/infopba247.com.ar\/index.php\/wp-json\/wp\/v2\/users\/3"}],"replies":[{"embeddable":true,"href":"https:\/\/infopba247.com.ar\/index.php\/wp-json\/wp\/v2\/comments?post=4652"}],"version-history":[{"count":1,"href":"https:\/\/infopba247.com.ar\/index.php\/wp-json\/wp\/v2\/posts\/4652\/revisions"}],"predecessor-version":[{"id":4653,"href":"https:\/\/infopba247.com.ar\/index.php\/wp-json\/wp\/v2\/posts\/4652\/revisions\/4653"}],"wp:featuredmedia":[{"embeddable":true,"href":"https:\/\/infopba247.com.ar\/index.php\/wp-json\/wp\/v2\/media\/4645"}],"wp:attachment":[{"href":"https:\/\/infopba247.com.ar\/index.php\/wp-json\/wp\/v2\/media?parent=4652"}],"wp:term":[{"taxonomy":"category","embeddable":true,"href":"https:\/\/infopba247.com.ar\/index.php\/wp-json\/wp\/v2\/categories?post=4652"},{"taxonomy":"post_tag","embeddable":true,"href":"https:\/\/infopba247.com.ar\/index.php\/wp-json\/wp\/v2\/tags?post=4652"}],"curies":[{"name":"wp","href":"https:\/\/api.w.org\/{rel}","templated":true}]}}