{"id":4639,"date":"2024-07-23T12:34:56","date_gmt":"2024-07-23T15:34:56","guid":{"rendered":"https:\/\/infopba247.com.ar\/?p=4639"},"modified":"2024-07-23T12:34:57","modified_gmt":"2024-07-23T15:34:57","slug":"culmino-una-nueva-edicion-de-monte-corre-la-aventura","status":"publish","type":"post","link":"https:\/\/infopba247.com.ar\/index.php\/2024\/07\/23\/culmino-una-nueva-edicion-de-monte-corre-la-aventura\/","title":{"rendered":"Culmin\u00f3 una nueva edici\u00f3n de Monte Corre \u201cLa Aventura\u201d"},"content":{"rendered":"\n<p>En una ma\u00f1ana fresca pero agradable, este domingo 21 de julio se llev\u00f3 una nueva edici\u00f3n de Monte Corre \u201cLa Aventura\u201d de invierno, que cont\u00f3 con la participaci\u00f3n de m\u00e1s de 500 competidores de distintas localidades, en una traves\u00eda por escenarios naturales con largada y llegada en el Paseo del Pinar.<\/p>\n\n\n\n<p>La mayor\u00eda de los ganadores resultaron provenientes de Bah\u00eda Blanca y Tres Arroyos, mientras que Monte Hermoso se qued\u00f3 con 2 podios femeninos: Guadalupe Kristensen obtuvo el 3er puesto en 14K (01:04:08) y Nadia Montiel el 2do puesto en 7K (00:32:29), respectivamente.<\/p>\n\n\n\n<p>Ganadores generales 21k (Masculino)<\/p>\n\n\n\n<p>1\u00b0 C\u00f3risco Manuel (01:16:31) Bah\u00eda Blanca.<\/p>\n\n\n\n<p>2\u00b0 Machado Lucas Emmanuel (01:20:59) Bah\u00eda Blanca.<\/p>\n\n\n\n<p>3\u00b0 Rudolf Braian (01:24.12) Bah\u00eda Blanca.<\/p>\n\n\n\n<p>Ganadores generales 14K (Masculino)<\/p>\n\n\n\n<p>1\u00b0 Barroso Eduardo Miguel (00:56:06) Punta Alta.<\/p>\n\n\n\n<p>2\u00b0 Ruiz Alberto (00:50:47) Bah\u00eda Blanca.<\/p>\n\n\n\n<p>3\u00b0 Arranz Gonzalo (00:51:39) Bah\u00eda Blanca.<\/p>\n\n\n\n<p>Ganadores generales 7K (Masculino)<\/p>\n\n\n\n<p>1\u00b0 Maureli Diego Andr\u00e9s (00:25:54) Tres Arroyos.<\/p>\n\n\n\n<p>2\u00b0 Huerta Nehuen (00:26:10) Bah\u00eda Blanca.<\/p>\n\n\n\n<p>3\u00b0 Campos \u00c1ngel Nicolas (00:27:05) Copetonas<\/p>\n\n\n\n<p>Podio femenino 21k (Femenino)<\/p>\n\n\n\n<p>1\u00b0 Mandrini Erica (01:38:54) Tres Arroyos,<\/p>\n\n\n\n<p>2\u00b0 Vi\u00f1uela Mar\u00eda Victoria (01:42:06) Bah\u00eda Blanca.<\/p>\n\n\n\n<p>3\u00b0 Francani Lorena (01: 43:06) Bah\u00eda Blanca.<\/p>\n\n\n\n<p>4\u00b0 Ciros Erica (01:49:06) Monte Hermoso.<\/p>\n\n\n\n<p>Podio femenino 14k (Femenino)<\/p>\n\n\n\n<p>1\u00b0 L\u00f3pez Morelli Constanza, (01:03:03) Bah\u00eda Blanca.<\/p>\n\n\n\n<p>2\u00b0 Esp\u00edndola Sofia (01:03:52) Tornquist.<\/p>\n\n\n\n<p>3\u00b0 Mar\u00eda Guadalupe, Kristensen (01:04:08). Monte Hermoso.<\/p>\n\n\n\n<p>4\u00b0 Lara Alejandra (01:05:27) Monte Hermoso.<\/p>\n\n\n\n<p>5\u00b0 Posada Selene (01:06:18) Monte Hermoso.<\/p>\n\n\n\n<p>Podio femenino 7K(Femenino)<\/p>\n\n\n\n<p>1\u00b0 Baratteri D\u00e9bora (00:31:06) Tres Arroyos.<\/p>\n\n\n\n<p>2\u00b0 Montiel Nadia (00:32:29) Monte Hermoso.<\/p>\n\n\n\n<p>3\u00b0Arrupe Carolina Fernanda (00:33:09) Tres Arroyos.<\/p>\n","protected":false},"excerpt":{"rendered":"<p>En una ma\u00f1ana fresca pero agradable, este domingo 21 de julio se llev\u00f3 una nueva edici\u00f3n de Monte Corre \u201cLa<\/p>\n","protected":false},"author":3,"featured_media":4640,"comment_status":"open","ping_status":"open","sticky":false,"template":"","format":"standard","meta":{"colormag_page_container_layout":"default_layout","colormag_page_sidebar_layout":"default_layout","footnotes":""},"categories":[10,1,14],"tags":[],"class_list":["post-4639","post","type-post","status-publish","format-standard","has-post-thumbnail","hentry","category-6ta-seccion","category-destacadas","category-politica"],"yoast_head":"<!-- This site is optimized with the Yoast SEO plugin v27.4 - https:\/\/yoast.com\/product\/yoast-seo-wordpress\/ -->\n<title>Culmin\u00f3 una nueva edici\u00f3n de Monte Corre \u201cLa Aventura\u201d - InfoPBA247<\/title>\n<meta name=\"robots\" content=\"index, follow, max-snippet:-1, max-image-preview:large, max-video-preview:-1\" \/>\n<link rel=\"canonical\" href=\"https:\/\/infopba247.com.ar\/index.php\/2024\/07\/23\/culmino-una-nueva-edicion-de-monte-corre-la-aventura\/\" \/>\n<meta property=\"og:locale\" content=\"es_ES\" \/>\n<meta property=\"og:type\" content=\"article\" \/>\n<meta property=\"og:title\" content=\"Culmin\u00f3 una nueva edici\u00f3n de Monte Corre \u201cLa Aventura\u201d - InfoPBA247\" \/>\n<meta property=\"og:description\" content=\"En una ma\u00f1ana fresca pero agradable, este domingo 21 de julio se llev\u00f3 una nueva edici\u00f3n de Monte Corre \u201cLa\" \/>\n<meta property=\"og:url\" content=\"https:\/\/infopba247.com.ar\/index.php\/2024\/07\/23\/culmino-una-nueva-edicion-de-monte-corre-la-aventura\/\" \/>\n<meta property=\"og:site_name\" content=\"InfoPBA247\" \/>\n<meta property=\"article:publisher\" content=\"https:\/\/www.facebook.com\/InfoPBA\" \/>\n<meta property=\"article:published_time\" content=\"2024-07-23T15:34:56+00:00\" \/>\n<meta property=\"article:modified_time\" content=\"2024-07-23T15:34:57+00:00\" \/>\n<meta property=\"og:image\" content=\"https:\/\/infopba247.com.ar\/wp-content\/uploads\/2024\/07\/carrerainvierno-scaled.jpg\" \/>\n\t<meta property=\"og:image:width\" content=\"2560\" \/>\n\t<meta property=\"og:image:height\" content=\"1700\" \/>\n\t<meta property=\"og:image:type\" content=\"image\/jpeg\" \/>\n<meta name=\"author\" content=\"Editor\" \/>\n<meta name=\"twitter:card\" content=\"summary_large_image\" \/>\n<meta name=\"twitter:label1\" content=\"Escrito por\" \/>\n\t<meta name=\"twitter:data1\" content=\"Editor\" \/>\n\t<meta name=\"twitter:label2\" content=\"Tiempo de lectura\" \/>\n\t<meta name=\"twitter:data2\" content=\"2 minutos\" \/>\n<script type=\"application\/ld+json\" class=\"yoast-schema-graph\">{\"@context\":\"https:\\\/\\\/schema.org\",\"@graph\":[{\"@type\":\"Article\",\"@id\":\"https:\\\/\\\/infopba247.com.ar\\\/index.php\\\/2024\\\/07\\\/23\\\/culmino-una-nueva-edicion-de-monte-corre-la-aventura\\\/#article\",\"isPartOf\":{\"@id\":\"https:\\\/\\\/infopba247.com.ar\\\/index.php\\\/2024\\\/07\\\/23\\\/culmino-una-nueva-edicion-de-monte-corre-la-aventura\\\/\"},\"author\":{\"name\":\"Editor\",\"@id\":\"https:\\\/\\\/infopba247.com.ar\\\/#\\\/schema\\\/person\\\/4975f1343a413e57bf839b3eed0099f2\"},\"headline\":\"Culmin\u00f3 una nueva edici\u00f3n de Monte Corre \u201cLa Aventura\u201d\",\"datePublished\":\"2024-07-23T15:34:56+00:00\",\"dateModified\":\"2024-07-23T15:34:57+00:00\",\"mainEntityOfPage\":{\"@id\":\"https:\\\/\\\/infopba247.com.ar\\\/index.php\\\/2024\\\/07\\\/23\\\/culmino-una-nueva-edicion-de-monte-corre-la-aventura\\\/\"},\"wordCount\":236,\"commentCount\":0,\"publisher\":{\"@id\":\"https:\\\/\\\/infopba247.com.ar\\\/#organization\"},\"image\":{\"@id\":\"https:\\\/\\\/infopba247.com.ar\\\/index.php\\\/2024\\\/07\\\/23\\\/culmino-una-nueva-edicion-de-monte-corre-la-aventura\\\/#primaryimage\"},\"thumbnailUrl\":\"https:\\\/\\\/infopba247.com.ar\\\/wp-content\\\/uploads\\\/2024\\\/07\\\/carrerainvierno-scaled.jpg\",\"articleSection\":[\"6ta Secci\u00f3n\",\"Destacadas\",\"Pol\u00edtica\"],\"inLanguage\":\"es\",\"potentialAction\":[{\"@type\":\"CommentAction\",\"name\":\"Comment\",\"target\":[\"https:\\\/\\\/infopba247.com.ar\\\/index.php\\\/2024\\\/07\\\/23\\\/culmino-una-nueva-edicion-de-monte-corre-la-aventura\\\/#respond\"]}]},{\"@type\":\"WebPage\",\"@id\":\"https:\\\/\\\/infopba247.com.ar\\\/index.php\\\/2024\\\/07\\\/23\\\/culmino-una-nueva-edicion-de-monte-corre-la-aventura\\\/\",\"url\":\"https:\\\/\\\/infopba247.com.ar\\\/index.php\\\/2024\\\/07\\\/23\\\/culmino-una-nueva-edicion-de-monte-corre-la-aventura\\\/\",\"name\":\"Culmin\u00f3 una nueva edici\u00f3n de Monte Corre \u201cLa Aventura\u201d - InfoPBA247\",\"isPartOf\":{\"@id\":\"https:\\\/\\\/infopba247.com.ar\\\/#website\"},\"primaryImageOfPage\":{\"@id\":\"https:\\\/\\\/infopba247.com.ar\\\/index.php\\\/2024\\\/07\\\/23\\\/culmino-una-nueva-edicion-de-monte-corre-la-aventura\\\/#primaryimage\"},\"image\":{\"@id\":\"https:\\\/\\\/infopba247.com.ar\\\/index.php\\\/2024\\\/07\\\/23\\\/culmino-una-nueva-edicion-de-monte-corre-la-aventura\\\/#primaryimage\"},\"thumbnailUrl\":\"https:\\\/\\\/infopba247.com.ar\\\/wp-content\\\/uploads\\\/2024\\\/07\\\/carrerainvierno-scaled.jpg\",\"datePublished\":\"2024-07-23T15:34:56+00:00\",\"dateModified\":\"2024-07-23T15:34:57+00:00\",\"breadcrumb\":{\"@id\":\"https:\\\/\\\/infopba247.com.ar\\\/index.php\\\/2024\\\/07\\\/23\\\/culmino-una-nueva-edicion-de-monte-corre-la-aventura\\\/#breadcrumb\"},\"inLanguage\":\"es\",\"potentialAction\":[{\"@type\":\"ReadAction\",\"target\":[\"https:\\\/\\\/infopba247.com.ar\\\/index.php\\\/2024\\\/07\\\/23\\\/culmino-una-nueva-edicion-de-monte-corre-la-aventura\\\/\"]}]},{\"@type\":\"ImageObject\",\"inLanguage\":\"es\",\"@id\":\"https:\\\/\\\/infopba247.com.ar\\\/index.php\\\/2024\\\/07\\\/23\\\/culmino-una-nueva-edicion-de-monte-corre-la-aventura\\\/#primaryimage\",\"url\":\"https:\\\/\\\/infopba247.com.ar\\\/wp-content\\\/uploads\\\/2024\\\/07\\\/carrerainvierno-scaled.jpg\",\"contentUrl\":\"https:\\\/\\\/infopba247.com.ar\\\/wp-content\\\/uploads\\\/2024\\\/07\\\/carrerainvierno-scaled.jpg\",\"width\":2560,\"height\":1700},{\"@type\":\"BreadcrumbList\",\"@id\":\"https:\\\/\\\/infopba247.com.ar\\\/index.php\\\/2024\\\/07\\\/23\\\/culmino-una-nueva-edicion-de-monte-corre-la-aventura\\\/#breadcrumb\",\"itemListElement\":[{\"@type\":\"ListItem\",\"position\":1,\"name\":\"Portada\",\"item\":\"https:\\\/\\\/infopba247.com.ar\\\/\"},{\"@type\":\"ListItem\",\"position\":2,\"name\":\"Culmin\u00f3 una nueva edici\u00f3n de Monte Corre \u201cLa Aventura\u201d\"}]},{\"@type\":\"WebSite\",\"@id\":\"https:\\\/\\\/infopba247.com.ar\\\/#website\",\"url\":\"https:\\\/\\\/infopba247.com.ar\\\/\",\"name\":\"InfoPBA247\",\"description\":\"Toda la actualidad bonaerense\",\"publisher\":{\"@id\":\"https:\\\/\\\/infopba247.com.ar\\\/#organization\"},\"potentialAction\":[{\"@type\":\"SearchAction\",\"target\":{\"@type\":\"EntryPoint\",\"urlTemplate\":\"https:\\\/\\\/infopba247.com.ar\\\/?s={search_term_string}\"},\"query-input\":{\"@type\":\"PropertyValueSpecification\",\"valueRequired\":true,\"valueName\":\"search_term_string\"}}],\"inLanguage\":\"es\"},{\"@type\":\"Organization\",\"@id\":\"https:\\\/\\\/infopba247.com.ar\\\/#organization\",\"name\":\"InfoPBA247\",\"url\":\"https:\\\/\\\/infopba247.com.ar\\\/\",\"logo\":{\"@type\":\"ImageObject\",\"inLanguage\":\"es\",\"@id\":\"https:\\\/\\\/infopba247.com.ar\\\/#\\\/schema\\\/logo\\\/image\\\/\",\"url\":\"https:\\\/\\\/infopba247.com.ar\\\/wp-content\\\/uploads\\\/2022\\\/03\\\/cropped-InfoPBA247-1.png\",\"contentUrl\":\"https:\\\/\\\/infopba247.com.ar\\\/wp-content\\\/uploads\\\/2022\\\/03\\\/cropped-InfoPBA247-1.png\",\"width\":500,\"height\":122,\"caption\":\"InfoPBA247\"},\"image\":{\"@id\":\"https:\\\/\\\/infopba247.com.ar\\\/#\\\/schema\\\/logo\\\/image\\\/\"},\"sameAs\":[\"https:\\\/\\\/www.facebook.com\\\/InfoPBA\"]},{\"@type\":\"Person\",\"@id\":\"https:\\\/\\\/infopba247.com.ar\\\/#\\\/schema\\\/person\\\/4975f1343a413e57bf839b3eed0099f2\",\"name\":\"Editor\",\"image\":{\"@type\":\"ImageObject\",\"inLanguage\":\"es\",\"@id\":\"https:\\\/\\\/secure.gravatar.com\\\/avatar\\\/d27fe9520667ca53441d36627a1d6b0fa4a813571ec4803687a7a3a7744685ac?s=96&d=mm&r=g\",\"url\":\"https:\\\/\\\/secure.gravatar.com\\\/avatar\\\/d27fe9520667ca53441d36627a1d6b0fa4a813571ec4803687a7a3a7744685ac?s=96&d=mm&r=g\",\"contentUrl\":\"https:\\\/\\\/secure.gravatar.com\\\/avatar\\\/d27fe9520667ca53441d36627a1d6b0fa4a813571ec4803687a7a3a7744685ac?s=96&d=mm&r=g\",\"caption\":\"Editor\"},\"url\":\"https:\\\/\\\/infopba247.com.ar\\\/index.php\\\/author\\\/editor\\\/\"}]}<\/script>\n<!-- \/ Yoast SEO plugin. -->","yoast_head_json":{"title":"Culmin\u00f3 una nueva edici\u00f3n de Monte Corre \u201cLa Aventura\u201d - InfoPBA247","robots":{"index":"index","follow":"follow","max-snippet":"max-snippet:-1","max-image-preview":"max-image-preview:large","max-video-preview":"max-video-preview:-1"},"canonical":"https:\/\/infopba247.com.ar\/index.php\/2024\/07\/23\/culmino-una-nueva-edicion-de-monte-corre-la-aventura\/","og_locale":"es_ES","og_type":"article","og_title":"Culmin\u00f3 una nueva edici\u00f3n de Monte Corre \u201cLa Aventura\u201d - InfoPBA247","og_description":"En una ma\u00f1ana fresca pero agradable, este domingo 21 de julio se llev\u00f3 una nueva edici\u00f3n de Monte Corre \u201cLa","og_url":"https:\/\/infopba247.com.ar\/index.php\/2024\/07\/23\/culmino-una-nueva-edicion-de-monte-corre-la-aventura\/","og_site_name":"InfoPBA247","article_publisher":"https:\/\/www.facebook.com\/InfoPBA","article_published_time":"2024-07-23T15:34:56+00:00","article_modified_time":"2024-07-23T15:34:57+00:00","og_image":[{"width":2560,"height":1700,"url":"https:\/\/infopba247.com.ar\/wp-content\/uploads\/2024\/07\/carrerainvierno-scaled.jpg","type":"image\/jpeg"}],"author":"Editor","twitter_card":"summary_large_image","twitter_misc":{"Escrito por":"Editor","Tiempo de lectura":"2 minutos"},"schema":{"@context":"https:\/\/schema.org","@graph":[{"@type":"Article","@id":"https:\/\/infopba247.com.ar\/index.php\/2024\/07\/23\/culmino-una-nueva-edicion-de-monte-corre-la-aventura\/#article","isPartOf":{"@id":"https:\/\/infopba247.com.ar\/index.php\/2024\/07\/23\/culmino-una-nueva-edicion-de-monte-corre-la-aventura\/"},"author":{"name":"Editor","@id":"https:\/\/infopba247.com.ar\/#\/schema\/person\/4975f1343a413e57bf839b3eed0099f2"},"headline":"Culmin\u00f3 una nueva edici\u00f3n de Monte Corre \u201cLa Aventura\u201d","datePublished":"2024-07-23T15:34:56+00:00","dateModified":"2024-07-23T15:34:57+00:00","mainEntityOfPage":{"@id":"https:\/\/infopba247.com.ar\/index.php\/2024\/07\/23\/culmino-una-nueva-edicion-de-monte-corre-la-aventura\/"},"wordCount":236,"commentCount":0,"publisher":{"@id":"https:\/\/infopba247.com.ar\/#organization"},"image":{"@id":"https:\/\/infopba247.com.ar\/index.php\/2024\/07\/23\/culmino-una-nueva-edicion-de-monte-corre-la-aventura\/#primaryimage"},"thumbnailUrl":"https:\/\/infopba247.com.ar\/wp-content\/uploads\/2024\/07\/carrerainvierno-scaled.jpg","articleSection":["6ta Secci\u00f3n","Destacadas","Pol\u00edtica"],"inLanguage":"es","potentialAction":[{"@type":"CommentAction","name":"Comment","target":["https:\/\/infopba247.com.ar\/index.php\/2024\/07\/23\/culmino-una-nueva-edicion-de-monte-corre-la-aventura\/#respond"]}]},{"@type":"WebPage","@id":"https:\/\/infopba247.com.ar\/index.php\/2024\/07\/23\/culmino-una-nueva-edicion-de-monte-corre-la-aventura\/","url":"https:\/\/infopba247.com.ar\/index.php\/2024\/07\/23\/culmino-una-nueva-edicion-de-monte-corre-la-aventura\/","name":"Culmin\u00f3 una nueva edici\u00f3n de Monte Corre \u201cLa Aventura\u201d - InfoPBA247","isPartOf":{"@id":"https:\/\/infopba247.com.ar\/#website"},"primaryImageOfPage":{"@id":"https:\/\/infopba247.com.ar\/index.php\/2024\/07\/23\/culmino-una-nueva-edicion-de-monte-corre-la-aventura\/#primaryimage"},"image":{"@id":"https:\/\/infopba247.com.ar\/index.php\/2024\/07\/23\/culmino-una-nueva-edicion-de-monte-corre-la-aventura\/#primaryimage"},"thumbnailUrl":"https:\/\/infopba247.com.ar\/wp-content\/uploads\/2024\/07\/carrerainvierno-scaled.jpg","datePublished":"2024-07-23T15:34:56+00:00","dateModified":"2024-07-23T15:34:57+00:00","breadcrumb":{"@id":"https:\/\/infopba247.com.ar\/index.php\/2024\/07\/23\/culmino-una-nueva-edicion-de-monte-corre-la-aventura\/#breadcrumb"},"inLanguage":"es","potentialAction":[{"@type":"ReadAction","target":["https:\/\/infopba247.com.ar\/index.php\/2024\/07\/23\/culmino-una-nueva-edicion-de-monte-corre-la-aventura\/"]}]},{"@type":"ImageObject","inLanguage":"es","@id":"https:\/\/infopba247.com.ar\/index.php\/2024\/07\/23\/culmino-una-nueva-edicion-de-monte-corre-la-aventura\/#primaryimage","url":"https:\/\/infopba247.com.ar\/wp-content\/uploads\/2024\/07\/carrerainvierno-scaled.jpg","contentUrl":"https:\/\/infopba247.com.ar\/wp-content\/uploads\/2024\/07\/carrerainvierno-scaled.jpg","width":2560,"height":1700},{"@type":"BreadcrumbList","@id":"https:\/\/infopba247.com.ar\/index.php\/2024\/07\/23\/culmino-una-nueva-edicion-de-monte-corre-la-aventura\/#breadcrumb","itemListElement":[{"@type":"ListItem","position":1,"name":"Portada","item":"https:\/\/infopba247.com.ar\/"},{"@type":"ListItem","position":2,"name":"Culmin\u00f3 una nueva edici\u00f3n de Monte Corre \u201cLa Aventura\u201d"}]},{"@type":"WebSite","@id":"https:\/\/infopba247.com.ar\/#website","url":"https:\/\/infopba247.com.ar\/","name":"InfoPBA247","description":"Toda la actualidad bonaerense","publisher":{"@id":"https:\/\/infopba247.com.ar\/#organization"},"potentialAction":[{"@type":"SearchAction","target":{"@type":"EntryPoint","urlTemplate":"https:\/\/infopba247.com.ar\/?s={search_term_string}"},"query-input":{"@type":"PropertyValueSpecification","valueRequired":true,"valueName":"search_term_string"}}],"inLanguage":"es"},{"@type":"Organization","@id":"https:\/\/infopba247.com.ar\/#organization","name":"InfoPBA247","url":"https:\/\/infopba247.com.ar\/","logo":{"@type":"ImageObject","inLanguage":"es","@id":"https:\/\/infopba247.com.ar\/#\/schema\/logo\/image\/","url":"https:\/\/infopba247.com.ar\/wp-content\/uploads\/2022\/03\/cropped-InfoPBA247-1.png","contentUrl":"https:\/\/infopba247.com.ar\/wp-content\/uploads\/2022\/03\/cropped-InfoPBA247-1.png","width":500,"height":122,"caption":"InfoPBA247"},"image":{"@id":"https:\/\/infopba247.com.ar\/#\/schema\/logo\/image\/"},"sameAs":["https:\/\/www.facebook.com\/InfoPBA"]},{"@type":"Person","@id":"https:\/\/infopba247.com.ar\/#\/schema\/person\/4975f1343a413e57bf839b3eed0099f2","name":"Editor","image":{"@type":"ImageObject","inLanguage":"es","@id":"https:\/\/secure.gravatar.com\/avatar\/d27fe9520667ca53441d36627a1d6b0fa4a813571ec4803687a7a3a7744685ac?s=96&d=mm&r=g","url":"https:\/\/secure.gravatar.com\/avatar\/d27fe9520667ca53441d36627a1d6b0fa4a813571ec4803687a7a3a7744685ac?s=96&d=mm&r=g","contentUrl":"https:\/\/secure.gravatar.com\/avatar\/d27fe9520667ca53441d36627a1d6b0fa4a813571ec4803687a7a3a7744685ac?s=96&d=mm&r=g","caption":"Editor"},"url":"https:\/\/infopba247.com.ar\/index.php\/author\/editor\/"}]}},"_links":{"self":[{"href":"https:\/\/infopba247.com.ar\/index.php\/wp-json\/wp\/v2\/posts\/4639","targetHints":{"allow":["GET"]}}],"collection":[{"href":"https:\/\/infopba247.com.ar\/index.php\/wp-json\/wp\/v2\/posts"}],"about":[{"href":"https:\/\/infopba247.com.ar\/index.php\/wp-json\/wp\/v2\/types\/post"}],"author":[{"embeddable":true,"href":"https:\/\/infopba247.com.ar\/index.php\/wp-json\/wp\/v2\/users\/3"}],"replies":[{"embeddable":true,"href":"https:\/\/infopba247.com.ar\/index.php\/wp-json\/wp\/v2\/comments?post=4639"}],"version-history":[{"count":1,"href":"https:\/\/infopba247.com.ar\/index.php\/wp-json\/wp\/v2\/posts\/4639\/revisions"}],"predecessor-version":[{"id":4641,"href":"https:\/\/infopba247.com.ar\/index.php\/wp-json\/wp\/v2\/posts\/4639\/revisions\/4641"}],"wp:featuredmedia":[{"embeddable":true,"href":"https:\/\/infopba247.com.ar\/index.php\/wp-json\/wp\/v2\/media\/4640"}],"wp:attachment":[{"href":"https:\/\/infopba247.com.ar\/index.php\/wp-json\/wp\/v2\/media?parent=4639"}],"wp:term":[{"taxonomy":"category","embeddable":true,"href":"https:\/\/infopba247.com.ar\/index.php\/wp-json\/wp\/v2\/categories?post=4639"},{"taxonomy":"post_tag","embeddable":true,"href":"https:\/\/infopba247.com.ar\/index.php\/wp-json\/wp\/v2\/tags?post=4639"}],"curies":[{"name":"wp","href":"https:\/\/api.w.org\/{rel}","templated":true}]}}