{"id":4626,"date":"2024-07-22T11:16:02","date_gmt":"2024-07-22T14:16:02","guid":{"rendered":"https:\/\/infopba247.com.ar\/?p=4626"},"modified":"2024-07-22T11:16:03","modified_gmt":"2024-07-22T14:16:03","slug":"se-inauguro-la-plaza-mujeres-en-pie-de-lucha","status":"publish","type":"post","link":"https:\/\/infopba247.com.ar\/index.php\/2024\/07\/22\/se-inauguro-la-plaza-mujeres-en-pie-de-lucha\/","title":{"rendered":"Se inaugur\u00f3 la Plaza \u201cMujeres en Pie de Lucha\u201d"},"content":{"rendered":"\n<p>En la tarde de ayer, el intendente de Berisso Fabi\u00e1n Cagliardi, junto a la ministra de las Mujeres y Diversidad de la provincia de Buenos Aires, Estela D\u00edaz, encabezaron el acto de inauguraci\u00f3n de una nueva Plaza ubicada en 32 y 168, espacio que lleva el nombre \u201cMujeres en Pie de Lucha\u201d.<\/p>\n\n\n\n<p>La misma, que cuenta con juegos nuevos, luminarias, bancos, parquizaci\u00f3n; se concreta gracias a un trabajo en conjunto entre el Municipio de Berisso y el Gobierno de la provincia de Buenos Aires, a trav\u00e9s del Ministerio de Mujeres, en el marco del Programa \u201cMunicipios por la Igualdad\u201d.<\/p>\n\n\n\n<p>Del acto, participaron, adem\u00e1s, la Asesora de Gabinete, Ibis Az\u00faa; la directora provincial de Regiones, Silvia Zaballa y la directora de Regi\u00f3n Capital, Pierina Colabianchi; junto a la secretaria de Desarrollo Social del Municipio, Victoria Curutchet y la directora de G\u00e9nero, Mujer y Diversidad, Marina Pe\u00f1alba.<\/p>\n\n\n\n<p>Tambi\u00e9n estuvieron presentes, secretarios y secretarias del Ejecutivo municipal; concejales y concejalas; referentes de instituciones, vecinos y vecinas.<\/p>\n\n\n\n<p>Al respecto, el Intendente de Berisso Fabi\u00e0n Cagliardi, se\u00f1al\u00f3: \u201cEs un sue\u00f1o que compartimos entre todos. Antes era un basural, un ba\u00f1ado. Era una necesidad que los vecinos y vecinas tengan una plaza en este barrio\u201d.<\/p>\n\n\n\n<p>\u201cEstos sue\u00f1os tienen que ver con el acompa\u00f1amiento del Gobierno de la Provincia de Buenos Aires que ayudan a los vecinos y vecinas de cada Municipio para hacerle un poquito mejor la vida\u201d.<\/p>\n\n\n\n<p>\u201cLa pol\u00edtica es transformadora, es cambiarles la vida a los vecinos. Seguimos, junto al apoyo del Gobernador Axel Kicillof, avanzando con los proyectos que el Estado Nacional fren\u00f3, y desde el Estado municipal, podemos financiar otras obras, porque empezamos a tener independencia econ\u00f3mica, eso tiene que ver con cuidar el dinero de todos y todas\u201d, remarc\u00f3.<\/p>\n\n\n\n<p>En tanto, la ministra de Mujeres y Diversidad, Estela D\u00edaz, indic\u00f3: \u201cHace 25 a\u00f1os que empezaron a transformar un lugar, un sue\u00f1o colectivo y el compromiso de las mujeres, que son el motorcito transformador que nunca pierde la esperanza. En este Municipio y en la Provincia tenemos un gobierno que cuida a todos y todas\u201d.<\/p>\n\n\n\n<p>\u201cLa justicia social es con igualdad de g\u00e9nero, es con las mujeres como protagonista con un intendente como Fabi\u00e1n como gran conductor y reconocedor de ese proceso\u201d, sostuvo la mandataria provincial, quien agreg\u00f3. \u201cBerisso, es el Faro para la reconstrucci\u00f3n de la Regi\u00f3n Capital y con una Provincia que no se detiene\u201d.<\/p>\n\n\n\n<p>Es importante mencionar que el Programa \u201cMunicipios por la Igualdad\u201d tiene por objetivo fortalecer y acompa\u00f1ar los proyectos que transversalicen las perspectivas de g\u00e9nero; as\u00ed como tambi\u00e9n visibilizar y analizar las desigualdades entre los g\u00e9neros.<\/p>\n\n\n\n<p>Asimismo, cabe agregar que el Municipio puso en marcha el mencionado Programa a trav\u00e9s de la primera l\u00ednea de trabajo que desarrolla espacio p\u00fablico y h\u00e1bitat garantizando mejora en la infraestructura, refacciones y compras de mobiliario con el fin de reducir las brechas de g\u00e9nero.<\/p>\n\n\n\n<p>Durante la tarde, autoridades y vecinos y vecinas pudieron recorrer los stands del Taller de serigraf\u00eda; la juegoteca, Feriantas y Plaza por la Igualdad.<\/p>\n","protected":false},"excerpt":{"rendered":"<p>En la tarde de ayer, el intendente de Berisso Fabi\u00e1n Cagliardi, junto a la ministra de las Mujeres y Diversidad<\/p>\n","protected":false},"author":3,"featured_media":4622,"comment_status":"open","ping_status":"open","sticky":false,"template":"","format":"standard","meta":{"colormag_page_container_layout":"default_layout","colormag_page_sidebar_layout":"default_layout","footnotes":""},"categories":[7,1,14],"tags":[],"class_list":["post-4626","post","type-post","status-publish","format-standard","has-post-thumbnail","hentry","category-3ra-seccion","category-destacadas","category-politica"],"yoast_head":"<!-- This site is optimized with the Yoast SEO plugin v27.4 - https:\/\/yoast.com\/product\/yoast-seo-wordpress\/ -->\n<title>Se inaugur\u00f3 la Plaza \u201cMujeres en Pie de Lucha\u201d - InfoPBA247<\/title>\n<meta name=\"robots\" content=\"index, follow, max-snippet:-1, max-image-preview:large, max-video-preview:-1\" \/>\n<link rel=\"canonical\" href=\"https:\/\/infopba247.com.ar\/index.php\/2024\/07\/22\/se-inauguro-la-plaza-mujeres-en-pie-de-lucha\/\" \/>\n<meta property=\"og:locale\" content=\"es_ES\" \/>\n<meta property=\"og:type\" content=\"article\" \/>\n<meta property=\"og:title\" content=\"Se inaugur\u00f3 la Plaza \u201cMujeres en Pie de Lucha\u201d - InfoPBA247\" \/>\n<meta property=\"og:description\" content=\"En la tarde de ayer, el intendente de Berisso Fabi\u00e1n Cagliardi, junto a la ministra de las Mujeres y Diversidad\" \/>\n<meta property=\"og:url\" content=\"https:\/\/infopba247.com.ar\/index.php\/2024\/07\/22\/se-inauguro-la-plaza-mujeres-en-pie-de-lucha\/\" \/>\n<meta property=\"og:site_name\" content=\"InfoPBA247\" \/>\n<meta property=\"article:publisher\" content=\"https:\/\/www.facebook.com\/InfoPBA\" \/>\n<meta property=\"article:published_time\" content=\"2024-07-22T14:16:02+00:00\" \/>\n<meta property=\"article:modified_time\" content=\"2024-07-22T14:16:03+00:00\" \/>\n<meta property=\"og:image\" content=\"https:\/\/infopba247.com.ar\/wp-content\/uploads\/2024\/07\/01-18.jpg\" \/>\n\t<meta property=\"og:image:width\" content=\"800\" \/>\n\t<meta property=\"og:image:height\" content=\"600\" \/>\n\t<meta property=\"og:image:type\" content=\"image\/jpeg\" \/>\n<meta name=\"author\" content=\"Editor\" \/>\n<meta name=\"twitter:card\" content=\"summary_large_image\" \/>\n<meta name=\"twitter:label1\" content=\"Escrito por\" \/>\n\t<meta name=\"twitter:data1\" content=\"Editor\" \/>\n\t<meta name=\"twitter:label2\" content=\"Tiempo de lectura\" \/>\n\t<meta name=\"twitter:data2\" content=\"3 minutos\" \/>\n<script type=\"application\/ld+json\" class=\"yoast-schema-graph\">{\"@context\":\"https:\\\/\\\/schema.org\",\"@graph\":[{\"@type\":\"Article\",\"@id\":\"https:\\\/\\\/infopba247.com.ar\\\/index.php\\\/2024\\\/07\\\/22\\\/se-inauguro-la-plaza-mujeres-en-pie-de-lucha\\\/#article\",\"isPartOf\":{\"@id\":\"https:\\\/\\\/infopba247.com.ar\\\/index.php\\\/2024\\\/07\\\/22\\\/se-inauguro-la-plaza-mujeres-en-pie-de-lucha\\\/\"},\"author\":{\"name\":\"Editor\",\"@id\":\"https:\\\/\\\/infopba247.com.ar\\\/#\\\/schema\\\/person\\\/4975f1343a413e57bf839b3eed0099f2\"},\"headline\":\"Se inaugur\u00f3 la Plaza \u201cMujeres en Pie de Lucha\u201d\",\"datePublished\":\"2024-07-22T14:16:02+00:00\",\"dateModified\":\"2024-07-22T14:16:03+00:00\",\"mainEntityOfPage\":{\"@id\":\"https:\\\/\\\/infopba247.com.ar\\\/index.php\\\/2024\\\/07\\\/22\\\/se-inauguro-la-plaza-mujeres-en-pie-de-lucha\\\/\"},\"wordCount\":541,\"commentCount\":0,\"publisher\":{\"@id\":\"https:\\\/\\\/infopba247.com.ar\\\/#organization\"},\"image\":{\"@id\":\"https:\\\/\\\/infopba247.com.ar\\\/index.php\\\/2024\\\/07\\\/22\\\/se-inauguro-la-plaza-mujeres-en-pie-de-lucha\\\/#primaryimage\"},\"thumbnailUrl\":\"https:\\\/\\\/infopba247.com.ar\\\/wp-content\\\/uploads\\\/2024\\\/07\\\/01-18.jpg\",\"articleSection\":[\"3ra Secci\u00f3n\",\"Destacadas\",\"Pol\u00edtica\"],\"inLanguage\":\"es\",\"potentialAction\":[{\"@type\":\"CommentAction\",\"name\":\"Comment\",\"target\":[\"https:\\\/\\\/infopba247.com.ar\\\/index.php\\\/2024\\\/07\\\/22\\\/se-inauguro-la-plaza-mujeres-en-pie-de-lucha\\\/#respond\"]}]},{\"@type\":\"WebPage\",\"@id\":\"https:\\\/\\\/infopba247.com.ar\\\/index.php\\\/2024\\\/07\\\/22\\\/se-inauguro-la-plaza-mujeres-en-pie-de-lucha\\\/\",\"url\":\"https:\\\/\\\/infopba247.com.ar\\\/index.php\\\/2024\\\/07\\\/22\\\/se-inauguro-la-plaza-mujeres-en-pie-de-lucha\\\/\",\"name\":\"Se inaugur\u00f3 la Plaza \u201cMujeres en Pie de Lucha\u201d - InfoPBA247\",\"isPartOf\":{\"@id\":\"https:\\\/\\\/infopba247.com.ar\\\/#website\"},\"primaryImageOfPage\":{\"@id\":\"https:\\\/\\\/infopba247.com.ar\\\/index.php\\\/2024\\\/07\\\/22\\\/se-inauguro-la-plaza-mujeres-en-pie-de-lucha\\\/#primaryimage\"},\"image\":{\"@id\":\"https:\\\/\\\/infopba247.com.ar\\\/index.php\\\/2024\\\/07\\\/22\\\/se-inauguro-la-plaza-mujeres-en-pie-de-lucha\\\/#primaryimage\"},\"thumbnailUrl\":\"https:\\\/\\\/infopba247.com.ar\\\/wp-content\\\/uploads\\\/2024\\\/07\\\/01-18.jpg\",\"datePublished\":\"2024-07-22T14:16:02+00:00\",\"dateModified\":\"2024-07-22T14:16:03+00:00\",\"breadcrumb\":{\"@id\":\"https:\\\/\\\/infopba247.com.ar\\\/index.php\\\/2024\\\/07\\\/22\\\/se-inauguro-la-plaza-mujeres-en-pie-de-lucha\\\/#breadcrumb\"},\"inLanguage\":\"es\",\"potentialAction\":[{\"@type\":\"ReadAction\",\"target\":[\"https:\\\/\\\/infopba247.com.ar\\\/index.php\\\/2024\\\/07\\\/22\\\/se-inauguro-la-plaza-mujeres-en-pie-de-lucha\\\/\"]}]},{\"@type\":\"ImageObject\",\"inLanguage\":\"es\",\"@id\":\"https:\\\/\\\/infopba247.com.ar\\\/index.php\\\/2024\\\/07\\\/22\\\/se-inauguro-la-plaza-mujeres-en-pie-de-lucha\\\/#primaryimage\",\"url\":\"https:\\\/\\\/infopba247.com.ar\\\/wp-content\\\/uploads\\\/2024\\\/07\\\/01-18.jpg\",\"contentUrl\":\"https:\\\/\\\/infopba247.com.ar\\\/wp-content\\\/uploads\\\/2024\\\/07\\\/01-18.jpg\",\"width\":800,\"height\":600},{\"@type\":\"BreadcrumbList\",\"@id\":\"https:\\\/\\\/infopba247.com.ar\\\/index.php\\\/2024\\\/07\\\/22\\\/se-inauguro-la-plaza-mujeres-en-pie-de-lucha\\\/#breadcrumb\",\"itemListElement\":[{\"@type\":\"ListItem\",\"position\":1,\"name\":\"Portada\",\"item\":\"https:\\\/\\\/infopba247.com.ar\\\/\"},{\"@type\":\"ListItem\",\"position\":2,\"name\":\"Se inaugur\u00f3 la Plaza \u201cMujeres en Pie de Lucha\u201d\"}]},{\"@type\":\"WebSite\",\"@id\":\"https:\\\/\\\/infopba247.com.ar\\\/#website\",\"url\":\"https:\\\/\\\/infopba247.com.ar\\\/\",\"name\":\"InfoPBA247\",\"description\":\"Toda la actualidad bonaerense\",\"publisher\":{\"@id\":\"https:\\\/\\\/infopba247.com.ar\\\/#organization\"},\"potentialAction\":[{\"@type\":\"SearchAction\",\"target\":{\"@type\":\"EntryPoint\",\"urlTemplate\":\"https:\\\/\\\/infopba247.com.ar\\\/?s={search_term_string}\"},\"query-input\":{\"@type\":\"PropertyValueSpecification\",\"valueRequired\":true,\"valueName\":\"search_term_string\"}}],\"inLanguage\":\"es\"},{\"@type\":\"Organization\",\"@id\":\"https:\\\/\\\/infopba247.com.ar\\\/#organization\",\"name\":\"InfoPBA247\",\"url\":\"https:\\\/\\\/infopba247.com.ar\\\/\",\"logo\":{\"@type\":\"ImageObject\",\"inLanguage\":\"es\",\"@id\":\"https:\\\/\\\/infopba247.com.ar\\\/#\\\/schema\\\/logo\\\/image\\\/\",\"url\":\"https:\\\/\\\/infopba247.com.ar\\\/wp-content\\\/uploads\\\/2022\\\/03\\\/cropped-InfoPBA247-1.png\",\"contentUrl\":\"https:\\\/\\\/infopba247.com.ar\\\/wp-content\\\/uploads\\\/2022\\\/03\\\/cropped-InfoPBA247-1.png\",\"width\":500,\"height\":122,\"caption\":\"InfoPBA247\"},\"image\":{\"@id\":\"https:\\\/\\\/infopba247.com.ar\\\/#\\\/schema\\\/logo\\\/image\\\/\"},\"sameAs\":[\"https:\\\/\\\/www.facebook.com\\\/InfoPBA\"]},{\"@type\":\"Person\",\"@id\":\"https:\\\/\\\/infopba247.com.ar\\\/#\\\/schema\\\/person\\\/4975f1343a413e57bf839b3eed0099f2\",\"name\":\"Editor\",\"image\":{\"@type\":\"ImageObject\",\"inLanguage\":\"es\",\"@id\":\"https:\\\/\\\/secure.gravatar.com\\\/avatar\\\/d27fe9520667ca53441d36627a1d6b0fa4a813571ec4803687a7a3a7744685ac?s=96&d=mm&r=g\",\"url\":\"https:\\\/\\\/secure.gravatar.com\\\/avatar\\\/d27fe9520667ca53441d36627a1d6b0fa4a813571ec4803687a7a3a7744685ac?s=96&d=mm&r=g\",\"contentUrl\":\"https:\\\/\\\/secure.gravatar.com\\\/avatar\\\/d27fe9520667ca53441d36627a1d6b0fa4a813571ec4803687a7a3a7744685ac?s=96&d=mm&r=g\",\"caption\":\"Editor\"},\"url\":\"https:\\\/\\\/infopba247.com.ar\\\/index.php\\\/author\\\/editor\\\/\"}]}<\/script>\n<!-- \/ Yoast SEO plugin. -->","yoast_head_json":{"title":"Se inaugur\u00f3 la Plaza \u201cMujeres en Pie de Lucha\u201d - InfoPBA247","robots":{"index":"index","follow":"follow","max-snippet":"max-snippet:-1","max-image-preview":"max-image-preview:large","max-video-preview":"max-video-preview:-1"},"canonical":"https:\/\/infopba247.com.ar\/index.php\/2024\/07\/22\/se-inauguro-la-plaza-mujeres-en-pie-de-lucha\/","og_locale":"es_ES","og_type":"article","og_title":"Se inaugur\u00f3 la Plaza \u201cMujeres en Pie de Lucha\u201d - InfoPBA247","og_description":"En la tarde de ayer, el intendente de Berisso Fabi\u00e1n Cagliardi, junto a la ministra de las Mujeres y Diversidad","og_url":"https:\/\/infopba247.com.ar\/index.php\/2024\/07\/22\/se-inauguro-la-plaza-mujeres-en-pie-de-lucha\/","og_site_name":"InfoPBA247","article_publisher":"https:\/\/www.facebook.com\/InfoPBA","article_published_time":"2024-07-22T14:16:02+00:00","article_modified_time":"2024-07-22T14:16:03+00:00","og_image":[{"width":800,"height":600,"url":"https:\/\/infopba247.com.ar\/wp-content\/uploads\/2024\/07\/01-18.jpg","type":"image\/jpeg"}],"author":"Editor","twitter_card":"summary_large_image","twitter_misc":{"Escrito por":"Editor","Tiempo de lectura":"3 minutos"},"schema":{"@context":"https:\/\/schema.org","@graph":[{"@type":"Article","@id":"https:\/\/infopba247.com.ar\/index.php\/2024\/07\/22\/se-inauguro-la-plaza-mujeres-en-pie-de-lucha\/#article","isPartOf":{"@id":"https:\/\/infopba247.com.ar\/index.php\/2024\/07\/22\/se-inauguro-la-plaza-mujeres-en-pie-de-lucha\/"},"author":{"name":"Editor","@id":"https:\/\/infopba247.com.ar\/#\/schema\/person\/4975f1343a413e57bf839b3eed0099f2"},"headline":"Se inaugur\u00f3 la Plaza \u201cMujeres en Pie de Lucha\u201d","datePublished":"2024-07-22T14:16:02+00:00","dateModified":"2024-07-22T14:16:03+00:00","mainEntityOfPage":{"@id":"https:\/\/infopba247.com.ar\/index.php\/2024\/07\/22\/se-inauguro-la-plaza-mujeres-en-pie-de-lucha\/"},"wordCount":541,"commentCount":0,"publisher":{"@id":"https:\/\/infopba247.com.ar\/#organization"},"image":{"@id":"https:\/\/infopba247.com.ar\/index.php\/2024\/07\/22\/se-inauguro-la-plaza-mujeres-en-pie-de-lucha\/#primaryimage"},"thumbnailUrl":"https:\/\/infopba247.com.ar\/wp-content\/uploads\/2024\/07\/01-18.jpg","articleSection":["3ra Secci\u00f3n","Destacadas","Pol\u00edtica"],"inLanguage":"es","potentialAction":[{"@type":"CommentAction","name":"Comment","target":["https:\/\/infopba247.com.ar\/index.php\/2024\/07\/22\/se-inauguro-la-plaza-mujeres-en-pie-de-lucha\/#respond"]}]},{"@type":"WebPage","@id":"https:\/\/infopba247.com.ar\/index.php\/2024\/07\/22\/se-inauguro-la-plaza-mujeres-en-pie-de-lucha\/","url":"https:\/\/infopba247.com.ar\/index.php\/2024\/07\/22\/se-inauguro-la-plaza-mujeres-en-pie-de-lucha\/","name":"Se inaugur\u00f3 la Plaza \u201cMujeres en Pie de Lucha\u201d - InfoPBA247","isPartOf":{"@id":"https:\/\/infopba247.com.ar\/#website"},"primaryImageOfPage":{"@id":"https:\/\/infopba247.com.ar\/index.php\/2024\/07\/22\/se-inauguro-la-plaza-mujeres-en-pie-de-lucha\/#primaryimage"},"image":{"@id":"https:\/\/infopba247.com.ar\/index.php\/2024\/07\/22\/se-inauguro-la-plaza-mujeres-en-pie-de-lucha\/#primaryimage"},"thumbnailUrl":"https:\/\/infopba247.com.ar\/wp-content\/uploads\/2024\/07\/01-18.jpg","datePublished":"2024-07-22T14:16:02+00:00","dateModified":"2024-07-22T14:16:03+00:00","breadcrumb":{"@id":"https:\/\/infopba247.com.ar\/index.php\/2024\/07\/22\/se-inauguro-la-plaza-mujeres-en-pie-de-lucha\/#breadcrumb"},"inLanguage":"es","potentialAction":[{"@type":"ReadAction","target":["https:\/\/infopba247.com.ar\/index.php\/2024\/07\/22\/se-inauguro-la-plaza-mujeres-en-pie-de-lucha\/"]}]},{"@type":"ImageObject","inLanguage":"es","@id":"https:\/\/infopba247.com.ar\/index.php\/2024\/07\/22\/se-inauguro-la-plaza-mujeres-en-pie-de-lucha\/#primaryimage","url":"https:\/\/infopba247.com.ar\/wp-content\/uploads\/2024\/07\/01-18.jpg","contentUrl":"https:\/\/infopba247.com.ar\/wp-content\/uploads\/2024\/07\/01-18.jpg","width":800,"height":600},{"@type":"BreadcrumbList","@id":"https:\/\/infopba247.com.ar\/index.php\/2024\/07\/22\/se-inauguro-la-plaza-mujeres-en-pie-de-lucha\/#breadcrumb","itemListElement":[{"@type":"ListItem","position":1,"name":"Portada","item":"https:\/\/infopba247.com.ar\/"},{"@type":"ListItem","position":2,"name":"Se inaugur\u00f3 la Plaza \u201cMujeres en Pie de Lucha\u201d"}]},{"@type":"WebSite","@id":"https:\/\/infopba247.com.ar\/#website","url":"https:\/\/infopba247.com.ar\/","name":"InfoPBA247","description":"Toda la actualidad bonaerense","publisher":{"@id":"https:\/\/infopba247.com.ar\/#organization"},"potentialAction":[{"@type":"SearchAction","target":{"@type":"EntryPoint","urlTemplate":"https:\/\/infopba247.com.ar\/?s={search_term_string}"},"query-input":{"@type":"PropertyValueSpecification","valueRequired":true,"valueName":"search_term_string"}}],"inLanguage":"es"},{"@type":"Organization","@id":"https:\/\/infopba247.com.ar\/#organization","name":"InfoPBA247","url":"https:\/\/infopba247.com.ar\/","logo":{"@type":"ImageObject","inLanguage":"es","@id":"https:\/\/infopba247.com.ar\/#\/schema\/logo\/image\/","url":"https:\/\/infopba247.com.ar\/wp-content\/uploads\/2022\/03\/cropped-InfoPBA247-1.png","contentUrl":"https:\/\/infopba247.com.ar\/wp-content\/uploads\/2022\/03\/cropped-InfoPBA247-1.png","width":500,"height":122,"caption":"InfoPBA247"},"image":{"@id":"https:\/\/infopba247.com.ar\/#\/schema\/logo\/image\/"},"sameAs":["https:\/\/www.facebook.com\/InfoPBA"]},{"@type":"Person","@id":"https:\/\/infopba247.com.ar\/#\/schema\/person\/4975f1343a413e57bf839b3eed0099f2","name":"Editor","image":{"@type":"ImageObject","inLanguage":"es","@id":"https:\/\/secure.gravatar.com\/avatar\/d27fe9520667ca53441d36627a1d6b0fa4a813571ec4803687a7a3a7744685ac?s=96&d=mm&r=g","url":"https:\/\/secure.gravatar.com\/avatar\/d27fe9520667ca53441d36627a1d6b0fa4a813571ec4803687a7a3a7744685ac?s=96&d=mm&r=g","contentUrl":"https:\/\/secure.gravatar.com\/avatar\/d27fe9520667ca53441d36627a1d6b0fa4a813571ec4803687a7a3a7744685ac?s=96&d=mm&r=g","caption":"Editor"},"url":"https:\/\/infopba247.com.ar\/index.php\/author\/editor\/"}]}},"_links":{"self":[{"href":"https:\/\/infopba247.com.ar\/index.php\/wp-json\/wp\/v2\/posts\/4626","targetHints":{"allow":["GET"]}}],"collection":[{"href":"https:\/\/infopba247.com.ar\/index.php\/wp-json\/wp\/v2\/posts"}],"about":[{"href":"https:\/\/infopba247.com.ar\/index.php\/wp-json\/wp\/v2\/types\/post"}],"author":[{"embeddable":true,"href":"https:\/\/infopba247.com.ar\/index.php\/wp-json\/wp\/v2\/users\/3"}],"replies":[{"embeddable":true,"href":"https:\/\/infopba247.com.ar\/index.php\/wp-json\/wp\/v2\/comments?post=4626"}],"version-history":[{"count":1,"href":"https:\/\/infopba247.com.ar\/index.php\/wp-json\/wp\/v2\/posts\/4626\/revisions"}],"predecessor-version":[{"id":4627,"href":"https:\/\/infopba247.com.ar\/index.php\/wp-json\/wp\/v2\/posts\/4626\/revisions\/4627"}],"wp:featuredmedia":[{"embeddable":true,"href":"https:\/\/infopba247.com.ar\/index.php\/wp-json\/wp\/v2\/media\/4622"}],"wp:attachment":[{"href":"https:\/\/infopba247.com.ar\/index.php\/wp-json\/wp\/v2\/media?parent=4626"}],"wp:term":[{"taxonomy":"category","embeddable":true,"href":"https:\/\/infopba247.com.ar\/index.php\/wp-json\/wp\/v2\/categories?post=4626"},{"taxonomy":"post_tag","embeddable":true,"href":"https:\/\/infopba247.com.ar\/index.php\/wp-json\/wp\/v2\/tags?post=4626"}],"curies":[{"name":"wp","href":"https:\/\/api.w.org\/{rel}","templated":true}]}}