{"id":4620,"date":"2024-07-22T11:15:32","date_gmt":"2024-07-22T14:15:32","guid":{"rendered":"https:\/\/infopba247.com.ar\/?p=4620"},"modified":"2024-07-22T11:15:33","modified_gmt":"2024-07-22T14:15:33","slug":"primer-semana-de-vacaciones-de-invierno-en-los-barrios-populares","status":"publish","type":"post","link":"https:\/\/infopba247.com.ar\/index.php\/2024\/07\/22\/primer-semana-de-vacaciones-de-invierno-en-los-barrios-populares\/","title":{"rendered":"Primer semana de vacaciones de invierno en los barrios populares"},"content":{"rendered":"\n<p>OPISU realiz\u00f3 jornadas con espect\u00e1culos, juegos, visitas a centros culturales y talleres en Mar del Plata. Mor\u00f3n, San Mart\u00edn y La Plata. La semana que viene se sumar\u00e1n m\u00e1s eventos en municipios bonaerenses.<\/p>\n\n\n\n<p>En el marco del receso invernal del ciclo lectivo, el Organismo Provincial de Integraci\u00f3n Social y Urbana (OPISU) propuso una serie de jornadas art\u00edsticas y culturales en espacios p\u00fablicos y centros comunitarios de barrios populares de la Provincia de Buenos Aires para celebrar junto a ni\u00f1eces y juventudes.<\/p>\n\n\n\n<p>En la primera semana se realizaron encuentros con espect\u00e1culos y actividades recreativas, juegos y talleres en los barrios Pte. Sarmiento y Carlos Gardel, de Mor\u00f3n; Costa Esperanza, de San Mart\u00edn, Argentino, de La Plata, y junto a ni\u00f1eces de los barrios Aut\u00f3dromo, Nuevo Golf y Villa Evita, de Mar del Plata.<\/p>\n\n\n\n<p>La actividad llevada adelante en barrio Argentino, de La Plata, se realiz\u00f3 en articulaci\u00f3n con Parque Cultural, Instituto Cultural y Hospital A. Korn. Y la visita de ni\u00f1eces del barrio Costa Esperanza, de San Mart\u00edn, al predio de Aldea Primavera en La Plata, fue en conjunto con el Organismo de Ni\u00f1ez y Adolescencia del Ministerio de Desarrollo de la Comunidad de la provincia de Buenos Aires.<\/p>\n\n\n\n<p>El organismo continuar\u00e1 realizando actividades en los barrios Costa del Lago, Costa Esperanza&nbsp; y 8 de Mayo, de San Mart\u00edn; Villa Por\u00e1, de Lan\u00fas; Nuevo Golf y Villa Evita de Mar del Plata; Villa Itat\u00ed, Quilmes; 17 de Marzo, 17 de Marzo bis, Puerta de Hierro y San Petersburgo, de La Matanza; Tolosa, de La Plata; Pte. Sarmiento y Carlos Gardel, de Mor\u00f3n; y barrio Monterrey, en Pilar.<\/p>\n\n\n\n<p>Estas acciones que realiza el OPISU tienen el objetivo de fortalecer a las comunidades a partir de pol\u00edticas que garanticen el acceso a la cultura e impulsen la integraci\u00f3n social. Todas los eventos son gratuitos y para todo p\u00fablico.<\/p>\n\n\n\n<p>A continuaci\u00f3n, se comparte el cronograma d\u00eda a d\u00eda de la pr\u00f3xima semana.<\/p>\n\n\n\n<p>Lunes 22\/7<\/p>\n\n\n\n<p>Lan\u00fas. Villa Por\u00e1.<\/p>\n\n\n\n<p>Juegos, inflables y espect\u00e1culos para toda la familia<\/p>\n\n\n\n<p>de 14 a 16hs, en la plaza El Campito.<\/p>\n\n\n\n<p>Martes 23\/7<\/p>\n\n\n\n<p>Quilmes. Villa Itat\u00ed<\/p>\n\n\n\n<p>Actividades: Juegos, Desayuno, Inflables, Plantas nativas Y Espect\u00e1culos para toda la familia<\/p>\n\n\n\n<p>de 10 a 13hs en la: Plaza Papa Francisco<\/p>\n\n\n\n<p>Mi\u00e9rcoles 24\/7<\/p>\n\n\n\n<p>La Matanza. Barrio 17 de Marzo<\/p>\n\n\n\n<p>Se convoca a los barrios 17 de marzo, 17 de marzo bis, Puerta de Hierro y San Petersburgo a una jornada de actividades: Juegos, Merienda, Inflables, Plantas nativas, Espect\u00e1culos para toda la familia, actividades deportivas (f\u00fatbol tenis, tejo)<\/p>\n\n\n\n<p>de 14 a 16hs en la&nbsp; Plaza de la memoria<\/p>\n\n\n\n<p>Jueves 25\/7<\/p>\n\n\n\n<p>Pilar. Barrio Monterrey.<\/p>\n\n\n\n<p>Actividades: Juegos, Inflables, Espect\u00e1culos, Plantas nativas, Desayuno, actividades deportivas (f\u00fatbol tenis, tejo)<\/p>\n\n\n\n<p>de 10 a 12:30hs en la Plaza Eva Per\u00f3n&nbsp;&nbsp;<\/p>\n\n\n\n<p>Mar del Plata.<\/p>\n\n\n\n<p>Visita de ni\u00f1eces del barrio Villa Evita y Nuevo Golf al Galp\u00f3n Fecooaport (al costado banquina de pescadores).<\/p>\n\n\n\n<p>Jornadas recreativas y art\u00edsticas, juegos de reciclado y ESIJuegoteca<\/p>\n\n\n\n<p>de 12 a 18hs.<\/p>\n\n\n\n<p>Viernes 26\/7<\/p>\n\n\n\n<p>San Mart\u00edn. Barrios Costa del Lago, Costa Esperanza y 8 de Mayo.<\/p>\n\n\n\n<p>Juegos, inflables y espect\u00e1culos para toda la familia.actividades deportivas (f\u00fatbol tenis, tejo)<\/p>\n\n\n\n<p>de 14 a 16.30hs, en las canchas del Centro de Atenci\u00f3n Barrial.<\/p>\n\n\n\n<p>La Plata, Tolosa<\/p>\n\n\n\n<p>Jornada de&nbsp; actividades l\u00fadicas y deportivas<\/p>\n\n\n\n<p>de 10 a 16 hs en 19 y 527 predio de la Aldea Primavera para les ni\u00f1es de San Mart\u00edn<\/p>\n\n\n\n<p>Mar del Plata<\/p>\n\n\n\n<p>Visita de ni\u00f1eces del barrio Villa Evita y Nuevo Golf al Galp\u00f3n Fecooaport (al costado banquina de pescadores).<\/p>\n\n\n\n<p>Jornada recreativa y art\u00edstica para toda la familia, juegos de reciclado y ESIJuegoteca.<\/p>\n\n\n\n<p>de 12 a 18hs.<\/p>\n","protected":false},"excerpt":{"rendered":"<p>OPISU realiz\u00f3 jornadas con espect\u00e1culos, juegos, visitas a centros culturales y talleres en Mar del Plata. Mor\u00f3n, San Mart\u00edn y<\/p>\n","protected":false},"author":3,"featured_media":4623,"comment_status":"open","ping_status":"open","sticky":false,"template":"","format":"standard","meta":{"colormag_page_container_layout":"default_layout","colormag_page_sidebar_layout":"default_layout","footnotes":""},"categories":[1,14],"tags":[],"class_list":["post-4620","post","type-post","status-publish","format-standard","has-post-thumbnail","hentry","category-destacadas","category-politica"],"yoast_head":"<!-- This site is optimized with the Yoast SEO plugin v27.4 - https:\/\/yoast.com\/product\/yoast-seo-wordpress\/ -->\n<title>Primer semana de vacaciones de invierno en los barrios populares - InfoPBA247<\/title>\n<meta name=\"robots\" content=\"index, follow, max-snippet:-1, max-image-preview:large, max-video-preview:-1\" \/>\n<link rel=\"canonical\" href=\"https:\/\/infopba247.com.ar\/index.php\/2024\/07\/22\/primer-semana-de-vacaciones-de-invierno-en-los-barrios-populares\/\" \/>\n<meta property=\"og:locale\" content=\"es_ES\" \/>\n<meta property=\"og:type\" content=\"article\" \/>\n<meta property=\"og:title\" content=\"Primer semana de vacaciones de invierno en los barrios populares - InfoPBA247\" \/>\n<meta property=\"og:description\" content=\"OPISU realiz\u00f3 jornadas con espect\u00e1culos, juegos, visitas a centros culturales y talleres en Mar del Plata. Mor\u00f3n, San Mart\u00edn y\" \/>\n<meta property=\"og:url\" content=\"https:\/\/infopba247.com.ar\/index.php\/2024\/07\/22\/primer-semana-de-vacaciones-de-invierno-en-los-barrios-populares\/\" \/>\n<meta property=\"og:site_name\" content=\"InfoPBA247\" \/>\n<meta property=\"article:publisher\" content=\"https:\/\/www.facebook.com\/InfoPBA\" \/>\n<meta property=\"article:published_time\" content=\"2024-07-22T14:15:32+00:00\" \/>\n<meta property=\"article:modified_time\" content=\"2024-07-22T14:15:33+00:00\" \/>\n<meta property=\"og:image\" content=\"https:\/\/infopba247.com.ar\/wp-content\/uploads\/2024\/07\/unnamed-2024-07-21T202257.635.jpg\" \/>\n\t<meta property=\"og:image:width\" content=\"945\" \/>\n\t<meta property=\"og:image:height\" content=\"630\" \/>\n\t<meta property=\"og:image:type\" content=\"image\/jpeg\" \/>\n<meta name=\"author\" content=\"Editor\" \/>\n<meta name=\"twitter:card\" content=\"summary_large_image\" \/>\n<meta name=\"twitter:label1\" content=\"Escrito por\" \/>\n\t<meta name=\"twitter:data1\" content=\"Editor\" \/>\n\t<meta name=\"twitter:label2\" content=\"Tiempo de lectura\" \/>\n\t<meta name=\"twitter:data2\" content=\"3 minutos\" \/>\n<script type=\"application\/ld+json\" class=\"yoast-schema-graph\">{\"@context\":\"https:\\\/\\\/schema.org\",\"@graph\":[{\"@type\":\"Article\",\"@id\":\"https:\\\/\\\/infopba247.com.ar\\\/index.php\\\/2024\\\/07\\\/22\\\/primer-semana-de-vacaciones-de-invierno-en-los-barrios-populares\\\/#article\",\"isPartOf\":{\"@id\":\"https:\\\/\\\/infopba247.com.ar\\\/index.php\\\/2024\\\/07\\\/22\\\/primer-semana-de-vacaciones-de-invierno-en-los-barrios-populares\\\/\"},\"author\":{\"name\":\"Editor\",\"@id\":\"https:\\\/\\\/infopba247.com.ar\\\/#\\\/schema\\\/person\\\/4975f1343a413e57bf839b3eed0099f2\"},\"headline\":\"Primer semana de vacaciones de invierno en los barrios populares\",\"datePublished\":\"2024-07-22T14:15:32+00:00\",\"dateModified\":\"2024-07-22T14:15:33+00:00\",\"mainEntityOfPage\":{\"@id\":\"https:\\\/\\\/infopba247.com.ar\\\/index.php\\\/2024\\\/07\\\/22\\\/primer-semana-de-vacaciones-de-invierno-en-los-barrios-populares\\\/\"},\"wordCount\":630,\"commentCount\":0,\"publisher\":{\"@id\":\"https:\\\/\\\/infopba247.com.ar\\\/#organization\"},\"image\":{\"@id\":\"https:\\\/\\\/infopba247.com.ar\\\/index.php\\\/2024\\\/07\\\/22\\\/primer-semana-de-vacaciones-de-invierno-en-los-barrios-populares\\\/#primaryimage\"},\"thumbnailUrl\":\"https:\\\/\\\/infopba247.com.ar\\\/wp-content\\\/uploads\\\/2024\\\/07\\\/unnamed-2024-07-21T202257.635.jpg\",\"articleSection\":[\"Destacadas\",\"Pol\u00edtica\"],\"inLanguage\":\"es\",\"potentialAction\":[{\"@type\":\"CommentAction\",\"name\":\"Comment\",\"target\":[\"https:\\\/\\\/infopba247.com.ar\\\/index.php\\\/2024\\\/07\\\/22\\\/primer-semana-de-vacaciones-de-invierno-en-los-barrios-populares\\\/#respond\"]}]},{\"@type\":\"WebPage\",\"@id\":\"https:\\\/\\\/infopba247.com.ar\\\/index.php\\\/2024\\\/07\\\/22\\\/primer-semana-de-vacaciones-de-invierno-en-los-barrios-populares\\\/\",\"url\":\"https:\\\/\\\/infopba247.com.ar\\\/index.php\\\/2024\\\/07\\\/22\\\/primer-semana-de-vacaciones-de-invierno-en-los-barrios-populares\\\/\",\"name\":\"Primer semana de vacaciones de invierno en los barrios populares - InfoPBA247\",\"isPartOf\":{\"@id\":\"https:\\\/\\\/infopba247.com.ar\\\/#website\"},\"primaryImageOfPage\":{\"@id\":\"https:\\\/\\\/infopba247.com.ar\\\/index.php\\\/2024\\\/07\\\/22\\\/primer-semana-de-vacaciones-de-invierno-en-los-barrios-populares\\\/#primaryimage\"},\"image\":{\"@id\":\"https:\\\/\\\/infopba247.com.ar\\\/index.php\\\/2024\\\/07\\\/22\\\/primer-semana-de-vacaciones-de-invierno-en-los-barrios-populares\\\/#primaryimage\"},\"thumbnailUrl\":\"https:\\\/\\\/infopba247.com.ar\\\/wp-content\\\/uploads\\\/2024\\\/07\\\/unnamed-2024-07-21T202257.635.jpg\",\"datePublished\":\"2024-07-22T14:15:32+00:00\",\"dateModified\":\"2024-07-22T14:15:33+00:00\",\"breadcrumb\":{\"@id\":\"https:\\\/\\\/infopba247.com.ar\\\/index.php\\\/2024\\\/07\\\/22\\\/primer-semana-de-vacaciones-de-invierno-en-los-barrios-populares\\\/#breadcrumb\"},\"inLanguage\":\"es\",\"potentialAction\":[{\"@type\":\"ReadAction\",\"target\":[\"https:\\\/\\\/infopba247.com.ar\\\/index.php\\\/2024\\\/07\\\/22\\\/primer-semana-de-vacaciones-de-invierno-en-los-barrios-populares\\\/\"]}]},{\"@type\":\"ImageObject\",\"inLanguage\":\"es\",\"@id\":\"https:\\\/\\\/infopba247.com.ar\\\/index.php\\\/2024\\\/07\\\/22\\\/primer-semana-de-vacaciones-de-invierno-en-los-barrios-populares\\\/#primaryimage\",\"url\":\"https:\\\/\\\/infopba247.com.ar\\\/wp-content\\\/uploads\\\/2024\\\/07\\\/unnamed-2024-07-21T202257.635.jpg\",\"contentUrl\":\"https:\\\/\\\/infopba247.com.ar\\\/wp-content\\\/uploads\\\/2024\\\/07\\\/unnamed-2024-07-21T202257.635.jpg\",\"width\":945,\"height\":630},{\"@type\":\"BreadcrumbList\",\"@id\":\"https:\\\/\\\/infopba247.com.ar\\\/index.php\\\/2024\\\/07\\\/22\\\/primer-semana-de-vacaciones-de-invierno-en-los-barrios-populares\\\/#breadcrumb\",\"itemListElement\":[{\"@type\":\"ListItem\",\"position\":1,\"name\":\"Portada\",\"item\":\"https:\\\/\\\/infopba247.com.ar\\\/\"},{\"@type\":\"ListItem\",\"position\":2,\"name\":\"Primer semana de vacaciones de invierno en los barrios populares\"}]},{\"@type\":\"WebSite\",\"@id\":\"https:\\\/\\\/infopba247.com.ar\\\/#website\",\"url\":\"https:\\\/\\\/infopba247.com.ar\\\/\",\"name\":\"InfoPBA247\",\"description\":\"Toda la actualidad bonaerense\",\"publisher\":{\"@id\":\"https:\\\/\\\/infopba247.com.ar\\\/#organization\"},\"potentialAction\":[{\"@type\":\"SearchAction\",\"target\":{\"@type\":\"EntryPoint\",\"urlTemplate\":\"https:\\\/\\\/infopba247.com.ar\\\/?s={search_term_string}\"},\"query-input\":{\"@type\":\"PropertyValueSpecification\",\"valueRequired\":true,\"valueName\":\"search_term_string\"}}],\"inLanguage\":\"es\"},{\"@type\":\"Organization\",\"@id\":\"https:\\\/\\\/infopba247.com.ar\\\/#organization\",\"name\":\"InfoPBA247\",\"url\":\"https:\\\/\\\/infopba247.com.ar\\\/\",\"logo\":{\"@type\":\"ImageObject\",\"inLanguage\":\"es\",\"@id\":\"https:\\\/\\\/infopba247.com.ar\\\/#\\\/schema\\\/logo\\\/image\\\/\",\"url\":\"https:\\\/\\\/infopba247.com.ar\\\/wp-content\\\/uploads\\\/2022\\\/03\\\/cropped-InfoPBA247-1.png\",\"contentUrl\":\"https:\\\/\\\/infopba247.com.ar\\\/wp-content\\\/uploads\\\/2022\\\/03\\\/cropped-InfoPBA247-1.png\",\"width\":500,\"height\":122,\"caption\":\"InfoPBA247\"},\"image\":{\"@id\":\"https:\\\/\\\/infopba247.com.ar\\\/#\\\/schema\\\/logo\\\/image\\\/\"},\"sameAs\":[\"https:\\\/\\\/www.facebook.com\\\/InfoPBA\"]},{\"@type\":\"Person\",\"@id\":\"https:\\\/\\\/infopba247.com.ar\\\/#\\\/schema\\\/person\\\/4975f1343a413e57bf839b3eed0099f2\",\"name\":\"Editor\",\"image\":{\"@type\":\"ImageObject\",\"inLanguage\":\"es\",\"@id\":\"https:\\\/\\\/secure.gravatar.com\\\/avatar\\\/d27fe9520667ca53441d36627a1d6b0fa4a813571ec4803687a7a3a7744685ac?s=96&d=mm&r=g\",\"url\":\"https:\\\/\\\/secure.gravatar.com\\\/avatar\\\/d27fe9520667ca53441d36627a1d6b0fa4a813571ec4803687a7a3a7744685ac?s=96&d=mm&r=g\",\"contentUrl\":\"https:\\\/\\\/secure.gravatar.com\\\/avatar\\\/d27fe9520667ca53441d36627a1d6b0fa4a813571ec4803687a7a3a7744685ac?s=96&d=mm&r=g\",\"caption\":\"Editor\"},\"url\":\"https:\\\/\\\/infopba247.com.ar\\\/index.php\\\/author\\\/editor\\\/\"}]}<\/script>\n<!-- \/ Yoast SEO plugin. -->","yoast_head_json":{"title":"Primer semana de vacaciones de invierno en los barrios populares - InfoPBA247","robots":{"index":"index","follow":"follow","max-snippet":"max-snippet:-1","max-image-preview":"max-image-preview:large","max-video-preview":"max-video-preview:-1"},"canonical":"https:\/\/infopba247.com.ar\/index.php\/2024\/07\/22\/primer-semana-de-vacaciones-de-invierno-en-los-barrios-populares\/","og_locale":"es_ES","og_type":"article","og_title":"Primer semana de vacaciones de invierno en los barrios populares - InfoPBA247","og_description":"OPISU realiz\u00f3 jornadas con espect\u00e1culos, juegos, visitas a centros culturales y talleres en Mar del Plata. Mor\u00f3n, San Mart\u00edn y","og_url":"https:\/\/infopba247.com.ar\/index.php\/2024\/07\/22\/primer-semana-de-vacaciones-de-invierno-en-los-barrios-populares\/","og_site_name":"InfoPBA247","article_publisher":"https:\/\/www.facebook.com\/InfoPBA","article_published_time":"2024-07-22T14:15:32+00:00","article_modified_time":"2024-07-22T14:15:33+00:00","og_image":[{"width":945,"height":630,"url":"https:\/\/infopba247.com.ar\/wp-content\/uploads\/2024\/07\/unnamed-2024-07-21T202257.635.jpg","type":"image\/jpeg"}],"author":"Editor","twitter_card":"summary_large_image","twitter_misc":{"Escrito por":"Editor","Tiempo de lectura":"3 minutos"},"schema":{"@context":"https:\/\/schema.org","@graph":[{"@type":"Article","@id":"https:\/\/infopba247.com.ar\/index.php\/2024\/07\/22\/primer-semana-de-vacaciones-de-invierno-en-los-barrios-populares\/#article","isPartOf":{"@id":"https:\/\/infopba247.com.ar\/index.php\/2024\/07\/22\/primer-semana-de-vacaciones-de-invierno-en-los-barrios-populares\/"},"author":{"name":"Editor","@id":"https:\/\/infopba247.com.ar\/#\/schema\/person\/4975f1343a413e57bf839b3eed0099f2"},"headline":"Primer semana de vacaciones de invierno en los barrios populares","datePublished":"2024-07-22T14:15:32+00:00","dateModified":"2024-07-22T14:15:33+00:00","mainEntityOfPage":{"@id":"https:\/\/infopba247.com.ar\/index.php\/2024\/07\/22\/primer-semana-de-vacaciones-de-invierno-en-los-barrios-populares\/"},"wordCount":630,"commentCount":0,"publisher":{"@id":"https:\/\/infopba247.com.ar\/#organization"},"image":{"@id":"https:\/\/infopba247.com.ar\/index.php\/2024\/07\/22\/primer-semana-de-vacaciones-de-invierno-en-los-barrios-populares\/#primaryimage"},"thumbnailUrl":"https:\/\/infopba247.com.ar\/wp-content\/uploads\/2024\/07\/unnamed-2024-07-21T202257.635.jpg","articleSection":["Destacadas","Pol\u00edtica"],"inLanguage":"es","potentialAction":[{"@type":"CommentAction","name":"Comment","target":["https:\/\/infopba247.com.ar\/index.php\/2024\/07\/22\/primer-semana-de-vacaciones-de-invierno-en-los-barrios-populares\/#respond"]}]},{"@type":"WebPage","@id":"https:\/\/infopba247.com.ar\/index.php\/2024\/07\/22\/primer-semana-de-vacaciones-de-invierno-en-los-barrios-populares\/","url":"https:\/\/infopba247.com.ar\/index.php\/2024\/07\/22\/primer-semana-de-vacaciones-de-invierno-en-los-barrios-populares\/","name":"Primer semana de vacaciones de invierno en los barrios populares - InfoPBA247","isPartOf":{"@id":"https:\/\/infopba247.com.ar\/#website"},"primaryImageOfPage":{"@id":"https:\/\/infopba247.com.ar\/index.php\/2024\/07\/22\/primer-semana-de-vacaciones-de-invierno-en-los-barrios-populares\/#primaryimage"},"image":{"@id":"https:\/\/infopba247.com.ar\/index.php\/2024\/07\/22\/primer-semana-de-vacaciones-de-invierno-en-los-barrios-populares\/#primaryimage"},"thumbnailUrl":"https:\/\/infopba247.com.ar\/wp-content\/uploads\/2024\/07\/unnamed-2024-07-21T202257.635.jpg","datePublished":"2024-07-22T14:15:32+00:00","dateModified":"2024-07-22T14:15:33+00:00","breadcrumb":{"@id":"https:\/\/infopba247.com.ar\/index.php\/2024\/07\/22\/primer-semana-de-vacaciones-de-invierno-en-los-barrios-populares\/#breadcrumb"},"inLanguage":"es","potentialAction":[{"@type":"ReadAction","target":["https:\/\/infopba247.com.ar\/index.php\/2024\/07\/22\/primer-semana-de-vacaciones-de-invierno-en-los-barrios-populares\/"]}]},{"@type":"ImageObject","inLanguage":"es","@id":"https:\/\/infopba247.com.ar\/index.php\/2024\/07\/22\/primer-semana-de-vacaciones-de-invierno-en-los-barrios-populares\/#primaryimage","url":"https:\/\/infopba247.com.ar\/wp-content\/uploads\/2024\/07\/unnamed-2024-07-21T202257.635.jpg","contentUrl":"https:\/\/infopba247.com.ar\/wp-content\/uploads\/2024\/07\/unnamed-2024-07-21T202257.635.jpg","width":945,"height":630},{"@type":"BreadcrumbList","@id":"https:\/\/infopba247.com.ar\/index.php\/2024\/07\/22\/primer-semana-de-vacaciones-de-invierno-en-los-barrios-populares\/#breadcrumb","itemListElement":[{"@type":"ListItem","position":1,"name":"Portada","item":"https:\/\/infopba247.com.ar\/"},{"@type":"ListItem","position":2,"name":"Primer semana de vacaciones de invierno en los barrios populares"}]},{"@type":"WebSite","@id":"https:\/\/infopba247.com.ar\/#website","url":"https:\/\/infopba247.com.ar\/","name":"InfoPBA247","description":"Toda la actualidad bonaerense","publisher":{"@id":"https:\/\/infopba247.com.ar\/#organization"},"potentialAction":[{"@type":"SearchAction","target":{"@type":"EntryPoint","urlTemplate":"https:\/\/infopba247.com.ar\/?s={search_term_string}"},"query-input":{"@type":"PropertyValueSpecification","valueRequired":true,"valueName":"search_term_string"}}],"inLanguage":"es"},{"@type":"Organization","@id":"https:\/\/infopba247.com.ar\/#organization","name":"InfoPBA247","url":"https:\/\/infopba247.com.ar\/","logo":{"@type":"ImageObject","inLanguage":"es","@id":"https:\/\/infopba247.com.ar\/#\/schema\/logo\/image\/","url":"https:\/\/infopba247.com.ar\/wp-content\/uploads\/2022\/03\/cropped-InfoPBA247-1.png","contentUrl":"https:\/\/infopba247.com.ar\/wp-content\/uploads\/2022\/03\/cropped-InfoPBA247-1.png","width":500,"height":122,"caption":"InfoPBA247"},"image":{"@id":"https:\/\/infopba247.com.ar\/#\/schema\/logo\/image\/"},"sameAs":["https:\/\/www.facebook.com\/InfoPBA"]},{"@type":"Person","@id":"https:\/\/infopba247.com.ar\/#\/schema\/person\/4975f1343a413e57bf839b3eed0099f2","name":"Editor","image":{"@type":"ImageObject","inLanguage":"es","@id":"https:\/\/secure.gravatar.com\/avatar\/d27fe9520667ca53441d36627a1d6b0fa4a813571ec4803687a7a3a7744685ac?s=96&d=mm&r=g","url":"https:\/\/secure.gravatar.com\/avatar\/d27fe9520667ca53441d36627a1d6b0fa4a813571ec4803687a7a3a7744685ac?s=96&d=mm&r=g","contentUrl":"https:\/\/secure.gravatar.com\/avatar\/d27fe9520667ca53441d36627a1d6b0fa4a813571ec4803687a7a3a7744685ac?s=96&d=mm&r=g","caption":"Editor"},"url":"https:\/\/infopba247.com.ar\/index.php\/author\/editor\/"}]}},"_links":{"self":[{"href":"https:\/\/infopba247.com.ar\/index.php\/wp-json\/wp\/v2\/posts\/4620","targetHints":{"allow":["GET"]}}],"collection":[{"href":"https:\/\/infopba247.com.ar\/index.php\/wp-json\/wp\/v2\/posts"}],"about":[{"href":"https:\/\/infopba247.com.ar\/index.php\/wp-json\/wp\/v2\/types\/post"}],"author":[{"embeddable":true,"href":"https:\/\/infopba247.com.ar\/index.php\/wp-json\/wp\/v2\/users\/3"}],"replies":[{"embeddable":true,"href":"https:\/\/infopba247.com.ar\/index.php\/wp-json\/wp\/v2\/comments?post=4620"}],"version-history":[{"count":1,"href":"https:\/\/infopba247.com.ar\/index.php\/wp-json\/wp\/v2\/posts\/4620\/revisions"}],"predecessor-version":[{"id":4625,"href":"https:\/\/infopba247.com.ar\/index.php\/wp-json\/wp\/v2\/posts\/4620\/revisions\/4625"}],"wp:featuredmedia":[{"embeddable":true,"href":"https:\/\/infopba247.com.ar\/index.php\/wp-json\/wp\/v2\/media\/4623"}],"wp:attachment":[{"href":"https:\/\/infopba247.com.ar\/index.php\/wp-json\/wp\/v2\/media?parent=4620"}],"wp:term":[{"taxonomy":"category","embeddable":true,"href":"https:\/\/infopba247.com.ar\/index.php\/wp-json\/wp\/v2\/categories?post=4620"},{"taxonomy":"post_tag","embeddable":true,"href":"https:\/\/infopba247.com.ar\/index.php\/wp-json\/wp\/v2\/tags?post=4620"}],"curies":[{"name":"wp","href":"https:\/\/api.w.org\/{rel}","templated":true}]}}