{"id":4594,"date":"2024-07-17T10:54:25","date_gmt":"2024-07-17T13:54:25","guid":{"rendered":"https:\/\/infopba247.com.ar\/?p=4594"},"modified":"2024-07-17T10:54:26","modified_gmt":"2024-07-17T13:54:26","slug":"kicillof-y-fernandez-inauguraron-el-nuevo-puente-de-la-av-nestor-kirchner","status":"publish","type":"post","link":"https:\/\/infopba247.com.ar\/index.php\/2024\/07\/17\/kicillof-y-fernandez-inauguraron-el-nuevo-puente-de-la-av-nestor-kirchner\/","title":{"rendered":"Kicillof y Fern\u00e1ndez inauguraron el nuevo puente de la Av. N\u00e9stor Kirchner"},"content":{"rendered":"\n<p>La intendenta de Moreno, Mariel Fern\u00e1ndez, junto al gobernador de la provincia de Buenos Aires, Axel Kicillof y el intendente de Ituzaing\u00f3, Pablo Descalzo, inauguraron el puente de la Avenida N\u00e9stor Kirchner, paralelo al Puente Roca.<\/p>\n\n\n\n<p>\u201cEsta obra que esperada durante d\u00e9cadas llega de la mano de nuestro gobernador Axel Kicillof que escuch\u00f3 la necesidad de la ampliaci\u00f3n de este puente en Moreno, uno de los municipios que m\u00e1s creci\u00f3, por eso necesit\u00e1bamos tener una mejor circulaci\u00f3n en este ingreso para mejorar la calidad de vida de nuestras vecinas y vecinos\u201d expres\u00f3 Mariel Fern\u00e1ndez durante el acto y destac\u00f3 que \u201cSi el gobierno nacional decidi\u00f3 soltarle la mano a su poblaci\u00f3n, el gobierno de la Provincia, del municipio de Moreno y del municipio de Ituzaing\u00f3, no lo va hacer de ninguna manera.\u201d<\/p>\n\n\n\n<p>Con una inversi\u00f3n de $1.091 millones que cont\u00f3 con financiamiento del Banco Interamericano de Desarrollo (BID), la obra consisti\u00f3 en la construcci\u00f3n de un nuevo puente sobre el R\u00edo Reconquista, como continuaci\u00f3n de la Avenida N\u00e9stor Kirchner y paralelo al Puente Roca, en el l\u00edmite entre los municipios de Ituzaing\u00f3 y Moreno.<\/p>\n\n\n\n<p>Los trabajos consistieron en la construcci\u00f3n de dos carriles a lo largo de 71 metros, en sentido Ituzaing\u00f3 \u2013 Moreno, e incluyeron defensas vehiculares, una vereda lateral para la circulaci\u00f3n peatonal, mejorado de calles de acceso, desag\u00fces pluviales y colocaci\u00f3n de se\u00f1alizaci\u00f3n y luces led.<\/p>\n\n\n\n<p>En ese marco, Kicillof destac\u00f3 que \u201ccomo cada derecho que se conquista, este puente sobre el R\u00edo Reconquista, esperado hace d\u00e9cadas para mejorar la seguridad vial y el tr\u00e1nsito, es el resultado de la lucha de los vecinos y vecinas de Moreno e Ituzaing\u00f3\u201d. \u201cUna mentira se puede repetir mil veces, pero eso no va a hacer que sea cierta: esta obra fundamental para la zona solamente la pod\u00eda hacer un Estado presente\u201d, agreg\u00f3.<\/p>\n\n\n\n<p>\u201cEs la sociedad la que determina sus prioridades, se organiza y elige a sus representantes para que den respuestas a las necesidades de nuestro pueblo. Eso es lo que estamos haciendo: en la provincia de Buenos Aires las obras p\u00fablicas se empiezan y se terminan\u201d, explic\u00f3 el gobernador y a\u00f1adi\u00f3: \u201cAunque nos insulten y nos quiten los recursos que nos corresponden, vamos a hacer todos los esfuerzos para terminar tambi\u00e9n las obras cruciales que ha abandonado el Gobierno nacional\u201d.<\/p>\n\n\n\n<p>\u201cAnte un Gobierno nacional que solamente mira los n\u00fameros, en nuestros municipios sabemos que tenemos el apoyo de una Provincia que nos acompa\u00f1a y que trabaja para seguir ampliando derechos\u201d, subray\u00f3 Descalzo.<\/p>\n\n\n\n<p>Esta obra permite ordenar y descomprimir el tr\u00e1nsito que caracterizaba al paso existente, sobre todo en horas pico, con largas filas y demoras. Adem\u00e1s, mejorar\u00e1 la conectividad entre las localidades de Villa Udaondo y Trujui, dado que aportar\u00e1 una alternativa de circulaci\u00f3n con dos nuevos carriles en esta zona de tr\u00e1nsito intenso, debido a que en este cruce confluye el flujo vehicular de las avenidas N\u00e9stor Kirchner y Mart\u00edn Fierro, y tambi\u00e9n el de la Autopista Camino del Buen Ayre, ubicada a 200 metros de distancia.<\/p>\n\n\n\n<p>Estuvieron presentes los ministros provinciales de Infraestructura y Servicios P\u00fablicos, Gabriel Katopodis, y de Trabajo, Walter Correa; los diputados nacionales Daniel Goll\u00e1n y Juan Marino; la legisladora bonaerense Noelia Saavedra; los dirigentes Alberto Descalzo y Ariel Basteiro; la secretaria de Obras y Servicios P\u00fablicos de Moreno, Mar\u00eda Gim\u00e9nez, el presidente del HCD de Moreno Emmanuel Fern\u00e1ndez; funcionarios locales; concejales y concejalas.<\/p>\n","protected":false},"excerpt":{"rendered":"<p>La intendenta de Moreno, Mariel Fern\u00e1ndez, junto al gobernador de la provincia de Buenos Aires, Axel Kicillof y el intendente<\/p>\n","protected":false},"author":3,"featured_media":4585,"comment_status":"open","ping_status":"open","sticky":false,"template":"","format":"standard","meta":{"colormag_page_container_layout":"default_layout","colormag_page_sidebar_layout":"default_layout","footnotes":""},"categories":[5,1,14],"tags":[],"class_list":["post-4594","post","type-post","status-publish","format-standard","has-post-thumbnail","hentry","category-1ra-seccion","category-destacadas","category-politica"],"yoast_head":"<!-- This site is optimized with the Yoast SEO plugin v27.4 - https:\/\/yoast.com\/product\/yoast-seo-wordpress\/ -->\n<title>Kicillof y Fern\u00e1ndez inauguraron el nuevo puente de la Av. N\u00e9stor Kirchner - InfoPBA247<\/title>\n<meta name=\"robots\" content=\"index, follow, max-snippet:-1, max-image-preview:large, max-video-preview:-1\" \/>\n<link rel=\"canonical\" href=\"https:\/\/infopba247.com.ar\/index.php\/2024\/07\/17\/kicillof-y-fernandez-inauguraron-el-nuevo-puente-de-la-av-nestor-kirchner\/\" \/>\n<meta property=\"og:locale\" content=\"es_ES\" \/>\n<meta property=\"og:type\" content=\"article\" \/>\n<meta property=\"og:title\" content=\"Kicillof y Fern\u00e1ndez inauguraron el nuevo puente de la Av. N\u00e9stor Kirchner - InfoPBA247\" \/>\n<meta property=\"og:description\" content=\"La intendenta de Moreno, Mariel Fern\u00e1ndez, junto al gobernador de la provincia de Buenos Aires, Axel Kicillof y el intendente\" \/>\n<meta property=\"og:url\" content=\"https:\/\/infopba247.com.ar\/index.php\/2024\/07\/17\/kicillof-y-fernandez-inauguraron-el-nuevo-puente-de-la-av-nestor-kirchner\/\" \/>\n<meta property=\"og:site_name\" content=\"InfoPBA247\" \/>\n<meta property=\"article:publisher\" content=\"https:\/\/www.facebook.com\/InfoPBA\" \/>\n<meta property=\"article:published_time\" content=\"2024-07-17T13:54:25+00:00\" \/>\n<meta property=\"article:modified_time\" content=\"2024-07-17T13:54:26+00:00\" \/>\n<meta property=\"og:image\" content=\"https:\/\/infopba247.com.ar\/wp-content\/uploads\/2024\/07\/INAUGURACION-PUENTE-NESTOR-KIRCHNER-1-scaled.jpg\" \/>\n\t<meta property=\"og:image:width\" content=\"2560\" \/>\n\t<meta property=\"og:image:height\" content=\"1708\" \/>\n\t<meta property=\"og:image:type\" content=\"image\/jpeg\" \/>\n<meta name=\"author\" content=\"Editor\" \/>\n<meta name=\"twitter:card\" content=\"summary_large_image\" \/>\n<meta name=\"twitter:label1\" content=\"Escrito por\" \/>\n\t<meta name=\"twitter:data1\" content=\"Editor\" \/>\n\t<meta name=\"twitter:label2\" content=\"Tiempo de lectura\" \/>\n\t<meta name=\"twitter:data2\" content=\"3 minutos\" \/>\n<script type=\"application\/ld+json\" class=\"yoast-schema-graph\">{\"@context\":\"https:\\\/\\\/schema.org\",\"@graph\":[{\"@type\":\"Article\",\"@id\":\"https:\\\/\\\/infopba247.com.ar\\\/index.php\\\/2024\\\/07\\\/17\\\/kicillof-y-fernandez-inauguraron-el-nuevo-puente-de-la-av-nestor-kirchner\\\/#article\",\"isPartOf\":{\"@id\":\"https:\\\/\\\/infopba247.com.ar\\\/index.php\\\/2024\\\/07\\\/17\\\/kicillof-y-fernandez-inauguraron-el-nuevo-puente-de-la-av-nestor-kirchner\\\/\"},\"author\":{\"name\":\"Editor\",\"@id\":\"https:\\\/\\\/infopba247.com.ar\\\/#\\\/schema\\\/person\\\/4975f1343a413e57bf839b3eed0099f2\"},\"headline\":\"Kicillof y Fern\u00e1ndez inauguraron el nuevo puente de la Av. N\u00e9stor Kirchner\",\"datePublished\":\"2024-07-17T13:54:25+00:00\",\"dateModified\":\"2024-07-17T13:54:26+00:00\",\"mainEntityOfPage\":{\"@id\":\"https:\\\/\\\/infopba247.com.ar\\\/index.php\\\/2024\\\/07\\\/17\\\/kicillof-y-fernandez-inauguraron-el-nuevo-puente-de-la-av-nestor-kirchner\\\/\"},\"wordCount\":614,\"commentCount\":0,\"publisher\":{\"@id\":\"https:\\\/\\\/infopba247.com.ar\\\/#organization\"},\"image\":{\"@id\":\"https:\\\/\\\/infopba247.com.ar\\\/index.php\\\/2024\\\/07\\\/17\\\/kicillof-y-fernandez-inauguraron-el-nuevo-puente-de-la-av-nestor-kirchner\\\/#primaryimage\"},\"thumbnailUrl\":\"https:\\\/\\\/infopba247.com.ar\\\/wp-content\\\/uploads\\\/2024\\\/07\\\/INAUGURACION-PUENTE-NESTOR-KIRCHNER-1-scaled.jpg\",\"articleSection\":[\"1ra Secci\u00f3n\",\"Destacadas\",\"Pol\u00edtica\"],\"inLanguage\":\"es\",\"potentialAction\":[{\"@type\":\"CommentAction\",\"name\":\"Comment\",\"target\":[\"https:\\\/\\\/infopba247.com.ar\\\/index.php\\\/2024\\\/07\\\/17\\\/kicillof-y-fernandez-inauguraron-el-nuevo-puente-de-la-av-nestor-kirchner\\\/#respond\"]}]},{\"@type\":\"WebPage\",\"@id\":\"https:\\\/\\\/infopba247.com.ar\\\/index.php\\\/2024\\\/07\\\/17\\\/kicillof-y-fernandez-inauguraron-el-nuevo-puente-de-la-av-nestor-kirchner\\\/\",\"url\":\"https:\\\/\\\/infopba247.com.ar\\\/index.php\\\/2024\\\/07\\\/17\\\/kicillof-y-fernandez-inauguraron-el-nuevo-puente-de-la-av-nestor-kirchner\\\/\",\"name\":\"Kicillof y Fern\u00e1ndez inauguraron el nuevo puente de la Av. N\u00e9stor Kirchner - InfoPBA247\",\"isPartOf\":{\"@id\":\"https:\\\/\\\/infopba247.com.ar\\\/#website\"},\"primaryImageOfPage\":{\"@id\":\"https:\\\/\\\/infopba247.com.ar\\\/index.php\\\/2024\\\/07\\\/17\\\/kicillof-y-fernandez-inauguraron-el-nuevo-puente-de-la-av-nestor-kirchner\\\/#primaryimage\"},\"image\":{\"@id\":\"https:\\\/\\\/infopba247.com.ar\\\/index.php\\\/2024\\\/07\\\/17\\\/kicillof-y-fernandez-inauguraron-el-nuevo-puente-de-la-av-nestor-kirchner\\\/#primaryimage\"},\"thumbnailUrl\":\"https:\\\/\\\/infopba247.com.ar\\\/wp-content\\\/uploads\\\/2024\\\/07\\\/INAUGURACION-PUENTE-NESTOR-KIRCHNER-1-scaled.jpg\",\"datePublished\":\"2024-07-17T13:54:25+00:00\",\"dateModified\":\"2024-07-17T13:54:26+00:00\",\"breadcrumb\":{\"@id\":\"https:\\\/\\\/infopba247.com.ar\\\/index.php\\\/2024\\\/07\\\/17\\\/kicillof-y-fernandez-inauguraron-el-nuevo-puente-de-la-av-nestor-kirchner\\\/#breadcrumb\"},\"inLanguage\":\"es\",\"potentialAction\":[{\"@type\":\"ReadAction\",\"target\":[\"https:\\\/\\\/infopba247.com.ar\\\/index.php\\\/2024\\\/07\\\/17\\\/kicillof-y-fernandez-inauguraron-el-nuevo-puente-de-la-av-nestor-kirchner\\\/\"]}]},{\"@type\":\"ImageObject\",\"inLanguage\":\"es\",\"@id\":\"https:\\\/\\\/infopba247.com.ar\\\/index.php\\\/2024\\\/07\\\/17\\\/kicillof-y-fernandez-inauguraron-el-nuevo-puente-de-la-av-nestor-kirchner\\\/#primaryimage\",\"url\":\"https:\\\/\\\/infopba247.com.ar\\\/wp-content\\\/uploads\\\/2024\\\/07\\\/INAUGURACION-PUENTE-NESTOR-KIRCHNER-1-scaled.jpg\",\"contentUrl\":\"https:\\\/\\\/infopba247.com.ar\\\/wp-content\\\/uploads\\\/2024\\\/07\\\/INAUGURACION-PUENTE-NESTOR-KIRCHNER-1-scaled.jpg\",\"width\":2560,\"height\":1708},{\"@type\":\"BreadcrumbList\",\"@id\":\"https:\\\/\\\/infopba247.com.ar\\\/index.php\\\/2024\\\/07\\\/17\\\/kicillof-y-fernandez-inauguraron-el-nuevo-puente-de-la-av-nestor-kirchner\\\/#breadcrumb\",\"itemListElement\":[{\"@type\":\"ListItem\",\"position\":1,\"name\":\"Portada\",\"item\":\"https:\\\/\\\/infopba247.com.ar\\\/\"},{\"@type\":\"ListItem\",\"position\":2,\"name\":\"Kicillof y Fern\u00e1ndez inauguraron el nuevo puente de la Av. N\u00e9stor Kirchner\"}]},{\"@type\":\"WebSite\",\"@id\":\"https:\\\/\\\/infopba247.com.ar\\\/#website\",\"url\":\"https:\\\/\\\/infopba247.com.ar\\\/\",\"name\":\"InfoPBA247\",\"description\":\"Toda la actualidad bonaerense\",\"publisher\":{\"@id\":\"https:\\\/\\\/infopba247.com.ar\\\/#organization\"},\"potentialAction\":[{\"@type\":\"SearchAction\",\"target\":{\"@type\":\"EntryPoint\",\"urlTemplate\":\"https:\\\/\\\/infopba247.com.ar\\\/?s={search_term_string}\"},\"query-input\":{\"@type\":\"PropertyValueSpecification\",\"valueRequired\":true,\"valueName\":\"search_term_string\"}}],\"inLanguage\":\"es\"},{\"@type\":\"Organization\",\"@id\":\"https:\\\/\\\/infopba247.com.ar\\\/#organization\",\"name\":\"InfoPBA247\",\"url\":\"https:\\\/\\\/infopba247.com.ar\\\/\",\"logo\":{\"@type\":\"ImageObject\",\"inLanguage\":\"es\",\"@id\":\"https:\\\/\\\/infopba247.com.ar\\\/#\\\/schema\\\/logo\\\/image\\\/\",\"url\":\"https:\\\/\\\/infopba247.com.ar\\\/wp-content\\\/uploads\\\/2022\\\/03\\\/cropped-InfoPBA247-1.png\",\"contentUrl\":\"https:\\\/\\\/infopba247.com.ar\\\/wp-content\\\/uploads\\\/2022\\\/03\\\/cropped-InfoPBA247-1.png\",\"width\":500,\"height\":122,\"caption\":\"InfoPBA247\"},\"image\":{\"@id\":\"https:\\\/\\\/infopba247.com.ar\\\/#\\\/schema\\\/logo\\\/image\\\/\"},\"sameAs\":[\"https:\\\/\\\/www.facebook.com\\\/InfoPBA\"]},{\"@type\":\"Person\",\"@id\":\"https:\\\/\\\/infopba247.com.ar\\\/#\\\/schema\\\/person\\\/4975f1343a413e57bf839b3eed0099f2\",\"name\":\"Editor\",\"image\":{\"@type\":\"ImageObject\",\"inLanguage\":\"es\",\"@id\":\"https:\\\/\\\/secure.gravatar.com\\\/avatar\\\/d27fe9520667ca53441d36627a1d6b0fa4a813571ec4803687a7a3a7744685ac?s=96&d=mm&r=g\",\"url\":\"https:\\\/\\\/secure.gravatar.com\\\/avatar\\\/d27fe9520667ca53441d36627a1d6b0fa4a813571ec4803687a7a3a7744685ac?s=96&d=mm&r=g\",\"contentUrl\":\"https:\\\/\\\/secure.gravatar.com\\\/avatar\\\/d27fe9520667ca53441d36627a1d6b0fa4a813571ec4803687a7a3a7744685ac?s=96&d=mm&r=g\",\"caption\":\"Editor\"},\"url\":\"https:\\\/\\\/infopba247.com.ar\\\/index.php\\\/author\\\/editor\\\/\"}]}<\/script>\n<!-- \/ Yoast SEO plugin. -->","yoast_head_json":{"title":"Kicillof y Fern\u00e1ndez inauguraron el nuevo puente de la Av. N\u00e9stor Kirchner - InfoPBA247","robots":{"index":"index","follow":"follow","max-snippet":"max-snippet:-1","max-image-preview":"max-image-preview:large","max-video-preview":"max-video-preview:-1"},"canonical":"https:\/\/infopba247.com.ar\/index.php\/2024\/07\/17\/kicillof-y-fernandez-inauguraron-el-nuevo-puente-de-la-av-nestor-kirchner\/","og_locale":"es_ES","og_type":"article","og_title":"Kicillof y Fern\u00e1ndez inauguraron el nuevo puente de la Av. N\u00e9stor Kirchner - InfoPBA247","og_description":"La intendenta de Moreno, Mariel Fern\u00e1ndez, junto al gobernador de la provincia de Buenos Aires, Axel Kicillof y el intendente","og_url":"https:\/\/infopba247.com.ar\/index.php\/2024\/07\/17\/kicillof-y-fernandez-inauguraron-el-nuevo-puente-de-la-av-nestor-kirchner\/","og_site_name":"InfoPBA247","article_publisher":"https:\/\/www.facebook.com\/InfoPBA","article_published_time":"2024-07-17T13:54:25+00:00","article_modified_time":"2024-07-17T13:54:26+00:00","og_image":[{"width":2560,"height":1708,"url":"https:\/\/infopba247.com.ar\/wp-content\/uploads\/2024\/07\/INAUGURACION-PUENTE-NESTOR-KIRCHNER-1-scaled.jpg","type":"image\/jpeg"}],"author":"Editor","twitter_card":"summary_large_image","twitter_misc":{"Escrito por":"Editor","Tiempo de lectura":"3 minutos"},"schema":{"@context":"https:\/\/schema.org","@graph":[{"@type":"Article","@id":"https:\/\/infopba247.com.ar\/index.php\/2024\/07\/17\/kicillof-y-fernandez-inauguraron-el-nuevo-puente-de-la-av-nestor-kirchner\/#article","isPartOf":{"@id":"https:\/\/infopba247.com.ar\/index.php\/2024\/07\/17\/kicillof-y-fernandez-inauguraron-el-nuevo-puente-de-la-av-nestor-kirchner\/"},"author":{"name":"Editor","@id":"https:\/\/infopba247.com.ar\/#\/schema\/person\/4975f1343a413e57bf839b3eed0099f2"},"headline":"Kicillof y Fern\u00e1ndez inauguraron el nuevo puente de la Av. N\u00e9stor Kirchner","datePublished":"2024-07-17T13:54:25+00:00","dateModified":"2024-07-17T13:54:26+00:00","mainEntityOfPage":{"@id":"https:\/\/infopba247.com.ar\/index.php\/2024\/07\/17\/kicillof-y-fernandez-inauguraron-el-nuevo-puente-de-la-av-nestor-kirchner\/"},"wordCount":614,"commentCount":0,"publisher":{"@id":"https:\/\/infopba247.com.ar\/#organization"},"image":{"@id":"https:\/\/infopba247.com.ar\/index.php\/2024\/07\/17\/kicillof-y-fernandez-inauguraron-el-nuevo-puente-de-la-av-nestor-kirchner\/#primaryimage"},"thumbnailUrl":"https:\/\/infopba247.com.ar\/wp-content\/uploads\/2024\/07\/INAUGURACION-PUENTE-NESTOR-KIRCHNER-1-scaled.jpg","articleSection":["1ra Secci\u00f3n","Destacadas","Pol\u00edtica"],"inLanguage":"es","potentialAction":[{"@type":"CommentAction","name":"Comment","target":["https:\/\/infopba247.com.ar\/index.php\/2024\/07\/17\/kicillof-y-fernandez-inauguraron-el-nuevo-puente-de-la-av-nestor-kirchner\/#respond"]}]},{"@type":"WebPage","@id":"https:\/\/infopba247.com.ar\/index.php\/2024\/07\/17\/kicillof-y-fernandez-inauguraron-el-nuevo-puente-de-la-av-nestor-kirchner\/","url":"https:\/\/infopba247.com.ar\/index.php\/2024\/07\/17\/kicillof-y-fernandez-inauguraron-el-nuevo-puente-de-la-av-nestor-kirchner\/","name":"Kicillof y Fern\u00e1ndez inauguraron el nuevo puente de la Av. N\u00e9stor Kirchner - InfoPBA247","isPartOf":{"@id":"https:\/\/infopba247.com.ar\/#website"},"primaryImageOfPage":{"@id":"https:\/\/infopba247.com.ar\/index.php\/2024\/07\/17\/kicillof-y-fernandez-inauguraron-el-nuevo-puente-de-la-av-nestor-kirchner\/#primaryimage"},"image":{"@id":"https:\/\/infopba247.com.ar\/index.php\/2024\/07\/17\/kicillof-y-fernandez-inauguraron-el-nuevo-puente-de-la-av-nestor-kirchner\/#primaryimage"},"thumbnailUrl":"https:\/\/infopba247.com.ar\/wp-content\/uploads\/2024\/07\/INAUGURACION-PUENTE-NESTOR-KIRCHNER-1-scaled.jpg","datePublished":"2024-07-17T13:54:25+00:00","dateModified":"2024-07-17T13:54:26+00:00","breadcrumb":{"@id":"https:\/\/infopba247.com.ar\/index.php\/2024\/07\/17\/kicillof-y-fernandez-inauguraron-el-nuevo-puente-de-la-av-nestor-kirchner\/#breadcrumb"},"inLanguage":"es","potentialAction":[{"@type":"ReadAction","target":["https:\/\/infopba247.com.ar\/index.php\/2024\/07\/17\/kicillof-y-fernandez-inauguraron-el-nuevo-puente-de-la-av-nestor-kirchner\/"]}]},{"@type":"ImageObject","inLanguage":"es","@id":"https:\/\/infopba247.com.ar\/index.php\/2024\/07\/17\/kicillof-y-fernandez-inauguraron-el-nuevo-puente-de-la-av-nestor-kirchner\/#primaryimage","url":"https:\/\/infopba247.com.ar\/wp-content\/uploads\/2024\/07\/INAUGURACION-PUENTE-NESTOR-KIRCHNER-1-scaled.jpg","contentUrl":"https:\/\/infopba247.com.ar\/wp-content\/uploads\/2024\/07\/INAUGURACION-PUENTE-NESTOR-KIRCHNER-1-scaled.jpg","width":2560,"height":1708},{"@type":"BreadcrumbList","@id":"https:\/\/infopba247.com.ar\/index.php\/2024\/07\/17\/kicillof-y-fernandez-inauguraron-el-nuevo-puente-de-la-av-nestor-kirchner\/#breadcrumb","itemListElement":[{"@type":"ListItem","position":1,"name":"Portada","item":"https:\/\/infopba247.com.ar\/"},{"@type":"ListItem","position":2,"name":"Kicillof y Fern\u00e1ndez inauguraron el nuevo puente de la Av. N\u00e9stor Kirchner"}]},{"@type":"WebSite","@id":"https:\/\/infopba247.com.ar\/#website","url":"https:\/\/infopba247.com.ar\/","name":"InfoPBA247","description":"Toda la actualidad bonaerense","publisher":{"@id":"https:\/\/infopba247.com.ar\/#organization"},"potentialAction":[{"@type":"SearchAction","target":{"@type":"EntryPoint","urlTemplate":"https:\/\/infopba247.com.ar\/?s={search_term_string}"},"query-input":{"@type":"PropertyValueSpecification","valueRequired":true,"valueName":"search_term_string"}}],"inLanguage":"es"},{"@type":"Organization","@id":"https:\/\/infopba247.com.ar\/#organization","name":"InfoPBA247","url":"https:\/\/infopba247.com.ar\/","logo":{"@type":"ImageObject","inLanguage":"es","@id":"https:\/\/infopba247.com.ar\/#\/schema\/logo\/image\/","url":"https:\/\/infopba247.com.ar\/wp-content\/uploads\/2022\/03\/cropped-InfoPBA247-1.png","contentUrl":"https:\/\/infopba247.com.ar\/wp-content\/uploads\/2022\/03\/cropped-InfoPBA247-1.png","width":500,"height":122,"caption":"InfoPBA247"},"image":{"@id":"https:\/\/infopba247.com.ar\/#\/schema\/logo\/image\/"},"sameAs":["https:\/\/www.facebook.com\/InfoPBA"]},{"@type":"Person","@id":"https:\/\/infopba247.com.ar\/#\/schema\/person\/4975f1343a413e57bf839b3eed0099f2","name":"Editor","image":{"@type":"ImageObject","inLanguage":"es","@id":"https:\/\/secure.gravatar.com\/avatar\/d27fe9520667ca53441d36627a1d6b0fa4a813571ec4803687a7a3a7744685ac?s=96&d=mm&r=g","url":"https:\/\/secure.gravatar.com\/avatar\/d27fe9520667ca53441d36627a1d6b0fa4a813571ec4803687a7a3a7744685ac?s=96&d=mm&r=g","contentUrl":"https:\/\/secure.gravatar.com\/avatar\/d27fe9520667ca53441d36627a1d6b0fa4a813571ec4803687a7a3a7744685ac?s=96&d=mm&r=g","caption":"Editor"},"url":"https:\/\/infopba247.com.ar\/index.php\/author\/editor\/"}]}},"_links":{"self":[{"href":"https:\/\/infopba247.com.ar\/index.php\/wp-json\/wp\/v2\/posts\/4594","targetHints":{"allow":["GET"]}}],"collection":[{"href":"https:\/\/infopba247.com.ar\/index.php\/wp-json\/wp\/v2\/posts"}],"about":[{"href":"https:\/\/infopba247.com.ar\/index.php\/wp-json\/wp\/v2\/types\/post"}],"author":[{"embeddable":true,"href":"https:\/\/infopba247.com.ar\/index.php\/wp-json\/wp\/v2\/users\/3"}],"replies":[{"embeddable":true,"href":"https:\/\/infopba247.com.ar\/index.php\/wp-json\/wp\/v2\/comments?post=4594"}],"version-history":[{"count":1,"href":"https:\/\/infopba247.com.ar\/index.php\/wp-json\/wp\/v2\/posts\/4594\/revisions"}],"predecessor-version":[{"id":4595,"href":"https:\/\/infopba247.com.ar\/index.php\/wp-json\/wp\/v2\/posts\/4594\/revisions\/4595"}],"wp:featuredmedia":[{"embeddable":true,"href":"https:\/\/infopba247.com.ar\/index.php\/wp-json\/wp\/v2\/media\/4585"}],"wp:attachment":[{"href":"https:\/\/infopba247.com.ar\/index.php\/wp-json\/wp\/v2\/media?parent=4594"}],"wp:term":[{"taxonomy":"category","embeddable":true,"href":"https:\/\/infopba247.com.ar\/index.php\/wp-json\/wp\/v2\/categories?post=4594"},{"taxonomy":"post_tag","embeddable":true,"href":"https:\/\/infopba247.com.ar\/index.php\/wp-json\/wp\/v2\/tags?post=4594"}],"curies":[{"name":"wp","href":"https:\/\/api.w.org\/{rel}","templated":true}]}}