{"id":4543,"date":"2024-07-12T10:37:32","date_gmt":"2024-07-12T13:37:32","guid":{"rendered":"https:\/\/infopba247.com.ar\/?p=4543"},"modified":"2024-07-12T10:37:33","modified_gmt":"2024-07-12T13:37:33","slug":"mariel-fernandez-presento-el-plan-de-educacion-ambiental-educapuntos","status":"publish","type":"post","link":"https:\/\/infopba247.com.ar\/index.php\/2024\/07\/12\/mariel-fernandez-presento-el-plan-de-educacion-ambiental-educapuntos\/","title":{"rendered":"Mariel Fern\u00e1ndez present\u00f3 el Plan de Educaci\u00f3n Ambiental \u201cEducapuntos\u201d"},"content":{"rendered":"\n<p>La intendenta de Moreno, Mariel Fern\u00e1ndez, junto a la secretaria de Ambiente y Desarrollo Sostenible, Daiana Anad\u00f3n y la secretaria de Cultura, Educaci\u00f3n y Deportes, Cynthia Mu\u00f1oz, presentaron el Plan de Educaci\u00f3n Ambiental \u201cEducapuntos\u201d, que tiene como objetivo incentivar acciones ambientales en centros comunitarios y socioeducativos locales.&nbsp;<\/p>\n\n\n\n<p>Mediante un concurso en el que podr\u00e1n sumar puntos con acciones que realicen sobre revalorizaci\u00f3n de residuos y reforestaci\u00f3n, las organizaciones comunitarias participar\u00e1n de un premio econ\u00f3mico que podr\u00e1n destinar para fortalecer sus espacios, como mejoras en su infraestructura o nuevo equipamiento.<\/p>\n\n\n\n<p>\u201cCelebramos las iniciativas ambientales y educativas que acompa\u00f1an el trabajo integral que venimos realizando sobre los residuos porque aun tenemos mucho por resolver y como siempre decimos, somos una gesti\u00f3n que se apoya en su comunidad, por eso necesitamos del compromiso de todas y todos\u201d, afirm\u00f3 la intendenta durante la presentaci\u00f3n.&nbsp;<\/p>\n\n\n\n<p>Los centros comunitarios y socioeducativos que participen del Plan de Educaci\u00f3n Ambiental, recibir\u00e1n talleres e implementar\u00e1n actividades relacionadas con los siguientes programas municipales:<\/p>\n\n\n\n<p>Punto Limpio: se trata de la estrategia espec\u00edfica de recolecci\u00f3n de aceite vegetal usado. Los puntos limpios son lugares donde las y los vecinos de una comunidad pueden llevar su aceite de cocina usado para que luego sea revalorizado.<\/p>\n\n\n\n<p>Punto Verde: espacios comunitarios donde las y los vecinos puede acercar sus materiales reciclables (pl\u00e1sticos, papel, vidrios, metales, cart\u00f3n)<\/p>\n\n\n\n<p>Mil Jardines: Proyecto que tiene como objetivo reforestar con plantas nativas el Municipio. Adem\u00e1s, se promociona la importancia del compost y las huertas agroecol\u00f3gicas.<\/p>\n\n\n\n<p>Moreno Verde: talleres sobre distintos temas ambientales propuestos por la Secretar\u00eda.<\/p>\n\n\n\n<p>A su vez, tambi\u00e9n recibir\u00e1n puntaje iniciativas de los centros en relaci\u00f3n a las tem\u00e1ticas propuestas. La asignaci\u00f3n de puntaje y el registro de puntos ser\u00e1 realizado por una persona designada por la Secretar\u00eda de Ambiente y Desarrollo Sostenible, comienza el lunes 15 de julio y en el mes de noviembre se define el premio seg\u00fan los puntos alcanzados. Por inscripciones o consultas dirigirse a educapuntos@gmail.com<\/p>\n","protected":false},"excerpt":{"rendered":"<p>La intendenta de Moreno, Mariel Fern\u00e1ndez, junto a la secretaria de Ambiente y Desarrollo Sostenible, Daiana Anad\u00f3n y la secretaria<\/p>\n","protected":false},"author":3,"featured_media":4546,"comment_status":"closed","ping_status":"closed","sticky":false,"template":"","format":"standard","meta":{"colormag_page_container_layout":"default_layout","colormag_page_sidebar_layout":"default_layout","footnotes":""},"categories":[5,1,14],"tags":[],"class_list":["post-4543","post","type-post","status-publish","format-standard","has-post-thumbnail","hentry","category-1ra-seccion","category-destacadas","category-politica"],"yoast_head":"<!-- This site is optimized with the Yoast SEO plugin v27.4 - https:\/\/yoast.com\/product\/yoast-seo-wordpress\/ -->\n<title>Mariel Fern\u00e1ndez present\u00f3 el Plan de Educaci\u00f3n Ambiental \u201cEducapuntos\u201d - InfoPBA247<\/title>\n<meta name=\"robots\" content=\"index, follow, max-snippet:-1, max-image-preview:large, max-video-preview:-1\" \/>\n<link rel=\"canonical\" href=\"https:\/\/infopba247.com.ar\/index.php\/2024\/07\/12\/mariel-fernandez-presento-el-plan-de-educacion-ambiental-educapuntos\/\" \/>\n<meta property=\"og:locale\" content=\"es_ES\" \/>\n<meta property=\"og:type\" content=\"article\" \/>\n<meta property=\"og:title\" content=\"Mariel Fern\u00e1ndez present\u00f3 el Plan de Educaci\u00f3n Ambiental \u201cEducapuntos\u201d - InfoPBA247\" \/>\n<meta property=\"og:description\" content=\"La intendenta de Moreno, Mariel Fern\u00e1ndez, junto a la secretaria de Ambiente y Desarrollo Sostenible, Daiana Anad\u00f3n y la secretaria\" \/>\n<meta property=\"og:url\" content=\"https:\/\/infopba247.com.ar\/index.php\/2024\/07\/12\/mariel-fernandez-presento-el-plan-de-educacion-ambiental-educapuntos\/\" \/>\n<meta property=\"og:site_name\" content=\"InfoPBA247\" \/>\n<meta property=\"article:publisher\" content=\"https:\/\/www.facebook.com\/InfoPBA\" \/>\n<meta property=\"article:published_time\" content=\"2024-07-12T13:37:32+00:00\" \/>\n<meta property=\"article:modified_time\" content=\"2024-07-12T13:37:33+00:00\" \/>\n<meta property=\"og:image\" content=\"https:\/\/infopba247.com.ar\/wp-content\/uploads\/2024\/07\/Educapuntos-01-scaled.jpg\" \/>\n\t<meta property=\"og:image:width\" content=\"2560\" \/>\n\t<meta property=\"og:image:height\" content=\"1708\" \/>\n\t<meta property=\"og:image:type\" content=\"image\/jpeg\" \/>\n<meta name=\"author\" content=\"Editor\" \/>\n<meta name=\"twitter:card\" content=\"summary_large_image\" \/>\n<meta name=\"twitter:label1\" content=\"Escrito por\" \/>\n\t<meta name=\"twitter:data1\" content=\"Editor\" \/>\n\t<meta name=\"twitter:label2\" content=\"Tiempo de lectura\" \/>\n\t<meta name=\"twitter:data2\" content=\"2 minutos\" \/>\n<script type=\"application\/ld+json\" class=\"yoast-schema-graph\">{\"@context\":\"https:\\\/\\\/schema.org\",\"@graph\":[{\"@type\":\"Article\",\"@id\":\"https:\\\/\\\/infopba247.com.ar\\\/index.php\\\/2024\\\/07\\\/12\\\/mariel-fernandez-presento-el-plan-de-educacion-ambiental-educapuntos\\\/#article\",\"isPartOf\":{\"@id\":\"https:\\\/\\\/infopba247.com.ar\\\/index.php\\\/2024\\\/07\\\/12\\\/mariel-fernandez-presento-el-plan-de-educacion-ambiental-educapuntos\\\/\"},\"author\":{\"name\":\"Editor\",\"@id\":\"https:\\\/\\\/infopba247.com.ar\\\/#\\\/schema\\\/person\\\/4975f1343a413e57bf839b3eed0099f2\"},\"headline\":\"Mariel Fern\u00e1ndez present\u00f3 el Plan de Educaci\u00f3n Ambiental \u201cEducapuntos\u201d\",\"datePublished\":\"2024-07-12T13:37:32+00:00\",\"dateModified\":\"2024-07-12T13:37:33+00:00\",\"mainEntityOfPage\":{\"@id\":\"https:\\\/\\\/infopba247.com.ar\\\/index.php\\\/2024\\\/07\\\/12\\\/mariel-fernandez-presento-el-plan-de-educacion-ambiental-educapuntos\\\/\"},\"wordCount\":367,\"publisher\":{\"@id\":\"https:\\\/\\\/infopba247.com.ar\\\/#organization\"},\"image\":{\"@id\":\"https:\\\/\\\/infopba247.com.ar\\\/index.php\\\/2024\\\/07\\\/12\\\/mariel-fernandez-presento-el-plan-de-educacion-ambiental-educapuntos\\\/#primaryimage\"},\"thumbnailUrl\":\"https:\\\/\\\/infopba247.com.ar\\\/wp-content\\\/uploads\\\/2024\\\/07\\\/Educapuntos-01-scaled.jpg\",\"articleSection\":[\"1ra Secci\u00f3n\",\"Destacadas\",\"Pol\u00edtica\"],\"inLanguage\":\"es\"},{\"@type\":\"WebPage\",\"@id\":\"https:\\\/\\\/infopba247.com.ar\\\/index.php\\\/2024\\\/07\\\/12\\\/mariel-fernandez-presento-el-plan-de-educacion-ambiental-educapuntos\\\/\",\"url\":\"https:\\\/\\\/infopba247.com.ar\\\/index.php\\\/2024\\\/07\\\/12\\\/mariel-fernandez-presento-el-plan-de-educacion-ambiental-educapuntos\\\/\",\"name\":\"Mariel Fern\u00e1ndez present\u00f3 el Plan de Educaci\u00f3n Ambiental \u201cEducapuntos\u201d - InfoPBA247\",\"isPartOf\":{\"@id\":\"https:\\\/\\\/infopba247.com.ar\\\/#website\"},\"primaryImageOfPage\":{\"@id\":\"https:\\\/\\\/infopba247.com.ar\\\/index.php\\\/2024\\\/07\\\/12\\\/mariel-fernandez-presento-el-plan-de-educacion-ambiental-educapuntos\\\/#primaryimage\"},\"image\":{\"@id\":\"https:\\\/\\\/infopba247.com.ar\\\/index.php\\\/2024\\\/07\\\/12\\\/mariel-fernandez-presento-el-plan-de-educacion-ambiental-educapuntos\\\/#primaryimage\"},\"thumbnailUrl\":\"https:\\\/\\\/infopba247.com.ar\\\/wp-content\\\/uploads\\\/2024\\\/07\\\/Educapuntos-01-scaled.jpg\",\"datePublished\":\"2024-07-12T13:37:32+00:00\",\"dateModified\":\"2024-07-12T13:37:33+00:00\",\"breadcrumb\":{\"@id\":\"https:\\\/\\\/infopba247.com.ar\\\/index.php\\\/2024\\\/07\\\/12\\\/mariel-fernandez-presento-el-plan-de-educacion-ambiental-educapuntos\\\/#breadcrumb\"},\"inLanguage\":\"es\",\"potentialAction\":[{\"@type\":\"ReadAction\",\"target\":[\"https:\\\/\\\/infopba247.com.ar\\\/index.php\\\/2024\\\/07\\\/12\\\/mariel-fernandez-presento-el-plan-de-educacion-ambiental-educapuntos\\\/\"]}]},{\"@type\":\"ImageObject\",\"inLanguage\":\"es\",\"@id\":\"https:\\\/\\\/infopba247.com.ar\\\/index.php\\\/2024\\\/07\\\/12\\\/mariel-fernandez-presento-el-plan-de-educacion-ambiental-educapuntos\\\/#primaryimage\",\"url\":\"https:\\\/\\\/infopba247.com.ar\\\/wp-content\\\/uploads\\\/2024\\\/07\\\/Educapuntos-01-scaled.jpg\",\"contentUrl\":\"https:\\\/\\\/infopba247.com.ar\\\/wp-content\\\/uploads\\\/2024\\\/07\\\/Educapuntos-01-scaled.jpg\",\"width\":2560,\"height\":1708},{\"@type\":\"BreadcrumbList\",\"@id\":\"https:\\\/\\\/infopba247.com.ar\\\/index.php\\\/2024\\\/07\\\/12\\\/mariel-fernandez-presento-el-plan-de-educacion-ambiental-educapuntos\\\/#breadcrumb\",\"itemListElement\":[{\"@type\":\"ListItem\",\"position\":1,\"name\":\"Portada\",\"item\":\"https:\\\/\\\/infopba247.com.ar\\\/\"},{\"@type\":\"ListItem\",\"position\":2,\"name\":\"Mariel Fern\u00e1ndez present\u00f3 el Plan de Educaci\u00f3n Ambiental \u201cEducapuntos\u201d\"}]},{\"@type\":\"WebSite\",\"@id\":\"https:\\\/\\\/infopba247.com.ar\\\/#website\",\"url\":\"https:\\\/\\\/infopba247.com.ar\\\/\",\"name\":\"InfoPBA247\",\"description\":\"Toda la actualidad bonaerense\",\"publisher\":{\"@id\":\"https:\\\/\\\/infopba247.com.ar\\\/#organization\"},\"potentialAction\":[{\"@type\":\"SearchAction\",\"target\":{\"@type\":\"EntryPoint\",\"urlTemplate\":\"https:\\\/\\\/infopba247.com.ar\\\/?s={search_term_string}\"},\"query-input\":{\"@type\":\"PropertyValueSpecification\",\"valueRequired\":true,\"valueName\":\"search_term_string\"}}],\"inLanguage\":\"es\"},{\"@type\":\"Organization\",\"@id\":\"https:\\\/\\\/infopba247.com.ar\\\/#organization\",\"name\":\"InfoPBA247\",\"url\":\"https:\\\/\\\/infopba247.com.ar\\\/\",\"logo\":{\"@type\":\"ImageObject\",\"inLanguage\":\"es\",\"@id\":\"https:\\\/\\\/infopba247.com.ar\\\/#\\\/schema\\\/logo\\\/image\\\/\",\"url\":\"https:\\\/\\\/infopba247.com.ar\\\/wp-content\\\/uploads\\\/2022\\\/03\\\/cropped-InfoPBA247-1.png\",\"contentUrl\":\"https:\\\/\\\/infopba247.com.ar\\\/wp-content\\\/uploads\\\/2022\\\/03\\\/cropped-InfoPBA247-1.png\",\"width\":500,\"height\":122,\"caption\":\"InfoPBA247\"},\"image\":{\"@id\":\"https:\\\/\\\/infopba247.com.ar\\\/#\\\/schema\\\/logo\\\/image\\\/\"},\"sameAs\":[\"https:\\\/\\\/www.facebook.com\\\/InfoPBA\"]},{\"@type\":\"Person\",\"@id\":\"https:\\\/\\\/infopba247.com.ar\\\/#\\\/schema\\\/person\\\/4975f1343a413e57bf839b3eed0099f2\",\"name\":\"Editor\",\"image\":{\"@type\":\"ImageObject\",\"inLanguage\":\"es\",\"@id\":\"https:\\\/\\\/secure.gravatar.com\\\/avatar\\\/d27fe9520667ca53441d36627a1d6b0fa4a813571ec4803687a7a3a7744685ac?s=96&d=mm&r=g\",\"url\":\"https:\\\/\\\/secure.gravatar.com\\\/avatar\\\/d27fe9520667ca53441d36627a1d6b0fa4a813571ec4803687a7a3a7744685ac?s=96&d=mm&r=g\",\"contentUrl\":\"https:\\\/\\\/secure.gravatar.com\\\/avatar\\\/d27fe9520667ca53441d36627a1d6b0fa4a813571ec4803687a7a3a7744685ac?s=96&d=mm&r=g\",\"caption\":\"Editor\"},\"url\":\"https:\\\/\\\/infopba247.com.ar\\\/index.php\\\/author\\\/editor\\\/\"}]}<\/script>\n<!-- \/ Yoast SEO plugin. -->","yoast_head_json":{"title":"Mariel Fern\u00e1ndez present\u00f3 el Plan de Educaci\u00f3n Ambiental \u201cEducapuntos\u201d - InfoPBA247","robots":{"index":"index","follow":"follow","max-snippet":"max-snippet:-1","max-image-preview":"max-image-preview:large","max-video-preview":"max-video-preview:-1"},"canonical":"https:\/\/infopba247.com.ar\/index.php\/2024\/07\/12\/mariel-fernandez-presento-el-plan-de-educacion-ambiental-educapuntos\/","og_locale":"es_ES","og_type":"article","og_title":"Mariel Fern\u00e1ndez present\u00f3 el Plan de Educaci\u00f3n Ambiental \u201cEducapuntos\u201d - InfoPBA247","og_description":"La intendenta de Moreno, Mariel Fern\u00e1ndez, junto a la secretaria de Ambiente y Desarrollo Sostenible, Daiana Anad\u00f3n y la secretaria","og_url":"https:\/\/infopba247.com.ar\/index.php\/2024\/07\/12\/mariel-fernandez-presento-el-plan-de-educacion-ambiental-educapuntos\/","og_site_name":"InfoPBA247","article_publisher":"https:\/\/www.facebook.com\/InfoPBA","article_published_time":"2024-07-12T13:37:32+00:00","article_modified_time":"2024-07-12T13:37:33+00:00","og_image":[{"width":2560,"height":1708,"url":"https:\/\/infopba247.com.ar\/wp-content\/uploads\/2024\/07\/Educapuntos-01-scaled.jpg","type":"image\/jpeg"}],"author":"Editor","twitter_card":"summary_large_image","twitter_misc":{"Escrito por":"Editor","Tiempo de lectura":"2 minutos"},"schema":{"@context":"https:\/\/schema.org","@graph":[{"@type":"Article","@id":"https:\/\/infopba247.com.ar\/index.php\/2024\/07\/12\/mariel-fernandez-presento-el-plan-de-educacion-ambiental-educapuntos\/#article","isPartOf":{"@id":"https:\/\/infopba247.com.ar\/index.php\/2024\/07\/12\/mariel-fernandez-presento-el-plan-de-educacion-ambiental-educapuntos\/"},"author":{"name":"Editor","@id":"https:\/\/infopba247.com.ar\/#\/schema\/person\/4975f1343a413e57bf839b3eed0099f2"},"headline":"Mariel Fern\u00e1ndez present\u00f3 el Plan de Educaci\u00f3n Ambiental \u201cEducapuntos\u201d","datePublished":"2024-07-12T13:37:32+00:00","dateModified":"2024-07-12T13:37:33+00:00","mainEntityOfPage":{"@id":"https:\/\/infopba247.com.ar\/index.php\/2024\/07\/12\/mariel-fernandez-presento-el-plan-de-educacion-ambiental-educapuntos\/"},"wordCount":367,"publisher":{"@id":"https:\/\/infopba247.com.ar\/#organization"},"image":{"@id":"https:\/\/infopba247.com.ar\/index.php\/2024\/07\/12\/mariel-fernandez-presento-el-plan-de-educacion-ambiental-educapuntos\/#primaryimage"},"thumbnailUrl":"https:\/\/infopba247.com.ar\/wp-content\/uploads\/2024\/07\/Educapuntos-01-scaled.jpg","articleSection":["1ra Secci\u00f3n","Destacadas","Pol\u00edtica"],"inLanguage":"es"},{"@type":"WebPage","@id":"https:\/\/infopba247.com.ar\/index.php\/2024\/07\/12\/mariel-fernandez-presento-el-plan-de-educacion-ambiental-educapuntos\/","url":"https:\/\/infopba247.com.ar\/index.php\/2024\/07\/12\/mariel-fernandez-presento-el-plan-de-educacion-ambiental-educapuntos\/","name":"Mariel Fern\u00e1ndez present\u00f3 el Plan de Educaci\u00f3n Ambiental \u201cEducapuntos\u201d - InfoPBA247","isPartOf":{"@id":"https:\/\/infopba247.com.ar\/#website"},"primaryImageOfPage":{"@id":"https:\/\/infopba247.com.ar\/index.php\/2024\/07\/12\/mariel-fernandez-presento-el-plan-de-educacion-ambiental-educapuntos\/#primaryimage"},"image":{"@id":"https:\/\/infopba247.com.ar\/index.php\/2024\/07\/12\/mariel-fernandez-presento-el-plan-de-educacion-ambiental-educapuntos\/#primaryimage"},"thumbnailUrl":"https:\/\/infopba247.com.ar\/wp-content\/uploads\/2024\/07\/Educapuntos-01-scaled.jpg","datePublished":"2024-07-12T13:37:32+00:00","dateModified":"2024-07-12T13:37:33+00:00","breadcrumb":{"@id":"https:\/\/infopba247.com.ar\/index.php\/2024\/07\/12\/mariel-fernandez-presento-el-plan-de-educacion-ambiental-educapuntos\/#breadcrumb"},"inLanguage":"es","potentialAction":[{"@type":"ReadAction","target":["https:\/\/infopba247.com.ar\/index.php\/2024\/07\/12\/mariel-fernandez-presento-el-plan-de-educacion-ambiental-educapuntos\/"]}]},{"@type":"ImageObject","inLanguage":"es","@id":"https:\/\/infopba247.com.ar\/index.php\/2024\/07\/12\/mariel-fernandez-presento-el-plan-de-educacion-ambiental-educapuntos\/#primaryimage","url":"https:\/\/infopba247.com.ar\/wp-content\/uploads\/2024\/07\/Educapuntos-01-scaled.jpg","contentUrl":"https:\/\/infopba247.com.ar\/wp-content\/uploads\/2024\/07\/Educapuntos-01-scaled.jpg","width":2560,"height":1708},{"@type":"BreadcrumbList","@id":"https:\/\/infopba247.com.ar\/index.php\/2024\/07\/12\/mariel-fernandez-presento-el-plan-de-educacion-ambiental-educapuntos\/#breadcrumb","itemListElement":[{"@type":"ListItem","position":1,"name":"Portada","item":"https:\/\/infopba247.com.ar\/"},{"@type":"ListItem","position":2,"name":"Mariel Fern\u00e1ndez present\u00f3 el Plan de Educaci\u00f3n Ambiental \u201cEducapuntos\u201d"}]},{"@type":"WebSite","@id":"https:\/\/infopba247.com.ar\/#website","url":"https:\/\/infopba247.com.ar\/","name":"InfoPBA247","description":"Toda la actualidad bonaerense","publisher":{"@id":"https:\/\/infopba247.com.ar\/#organization"},"potentialAction":[{"@type":"SearchAction","target":{"@type":"EntryPoint","urlTemplate":"https:\/\/infopba247.com.ar\/?s={search_term_string}"},"query-input":{"@type":"PropertyValueSpecification","valueRequired":true,"valueName":"search_term_string"}}],"inLanguage":"es"},{"@type":"Organization","@id":"https:\/\/infopba247.com.ar\/#organization","name":"InfoPBA247","url":"https:\/\/infopba247.com.ar\/","logo":{"@type":"ImageObject","inLanguage":"es","@id":"https:\/\/infopba247.com.ar\/#\/schema\/logo\/image\/","url":"https:\/\/infopba247.com.ar\/wp-content\/uploads\/2022\/03\/cropped-InfoPBA247-1.png","contentUrl":"https:\/\/infopba247.com.ar\/wp-content\/uploads\/2022\/03\/cropped-InfoPBA247-1.png","width":500,"height":122,"caption":"InfoPBA247"},"image":{"@id":"https:\/\/infopba247.com.ar\/#\/schema\/logo\/image\/"},"sameAs":["https:\/\/www.facebook.com\/InfoPBA"]},{"@type":"Person","@id":"https:\/\/infopba247.com.ar\/#\/schema\/person\/4975f1343a413e57bf839b3eed0099f2","name":"Editor","image":{"@type":"ImageObject","inLanguage":"es","@id":"https:\/\/secure.gravatar.com\/avatar\/d27fe9520667ca53441d36627a1d6b0fa4a813571ec4803687a7a3a7744685ac?s=96&d=mm&r=g","url":"https:\/\/secure.gravatar.com\/avatar\/d27fe9520667ca53441d36627a1d6b0fa4a813571ec4803687a7a3a7744685ac?s=96&d=mm&r=g","contentUrl":"https:\/\/secure.gravatar.com\/avatar\/d27fe9520667ca53441d36627a1d6b0fa4a813571ec4803687a7a3a7744685ac?s=96&d=mm&r=g","caption":"Editor"},"url":"https:\/\/infopba247.com.ar\/index.php\/author\/editor\/"}]}},"_links":{"self":[{"href":"https:\/\/infopba247.com.ar\/index.php\/wp-json\/wp\/v2\/posts\/4543","targetHints":{"allow":["GET"]}}],"collection":[{"href":"https:\/\/infopba247.com.ar\/index.php\/wp-json\/wp\/v2\/posts"}],"about":[{"href":"https:\/\/infopba247.com.ar\/index.php\/wp-json\/wp\/v2\/types\/post"}],"author":[{"embeddable":true,"href":"https:\/\/infopba247.com.ar\/index.php\/wp-json\/wp\/v2\/users\/3"}],"replies":[{"embeddable":true,"href":"https:\/\/infopba247.com.ar\/index.php\/wp-json\/wp\/v2\/comments?post=4543"}],"version-history":[{"count":1,"href":"https:\/\/infopba247.com.ar\/index.php\/wp-json\/wp\/v2\/posts\/4543\/revisions"}],"predecessor-version":[{"id":4547,"href":"https:\/\/infopba247.com.ar\/index.php\/wp-json\/wp\/v2\/posts\/4543\/revisions\/4547"}],"wp:featuredmedia":[{"embeddable":true,"href":"https:\/\/infopba247.com.ar\/index.php\/wp-json\/wp\/v2\/media\/4546"}],"wp:attachment":[{"href":"https:\/\/infopba247.com.ar\/index.php\/wp-json\/wp\/v2\/media?parent=4543"}],"wp:term":[{"taxonomy":"category","embeddable":true,"href":"https:\/\/infopba247.com.ar\/index.php\/wp-json\/wp\/v2\/categories?post=4543"},{"taxonomy":"post_tag","embeddable":true,"href":"https:\/\/infopba247.com.ar\/index.php\/wp-json\/wp\/v2\/tags?post=4543"}],"curies":[{"name":"wp","href":"https:\/\/api.w.org\/{rel}","templated":true}]}}