{"id":451,"date":"2022-06-29T12:24:57","date_gmt":"2022-06-29T12:24:57","guid":{"rendered":"https:\/\/infopba247.com.ar\/?p=451"},"modified":"2022-06-29T12:24:57","modified_gmt":"2022-06-29T12:24:57","slug":"macri-vidal-y-ritondo-se-mostraron-en-la-plata-recorrieron-el-arroyo-el-gato-y-hablaron-con-una-vecina-en-pijamas","status":"publish","type":"post","link":"https:\/\/infopba247.com.ar\/index.php\/2022\/06\/29\/macri-vidal-y-ritondo-se-mostraron-en-la-plata-recorrieron-el-arroyo-el-gato-y-hablaron-con-una-vecina-en-pijamas\/","title":{"rendered":"Macri, Vidal y Ritondo se mostraron en La Plata, recorrieron el arroyo El Gato y hablaron con una vecina en pijamas"},"content":{"rendered":"\n<p>El expresidente Mauricio Macri y la exgobernadora Mar\u00eda Eugenia Vidal recorrieron este mi\u00e9rcoles la obra hidr\u00e1ulica del arroyo El Gato, en las afuera de La Plata, acompa\u00f1ados por el jefe de diputados del PRO, Cristian Ritondo, quien aspira a ser candidato a mandatario bonaerense de Juntos por el Cambio (JxC) en 2023.<\/p>\n\n\n\n<p>De la recorrida tambi\u00e9n particip\u00f3 el intendente de La Plata Julio Garro quien tiempo atr\u00e1s tambi\u00e9n manifest\u00f3 su deseo de ser candidato a gobernador en las elecciones pr\u00f3ximas.<\/p>\n\n\n\n<p>Adem\u00e1s de recorrer la obra, los dirigentes conversaron con comerciantes y un grupo de vecinos de Tolosa. La caminata por el barrio fue difundida con una selfie tomada junto a una vecina en pijama y un Iphone con una llamativa funda.<\/p>\n\n\n\n<p>La recorrida de los dirigentes del PRO se da d\u00edas despu\u00e9s de que en La Plata aparecieran pasacalles en diferentes puntos de la ciudad anunciando el lanzamiento de Ritondo como candidato a Gobernador para 2023 en la provincia de Buenos Aires.<\/p>\n\n\n\n<p>\u201cMuy contento de estar ac\u00e1, de ver el valor transformador que puede tener una obra en las vidas de miles de personas. Muy lindo tambi\u00e9n conversar con la gente y que ellos mismos te cuenten el cambio para mejor. Familias que perdieron todo en 2013 y ahora dicen que viven tranquilas, porque saben que eso no va a volver a pasar\u201d, se\u00f1al\u00f3 Macri.<\/p>\n\n\n\n<p>A su turno, la exgobernadora indic\u00f3 que la obra del arroyo El Gato vino \u201ca solucionar uno de los problemas estructurales m\u00e1s importantes que ten\u00eda La Plata en materia de inundaciones\u201d.<\/p>\n\n\n\n<p>Las obras de infraestructura en el arroyo El Gato fueron financiadas por el BID. Su gesti\u00f3n fue iniciada luego de la inundaci\u00f3n del 2013 pero su concresi\u00f3n tuvo lugar durante el gobierno macrista.<\/p>\n","protected":false},"excerpt":{"rendered":"<p>El expresidente Mauricio Macri y la exgobernadora Mar\u00eda Eugenia Vidal recorrieron este mi\u00e9rcoles la obra hidr\u00e1ulica del arroyo El Gato,<\/p>\n","protected":false},"author":3,"featured_media":452,"comment_status":"closed","ping_status":"closed","sticky":false,"template":"","format":"standard","meta":{"colormag_page_container_layout":"default_layout","colormag_page_sidebar_layout":"default_layout","footnotes":""},"categories":[12,1,14],"tags":[32],"class_list":["post-451","post","type-post","status-publish","format-standard","has-post-thumbnail","hentry","category-8va-seccion","category-destacadas","category-politica","tag-municipalidad-de-la-plata"],"yoast_head":"<!-- This site is optimized with the Yoast SEO plugin v27.4 - https:\/\/yoast.com\/product\/yoast-seo-wordpress\/ -->\n<title>Macri, Vidal y Ritondo se mostraron en La Plata, recorrieron el arroyo El Gato y hablaron con una vecina en pijamas - InfoPBA247<\/title>\n<meta name=\"robots\" content=\"index, follow, max-snippet:-1, max-image-preview:large, max-video-preview:-1\" \/>\n<link rel=\"canonical\" href=\"https:\/\/infopba247.com.ar\/index.php\/2022\/06\/29\/macri-vidal-y-ritondo-se-mostraron-en-la-plata-recorrieron-el-arroyo-el-gato-y-hablaron-con-una-vecina-en-pijamas\/\" \/>\n<meta property=\"og:locale\" content=\"es_ES\" \/>\n<meta property=\"og:type\" content=\"article\" \/>\n<meta property=\"og:title\" content=\"Macri, Vidal y Ritondo se mostraron en La Plata, recorrieron el arroyo El Gato y hablaron con una vecina en pijamas - InfoPBA247\" \/>\n<meta property=\"og:description\" content=\"El expresidente Mauricio Macri y la exgobernadora Mar\u00eda Eugenia Vidal recorrieron este mi\u00e9rcoles la obra hidr\u00e1ulica del arroyo El Gato,\" \/>\n<meta property=\"og:url\" content=\"https:\/\/infopba247.com.ar\/index.php\/2022\/06\/29\/macri-vidal-y-ritondo-se-mostraron-en-la-plata-recorrieron-el-arroyo-el-gato-y-hablaron-con-una-vecina-en-pijamas\/\" \/>\n<meta property=\"og:site_name\" content=\"InfoPBA247\" \/>\n<meta property=\"article:publisher\" content=\"https:\/\/www.facebook.com\/InfoPBA\" \/>\n<meta property=\"article:published_time\" content=\"2022-06-29T12:24:57+00:00\" \/>\n<meta property=\"og:image\" content=\"https:\/\/infopba247.com.ar\/wp-content\/uploads\/2022\/06\/macri-en-el-arroyo-el-gato.jpg\" \/>\n\t<meta property=\"og:image:width\" content=\"826\" \/>\n\t<meta property=\"og:image:height\" content=\"1032\" \/>\n\t<meta property=\"og:image:type\" content=\"image\/jpeg\" \/>\n<meta name=\"author\" content=\"Editor\" \/>\n<meta name=\"twitter:card\" content=\"summary_large_image\" \/>\n<meta name=\"twitter:label1\" content=\"Escrito por\" \/>\n\t<meta name=\"twitter:data1\" content=\"Editor\" \/>\n\t<meta name=\"twitter:label2\" content=\"Tiempo de lectura\" \/>\n\t<meta name=\"twitter:data2\" content=\"2 minutos\" \/>\n<script type=\"application\/ld+json\" class=\"yoast-schema-graph\">{\"@context\":\"https:\\\/\\\/schema.org\",\"@graph\":[{\"@type\":\"Article\",\"@id\":\"https:\\\/\\\/infopba247.com.ar\\\/index.php\\\/2022\\\/06\\\/29\\\/macri-vidal-y-ritondo-se-mostraron-en-la-plata-recorrieron-el-arroyo-el-gato-y-hablaron-con-una-vecina-en-pijamas\\\/#article\",\"isPartOf\":{\"@id\":\"https:\\\/\\\/infopba247.com.ar\\\/index.php\\\/2022\\\/06\\\/29\\\/macri-vidal-y-ritondo-se-mostraron-en-la-plata-recorrieron-el-arroyo-el-gato-y-hablaron-con-una-vecina-en-pijamas\\\/\"},\"author\":{\"name\":\"Editor\",\"@id\":\"https:\\\/\\\/infopba247.com.ar\\\/#\\\/schema\\\/person\\\/4975f1343a413e57bf839b3eed0099f2\"},\"headline\":\"Macri, Vidal y Ritondo se mostraron en La Plata, recorrieron el arroyo El Gato y hablaron con una vecina en pijamas\",\"datePublished\":\"2022-06-29T12:24:57+00:00\",\"mainEntityOfPage\":{\"@id\":\"https:\\\/\\\/infopba247.com.ar\\\/index.php\\\/2022\\\/06\\\/29\\\/macri-vidal-y-ritondo-se-mostraron-en-la-plata-recorrieron-el-arroyo-el-gato-y-hablaron-con-una-vecina-en-pijamas\\\/\"},\"wordCount\":324,\"publisher\":{\"@id\":\"https:\\\/\\\/infopba247.com.ar\\\/#organization\"},\"image\":{\"@id\":\"https:\\\/\\\/infopba247.com.ar\\\/index.php\\\/2022\\\/06\\\/29\\\/macri-vidal-y-ritondo-se-mostraron-en-la-plata-recorrieron-el-arroyo-el-gato-y-hablaron-con-una-vecina-en-pijamas\\\/#primaryimage\"},\"thumbnailUrl\":\"https:\\\/\\\/infopba247.com.ar\\\/wp-content\\\/uploads\\\/2022\\\/06\\\/macri-en-el-arroyo-el-gato.jpg\",\"keywords\":[\"Municipalidad de La Plata\"],\"articleSection\":[\"8va Secci\u00f3n\",\"Destacadas\",\"Pol\u00edtica\"],\"inLanguage\":\"es\"},{\"@type\":\"WebPage\",\"@id\":\"https:\\\/\\\/infopba247.com.ar\\\/index.php\\\/2022\\\/06\\\/29\\\/macri-vidal-y-ritondo-se-mostraron-en-la-plata-recorrieron-el-arroyo-el-gato-y-hablaron-con-una-vecina-en-pijamas\\\/\",\"url\":\"https:\\\/\\\/infopba247.com.ar\\\/index.php\\\/2022\\\/06\\\/29\\\/macri-vidal-y-ritondo-se-mostraron-en-la-plata-recorrieron-el-arroyo-el-gato-y-hablaron-con-una-vecina-en-pijamas\\\/\",\"name\":\"Macri, Vidal y Ritondo se mostraron en La Plata, recorrieron el arroyo El Gato y hablaron con una vecina en pijamas - InfoPBA247\",\"isPartOf\":{\"@id\":\"https:\\\/\\\/infopba247.com.ar\\\/#website\"},\"primaryImageOfPage\":{\"@id\":\"https:\\\/\\\/infopba247.com.ar\\\/index.php\\\/2022\\\/06\\\/29\\\/macri-vidal-y-ritondo-se-mostraron-en-la-plata-recorrieron-el-arroyo-el-gato-y-hablaron-con-una-vecina-en-pijamas\\\/#primaryimage\"},\"image\":{\"@id\":\"https:\\\/\\\/infopba247.com.ar\\\/index.php\\\/2022\\\/06\\\/29\\\/macri-vidal-y-ritondo-se-mostraron-en-la-plata-recorrieron-el-arroyo-el-gato-y-hablaron-con-una-vecina-en-pijamas\\\/#primaryimage\"},\"thumbnailUrl\":\"https:\\\/\\\/infopba247.com.ar\\\/wp-content\\\/uploads\\\/2022\\\/06\\\/macri-en-el-arroyo-el-gato.jpg\",\"datePublished\":\"2022-06-29T12:24:57+00:00\",\"breadcrumb\":{\"@id\":\"https:\\\/\\\/infopba247.com.ar\\\/index.php\\\/2022\\\/06\\\/29\\\/macri-vidal-y-ritondo-se-mostraron-en-la-plata-recorrieron-el-arroyo-el-gato-y-hablaron-con-una-vecina-en-pijamas\\\/#breadcrumb\"},\"inLanguage\":\"es\",\"potentialAction\":[{\"@type\":\"ReadAction\",\"target\":[\"https:\\\/\\\/infopba247.com.ar\\\/index.php\\\/2022\\\/06\\\/29\\\/macri-vidal-y-ritondo-se-mostraron-en-la-plata-recorrieron-el-arroyo-el-gato-y-hablaron-con-una-vecina-en-pijamas\\\/\"]}]},{\"@type\":\"ImageObject\",\"inLanguage\":\"es\",\"@id\":\"https:\\\/\\\/infopba247.com.ar\\\/index.php\\\/2022\\\/06\\\/29\\\/macri-vidal-y-ritondo-se-mostraron-en-la-plata-recorrieron-el-arroyo-el-gato-y-hablaron-con-una-vecina-en-pijamas\\\/#primaryimage\",\"url\":\"https:\\\/\\\/infopba247.com.ar\\\/wp-content\\\/uploads\\\/2022\\\/06\\\/macri-en-el-arroyo-el-gato.jpg\",\"contentUrl\":\"https:\\\/\\\/infopba247.com.ar\\\/wp-content\\\/uploads\\\/2022\\\/06\\\/macri-en-el-arroyo-el-gato.jpg\",\"width\":826,\"height\":1032},{\"@type\":\"BreadcrumbList\",\"@id\":\"https:\\\/\\\/infopba247.com.ar\\\/index.php\\\/2022\\\/06\\\/29\\\/macri-vidal-y-ritondo-se-mostraron-en-la-plata-recorrieron-el-arroyo-el-gato-y-hablaron-con-una-vecina-en-pijamas\\\/#breadcrumb\",\"itemListElement\":[{\"@type\":\"ListItem\",\"position\":1,\"name\":\"Portada\",\"item\":\"https:\\\/\\\/infopba247.com.ar\\\/\"},{\"@type\":\"ListItem\",\"position\":2,\"name\":\"Macri, Vidal y Ritondo se mostraron en La Plata, recorrieron el arroyo El Gato y hablaron con una vecina en pijamas\"}]},{\"@type\":\"WebSite\",\"@id\":\"https:\\\/\\\/infopba247.com.ar\\\/#website\",\"url\":\"https:\\\/\\\/infopba247.com.ar\\\/\",\"name\":\"InfoPBA247\",\"description\":\"Toda la actualidad bonaerense\",\"publisher\":{\"@id\":\"https:\\\/\\\/infopba247.com.ar\\\/#organization\"},\"potentialAction\":[{\"@type\":\"SearchAction\",\"target\":{\"@type\":\"EntryPoint\",\"urlTemplate\":\"https:\\\/\\\/infopba247.com.ar\\\/?s={search_term_string}\"},\"query-input\":{\"@type\":\"PropertyValueSpecification\",\"valueRequired\":true,\"valueName\":\"search_term_string\"}}],\"inLanguage\":\"es\"},{\"@type\":\"Organization\",\"@id\":\"https:\\\/\\\/infopba247.com.ar\\\/#organization\",\"name\":\"InfoPBA247\",\"url\":\"https:\\\/\\\/infopba247.com.ar\\\/\",\"logo\":{\"@type\":\"ImageObject\",\"inLanguage\":\"es\",\"@id\":\"https:\\\/\\\/infopba247.com.ar\\\/#\\\/schema\\\/logo\\\/image\\\/\",\"url\":\"https:\\\/\\\/infopba247.com.ar\\\/wp-content\\\/uploads\\\/2022\\\/03\\\/cropped-InfoPBA247-1.png\",\"contentUrl\":\"https:\\\/\\\/infopba247.com.ar\\\/wp-content\\\/uploads\\\/2022\\\/03\\\/cropped-InfoPBA247-1.png\",\"width\":500,\"height\":122,\"caption\":\"InfoPBA247\"},\"image\":{\"@id\":\"https:\\\/\\\/infopba247.com.ar\\\/#\\\/schema\\\/logo\\\/image\\\/\"},\"sameAs\":[\"https:\\\/\\\/www.facebook.com\\\/InfoPBA\"]},{\"@type\":\"Person\",\"@id\":\"https:\\\/\\\/infopba247.com.ar\\\/#\\\/schema\\\/person\\\/4975f1343a413e57bf839b3eed0099f2\",\"name\":\"Editor\",\"image\":{\"@type\":\"ImageObject\",\"inLanguage\":\"es\",\"@id\":\"https:\\\/\\\/secure.gravatar.com\\\/avatar\\\/d27fe9520667ca53441d36627a1d6b0fa4a813571ec4803687a7a3a7744685ac?s=96&d=mm&r=g\",\"url\":\"https:\\\/\\\/secure.gravatar.com\\\/avatar\\\/d27fe9520667ca53441d36627a1d6b0fa4a813571ec4803687a7a3a7744685ac?s=96&d=mm&r=g\",\"contentUrl\":\"https:\\\/\\\/secure.gravatar.com\\\/avatar\\\/d27fe9520667ca53441d36627a1d6b0fa4a813571ec4803687a7a3a7744685ac?s=96&d=mm&r=g\",\"caption\":\"Editor\"},\"url\":\"https:\\\/\\\/infopba247.com.ar\\\/index.php\\\/author\\\/editor\\\/\"}]}<\/script>\n<!-- \/ Yoast SEO plugin. -->","yoast_head_json":{"title":"Macri, Vidal y Ritondo se mostraron en La Plata, recorrieron el arroyo El Gato y hablaron con una vecina en pijamas - InfoPBA247","robots":{"index":"index","follow":"follow","max-snippet":"max-snippet:-1","max-image-preview":"max-image-preview:large","max-video-preview":"max-video-preview:-1"},"canonical":"https:\/\/infopba247.com.ar\/index.php\/2022\/06\/29\/macri-vidal-y-ritondo-se-mostraron-en-la-plata-recorrieron-el-arroyo-el-gato-y-hablaron-con-una-vecina-en-pijamas\/","og_locale":"es_ES","og_type":"article","og_title":"Macri, Vidal y Ritondo se mostraron en La Plata, recorrieron el arroyo El Gato y hablaron con una vecina en pijamas - InfoPBA247","og_description":"El expresidente Mauricio Macri y la exgobernadora Mar\u00eda Eugenia Vidal recorrieron este mi\u00e9rcoles la obra hidr\u00e1ulica del arroyo El Gato,","og_url":"https:\/\/infopba247.com.ar\/index.php\/2022\/06\/29\/macri-vidal-y-ritondo-se-mostraron-en-la-plata-recorrieron-el-arroyo-el-gato-y-hablaron-con-una-vecina-en-pijamas\/","og_site_name":"InfoPBA247","article_publisher":"https:\/\/www.facebook.com\/InfoPBA","article_published_time":"2022-06-29T12:24:57+00:00","og_image":[{"width":826,"height":1032,"url":"https:\/\/infopba247.com.ar\/wp-content\/uploads\/2022\/06\/macri-en-el-arroyo-el-gato.jpg","type":"image\/jpeg"}],"author":"Editor","twitter_card":"summary_large_image","twitter_misc":{"Escrito por":"Editor","Tiempo de lectura":"2 minutos"},"schema":{"@context":"https:\/\/schema.org","@graph":[{"@type":"Article","@id":"https:\/\/infopba247.com.ar\/index.php\/2022\/06\/29\/macri-vidal-y-ritondo-se-mostraron-en-la-plata-recorrieron-el-arroyo-el-gato-y-hablaron-con-una-vecina-en-pijamas\/#article","isPartOf":{"@id":"https:\/\/infopba247.com.ar\/index.php\/2022\/06\/29\/macri-vidal-y-ritondo-se-mostraron-en-la-plata-recorrieron-el-arroyo-el-gato-y-hablaron-con-una-vecina-en-pijamas\/"},"author":{"name":"Editor","@id":"https:\/\/infopba247.com.ar\/#\/schema\/person\/4975f1343a413e57bf839b3eed0099f2"},"headline":"Macri, Vidal y Ritondo se mostraron en La Plata, recorrieron el arroyo El Gato y hablaron con una vecina en pijamas","datePublished":"2022-06-29T12:24:57+00:00","mainEntityOfPage":{"@id":"https:\/\/infopba247.com.ar\/index.php\/2022\/06\/29\/macri-vidal-y-ritondo-se-mostraron-en-la-plata-recorrieron-el-arroyo-el-gato-y-hablaron-con-una-vecina-en-pijamas\/"},"wordCount":324,"publisher":{"@id":"https:\/\/infopba247.com.ar\/#organization"},"image":{"@id":"https:\/\/infopba247.com.ar\/index.php\/2022\/06\/29\/macri-vidal-y-ritondo-se-mostraron-en-la-plata-recorrieron-el-arroyo-el-gato-y-hablaron-con-una-vecina-en-pijamas\/#primaryimage"},"thumbnailUrl":"https:\/\/infopba247.com.ar\/wp-content\/uploads\/2022\/06\/macri-en-el-arroyo-el-gato.jpg","keywords":["Municipalidad de La Plata"],"articleSection":["8va Secci\u00f3n","Destacadas","Pol\u00edtica"],"inLanguage":"es"},{"@type":"WebPage","@id":"https:\/\/infopba247.com.ar\/index.php\/2022\/06\/29\/macri-vidal-y-ritondo-se-mostraron-en-la-plata-recorrieron-el-arroyo-el-gato-y-hablaron-con-una-vecina-en-pijamas\/","url":"https:\/\/infopba247.com.ar\/index.php\/2022\/06\/29\/macri-vidal-y-ritondo-se-mostraron-en-la-plata-recorrieron-el-arroyo-el-gato-y-hablaron-con-una-vecina-en-pijamas\/","name":"Macri, Vidal y Ritondo se mostraron en La Plata, recorrieron el arroyo El Gato y hablaron con una vecina en pijamas - InfoPBA247","isPartOf":{"@id":"https:\/\/infopba247.com.ar\/#website"},"primaryImageOfPage":{"@id":"https:\/\/infopba247.com.ar\/index.php\/2022\/06\/29\/macri-vidal-y-ritondo-se-mostraron-en-la-plata-recorrieron-el-arroyo-el-gato-y-hablaron-con-una-vecina-en-pijamas\/#primaryimage"},"image":{"@id":"https:\/\/infopba247.com.ar\/index.php\/2022\/06\/29\/macri-vidal-y-ritondo-se-mostraron-en-la-plata-recorrieron-el-arroyo-el-gato-y-hablaron-con-una-vecina-en-pijamas\/#primaryimage"},"thumbnailUrl":"https:\/\/infopba247.com.ar\/wp-content\/uploads\/2022\/06\/macri-en-el-arroyo-el-gato.jpg","datePublished":"2022-06-29T12:24:57+00:00","breadcrumb":{"@id":"https:\/\/infopba247.com.ar\/index.php\/2022\/06\/29\/macri-vidal-y-ritondo-se-mostraron-en-la-plata-recorrieron-el-arroyo-el-gato-y-hablaron-con-una-vecina-en-pijamas\/#breadcrumb"},"inLanguage":"es","potentialAction":[{"@type":"ReadAction","target":["https:\/\/infopba247.com.ar\/index.php\/2022\/06\/29\/macri-vidal-y-ritondo-se-mostraron-en-la-plata-recorrieron-el-arroyo-el-gato-y-hablaron-con-una-vecina-en-pijamas\/"]}]},{"@type":"ImageObject","inLanguage":"es","@id":"https:\/\/infopba247.com.ar\/index.php\/2022\/06\/29\/macri-vidal-y-ritondo-se-mostraron-en-la-plata-recorrieron-el-arroyo-el-gato-y-hablaron-con-una-vecina-en-pijamas\/#primaryimage","url":"https:\/\/infopba247.com.ar\/wp-content\/uploads\/2022\/06\/macri-en-el-arroyo-el-gato.jpg","contentUrl":"https:\/\/infopba247.com.ar\/wp-content\/uploads\/2022\/06\/macri-en-el-arroyo-el-gato.jpg","width":826,"height":1032},{"@type":"BreadcrumbList","@id":"https:\/\/infopba247.com.ar\/index.php\/2022\/06\/29\/macri-vidal-y-ritondo-se-mostraron-en-la-plata-recorrieron-el-arroyo-el-gato-y-hablaron-con-una-vecina-en-pijamas\/#breadcrumb","itemListElement":[{"@type":"ListItem","position":1,"name":"Portada","item":"https:\/\/infopba247.com.ar\/"},{"@type":"ListItem","position":2,"name":"Macri, Vidal y Ritondo se mostraron en La Plata, recorrieron el arroyo El Gato y hablaron con una vecina en pijamas"}]},{"@type":"WebSite","@id":"https:\/\/infopba247.com.ar\/#website","url":"https:\/\/infopba247.com.ar\/","name":"InfoPBA247","description":"Toda la actualidad bonaerense","publisher":{"@id":"https:\/\/infopba247.com.ar\/#organization"},"potentialAction":[{"@type":"SearchAction","target":{"@type":"EntryPoint","urlTemplate":"https:\/\/infopba247.com.ar\/?s={search_term_string}"},"query-input":{"@type":"PropertyValueSpecification","valueRequired":true,"valueName":"search_term_string"}}],"inLanguage":"es"},{"@type":"Organization","@id":"https:\/\/infopba247.com.ar\/#organization","name":"InfoPBA247","url":"https:\/\/infopba247.com.ar\/","logo":{"@type":"ImageObject","inLanguage":"es","@id":"https:\/\/infopba247.com.ar\/#\/schema\/logo\/image\/","url":"https:\/\/infopba247.com.ar\/wp-content\/uploads\/2022\/03\/cropped-InfoPBA247-1.png","contentUrl":"https:\/\/infopba247.com.ar\/wp-content\/uploads\/2022\/03\/cropped-InfoPBA247-1.png","width":500,"height":122,"caption":"InfoPBA247"},"image":{"@id":"https:\/\/infopba247.com.ar\/#\/schema\/logo\/image\/"},"sameAs":["https:\/\/www.facebook.com\/InfoPBA"]},{"@type":"Person","@id":"https:\/\/infopba247.com.ar\/#\/schema\/person\/4975f1343a413e57bf839b3eed0099f2","name":"Editor","image":{"@type":"ImageObject","inLanguage":"es","@id":"https:\/\/secure.gravatar.com\/avatar\/d27fe9520667ca53441d36627a1d6b0fa4a813571ec4803687a7a3a7744685ac?s=96&d=mm&r=g","url":"https:\/\/secure.gravatar.com\/avatar\/d27fe9520667ca53441d36627a1d6b0fa4a813571ec4803687a7a3a7744685ac?s=96&d=mm&r=g","contentUrl":"https:\/\/secure.gravatar.com\/avatar\/d27fe9520667ca53441d36627a1d6b0fa4a813571ec4803687a7a3a7744685ac?s=96&d=mm&r=g","caption":"Editor"},"url":"https:\/\/infopba247.com.ar\/index.php\/author\/editor\/"}]}},"_links":{"self":[{"href":"https:\/\/infopba247.com.ar\/index.php\/wp-json\/wp\/v2\/posts\/451","targetHints":{"allow":["GET"]}}],"collection":[{"href":"https:\/\/infopba247.com.ar\/index.php\/wp-json\/wp\/v2\/posts"}],"about":[{"href":"https:\/\/infopba247.com.ar\/index.php\/wp-json\/wp\/v2\/types\/post"}],"author":[{"embeddable":true,"href":"https:\/\/infopba247.com.ar\/index.php\/wp-json\/wp\/v2\/users\/3"}],"replies":[{"embeddable":true,"href":"https:\/\/infopba247.com.ar\/index.php\/wp-json\/wp\/v2\/comments?post=451"}],"version-history":[{"count":1,"href":"https:\/\/infopba247.com.ar\/index.php\/wp-json\/wp\/v2\/posts\/451\/revisions"}],"predecessor-version":[{"id":453,"href":"https:\/\/infopba247.com.ar\/index.php\/wp-json\/wp\/v2\/posts\/451\/revisions\/453"}],"wp:featuredmedia":[{"embeddable":true,"href":"https:\/\/infopba247.com.ar\/index.php\/wp-json\/wp\/v2\/media\/452"}],"wp:attachment":[{"href":"https:\/\/infopba247.com.ar\/index.php\/wp-json\/wp\/v2\/media?parent=451"}],"wp:term":[{"taxonomy":"category","embeddable":true,"href":"https:\/\/infopba247.com.ar\/index.php\/wp-json\/wp\/v2\/categories?post=451"},{"taxonomy":"post_tag","embeddable":true,"href":"https:\/\/infopba247.com.ar\/index.php\/wp-json\/wp\/v2\/tags?post=451"}],"curies":[{"name":"wp","href":"https:\/\/api.w.org\/{rel}","templated":true}]}}