{"id":4499,"date":"2024-07-05T11:58:01","date_gmt":"2024-07-05T14:58:01","guid":{"rendered":"https:\/\/infopba247.com.ar\/?p=4499"},"modified":"2024-07-05T11:58:02","modified_gmt":"2024-07-05T14:58:02","slug":"mariel-fernandez-inauguro-la-obra-de-la-avenida-moctezuma-en-la-reja","status":"publish","type":"post","link":"https:\/\/infopba247.com.ar\/index.php\/2024\/07\/05\/mariel-fernandez-inauguro-la-obra-de-la-avenida-moctezuma-en-la-reja\/","title":{"rendered":"Mariel Fern\u00e1ndez inaugur\u00f3 la obra de la Avenida Moctezuma en La Reja"},"content":{"rendered":"\n<p>La intendenta de Moreno, Mariel Fern\u00e1ndez, acompa\u00f1ada por vecinas y vecinos, el ministro de Infraestructura y Servicios P\u00fablicos de la Provincia de Buenos Aires, Gabriel Katopodis y la secretaria de Obras y Servicios P\u00fablicos, Mar\u00eda Gim\u00e9nez, inaugur\u00f3 la obra de pavimentaci\u00f3n de la Avenida Moctezuma y la calle Camoens, en la localidad de La Reja.<\/p>\n\n\n\n<p>El trabajo contempl\u00f3 la pavimentaci\u00f3n de 26 cuadras, nuevas obras hidr\u00e1ulicas y la instalaci\u00f3n de luminarias LED. Una importante obra que conecta la Autopista del Acceso Oeste con la Ruta N\u00b025 e integra los barrios San Enrique, Lomas Verdes, Ampliaci\u00f3n Reja Grande y Reja Grande.<\/p>\n\n\n\n<p>\u201cLo m\u00e1s lindo es la felicidad de los vecinos porque ac\u00e1 hab\u00eda muchos barrios que quedaban aislados porque faltaba esta conexi\u00f3n entre la Ruta y la Autopista que es estrat\u00e9gica. Felices porque llega la urbanidad, la dignidad y la comunicaci\u00f3n. La obra p\u00fablica es algo bueno para todas y todos\u201d, afirm\u00f3 la jefa comunal durante la inauguraci\u00f3n.<\/p>\n\n\n\n<p>La obra comenz\u00f3 en el 2023 con financiamiento nacional, en diciembre fue paralizada cuando asumi\u00f3 el nuevo gobierno nacional, y el Municipio concluy\u00f3 el 80% del trabajo. \u201cInvitamos al ministro Katopodis porque este proyecto lo hab\u00edamos comenzado con \u00e9l como ministro de obras de Naci\u00f3n. Cuando lleg\u00f3 Milei decidi\u00f3 que no iba a financiar m\u00e1s la obra p\u00fablica y nos fren\u00f3 esta obra, pero como fue tan esperada por tantos a\u00f1os, hicimos un v\u00ednculo solidario con la empresa y pudimos resolverla con fondos municipales\u201d, se\u00f1al\u00f3 Mariel Fern\u00e1ndez.<\/p>\n\n\n\n<p>Lo que hace unos a\u00f1os era una zona abandonada, hoy es una de las principales arterias que favorecen al desarrollo industrial, mejoran el tr\u00e1nsito y la comunicaci\u00f3n en la localidad de La Reja.<\/p>\n","protected":false},"excerpt":{"rendered":"<p>La intendenta de Moreno, Mariel Fern\u00e1ndez, acompa\u00f1ada por vecinas y vecinos, el ministro de Infraestructura y Servicios P\u00fablicos de la<\/p>\n","protected":false},"author":3,"featured_media":4500,"comment_status":"closed","ping_status":"closed","sticky":false,"template":"","format":"standard","meta":{"colormag_page_container_layout":"default_layout","colormag_page_sidebar_layout":"default_layout","footnotes":""},"categories":[5,1,14],"tags":[],"class_list":["post-4499","post","type-post","status-publish","format-standard","has-post-thumbnail","hentry","category-1ra-seccion","category-destacadas","category-politica"],"yoast_head":"<!-- This site is optimized with the Yoast SEO plugin v27.4 - https:\/\/yoast.com\/product\/yoast-seo-wordpress\/ -->\n<title>Mariel Fern\u00e1ndez inaugur\u00f3 la obra de la Avenida Moctezuma en La Reja - InfoPBA247<\/title>\n<meta name=\"robots\" content=\"index, follow, max-snippet:-1, max-image-preview:large, max-video-preview:-1\" \/>\n<link rel=\"canonical\" href=\"https:\/\/infopba247.com.ar\/index.php\/2024\/07\/05\/mariel-fernandez-inauguro-la-obra-de-la-avenida-moctezuma-en-la-reja\/\" \/>\n<meta property=\"og:locale\" content=\"es_ES\" \/>\n<meta property=\"og:type\" content=\"article\" \/>\n<meta property=\"og:title\" content=\"Mariel Fern\u00e1ndez inaugur\u00f3 la obra de la Avenida Moctezuma en La Reja - InfoPBA247\" \/>\n<meta property=\"og:description\" content=\"La intendenta de Moreno, Mariel Fern\u00e1ndez, acompa\u00f1ada por vecinas y vecinos, el ministro de Infraestructura y Servicios P\u00fablicos de la\" \/>\n<meta property=\"og:url\" content=\"https:\/\/infopba247.com.ar\/index.php\/2024\/07\/05\/mariel-fernandez-inauguro-la-obra-de-la-avenida-moctezuma-en-la-reja\/\" \/>\n<meta property=\"og:site_name\" content=\"InfoPBA247\" \/>\n<meta property=\"article:publisher\" content=\"https:\/\/www.facebook.com\/InfoPBA\" \/>\n<meta property=\"article:published_time\" content=\"2024-07-05T14:58:01+00:00\" \/>\n<meta property=\"article:modified_time\" content=\"2024-07-05T14:58:02+00:00\" \/>\n<meta property=\"og:image\" content=\"https:\/\/infopba247.com.ar\/wp-content\/uploads\/2024\/07\/INAUGURACION-AV-MOCTEZUMA-1-scaled.jpg\" \/>\n\t<meta property=\"og:image:width\" content=\"2560\" \/>\n\t<meta property=\"og:image:height\" content=\"1440\" \/>\n\t<meta property=\"og:image:type\" content=\"image\/jpeg\" \/>\n<meta name=\"author\" content=\"Editor\" \/>\n<meta name=\"twitter:card\" content=\"summary_large_image\" \/>\n<meta name=\"twitter:label1\" content=\"Escrito por\" \/>\n\t<meta name=\"twitter:data1\" content=\"Editor\" \/>\n\t<meta name=\"twitter:label2\" content=\"Tiempo de lectura\" \/>\n\t<meta name=\"twitter:data2\" content=\"2 minutos\" \/>\n<script type=\"application\/ld+json\" class=\"yoast-schema-graph\">{\"@context\":\"https:\\\/\\\/schema.org\",\"@graph\":[{\"@type\":\"Article\",\"@id\":\"https:\\\/\\\/infopba247.com.ar\\\/index.php\\\/2024\\\/07\\\/05\\\/mariel-fernandez-inauguro-la-obra-de-la-avenida-moctezuma-en-la-reja\\\/#article\",\"isPartOf\":{\"@id\":\"https:\\\/\\\/infopba247.com.ar\\\/index.php\\\/2024\\\/07\\\/05\\\/mariel-fernandez-inauguro-la-obra-de-la-avenida-moctezuma-en-la-reja\\\/\"},\"author\":{\"name\":\"Editor\",\"@id\":\"https:\\\/\\\/infopba247.com.ar\\\/#\\\/schema\\\/person\\\/4975f1343a413e57bf839b3eed0099f2\"},\"headline\":\"Mariel Fern\u00e1ndez inaugur\u00f3 la obra de la Avenida Moctezuma en La Reja\",\"datePublished\":\"2024-07-05T14:58:01+00:00\",\"dateModified\":\"2024-07-05T14:58:02+00:00\",\"mainEntityOfPage\":{\"@id\":\"https:\\\/\\\/infopba247.com.ar\\\/index.php\\\/2024\\\/07\\\/05\\\/mariel-fernandez-inauguro-la-obra-de-la-avenida-moctezuma-en-la-reja\\\/\"},\"wordCount\":316,\"publisher\":{\"@id\":\"https:\\\/\\\/infopba247.com.ar\\\/#organization\"},\"image\":{\"@id\":\"https:\\\/\\\/infopba247.com.ar\\\/index.php\\\/2024\\\/07\\\/05\\\/mariel-fernandez-inauguro-la-obra-de-la-avenida-moctezuma-en-la-reja\\\/#primaryimage\"},\"thumbnailUrl\":\"https:\\\/\\\/infopba247.com.ar\\\/wp-content\\\/uploads\\\/2024\\\/07\\\/INAUGURACION-AV-MOCTEZUMA-1-scaled.jpg\",\"articleSection\":[\"1ra Secci\u00f3n\",\"Destacadas\",\"Pol\u00edtica\"],\"inLanguage\":\"es\"},{\"@type\":\"WebPage\",\"@id\":\"https:\\\/\\\/infopba247.com.ar\\\/index.php\\\/2024\\\/07\\\/05\\\/mariel-fernandez-inauguro-la-obra-de-la-avenida-moctezuma-en-la-reja\\\/\",\"url\":\"https:\\\/\\\/infopba247.com.ar\\\/index.php\\\/2024\\\/07\\\/05\\\/mariel-fernandez-inauguro-la-obra-de-la-avenida-moctezuma-en-la-reja\\\/\",\"name\":\"Mariel Fern\u00e1ndez inaugur\u00f3 la obra de la Avenida Moctezuma en La Reja - InfoPBA247\",\"isPartOf\":{\"@id\":\"https:\\\/\\\/infopba247.com.ar\\\/#website\"},\"primaryImageOfPage\":{\"@id\":\"https:\\\/\\\/infopba247.com.ar\\\/index.php\\\/2024\\\/07\\\/05\\\/mariel-fernandez-inauguro-la-obra-de-la-avenida-moctezuma-en-la-reja\\\/#primaryimage\"},\"image\":{\"@id\":\"https:\\\/\\\/infopba247.com.ar\\\/index.php\\\/2024\\\/07\\\/05\\\/mariel-fernandez-inauguro-la-obra-de-la-avenida-moctezuma-en-la-reja\\\/#primaryimage\"},\"thumbnailUrl\":\"https:\\\/\\\/infopba247.com.ar\\\/wp-content\\\/uploads\\\/2024\\\/07\\\/INAUGURACION-AV-MOCTEZUMA-1-scaled.jpg\",\"datePublished\":\"2024-07-05T14:58:01+00:00\",\"dateModified\":\"2024-07-05T14:58:02+00:00\",\"breadcrumb\":{\"@id\":\"https:\\\/\\\/infopba247.com.ar\\\/index.php\\\/2024\\\/07\\\/05\\\/mariel-fernandez-inauguro-la-obra-de-la-avenida-moctezuma-en-la-reja\\\/#breadcrumb\"},\"inLanguage\":\"es\",\"potentialAction\":[{\"@type\":\"ReadAction\",\"target\":[\"https:\\\/\\\/infopba247.com.ar\\\/index.php\\\/2024\\\/07\\\/05\\\/mariel-fernandez-inauguro-la-obra-de-la-avenida-moctezuma-en-la-reja\\\/\"]}]},{\"@type\":\"ImageObject\",\"inLanguage\":\"es\",\"@id\":\"https:\\\/\\\/infopba247.com.ar\\\/index.php\\\/2024\\\/07\\\/05\\\/mariel-fernandez-inauguro-la-obra-de-la-avenida-moctezuma-en-la-reja\\\/#primaryimage\",\"url\":\"https:\\\/\\\/infopba247.com.ar\\\/wp-content\\\/uploads\\\/2024\\\/07\\\/INAUGURACION-AV-MOCTEZUMA-1-scaled.jpg\",\"contentUrl\":\"https:\\\/\\\/infopba247.com.ar\\\/wp-content\\\/uploads\\\/2024\\\/07\\\/INAUGURACION-AV-MOCTEZUMA-1-scaled.jpg\",\"width\":2560,\"height\":1440},{\"@type\":\"BreadcrumbList\",\"@id\":\"https:\\\/\\\/infopba247.com.ar\\\/index.php\\\/2024\\\/07\\\/05\\\/mariel-fernandez-inauguro-la-obra-de-la-avenida-moctezuma-en-la-reja\\\/#breadcrumb\",\"itemListElement\":[{\"@type\":\"ListItem\",\"position\":1,\"name\":\"Portada\",\"item\":\"https:\\\/\\\/infopba247.com.ar\\\/\"},{\"@type\":\"ListItem\",\"position\":2,\"name\":\"Mariel Fern\u00e1ndez inaugur\u00f3 la obra de la Avenida Moctezuma en La Reja\"}]},{\"@type\":\"WebSite\",\"@id\":\"https:\\\/\\\/infopba247.com.ar\\\/#website\",\"url\":\"https:\\\/\\\/infopba247.com.ar\\\/\",\"name\":\"InfoPBA247\",\"description\":\"Toda la actualidad bonaerense\",\"publisher\":{\"@id\":\"https:\\\/\\\/infopba247.com.ar\\\/#organization\"},\"potentialAction\":[{\"@type\":\"SearchAction\",\"target\":{\"@type\":\"EntryPoint\",\"urlTemplate\":\"https:\\\/\\\/infopba247.com.ar\\\/?s={search_term_string}\"},\"query-input\":{\"@type\":\"PropertyValueSpecification\",\"valueRequired\":true,\"valueName\":\"search_term_string\"}}],\"inLanguage\":\"es\"},{\"@type\":\"Organization\",\"@id\":\"https:\\\/\\\/infopba247.com.ar\\\/#organization\",\"name\":\"InfoPBA247\",\"url\":\"https:\\\/\\\/infopba247.com.ar\\\/\",\"logo\":{\"@type\":\"ImageObject\",\"inLanguage\":\"es\",\"@id\":\"https:\\\/\\\/infopba247.com.ar\\\/#\\\/schema\\\/logo\\\/image\\\/\",\"url\":\"https:\\\/\\\/infopba247.com.ar\\\/wp-content\\\/uploads\\\/2022\\\/03\\\/cropped-InfoPBA247-1.png\",\"contentUrl\":\"https:\\\/\\\/infopba247.com.ar\\\/wp-content\\\/uploads\\\/2022\\\/03\\\/cropped-InfoPBA247-1.png\",\"width\":500,\"height\":122,\"caption\":\"InfoPBA247\"},\"image\":{\"@id\":\"https:\\\/\\\/infopba247.com.ar\\\/#\\\/schema\\\/logo\\\/image\\\/\"},\"sameAs\":[\"https:\\\/\\\/www.facebook.com\\\/InfoPBA\"]},{\"@type\":\"Person\",\"@id\":\"https:\\\/\\\/infopba247.com.ar\\\/#\\\/schema\\\/person\\\/4975f1343a413e57bf839b3eed0099f2\",\"name\":\"Editor\",\"image\":{\"@type\":\"ImageObject\",\"inLanguage\":\"es\",\"@id\":\"https:\\\/\\\/secure.gravatar.com\\\/avatar\\\/d27fe9520667ca53441d36627a1d6b0fa4a813571ec4803687a7a3a7744685ac?s=96&d=mm&r=g\",\"url\":\"https:\\\/\\\/secure.gravatar.com\\\/avatar\\\/d27fe9520667ca53441d36627a1d6b0fa4a813571ec4803687a7a3a7744685ac?s=96&d=mm&r=g\",\"contentUrl\":\"https:\\\/\\\/secure.gravatar.com\\\/avatar\\\/d27fe9520667ca53441d36627a1d6b0fa4a813571ec4803687a7a3a7744685ac?s=96&d=mm&r=g\",\"caption\":\"Editor\"},\"url\":\"https:\\\/\\\/infopba247.com.ar\\\/index.php\\\/author\\\/editor\\\/\"}]}<\/script>\n<!-- \/ Yoast SEO plugin. -->","yoast_head_json":{"title":"Mariel Fern\u00e1ndez inaugur\u00f3 la obra de la Avenida Moctezuma en La Reja - InfoPBA247","robots":{"index":"index","follow":"follow","max-snippet":"max-snippet:-1","max-image-preview":"max-image-preview:large","max-video-preview":"max-video-preview:-1"},"canonical":"https:\/\/infopba247.com.ar\/index.php\/2024\/07\/05\/mariel-fernandez-inauguro-la-obra-de-la-avenida-moctezuma-en-la-reja\/","og_locale":"es_ES","og_type":"article","og_title":"Mariel Fern\u00e1ndez inaugur\u00f3 la obra de la Avenida Moctezuma en La Reja - InfoPBA247","og_description":"La intendenta de Moreno, Mariel Fern\u00e1ndez, acompa\u00f1ada por vecinas y vecinos, el ministro de Infraestructura y Servicios P\u00fablicos de la","og_url":"https:\/\/infopba247.com.ar\/index.php\/2024\/07\/05\/mariel-fernandez-inauguro-la-obra-de-la-avenida-moctezuma-en-la-reja\/","og_site_name":"InfoPBA247","article_publisher":"https:\/\/www.facebook.com\/InfoPBA","article_published_time":"2024-07-05T14:58:01+00:00","article_modified_time":"2024-07-05T14:58:02+00:00","og_image":[{"width":2560,"height":1440,"url":"https:\/\/infopba247.com.ar\/wp-content\/uploads\/2024\/07\/INAUGURACION-AV-MOCTEZUMA-1-scaled.jpg","type":"image\/jpeg"}],"author":"Editor","twitter_card":"summary_large_image","twitter_misc":{"Escrito por":"Editor","Tiempo de lectura":"2 minutos"},"schema":{"@context":"https:\/\/schema.org","@graph":[{"@type":"Article","@id":"https:\/\/infopba247.com.ar\/index.php\/2024\/07\/05\/mariel-fernandez-inauguro-la-obra-de-la-avenida-moctezuma-en-la-reja\/#article","isPartOf":{"@id":"https:\/\/infopba247.com.ar\/index.php\/2024\/07\/05\/mariel-fernandez-inauguro-la-obra-de-la-avenida-moctezuma-en-la-reja\/"},"author":{"name":"Editor","@id":"https:\/\/infopba247.com.ar\/#\/schema\/person\/4975f1343a413e57bf839b3eed0099f2"},"headline":"Mariel Fern\u00e1ndez inaugur\u00f3 la obra de la Avenida Moctezuma en La Reja","datePublished":"2024-07-05T14:58:01+00:00","dateModified":"2024-07-05T14:58:02+00:00","mainEntityOfPage":{"@id":"https:\/\/infopba247.com.ar\/index.php\/2024\/07\/05\/mariel-fernandez-inauguro-la-obra-de-la-avenida-moctezuma-en-la-reja\/"},"wordCount":316,"publisher":{"@id":"https:\/\/infopba247.com.ar\/#organization"},"image":{"@id":"https:\/\/infopba247.com.ar\/index.php\/2024\/07\/05\/mariel-fernandez-inauguro-la-obra-de-la-avenida-moctezuma-en-la-reja\/#primaryimage"},"thumbnailUrl":"https:\/\/infopba247.com.ar\/wp-content\/uploads\/2024\/07\/INAUGURACION-AV-MOCTEZUMA-1-scaled.jpg","articleSection":["1ra Secci\u00f3n","Destacadas","Pol\u00edtica"],"inLanguage":"es"},{"@type":"WebPage","@id":"https:\/\/infopba247.com.ar\/index.php\/2024\/07\/05\/mariel-fernandez-inauguro-la-obra-de-la-avenida-moctezuma-en-la-reja\/","url":"https:\/\/infopba247.com.ar\/index.php\/2024\/07\/05\/mariel-fernandez-inauguro-la-obra-de-la-avenida-moctezuma-en-la-reja\/","name":"Mariel Fern\u00e1ndez inaugur\u00f3 la obra de la Avenida Moctezuma en La Reja - InfoPBA247","isPartOf":{"@id":"https:\/\/infopba247.com.ar\/#website"},"primaryImageOfPage":{"@id":"https:\/\/infopba247.com.ar\/index.php\/2024\/07\/05\/mariel-fernandez-inauguro-la-obra-de-la-avenida-moctezuma-en-la-reja\/#primaryimage"},"image":{"@id":"https:\/\/infopba247.com.ar\/index.php\/2024\/07\/05\/mariel-fernandez-inauguro-la-obra-de-la-avenida-moctezuma-en-la-reja\/#primaryimage"},"thumbnailUrl":"https:\/\/infopba247.com.ar\/wp-content\/uploads\/2024\/07\/INAUGURACION-AV-MOCTEZUMA-1-scaled.jpg","datePublished":"2024-07-05T14:58:01+00:00","dateModified":"2024-07-05T14:58:02+00:00","breadcrumb":{"@id":"https:\/\/infopba247.com.ar\/index.php\/2024\/07\/05\/mariel-fernandez-inauguro-la-obra-de-la-avenida-moctezuma-en-la-reja\/#breadcrumb"},"inLanguage":"es","potentialAction":[{"@type":"ReadAction","target":["https:\/\/infopba247.com.ar\/index.php\/2024\/07\/05\/mariel-fernandez-inauguro-la-obra-de-la-avenida-moctezuma-en-la-reja\/"]}]},{"@type":"ImageObject","inLanguage":"es","@id":"https:\/\/infopba247.com.ar\/index.php\/2024\/07\/05\/mariel-fernandez-inauguro-la-obra-de-la-avenida-moctezuma-en-la-reja\/#primaryimage","url":"https:\/\/infopba247.com.ar\/wp-content\/uploads\/2024\/07\/INAUGURACION-AV-MOCTEZUMA-1-scaled.jpg","contentUrl":"https:\/\/infopba247.com.ar\/wp-content\/uploads\/2024\/07\/INAUGURACION-AV-MOCTEZUMA-1-scaled.jpg","width":2560,"height":1440},{"@type":"BreadcrumbList","@id":"https:\/\/infopba247.com.ar\/index.php\/2024\/07\/05\/mariel-fernandez-inauguro-la-obra-de-la-avenida-moctezuma-en-la-reja\/#breadcrumb","itemListElement":[{"@type":"ListItem","position":1,"name":"Portada","item":"https:\/\/infopba247.com.ar\/"},{"@type":"ListItem","position":2,"name":"Mariel Fern\u00e1ndez inaugur\u00f3 la obra de la Avenida Moctezuma en La Reja"}]},{"@type":"WebSite","@id":"https:\/\/infopba247.com.ar\/#website","url":"https:\/\/infopba247.com.ar\/","name":"InfoPBA247","description":"Toda la actualidad bonaerense","publisher":{"@id":"https:\/\/infopba247.com.ar\/#organization"},"potentialAction":[{"@type":"SearchAction","target":{"@type":"EntryPoint","urlTemplate":"https:\/\/infopba247.com.ar\/?s={search_term_string}"},"query-input":{"@type":"PropertyValueSpecification","valueRequired":true,"valueName":"search_term_string"}}],"inLanguage":"es"},{"@type":"Organization","@id":"https:\/\/infopba247.com.ar\/#organization","name":"InfoPBA247","url":"https:\/\/infopba247.com.ar\/","logo":{"@type":"ImageObject","inLanguage":"es","@id":"https:\/\/infopba247.com.ar\/#\/schema\/logo\/image\/","url":"https:\/\/infopba247.com.ar\/wp-content\/uploads\/2022\/03\/cropped-InfoPBA247-1.png","contentUrl":"https:\/\/infopba247.com.ar\/wp-content\/uploads\/2022\/03\/cropped-InfoPBA247-1.png","width":500,"height":122,"caption":"InfoPBA247"},"image":{"@id":"https:\/\/infopba247.com.ar\/#\/schema\/logo\/image\/"},"sameAs":["https:\/\/www.facebook.com\/InfoPBA"]},{"@type":"Person","@id":"https:\/\/infopba247.com.ar\/#\/schema\/person\/4975f1343a413e57bf839b3eed0099f2","name":"Editor","image":{"@type":"ImageObject","inLanguage":"es","@id":"https:\/\/secure.gravatar.com\/avatar\/d27fe9520667ca53441d36627a1d6b0fa4a813571ec4803687a7a3a7744685ac?s=96&d=mm&r=g","url":"https:\/\/secure.gravatar.com\/avatar\/d27fe9520667ca53441d36627a1d6b0fa4a813571ec4803687a7a3a7744685ac?s=96&d=mm&r=g","contentUrl":"https:\/\/secure.gravatar.com\/avatar\/d27fe9520667ca53441d36627a1d6b0fa4a813571ec4803687a7a3a7744685ac?s=96&d=mm&r=g","caption":"Editor"},"url":"https:\/\/infopba247.com.ar\/index.php\/author\/editor\/"}]}},"_links":{"self":[{"href":"https:\/\/infopba247.com.ar\/index.php\/wp-json\/wp\/v2\/posts\/4499","targetHints":{"allow":["GET"]}}],"collection":[{"href":"https:\/\/infopba247.com.ar\/index.php\/wp-json\/wp\/v2\/posts"}],"about":[{"href":"https:\/\/infopba247.com.ar\/index.php\/wp-json\/wp\/v2\/types\/post"}],"author":[{"embeddable":true,"href":"https:\/\/infopba247.com.ar\/index.php\/wp-json\/wp\/v2\/users\/3"}],"replies":[{"embeddable":true,"href":"https:\/\/infopba247.com.ar\/index.php\/wp-json\/wp\/v2\/comments?post=4499"}],"version-history":[{"count":1,"href":"https:\/\/infopba247.com.ar\/index.php\/wp-json\/wp\/v2\/posts\/4499\/revisions"}],"predecessor-version":[{"id":4501,"href":"https:\/\/infopba247.com.ar\/index.php\/wp-json\/wp\/v2\/posts\/4499\/revisions\/4501"}],"wp:featuredmedia":[{"embeddable":true,"href":"https:\/\/infopba247.com.ar\/index.php\/wp-json\/wp\/v2\/media\/4500"}],"wp:attachment":[{"href":"https:\/\/infopba247.com.ar\/index.php\/wp-json\/wp\/v2\/media?parent=4499"}],"wp:term":[{"taxonomy":"category","embeddable":true,"href":"https:\/\/infopba247.com.ar\/index.php\/wp-json\/wp\/v2\/categories?post=4499"},{"taxonomy":"post_tag","embeddable":true,"href":"https:\/\/infopba247.com.ar\/index.php\/wp-json\/wp\/v2\/tags?post=4499"}],"curies":[{"name":"wp","href":"https:\/\/api.w.org\/{rel}","templated":true}]}}