{"id":4483,"date":"2024-07-03T10:40:13","date_gmt":"2024-07-03T13:40:13","guid":{"rendered":"https:\/\/infopba247.com.ar\/?p=4483"},"modified":"2024-07-03T10:40:14","modified_gmt":"2024-07-03T13:40:14","slug":"este-fin-de-semana-comienza-la-21-edicion-de-la-fiesta-del-vino-de-la-costa","status":"publish","type":"post","link":"https:\/\/infopba247.com.ar\/index.php\/2024\/07\/03\/este-fin-de-semana-comienza-la-21-edicion-de-la-fiesta-del-vino-de-la-costa\/","title":{"rendered":"Este fin de semana comienza la 21\u00b0 edici\u00f3n de la Fiesta del Vino de la Costa"},"content":{"rendered":"\n<p>La Municipalidad de Berisso, informa a la comunidad que el viernes 5, s\u00e1bado 6 y domingo 7 de julio se realizar\u00e1 la 21\u00b0 edici\u00f3n de la Fiesta del Vino de la Costa en el Gimnasio Municipal, ubicado en calles 9 y 169.<\/p>\n\n\n\n<p>La celebraci\u00f3n, con entrada libre y gratuita, es organizada a trav\u00e9s de la Secretar\u00eda de Producci\u00f3n, junto la Cooperativa de la Costa y las Facultades de Ciencias Agrarias y Forestales, Ciencias Exactas y Trabajo Social de la Universidad Nacional de La Plata.<\/p>\n\n\n\n<p>Durante la Fiesta, se desarrollar\u00e1n diferentes actividades como el concurso de Vinos Caseros y de la Costa; concurso de Mermeladas de Ciruela, Tomate, Higo y Gourmet; visitas guiadas a vi\u00f1edos y a la planta elaboradora de la Cooperativa de la Costa; Feria de Saberes; shows musicales; entre otras.<\/p>\n\n\n\n<p>Cabe destacar que el s\u00e1bado 6 se realizar\u00e1 la premiaci\u00f3n de Vinos y Mermeladas, a partir de las 20:00 horas, y el domingo 7 a las 19:00 horas al mejor Stand.<\/p>\n\n\n\n<p>Adem\u00e1s, los vecinos y vecinas podr\u00e1n encontrar a productores, elaboradores; artesanos locales y de ciudades vecinas; gastron\u00f3micos; y cerveceros locales.<\/p>\n\n\n\n<p>A continuaci\u00f3n, compartimos el cronograma completo:<\/p>\n\n\n\n<p>VIERNES 5:<\/p>\n\n\n\n<p>De 19:00 a 23:00 horas: Apertura de la Fiesta. Amigos de Coraz\u00f3n, Grupo Musical del Danzas Folkl\u00f3ricas, presentaci\u00f3n del Alfajor de Berisso, Prometea.<\/p>\n\n\n\n<p>S\u00c1BADO 6:<\/p>\n\n\n\n<p>Danzas de las Colectividades<\/p>\n\n\n\n<p>12:30 a 12:50hs: Bulgaria<\/p>\n\n\n\n<p>12:50 a 13:10hs: Espa\u00f1a<\/p>\n\n\n\n<p>13:10 a 13:30hs: Arabia<\/p>\n\n\n\n<p>13:30 a 13:50hs: Italia<\/p>\n\n\n\n<p>13:50 a 14:10hs: Ucrania<\/p>\n\n\n\n<p>14:10 a 14:30hs: Yugoslavia<\/p>\n\n\n\n<p>14:30 a 14:50hs: Eslovaquia<\/p>\n\n\n\n<p>14:50 a 15:10hs: Alemania<\/p>\n\n\n\n<p>15:10 a 15:30hs: Irlanda<\/p>\n\n\n\n<p>15:30 a 15:50hs: Lituania<\/p>\n\n\n\n<p>Adem\u00e1s:<\/p>\n\n\n\n<p>17:00 a 17:30hs: Tobas<\/p>\n\n\n\n<p>17:30 a 18:00hs: Mujer Am\u00e9rica<\/p>\n\n\n\n<p>18:00 a 19:00hs: Hermanos Herrera<\/p>\n\n\n\n<p>19:00 a 20:00hs: Escuela De Arte<\/p>\n\n\n\n<p>20:00 a 21:00hs: Premiaci\u00f3n de Vinos<\/p>\n\n\n\n<p>21:00 a 22:00hs: Premiaci\u00f3n de Mermeladas<\/p>\n\n\n\n<p>22:00 a 23:30hs: Rock Nacional<\/p>\n\n\n\n<p>DOMINGO 7:<\/p>\n\n\n\n<p>Patio de Folklore<\/p>\n\n\n\n<p>12:30 a 12:50hs: C.C. y P. Papa Francisco<\/p>\n\n\n\n<p>12:50 a 13:10hs: Grupo San Ram\u00f3n<\/p>\n\n\n\n<p>13:10 a 13:30hs: Aromas del Folklore<\/p>\n\n\n\n<p>13:30 a 13:50hs: Sembrando Ra\u00edces<\/p>\n\n\n\n<p>13:50 a 14:10hs: La Sachapera<\/p>\n\n\n\n<p>15:00 a 15:30hs: Tropilleros<\/p>\n\n\n\n<p>15:30 a 16:00hs: Los Maldo<\/p>\n\n\n\n<p>17:00 a 18:00hs: Metro Blues<\/p>\n\n\n\n<p>18:00 a 18:20hs: The Ley Seca<\/p>\n\n\n\n<p>18:20 a 18:40hs: Sol\u00edsimos<\/p>\n\n\n\n<p>19:00 a 20:00hs: Premiaci\u00f3n al mejor Stand<\/p>\n\n\n\n<p>20:00 a 21:00hs: M\u00fasica funcional<\/p>\n\n\n\n<p>21:00 a 22:00hs: Noelia Sinkunas Concierto<\/p>\n\n\n\n<p>22:00 a 23:00hs: Doble Par<\/p>\n","protected":false},"excerpt":{"rendered":"<p>La Municipalidad de Berisso, informa a la comunidad que el viernes 5, s\u00e1bado 6 y domingo 7 de julio se<\/p>\n","protected":false},"author":3,"featured_media":4477,"comment_status":"closed","ping_status":"closed","sticky":false,"template":"","format":"standard","meta":{"colormag_page_container_layout":"default_layout","colormag_page_sidebar_layout":"default_layout","footnotes":""},"categories":[7,1,14],"tags":[],"class_list":["post-4483","post","type-post","status-publish","format-standard","has-post-thumbnail","hentry","category-3ra-seccion","category-destacadas","category-politica"],"yoast_head":"<!-- This site is optimized with the Yoast SEO plugin v27.5 - https:\/\/yoast.com\/product\/yoast-seo-wordpress\/ -->\n<title>Este fin de semana comienza la 21\u00b0 edici\u00f3n de la Fiesta del Vino de la Costa - InfoPBA247<\/title>\n<meta name=\"robots\" content=\"index, follow, max-snippet:-1, max-image-preview:large, max-video-preview:-1\" \/>\n<link rel=\"canonical\" href=\"https:\/\/infopba247.com.ar\/index.php\/2024\/07\/03\/este-fin-de-semana-comienza-la-21-edicion-de-la-fiesta-del-vino-de-la-costa\/\" \/>\n<meta property=\"og:locale\" content=\"es_ES\" \/>\n<meta property=\"og:type\" content=\"article\" \/>\n<meta property=\"og:title\" content=\"Este fin de semana comienza la 21\u00b0 edici\u00f3n de la Fiesta del Vino de la Costa - InfoPBA247\" \/>\n<meta property=\"og:description\" content=\"La Municipalidad de Berisso, informa a la comunidad que el viernes 5, s\u00e1bado 6 y domingo 7 de julio se\" \/>\n<meta property=\"og:url\" content=\"https:\/\/infopba247.com.ar\/index.php\/2024\/07\/03\/este-fin-de-semana-comienza-la-21-edicion-de-la-fiesta-del-vino-de-la-costa\/\" \/>\n<meta property=\"og:site_name\" content=\"InfoPBA247\" \/>\n<meta property=\"article:publisher\" content=\"https:\/\/www.facebook.com\/InfoPBA\" \/>\n<meta property=\"article:published_time\" content=\"2024-07-03T13:40:13+00:00\" \/>\n<meta property=\"article:modified_time\" content=\"2024-07-03T13:40:14+00:00\" \/>\n<meta property=\"og:image\" content=\"https:\/\/infopba247.com.ar\/wp-content\/uploads\/2024\/07\/2_fiesta-vino-web.jpg\" \/>\n\t<meta property=\"og:image:width\" content=\"800\" \/>\n\t<meta property=\"og:image:height\" content=\"600\" \/>\n\t<meta property=\"og:image:type\" content=\"image\/jpeg\" \/>\n<meta name=\"author\" content=\"Editor\" \/>\n<meta name=\"twitter:card\" content=\"summary_large_image\" \/>\n<meta name=\"twitter:label1\" content=\"Escrito por\" \/>\n\t<meta name=\"twitter:data1\" content=\"Editor\" \/>\n\t<meta name=\"twitter:label2\" content=\"Tiempo de lectura\" \/>\n\t<meta name=\"twitter:data2\" content=\"2 minutos\" \/>\n<script type=\"application\/ld+json\" class=\"yoast-schema-graph\">{\"@context\":\"https:\\\/\\\/schema.org\",\"@graph\":[{\"@type\":\"Article\",\"@id\":\"https:\\\/\\\/infopba247.com.ar\\\/index.php\\\/2024\\\/07\\\/03\\\/este-fin-de-semana-comienza-la-21-edicion-de-la-fiesta-del-vino-de-la-costa\\\/#article\",\"isPartOf\":{\"@id\":\"https:\\\/\\\/infopba247.com.ar\\\/index.php\\\/2024\\\/07\\\/03\\\/este-fin-de-semana-comienza-la-21-edicion-de-la-fiesta-del-vino-de-la-costa\\\/\"},\"author\":{\"name\":\"Editor\",\"@id\":\"https:\\\/\\\/infopba247.com.ar\\\/#\\\/schema\\\/person\\\/4975f1343a413e57bf839b3eed0099f2\"},\"headline\":\"Este fin de semana comienza la 21\u00b0 edici\u00f3n de la Fiesta del Vino de la Costa\",\"datePublished\":\"2024-07-03T13:40:13+00:00\",\"dateModified\":\"2024-07-03T13:40:14+00:00\",\"mainEntityOfPage\":{\"@id\":\"https:\\\/\\\/infopba247.com.ar\\\/index.php\\\/2024\\\/07\\\/03\\\/este-fin-de-semana-comienza-la-21-edicion-de-la-fiesta-del-vino-de-la-costa\\\/\"},\"wordCount\":379,\"publisher\":{\"@id\":\"https:\\\/\\\/infopba247.com.ar\\\/#organization\"},\"image\":{\"@id\":\"https:\\\/\\\/infopba247.com.ar\\\/index.php\\\/2024\\\/07\\\/03\\\/este-fin-de-semana-comienza-la-21-edicion-de-la-fiesta-del-vino-de-la-costa\\\/#primaryimage\"},\"thumbnailUrl\":\"https:\\\/\\\/infopba247.com.ar\\\/wp-content\\\/uploads\\\/2024\\\/07\\\/2_fiesta-vino-web.jpg\",\"articleSection\":[\"3ra Secci\u00f3n\",\"Destacadas\",\"Pol\u00edtica\"],\"inLanguage\":\"es\"},{\"@type\":\"WebPage\",\"@id\":\"https:\\\/\\\/infopba247.com.ar\\\/index.php\\\/2024\\\/07\\\/03\\\/este-fin-de-semana-comienza-la-21-edicion-de-la-fiesta-del-vino-de-la-costa\\\/\",\"url\":\"https:\\\/\\\/infopba247.com.ar\\\/index.php\\\/2024\\\/07\\\/03\\\/este-fin-de-semana-comienza-la-21-edicion-de-la-fiesta-del-vino-de-la-costa\\\/\",\"name\":\"Este fin de semana comienza la 21\u00b0 edici\u00f3n de la Fiesta del Vino de la Costa - InfoPBA247\",\"isPartOf\":{\"@id\":\"https:\\\/\\\/infopba247.com.ar\\\/#website\"},\"primaryImageOfPage\":{\"@id\":\"https:\\\/\\\/infopba247.com.ar\\\/index.php\\\/2024\\\/07\\\/03\\\/este-fin-de-semana-comienza-la-21-edicion-de-la-fiesta-del-vino-de-la-costa\\\/#primaryimage\"},\"image\":{\"@id\":\"https:\\\/\\\/infopba247.com.ar\\\/index.php\\\/2024\\\/07\\\/03\\\/este-fin-de-semana-comienza-la-21-edicion-de-la-fiesta-del-vino-de-la-costa\\\/#primaryimage\"},\"thumbnailUrl\":\"https:\\\/\\\/infopba247.com.ar\\\/wp-content\\\/uploads\\\/2024\\\/07\\\/2_fiesta-vino-web.jpg\",\"datePublished\":\"2024-07-03T13:40:13+00:00\",\"dateModified\":\"2024-07-03T13:40:14+00:00\",\"breadcrumb\":{\"@id\":\"https:\\\/\\\/infopba247.com.ar\\\/index.php\\\/2024\\\/07\\\/03\\\/este-fin-de-semana-comienza-la-21-edicion-de-la-fiesta-del-vino-de-la-costa\\\/#breadcrumb\"},\"inLanguage\":\"es\",\"potentialAction\":[{\"@type\":\"ReadAction\",\"target\":[\"https:\\\/\\\/infopba247.com.ar\\\/index.php\\\/2024\\\/07\\\/03\\\/este-fin-de-semana-comienza-la-21-edicion-de-la-fiesta-del-vino-de-la-costa\\\/\"]}]},{\"@type\":\"ImageObject\",\"inLanguage\":\"es\",\"@id\":\"https:\\\/\\\/infopba247.com.ar\\\/index.php\\\/2024\\\/07\\\/03\\\/este-fin-de-semana-comienza-la-21-edicion-de-la-fiesta-del-vino-de-la-costa\\\/#primaryimage\",\"url\":\"https:\\\/\\\/infopba247.com.ar\\\/wp-content\\\/uploads\\\/2024\\\/07\\\/2_fiesta-vino-web.jpg\",\"contentUrl\":\"https:\\\/\\\/infopba247.com.ar\\\/wp-content\\\/uploads\\\/2024\\\/07\\\/2_fiesta-vino-web.jpg\",\"width\":800,\"height\":600},{\"@type\":\"BreadcrumbList\",\"@id\":\"https:\\\/\\\/infopba247.com.ar\\\/index.php\\\/2024\\\/07\\\/03\\\/este-fin-de-semana-comienza-la-21-edicion-de-la-fiesta-del-vino-de-la-costa\\\/#breadcrumb\",\"itemListElement\":[{\"@type\":\"ListItem\",\"position\":1,\"name\":\"Portada\",\"item\":\"https:\\\/\\\/infopba247.com.ar\\\/\"},{\"@type\":\"ListItem\",\"position\":2,\"name\":\"Este fin de semana comienza la 21\u00b0 edici\u00f3n de la Fiesta del Vino de la Costa\"}]},{\"@type\":\"WebSite\",\"@id\":\"https:\\\/\\\/infopba247.com.ar\\\/#website\",\"url\":\"https:\\\/\\\/infopba247.com.ar\\\/\",\"name\":\"InfoPBA247\",\"description\":\"Toda la actualidad bonaerense\",\"publisher\":{\"@id\":\"https:\\\/\\\/infopba247.com.ar\\\/#organization\"},\"potentialAction\":[{\"@type\":\"SearchAction\",\"target\":{\"@type\":\"EntryPoint\",\"urlTemplate\":\"https:\\\/\\\/infopba247.com.ar\\\/?s={search_term_string}\"},\"query-input\":{\"@type\":\"PropertyValueSpecification\",\"valueRequired\":true,\"valueName\":\"search_term_string\"}}],\"inLanguage\":\"es\"},{\"@type\":\"Organization\",\"@id\":\"https:\\\/\\\/infopba247.com.ar\\\/#organization\",\"name\":\"InfoPBA247\",\"url\":\"https:\\\/\\\/infopba247.com.ar\\\/\",\"logo\":{\"@type\":\"ImageObject\",\"inLanguage\":\"es\",\"@id\":\"https:\\\/\\\/infopba247.com.ar\\\/#\\\/schema\\\/logo\\\/image\\\/\",\"url\":\"https:\\\/\\\/infopba247.com.ar\\\/wp-content\\\/uploads\\\/2022\\\/03\\\/cropped-InfoPBA247-1.png\",\"contentUrl\":\"https:\\\/\\\/infopba247.com.ar\\\/wp-content\\\/uploads\\\/2022\\\/03\\\/cropped-InfoPBA247-1.png\",\"width\":500,\"height\":122,\"caption\":\"InfoPBA247\"},\"image\":{\"@id\":\"https:\\\/\\\/infopba247.com.ar\\\/#\\\/schema\\\/logo\\\/image\\\/\"},\"sameAs\":[\"https:\\\/\\\/www.facebook.com\\\/InfoPBA\"]},{\"@type\":\"Person\",\"@id\":\"https:\\\/\\\/infopba247.com.ar\\\/#\\\/schema\\\/person\\\/4975f1343a413e57bf839b3eed0099f2\",\"name\":\"Editor\",\"image\":{\"@type\":\"ImageObject\",\"inLanguage\":\"es\",\"@id\":\"https:\\\/\\\/secure.gravatar.com\\\/avatar\\\/d27fe9520667ca53441d36627a1d6b0fa4a813571ec4803687a7a3a7744685ac?s=96&d=mm&r=g\",\"url\":\"https:\\\/\\\/secure.gravatar.com\\\/avatar\\\/d27fe9520667ca53441d36627a1d6b0fa4a813571ec4803687a7a3a7744685ac?s=96&d=mm&r=g\",\"contentUrl\":\"https:\\\/\\\/secure.gravatar.com\\\/avatar\\\/d27fe9520667ca53441d36627a1d6b0fa4a813571ec4803687a7a3a7744685ac?s=96&d=mm&r=g\",\"caption\":\"Editor\"},\"url\":\"https:\\\/\\\/infopba247.com.ar\\\/index.php\\\/author\\\/editor\\\/\"}]}<\/script>\n<!-- \/ Yoast SEO plugin. -->","yoast_head_json":{"title":"Este fin de semana comienza la 21\u00b0 edici\u00f3n de la Fiesta del Vino de la Costa - InfoPBA247","robots":{"index":"index","follow":"follow","max-snippet":"max-snippet:-1","max-image-preview":"max-image-preview:large","max-video-preview":"max-video-preview:-1"},"canonical":"https:\/\/infopba247.com.ar\/index.php\/2024\/07\/03\/este-fin-de-semana-comienza-la-21-edicion-de-la-fiesta-del-vino-de-la-costa\/","og_locale":"es_ES","og_type":"article","og_title":"Este fin de semana comienza la 21\u00b0 edici\u00f3n de la Fiesta del Vino de la Costa - InfoPBA247","og_description":"La Municipalidad de Berisso, informa a la comunidad que el viernes 5, s\u00e1bado 6 y domingo 7 de julio se","og_url":"https:\/\/infopba247.com.ar\/index.php\/2024\/07\/03\/este-fin-de-semana-comienza-la-21-edicion-de-la-fiesta-del-vino-de-la-costa\/","og_site_name":"InfoPBA247","article_publisher":"https:\/\/www.facebook.com\/InfoPBA","article_published_time":"2024-07-03T13:40:13+00:00","article_modified_time":"2024-07-03T13:40:14+00:00","og_image":[{"width":800,"height":600,"url":"https:\/\/infopba247.com.ar\/wp-content\/uploads\/2024\/07\/2_fiesta-vino-web.jpg","type":"image\/jpeg"}],"author":"Editor","twitter_card":"summary_large_image","twitter_misc":{"Escrito por":"Editor","Tiempo de lectura":"2 minutos"},"schema":{"@context":"https:\/\/schema.org","@graph":[{"@type":"Article","@id":"https:\/\/infopba247.com.ar\/index.php\/2024\/07\/03\/este-fin-de-semana-comienza-la-21-edicion-de-la-fiesta-del-vino-de-la-costa\/#article","isPartOf":{"@id":"https:\/\/infopba247.com.ar\/index.php\/2024\/07\/03\/este-fin-de-semana-comienza-la-21-edicion-de-la-fiesta-del-vino-de-la-costa\/"},"author":{"name":"Editor","@id":"https:\/\/infopba247.com.ar\/#\/schema\/person\/4975f1343a413e57bf839b3eed0099f2"},"headline":"Este fin de semana comienza la 21\u00b0 edici\u00f3n de la Fiesta del Vino de la Costa","datePublished":"2024-07-03T13:40:13+00:00","dateModified":"2024-07-03T13:40:14+00:00","mainEntityOfPage":{"@id":"https:\/\/infopba247.com.ar\/index.php\/2024\/07\/03\/este-fin-de-semana-comienza-la-21-edicion-de-la-fiesta-del-vino-de-la-costa\/"},"wordCount":379,"publisher":{"@id":"https:\/\/infopba247.com.ar\/#organization"},"image":{"@id":"https:\/\/infopba247.com.ar\/index.php\/2024\/07\/03\/este-fin-de-semana-comienza-la-21-edicion-de-la-fiesta-del-vino-de-la-costa\/#primaryimage"},"thumbnailUrl":"https:\/\/infopba247.com.ar\/wp-content\/uploads\/2024\/07\/2_fiesta-vino-web.jpg","articleSection":["3ra Secci\u00f3n","Destacadas","Pol\u00edtica"],"inLanguage":"es"},{"@type":"WebPage","@id":"https:\/\/infopba247.com.ar\/index.php\/2024\/07\/03\/este-fin-de-semana-comienza-la-21-edicion-de-la-fiesta-del-vino-de-la-costa\/","url":"https:\/\/infopba247.com.ar\/index.php\/2024\/07\/03\/este-fin-de-semana-comienza-la-21-edicion-de-la-fiesta-del-vino-de-la-costa\/","name":"Este fin de semana comienza la 21\u00b0 edici\u00f3n de la Fiesta del Vino de la Costa - InfoPBA247","isPartOf":{"@id":"https:\/\/infopba247.com.ar\/#website"},"primaryImageOfPage":{"@id":"https:\/\/infopba247.com.ar\/index.php\/2024\/07\/03\/este-fin-de-semana-comienza-la-21-edicion-de-la-fiesta-del-vino-de-la-costa\/#primaryimage"},"image":{"@id":"https:\/\/infopba247.com.ar\/index.php\/2024\/07\/03\/este-fin-de-semana-comienza-la-21-edicion-de-la-fiesta-del-vino-de-la-costa\/#primaryimage"},"thumbnailUrl":"https:\/\/infopba247.com.ar\/wp-content\/uploads\/2024\/07\/2_fiesta-vino-web.jpg","datePublished":"2024-07-03T13:40:13+00:00","dateModified":"2024-07-03T13:40:14+00:00","breadcrumb":{"@id":"https:\/\/infopba247.com.ar\/index.php\/2024\/07\/03\/este-fin-de-semana-comienza-la-21-edicion-de-la-fiesta-del-vino-de-la-costa\/#breadcrumb"},"inLanguage":"es","potentialAction":[{"@type":"ReadAction","target":["https:\/\/infopba247.com.ar\/index.php\/2024\/07\/03\/este-fin-de-semana-comienza-la-21-edicion-de-la-fiesta-del-vino-de-la-costa\/"]}]},{"@type":"ImageObject","inLanguage":"es","@id":"https:\/\/infopba247.com.ar\/index.php\/2024\/07\/03\/este-fin-de-semana-comienza-la-21-edicion-de-la-fiesta-del-vino-de-la-costa\/#primaryimage","url":"https:\/\/infopba247.com.ar\/wp-content\/uploads\/2024\/07\/2_fiesta-vino-web.jpg","contentUrl":"https:\/\/infopba247.com.ar\/wp-content\/uploads\/2024\/07\/2_fiesta-vino-web.jpg","width":800,"height":600},{"@type":"BreadcrumbList","@id":"https:\/\/infopba247.com.ar\/index.php\/2024\/07\/03\/este-fin-de-semana-comienza-la-21-edicion-de-la-fiesta-del-vino-de-la-costa\/#breadcrumb","itemListElement":[{"@type":"ListItem","position":1,"name":"Portada","item":"https:\/\/infopba247.com.ar\/"},{"@type":"ListItem","position":2,"name":"Este fin de semana comienza la 21\u00b0 edici\u00f3n de la Fiesta del Vino de la Costa"}]},{"@type":"WebSite","@id":"https:\/\/infopba247.com.ar\/#website","url":"https:\/\/infopba247.com.ar\/","name":"InfoPBA247","description":"Toda la actualidad bonaerense","publisher":{"@id":"https:\/\/infopba247.com.ar\/#organization"},"potentialAction":[{"@type":"SearchAction","target":{"@type":"EntryPoint","urlTemplate":"https:\/\/infopba247.com.ar\/?s={search_term_string}"},"query-input":{"@type":"PropertyValueSpecification","valueRequired":true,"valueName":"search_term_string"}}],"inLanguage":"es"},{"@type":"Organization","@id":"https:\/\/infopba247.com.ar\/#organization","name":"InfoPBA247","url":"https:\/\/infopba247.com.ar\/","logo":{"@type":"ImageObject","inLanguage":"es","@id":"https:\/\/infopba247.com.ar\/#\/schema\/logo\/image\/","url":"https:\/\/infopba247.com.ar\/wp-content\/uploads\/2022\/03\/cropped-InfoPBA247-1.png","contentUrl":"https:\/\/infopba247.com.ar\/wp-content\/uploads\/2022\/03\/cropped-InfoPBA247-1.png","width":500,"height":122,"caption":"InfoPBA247"},"image":{"@id":"https:\/\/infopba247.com.ar\/#\/schema\/logo\/image\/"},"sameAs":["https:\/\/www.facebook.com\/InfoPBA"]},{"@type":"Person","@id":"https:\/\/infopba247.com.ar\/#\/schema\/person\/4975f1343a413e57bf839b3eed0099f2","name":"Editor","image":{"@type":"ImageObject","inLanguage":"es","@id":"https:\/\/secure.gravatar.com\/avatar\/d27fe9520667ca53441d36627a1d6b0fa4a813571ec4803687a7a3a7744685ac?s=96&d=mm&r=g","url":"https:\/\/secure.gravatar.com\/avatar\/d27fe9520667ca53441d36627a1d6b0fa4a813571ec4803687a7a3a7744685ac?s=96&d=mm&r=g","contentUrl":"https:\/\/secure.gravatar.com\/avatar\/d27fe9520667ca53441d36627a1d6b0fa4a813571ec4803687a7a3a7744685ac?s=96&d=mm&r=g","caption":"Editor"},"url":"https:\/\/infopba247.com.ar\/index.php\/author\/editor\/"}]}},"_links":{"self":[{"href":"https:\/\/infopba247.com.ar\/index.php\/wp-json\/wp\/v2\/posts\/4483","targetHints":{"allow":["GET"]}}],"collection":[{"href":"https:\/\/infopba247.com.ar\/index.php\/wp-json\/wp\/v2\/posts"}],"about":[{"href":"https:\/\/infopba247.com.ar\/index.php\/wp-json\/wp\/v2\/types\/post"}],"author":[{"embeddable":true,"href":"https:\/\/infopba247.com.ar\/index.php\/wp-json\/wp\/v2\/users\/3"}],"replies":[{"embeddable":true,"href":"https:\/\/infopba247.com.ar\/index.php\/wp-json\/wp\/v2\/comments?post=4483"}],"version-history":[{"count":1,"href":"https:\/\/infopba247.com.ar\/index.php\/wp-json\/wp\/v2\/posts\/4483\/revisions"}],"predecessor-version":[{"id":4484,"href":"https:\/\/infopba247.com.ar\/index.php\/wp-json\/wp\/v2\/posts\/4483\/revisions\/4484"}],"wp:featuredmedia":[{"embeddable":true,"href":"https:\/\/infopba247.com.ar\/index.php\/wp-json\/wp\/v2\/media\/4477"}],"wp:attachment":[{"href":"https:\/\/infopba247.com.ar\/index.php\/wp-json\/wp\/v2\/media?parent=4483"}],"wp:term":[{"taxonomy":"category","embeddable":true,"href":"https:\/\/infopba247.com.ar\/index.php\/wp-json\/wp\/v2\/categories?post=4483"},{"taxonomy":"post_tag","embeddable":true,"href":"https:\/\/infopba247.com.ar\/index.php\/wp-json\/wp\/v2\/tags?post=4483"}],"curies":[{"name":"wp","href":"https:\/\/api.w.org\/{rel}","templated":true}]}}