{"id":448,"date":"2022-06-29T12:23:37","date_gmt":"2022-06-29T12:23:37","guid":{"rendered":"https:\/\/infopba247.com.ar\/?p=448"},"modified":"2022-06-29T12:23:38","modified_gmt":"2022-06-29T12:23:38","slug":"bolivar-cesar-pacho-de-evolucion-radical-lanzo-su-espacio-de-cara-al-2023","status":"publish","type":"post","link":"https:\/\/infopba247.com.ar\/index.php\/2022\/06\/29\/bolivar-cesar-pacho-de-evolucion-radical-lanzo-su-espacio-de-cara-al-2023\/","title":{"rendered":"Bol\u00edvar: C\u00e9sar Pacho de Evoluci\u00f3n Radical lanz\u00f3 su espacio de cara al 2023"},"content":{"rendered":"\n<p>\u201cNo venimos solamente con la cr\u00edtica, sino tambi\u00e9n con la propuesta\u201d, dijo el joven dirigente del espacio Evoluci\u00f3n Radical Bol\u00edvar, que hizo su lanzamiento oficial d\u00edas atr\u00e1s en el Club El Fort\u00edn junto a referentes de la Uni\u00f3n C\u00edvica Radical (UCR) a nivel seccional y provincial.<\/p>\n\n\n\n<p>C\u00e9sar Pacho, de profesi\u00f3n contador, brind\u00f3 una conferencia de prensa junto a Franco Cominotto y Pablo Yannibelli, ambos referentes de Evoluci\u00f3n en la S\u00e9ptima Secci\u00f3n Electoral por Olavarr\u00eda y Azul.<\/p>\n\n\n\n<p>All\u00ed se plante\u00f3 la necesidad de un radicalismo que sea protagonista dentro de la alianza Juntos en las elecciones del pr\u00f3ximo a\u00f1o, buscando fortalecer el trabajo junto a la comunidad y salir del \u201dspeach\u201d y el \u201cmarketing\u201d de campa\u00f1a.<\/p>\n\n\n\n<p>Consultado por la recepci\u00f3n de la sociedad Bol\u00edvar a la propuesta pol\u00edtica, Pacho consider\u00f3 que era \u201dmuy buena\u201d.<\/p>\n\n\n\n<p>\u201cSIEMPRE AL LADO DEL VECINO\u201d<br>\u201cEstamos siempre al lado del vecino, no andamos con la foto pero estamos en barrios y localidades. Hay que salir de ese radicalismo dormido, acostumbrado a ser parlamentarista y volver a la ejecuci\u00f3n, a la gente que est\u00e1 teniendo necesidades y no son canalizadas\u201d, dijo Pacho, referente de Evoluci\u00f3n radical en Bol\u00edvar.<\/p>\n\n\n\n<p>En esa misma l\u00ednea, Pacho remarc\u00f3 que \u201cde cara al pr\u00f3ximo a\u00f1o hab\u00eda que correr de la discusi\u00f3n \u201dlos nombres\u201d de quienes integrar\u00e1n las listas para \u201dno caer en la dicotom\u00eda de si es Juan o si es Pedro\u201d.<\/p>\n\n\n\n<p>\u201cLA SOCIEDAD DICE BASTA DE ESTO\u201d<br>\u201dLa sociedad est\u00e1 diciendo \u2018muchachos, basta de esto\u2019, tenemos una responsabilidad muy grande y por eso estamos escuchando a todos para ser la mejor propuesta el a\u00f1o que viene\u201d, sentenci\u00f3 el dirigente bolivarense.<\/p>\n\n\n\n<p>En el plano local, el contador dej\u00f3 en claro que su espacio \u201dse jacta no por venir solamente con la cr\u00edtica sino tambi\u00e9n con la propuesta\u201d para que los vecinos de Bol\u00edvar \u201dpuedan tener soluciones a esos problemas que hoy no se la est\u00e1n encontrando\u201d.<\/p>\n\n\n\n<p>\u201cACTITUD, MILITANCIA Y TRABAJO\u201d<br>Por su parte, Yannibelli expres\u00f3 su apoyo a Pacho y dijo que el espacio bolivarense \u201dtiene actitud, militancia y trabajo\u201d.<\/p>\n\n\n\n<p>\u201cClaramente la pol\u00edtica se traduce a trav\u00e9s de candidaturas, pero nos parece interesante este proceso, un trabajo de abajo hacia arriba\u201d, dijo el dirigente seccional.<\/p>\n\n\n\n<p>En tanto, Cominotto opin\u00f3 que actualmente \u201dhay muchos actores en la pol\u00edtica que lo \u00fanico que hacen es un \u201cspeach de campa\u00f1a\u201d e inst\u00f3 al radicalismo a trazar una l\u00ednea distinta: \u201dTenemos que tener en claro que es lo que queremos para ser gobierno, queremos cambiar la realidad de los argentinos, para eso tenemos los mejores candidatos y las mejores herramientas\u201d.<\/p>\n","protected":false},"excerpt":{"rendered":"<p>\u201cNo venimos solamente con la cr\u00edtica, sino tambi\u00e9n con la propuesta\u201d, dijo el joven dirigente del espacio Evoluci\u00f3n Radical Bol\u00edvar,<\/p>\n","protected":false},"author":3,"featured_media":449,"comment_status":"closed","ping_status":"closed","sticky":false,"template":"","format":"standard","meta":{"colormag_page_container_layout":"default_layout","colormag_page_sidebar_layout":"default_layout","footnotes":""},"categories":[11,1,14],"tags":[56],"class_list":["post-448","post","type-post","status-publish","format-standard","has-post-thumbnail","hentry","category-7ma-seccion","category-destacadas","category-politica","tag-municipalidad-de-bolivar"],"yoast_head":"<!-- This site is optimized with the Yoast SEO plugin v27.4 - https:\/\/yoast.com\/product\/yoast-seo-wordpress\/ -->\n<title>Bol\u00edvar: C\u00e9sar Pacho de Evoluci\u00f3n Radical lanz\u00f3 su espacio de cara al 2023 - InfoPBA247<\/title>\n<meta name=\"robots\" content=\"index, follow, max-snippet:-1, max-image-preview:large, max-video-preview:-1\" \/>\n<link rel=\"canonical\" href=\"https:\/\/infopba247.com.ar\/index.php\/2022\/06\/29\/bolivar-cesar-pacho-de-evolucion-radical-lanzo-su-espacio-de-cara-al-2023\/\" \/>\n<meta property=\"og:locale\" content=\"es_ES\" \/>\n<meta property=\"og:type\" content=\"article\" \/>\n<meta property=\"og:title\" content=\"Bol\u00edvar: C\u00e9sar Pacho de Evoluci\u00f3n Radical lanz\u00f3 su espacio de cara al 2023 - InfoPBA247\" \/>\n<meta property=\"og:description\" content=\"\u201cNo venimos solamente con la cr\u00edtica, sino tambi\u00e9n con la propuesta\u201d, dijo el joven dirigente del espacio Evoluci\u00f3n Radical Bol\u00edvar,\" \/>\n<meta property=\"og:url\" content=\"https:\/\/infopba247.com.ar\/index.php\/2022\/06\/29\/bolivar-cesar-pacho-de-evolucion-radical-lanzo-su-espacio-de-cara-al-2023\/\" \/>\n<meta property=\"og:site_name\" content=\"InfoPBA247\" \/>\n<meta property=\"article:publisher\" content=\"https:\/\/www.facebook.com\/InfoPBA\" \/>\n<meta property=\"article:published_time\" content=\"2022-06-29T12:23:37+00:00\" \/>\n<meta property=\"article:modified_time\" content=\"2022-06-29T12:23:38+00:00\" \/>\n<meta property=\"og:image\" content=\"https:\/\/infopba247.com.ar\/wp-content\/uploads\/2022\/06\/WhatsApp-Image-2022-06-15-at-5.00.54-PM.jpeg\" \/>\n\t<meta property=\"og:image:width\" content=\"980\" \/>\n\t<meta property=\"og:image:height\" content=\"1024\" \/>\n\t<meta property=\"og:image:type\" content=\"image\/jpeg\" \/>\n<meta name=\"author\" content=\"Editor\" \/>\n<meta name=\"twitter:card\" content=\"summary_large_image\" \/>\n<meta name=\"twitter:label1\" content=\"Escrito por\" \/>\n\t<meta name=\"twitter:data1\" content=\"Editor\" \/>\n\t<meta name=\"twitter:label2\" content=\"Tiempo de lectura\" \/>\n\t<meta name=\"twitter:data2\" content=\"2 minutos\" \/>\n<script type=\"application\/ld+json\" class=\"yoast-schema-graph\">{\"@context\":\"https:\\\/\\\/schema.org\",\"@graph\":[{\"@type\":\"Article\",\"@id\":\"https:\\\/\\\/infopba247.com.ar\\\/index.php\\\/2022\\\/06\\\/29\\\/bolivar-cesar-pacho-de-evolucion-radical-lanzo-su-espacio-de-cara-al-2023\\\/#article\",\"isPartOf\":{\"@id\":\"https:\\\/\\\/infopba247.com.ar\\\/index.php\\\/2022\\\/06\\\/29\\\/bolivar-cesar-pacho-de-evolucion-radical-lanzo-su-espacio-de-cara-al-2023\\\/\"},\"author\":{\"name\":\"Editor\",\"@id\":\"https:\\\/\\\/infopba247.com.ar\\\/#\\\/schema\\\/person\\\/4975f1343a413e57bf839b3eed0099f2\"},\"headline\":\"Bol\u00edvar: C\u00e9sar Pacho de Evoluci\u00f3n Radical lanz\u00f3 su espacio de cara al 2023\",\"datePublished\":\"2022-06-29T12:23:37+00:00\",\"dateModified\":\"2022-06-29T12:23:38+00:00\",\"mainEntityOfPage\":{\"@id\":\"https:\\\/\\\/infopba247.com.ar\\\/index.php\\\/2022\\\/06\\\/29\\\/bolivar-cesar-pacho-de-evolucion-radical-lanzo-su-espacio-de-cara-al-2023\\\/\"},\"wordCount\":479,\"publisher\":{\"@id\":\"https:\\\/\\\/infopba247.com.ar\\\/#organization\"},\"image\":{\"@id\":\"https:\\\/\\\/infopba247.com.ar\\\/index.php\\\/2022\\\/06\\\/29\\\/bolivar-cesar-pacho-de-evolucion-radical-lanzo-su-espacio-de-cara-al-2023\\\/#primaryimage\"},\"thumbnailUrl\":\"https:\\\/\\\/infopba247.com.ar\\\/wp-content\\\/uploads\\\/2022\\\/06\\\/WhatsApp-Image-2022-06-15-at-5.00.54-PM.jpeg\",\"keywords\":[\"Municipalidad de Bolivar\"],\"articleSection\":[\"7ma Secci\u00f3n\",\"Destacadas\",\"Pol\u00edtica\"],\"inLanguage\":\"es\"},{\"@type\":\"WebPage\",\"@id\":\"https:\\\/\\\/infopba247.com.ar\\\/index.php\\\/2022\\\/06\\\/29\\\/bolivar-cesar-pacho-de-evolucion-radical-lanzo-su-espacio-de-cara-al-2023\\\/\",\"url\":\"https:\\\/\\\/infopba247.com.ar\\\/index.php\\\/2022\\\/06\\\/29\\\/bolivar-cesar-pacho-de-evolucion-radical-lanzo-su-espacio-de-cara-al-2023\\\/\",\"name\":\"Bol\u00edvar: C\u00e9sar Pacho de Evoluci\u00f3n Radical lanz\u00f3 su espacio de cara al 2023 - InfoPBA247\",\"isPartOf\":{\"@id\":\"https:\\\/\\\/infopba247.com.ar\\\/#website\"},\"primaryImageOfPage\":{\"@id\":\"https:\\\/\\\/infopba247.com.ar\\\/index.php\\\/2022\\\/06\\\/29\\\/bolivar-cesar-pacho-de-evolucion-radical-lanzo-su-espacio-de-cara-al-2023\\\/#primaryimage\"},\"image\":{\"@id\":\"https:\\\/\\\/infopba247.com.ar\\\/index.php\\\/2022\\\/06\\\/29\\\/bolivar-cesar-pacho-de-evolucion-radical-lanzo-su-espacio-de-cara-al-2023\\\/#primaryimage\"},\"thumbnailUrl\":\"https:\\\/\\\/infopba247.com.ar\\\/wp-content\\\/uploads\\\/2022\\\/06\\\/WhatsApp-Image-2022-06-15-at-5.00.54-PM.jpeg\",\"datePublished\":\"2022-06-29T12:23:37+00:00\",\"dateModified\":\"2022-06-29T12:23:38+00:00\",\"breadcrumb\":{\"@id\":\"https:\\\/\\\/infopba247.com.ar\\\/index.php\\\/2022\\\/06\\\/29\\\/bolivar-cesar-pacho-de-evolucion-radical-lanzo-su-espacio-de-cara-al-2023\\\/#breadcrumb\"},\"inLanguage\":\"es\",\"potentialAction\":[{\"@type\":\"ReadAction\",\"target\":[\"https:\\\/\\\/infopba247.com.ar\\\/index.php\\\/2022\\\/06\\\/29\\\/bolivar-cesar-pacho-de-evolucion-radical-lanzo-su-espacio-de-cara-al-2023\\\/\"]}]},{\"@type\":\"ImageObject\",\"inLanguage\":\"es\",\"@id\":\"https:\\\/\\\/infopba247.com.ar\\\/index.php\\\/2022\\\/06\\\/29\\\/bolivar-cesar-pacho-de-evolucion-radical-lanzo-su-espacio-de-cara-al-2023\\\/#primaryimage\",\"url\":\"https:\\\/\\\/infopba247.com.ar\\\/wp-content\\\/uploads\\\/2022\\\/06\\\/WhatsApp-Image-2022-06-15-at-5.00.54-PM.jpeg\",\"contentUrl\":\"https:\\\/\\\/infopba247.com.ar\\\/wp-content\\\/uploads\\\/2022\\\/06\\\/WhatsApp-Image-2022-06-15-at-5.00.54-PM.jpeg\",\"width\":980,\"height\":1024},{\"@type\":\"BreadcrumbList\",\"@id\":\"https:\\\/\\\/infopba247.com.ar\\\/index.php\\\/2022\\\/06\\\/29\\\/bolivar-cesar-pacho-de-evolucion-radical-lanzo-su-espacio-de-cara-al-2023\\\/#breadcrumb\",\"itemListElement\":[{\"@type\":\"ListItem\",\"position\":1,\"name\":\"Portada\",\"item\":\"https:\\\/\\\/infopba247.com.ar\\\/\"},{\"@type\":\"ListItem\",\"position\":2,\"name\":\"Bol\u00edvar: C\u00e9sar Pacho de Evoluci\u00f3n Radical lanz\u00f3 su espacio de cara al 2023\"}]},{\"@type\":\"WebSite\",\"@id\":\"https:\\\/\\\/infopba247.com.ar\\\/#website\",\"url\":\"https:\\\/\\\/infopba247.com.ar\\\/\",\"name\":\"InfoPBA247\",\"description\":\"Toda la actualidad bonaerense\",\"publisher\":{\"@id\":\"https:\\\/\\\/infopba247.com.ar\\\/#organization\"},\"potentialAction\":[{\"@type\":\"SearchAction\",\"target\":{\"@type\":\"EntryPoint\",\"urlTemplate\":\"https:\\\/\\\/infopba247.com.ar\\\/?s={search_term_string}\"},\"query-input\":{\"@type\":\"PropertyValueSpecification\",\"valueRequired\":true,\"valueName\":\"search_term_string\"}}],\"inLanguage\":\"es\"},{\"@type\":\"Organization\",\"@id\":\"https:\\\/\\\/infopba247.com.ar\\\/#organization\",\"name\":\"InfoPBA247\",\"url\":\"https:\\\/\\\/infopba247.com.ar\\\/\",\"logo\":{\"@type\":\"ImageObject\",\"inLanguage\":\"es\",\"@id\":\"https:\\\/\\\/infopba247.com.ar\\\/#\\\/schema\\\/logo\\\/image\\\/\",\"url\":\"https:\\\/\\\/infopba247.com.ar\\\/wp-content\\\/uploads\\\/2022\\\/03\\\/cropped-InfoPBA247-1.png\",\"contentUrl\":\"https:\\\/\\\/infopba247.com.ar\\\/wp-content\\\/uploads\\\/2022\\\/03\\\/cropped-InfoPBA247-1.png\",\"width\":500,\"height\":122,\"caption\":\"InfoPBA247\"},\"image\":{\"@id\":\"https:\\\/\\\/infopba247.com.ar\\\/#\\\/schema\\\/logo\\\/image\\\/\"},\"sameAs\":[\"https:\\\/\\\/www.facebook.com\\\/InfoPBA\"]},{\"@type\":\"Person\",\"@id\":\"https:\\\/\\\/infopba247.com.ar\\\/#\\\/schema\\\/person\\\/4975f1343a413e57bf839b3eed0099f2\",\"name\":\"Editor\",\"image\":{\"@type\":\"ImageObject\",\"inLanguage\":\"es\",\"@id\":\"https:\\\/\\\/secure.gravatar.com\\\/avatar\\\/d27fe9520667ca53441d36627a1d6b0fa4a813571ec4803687a7a3a7744685ac?s=96&d=mm&r=g\",\"url\":\"https:\\\/\\\/secure.gravatar.com\\\/avatar\\\/d27fe9520667ca53441d36627a1d6b0fa4a813571ec4803687a7a3a7744685ac?s=96&d=mm&r=g\",\"contentUrl\":\"https:\\\/\\\/secure.gravatar.com\\\/avatar\\\/d27fe9520667ca53441d36627a1d6b0fa4a813571ec4803687a7a3a7744685ac?s=96&d=mm&r=g\",\"caption\":\"Editor\"},\"url\":\"https:\\\/\\\/infopba247.com.ar\\\/index.php\\\/author\\\/editor\\\/\"}]}<\/script>\n<!-- \/ Yoast SEO plugin. -->","yoast_head_json":{"title":"Bol\u00edvar: C\u00e9sar Pacho de Evoluci\u00f3n Radical lanz\u00f3 su espacio de cara al 2023 - InfoPBA247","robots":{"index":"index","follow":"follow","max-snippet":"max-snippet:-1","max-image-preview":"max-image-preview:large","max-video-preview":"max-video-preview:-1"},"canonical":"https:\/\/infopba247.com.ar\/index.php\/2022\/06\/29\/bolivar-cesar-pacho-de-evolucion-radical-lanzo-su-espacio-de-cara-al-2023\/","og_locale":"es_ES","og_type":"article","og_title":"Bol\u00edvar: C\u00e9sar Pacho de Evoluci\u00f3n Radical lanz\u00f3 su espacio de cara al 2023 - InfoPBA247","og_description":"\u201cNo venimos solamente con la cr\u00edtica, sino tambi\u00e9n con la propuesta\u201d, dijo el joven dirigente del espacio Evoluci\u00f3n Radical Bol\u00edvar,","og_url":"https:\/\/infopba247.com.ar\/index.php\/2022\/06\/29\/bolivar-cesar-pacho-de-evolucion-radical-lanzo-su-espacio-de-cara-al-2023\/","og_site_name":"InfoPBA247","article_publisher":"https:\/\/www.facebook.com\/InfoPBA","article_published_time":"2022-06-29T12:23:37+00:00","article_modified_time":"2022-06-29T12:23:38+00:00","og_image":[{"width":980,"height":1024,"url":"https:\/\/infopba247.com.ar\/wp-content\/uploads\/2022\/06\/WhatsApp-Image-2022-06-15-at-5.00.54-PM.jpeg","type":"image\/jpeg"}],"author":"Editor","twitter_card":"summary_large_image","twitter_misc":{"Escrito por":"Editor","Tiempo de lectura":"2 minutos"},"schema":{"@context":"https:\/\/schema.org","@graph":[{"@type":"Article","@id":"https:\/\/infopba247.com.ar\/index.php\/2022\/06\/29\/bolivar-cesar-pacho-de-evolucion-radical-lanzo-su-espacio-de-cara-al-2023\/#article","isPartOf":{"@id":"https:\/\/infopba247.com.ar\/index.php\/2022\/06\/29\/bolivar-cesar-pacho-de-evolucion-radical-lanzo-su-espacio-de-cara-al-2023\/"},"author":{"name":"Editor","@id":"https:\/\/infopba247.com.ar\/#\/schema\/person\/4975f1343a413e57bf839b3eed0099f2"},"headline":"Bol\u00edvar: C\u00e9sar Pacho de Evoluci\u00f3n Radical lanz\u00f3 su espacio de cara al 2023","datePublished":"2022-06-29T12:23:37+00:00","dateModified":"2022-06-29T12:23:38+00:00","mainEntityOfPage":{"@id":"https:\/\/infopba247.com.ar\/index.php\/2022\/06\/29\/bolivar-cesar-pacho-de-evolucion-radical-lanzo-su-espacio-de-cara-al-2023\/"},"wordCount":479,"publisher":{"@id":"https:\/\/infopba247.com.ar\/#organization"},"image":{"@id":"https:\/\/infopba247.com.ar\/index.php\/2022\/06\/29\/bolivar-cesar-pacho-de-evolucion-radical-lanzo-su-espacio-de-cara-al-2023\/#primaryimage"},"thumbnailUrl":"https:\/\/infopba247.com.ar\/wp-content\/uploads\/2022\/06\/WhatsApp-Image-2022-06-15-at-5.00.54-PM.jpeg","keywords":["Municipalidad de Bolivar"],"articleSection":["7ma Secci\u00f3n","Destacadas","Pol\u00edtica"],"inLanguage":"es"},{"@type":"WebPage","@id":"https:\/\/infopba247.com.ar\/index.php\/2022\/06\/29\/bolivar-cesar-pacho-de-evolucion-radical-lanzo-su-espacio-de-cara-al-2023\/","url":"https:\/\/infopba247.com.ar\/index.php\/2022\/06\/29\/bolivar-cesar-pacho-de-evolucion-radical-lanzo-su-espacio-de-cara-al-2023\/","name":"Bol\u00edvar: C\u00e9sar Pacho de Evoluci\u00f3n Radical lanz\u00f3 su espacio de cara al 2023 - InfoPBA247","isPartOf":{"@id":"https:\/\/infopba247.com.ar\/#website"},"primaryImageOfPage":{"@id":"https:\/\/infopba247.com.ar\/index.php\/2022\/06\/29\/bolivar-cesar-pacho-de-evolucion-radical-lanzo-su-espacio-de-cara-al-2023\/#primaryimage"},"image":{"@id":"https:\/\/infopba247.com.ar\/index.php\/2022\/06\/29\/bolivar-cesar-pacho-de-evolucion-radical-lanzo-su-espacio-de-cara-al-2023\/#primaryimage"},"thumbnailUrl":"https:\/\/infopba247.com.ar\/wp-content\/uploads\/2022\/06\/WhatsApp-Image-2022-06-15-at-5.00.54-PM.jpeg","datePublished":"2022-06-29T12:23:37+00:00","dateModified":"2022-06-29T12:23:38+00:00","breadcrumb":{"@id":"https:\/\/infopba247.com.ar\/index.php\/2022\/06\/29\/bolivar-cesar-pacho-de-evolucion-radical-lanzo-su-espacio-de-cara-al-2023\/#breadcrumb"},"inLanguage":"es","potentialAction":[{"@type":"ReadAction","target":["https:\/\/infopba247.com.ar\/index.php\/2022\/06\/29\/bolivar-cesar-pacho-de-evolucion-radical-lanzo-su-espacio-de-cara-al-2023\/"]}]},{"@type":"ImageObject","inLanguage":"es","@id":"https:\/\/infopba247.com.ar\/index.php\/2022\/06\/29\/bolivar-cesar-pacho-de-evolucion-radical-lanzo-su-espacio-de-cara-al-2023\/#primaryimage","url":"https:\/\/infopba247.com.ar\/wp-content\/uploads\/2022\/06\/WhatsApp-Image-2022-06-15-at-5.00.54-PM.jpeg","contentUrl":"https:\/\/infopba247.com.ar\/wp-content\/uploads\/2022\/06\/WhatsApp-Image-2022-06-15-at-5.00.54-PM.jpeg","width":980,"height":1024},{"@type":"BreadcrumbList","@id":"https:\/\/infopba247.com.ar\/index.php\/2022\/06\/29\/bolivar-cesar-pacho-de-evolucion-radical-lanzo-su-espacio-de-cara-al-2023\/#breadcrumb","itemListElement":[{"@type":"ListItem","position":1,"name":"Portada","item":"https:\/\/infopba247.com.ar\/"},{"@type":"ListItem","position":2,"name":"Bol\u00edvar: C\u00e9sar Pacho de Evoluci\u00f3n Radical lanz\u00f3 su espacio de cara al 2023"}]},{"@type":"WebSite","@id":"https:\/\/infopba247.com.ar\/#website","url":"https:\/\/infopba247.com.ar\/","name":"InfoPBA247","description":"Toda la actualidad bonaerense","publisher":{"@id":"https:\/\/infopba247.com.ar\/#organization"},"potentialAction":[{"@type":"SearchAction","target":{"@type":"EntryPoint","urlTemplate":"https:\/\/infopba247.com.ar\/?s={search_term_string}"},"query-input":{"@type":"PropertyValueSpecification","valueRequired":true,"valueName":"search_term_string"}}],"inLanguage":"es"},{"@type":"Organization","@id":"https:\/\/infopba247.com.ar\/#organization","name":"InfoPBA247","url":"https:\/\/infopba247.com.ar\/","logo":{"@type":"ImageObject","inLanguage":"es","@id":"https:\/\/infopba247.com.ar\/#\/schema\/logo\/image\/","url":"https:\/\/infopba247.com.ar\/wp-content\/uploads\/2022\/03\/cropped-InfoPBA247-1.png","contentUrl":"https:\/\/infopba247.com.ar\/wp-content\/uploads\/2022\/03\/cropped-InfoPBA247-1.png","width":500,"height":122,"caption":"InfoPBA247"},"image":{"@id":"https:\/\/infopba247.com.ar\/#\/schema\/logo\/image\/"},"sameAs":["https:\/\/www.facebook.com\/InfoPBA"]},{"@type":"Person","@id":"https:\/\/infopba247.com.ar\/#\/schema\/person\/4975f1343a413e57bf839b3eed0099f2","name":"Editor","image":{"@type":"ImageObject","inLanguage":"es","@id":"https:\/\/secure.gravatar.com\/avatar\/d27fe9520667ca53441d36627a1d6b0fa4a813571ec4803687a7a3a7744685ac?s=96&d=mm&r=g","url":"https:\/\/secure.gravatar.com\/avatar\/d27fe9520667ca53441d36627a1d6b0fa4a813571ec4803687a7a3a7744685ac?s=96&d=mm&r=g","contentUrl":"https:\/\/secure.gravatar.com\/avatar\/d27fe9520667ca53441d36627a1d6b0fa4a813571ec4803687a7a3a7744685ac?s=96&d=mm&r=g","caption":"Editor"},"url":"https:\/\/infopba247.com.ar\/index.php\/author\/editor\/"}]}},"_links":{"self":[{"href":"https:\/\/infopba247.com.ar\/index.php\/wp-json\/wp\/v2\/posts\/448","targetHints":{"allow":["GET"]}}],"collection":[{"href":"https:\/\/infopba247.com.ar\/index.php\/wp-json\/wp\/v2\/posts"}],"about":[{"href":"https:\/\/infopba247.com.ar\/index.php\/wp-json\/wp\/v2\/types\/post"}],"author":[{"embeddable":true,"href":"https:\/\/infopba247.com.ar\/index.php\/wp-json\/wp\/v2\/users\/3"}],"replies":[{"embeddable":true,"href":"https:\/\/infopba247.com.ar\/index.php\/wp-json\/wp\/v2\/comments?post=448"}],"version-history":[{"count":1,"href":"https:\/\/infopba247.com.ar\/index.php\/wp-json\/wp\/v2\/posts\/448\/revisions"}],"predecessor-version":[{"id":450,"href":"https:\/\/infopba247.com.ar\/index.php\/wp-json\/wp\/v2\/posts\/448\/revisions\/450"}],"wp:featuredmedia":[{"embeddable":true,"href":"https:\/\/infopba247.com.ar\/index.php\/wp-json\/wp\/v2\/media\/449"}],"wp:attachment":[{"href":"https:\/\/infopba247.com.ar\/index.php\/wp-json\/wp\/v2\/media?parent=448"}],"wp:term":[{"taxonomy":"category","embeddable":true,"href":"https:\/\/infopba247.com.ar\/index.php\/wp-json\/wp\/v2\/categories?post=448"},{"taxonomy":"post_tag","embeddable":true,"href":"https:\/\/infopba247.com.ar\/index.php\/wp-json\/wp\/v2\/tags?post=448"}],"curies":[{"name":"wp","href":"https:\/\/api.w.org\/{rel}","templated":true}]}}