{"id":4441,"date":"2024-06-28T08:59:00","date_gmt":"2024-06-28T11:59:00","guid":{"rendered":"https:\/\/infopba247.com.ar\/?p=4441"},"modified":"2024-06-28T11:00:06","modified_gmt":"2024-06-28T14:00:06","slug":"axel-kicillof-en-ituzaingo-somos-la-provincia-de-la-produccion-el-trabajo-y-la-industria-argentina","status":"publish","type":"post","link":"https:\/\/infopba247.com.ar\/index.php\/2024\/06\/28\/axel-kicillof-en-ituzaingo-somos-la-provincia-de-la-produccion-el-trabajo-y-la-industria-argentina\/","title":{"rendered":"Axel Kicillof en Ituzaing\u00f3: \u201cSomos la provincia de la producci\u00f3n, el trabajo y la industria argentina\u201d"},"content":{"rendered":"\n<p>El intendente Pablo Descalzo inaugur\u00f3, junto al gobernador de la Provincia de Buenos Aires, Axel Kicillof y el ministro de Desarrollo Agrario, Javier Rodr\u00edguez, el nuevo Mercado Bonaerense Fijo de Ituzaing\u00f3 (Caaguaz\u00fa 2283), un amplio y moderno espacio de comercializaci\u00f3n de productos esenciales a precios justos para los vecinos y vecinas de Ituzaing\u00f3. Se trata del sexto mercado fijo en la provincia.<\/p>\n\n\n\n<p>Su construcci\u00f3n consisti\u00f3 en una inversi\u00f3n de m\u00e1s de $260 millones y cuenta con ocho puestos en donde los vecinos y vecinas podr\u00e1n acceder a alimentos frescos como carnes, verduras, pescados, l\u00e1cteos, panificados, fiambres y l\u00e1cteos, y un punto de encuentro, intercambio y comercio al aire libre para microemprendedores y artesanos, distribuidos en 355 metros cuadrados.<\/p>\n\n\n\n<p>En este sentido, el gobernador Kicillof destac\u00f3: \u201cEste mercado fijo permite acortar la cadena de comercializaci\u00f3n y abrirles nuevas oportunidades a peque\u00f1os productores: el resultado es que los y las bonaerenses podr\u00e1n acceder a bienes de primera calidad a un mejor precio\u201c. Y a\u00f1adi\u00f3: \u201cHoy estamos dando un ejemplo muy claro de por qu\u00e9 la Argentina no puede caer nuevamente en falsas antinomias: no tenemos que elegir entre uno o el otro, sino lograr que haya un Estado presente que acompa\u00f1e al sector privado y mejore la calidad de vida de la gente\u201d.<\/p>\n\n\n\n<p>Por su parte, el ministro de Desarrollo Agrario, Javier Rodr\u00edguez, expres\u00f3: \u201cLa l\u00f3gica que tiene este programa es tratar de hacer que quienes producen puedan vender de manera directa al consumidor: acortar la cadena de comercializaci\u00f3n. Simplemente con esto, estamos logrando que los precios al consumidor sean un 21% m\u00e1s bajo que en las grandes cadenas de comercializaci\u00f3n\u201d.<\/p>\n\n\n\n<p>Por \u00faltimo, el intendente Pablo Descalzo, agreg\u00f3: \u201cEs un d\u00eda de mucha alegr\u00eda para el pueblo de Ituzaing\u00f3, porque hoy, junto a Axel Kicillof y el Gobierno de la Provincia de Buenos Aires, estamos abriendo las puertas de un nuevo espacio que garantiza m\u00e1s oportunidades para los vecinos y vecinas del distrito, para los productores y productoras y para los microemprendedores. Este programa es ejemplo de un Estado activo, presente y al servicio de quienes m\u00e1s nos necesitan; y estas pol\u00edticas p\u00fablicas solo se pueden dar gracias al compromiso de una Provincia y un gobernador que pone todas las herramientas del Estado para continuar con el camino del progreso y profundizar el desarrollo\u201d.<\/p>\n\n\n\n<p>Mercados Bonaerenses es un programa del Ministerio de Desarrollo Agrario que desde 2022 se lleva adelante en Ituzaing\u00f3, recorriendo distintas plazas y barrios del distrito en una feria itinerante que acerca a los consumidores productos de la canasta b\u00e1sica a precios accesibles. Adem\u00e1s, abonando con la billetera virtual del Banco de la Provincia de Buenos Aires, Cuenta DNI, se obtiene hasta un 40% de reintegro.<\/p>\n\n\n\n<p>Adem\u00e1s, durante la jornada el intendente encabez\u00f3 junto al gobernador y al director general de Cultura y Educaci\u00f3n de la provincia de Buenos Aires, Alberto Sileoni, el acto de promesa a la bandera en el Club Gimnasia y Esgrima de Ituzaing\u00f3. En la emotiva ceremonia 1600 chicos y chicas de 4to grado de 31 escuelas de gesti\u00f3n p\u00fablica y privada del distrito juraron lealtad y respeto a la Bandera Nacional, defendiendo los valores que sus colores representan.<\/p>\n\n\n\n<p>Participaron de esta ceremonia los alumnos y alumnas de las Escuelas de Educaci\u00f3n Primaria N\u00b0 1, 2, 3, 4, 5, 6, 7, 8, 9, 10, 11, 12, 13, 14, 15, 16, 17, 18, 19, 20 y 21; la Escuela de Educaci\u00f3n Especial N\u00b0 501; los colegios Ugo Foscolo, Edison, Belgrano y Estrada; la Escuela Recuperadora, Juntos a la par; el Instituto de Estimulaci\u00f3n y Aprendizaje (IDEA), el Instituto de Educaci\u00f3n del Oeste (IEDO) y la Escuela de Educaci\u00f3n Primaria para Adultos N\u00b0 702.<\/p>\n\n\n\n<p>Estuvieron presentes tambi\u00e9n el jefe de gabinete de la Subsecretar\u00eda de Desarrollo Agrario y Calidad Agroalimentaria de la Provincia de Buenos Aires, Javier Cernadas; el director general de Cultura y Educaci\u00f3n de la provincia de Buenos Aires, Alberto Sileoni; el presidente del Honorable Concejo Deliberante, Pablo Piana; el secretario de Gobierno, Juan Manuel \u00c1lvarez Luna; el secretario de Planificaci\u00f3n, Desarrollo Urbano y Ambiente, Mart\u00edn Rossi; la secretaria de Desarrollo Productivo, Natalia Lazzeri; la directora general de Educaci\u00f3n, Jorgelina Fittipaldi; la presidenta del Consejo Escolar, Gabriela Alonso; la inspectora Jefe Distrital, Fernanda Penisse; concejales y concejalas; bomberos voluntarios; veteranos de Malvinas; comunidad educativa; alumnas y alumnos, familia; vecinos y vecinas.<\/p>\n","protected":false},"excerpt":{"rendered":"<p>El intendente Pablo Descalzo inaugur\u00f3, junto al gobernador de la Provincia de Buenos Aires, Axel Kicillof y el ministro de<\/p>\n","protected":false},"author":3,"featured_media":4442,"comment_status":"closed","ping_status":"closed","sticky":false,"template":"","format":"standard","meta":{"colormag_page_container_layout":"default_layout","colormag_page_sidebar_layout":"default_layout","footnotes":""},"categories":[5,1,14],"tags":[],"class_list":["post-4441","post","type-post","status-publish","format-standard","has-post-thumbnail","hentry","category-1ra-seccion","category-destacadas","category-politica"],"yoast_head":"<!-- This site is optimized with the Yoast SEO plugin v27.4 - https:\/\/yoast.com\/product\/yoast-seo-wordpress\/ -->\n<title>Axel Kicillof en Ituzaing\u00f3: \u201cSomos la provincia de la producci\u00f3n, el trabajo y la industria argentina\u201d - InfoPBA247<\/title>\n<meta name=\"robots\" content=\"index, follow, max-snippet:-1, max-image-preview:large, max-video-preview:-1\" \/>\n<link rel=\"canonical\" href=\"https:\/\/infopba247.com.ar\/index.php\/2024\/06\/28\/axel-kicillof-en-ituzaingo-somos-la-provincia-de-la-produccion-el-trabajo-y-la-industria-argentina\/\" \/>\n<meta property=\"og:locale\" content=\"es_ES\" \/>\n<meta property=\"og:type\" content=\"article\" \/>\n<meta property=\"og:title\" content=\"Axel Kicillof en Ituzaing\u00f3: \u201cSomos la provincia de la producci\u00f3n, el trabajo y la industria argentina\u201d - InfoPBA247\" \/>\n<meta property=\"og:description\" content=\"El intendente Pablo Descalzo inaugur\u00f3, junto al gobernador de la Provincia de Buenos Aires, Axel Kicillof y el ministro de\" \/>\n<meta property=\"og:url\" content=\"https:\/\/infopba247.com.ar\/index.php\/2024\/06\/28\/axel-kicillof-en-ituzaingo-somos-la-provincia-de-la-produccion-el-trabajo-y-la-industria-argentina\/\" \/>\n<meta property=\"og:site_name\" content=\"InfoPBA247\" \/>\n<meta property=\"article:publisher\" content=\"https:\/\/www.facebook.com\/InfoPBA\" \/>\n<meta property=\"article:published_time\" content=\"2024-06-28T11:59:00+00:00\" \/>\n<meta property=\"article:modified_time\" content=\"2024-06-28T14:00:06+00:00\" \/>\n<meta property=\"og:image\" content=\"https:\/\/infopba247.com.ar\/wp-content\/uploads\/2024\/06\/Inauguracion-Mercado-Fijo-de-Ituzaingo-4.jpeg\" \/>\n\t<meta property=\"og:image:width\" content=\"1600\" \/>\n\t<meta property=\"og:image:height\" content=\"1066\" \/>\n\t<meta property=\"og:image:type\" content=\"image\/jpeg\" \/>\n<meta name=\"author\" content=\"Editor\" \/>\n<meta name=\"twitter:card\" content=\"summary_large_image\" \/>\n<meta name=\"twitter:label1\" content=\"Escrito por\" \/>\n\t<meta name=\"twitter:data1\" content=\"Editor\" \/>\n\t<meta name=\"twitter:label2\" content=\"Tiempo de lectura\" \/>\n\t<meta name=\"twitter:data2\" content=\"4 minutos\" \/>\n<script type=\"application\/ld+json\" class=\"yoast-schema-graph\">{\"@context\":\"https:\\\/\\\/schema.org\",\"@graph\":[{\"@type\":\"Article\",\"@id\":\"https:\\\/\\\/infopba247.com.ar\\\/index.php\\\/2024\\\/06\\\/28\\\/axel-kicillof-en-ituzaingo-somos-la-provincia-de-la-produccion-el-trabajo-y-la-industria-argentina\\\/#article\",\"isPartOf\":{\"@id\":\"https:\\\/\\\/infopba247.com.ar\\\/index.php\\\/2024\\\/06\\\/28\\\/axel-kicillof-en-ituzaingo-somos-la-provincia-de-la-produccion-el-trabajo-y-la-industria-argentina\\\/\"},\"author\":{\"name\":\"Editor\",\"@id\":\"https:\\\/\\\/infopba247.com.ar\\\/#\\\/schema\\\/person\\\/4975f1343a413e57bf839b3eed0099f2\"},\"headline\":\"Axel Kicillof en Ituzaing\u00f3: \u201cSomos la provincia de la producci\u00f3n, el trabajo y la industria argentina\u201d\",\"datePublished\":\"2024-06-28T11:59:00+00:00\",\"dateModified\":\"2024-06-28T14:00:06+00:00\",\"mainEntityOfPage\":{\"@id\":\"https:\\\/\\\/infopba247.com.ar\\\/index.php\\\/2024\\\/06\\\/28\\\/axel-kicillof-en-ituzaingo-somos-la-provincia-de-la-produccion-el-trabajo-y-la-industria-argentina\\\/\"},\"wordCount\":743,\"publisher\":{\"@id\":\"https:\\\/\\\/infopba247.com.ar\\\/#organization\"},\"image\":{\"@id\":\"https:\\\/\\\/infopba247.com.ar\\\/index.php\\\/2024\\\/06\\\/28\\\/axel-kicillof-en-ituzaingo-somos-la-provincia-de-la-produccion-el-trabajo-y-la-industria-argentina\\\/#primaryimage\"},\"thumbnailUrl\":\"https:\\\/\\\/infopba247.com.ar\\\/wp-content\\\/uploads\\\/2024\\\/06\\\/Inauguracion-Mercado-Fijo-de-Ituzaingo-4.jpeg\",\"articleSection\":[\"1ra Secci\u00f3n\",\"Destacadas\",\"Pol\u00edtica\"],\"inLanguage\":\"es\"},{\"@type\":\"WebPage\",\"@id\":\"https:\\\/\\\/infopba247.com.ar\\\/index.php\\\/2024\\\/06\\\/28\\\/axel-kicillof-en-ituzaingo-somos-la-provincia-de-la-produccion-el-trabajo-y-la-industria-argentina\\\/\",\"url\":\"https:\\\/\\\/infopba247.com.ar\\\/index.php\\\/2024\\\/06\\\/28\\\/axel-kicillof-en-ituzaingo-somos-la-provincia-de-la-produccion-el-trabajo-y-la-industria-argentina\\\/\",\"name\":\"Axel Kicillof en Ituzaing\u00f3: \u201cSomos la provincia de la producci\u00f3n, el trabajo y la industria argentina\u201d - InfoPBA247\",\"isPartOf\":{\"@id\":\"https:\\\/\\\/infopba247.com.ar\\\/#website\"},\"primaryImageOfPage\":{\"@id\":\"https:\\\/\\\/infopba247.com.ar\\\/index.php\\\/2024\\\/06\\\/28\\\/axel-kicillof-en-ituzaingo-somos-la-provincia-de-la-produccion-el-trabajo-y-la-industria-argentina\\\/#primaryimage\"},\"image\":{\"@id\":\"https:\\\/\\\/infopba247.com.ar\\\/index.php\\\/2024\\\/06\\\/28\\\/axel-kicillof-en-ituzaingo-somos-la-provincia-de-la-produccion-el-trabajo-y-la-industria-argentina\\\/#primaryimage\"},\"thumbnailUrl\":\"https:\\\/\\\/infopba247.com.ar\\\/wp-content\\\/uploads\\\/2024\\\/06\\\/Inauguracion-Mercado-Fijo-de-Ituzaingo-4.jpeg\",\"datePublished\":\"2024-06-28T11:59:00+00:00\",\"dateModified\":\"2024-06-28T14:00:06+00:00\",\"breadcrumb\":{\"@id\":\"https:\\\/\\\/infopba247.com.ar\\\/index.php\\\/2024\\\/06\\\/28\\\/axel-kicillof-en-ituzaingo-somos-la-provincia-de-la-produccion-el-trabajo-y-la-industria-argentina\\\/#breadcrumb\"},\"inLanguage\":\"es\",\"potentialAction\":[{\"@type\":\"ReadAction\",\"target\":[\"https:\\\/\\\/infopba247.com.ar\\\/index.php\\\/2024\\\/06\\\/28\\\/axel-kicillof-en-ituzaingo-somos-la-provincia-de-la-produccion-el-trabajo-y-la-industria-argentina\\\/\"]}]},{\"@type\":\"ImageObject\",\"inLanguage\":\"es\",\"@id\":\"https:\\\/\\\/infopba247.com.ar\\\/index.php\\\/2024\\\/06\\\/28\\\/axel-kicillof-en-ituzaingo-somos-la-provincia-de-la-produccion-el-trabajo-y-la-industria-argentina\\\/#primaryimage\",\"url\":\"https:\\\/\\\/infopba247.com.ar\\\/wp-content\\\/uploads\\\/2024\\\/06\\\/Inauguracion-Mercado-Fijo-de-Ituzaingo-4.jpeg\",\"contentUrl\":\"https:\\\/\\\/infopba247.com.ar\\\/wp-content\\\/uploads\\\/2024\\\/06\\\/Inauguracion-Mercado-Fijo-de-Ituzaingo-4.jpeg\",\"width\":1600,\"height\":1066},{\"@type\":\"BreadcrumbList\",\"@id\":\"https:\\\/\\\/infopba247.com.ar\\\/index.php\\\/2024\\\/06\\\/28\\\/axel-kicillof-en-ituzaingo-somos-la-provincia-de-la-produccion-el-trabajo-y-la-industria-argentina\\\/#breadcrumb\",\"itemListElement\":[{\"@type\":\"ListItem\",\"position\":1,\"name\":\"Portada\",\"item\":\"https:\\\/\\\/infopba247.com.ar\\\/\"},{\"@type\":\"ListItem\",\"position\":2,\"name\":\"Axel Kicillof en Ituzaing\u00f3: \u201cSomos la provincia de la producci\u00f3n, el trabajo y la industria argentina\u201d\"}]},{\"@type\":\"WebSite\",\"@id\":\"https:\\\/\\\/infopba247.com.ar\\\/#website\",\"url\":\"https:\\\/\\\/infopba247.com.ar\\\/\",\"name\":\"InfoPBA247\",\"description\":\"Toda la actualidad bonaerense\",\"publisher\":{\"@id\":\"https:\\\/\\\/infopba247.com.ar\\\/#organization\"},\"potentialAction\":[{\"@type\":\"SearchAction\",\"target\":{\"@type\":\"EntryPoint\",\"urlTemplate\":\"https:\\\/\\\/infopba247.com.ar\\\/?s={search_term_string}\"},\"query-input\":{\"@type\":\"PropertyValueSpecification\",\"valueRequired\":true,\"valueName\":\"search_term_string\"}}],\"inLanguage\":\"es\"},{\"@type\":\"Organization\",\"@id\":\"https:\\\/\\\/infopba247.com.ar\\\/#organization\",\"name\":\"InfoPBA247\",\"url\":\"https:\\\/\\\/infopba247.com.ar\\\/\",\"logo\":{\"@type\":\"ImageObject\",\"inLanguage\":\"es\",\"@id\":\"https:\\\/\\\/infopba247.com.ar\\\/#\\\/schema\\\/logo\\\/image\\\/\",\"url\":\"https:\\\/\\\/infopba247.com.ar\\\/wp-content\\\/uploads\\\/2022\\\/03\\\/cropped-InfoPBA247-1.png\",\"contentUrl\":\"https:\\\/\\\/infopba247.com.ar\\\/wp-content\\\/uploads\\\/2022\\\/03\\\/cropped-InfoPBA247-1.png\",\"width\":500,\"height\":122,\"caption\":\"InfoPBA247\"},\"image\":{\"@id\":\"https:\\\/\\\/infopba247.com.ar\\\/#\\\/schema\\\/logo\\\/image\\\/\"},\"sameAs\":[\"https:\\\/\\\/www.facebook.com\\\/InfoPBA\"]},{\"@type\":\"Person\",\"@id\":\"https:\\\/\\\/infopba247.com.ar\\\/#\\\/schema\\\/person\\\/4975f1343a413e57bf839b3eed0099f2\",\"name\":\"Editor\",\"image\":{\"@type\":\"ImageObject\",\"inLanguage\":\"es\",\"@id\":\"https:\\\/\\\/secure.gravatar.com\\\/avatar\\\/d27fe9520667ca53441d36627a1d6b0fa4a813571ec4803687a7a3a7744685ac?s=96&d=mm&r=g\",\"url\":\"https:\\\/\\\/secure.gravatar.com\\\/avatar\\\/d27fe9520667ca53441d36627a1d6b0fa4a813571ec4803687a7a3a7744685ac?s=96&d=mm&r=g\",\"contentUrl\":\"https:\\\/\\\/secure.gravatar.com\\\/avatar\\\/d27fe9520667ca53441d36627a1d6b0fa4a813571ec4803687a7a3a7744685ac?s=96&d=mm&r=g\",\"caption\":\"Editor\"},\"url\":\"https:\\\/\\\/infopba247.com.ar\\\/index.php\\\/author\\\/editor\\\/\"}]}<\/script>\n<!-- \/ Yoast SEO plugin. -->","yoast_head_json":{"title":"Axel Kicillof en Ituzaing\u00f3: \u201cSomos la provincia de la producci\u00f3n, el trabajo y la industria argentina\u201d - InfoPBA247","robots":{"index":"index","follow":"follow","max-snippet":"max-snippet:-1","max-image-preview":"max-image-preview:large","max-video-preview":"max-video-preview:-1"},"canonical":"https:\/\/infopba247.com.ar\/index.php\/2024\/06\/28\/axel-kicillof-en-ituzaingo-somos-la-provincia-de-la-produccion-el-trabajo-y-la-industria-argentina\/","og_locale":"es_ES","og_type":"article","og_title":"Axel Kicillof en Ituzaing\u00f3: \u201cSomos la provincia de la producci\u00f3n, el trabajo y la industria argentina\u201d - InfoPBA247","og_description":"El intendente Pablo Descalzo inaugur\u00f3, junto al gobernador de la Provincia de Buenos Aires, Axel Kicillof y el ministro de","og_url":"https:\/\/infopba247.com.ar\/index.php\/2024\/06\/28\/axel-kicillof-en-ituzaingo-somos-la-provincia-de-la-produccion-el-trabajo-y-la-industria-argentina\/","og_site_name":"InfoPBA247","article_publisher":"https:\/\/www.facebook.com\/InfoPBA","article_published_time":"2024-06-28T11:59:00+00:00","article_modified_time":"2024-06-28T14:00:06+00:00","og_image":[{"width":1600,"height":1066,"url":"https:\/\/infopba247.com.ar\/wp-content\/uploads\/2024\/06\/Inauguracion-Mercado-Fijo-de-Ituzaingo-4.jpeg","type":"image\/jpeg"}],"author":"Editor","twitter_card":"summary_large_image","twitter_misc":{"Escrito por":"Editor","Tiempo de lectura":"4 minutos"},"schema":{"@context":"https:\/\/schema.org","@graph":[{"@type":"Article","@id":"https:\/\/infopba247.com.ar\/index.php\/2024\/06\/28\/axel-kicillof-en-ituzaingo-somos-la-provincia-de-la-produccion-el-trabajo-y-la-industria-argentina\/#article","isPartOf":{"@id":"https:\/\/infopba247.com.ar\/index.php\/2024\/06\/28\/axel-kicillof-en-ituzaingo-somos-la-provincia-de-la-produccion-el-trabajo-y-la-industria-argentina\/"},"author":{"name":"Editor","@id":"https:\/\/infopba247.com.ar\/#\/schema\/person\/4975f1343a413e57bf839b3eed0099f2"},"headline":"Axel Kicillof en Ituzaing\u00f3: \u201cSomos la provincia de la producci\u00f3n, el trabajo y la industria argentina\u201d","datePublished":"2024-06-28T11:59:00+00:00","dateModified":"2024-06-28T14:00:06+00:00","mainEntityOfPage":{"@id":"https:\/\/infopba247.com.ar\/index.php\/2024\/06\/28\/axel-kicillof-en-ituzaingo-somos-la-provincia-de-la-produccion-el-trabajo-y-la-industria-argentina\/"},"wordCount":743,"publisher":{"@id":"https:\/\/infopba247.com.ar\/#organization"},"image":{"@id":"https:\/\/infopba247.com.ar\/index.php\/2024\/06\/28\/axel-kicillof-en-ituzaingo-somos-la-provincia-de-la-produccion-el-trabajo-y-la-industria-argentina\/#primaryimage"},"thumbnailUrl":"https:\/\/infopba247.com.ar\/wp-content\/uploads\/2024\/06\/Inauguracion-Mercado-Fijo-de-Ituzaingo-4.jpeg","articleSection":["1ra Secci\u00f3n","Destacadas","Pol\u00edtica"],"inLanguage":"es"},{"@type":"WebPage","@id":"https:\/\/infopba247.com.ar\/index.php\/2024\/06\/28\/axel-kicillof-en-ituzaingo-somos-la-provincia-de-la-produccion-el-trabajo-y-la-industria-argentina\/","url":"https:\/\/infopba247.com.ar\/index.php\/2024\/06\/28\/axel-kicillof-en-ituzaingo-somos-la-provincia-de-la-produccion-el-trabajo-y-la-industria-argentina\/","name":"Axel Kicillof en Ituzaing\u00f3: \u201cSomos la provincia de la producci\u00f3n, el trabajo y la industria argentina\u201d - InfoPBA247","isPartOf":{"@id":"https:\/\/infopba247.com.ar\/#website"},"primaryImageOfPage":{"@id":"https:\/\/infopba247.com.ar\/index.php\/2024\/06\/28\/axel-kicillof-en-ituzaingo-somos-la-provincia-de-la-produccion-el-trabajo-y-la-industria-argentina\/#primaryimage"},"image":{"@id":"https:\/\/infopba247.com.ar\/index.php\/2024\/06\/28\/axel-kicillof-en-ituzaingo-somos-la-provincia-de-la-produccion-el-trabajo-y-la-industria-argentina\/#primaryimage"},"thumbnailUrl":"https:\/\/infopba247.com.ar\/wp-content\/uploads\/2024\/06\/Inauguracion-Mercado-Fijo-de-Ituzaingo-4.jpeg","datePublished":"2024-06-28T11:59:00+00:00","dateModified":"2024-06-28T14:00:06+00:00","breadcrumb":{"@id":"https:\/\/infopba247.com.ar\/index.php\/2024\/06\/28\/axel-kicillof-en-ituzaingo-somos-la-provincia-de-la-produccion-el-trabajo-y-la-industria-argentina\/#breadcrumb"},"inLanguage":"es","potentialAction":[{"@type":"ReadAction","target":["https:\/\/infopba247.com.ar\/index.php\/2024\/06\/28\/axel-kicillof-en-ituzaingo-somos-la-provincia-de-la-produccion-el-trabajo-y-la-industria-argentina\/"]}]},{"@type":"ImageObject","inLanguage":"es","@id":"https:\/\/infopba247.com.ar\/index.php\/2024\/06\/28\/axel-kicillof-en-ituzaingo-somos-la-provincia-de-la-produccion-el-trabajo-y-la-industria-argentina\/#primaryimage","url":"https:\/\/infopba247.com.ar\/wp-content\/uploads\/2024\/06\/Inauguracion-Mercado-Fijo-de-Ituzaingo-4.jpeg","contentUrl":"https:\/\/infopba247.com.ar\/wp-content\/uploads\/2024\/06\/Inauguracion-Mercado-Fijo-de-Ituzaingo-4.jpeg","width":1600,"height":1066},{"@type":"BreadcrumbList","@id":"https:\/\/infopba247.com.ar\/index.php\/2024\/06\/28\/axel-kicillof-en-ituzaingo-somos-la-provincia-de-la-produccion-el-trabajo-y-la-industria-argentina\/#breadcrumb","itemListElement":[{"@type":"ListItem","position":1,"name":"Portada","item":"https:\/\/infopba247.com.ar\/"},{"@type":"ListItem","position":2,"name":"Axel Kicillof en Ituzaing\u00f3: \u201cSomos la provincia de la producci\u00f3n, el trabajo y la industria argentina\u201d"}]},{"@type":"WebSite","@id":"https:\/\/infopba247.com.ar\/#website","url":"https:\/\/infopba247.com.ar\/","name":"InfoPBA247","description":"Toda la actualidad bonaerense","publisher":{"@id":"https:\/\/infopba247.com.ar\/#organization"},"potentialAction":[{"@type":"SearchAction","target":{"@type":"EntryPoint","urlTemplate":"https:\/\/infopba247.com.ar\/?s={search_term_string}"},"query-input":{"@type":"PropertyValueSpecification","valueRequired":true,"valueName":"search_term_string"}}],"inLanguage":"es"},{"@type":"Organization","@id":"https:\/\/infopba247.com.ar\/#organization","name":"InfoPBA247","url":"https:\/\/infopba247.com.ar\/","logo":{"@type":"ImageObject","inLanguage":"es","@id":"https:\/\/infopba247.com.ar\/#\/schema\/logo\/image\/","url":"https:\/\/infopba247.com.ar\/wp-content\/uploads\/2022\/03\/cropped-InfoPBA247-1.png","contentUrl":"https:\/\/infopba247.com.ar\/wp-content\/uploads\/2022\/03\/cropped-InfoPBA247-1.png","width":500,"height":122,"caption":"InfoPBA247"},"image":{"@id":"https:\/\/infopba247.com.ar\/#\/schema\/logo\/image\/"},"sameAs":["https:\/\/www.facebook.com\/InfoPBA"]},{"@type":"Person","@id":"https:\/\/infopba247.com.ar\/#\/schema\/person\/4975f1343a413e57bf839b3eed0099f2","name":"Editor","image":{"@type":"ImageObject","inLanguage":"es","@id":"https:\/\/secure.gravatar.com\/avatar\/d27fe9520667ca53441d36627a1d6b0fa4a813571ec4803687a7a3a7744685ac?s=96&d=mm&r=g","url":"https:\/\/secure.gravatar.com\/avatar\/d27fe9520667ca53441d36627a1d6b0fa4a813571ec4803687a7a3a7744685ac?s=96&d=mm&r=g","contentUrl":"https:\/\/secure.gravatar.com\/avatar\/d27fe9520667ca53441d36627a1d6b0fa4a813571ec4803687a7a3a7744685ac?s=96&d=mm&r=g","caption":"Editor"},"url":"https:\/\/infopba247.com.ar\/index.php\/author\/editor\/"}]}},"_links":{"self":[{"href":"https:\/\/infopba247.com.ar\/index.php\/wp-json\/wp\/v2\/posts\/4441","targetHints":{"allow":["GET"]}}],"collection":[{"href":"https:\/\/infopba247.com.ar\/index.php\/wp-json\/wp\/v2\/posts"}],"about":[{"href":"https:\/\/infopba247.com.ar\/index.php\/wp-json\/wp\/v2\/types\/post"}],"author":[{"embeddable":true,"href":"https:\/\/infopba247.com.ar\/index.php\/wp-json\/wp\/v2\/users\/3"}],"replies":[{"embeddable":true,"href":"https:\/\/infopba247.com.ar\/index.php\/wp-json\/wp\/v2\/comments?post=4441"}],"version-history":[{"count":1,"href":"https:\/\/infopba247.com.ar\/index.php\/wp-json\/wp\/v2\/posts\/4441\/revisions"}],"predecessor-version":[{"id":4443,"href":"https:\/\/infopba247.com.ar\/index.php\/wp-json\/wp\/v2\/posts\/4441\/revisions\/4443"}],"wp:featuredmedia":[{"embeddable":true,"href":"https:\/\/infopba247.com.ar\/index.php\/wp-json\/wp\/v2\/media\/4442"}],"wp:attachment":[{"href":"https:\/\/infopba247.com.ar\/index.php\/wp-json\/wp\/v2\/media?parent=4441"}],"wp:term":[{"taxonomy":"category","embeddable":true,"href":"https:\/\/infopba247.com.ar\/index.php\/wp-json\/wp\/v2\/categories?post=4441"},{"taxonomy":"post_tag","embeddable":true,"href":"https:\/\/infopba247.com.ar\/index.php\/wp-json\/wp\/v2\/tags?post=4441"}],"curies":[{"name":"wp","href":"https:\/\/api.w.org\/{rel}","templated":true}]}}