{"id":442,"date":"2022-06-29T12:19:58","date_gmt":"2022-06-29T12:19:58","guid":{"rendered":"https:\/\/infopba247.com.ar\/?p=442"},"modified":"2022-06-29T12:19:58","modified_gmt":"2022-06-29T12:19:58","slug":"jelinski-y-gelene-lanzaron-infraestructura-verde-para-construir-el-primer-humedal-artificial-de-la-provincia-en-las-flores","status":"publish","type":"post","link":"https:\/\/infopba247.com.ar\/index.php\/2022\/06\/29\/jelinski-y-gelene-lanzaron-infraestructura-verde-para-construir-el-primer-humedal-artificial-de-la-provincia-en-las-flores\/","title":{"rendered":"Jelinski y Gelen\u00e9 lanzaron \u201cinfraestructura verde\u201d para construir el primer humedal artificial de la provincia en Las Flores"},"content":{"rendered":"\n<p>El intendente Alberto Gelen\u00e9 recibi\u00f3 al subsecretario de Recursos H\u00eddricos Guillermo Jelinski, quien anunci\u00f3 que se va a construir el primer humedal de la Provincia de Buenos Aires en la ciudad de Las Flores. Adem\u00e1s de una serie de obras vinculadas al agua y saneamiento.<\/p>\n\n\n\n<p>En conferencia de prensa, el Intendente agradeci\u00f3 todo el trabajo conjunto que se viene llevando adelante con el organismo desde las primeras visitas del Subsecretario a Las Flores, para que varios de los objetivos en materia de obras de saneamiento y manejo de las cuencas para nuestro Partido que fueron planteados en el inicio de la gesti\u00f3n, ya se hayan concluido y otros est\u00e9n en plena proceso de desarrollo de los proyectos.<\/p>\n\n\n\n<p>Alberto Gelen\u00e9 resalt\u00f3 que \u201ctodos estos avances son fundamentales para estar preparados en estos momentos donde el cambio clim\u00e1tico incide a nivel global y particularmente en esta regi\u00f3n del pa\u00eds\u201d.<\/p>\n\n\n\n<p>Adem\u00e1s agreg\u00f3 que es \u201cimportante contar con equipos competentes, con compromiso y capacidad de gesti\u00f3n para dar respuestas a la poblaci\u00f3n en cuanto a acceso a los servicios y en la protecci\u00f3n del suelo, de las riquezas naturales y del riesgo h\u00eddrico\u201d.<\/p>\n\n\n\n<p>OBRAS NECESARIAS PARA FORTALECER EL SERVICIO DE AGUA<br>En este marco detall\u00f3 que, entre las cuestiones m\u00e1s relevantes para Las Flores, se plante\u00f3 la necesidad de fortalecer el servicio de agua potable para reforzar la presi\u00f3n del agua en distintos barrios, de m\u00e1s perforaciones para tener mayor capacidad de producci\u00f3n de agua y el desarrollo de m\u00e1s redes cloacales, entre otras tareas.<\/p>\n\n\n\n<p>PLANTA DEPURADORA DE L\u00cdQUIDOS CLOCALES<br>Adem\u00e1s, se hizo principal hincapi\u00e9 en la obra de la nueva planta depuradora de l\u00edquidos cloacales que cuenta con un presupuesto de aproximadamente 700 millones de pesos y que beneficia a la comunidad en el tratamiento de este tipo de residuos y tambi\u00e9n en la cobertura de una demanda futura.<\/p>\n\n\n\n<p>\u00bfQU\u00c9 ES EL PROGRAMA INFRAESTRUCTURA VERDE?<br>Por su parte, el subsecretario de recursos h\u00eddricos de la provincia, Guillermo Jelinski anunci\u00f3 el lanzamiento del programa Infraestructura Verde que se implementar\u00e1 a trav\u00e9s de la Subsecretar\u00eda de Recursos H\u00eddricos del Ministerio de Infraestructura.<\/p>\n\n\n\n<p>\u201cEste programa proyecta la construcci\u00f3n en Las Flores del primer humedal artificial de toda la provincia para el tratamiento de efluentes que permitir\u00e1 transformar los residuos de la planta de tratamientos cloacales y de tratar adem\u00e1s los efluentes de la planta de faena de peque\u00f1os y medianos animales\u201c, explic\u00f3 Jelinski.<\/p>\n\n\n\n<p>\u201cLas Flores va a ser uno de los municipios m\u00e1s sustentables que va a tener la Provincia si seguimos por este camino\u201d, se\u00f1al\u00f3 el subsecretario quien hizo oportuna la ocasi\u00f3n para elogiar las capacidades t\u00e9cnicas en materia h\u00eddrica de Alberto Gelen\u00e9 y el gran equipo t\u00e9cnico con el que cuenta.<\/p>\n\n\n\n<p>El equipo de trabajo que acompa\u00f1\u00f3 al Subsecretario estuvo conformado por: Javier Trezza, jefe de Gabinete de la Subsecretar\u00eda; Paula Ram\u00edrez, directora de Monitoreo Hidrometeorol\u00f3gico; Marisa Esposito de la misma Direcci\u00f3n, experta en humedales; Bi\u00f3logo Alejandro Mari\u00f1elarena, asesor; Enzo Pacho, especialista de la Direcci\u00f3n de Saneamiento Rural dependiente de la DIPAC.<\/p>\n\n\n\n<p>Adem\u00e1s, estuvieron presentes funcionarios del gabinete municipal; integrantes del equipo de la Secretar\u00eda de Obras P\u00fablicas; concejales que trabajan en proyectos relacionados a las tem\u00e1ticas planteadas; referentes de la oficina local de ABSA; entre otras autoridades.<\/p>\n\n\n\n<p>La jornada de trabajo continu\u00f3 con la recorrida por la Planta de Tratamiento de Residuos Cloacales, por la obra de pavimentaci\u00f3n de la Avenida Cruz Marqu\u00e9s recientemente terminada, por el predio donde se construir\u00e1 el humedal y por el Parque Plaza Montero.<\/p>\n","protected":false},"excerpt":{"rendered":"<p>El intendente Alberto Gelen\u00e9 recibi\u00f3 al subsecretario de Recursos H\u00eddricos Guillermo Jelinski, quien anunci\u00f3 que se va a construir el<\/p>\n","protected":false},"author":3,"featured_media":443,"comment_status":"closed","ping_status":"closed","sticky":false,"template":"","format":"standard","meta":{"colormag_page_container_layout":"default_layout","colormag_page_sidebar_layout":"default_layout","footnotes":""},"categories":[9,1,14],"tags":[24],"class_list":["post-442","post","type-post","status-publish","format-standard","has-post-thumbnail","hentry","category-5ta-seccion","category-destacadas","category-politica","tag-municipalidad-de-las-flores"],"yoast_head":"<!-- This site is optimized with the Yoast SEO plugin v27.5 - https:\/\/yoast.com\/product\/yoast-seo-wordpress\/ -->\n<title>Jelinski y Gelen\u00e9 lanzaron \u201cinfraestructura verde\u201d para construir el primer humedal artificial de la provincia en Las Flores - InfoPBA247<\/title>\n<meta name=\"robots\" content=\"index, follow, max-snippet:-1, max-image-preview:large, max-video-preview:-1\" \/>\n<link rel=\"canonical\" href=\"https:\/\/infopba247.com.ar\/index.php\/2022\/06\/29\/jelinski-y-gelene-lanzaron-infraestructura-verde-para-construir-el-primer-humedal-artificial-de-la-provincia-en-las-flores\/\" \/>\n<meta property=\"og:locale\" content=\"es_ES\" \/>\n<meta property=\"og:type\" content=\"article\" \/>\n<meta property=\"og:title\" content=\"Jelinski y Gelen\u00e9 lanzaron \u201cinfraestructura verde\u201d para construir el primer humedal artificial de la provincia en Las Flores - InfoPBA247\" \/>\n<meta property=\"og:description\" content=\"El intendente Alberto Gelen\u00e9 recibi\u00f3 al subsecretario de Recursos H\u00eddricos Guillermo Jelinski, quien anunci\u00f3 que se va a construir el\" \/>\n<meta property=\"og:url\" content=\"https:\/\/infopba247.com.ar\/index.php\/2022\/06\/29\/jelinski-y-gelene-lanzaron-infraestructura-verde-para-construir-el-primer-humedal-artificial-de-la-provincia-en-las-flores\/\" \/>\n<meta property=\"og:site_name\" content=\"InfoPBA247\" \/>\n<meta property=\"article:publisher\" content=\"https:\/\/www.facebook.com\/InfoPBA\" \/>\n<meta property=\"article:published_time\" content=\"2022-06-29T12:19:58+00:00\" \/>\n<meta property=\"og:image\" content=\"https:\/\/infopba247.com.ar\/wp-content\/uploads\/2022\/06\/VIS_JELINSKI7-e1656339040946.jpg\" \/>\n\t<meta property=\"og:image:width\" content=\"1220\" \/>\n\t<meta property=\"og:image:height\" content=\"813\" \/>\n\t<meta property=\"og:image:type\" content=\"image\/jpeg\" \/>\n<meta name=\"author\" content=\"Editor\" \/>\n<meta name=\"twitter:card\" content=\"summary_large_image\" \/>\n<meta name=\"twitter:label1\" content=\"Escrito por\" \/>\n\t<meta name=\"twitter:data1\" content=\"Editor\" \/>\n\t<meta name=\"twitter:label2\" content=\"Tiempo de lectura\" \/>\n\t<meta name=\"twitter:data2\" content=\"3 minutos\" \/>\n<script type=\"application\/ld+json\" class=\"yoast-schema-graph\">{\"@context\":\"https:\\\/\\\/schema.org\",\"@graph\":[{\"@type\":\"Article\",\"@id\":\"https:\\\/\\\/infopba247.com.ar\\\/index.php\\\/2022\\\/06\\\/29\\\/jelinski-y-gelene-lanzaron-infraestructura-verde-para-construir-el-primer-humedal-artificial-de-la-provincia-en-las-flores\\\/#article\",\"isPartOf\":{\"@id\":\"https:\\\/\\\/infopba247.com.ar\\\/index.php\\\/2022\\\/06\\\/29\\\/jelinski-y-gelene-lanzaron-infraestructura-verde-para-construir-el-primer-humedal-artificial-de-la-provincia-en-las-flores\\\/\"},\"author\":{\"name\":\"Editor\",\"@id\":\"https:\\\/\\\/infopba247.com.ar\\\/#\\\/schema\\\/person\\\/4975f1343a413e57bf839b3eed0099f2\"},\"headline\":\"Jelinski y Gelen\u00e9 lanzaron \u201cinfraestructura verde\u201d para construir el primer humedal artificial de la provincia en Las Flores\",\"datePublished\":\"2022-06-29T12:19:58+00:00\",\"mainEntityOfPage\":{\"@id\":\"https:\\\/\\\/infopba247.com.ar\\\/index.php\\\/2022\\\/06\\\/29\\\/jelinski-y-gelene-lanzaron-infraestructura-verde-para-construir-el-primer-humedal-artificial-de-la-provincia-en-las-flores\\\/\"},\"wordCount\":638,\"publisher\":{\"@id\":\"https:\\\/\\\/infopba247.com.ar\\\/#organization\"},\"image\":{\"@id\":\"https:\\\/\\\/infopba247.com.ar\\\/index.php\\\/2022\\\/06\\\/29\\\/jelinski-y-gelene-lanzaron-infraestructura-verde-para-construir-el-primer-humedal-artificial-de-la-provincia-en-las-flores\\\/#primaryimage\"},\"thumbnailUrl\":\"https:\\\/\\\/infopba247.com.ar\\\/wp-content\\\/uploads\\\/2022\\\/06\\\/VIS_JELINSKI7-e1656339040946.jpg\",\"keywords\":[\"Municipalidad de Las Flores\"],\"articleSection\":[\"5ta Secci\u00f3n\",\"Destacadas\",\"Pol\u00edtica\"],\"inLanguage\":\"es\"},{\"@type\":\"WebPage\",\"@id\":\"https:\\\/\\\/infopba247.com.ar\\\/index.php\\\/2022\\\/06\\\/29\\\/jelinski-y-gelene-lanzaron-infraestructura-verde-para-construir-el-primer-humedal-artificial-de-la-provincia-en-las-flores\\\/\",\"url\":\"https:\\\/\\\/infopba247.com.ar\\\/index.php\\\/2022\\\/06\\\/29\\\/jelinski-y-gelene-lanzaron-infraestructura-verde-para-construir-el-primer-humedal-artificial-de-la-provincia-en-las-flores\\\/\",\"name\":\"Jelinski y Gelen\u00e9 lanzaron \u201cinfraestructura verde\u201d para construir el primer humedal artificial de la provincia en Las Flores - InfoPBA247\",\"isPartOf\":{\"@id\":\"https:\\\/\\\/infopba247.com.ar\\\/#website\"},\"primaryImageOfPage\":{\"@id\":\"https:\\\/\\\/infopba247.com.ar\\\/index.php\\\/2022\\\/06\\\/29\\\/jelinski-y-gelene-lanzaron-infraestructura-verde-para-construir-el-primer-humedal-artificial-de-la-provincia-en-las-flores\\\/#primaryimage\"},\"image\":{\"@id\":\"https:\\\/\\\/infopba247.com.ar\\\/index.php\\\/2022\\\/06\\\/29\\\/jelinski-y-gelene-lanzaron-infraestructura-verde-para-construir-el-primer-humedal-artificial-de-la-provincia-en-las-flores\\\/#primaryimage\"},\"thumbnailUrl\":\"https:\\\/\\\/infopba247.com.ar\\\/wp-content\\\/uploads\\\/2022\\\/06\\\/VIS_JELINSKI7-e1656339040946.jpg\",\"datePublished\":\"2022-06-29T12:19:58+00:00\",\"breadcrumb\":{\"@id\":\"https:\\\/\\\/infopba247.com.ar\\\/index.php\\\/2022\\\/06\\\/29\\\/jelinski-y-gelene-lanzaron-infraestructura-verde-para-construir-el-primer-humedal-artificial-de-la-provincia-en-las-flores\\\/#breadcrumb\"},\"inLanguage\":\"es\",\"potentialAction\":[{\"@type\":\"ReadAction\",\"target\":[\"https:\\\/\\\/infopba247.com.ar\\\/index.php\\\/2022\\\/06\\\/29\\\/jelinski-y-gelene-lanzaron-infraestructura-verde-para-construir-el-primer-humedal-artificial-de-la-provincia-en-las-flores\\\/\"]}]},{\"@type\":\"ImageObject\",\"inLanguage\":\"es\",\"@id\":\"https:\\\/\\\/infopba247.com.ar\\\/index.php\\\/2022\\\/06\\\/29\\\/jelinski-y-gelene-lanzaron-infraestructura-verde-para-construir-el-primer-humedal-artificial-de-la-provincia-en-las-flores\\\/#primaryimage\",\"url\":\"https:\\\/\\\/infopba247.com.ar\\\/wp-content\\\/uploads\\\/2022\\\/06\\\/VIS_JELINSKI7-e1656339040946.jpg\",\"contentUrl\":\"https:\\\/\\\/infopba247.com.ar\\\/wp-content\\\/uploads\\\/2022\\\/06\\\/VIS_JELINSKI7-e1656339040946.jpg\",\"width\":1220,\"height\":813},{\"@type\":\"BreadcrumbList\",\"@id\":\"https:\\\/\\\/infopba247.com.ar\\\/index.php\\\/2022\\\/06\\\/29\\\/jelinski-y-gelene-lanzaron-infraestructura-verde-para-construir-el-primer-humedal-artificial-de-la-provincia-en-las-flores\\\/#breadcrumb\",\"itemListElement\":[{\"@type\":\"ListItem\",\"position\":1,\"name\":\"Portada\",\"item\":\"https:\\\/\\\/infopba247.com.ar\\\/\"},{\"@type\":\"ListItem\",\"position\":2,\"name\":\"Jelinski y Gelen\u00e9 lanzaron \u201cinfraestructura verde\u201d para construir el primer humedal artificial de la provincia en Las Flores\"}]},{\"@type\":\"WebSite\",\"@id\":\"https:\\\/\\\/infopba247.com.ar\\\/#website\",\"url\":\"https:\\\/\\\/infopba247.com.ar\\\/\",\"name\":\"InfoPBA247\",\"description\":\"Toda la actualidad bonaerense\",\"publisher\":{\"@id\":\"https:\\\/\\\/infopba247.com.ar\\\/#organization\"},\"potentialAction\":[{\"@type\":\"SearchAction\",\"target\":{\"@type\":\"EntryPoint\",\"urlTemplate\":\"https:\\\/\\\/infopba247.com.ar\\\/?s={search_term_string}\"},\"query-input\":{\"@type\":\"PropertyValueSpecification\",\"valueRequired\":true,\"valueName\":\"search_term_string\"}}],\"inLanguage\":\"es\"},{\"@type\":\"Organization\",\"@id\":\"https:\\\/\\\/infopba247.com.ar\\\/#organization\",\"name\":\"InfoPBA247\",\"url\":\"https:\\\/\\\/infopba247.com.ar\\\/\",\"logo\":{\"@type\":\"ImageObject\",\"inLanguage\":\"es\",\"@id\":\"https:\\\/\\\/infopba247.com.ar\\\/#\\\/schema\\\/logo\\\/image\\\/\",\"url\":\"https:\\\/\\\/infopba247.com.ar\\\/wp-content\\\/uploads\\\/2022\\\/03\\\/cropped-InfoPBA247-1.png\",\"contentUrl\":\"https:\\\/\\\/infopba247.com.ar\\\/wp-content\\\/uploads\\\/2022\\\/03\\\/cropped-InfoPBA247-1.png\",\"width\":500,\"height\":122,\"caption\":\"InfoPBA247\"},\"image\":{\"@id\":\"https:\\\/\\\/infopba247.com.ar\\\/#\\\/schema\\\/logo\\\/image\\\/\"},\"sameAs\":[\"https:\\\/\\\/www.facebook.com\\\/InfoPBA\"]},{\"@type\":\"Person\",\"@id\":\"https:\\\/\\\/infopba247.com.ar\\\/#\\\/schema\\\/person\\\/4975f1343a413e57bf839b3eed0099f2\",\"name\":\"Editor\",\"image\":{\"@type\":\"ImageObject\",\"inLanguage\":\"es\",\"@id\":\"https:\\\/\\\/secure.gravatar.com\\\/avatar\\\/d27fe9520667ca53441d36627a1d6b0fa4a813571ec4803687a7a3a7744685ac?s=96&d=mm&r=g\",\"url\":\"https:\\\/\\\/secure.gravatar.com\\\/avatar\\\/d27fe9520667ca53441d36627a1d6b0fa4a813571ec4803687a7a3a7744685ac?s=96&d=mm&r=g\",\"contentUrl\":\"https:\\\/\\\/secure.gravatar.com\\\/avatar\\\/d27fe9520667ca53441d36627a1d6b0fa4a813571ec4803687a7a3a7744685ac?s=96&d=mm&r=g\",\"caption\":\"Editor\"},\"url\":\"https:\\\/\\\/infopba247.com.ar\\\/index.php\\\/author\\\/editor\\\/\"}]}<\/script>\n<!-- \/ Yoast SEO plugin. -->","yoast_head_json":{"title":"Jelinski y Gelen\u00e9 lanzaron \u201cinfraestructura verde\u201d para construir el primer humedal artificial de la provincia en Las Flores - InfoPBA247","robots":{"index":"index","follow":"follow","max-snippet":"max-snippet:-1","max-image-preview":"max-image-preview:large","max-video-preview":"max-video-preview:-1"},"canonical":"https:\/\/infopba247.com.ar\/index.php\/2022\/06\/29\/jelinski-y-gelene-lanzaron-infraestructura-verde-para-construir-el-primer-humedal-artificial-de-la-provincia-en-las-flores\/","og_locale":"es_ES","og_type":"article","og_title":"Jelinski y Gelen\u00e9 lanzaron \u201cinfraestructura verde\u201d para construir el primer humedal artificial de la provincia en Las Flores - InfoPBA247","og_description":"El intendente Alberto Gelen\u00e9 recibi\u00f3 al subsecretario de Recursos H\u00eddricos Guillermo Jelinski, quien anunci\u00f3 que se va a construir el","og_url":"https:\/\/infopba247.com.ar\/index.php\/2022\/06\/29\/jelinski-y-gelene-lanzaron-infraestructura-verde-para-construir-el-primer-humedal-artificial-de-la-provincia-en-las-flores\/","og_site_name":"InfoPBA247","article_publisher":"https:\/\/www.facebook.com\/InfoPBA","article_published_time":"2022-06-29T12:19:58+00:00","og_image":[{"width":1220,"height":813,"url":"https:\/\/infopba247.com.ar\/wp-content\/uploads\/2022\/06\/VIS_JELINSKI7-e1656339040946.jpg","type":"image\/jpeg"}],"author":"Editor","twitter_card":"summary_large_image","twitter_misc":{"Escrito por":"Editor","Tiempo de lectura":"3 minutos"},"schema":{"@context":"https:\/\/schema.org","@graph":[{"@type":"Article","@id":"https:\/\/infopba247.com.ar\/index.php\/2022\/06\/29\/jelinski-y-gelene-lanzaron-infraestructura-verde-para-construir-el-primer-humedal-artificial-de-la-provincia-en-las-flores\/#article","isPartOf":{"@id":"https:\/\/infopba247.com.ar\/index.php\/2022\/06\/29\/jelinski-y-gelene-lanzaron-infraestructura-verde-para-construir-el-primer-humedal-artificial-de-la-provincia-en-las-flores\/"},"author":{"name":"Editor","@id":"https:\/\/infopba247.com.ar\/#\/schema\/person\/4975f1343a413e57bf839b3eed0099f2"},"headline":"Jelinski y Gelen\u00e9 lanzaron \u201cinfraestructura verde\u201d para construir el primer humedal artificial de la provincia en Las Flores","datePublished":"2022-06-29T12:19:58+00:00","mainEntityOfPage":{"@id":"https:\/\/infopba247.com.ar\/index.php\/2022\/06\/29\/jelinski-y-gelene-lanzaron-infraestructura-verde-para-construir-el-primer-humedal-artificial-de-la-provincia-en-las-flores\/"},"wordCount":638,"publisher":{"@id":"https:\/\/infopba247.com.ar\/#organization"},"image":{"@id":"https:\/\/infopba247.com.ar\/index.php\/2022\/06\/29\/jelinski-y-gelene-lanzaron-infraestructura-verde-para-construir-el-primer-humedal-artificial-de-la-provincia-en-las-flores\/#primaryimage"},"thumbnailUrl":"https:\/\/infopba247.com.ar\/wp-content\/uploads\/2022\/06\/VIS_JELINSKI7-e1656339040946.jpg","keywords":["Municipalidad de Las Flores"],"articleSection":["5ta Secci\u00f3n","Destacadas","Pol\u00edtica"],"inLanguage":"es"},{"@type":"WebPage","@id":"https:\/\/infopba247.com.ar\/index.php\/2022\/06\/29\/jelinski-y-gelene-lanzaron-infraestructura-verde-para-construir-el-primer-humedal-artificial-de-la-provincia-en-las-flores\/","url":"https:\/\/infopba247.com.ar\/index.php\/2022\/06\/29\/jelinski-y-gelene-lanzaron-infraestructura-verde-para-construir-el-primer-humedal-artificial-de-la-provincia-en-las-flores\/","name":"Jelinski y Gelen\u00e9 lanzaron \u201cinfraestructura verde\u201d para construir el primer humedal artificial de la provincia en Las Flores - InfoPBA247","isPartOf":{"@id":"https:\/\/infopba247.com.ar\/#website"},"primaryImageOfPage":{"@id":"https:\/\/infopba247.com.ar\/index.php\/2022\/06\/29\/jelinski-y-gelene-lanzaron-infraestructura-verde-para-construir-el-primer-humedal-artificial-de-la-provincia-en-las-flores\/#primaryimage"},"image":{"@id":"https:\/\/infopba247.com.ar\/index.php\/2022\/06\/29\/jelinski-y-gelene-lanzaron-infraestructura-verde-para-construir-el-primer-humedal-artificial-de-la-provincia-en-las-flores\/#primaryimage"},"thumbnailUrl":"https:\/\/infopba247.com.ar\/wp-content\/uploads\/2022\/06\/VIS_JELINSKI7-e1656339040946.jpg","datePublished":"2022-06-29T12:19:58+00:00","breadcrumb":{"@id":"https:\/\/infopba247.com.ar\/index.php\/2022\/06\/29\/jelinski-y-gelene-lanzaron-infraestructura-verde-para-construir-el-primer-humedal-artificial-de-la-provincia-en-las-flores\/#breadcrumb"},"inLanguage":"es","potentialAction":[{"@type":"ReadAction","target":["https:\/\/infopba247.com.ar\/index.php\/2022\/06\/29\/jelinski-y-gelene-lanzaron-infraestructura-verde-para-construir-el-primer-humedal-artificial-de-la-provincia-en-las-flores\/"]}]},{"@type":"ImageObject","inLanguage":"es","@id":"https:\/\/infopba247.com.ar\/index.php\/2022\/06\/29\/jelinski-y-gelene-lanzaron-infraestructura-verde-para-construir-el-primer-humedal-artificial-de-la-provincia-en-las-flores\/#primaryimage","url":"https:\/\/infopba247.com.ar\/wp-content\/uploads\/2022\/06\/VIS_JELINSKI7-e1656339040946.jpg","contentUrl":"https:\/\/infopba247.com.ar\/wp-content\/uploads\/2022\/06\/VIS_JELINSKI7-e1656339040946.jpg","width":1220,"height":813},{"@type":"BreadcrumbList","@id":"https:\/\/infopba247.com.ar\/index.php\/2022\/06\/29\/jelinski-y-gelene-lanzaron-infraestructura-verde-para-construir-el-primer-humedal-artificial-de-la-provincia-en-las-flores\/#breadcrumb","itemListElement":[{"@type":"ListItem","position":1,"name":"Portada","item":"https:\/\/infopba247.com.ar\/"},{"@type":"ListItem","position":2,"name":"Jelinski y Gelen\u00e9 lanzaron \u201cinfraestructura verde\u201d para construir el primer humedal artificial de la provincia en Las Flores"}]},{"@type":"WebSite","@id":"https:\/\/infopba247.com.ar\/#website","url":"https:\/\/infopba247.com.ar\/","name":"InfoPBA247","description":"Toda la actualidad bonaerense","publisher":{"@id":"https:\/\/infopba247.com.ar\/#organization"},"potentialAction":[{"@type":"SearchAction","target":{"@type":"EntryPoint","urlTemplate":"https:\/\/infopba247.com.ar\/?s={search_term_string}"},"query-input":{"@type":"PropertyValueSpecification","valueRequired":true,"valueName":"search_term_string"}}],"inLanguage":"es"},{"@type":"Organization","@id":"https:\/\/infopba247.com.ar\/#organization","name":"InfoPBA247","url":"https:\/\/infopba247.com.ar\/","logo":{"@type":"ImageObject","inLanguage":"es","@id":"https:\/\/infopba247.com.ar\/#\/schema\/logo\/image\/","url":"https:\/\/infopba247.com.ar\/wp-content\/uploads\/2022\/03\/cropped-InfoPBA247-1.png","contentUrl":"https:\/\/infopba247.com.ar\/wp-content\/uploads\/2022\/03\/cropped-InfoPBA247-1.png","width":500,"height":122,"caption":"InfoPBA247"},"image":{"@id":"https:\/\/infopba247.com.ar\/#\/schema\/logo\/image\/"},"sameAs":["https:\/\/www.facebook.com\/InfoPBA"]},{"@type":"Person","@id":"https:\/\/infopba247.com.ar\/#\/schema\/person\/4975f1343a413e57bf839b3eed0099f2","name":"Editor","image":{"@type":"ImageObject","inLanguage":"es","@id":"https:\/\/secure.gravatar.com\/avatar\/d27fe9520667ca53441d36627a1d6b0fa4a813571ec4803687a7a3a7744685ac?s=96&d=mm&r=g","url":"https:\/\/secure.gravatar.com\/avatar\/d27fe9520667ca53441d36627a1d6b0fa4a813571ec4803687a7a3a7744685ac?s=96&d=mm&r=g","contentUrl":"https:\/\/secure.gravatar.com\/avatar\/d27fe9520667ca53441d36627a1d6b0fa4a813571ec4803687a7a3a7744685ac?s=96&d=mm&r=g","caption":"Editor"},"url":"https:\/\/infopba247.com.ar\/index.php\/author\/editor\/"}]}},"_links":{"self":[{"href":"https:\/\/infopba247.com.ar\/index.php\/wp-json\/wp\/v2\/posts\/442","targetHints":{"allow":["GET"]}}],"collection":[{"href":"https:\/\/infopba247.com.ar\/index.php\/wp-json\/wp\/v2\/posts"}],"about":[{"href":"https:\/\/infopba247.com.ar\/index.php\/wp-json\/wp\/v2\/types\/post"}],"author":[{"embeddable":true,"href":"https:\/\/infopba247.com.ar\/index.php\/wp-json\/wp\/v2\/users\/3"}],"replies":[{"embeddable":true,"href":"https:\/\/infopba247.com.ar\/index.php\/wp-json\/wp\/v2\/comments?post=442"}],"version-history":[{"count":1,"href":"https:\/\/infopba247.com.ar\/index.php\/wp-json\/wp\/v2\/posts\/442\/revisions"}],"predecessor-version":[{"id":444,"href":"https:\/\/infopba247.com.ar\/index.php\/wp-json\/wp\/v2\/posts\/442\/revisions\/444"}],"wp:featuredmedia":[{"embeddable":true,"href":"https:\/\/infopba247.com.ar\/index.php\/wp-json\/wp\/v2\/media\/443"}],"wp:attachment":[{"href":"https:\/\/infopba247.com.ar\/index.php\/wp-json\/wp\/v2\/media?parent=442"}],"wp:term":[{"taxonomy":"category","embeddable":true,"href":"https:\/\/infopba247.com.ar\/index.php\/wp-json\/wp\/v2\/categories?post=442"},{"taxonomy":"post_tag","embeddable":true,"href":"https:\/\/infopba247.com.ar\/index.php\/wp-json\/wp\/v2\/tags?post=442"}],"curies":[{"name":"wp","href":"https:\/\/api.w.org\/{rel}","templated":true}]}}