{"id":4416,"date":"2024-06-26T10:38:23","date_gmt":"2024-06-26T13:38:23","guid":{"rendered":"https:\/\/infopba247.com.ar\/?p=4416"},"modified":"2024-06-26T10:38:24","modified_gmt":"2024-06-26T13:38:24","slug":"comienza-un-nuevo-juicio-por-crimenes-de-lesa-humanidad-cometidos-en-la-comisaria-5ta-de-la-plata","status":"publish","type":"post","link":"https:\/\/infopba247.com.ar\/index.php\/2024\/06\/26\/comienza-un-nuevo-juicio-por-crimenes-de-lesa-humanidad-cometidos-en-la-comisaria-5ta-de-la-plata\/","title":{"rendered":"Comienza un nuevo juicio por cr\u00edmenes de lesa humanidad cometidos en la Comisar\u00eda 5ta de La Plata"},"content":{"rendered":"\n<p>Abuelas de Plaza de Mayo comunica que el jueves 27 de junio, a las 11, comenzar\u00e1 un nuevo juicio por cr\u00edmenes de lesa humanidad cometidos en el CCD Comisar\u00eda 5ta, en una causa residual de la conocida como Circuito Camps que, en 2012, conden\u00f3 a seis responsables de esa dependencia policial.<\/p>\n\n\n\n<p>Este juicio ante el Tribunal Oral Federal n\u00famero 1 de La Plata alcanza a 112 v\u00edctimas y tiene tres imputados -Pedro Ra\u00fal Mu\u00f1oz, Jorge Antonio Berg\u00e9s y Jos\u00e9 Ignacio Saravia Day-, ya que los ex polic\u00edas Cecilio Reinaldo G\u00f3mez y N\u00e9stor Ram\u00f3n Buzzato fallecieron antes de llegar a esta instancia.<\/p>\n\n\n\n<p>Abuelas en el juicio<\/p>\n\n\n\n<p>Abuelas es querellante en este juicio junto al nieto restituido Leonardo Fossati Ortega.<\/p>\n\n\n\n<p>Pedro Ra\u00fal Mu\u00f1oz, numerario de la polic\u00eda bonaerense que prest\u00f3 servicios en la Comisar\u00eda 5ta, est\u00e1 imputado por 110 casos, entre ellos: cuatro nietos restituidos -Sabino Abdala, Mar\u00eda Eugenia Gatica Caracoche, Ana Libertad Baratti de la Cuadra y Leonardo Fossati Ortega-; una ni\u00f1a asesinada -M\u00f3nica Santucho-, los desaparecidos\/as In\u00e9s Ortega y Rub\u00e9n Fossati (madre y padre de Leonardo) y Elena de la Cuadra (madre de Ana Libertad), y las embarazadas desaparecidas Silvia Amanda Gonz\u00e1lez de Mora, Mar\u00eda Adelia Garin de De Angelis, Mirta Graciela Manchiola, Silvia Mu\u00f1oz y Diana Wlichky, a cuyos\/as hijos\/as a\u00fan buscamos.<\/p>\n\n\n\n<p>El ex m\u00e9dico policial Jorge Antonio Berg\u00e9s deber\u00e1 responder por el caso de Jorge Julio L\u00f3pez, mientras que el ex teniente del Regimiento de Granaderos a Caballo Jos\u00e9 Ignacio Saravia Day est\u00e1 acusado por el caso de tres conscriptos.<\/p>\n\n\n\n<p>N\u00e9stor Ram\u00f3n Buzzato y Cecilio Reinaldo G\u00f3mez, ya fallecidos, deb\u00edan responder por su participaci\u00f3n en el operativo de la calle 30, en el que fue secuestrada nuestra nieta Clara Anah\u00ed Mariani, a quien a\u00fan buscamos.<\/p>\n","protected":false},"excerpt":{"rendered":"<p>Abuelas de Plaza de Mayo comunica que el jueves 27 de junio, a las 11, comenzar\u00e1 un nuevo juicio por<\/p>\n","protected":false},"author":3,"featured_media":4418,"comment_status":"closed","ping_status":"closed","sticky":false,"template":"","format":"standard","meta":{"colormag_page_container_layout":"default_layout","colormag_page_sidebar_layout":"default_layout","footnotes":""},"categories":[16],"tags":[],"class_list":["post-4416","post","type-post","status-publish","format-standard","has-post-thumbnail","hentry","category-interes-general"],"yoast_head":"<!-- This site is optimized with the Yoast SEO plugin v27.4 - https:\/\/yoast.com\/product\/yoast-seo-wordpress\/ -->\n<title>Comienza un nuevo juicio por cr\u00edmenes de lesa humanidad cometidos en la Comisar\u00eda 5ta de La Plata - InfoPBA247<\/title>\n<meta name=\"robots\" content=\"index, follow, max-snippet:-1, max-image-preview:large, max-video-preview:-1\" \/>\n<link rel=\"canonical\" href=\"https:\/\/infopba247.com.ar\/index.php\/2024\/06\/26\/comienza-un-nuevo-juicio-por-crimenes-de-lesa-humanidad-cometidos-en-la-comisaria-5ta-de-la-plata\/\" \/>\n<meta property=\"og:locale\" content=\"es_ES\" \/>\n<meta property=\"og:type\" content=\"article\" \/>\n<meta property=\"og:title\" content=\"Comienza un nuevo juicio por cr\u00edmenes de lesa humanidad cometidos en la Comisar\u00eda 5ta de La Plata - InfoPBA247\" \/>\n<meta property=\"og:description\" content=\"Abuelas de Plaza de Mayo comunica que el jueves 27 de junio, a las 11, comenzar\u00e1 un nuevo juicio por\" \/>\n<meta property=\"og:url\" content=\"https:\/\/infopba247.com.ar\/index.php\/2024\/06\/26\/comienza-un-nuevo-juicio-por-crimenes-de-lesa-humanidad-cometidos-en-la-comisaria-5ta-de-la-plata\/\" \/>\n<meta property=\"og:site_name\" content=\"InfoPBA247\" \/>\n<meta property=\"article:publisher\" content=\"https:\/\/www.facebook.com\/InfoPBA\" \/>\n<meta property=\"article:published_time\" content=\"2024-06-26T13:38:23+00:00\" \/>\n<meta property=\"article:modified_time\" content=\"2024-06-26T13:38:24+00:00\" \/>\n<meta property=\"og:image\" content=\"https:\/\/infopba247.com.ar\/wp-content\/uploads\/2024\/06\/GQ8pHLWXEAAdxyx.jpeg\" \/>\n\t<meta property=\"og:image:width\" content=\"1918\" \/>\n\t<meta property=\"og:image:height\" content=\"1036\" \/>\n\t<meta property=\"og:image:type\" content=\"image\/jpeg\" \/>\n<meta name=\"author\" content=\"Editor\" \/>\n<meta name=\"twitter:card\" content=\"summary_large_image\" \/>\n<meta name=\"twitter:label1\" content=\"Escrito por\" \/>\n\t<meta name=\"twitter:data1\" content=\"Editor\" \/>\n\t<meta name=\"twitter:label2\" content=\"Tiempo de lectura\" \/>\n\t<meta name=\"twitter:data2\" content=\"2 minutos\" \/>\n<script type=\"application\/ld+json\" class=\"yoast-schema-graph\">{\"@context\":\"https:\\\/\\\/schema.org\",\"@graph\":[{\"@type\":\"Article\",\"@id\":\"https:\\\/\\\/infopba247.com.ar\\\/index.php\\\/2024\\\/06\\\/26\\\/comienza-un-nuevo-juicio-por-crimenes-de-lesa-humanidad-cometidos-en-la-comisaria-5ta-de-la-plata\\\/#article\",\"isPartOf\":{\"@id\":\"https:\\\/\\\/infopba247.com.ar\\\/index.php\\\/2024\\\/06\\\/26\\\/comienza-un-nuevo-juicio-por-crimenes-de-lesa-humanidad-cometidos-en-la-comisaria-5ta-de-la-plata\\\/\"},\"author\":{\"name\":\"Editor\",\"@id\":\"https:\\\/\\\/infopba247.com.ar\\\/#\\\/schema\\\/person\\\/4975f1343a413e57bf839b3eed0099f2\"},\"headline\":\"Comienza un nuevo juicio por cr\u00edmenes de lesa humanidad cometidos en la Comisar\u00eda 5ta de La Plata\",\"datePublished\":\"2024-06-26T13:38:23+00:00\",\"dateModified\":\"2024-06-26T13:38:24+00:00\",\"mainEntityOfPage\":{\"@id\":\"https:\\\/\\\/infopba247.com.ar\\\/index.php\\\/2024\\\/06\\\/26\\\/comienza-un-nuevo-juicio-por-crimenes-de-lesa-humanidad-cometidos-en-la-comisaria-5ta-de-la-plata\\\/\"},\"wordCount\":335,\"publisher\":{\"@id\":\"https:\\\/\\\/infopba247.com.ar\\\/#organization\"},\"image\":{\"@id\":\"https:\\\/\\\/infopba247.com.ar\\\/index.php\\\/2024\\\/06\\\/26\\\/comienza-un-nuevo-juicio-por-crimenes-de-lesa-humanidad-cometidos-en-la-comisaria-5ta-de-la-plata\\\/#primaryimage\"},\"thumbnailUrl\":\"https:\\\/\\\/infopba247.com.ar\\\/wp-content\\\/uploads\\\/2024\\\/06\\\/GQ8pHLWXEAAdxyx.jpeg\",\"articleSection\":[\"Inter\u00e9s General\"],\"inLanguage\":\"es\"},{\"@type\":\"WebPage\",\"@id\":\"https:\\\/\\\/infopba247.com.ar\\\/index.php\\\/2024\\\/06\\\/26\\\/comienza-un-nuevo-juicio-por-crimenes-de-lesa-humanidad-cometidos-en-la-comisaria-5ta-de-la-plata\\\/\",\"url\":\"https:\\\/\\\/infopba247.com.ar\\\/index.php\\\/2024\\\/06\\\/26\\\/comienza-un-nuevo-juicio-por-crimenes-de-lesa-humanidad-cometidos-en-la-comisaria-5ta-de-la-plata\\\/\",\"name\":\"Comienza un nuevo juicio por cr\u00edmenes de lesa humanidad cometidos en la Comisar\u00eda 5ta de La Plata - InfoPBA247\",\"isPartOf\":{\"@id\":\"https:\\\/\\\/infopba247.com.ar\\\/#website\"},\"primaryImageOfPage\":{\"@id\":\"https:\\\/\\\/infopba247.com.ar\\\/index.php\\\/2024\\\/06\\\/26\\\/comienza-un-nuevo-juicio-por-crimenes-de-lesa-humanidad-cometidos-en-la-comisaria-5ta-de-la-plata\\\/#primaryimage\"},\"image\":{\"@id\":\"https:\\\/\\\/infopba247.com.ar\\\/index.php\\\/2024\\\/06\\\/26\\\/comienza-un-nuevo-juicio-por-crimenes-de-lesa-humanidad-cometidos-en-la-comisaria-5ta-de-la-plata\\\/#primaryimage\"},\"thumbnailUrl\":\"https:\\\/\\\/infopba247.com.ar\\\/wp-content\\\/uploads\\\/2024\\\/06\\\/GQ8pHLWXEAAdxyx.jpeg\",\"datePublished\":\"2024-06-26T13:38:23+00:00\",\"dateModified\":\"2024-06-26T13:38:24+00:00\",\"breadcrumb\":{\"@id\":\"https:\\\/\\\/infopba247.com.ar\\\/index.php\\\/2024\\\/06\\\/26\\\/comienza-un-nuevo-juicio-por-crimenes-de-lesa-humanidad-cometidos-en-la-comisaria-5ta-de-la-plata\\\/#breadcrumb\"},\"inLanguage\":\"es\",\"potentialAction\":[{\"@type\":\"ReadAction\",\"target\":[\"https:\\\/\\\/infopba247.com.ar\\\/index.php\\\/2024\\\/06\\\/26\\\/comienza-un-nuevo-juicio-por-crimenes-de-lesa-humanidad-cometidos-en-la-comisaria-5ta-de-la-plata\\\/\"]}]},{\"@type\":\"ImageObject\",\"inLanguage\":\"es\",\"@id\":\"https:\\\/\\\/infopba247.com.ar\\\/index.php\\\/2024\\\/06\\\/26\\\/comienza-un-nuevo-juicio-por-crimenes-de-lesa-humanidad-cometidos-en-la-comisaria-5ta-de-la-plata\\\/#primaryimage\",\"url\":\"https:\\\/\\\/infopba247.com.ar\\\/wp-content\\\/uploads\\\/2024\\\/06\\\/GQ8pHLWXEAAdxyx.jpeg\",\"contentUrl\":\"https:\\\/\\\/infopba247.com.ar\\\/wp-content\\\/uploads\\\/2024\\\/06\\\/GQ8pHLWXEAAdxyx.jpeg\",\"width\":1918,\"height\":1036},{\"@type\":\"BreadcrumbList\",\"@id\":\"https:\\\/\\\/infopba247.com.ar\\\/index.php\\\/2024\\\/06\\\/26\\\/comienza-un-nuevo-juicio-por-crimenes-de-lesa-humanidad-cometidos-en-la-comisaria-5ta-de-la-plata\\\/#breadcrumb\",\"itemListElement\":[{\"@type\":\"ListItem\",\"position\":1,\"name\":\"Portada\",\"item\":\"https:\\\/\\\/infopba247.com.ar\\\/\"},{\"@type\":\"ListItem\",\"position\":2,\"name\":\"Comienza un nuevo juicio por cr\u00edmenes de lesa humanidad cometidos en la Comisar\u00eda 5ta de La Plata\"}]},{\"@type\":\"WebSite\",\"@id\":\"https:\\\/\\\/infopba247.com.ar\\\/#website\",\"url\":\"https:\\\/\\\/infopba247.com.ar\\\/\",\"name\":\"InfoPBA247\",\"description\":\"Toda la actualidad bonaerense\",\"publisher\":{\"@id\":\"https:\\\/\\\/infopba247.com.ar\\\/#organization\"},\"potentialAction\":[{\"@type\":\"SearchAction\",\"target\":{\"@type\":\"EntryPoint\",\"urlTemplate\":\"https:\\\/\\\/infopba247.com.ar\\\/?s={search_term_string}\"},\"query-input\":{\"@type\":\"PropertyValueSpecification\",\"valueRequired\":true,\"valueName\":\"search_term_string\"}}],\"inLanguage\":\"es\"},{\"@type\":\"Organization\",\"@id\":\"https:\\\/\\\/infopba247.com.ar\\\/#organization\",\"name\":\"InfoPBA247\",\"url\":\"https:\\\/\\\/infopba247.com.ar\\\/\",\"logo\":{\"@type\":\"ImageObject\",\"inLanguage\":\"es\",\"@id\":\"https:\\\/\\\/infopba247.com.ar\\\/#\\\/schema\\\/logo\\\/image\\\/\",\"url\":\"https:\\\/\\\/infopba247.com.ar\\\/wp-content\\\/uploads\\\/2022\\\/03\\\/cropped-InfoPBA247-1.png\",\"contentUrl\":\"https:\\\/\\\/infopba247.com.ar\\\/wp-content\\\/uploads\\\/2022\\\/03\\\/cropped-InfoPBA247-1.png\",\"width\":500,\"height\":122,\"caption\":\"InfoPBA247\"},\"image\":{\"@id\":\"https:\\\/\\\/infopba247.com.ar\\\/#\\\/schema\\\/logo\\\/image\\\/\"},\"sameAs\":[\"https:\\\/\\\/www.facebook.com\\\/InfoPBA\"]},{\"@type\":\"Person\",\"@id\":\"https:\\\/\\\/infopba247.com.ar\\\/#\\\/schema\\\/person\\\/4975f1343a413e57bf839b3eed0099f2\",\"name\":\"Editor\",\"image\":{\"@type\":\"ImageObject\",\"inLanguage\":\"es\",\"@id\":\"https:\\\/\\\/secure.gravatar.com\\\/avatar\\\/d27fe9520667ca53441d36627a1d6b0fa4a813571ec4803687a7a3a7744685ac?s=96&d=mm&r=g\",\"url\":\"https:\\\/\\\/secure.gravatar.com\\\/avatar\\\/d27fe9520667ca53441d36627a1d6b0fa4a813571ec4803687a7a3a7744685ac?s=96&d=mm&r=g\",\"contentUrl\":\"https:\\\/\\\/secure.gravatar.com\\\/avatar\\\/d27fe9520667ca53441d36627a1d6b0fa4a813571ec4803687a7a3a7744685ac?s=96&d=mm&r=g\",\"caption\":\"Editor\"},\"url\":\"https:\\\/\\\/infopba247.com.ar\\\/index.php\\\/author\\\/editor\\\/\"}]}<\/script>\n<!-- \/ Yoast SEO plugin. -->","yoast_head_json":{"title":"Comienza un nuevo juicio por cr\u00edmenes de lesa humanidad cometidos en la Comisar\u00eda 5ta de La Plata - InfoPBA247","robots":{"index":"index","follow":"follow","max-snippet":"max-snippet:-1","max-image-preview":"max-image-preview:large","max-video-preview":"max-video-preview:-1"},"canonical":"https:\/\/infopba247.com.ar\/index.php\/2024\/06\/26\/comienza-un-nuevo-juicio-por-crimenes-de-lesa-humanidad-cometidos-en-la-comisaria-5ta-de-la-plata\/","og_locale":"es_ES","og_type":"article","og_title":"Comienza un nuevo juicio por cr\u00edmenes de lesa humanidad cometidos en la Comisar\u00eda 5ta de La Plata - InfoPBA247","og_description":"Abuelas de Plaza de Mayo comunica que el jueves 27 de junio, a las 11, comenzar\u00e1 un nuevo juicio por","og_url":"https:\/\/infopba247.com.ar\/index.php\/2024\/06\/26\/comienza-un-nuevo-juicio-por-crimenes-de-lesa-humanidad-cometidos-en-la-comisaria-5ta-de-la-plata\/","og_site_name":"InfoPBA247","article_publisher":"https:\/\/www.facebook.com\/InfoPBA","article_published_time":"2024-06-26T13:38:23+00:00","article_modified_time":"2024-06-26T13:38:24+00:00","og_image":[{"width":1918,"height":1036,"url":"https:\/\/infopba247.com.ar\/wp-content\/uploads\/2024\/06\/GQ8pHLWXEAAdxyx.jpeg","type":"image\/jpeg"}],"author":"Editor","twitter_card":"summary_large_image","twitter_misc":{"Escrito por":"Editor","Tiempo de lectura":"2 minutos"},"schema":{"@context":"https:\/\/schema.org","@graph":[{"@type":"Article","@id":"https:\/\/infopba247.com.ar\/index.php\/2024\/06\/26\/comienza-un-nuevo-juicio-por-crimenes-de-lesa-humanidad-cometidos-en-la-comisaria-5ta-de-la-plata\/#article","isPartOf":{"@id":"https:\/\/infopba247.com.ar\/index.php\/2024\/06\/26\/comienza-un-nuevo-juicio-por-crimenes-de-lesa-humanidad-cometidos-en-la-comisaria-5ta-de-la-plata\/"},"author":{"name":"Editor","@id":"https:\/\/infopba247.com.ar\/#\/schema\/person\/4975f1343a413e57bf839b3eed0099f2"},"headline":"Comienza un nuevo juicio por cr\u00edmenes de lesa humanidad cometidos en la Comisar\u00eda 5ta de La Plata","datePublished":"2024-06-26T13:38:23+00:00","dateModified":"2024-06-26T13:38:24+00:00","mainEntityOfPage":{"@id":"https:\/\/infopba247.com.ar\/index.php\/2024\/06\/26\/comienza-un-nuevo-juicio-por-crimenes-de-lesa-humanidad-cometidos-en-la-comisaria-5ta-de-la-plata\/"},"wordCount":335,"publisher":{"@id":"https:\/\/infopba247.com.ar\/#organization"},"image":{"@id":"https:\/\/infopba247.com.ar\/index.php\/2024\/06\/26\/comienza-un-nuevo-juicio-por-crimenes-de-lesa-humanidad-cometidos-en-la-comisaria-5ta-de-la-plata\/#primaryimage"},"thumbnailUrl":"https:\/\/infopba247.com.ar\/wp-content\/uploads\/2024\/06\/GQ8pHLWXEAAdxyx.jpeg","articleSection":["Inter\u00e9s General"],"inLanguage":"es"},{"@type":"WebPage","@id":"https:\/\/infopba247.com.ar\/index.php\/2024\/06\/26\/comienza-un-nuevo-juicio-por-crimenes-de-lesa-humanidad-cometidos-en-la-comisaria-5ta-de-la-plata\/","url":"https:\/\/infopba247.com.ar\/index.php\/2024\/06\/26\/comienza-un-nuevo-juicio-por-crimenes-de-lesa-humanidad-cometidos-en-la-comisaria-5ta-de-la-plata\/","name":"Comienza un nuevo juicio por cr\u00edmenes de lesa humanidad cometidos en la Comisar\u00eda 5ta de La Plata - InfoPBA247","isPartOf":{"@id":"https:\/\/infopba247.com.ar\/#website"},"primaryImageOfPage":{"@id":"https:\/\/infopba247.com.ar\/index.php\/2024\/06\/26\/comienza-un-nuevo-juicio-por-crimenes-de-lesa-humanidad-cometidos-en-la-comisaria-5ta-de-la-plata\/#primaryimage"},"image":{"@id":"https:\/\/infopba247.com.ar\/index.php\/2024\/06\/26\/comienza-un-nuevo-juicio-por-crimenes-de-lesa-humanidad-cometidos-en-la-comisaria-5ta-de-la-plata\/#primaryimage"},"thumbnailUrl":"https:\/\/infopba247.com.ar\/wp-content\/uploads\/2024\/06\/GQ8pHLWXEAAdxyx.jpeg","datePublished":"2024-06-26T13:38:23+00:00","dateModified":"2024-06-26T13:38:24+00:00","breadcrumb":{"@id":"https:\/\/infopba247.com.ar\/index.php\/2024\/06\/26\/comienza-un-nuevo-juicio-por-crimenes-de-lesa-humanidad-cometidos-en-la-comisaria-5ta-de-la-plata\/#breadcrumb"},"inLanguage":"es","potentialAction":[{"@type":"ReadAction","target":["https:\/\/infopba247.com.ar\/index.php\/2024\/06\/26\/comienza-un-nuevo-juicio-por-crimenes-de-lesa-humanidad-cometidos-en-la-comisaria-5ta-de-la-plata\/"]}]},{"@type":"ImageObject","inLanguage":"es","@id":"https:\/\/infopba247.com.ar\/index.php\/2024\/06\/26\/comienza-un-nuevo-juicio-por-crimenes-de-lesa-humanidad-cometidos-en-la-comisaria-5ta-de-la-plata\/#primaryimage","url":"https:\/\/infopba247.com.ar\/wp-content\/uploads\/2024\/06\/GQ8pHLWXEAAdxyx.jpeg","contentUrl":"https:\/\/infopba247.com.ar\/wp-content\/uploads\/2024\/06\/GQ8pHLWXEAAdxyx.jpeg","width":1918,"height":1036},{"@type":"BreadcrumbList","@id":"https:\/\/infopba247.com.ar\/index.php\/2024\/06\/26\/comienza-un-nuevo-juicio-por-crimenes-de-lesa-humanidad-cometidos-en-la-comisaria-5ta-de-la-plata\/#breadcrumb","itemListElement":[{"@type":"ListItem","position":1,"name":"Portada","item":"https:\/\/infopba247.com.ar\/"},{"@type":"ListItem","position":2,"name":"Comienza un nuevo juicio por cr\u00edmenes de lesa humanidad cometidos en la Comisar\u00eda 5ta de La Plata"}]},{"@type":"WebSite","@id":"https:\/\/infopba247.com.ar\/#website","url":"https:\/\/infopba247.com.ar\/","name":"InfoPBA247","description":"Toda la actualidad bonaerense","publisher":{"@id":"https:\/\/infopba247.com.ar\/#organization"},"potentialAction":[{"@type":"SearchAction","target":{"@type":"EntryPoint","urlTemplate":"https:\/\/infopba247.com.ar\/?s={search_term_string}"},"query-input":{"@type":"PropertyValueSpecification","valueRequired":true,"valueName":"search_term_string"}}],"inLanguage":"es"},{"@type":"Organization","@id":"https:\/\/infopba247.com.ar\/#organization","name":"InfoPBA247","url":"https:\/\/infopba247.com.ar\/","logo":{"@type":"ImageObject","inLanguage":"es","@id":"https:\/\/infopba247.com.ar\/#\/schema\/logo\/image\/","url":"https:\/\/infopba247.com.ar\/wp-content\/uploads\/2022\/03\/cropped-InfoPBA247-1.png","contentUrl":"https:\/\/infopba247.com.ar\/wp-content\/uploads\/2022\/03\/cropped-InfoPBA247-1.png","width":500,"height":122,"caption":"InfoPBA247"},"image":{"@id":"https:\/\/infopba247.com.ar\/#\/schema\/logo\/image\/"},"sameAs":["https:\/\/www.facebook.com\/InfoPBA"]},{"@type":"Person","@id":"https:\/\/infopba247.com.ar\/#\/schema\/person\/4975f1343a413e57bf839b3eed0099f2","name":"Editor","image":{"@type":"ImageObject","inLanguage":"es","@id":"https:\/\/secure.gravatar.com\/avatar\/d27fe9520667ca53441d36627a1d6b0fa4a813571ec4803687a7a3a7744685ac?s=96&d=mm&r=g","url":"https:\/\/secure.gravatar.com\/avatar\/d27fe9520667ca53441d36627a1d6b0fa4a813571ec4803687a7a3a7744685ac?s=96&d=mm&r=g","contentUrl":"https:\/\/secure.gravatar.com\/avatar\/d27fe9520667ca53441d36627a1d6b0fa4a813571ec4803687a7a3a7744685ac?s=96&d=mm&r=g","caption":"Editor"},"url":"https:\/\/infopba247.com.ar\/index.php\/author\/editor\/"}]}},"_links":{"self":[{"href":"https:\/\/infopba247.com.ar\/index.php\/wp-json\/wp\/v2\/posts\/4416","targetHints":{"allow":["GET"]}}],"collection":[{"href":"https:\/\/infopba247.com.ar\/index.php\/wp-json\/wp\/v2\/posts"}],"about":[{"href":"https:\/\/infopba247.com.ar\/index.php\/wp-json\/wp\/v2\/types\/post"}],"author":[{"embeddable":true,"href":"https:\/\/infopba247.com.ar\/index.php\/wp-json\/wp\/v2\/users\/3"}],"replies":[{"embeddable":true,"href":"https:\/\/infopba247.com.ar\/index.php\/wp-json\/wp\/v2\/comments?post=4416"}],"version-history":[{"count":1,"href":"https:\/\/infopba247.com.ar\/index.php\/wp-json\/wp\/v2\/posts\/4416\/revisions"}],"predecessor-version":[{"id":4420,"href":"https:\/\/infopba247.com.ar\/index.php\/wp-json\/wp\/v2\/posts\/4416\/revisions\/4420"}],"wp:featuredmedia":[{"embeddable":true,"href":"https:\/\/infopba247.com.ar\/index.php\/wp-json\/wp\/v2\/media\/4418"}],"wp:attachment":[{"href":"https:\/\/infopba247.com.ar\/index.php\/wp-json\/wp\/v2\/media?parent=4416"}],"wp:term":[{"taxonomy":"category","embeddable":true,"href":"https:\/\/infopba247.com.ar\/index.php\/wp-json\/wp\/v2\/categories?post=4416"},{"taxonomy":"post_tag","embeddable":true,"href":"https:\/\/infopba247.com.ar\/index.php\/wp-json\/wp\/v2\/tags?post=4416"}],"curies":[{"name":"wp","href":"https:\/\/api.w.org\/{rel}","templated":true}]}}