{"id":4413,"date":"2024-06-25T18:06:51","date_gmt":"2024-06-25T21:06:51","guid":{"rendered":"https:\/\/infopba247.com.ar\/?p=4413"},"modified":"2024-06-25T18:06:51","modified_gmt":"2024-06-25T21:06:51","slug":"la-escuela-primaria-n-1-celebro-sus-80-anos","status":"publish","type":"post","link":"https:\/\/infopba247.com.ar\/index.php\/2024\/06\/25\/la-escuela-primaria-n-1-celebro-sus-80-anos\/","title":{"rendered":"La\u00a0 Escuela Primaria N\u00b0 1 celebr\u00f3 sus 80 a\u00f1os"},"content":{"rendered":"\n<p>Ayer por la ma\u00f1ana en las instalaciones del Gimnasio Polideportivo Municipal se llev\u00f3 a cabo la celebraci\u00f3n del 80\u00ba aniversario de la Escuela Primaria N\u00b0 1 \u201cFlorentino Ameghino\u201d, cumplidos el pasado 20 de junio, evento que tambi\u00e9n integr\u00f3 la jura a la bandera por parte de las y los alumnos de 4 grado.<\/p>\n\n\n\n<p>El acto cont\u00f3 con la presencia del intendente Hern\u00e1n Arranz, quien felicit\u00f3 a la comunidad educativa y manifest\u00f3: \u00abEs un honor poder acompa\u00f1arlos en los 80 a\u00f1os de una instituci\u00f3n muy querida para la gran mayor\u00eda de los montehermose\u00f1os que han vivido su infancia en este lugar. Sabemos del gran esfuerzo y compromiso social que hacen directivos, maestros, personal auxiliar y miembros de la cooperadora para llevar adelante la educaci\u00f3n de nuestras y nuestros chicos\u00bb.<\/p>\n\n\n\n<p>Durante los reconocimientos, el Jefe Comunal acompa\u00f1ado por el presidente del Consejo Escolar, Ariel Llerandi y del Concejo Deliberante, Diego Ramil, entregaron una placa alusiva a la directora del establecimiento Corina Espinosa y al presidente de la cooperadora Juan Di Paolo.<\/p>\n\n\n\n<p>Durante la ceremonia, en la que tambi\u00e9n se comparti\u00f3 la torta aniversario, se destac\u00f3 la labor de los docentes y directivos a lo largo de estas ocho d\u00e9cadas, subrayando la importancia de su dedicaci\u00f3n en la formaci\u00f3n de varias generaciones de estudiantes.<\/p>\n\n\n\n<p>La Primaria 1 fue la primera instituci\u00f3n educativa de la ciudad y abri\u00f3 sus&nbsp; puertas el 11 de mayo de 1944 con una matr\u00edcula inicial de 22 alumnos, siendo su primera docente Delia Giaimo.<\/p>\n\n\n\n<p>En sus inicios funcion\u00f3 en una casa cedida por el Ing. Ravelino que hoy estar\u00eda ubicada en la esquina de Peatonal Dufaur y Av. Argentina (Edificio Boja).<\/p>\n\n\n\n<p>Su inauguraci\u00f3n oficial fue el 20 de junio del mismo a\u00f1o y en 1949 obtuvo sus propias instalaciones en la actual direcci\u00f3n de Pedro de Mendoza y N\u00e9lida Fossatty.<\/p>\n","protected":false},"excerpt":{"rendered":"<p>Ayer por la ma\u00f1ana en las instalaciones del Gimnasio Polideportivo Municipal se llev\u00f3 a cabo la celebraci\u00f3n del 80\u00ba aniversario<\/p>\n","protected":false},"author":3,"featured_media":4414,"comment_status":"closed","ping_status":"closed","sticky":false,"template":"","format":"standard","meta":{"colormag_page_container_layout":"default_layout","colormag_page_sidebar_layout":"default_layout","footnotes":""},"categories":[10,1,14],"tags":[],"class_list":["post-4413","post","type-post","status-publish","format-standard","has-post-thumbnail","hentry","category-6ta-seccion","category-destacadas","category-politica"],"yoast_head":"<!-- This site is optimized with the Yoast SEO plugin v27.5 - https:\/\/yoast.com\/product\/yoast-seo-wordpress\/ -->\n<title>La\u00a0 Escuela Primaria N\u00b0 1 celebr\u00f3 sus 80 a\u00f1os - InfoPBA247<\/title>\n<meta name=\"robots\" content=\"index, follow, max-snippet:-1, max-image-preview:large, max-video-preview:-1\" \/>\n<link rel=\"canonical\" href=\"https:\/\/infopba247.com.ar\/index.php\/2024\/06\/25\/la-escuela-primaria-n-1-celebro-sus-80-anos\/\" \/>\n<meta property=\"og:locale\" content=\"es_ES\" \/>\n<meta property=\"og:type\" content=\"article\" \/>\n<meta property=\"og:title\" content=\"La\u00a0 Escuela Primaria N\u00b0 1 celebr\u00f3 sus 80 a\u00f1os - InfoPBA247\" \/>\n<meta property=\"og:description\" content=\"Ayer por la ma\u00f1ana en las instalaciones del Gimnasio Polideportivo Municipal se llev\u00f3 a cabo la celebraci\u00f3n del 80\u00ba aniversario\" \/>\n<meta property=\"og:url\" content=\"https:\/\/infopba247.com.ar\/index.php\/2024\/06\/25\/la-escuela-primaria-n-1-celebro-sus-80-anos\/\" \/>\n<meta property=\"og:site_name\" content=\"InfoPBA247\" \/>\n<meta property=\"article:publisher\" content=\"https:\/\/www.facebook.com\/InfoPBA\" \/>\n<meta property=\"article:published_time\" content=\"2024-06-25T21:06:51+00:00\" \/>\n<meta property=\"og:image\" content=\"https:\/\/infopba247.com.ar\/wp-content\/uploads\/2024\/06\/80anosprimaria1-scaled.jpg\" \/>\n\t<meta property=\"og:image:width\" content=\"2560\" \/>\n\t<meta property=\"og:image:height\" content=\"1707\" \/>\n\t<meta property=\"og:image:type\" content=\"image\/jpeg\" \/>\n<meta name=\"author\" content=\"Editor\" \/>\n<meta name=\"twitter:card\" content=\"summary_large_image\" \/>\n<meta name=\"twitter:label1\" content=\"Escrito por\" \/>\n\t<meta name=\"twitter:data1\" content=\"Editor\" \/>\n\t<meta name=\"twitter:label2\" content=\"Tiempo de lectura\" \/>\n\t<meta name=\"twitter:data2\" content=\"2 minutos\" \/>\n<script type=\"application\/ld+json\" class=\"yoast-schema-graph\">{\"@context\":\"https:\\\/\\\/schema.org\",\"@graph\":[{\"@type\":\"Article\",\"@id\":\"https:\\\/\\\/infopba247.com.ar\\\/index.php\\\/2024\\\/06\\\/25\\\/la-escuela-primaria-n-1-celebro-sus-80-anos\\\/#article\",\"isPartOf\":{\"@id\":\"https:\\\/\\\/infopba247.com.ar\\\/index.php\\\/2024\\\/06\\\/25\\\/la-escuela-primaria-n-1-celebro-sus-80-anos\\\/\"},\"author\":{\"name\":\"Editor\",\"@id\":\"https:\\\/\\\/infopba247.com.ar\\\/#\\\/schema\\\/person\\\/4975f1343a413e57bf839b3eed0099f2\"},\"headline\":\"La\u00a0 Escuela Primaria N\u00b0 1 celebr\u00f3 sus 80 a\u00f1os\",\"datePublished\":\"2024-06-25T21:06:51+00:00\",\"mainEntityOfPage\":{\"@id\":\"https:\\\/\\\/infopba247.com.ar\\\/index.php\\\/2024\\\/06\\\/25\\\/la-escuela-primaria-n-1-celebro-sus-80-anos\\\/\"},\"wordCount\":321,\"publisher\":{\"@id\":\"https:\\\/\\\/infopba247.com.ar\\\/#organization\"},\"image\":{\"@id\":\"https:\\\/\\\/infopba247.com.ar\\\/index.php\\\/2024\\\/06\\\/25\\\/la-escuela-primaria-n-1-celebro-sus-80-anos\\\/#primaryimage\"},\"thumbnailUrl\":\"https:\\\/\\\/infopba247.com.ar\\\/wp-content\\\/uploads\\\/2024\\\/06\\\/80anosprimaria1-scaled.jpg\",\"articleSection\":[\"6ta Secci\u00f3n\",\"Destacadas\",\"Pol\u00edtica\"],\"inLanguage\":\"es\"},{\"@type\":\"WebPage\",\"@id\":\"https:\\\/\\\/infopba247.com.ar\\\/index.php\\\/2024\\\/06\\\/25\\\/la-escuela-primaria-n-1-celebro-sus-80-anos\\\/\",\"url\":\"https:\\\/\\\/infopba247.com.ar\\\/index.php\\\/2024\\\/06\\\/25\\\/la-escuela-primaria-n-1-celebro-sus-80-anos\\\/\",\"name\":\"La\u00a0 Escuela Primaria N\u00b0 1 celebr\u00f3 sus 80 a\u00f1os - InfoPBA247\",\"isPartOf\":{\"@id\":\"https:\\\/\\\/infopba247.com.ar\\\/#website\"},\"primaryImageOfPage\":{\"@id\":\"https:\\\/\\\/infopba247.com.ar\\\/index.php\\\/2024\\\/06\\\/25\\\/la-escuela-primaria-n-1-celebro-sus-80-anos\\\/#primaryimage\"},\"image\":{\"@id\":\"https:\\\/\\\/infopba247.com.ar\\\/index.php\\\/2024\\\/06\\\/25\\\/la-escuela-primaria-n-1-celebro-sus-80-anos\\\/#primaryimage\"},\"thumbnailUrl\":\"https:\\\/\\\/infopba247.com.ar\\\/wp-content\\\/uploads\\\/2024\\\/06\\\/80anosprimaria1-scaled.jpg\",\"datePublished\":\"2024-06-25T21:06:51+00:00\",\"breadcrumb\":{\"@id\":\"https:\\\/\\\/infopba247.com.ar\\\/index.php\\\/2024\\\/06\\\/25\\\/la-escuela-primaria-n-1-celebro-sus-80-anos\\\/#breadcrumb\"},\"inLanguage\":\"es\",\"potentialAction\":[{\"@type\":\"ReadAction\",\"target\":[\"https:\\\/\\\/infopba247.com.ar\\\/index.php\\\/2024\\\/06\\\/25\\\/la-escuela-primaria-n-1-celebro-sus-80-anos\\\/\"]}]},{\"@type\":\"ImageObject\",\"inLanguage\":\"es\",\"@id\":\"https:\\\/\\\/infopba247.com.ar\\\/index.php\\\/2024\\\/06\\\/25\\\/la-escuela-primaria-n-1-celebro-sus-80-anos\\\/#primaryimage\",\"url\":\"https:\\\/\\\/infopba247.com.ar\\\/wp-content\\\/uploads\\\/2024\\\/06\\\/80anosprimaria1-scaled.jpg\",\"contentUrl\":\"https:\\\/\\\/infopba247.com.ar\\\/wp-content\\\/uploads\\\/2024\\\/06\\\/80anosprimaria1-scaled.jpg\",\"width\":2560,\"height\":1707},{\"@type\":\"BreadcrumbList\",\"@id\":\"https:\\\/\\\/infopba247.com.ar\\\/index.php\\\/2024\\\/06\\\/25\\\/la-escuela-primaria-n-1-celebro-sus-80-anos\\\/#breadcrumb\",\"itemListElement\":[{\"@type\":\"ListItem\",\"position\":1,\"name\":\"Portada\",\"item\":\"https:\\\/\\\/infopba247.com.ar\\\/\"},{\"@type\":\"ListItem\",\"position\":2,\"name\":\"La\u00a0 Escuela Primaria N\u00b0 1 celebr\u00f3 sus 80 a\u00f1os\"}]},{\"@type\":\"WebSite\",\"@id\":\"https:\\\/\\\/infopba247.com.ar\\\/#website\",\"url\":\"https:\\\/\\\/infopba247.com.ar\\\/\",\"name\":\"InfoPBA247\",\"description\":\"Toda la actualidad bonaerense\",\"publisher\":{\"@id\":\"https:\\\/\\\/infopba247.com.ar\\\/#organization\"},\"potentialAction\":[{\"@type\":\"SearchAction\",\"target\":{\"@type\":\"EntryPoint\",\"urlTemplate\":\"https:\\\/\\\/infopba247.com.ar\\\/?s={search_term_string}\"},\"query-input\":{\"@type\":\"PropertyValueSpecification\",\"valueRequired\":true,\"valueName\":\"search_term_string\"}}],\"inLanguage\":\"es\"},{\"@type\":\"Organization\",\"@id\":\"https:\\\/\\\/infopba247.com.ar\\\/#organization\",\"name\":\"InfoPBA247\",\"url\":\"https:\\\/\\\/infopba247.com.ar\\\/\",\"logo\":{\"@type\":\"ImageObject\",\"inLanguage\":\"es\",\"@id\":\"https:\\\/\\\/infopba247.com.ar\\\/#\\\/schema\\\/logo\\\/image\\\/\",\"url\":\"https:\\\/\\\/infopba247.com.ar\\\/wp-content\\\/uploads\\\/2022\\\/03\\\/cropped-InfoPBA247-1.png\",\"contentUrl\":\"https:\\\/\\\/infopba247.com.ar\\\/wp-content\\\/uploads\\\/2022\\\/03\\\/cropped-InfoPBA247-1.png\",\"width\":500,\"height\":122,\"caption\":\"InfoPBA247\"},\"image\":{\"@id\":\"https:\\\/\\\/infopba247.com.ar\\\/#\\\/schema\\\/logo\\\/image\\\/\"},\"sameAs\":[\"https:\\\/\\\/www.facebook.com\\\/InfoPBA\"]},{\"@type\":\"Person\",\"@id\":\"https:\\\/\\\/infopba247.com.ar\\\/#\\\/schema\\\/person\\\/4975f1343a413e57bf839b3eed0099f2\",\"name\":\"Editor\",\"image\":{\"@type\":\"ImageObject\",\"inLanguage\":\"es\",\"@id\":\"https:\\\/\\\/secure.gravatar.com\\\/avatar\\\/d27fe9520667ca53441d36627a1d6b0fa4a813571ec4803687a7a3a7744685ac?s=96&d=mm&r=g\",\"url\":\"https:\\\/\\\/secure.gravatar.com\\\/avatar\\\/d27fe9520667ca53441d36627a1d6b0fa4a813571ec4803687a7a3a7744685ac?s=96&d=mm&r=g\",\"contentUrl\":\"https:\\\/\\\/secure.gravatar.com\\\/avatar\\\/d27fe9520667ca53441d36627a1d6b0fa4a813571ec4803687a7a3a7744685ac?s=96&d=mm&r=g\",\"caption\":\"Editor\"},\"url\":\"https:\\\/\\\/infopba247.com.ar\\\/index.php\\\/author\\\/editor\\\/\"}]}<\/script>\n<!-- \/ Yoast SEO plugin. -->","yoast_head_json":{"title":"La\u00a0 Escuela Primaria N\u00b0 1 celebr\u00f3 sus 80 a\u00f1os - InfoPBA247","robots":{"index":"index","follow":"follow","max-snippet":"max-snippet:-1","max-image-preview":"max-image-preview:large","max-video-preview":"max-video-preview:-1"},"canonical":"https:\/\/infopba247.com.ar\/index.php\/2024\/06\/25\/la-escuela-primaria-n-1-celebro-sus-80-anos\/","og_locale":"es_ES","og_type":"article","og_title":"La\u00a0 Escuela Primaria N\u00b0 1 celebr\u00f3 sus 80 a\u00f1os - InfoPBA247","og_description":"Ayer por la ma\u00f1ana en las instalaciones del Gimnasio Polideportivo Municipal se llev\u00f3 a cabo la celebraci\u00f3n del 80\u00ba aniversario","og_url":"https:\/\/infopba247.com.ar\/index.php\/2024\/06\/25\/la-escuela-primaria-n-1-celebro-sus-80-anos\/","og_site_name":"InfoPBA247","article_publisher":"https:\/\/www.facebook.com\/InfoPBA","article_published_time":"2024-06-25T21:06:51+00:00","og_image":[{"width":2560,"height":1707,"url":"https:\/\/infopba247.com.ar\/wp-content\/uploads\/2024\/06\/80anosprimaria1-scaled.jpg","type":"image\/jpeg"}],"author":"Editor","twitter_card":"summary_large_image","twitter_misc":{"Escrito por":"Editor","Tiempo de lectura":"2 minutos"},"schema":{"@context":"https:\/\/schema.org","@graph":[{"@type":"Article","@id":"https:\/\/infopba247.com.ar\/index.php\/2024\/06\/25\/la-escuela-primaria-n-1-celebro-sus-80-anos\/#article","isPartOf":{"@id":"https:\/\/infopba247.com.ar\/index.php\/2024\/06\/25\/la-escuela-primaria-n-1-celebro-sus-80-anos\/"},"author":{"name":"Editor","@id":"https:\/\/infopba247.com.ar\/#\/schema\/person\/4975f1343a413e57bf839b3eed0099f2"},"headline":"La\u00a0 Escuela Primaria N\u00b0 1 celebr\u00f3 sus 80 a\u00f1os","datePublished":"2024-06-25T21:06:51+00:00","mainEntityOfPage":{"@id":"https:\/\/infopba247.com.ar\/index.php\/2024\/06\/25\/la-escuela-primaria-n-1-celebro-sus-80-anos\/"},"wordCount":321,"publisher":{"@id":"https:\/\/infopba247.com.ar\/#organization"},"image":{"@id":"https:\/\/infopba247.com.ar\/index.php\/2024\/06\/25\/la-escuela-primaria-n-1-celebro-sus-80-anos\/#primaryimage"},"thumbnailUrl":"https:\/\/infopba247.com.ar\/wp-content\/uploads\/2024\/06\/80anosprimaria1-scaled.jpg","articleSection":["6ta Secci\u00f3n","Destacadas","Pol\u00edtica"],"inLanguage":"es"},{"@type":"WebPage","@id":"https:\/\/infopba247.com.ar\/index.php\/2024\/06\/25\/la-escuela-primaria-n-1-celebro-sus-80-anos\/","url":"https:\/\/infopba247.com.ar\/index.php\/2024\/06\/25\/la-escuela-primaria-n-1-celebro-sus-80-anos\/","name":"La\u00a0 Escuela Primaria N\u00b0 1 celebr\u00f3 sus 80 a\u00f1os - InfoPBA247","isPartOf":{"@id":"https:\/\/infopba247.com.ar\/#website"},"primaryImageOfPage":{"@id":"https:\/\/infopba247.com.ar\/index.php\/2024\/06\/25\/la-escuela-primaria-n-1-celebro-sus-80-anos\/#primaryimage"},"image":{"@id":"https:\/\/infopba247.com.ar\/index.php\/2024\/06\/25\/la-escuela-primaria-n-1-celebro-sus-80-anos\/#primaryimage"},"thumbnailUrl":"https:\/\/infopba247.com.ar\/wp-content\/uploads\/2024\/06\/80anosprimaria1-scaled.jpg","datePublished":"2024-06-25T21:06:51+00:00","breadcrumb":{"@id":"https:\/\/infopba247.com.ar\/index.php\/2024\/06\/25\/la-escuela-primaria-n-1-celebro-sus-80-anos\/#breadcrumb"},"inLanguage":"es","potentialAction":[{"@type":"ReadAction","target":["https:\/\/infopba247.com.ar\/index.php\/2024\/06\/25\/la-escuela-primaria-n-1-celebro-sus-80-anos\/"]}]},{"@type":"ImageObject","inLanguage":"es","@id":"https:\/\/infopba247.com.ar\/index.php\/2024\/06\/25\/la-escuela-primaria-n-1-celebro-sus-80-anos\/#primaryimage","url":"https:\/\/infopba247.com.ar\/wp-content\/uploads\/2024\/06\/80anosprimaria1-scaled.jpg","contentUrl":"https:\/\/infopba247.com.ar\/wp-content\/uploads\/2024\/06\/80anosprimaria1-scaled.jpg","width":2560,"height":1707},{"@type":"BreadcrumbList","@id":"https:\/\/infopba247.com.ar\/index.php\/2024\/06\/25\/la-escuela-primaria-n-1-celebro-sus-80-anos\/#breadcrumb","itemListElement":[{"@type":"ListItem","position":1,"name":"Portada","item":"https:\/\/infopba247.com.ar\/"},{"@type":"ListItem","position":2,"name":"La\u00a0 Escuela Primaria N\u00b0 1 celebr\u00f3 sus 80 a\u00f1os"}]},{"@type":"WebSite","@id":"https:\/\/infopba247.com.ar\/#website","url":"https:\/\/infopba247.com.ar\/","name":"InfoPBA247","description":"Toda la actualidad bonaerense","publisher":{"@id":"https:\/\/infopba247.com.ar\/#organization"},"potentialAction":[{"@type":"SearchAction","target":{"@type":"EntryPoint","urlTemplate":"https:\/\/infopba247.com.ar\/?s={search_term_string}"},"query-input":{"@type":"PropertyValueSpecification","valueRequired":true,"valueName":"search_term_string"}}],"inLanguage":"es"},{"@type":"Organization","@id":"https:\/\/infopba247.com.ar\/#organization","name":"InfoPBA247","url":"https:\/\/infopba247.com.ar\/","logo":{"@type":"ImageObject","inLanguage":"es","@id":"https:\/\/infopba247.com.ar\/#\/schema\/logo\/image\/","url":"https:\/\/infopba247.com.ar\/wp-content\/uploads\/2022\/03\/cropped-InfoPBA247-1.png","contentUrl":"https:\/\/infopba247.com.ar\/wp-content\/uploads\/2022\/03\/cropped-InfoPBA247-1.png","width":500,"height":122,"caption":"InfoPBA247"},"image":{"@id":"https:\/\/infopba247.com.ar\/#\/schema\/logo\/image\/"},"sameAs":["https:\/\/www.facebook.com\/InfoPBA"]},{"@type":"Person","@id":"https:\/\/infopba247.com.ar\/#\/schema\/person\/4975f1343a413e57bf839b3eed0099f2","name":"Editor","image":{"@type":"ImageObject","inLanguage":"es","@id":"https:\/\/secure.gravatar.com\/avatar\/d27fe9520667ca53441d36627a1d6b0fa4a813571ec4803687a7a3a7744685ac?s=96&d=mm&r=g","url":"https:\/\/secure.gravatar.com\/avatar\/d27fe9520667ca53441d36627a1d6b0fa4a813571ec4803687a7a3a7744685ac?s=96&d=mm&r=g","contentUrl":"https:\/\/secure.gravatar.com\/avatar\/d27fe9520667ca53441d36627a1d6b0fa4a813571ec4803687a7a3a7744685ac?s=96&d=mm&r=g","caption":"Editor"},"url":"https:\/\/infopba247.com.ar\/index.php\/author\/editor\/"}]}},"_links":{"self":[{"href":"https:\/\/infopba247.com.ar\/index.php\/wp-json\/wp\/v2\/posts\/4413","targetHints":{"allow":["GET"]}}],"collection":[{"href":"https:\/\/infopba247.com.ar\/index.php\/wp-json\/wp\/v2\/posts"}],"about":[{"href":"https:\/\/infopba247.com.ar\/index.php\/wp-json\/wp\/v2\/types\/post"}],"author":[{"embeddable":true,"href":"https:\/\/infopba247.com.ar\/index.php\/wp-json\/wp\/v2\/users\/3"}],"replies":[{"embeddable":true,"href":"https:\/\/infopba247.com.ar\/index.php\/wp-json\/wp\/v2\/comments?post=4413"}],"version-history":[{"count":1,"href":"https:\/\/infopba247.com.ar\/index.php\/wp-json\/wp\/v2\/posts\/4413\/revisions"}],"predecessor-version":[{"id":4415,"href":"https:\/\/infopba247.com.ar\/index.php\/wp-json\/wp\/v2\/posts\/4413\/revisions\/4415"}],"wp:featuredmedia":[{"embeddable":true,"href":"https:\/\/infopba247.com.ar\/index.php\/wp-json\/wp\/v2\/media\/4414"}],"wp:attachment":[{"href":"https:\/\/infopba247.com.ar\/index.php\/wp-json\/wp\/v2\/media?parent=4413"}],"wp:term":[{"taxonomy":"category","embeddable":true,"href":"https:\/\/infopba247.com.ar\/index.php\/wp-json\/wp\/v2\/categories?post=4413"},{"taxonomy":"post_tag","embeddable":true,"href":"https:\/\/infopba247.com.ar\/index.php\/wp-json\/wp\/v2\/tags?post=4413"}],"curies":[{"name":"wp","href":"https:\/\/api.w.org\/{rel}","templated":true}]}}