{"id":439,"date":"2022-06-29T12:18:12","date_gmt":"2022-06-29T12:18:12","guid":{"rendered":"https:\/\/infopba247.com.ar\/?p=439"},"modified":"2022-06-29T12:18:12","modified_gmt":"2022-06-29T12:18:12","slug":"el-senador-torchio-destaco-la-visita-de-kicillof-a-carlos-casares-y-el-lanzamiento-de-parques-ambientales","status":"publish","type":"post","link":"https:\/\/infopba247.com.ar\/index.php\/2022\/06\/29\/el-senador-torchio-destaco-la-visita-de-kicillof-a-carlos-casares-y-el-lanzamiento-de-parques-ambientales\/","title":{"rendered":"El senador Torchio destac\u00f3 la visita de Kicillof a Carlos Casares y el lanzamiento de Parques Ambientales"},"content":{"rendered":"\n<p>El gobernador Axel Kicillof junto a parte del gabinete provincial visitaron los distritos de Daireaux, Hipolito Yrigoyen y Carlos Casares. Tambi\u00e9n estuvo acompa\u00f1ado por el actual senador provincial y ex intendente casarense, Walter Torchio.<\/p>\n\n\n\n<p>Sobre la llegada de la comitiva provincial encabezada por el gobernador se\u00f1al\u00f3 \u201c la vista de Axel ha sido muy valiosa en todos los aspectos; en primer lugar abordar temas centrales como la producci\u00f3n al hacer los anuncios sobre la ruta del cereal, una obra central para nuestra regi\u00f3n , que recorre varios Distritos y que es de suma importancia, no solo para la producci\u00f3n si no en materia de conectividad\u201d.<\/p>\n\n\n\n<p>Adem\u00e1s, afirm\u00f3 el legislador bonaerense \u201cel tema Salud en su visita a Henderson y en nuestro caso el orgullo que se eligiera a Carlos Casares para el Lanzamiento del Programa Provincial de Parques Ambientales junto a la Ministra de Medio Ambiente, Daniela Vilar\u201d y agreg\u00f3 \u201choy el medio ambiente es transversal a todas las materias, la salud, la producci\u00f3n, la educaci\u00f3n y el Gobernador junto a Daniela le est\u00e1n dando el valor y la impronta que esto se merece\u201d .<br>\u201cCon Daniel (Stadnik) siempre hemos tenido al tema medio ambiente como un tema de agenda, de hecho hicimos un nuevo relleno sanitario y ya hace un tiempo comenzamos con las pol\u00edticas de separaci\u00f3n de residuos\u201d, remarc\u00f3 el ex intendente de Carlos Casares.<\/p>\n\n\n\n<p>CONSTRUCCI\u00d3N DE 56 VIVIENDAS<br>Con la visita del gobernador, tambi\u00e9n lleg\u00f3 un convenio para financiar 56 viviendas para construirse en la zona rural. \u201cUn tema en el cual con Daniel (Stadnik) ven\u00edamos trabajando y que ahora se dio el paso m\u00e1s importante que es la confirmaci\u00f3n de los fondos\u201d.<\/p>\n\n\n\n<p>El senador, Walter Torchio agradeci\u00f3 la visita tambi\u00e9n de los ministros del gabinete provincial \u201cquiero agradecer adem\u00e1s de la llegada de Axel a parte del gabinete porque es todo un gesto pol\u00edtico, estuvo la Ministra de Gobierno, Cristina Alvarez Rodr\u00edguez , el ministro de Salud, Nicolas Kreplak , el jefe de Asesores, Carlos Bianco, legisladores e intendentes\u201d.<br>Por \u00faltimo, el ex intendente destac\u00f3 \u201cel tiempo que Axel se tom\u00f3 para estar con los vecinos y los trabajadores para escuchar la opini\u00f3n de todos\u201d.<\/p>\n","protected":false},"excerpt":{"rendered":"<p>El gobernador Axel Kicillof junto a parte del gabinete provincial visitaron los distritos de Daireaux, Hipolito Yrigoyen y Carlos Casares.<\/p>\n","protected":false},"author":3,"featured_media":440,"comment_status":"closed","ping_status":"closed","sticky":false,"template":"","format":"standard","meta":{"colormag_page_container_layout":"default_layout","colormag_page_sidebar_layout":"default_layout","footnotes":""},"categories":[8,1,14],"tags":[47],"class_list":["post-439","post","type-post","status-publish","format-standard","has-post-thumbnail","hentry","category-4ta-seccion","category-destacadas","category-politica","tag-municipalidad-de-carlos-casares"],"yoast_head":"<!-- This site is optimized with the Yoast SEO plugin v27.4 - https:\/\/yoast.com\/product\/yoast-seo-wordpress\/ -->\n<title>El senador Torchio destac\u00f3 la visita de Kicillof a Carlos Casares y el lanzamiento de Parques Ambientales - InfoPBA247<\/title>\n<meta name=\"robots\" content=\"index, follow, max-snippet:-1, max-image-preview:large, max-video-preview:-1\" \/>\n<link rel=\"canonical\" href=\"https:\/\/infopba247.com.ar\/index.php\/2022\/06\/29\/el-senador-torchio-destaco-la-visita-de-kicillof-a-carlos-casares-y-el-lanzamiento-de-parques-ambientales\/\" \/>\n<meta property=\"og:locale\" content=\"es_ES\" \/>\n<meta property=\"og:type\" content=\"article\" \/>\n<meta property=\"og:title\" content=\"El senador Torchio destac\u00f3 la visita de Kicillof a Carlos Casares y el lanzamiento de Parques Ambientales - InfoPBA247\" \/>\n<meta property=\"og:description\" content=\"El gobernador Axel Kicillof junto a parte del gabinete provincial visitaron los distritos de Daireaux, Hipolito Yrigoyen y Carlos Casares.\" \/>\n<meta property=\"og:url\" content=\"https:\/\/infopba247.com.ar\/index.php\/2022\/06\/29\/el-senador-torchio-destaco-la-visita-de-kicillof-a-carlos-casares-y-el-lanzamiento-de-parques-ambientales\/\" \/>\n<meta property=\"og:site_name\" content=\"InfoPBA247\" \/>\n<meta property=\"article:publisher\" content=\"https:\/\/www.facebook.com\/InfoPBA\" \/>\n<meta property=\"article:published_time\" content=\"2022-06-29T12:18:12+00:00\" \/>\n<meta property=\"og:image\" content=\"https:\/\/infopba247.com.ar\/wp-content\/uploads\/2022\/06\/WhatsApp-Image-2022-06-15-at-11.54.45-AM-1.jpeg\" \/>\n\t<meta property=\"og:image:width\" content=\"578\" \/>\n\t<meta property=\"og:image:height\" content=\"327\" \/>\n\t<meta property=\"og:image:type\" content=\"image\/jpeg\" \/>\n<meta name=\"author\" content=\"Editor\" \/>\n<meta name=\"twitter:card\" content=\"summary_large_image\" \/>\n<meta name=\"twitter:label1\" content=\"Escrito por\" \/>\n\t<meta name=\"twitter:data1\" content=\"Editor\" \/>\n\t<meta name=\"twitter:label2\" content=\"Tiempo de lectura\" \/>\n\t<meta name=\"twitter:data2\" content=\"2 minutos\" \/>\n<script type=\"application\/ld+json\" class=\"yoast-schema-graph\">{\"@context\":\"https:\\\/\\\/schema.org\",\"@graph\":[{\"@type\":\"Article\",\"@id\":\"https:\\\/\\\/infopba247.com.ar\\\/index.php\\\/2022\\\/06\\\/29\\\/el-senador-torchio-destaco-la-visita-de-kicillof-a-carlos-casares-y-el-lanzamiento-de-parques-ambientales\\\/#article\",\"isPartOf\":{\"@id\":\"https:\\\/\\\/infopba247.com.ar\\\/index.php\\\/2022\\\/06\\\/29\\\/el-senador-torchio-destaco-la-visita-de-kicillof-a-carlos-casares-y-el-lanzamiento-de-parques-ambientales\\\/\"},\"author\":{\"name\":\"Editor\",\"@id\":\"https:\\\/\\\/infopba247.com.ar\\\/#\\\/schema\\\/person\\\/4975f1343a413e57bf839b3eed0099f2\"},\"headline\":\"El senador Torchio destac\u00f3 la visita de Kicillof a Carlos Casares y el lanzamiento de Parques Ambientales\",\"datePublished\":\"2022-06-29T12:18:12+00:00\",\"mainEntityOfPage\":{\"@id\":\"https:\\\/\\\/infopba247.com.ar\\\/index.php\\\/2022\\\/06\\\/29\\\/el-senador-torchio-destaco-la-visita-de-kicillof-a-carlos-casares-y-el-lanzamiento-de-parques-ambientales\\\/\"},\"wordCount\":390,\"publisher\":{\"@id\":\"https:\\\/\\\/infopba247.com.ar\\\/#organization\"},\"image\":{\"@id\":\"https:\\\/\\\/infopba247.com.ar\\\/index.php\\\/2022\\\/06\\\/29\\\/el-senador-torchio-destaco-la-visita-de-kicillof-a-carlos-casares-y-el-lanzamiento-de-parques-ambientales\\\/#primaryimage\"},\"thumbnailUrl\":\"https:\\\/\\\/infopba247.com.ar\\\/wp-content\\\/uploads\\\/2022\\\/06\\\/WhatsApp-Image-2022-06-15-at-11.54.45-AM-1.jpeg\",\"keywords\":[\"Municipalidad de Carlos Casares\"],\"articleSection\":[\"4ta Secci\u00f3n\",\"Destacadas\",\"Pol\u00edtica\"],\"inLanguage\":\"es\"},{\"@type\":\"WebPage\",\"@id\":\"https:\\\/\\\/infopba247.com.ar\\\/index.php\\\/2022\\\/06\\\/29\\\/el-senador-torchio-destaco-la-visita-de-kicillof-a-carlos-casares-y-el-lanzamiento-de-parques-ambientales\\\/\",\"url\":\"https:\\\/\\\/infopba247.com.ar\\\/index.php\\\/2022\\\/06\\\/29\\\/el-senador-torchio-destaco-la-visita-de-kicillof-a-carlos-casares-y-el-lanzamiento-de-parques-ambientales\\\/\",\"name\":\"El senador Torchio destac\u00f3 la visita de Kicillof a Carlos Casares y el lanzamiento de Parques Ambientales - InfoPBA247\",\"isPartOf\":{\"@id\":\"https:\\\/\\\/infopba247.com.ar\\\/#website\"},\"primaryImageOfPage\":{\"@id\":\"https:\\\/\\\/infopba247.com.ar\\\/index.php\\\/2022\\\/06\\\/29\\\/el-senador-torchio-destaco-la-visita-de-kicillof-a-carlos-casares-y-el-lanzamiento-de-parques-ambientales\\\/#primaryimage\"},\"image\":{\"@id\":\"https:\\\/\\\/infopba247.com.ar\\\/index.php\\\/2022\\\/06\\\/29\\\/el-senador-torchio-destaco-la-visita-de-kicillof-a-carlos-casares-y-el-lanzamiento-de-parques-ambientales\\\/#primaryimage\"},\"thumbnailUrl\":\"https:\\\/\\\/infopba247.com.ar\\\/wp-content\\\/uploads\\\/2022\\\/06\\\/WhatsApp-Image-2022-06-15-at-11.54.45-AM-1.jpeg\",\"datePublished\":\"2022-06-29T12:18:12+00:00\",\"breadcrumb\":{\"@id\":\"https:\\\/\\\/infopba247.com.ar\\\/index.php\\\/2022\\\/06\\\/29\\\/el-senador-torchio-destaco-la-visita-de-kicillof-a-carlos-casares-y-el-lanzamiento-de-parques-ambientales\\\/#breadcrumb\"},\"inLanguage\":\"es\",\"potentialAction\":[{\"@type\":\"ReadAction\",\"target\":[\"https:\\\/\\\/infopba247.com.ar\\\/index.php\\\/2022\\\/06\\\/29\\\/el-senador-torchio-destaco-la-visita-de-kicillof-a-carlos-casares-y-el-lanzamiento-de-parques-ambientales\\\/\"]}]},{\"@type\":\"ImageObject\",\"inLanguage\":\"es\",\"@id\":\"https:\\\/\\\/infopba247.com.ar\\\/index.php\\\/2022\\\/06\\\/29\\\/el-senador-torchio-destaco-la-visita-de-kicillof-a-carlos-casares-y-el-lanzamiento-de-parques-ambientales\\\/#primaryimage\",\"url\":\"https:\\\/\\\/infopba247.com.ar\\\/wp-content\\\/uploads\\\/2022\\\/06\\\/WhatsApp-Image-2022-06-15-at-11.54.45-AM-1.jpeg\",\"contentUrl\":\"https:\\\/\\\/infopba247.com.ar\\\/wp-content\\\/uploads\\\/2022\\\/06\\\/WhatsApp-Image-2022-06-15-at-11.54.45-AM-1.jpeg\",\"width\":578,\"height\":327},{\"@type\":\"BreadcrumbList\",\"@id\":\"https:\\\/\\\/infopba247.com.ar\\\/index.php\\\/2022\\\/06\\\/29\\\/el-senador-torchio-destaco-la-visita-de-kicillof-a-carlos-casares-y-el-lanzamiento-de-parques-ambientales\\\/#breadcrumb\",\"itemListElement\":[{\"@type\":\"ListItem\",\"position\":1,\"name\":\"Portada\",\"item\":\"https:\\\/\\\/infopba247.com.ar\\\/\"},{\"@type\":\"ListItem\",\"position\":2,\"name\":\"El senador Torchio destac\u00f3 la visita de Kicillof a Carlos Casares y el lanzamiento de Parques Ambientales\"}]},{\"@type\":\"WebSite\",\"@id\":\"https:\\\/\\\/infopba247.com.ar\\\/#website\",\"url\":\"https:\\\/\\\/infopba247.com.ar\\\/\",\"name\":\"InfoPBA247\",\"description\":\"Toda la actualidad bonaerense\",\"publisher\":{\"@id\":\"https:\\\/\\\/infopba247.com.ar\\\/#organization\"},\"potentialAction\":[{\"@type\":\"SearchAction\",\"target\":{\"@type\":\"EntryPoint\",\"urlTemplate\":\"https:\\\/\\\/infopba247.com.ar\\\/?s={search_term_string}\"},\"query-input\":{\"@type\":\"PropertyValueSpecification\",\"valueRequired\":true,\"valueName\":\"search_term_string\"}}],\"inLanguage\":\"es\"},{\"@type\":\"Organization\",\"@id\":\"https:\\\/\\\/infopba247.com.ar\\\/#organization\",\"name\":\"InfoPBA247\",\"url\":\"https:\\\/\\\/infopba247.com.ar\\\/\",\"logo\":{\"@type\":\"ImageObject\",\"inLanguage\":\"es\",\"@id\":\"https:\\\/\\\/infopba247.com.ar\\\/#\\\/schema\\\/logo\\\/image\\\/\",\"url\":\"https:\\\/\\\/infopba247.com.ar\\\/wp-content\\\/uploads\\\/2022\\\/03\\\/cropped-InfoPBA247-1.png\",\"contentUrl\":\"https:\\\/\\\/infopba247.com.ar\\\/wp-content\\\/uploads\\\/2022\\\/03\\\/cropped-InfoPBA247-1.png\",\"width\":500,\"height\":122,\"caption\":\"InfoPBA247\"},\"image\":{\"@id\":\"https:\\\/\\\/infopba247.com.ar\\\/#\\\/schema\\\/logo\\\/image\\\/\"},\"sameAs\":[\"https:\\\/\\\/www.facebook.com\\\/InfoPBA\"]},{\"@type\":\"Person\",\"@id\":\"https:\\\/\\\/infopba247.com.ar\\\/#\\\/schema\\\/person\\\/4975f1343a413e57bf839b3eed0099f2\",\"name\":\"Editor\",\"image\":{\"@type\":\"ImageObject\",\"inLanguage\":\"es\",\"@id\":\"https:\\\/\\\/secure.gravatar.com\\\/avatar\\\/d27fe9520667ca53441d36627a1d6b0fa4a813571ec4803687a7a3a7744685ac?s=96&d=mm&r=g\",\"url\":\"https:\\\/\\\/secure.gravatar.com\\\/avatar\\\/d27fe9520667ca53441d36627a1d6b0fa4a813571ec4803687a7a3a7744685ac?s=96&d=mm&r=g\",\"contentUrl\":\"https:\\\/\\\/secure.gravatar.com\\\/avatar\\\/d27fe9520667ca53441d36627a1d6b0fa4a813571ec4803687a7a3a7744685ac?s=96&d=mm&r=g\",\"caption\":\"Editor\"},\"url\":\"https:\\\/\\\/infopba247.com.ar\\\/index.php\\\/author\\\/editor\\\/\"}]}<\/script>\n<!-- \/ Yoast SEO plugin. -->","yoast_head_json":{"title":"El senador Torchio destac\u00f3 la visita de Kicillof a Carlos Casares y el lanzamiento de Parques Ambientales - InfoPBA247","robots":{"index":"index","follow":"follow","max-snippet":"max-snippet:-1","max-image-preview":"max-image-preview:large","max-video-preview":"max-video-preview:-1"},"canonical":"https:\/\/infopba247.com.ar\/index.php\/2022\/06\/29\/el-senador-torchio-destaco-la-visita-de-kicillof-a-carlos-casares-y-el-lanzamiento-de-parques-ambientales\/","og_locale":"es_ES","og_type":"article","og_title":"El senador Torchio destac\u00f3 la visita de Kicillof a Carlos Casares y el lanzamiento de Parques Ambientales - InfoPBA247","og_description":"El gobernador Axel Kicillof junto a parte del gabinete provincial visitaron los distritos de Daireaux, Hipolito Yrigoyen y Carlos Casares.","og_url":"https:\/\/infopba247.com.ar\/index.php\/2022\/06\/29\/el-senador-torchio-destaco-la-visita-de-kicillof-a-carlos-casares-y-el-lanzamiento-de-parques-ambientales\/","og_site_name":"InfoPBA247","article_publisher":"https:\/\/www.facebook.com\/InfoPBA","article_published_time":"2022-06-29T12:18:12+00:00","og_image":[{"width":578,"height":327,"url":"https:\/\/infopba247.com.ar\/wp-content\/uploads\/2022\/06\/WhatsApp-Image-2022-06-15-at-11.54.45-AM-1.jpeg","type":"image\/jpeg"}],"author":"Editor","twitter_card":"summary_large_image","twitter_misc":{"Escrito por":"Editor","Tiempo de lectura":"2 minutos"},"schema":{"@context":"https:\/\/schema.org","@graph":[{"@type":"Article","@id":"https:\/\/infopba247.com.ar\/index.php\/2022\/06\/29\/el-senador-torchio-destaco-la-visita-de-kicillof-a-carlos-casares-y-el-lanzamiento-de-parques-ambientales\/#article","isPartOf":{"@id":"https:\/\/infopba247.com.ar\/index.php\/2022\/06\/29\/el-senador-torchio-destaco-la-visita-de-kicillof-a-carlos-casares-y-el-lanzamiento-de-parques-ambientales\/"},"author":{"name":"Editor","@id":"https:\/\/infopba247.com.ar\/#\/schema\/person\/4975f1343a413e57bf839b3eed0099f2"},"headline":"El senador Torchio destac\u00f3 la visita de Kicillof a Carlos Casares y el lanzamiento de Parques Ambientales","datePublished":"2022-06-29T12:18:12+00:00","mainEntityOfPage":{"@id":"https:\/\/infopba247.com.ar\/index.php\/2022\/06\/29\/el-senador-torchio-destaco-la-visita-de-kicillof-a-carlos-casares-y-el-lanzamiento-de-parques-ambientales\/"},"wordCount":390,"publisher":{"@id":"https:\/\/infopba247.com.ar\/#organization"},"image":{"@id":"https:\/\/infopba247.com.ar\/index.php\/2022\/06\/29\/el-senador-torchio-destaco-la-visita-de-kicillof-a-carlos-casares-y-el-lanzamiento-de-parques-ambientales\/#primaryimage"},"thumbnailUrl":"https:\/\/infopba247.com.ar\/wp-content\/uploads\/2022\/06\/WhatsApp-Image-2022-06-15-at-11.54.45-AM-1.jpeg","keywords":["Municipalidad de Carlos Casares"],"articleSection":["4ta Secci\u00f3n","Destacadas","Pol\u00edtica"],"inLanguage":"es"},{"@type":"WebPage","@id":"https:\/\/infopba247.com.ar\/index.php\/2022\/06\/29\/el-senador-torchio-destaco-la-visita-de-kicillof-a-carlos-casares-y-el-lanzamiento-de-parques-ambientales\/","url":"https:\/\/infopba247.com.ar\/index.php\/2022\/06\/29\/el-senador-torchio-destaco-la-visita-de-kicillof-a-carlos-casares-y-el-lanzamiento-de-parques-ambientales\/","name":"El senador Torchio destac\u00f3 la visita de Kicillof a Carlos Casares y el lanzamiento de Parques Ambientales - InfoPBA247","isPartOf":{"@id":"https:\/\/infopba247.com.ar\/#website"},"primaryImageOfPage":{"@id":"https:\/\/infopba247.com.ar\/index.php\/2022\/06\/29\/el-senador-torchio-destaco-la-visita-de-kicillof-a-carlos-casares-y-el-lanzamiento-de-parques-ambientales\/#primaryimage"},"image":{"@id":"https:\/\/infopba247.com.ar\/index.php\/2022\/06\/29\/el-senador-torchio-destaco-la-visita-de-kicillof-a-carlos-casares-y-el-lanzamiento-de-parques-ambientales\/#primaryimage"},"thumbnailUrl":"https:\/\/infopba247.com.ar\/wp-content\/uploads\/2022\/06\/WhatsApp-Image-2022-06-15-at-11.54.45-AM-1.jpeg","datePublished":"2022-06-29T12:18:12+00:00","breadcrumb":{"@id":"https:\/\/infopba247.com.ar\/index.php\/2022\/06\/29\/el-senador-torchio-destaco-la-visita-de-kicillof-a-carlos-casares-y-el-lanzamiento-de-parques-ambientales\/#breadcrumb"},"inLanguage":"es","potentialAction":[{"@type":"ReadAction","target":["https:\/\/infopba247.com.ar\/index.php\/2022\/06\/29\/el-senador-torchio-destaco-la-visita-de-kicillof-a-carlos-casares-y-el-lanzamiento-de-parques-ambientales\/"]}]},{"@type":"ImageObject","inLanguage":"es","@id":"https:\/\/infopba247.com.ar\/index.php\/2022\/06\/29\/el-senador-torchio-destaco-la-visita-de-kicillof-a-carlos-casares-y-el-lanzamiento-de-parques-ambientales\/#primaryimage","url":"https:\/\/infopba247.com.ar\/wp-content\/uploads\/2022\/06\/WhatsApp-Image-2022-06-15-at-11.54.45-AM-1.jpeg","contentUrl":"https:\/\/infopba247.com.ar\/wp-content\/uploads\/2022\/06\/WhatsApp-Image-2022-06-15-at-11.54.45-AM-1.jpeg","width":578,"height":327},{"@type":"BreadcrumbList","@id":"https:\/\/infopba247.com.ar\/index.php\/2022\/06\/29\/el-senador-torchio-destaco-la-visita-de-kicillof-a-carlos-casares-y-el-lanzamiento-de-parques-ambientales\/#breadcrumb","itemListElement":[{"@type":"ListItem","position":1,"name":"Portada","item":"https:\/\/infopba247.com.ar\/"},{"@type":"ListItem","position":2,"name":"El senador Torchio destac\u00f3 la visita de Kicillof a Carlos Casares y el lanzamiento de Parques Ambientales"}]},{"@type":"WebSite","@id":"https:\/\/infopba247.com.ar\/#website","url":"https:\/\/infopba247.com.ar\/","name":"InfoPBA247","description":"Toda la actualidad bonaerense","publisher":{"@id":"https:\/\/infopba247.com.ar\/#organization"},"potentialAction":[{"@type":"SearchAction","target":{"@type":"EntryPoint","urlTemplate":"https:\/\/infopba247.com.ar\/?s={search_term_string}"},"query-input":{"@type":"PropertyValueSpecification","valueRequired":true,"valueName":"search_term_string"}}],"inLanguage":"es"},{"@type":"Organization","@id":"https:\/\/infopba247.com.ar\/#organization","name":"InfoPBA247","url":"https:\/\/infopba247.com.ar\/","logo":{"@type":"ImageObject","inLanguage":"es","@id":"https:\/\/infopba247.com.ar\/#\/schema\/logo\/image\/","url":"https:\/\/infopba247.com.ar\/wp-content\/uploads\/2022\/03\/cropped-InfoPBA247-1.png","contentUrl":"https:\/\/infopba247.com.ar\/wp-content\/uploads\/2022\/03\/cropped-InfoPBA247-1.png","width":500,"height":122,"caption":"InfoPBA247"},"image":{"@id":"https:\/\/infopba247.com.ar\/#\/schema\/logo\/image\/"},"sameAs":["https:\/\/www.facebook.com\/InfoPBA"]},{"@type":"Person","@id":"https:\/\/infopba247.com.ar\/#\/schema\/person\/4975f1343a413e57bf839b3eed0099f2","name":"Editor","image":{"@type":"ImageObject","inLanguage":"es","@id":"https:\/\/secure.gravatar.com\/avatar\/d27fe9520667ca53441d36627a1d6b0fa4a813571ec4803687a7a3a7744685ac?s=96&d=mm&r=g","url":"https:\/\/secure.gravatar.com\/avatar\/d27fe9520667ca53441d36627a1d6b0fa4a813571ec4803687a7a3a7744685ac?s=96&d=mm&r=g","contentUrl":"https:\/\/secure.gravatar.com\/avatar\/d27fe9520667ca53441d36627a1d6b0fa4a813571ec4803687a7a3a7744685ac?s=96&d=mm&r=g","caption":"Editor"},"url":"https:\/\/infopba247.com.ar\/index.php\/author\/editor\/"}]}},"_links":{"self":[{"href":"https:\/\/infopba247.com.ar\/index.php\/wp-json\/wp\/v2\/posts\/439","targetHints":{"allow":["GET"]}}],"collection":[{"href":"https:\/\/infopba247.com.ar\/index.php\/wp-json\/wp\/v2\/posts"}],"about":[{"href":"https:\/\/infopba247.com.ar\/index.php\/wp-json\/wp\/v2\/types\/post"}],"author":[{"embeddable":true,"href":"https:\/\/infopba247.com.ar\/index.php\/wp-json\/wp\/v2\/users\/3"}],"replies":[{"embeddable":true,"href":"https:\/\/infopba247.com.ar\/index.php\/wp-json\/wp\/v2\/comments?post=439"}],"version-history":[{"count":1,"href":"https:\/\/infopba247.com.ar\/index.php\/wp-json\/wp\/v2\/posts\/439\/revisions"}],"predecessor-version":[{"id":441,"href":"https:\/\/infopba247.com.ar\/index.php\/wp-json\/wp\/v2\/posts\/439\/revisions\/441"}],"wp:featuredmedia":[{"embeddable":true,"href":"https:\/\/infopba247.com.ar\/index.php\/wp-json\/wp\/v2\/media\/440"}],"wp:attachment":[{"href":"https:\/\/infopba247.com.ar\/index.php\/wp-json\/wp\/v2\/media?parent=439"}],"wp:term":[{"taxonomy":"category","embeddable":true,"href":"https:\/\/infopba247.com.ar\/index.php\/wp-json\/wp\/v2\/categories?post=439"},{"taxonomy":"post_tag","embeddable":true,"href":"https:\/\/infopba247.com.ar\/index.php\/wp-json\/wp\/v2\/tags?post=439"}],"curies":[{"name":"wp","href":"https:\/\/api.w.org\/{rel}","templated":true}]}}