{"id":4388,"date":"2024-06-19T09:59:25","date_gmt":"2024-06-19T12:59:25","guid":{"rendered":"https:\/\/infopba247.com.ar\/?p=4388"},"modified":"2024-06-19T09:59:25","modified_gmt":"2024-06-19T12:59:25","slug":"almacenes-de-barrio-productos-de-primera-necesidad-a-precios-justos","status":"publish","type":"post","link":"https:\/\/infopba247.com.ar\/index.php\/2024\/06\/19\/almacenes-de-barrio-productos-de-primera-necesidad-a-precios-justos\/","title":{"rendered":"Almacenes de Barrio: productos de primera necesidad a precios justos"},"content":{"rendered":"\n<p>La intendenta Mariel Fern\u00e1ndez present\u00f3 \u201cAlmacenes de Barrio\u201d, una pol\u00edtica municipal para facilitar el acceso de las y los vecinos de Moreno a productos de primera necesidad a precios justos, mediante el acercamiento entre productores de la Econom\u00eda Popular y consumidores.<\/p>\n\n\n\n<p>Estuvo acompa\u00f1ada por el administrador del Instituto Municipal de Desarrollo Econ\u00f3mico Local (IMDEL), Mariano Sanches; el coordinador de Econom\u00eda Popular del IMDEL, Santiago Burrone; el presidente de la distribuidora de productos de Empresas Recuperadas \u201cRECOOP\u201d, Julio Pomacusi y el referente del del movimiento nacional de empresas recuperadas, Eduardo \u00abVasco\u00bb Mur\u00faa.<\/p>\n\n\n\n<p>La propuesta, implementada desde la Coordinaci\u00f3n de Econom\u00eda Popular del IMDEL, contempla distribuir estrat\u00e9gicamente los \u201cAlmacenes de Barrios\u201d, que son los puntos de comercializaci\u00f3n que se desarrollar\u00e1n en viviendas de trabajadoras y trabajadores de la econom\u00eda popular de Moreno que se sumen a la iniciativa.<\/p>\n\n\n\n<p>Los productos que se ofrecen provienen de trabajadores y trabajadoras de empresas recuperadas, que se distribuyen desde RECOOP, la primera distribuidora de productos de empresas recuperadas del pa\u00eds, con quien el Municipio establece un acuerdo de precios permanente para poder sostener una oferta de alimentos a precios populares.<\/p>\n\n\n\n<p>\u201cEsta propuesta no solamente es buena para los vecinos del barrio, sino tambi\u00e9n para las y los compa\u00f1eros que se ponen al frente de esta experiencia y prestan su casa para poder desarrollarla y para las distintas f\u00e1bricas recuperadas que necesitan comercializar este producto\u201d, afirm\u00f3 la intendenta durante la presentaci\u00f3n y destac\u00f3: \u201cEstoy muy feliz que se desarrolle en un momento donde hay tanta necesidad y donde hay tanta insensibilidad del Gobierno Nacional, con una crueldad que no tiene ning\u00fan tipo de empat\u00eda con la situaci\u00f3n econ\u00f3mica que est\u00e1 padeciendo nuestro pueblo.\u201d<\/p>\n\n\n\n<p>A su vez, el IMDEL facilitar\u00e1 el Centro de Acopio de la Econom\u00eda Popular Municipal para el almacenamiento y la distribuci\u00f3n de los productos hacia los puntos de comercializaci\u00f3n, como tambi\u00e9n se encargar\u00e1 de la articulaci\u00f3n para la ubicaci\u00f3n de los Almacenes.<\/p>\n\n\n\n<p>En esta primera etapa, se comercializar\u00e1n los siguientes productos: aceite por 900 ml a $1350; arroz por 1 kg a $1600; fideos por 500 g a $600; tomate perita por 400 g a $700; harina 000 por 1 kg a $700; yerba por 500g a $1350; az\u00facar por 1 kg a $750; galletitas surtidas por 350 g a $750; galletitas de agua 3 paquetes a $700; y \u00bd de huevos a $850.<\/p>\n\n\n\n<p>Por consultas dirigirse al IMDEL ubicado en Bouchard 34 o al tel\u00e9fono (0237) 4669100, de lunes a viernes de 8 a 16 Hs.<\/p>\n","protected":false},"excerpt":{"rendered":"<p>La intendenta Mariel Fern\u00e1ndez present\u00f3 \u201cAlmacenes de Barrio\u201d, una pol\u00edtica municipal para facilitar el acceso de las y los vecinos<\/p>\n","protected":false},"author":3,"featured_media":4387,"comment_status":"closed","ping_status":"closed","sticky":false,"template":"","format":"standard","meta":{"colormag_page_container_layout":"default_layout","colormag_page_sidebar_layout":"default_layout","footnotes":""},"categories":[5,1,14],"tags":[],"class_list":["post-4388","post","type-post","status-publish","format-standard","has-post-thumbnail","hentry","category-1ra-seccion","category-destacadas","category-politica"],"yoast_head":"<!-- This site is optimized with the Yoast SEO plugin v27.4 - https:\/\/yoast.com\/product\/yoast-seo-wordpress\/ -->\n<title>Almacenes de Barrio: productos de primera necesidad a precios justos - InfoPBA247<\/title>\n<meta name=\"robots\" content=\"index, follow, max-snippet:-1, max-image-preview:large, max-video-preview:-1\" \/>\n<link rel=\"canonical\" href=\"https:\/\/infopba247.com.ar\/index.php\/2024\/06\/19\/almacenes-de-barrio-productos-de-primera-necesidad-a-precios-justos\/\" \/>\n<meta property=\"og:locale\" content=\"es_ES\" \/>\n<meta property=\"og:type\" content=\"article\" \/>\n<meta property=\"og:title\" content=\"Almacenes de Barrio: productos de primera necesidad a precios justos - InfoPBA247\" \/>\n<meta property=\"og:description\" content=\"La intendenta Mariel Fern\u00e1ndez present\u00f3 \u201cAlmacenes de Barrio\u201d, una pol\u00edtica municipal para facilitar el acceso de las y los vecinos\" \/>\n<meta property=\"og:url\" content=\"https:\/\/infopba247.com.ar\/index.php\/2024\/06\/19\/almacenes-de-barrio-productos-de-primera-necesidad-a-precios-justos\/\" \/>\n<meta property=\"og:site_name\" content=\"InfoPBA247\" \/>\n<meta property=\"article:publisher\" content=\"https:\/\/www.facebook.com\/InfoPBA\" \/>\n<meta property=\"article:published_time\" content=\"2024-06-19T12:59:25+00:00\" \/>\n<meta property=\"og:image\" content=\"https:\/\/infopba247.com.ar\/wp-content\/uploads\/2024\/06\/Almacenes1-scaled.jpeg\" \/>\n\t<meta property=\"og:image:width\" content=\"2560\" \/>\n\t<meta property=\"og:image:height\" content=\"1707\" \/>\n\t<meta property=\"og:image:type\" content=\"image\/jpeg\" \/>\n<meta name=\"author\" content=\"Editor\" \/>\n<meta name=\"twitter:card\" content=\"summary_large_image\" \/>\n<meta name=\"twitter:label1\" content=\"Escrito por\" \/>\n\t<meta name=\"twitter:data1\" content=\"Editor\" \/>\n\t<meta name=\"twitter:label2\" content=\"Tiempo de lectura\" \/>\n\t<meta name=\"twitter:data2\" content=\"2 minutos\" \/>\n<script type=\"application\/ld+json\" class=\"yoast-schema-graph\">{\"@context\":\"https:\\\/\\\/schema.org\",\"@graph\":[{\"@type\":\"Article\",\"@id\":\"https:\\\/\\\/infopba247.com.ar\\\/index.php\\\/2024\\\/06\\\/19\\\/almacenes-de-barrio-productos-de-primera-necesidad-a-precios-justos\\\/#article\",\"isPartOf\":{\"@id\":\"https:\\\/\\\/infopba247.com.ar\\\/index.php\\\/2024\\\/06\\\/19\\\/almacenes-de-barrio-productos-de-primera-necesidad-a-precios-justos\\\/\"},\"author\":{\"name\":\"Editor\",\"@id\":\"https:\\\/\\\/infopba247.com.ar\\\/#\\\/schema\\\/person\\\/4975f1343a413e57bf839b3eed0099f2\"},\"headline\":\"Almacenes de Barrio: productos de primera necesidad a precios justos\",\"datePublished\":\"2024-06-19T12:59:25+00:00\",\"mainEntityOfPage\":{\"@id\":\"https:\\\/\\\/infopba247.com.ar\\\/index.php\\\/2024\\\/06\\\/19\\\/almacenes-de-barrio-productos-de-primera-necesidad-a-precios-justos\\\/\"},\"wordCount\":429,\"publisher\":{\"@id\":\"https:\\\/\\\/infopba247.com.ar\\\/#organization\"},\"image\":{\"@id\":\"https:\\\/\\\/infopba247.com.ar\\\/index.php\\\/2024\\\/06\\\/19\\\/almacenes-de-barrio-productos-de-primera-necesidad-a-precios-justos\\\/#primaryimage\"},\"thumbnailUrl\":\"https:\\\/\\\/infopba247.com.ar\\\/wp-content\\\/uploads\\\/2024\\\/06\\\/Almacenes1-scaled.jpeg\",\"articleSection\":[\"1ra Secci\u00f3n\",\"Destacadas\",\"Pol\u00edtica\"],\"inLanguage\":\"es\"},{\"@type\":\"WebPage\",\"@id\":\"https:\\\/\\\/infopba247.com.ar\\\/index.php\\\/2024\\\/06\\\/19\\\/almacenes-de-barrio-productos-de-primera-necesidad-a-precios-justos\\\/\",\"url\":\"https:\\\/\\\/infopba247.com.ar\\\/index.php\\\/2024\\\/06\\\/19\\\/almacenes-de-barrio-productos-de-primera-necesidad-a-precios-justos\\\/\",\"name\":\"Almacenes de Barrio: productos de primera necesidad a precios justos - InfoPBA247\",\"isPartOf\":{\"@id\":\"https:\\\/\\\/infopba247.com.ar\\\/#website\"},\"primaryImageOfPage\":{\"@id\":\"https:\\\/\\\/infopba247.com.ar\\\/index.php\\\/2024\\\/06\\\/19\\\/almacenes-de-barrio-productos-de-primera-necesidad-a-precios-justos\\\/#primaryimage\"},\"image\":{\"@id\":\"https:\\\/\\\/infopba247.com.ar\\\/index.php\\\/2024\\\/06\\\/19\\\/almacenes-de-barrio-productos-de-primera-necesidad-a-precios-justos\\\/#primaryimage\"},\"thumbnailUrl\":\"https:\\\/\\\/infopba247.com.ar\\\/wp-content\\\/uploads\\\/2024\\\/06\\\/Almacenes1-scaled.jpeg\",\"datePublished\":\"2024-06-19T12:59:25+00:00\",\"breadcrumb\":{\"@id\":\"https:\\\/\\\/infopba247.com.ar\\\/index.php\\\/2024\\\/06\\\/19\\\/almacenes-de-barrio-productos-de-primera-necesidad-a-precios-justos\\\/#breadcrumb\"},\"inLanguage\":\"es\",\"potentialAction\":[{\"@type\":\"ReadAction\",\"target\":[\"https:\\\/\\\/infopba247.com.ar\\\/index.php\\\/2024\\\/06\\\/19\\\/almacenes-de-barrio-productos-de-primera-necesidad-a-precios-justos\\\/\"]}]},{\"@type\":\"ImageObject\",\"inLanguage\":\"es\",\"@id\":\"https:\\\/\\\/infopba247.com.ar\\\/index.php\\\/2024\\\/06\\\/19\\\/almacenes-de-barrio-productos-de-primera-necesidad-a-precios-justos\\\/#primaryimage\",\"url\":\"https:\\\/\\\/infopba247.com.ar\\\/wp-content\\\/uploads\\\/2024\\\/06\\\/Almacenes1-scaled.jpeg\",\"contentUrl\":\"https:\\\/\\\/infopba247.com.ar\\\/wp-content\\\/uploads\\\/2024\\\/06\\\/Almacenes1-scaled.jpeg\",\"width\":2560,\"height\":1707},{\"@type\":\"BreadcrumbList\",\"@id\":\"https:\\\/\\\/infopba247.com.ar\\\/index.php\\\/2024\\\/06\\\/19\\\/almacenes-de-barrio-productos-de-primera-necesidad-a-precios-justos\\\/#breadcrumb\",\"itemListElement\":[{\"@type\":\"ListItem\",\"position\":1,\"name\":\"Portada\",\"item\":\"https:\\\/\\\/infopba247.com.ar\\\/\"},{\"@type\":\"ListItem\",\"position\":2,\"name\":\"Almacenes de Barrio: productos de primera necesidad a precios justos\"}]},{\"@type\":\"WebSite\",\"@id\":\"https:\\\/\\\/infopba247.com.ar\\\/#website\",\"url\":\"https:\\\/\\\/infopba247.com.ar\\\/\",\"name\":\"InfoPBA247\",\"description\":\"Toda la actualidad bonaerense\",\"publisher\":{\"@id\":\"https:\\\/\\\/infopba247.com.ar\\\/#organization\"},\"potentialAction\":[{\"@type\":\"SearchAction\",\"target\":{\"@type\":\"EntryPoint\",\"urlTemplate\":\"https:\\\/\\\/infopba247.com.ar\\\/?s={search_term_string}\"},\"query-input\":{\"@type\":\"PropertyValueSpecification\",\"valueRequired\":true,\"valueName\":\"search_term_string\"}}],\"inLanguage\":\"es\"},{\"@type\":\"Organization\",\"@id\":\"https:\\\/\\\/infopba247.com.ar\\\/#organization\",\"name\":\"InfoPBA247\",\"url\":\"https:\\\/\\\/infopba247.com.ar\\\/\",\"logo\":{\"@type\":\"ImageObject\",\"inLanguage\":\"es\",\"@id\":\"https:\\\/\\\/infopba247.com.ar\\\/#\\\/schema\\\/logo\\\/image\\\/\",\"url\":\"https:\\\/\\\/infopba247.com.ar\\\/wp-content\\\/uploads\\\/2022\\\/03\\\/cropped-InfoPBA247-1.png\",\"contentUrl\":\"https:\\\/\\\/infopba247.com.ar\\\/wp-content\\\/uploads\\\/2022\\\/03\\\/cropped-InfoPBA247-1.png\",\"width\":500,\"height\":122,\"caption\":\"InfoPBA247\"},\"image\":{\"@id\":\"https:\\\/\\\/infopba247.com.ar\\\/#\\\/schema\\\/logo\\\/image\\\/\"},\"sameAs\":[\"https:\\\/\\\/www.facebook.com\\\/InfoPBA\"]},{\"@type\":\"Person\",\"@id\":\"https:\\\/\\\/infopba247.com.ar\\\/#\\\/schema\\\/person\\\/4975f1343a413e57bf839b3eed0099f2\",\"name\":\"Editor\",\"image\":{\"@type\":\"ImageObject\",\"inLanguage\":\"es\",\"@id\":\"https:\\\/\\\/secure.gravatar.com\\\/avatar\\\/d27fe9520667ca53441d36627a1d6b0fa4a813571ec4803687a7a3a7744685ac?s=96&d=mm&r=g\",\"url\":\"https:\\\/\\\/secure.gravatar.com\\\/avatar\\\/d27fe9520667ca53441d36627a1d6b0fa4a813571ec4803687a7a3a7744685ac?s=96&d=mm&r=g\",\"contentUrl\":\"https:\\\/\\\/secure.gravatar.com\\\/avatar\\\/d27fe9520667ca53441d36627a1d6b0fa4a813571ec4803687a7a3a7744685ac?s=96&d=mm&r=g\",\"caption\":\"Editor\"},\"url\":\"https:\\\/\\\/infopba247.com.ar\\\/index.php\\\/author\\\/editor\\\/\"}]}<\/script>\n<!-- \/ Yoast SEO plugin. -->","yoast_head_json":{"title":"Almacenes de Barrio: productos de primera necesidad a precios justos - InfoPBA247","robots":{"index":"index","follow":"follow","max-snippet":"max-snippet:-1","max-image-preview":"max-image-preview:large","max-video-preview":"max-video-preview:-1"},"canonical":"https:\/\/infopba247.com.ar\/index.php\/2024\/06\/19\/almacenes-de-barrio-productos-de-primera-necesidad-a-precios-justos\/","og_locale":"es_ES","og_type":"article","og_title":"Almacenes de Barrio: productos de primera necesidad a precios justos - InfoPBA247","og_description":"La intendenta Mariel Fern\u00e1ndez present\u00f3 \u201cAlmacenes de Barrio\u201d, una pol\u00edtica municipal para facilitar el acceso de las y los vecinos","og_url":"https:\/\/infopba247.com.ar\/index.php\/2024\/06\/19\/almacenes-de-barrio-productos-de-primera-necesidad-a-precios-justos\/","og_site_name":"InfoPBA247","article_publisher":"https:\/\/www.facebook.com\/InfoPBA","article_published_time":"2024-06-19T12:59:25+00:00","og_image":[{"width":2560,"height":1707,"url":"https:\/\/infopba247.com.ar\/wp-content\/uploads\/2024\/06\/Almacenes1-scaled.jpeg","type":"image\/jpeg"}],"author":"Editor","twitter_card":"summary_large_image","twitter_misc":{"Escrito por":"Editor","Tiempo de lectura":"2 minutos"},"schema":{"@context":"https:\/\/schema.org","@graph":[{"@type":"Article","@id":"https:\/\/infopba247.com.ar\/index.php\/2024\/06\/19\/almacenes-de-barrio-productos-de-primera-necesidad-a-precios-justos\/#article","isPartOf":{"@id":"https:\/\/infopba247.com.ar\/index.php\/2024\/06\/19\/almacenes-de-barrio-productos-de-primera-necesidad-a-precios-justos\/"},"author":{"name":"Editor","@id":"https:\/\/infopba247.com.ar\/#\/schema\/person\/4975f1343a413e57bf839b3eed0099f2"},"headline":"Almacenes de Barrio: productos de primera necesidad a precios justos","datePublished":"2024-06-19T12:59:25+00:00","mainEntityOfPage":{"@id":"https:\/\/infopba247.com.ar\/index.php\/2024\/06\/19\/almacenes-de-barrio-productos-de-primera-necesidad-a-precios-justos\/"},"wordCount":429,"publisher":{"@id":"https:\/\/infopba247.com.ar\/#organization"},"image":{"@id":"https:\/\/infopba247.com.ar\/index.php\/2024\/06\/19\/almacenes-de-barrio-productos-de-primera-necesidad-a-precios-justos\/#primaryimage"},"thumbnailUrl":"https:\/\/infopba247.com.ar\/wp-content\/uploads\/2024\/06\/Almacenes1-scaled.jpeg","articleSection":["1ra Secci\u00f3n","Destacadas","Pol\u00edtica"],"inLanguage":"es"},{"@type":"WebPage","@id":"https:\/\/infopba247.com.ar\/index.php\/2024\/06\/19\/almacenes-de-barrio-productos-de-primera-necesidad-a-precios-justos\/","url":"https:\/\/infopba247.com.ar\/index.php\/2024\/06\/19\/almacenes-de-barrio-productos-de-primera-necesidad-a-precios-justos\/","name":"Almacenes de Barrio: productos de primera necesidad a precios justos - InfoPBA247","isPartOf":{"@id":"https:\/\/infopba247.com.ar\/#website"},"primaryImageOfPage":{"@id":"https:\/\/infopba247.com.ar\/index.php\/2024\/06\/19\/almacenes-de-barrio-productos-de-primera-necesidad-a-precios-justos\/#primaryimage"},"image":{"@id":"https:\/\/infopba247.com.ar\/index.php\/2024\/06\/19\/almacenes-de-barrio-productos-de-primera-necesidad-a-precios-justos\/#primaryimage"},"thumbnailUrl":"https:\/\/infopba247.com.ar\/wp-content\/uploads\/2024\/06\/Almacenes1-scaled.jpeg","datePublished":"2024-06-19T12:59:25+00:00","breadcrumb":{"@id":"https:\/\/infopba247.com.ar\/index.php\/2024\/06\/19\/almacenes-de-barrio-productos-de-primera-necesidad-a-precios-justos\/#breadcrumb"},"inLanguage":"es","potentialAction":[{"@type":"ReadAction","target":["https:\/\/infopba247.com.ar\/index.php\/2024\/06\/19\/almacenes-de-barrio-productos-de-primera-necesidad-a-precios-justos\/"]}]},{"@type":"ImageObject","inLanguage":"es","@id":"https:\/\/infopba247.com.ar\/index.php\/2024\/06\/19\/almacenes-de-barrio-productos-de-primera-necesidad-a-precios-justos\/#primaryimage","url":"https:\/\/infopba247.com.ar\/wp-content\/uploads\/2024\/06\/Almacenes1-scaled.jpeg","contentUrl":"https:\/\/infopba247.com.ar\/wp-content\/uploads\/2024\/06\/Almacenes1-scaled.jpeg","width":2560,"height":1707},{"@type":"BreadcrumbList","@id":"https:\/\/infopba247.com.ar\/index.php\/2024\/06\/19\/almacenes-de-barrio-productos-de-primera-necesidad-a-precios-justos\/#breadcrumb","itemListElement":[{"@type":"ListItem","position":1,"name":"Portada","item":"https:\/\/infopba247.com.ar\/"},{"@type":"ListItem","position":2,"name":"Almacenes de Barrio: productos de primera necesidad a precios justos"}]},{"@type":"WebSite","@id":"https:\/\/infopba247.com.ar\/#website","url":"https:\/\/infopba247.com.ar\/","name":"InfoPBA247","description":"Toda la actualidad bonaerense","publisher":{"@id":"https:\/\/infopba247.com.ar\/#organization"},"potentialAction":[{"@type":"SearchAction","target":{"@type":"EntryPoint","urlTemplate":"https:\/\/infopba247.com.ar\/?s={search_term_string}"},"query-input":{"@type":"PropertyValueSpecification","valueRequired":true,"valueName":"search_term_string"}}],"inLanguage":"es"},{"@type":"Organization","@id":"https:\/\/infopba247.com.ar\/#organization","name":"InfoPBA247","url":"https:\/\/infopba247.com.ar\/","logo":{"@type":"ImageObject","inLanguage":"es","@id":"https:\/\/infopba247.com.ar\/#\/schema\/logo\/image\/","url":"https:\/\/infopba247.com.ar\/wp-content\/uploads\/2022\/03\/cropped-InfoPBA247-1.png","contentUrl":"https:\/\/infopba247.com.ar\/wp-content\/uploads\/2022\/03\/cropped-InfoPBA247-1.png","width":500,"height":122,"caption":"InfoPBA247"},"image":{"@id":"https:\/\/infopba247.com.ar\/#\/schema\/logo\/image\/"},"sameAs":["https:\/\/www.facebook.com\/InfoPBA"]},{"@type":"Person","@id":"https:\/\/infopba247.com.ar\/#\/schema\/person\/4975f1343a413e57bf839b3eed0099f2","name":"Editor","image":{"@type":"ImageObject","inLanguage":"es","@id":"https:\/\/secure.gravatar.com\/avatar\/d27fe9520667ca53441d36627a1d6b0fa4a813571ec4803687a7a3a7744685ac?s=96&d=mm&r=g","url":"https:\/\/secure.gravatar.com\/avatar\/d27fe9520667ca53441d36627a1d6b0fa4a813571ec4803687a7a3a7744685ac?s=96&d=mm&r=g","contentUrl":"https:\/\/secure.gravatar.com\/avatar\/d27fe9520667ca53441d36627a1d6b0fa4a813571ec4803687a7a3a7744685ac?s=96&d=mm&r=g","caption":"Editor"},"url":"https:\/\/infopba247.com.ar\/index.php\/author\/editor\/"}]}},"_links":{"self":[{"href":"https:\/\/infopba247.com.ar\/index.php\/wp-json\/wp\/v2\/posts\/4388","targetHints":{"allow":["GET"]}}],"collection":[{"href":"https:\/\/infopba247.com.ar\/index.php\/wp-json\/wp\/v2\/posts"}],"about":[{"href":"https:\/\/infopba247.com.ar\/index.php\/wp-json\/wp\/v2\/types\/post"}],"author":[{"embeddable":true,"href":"https:\/\/infopba247.com.ar\/index.php\/wp-json\/wp\/v2\/users\/3"}],"replies":[{"embeddable":true,"href":"https:\/\/infopba247.com.ar\/index.php\/wp-json\/wp\/v2\/comments?post=4388"}],"version-history":[{"count":1,"href":"https:\/\/infopba247.com.ar\/index.php\/wp-json\/wp\/v2\/posts\/4388\/revisions"}],"predecessor-version":[{"id":4389,"href":"https:\/\/infopba247.com.ar\/index.php\/wp-json\/wp\/v2\/posts\/4388\/revisions\/4389"}],"wp:featuredmedia":[{"embeddable":true,"href":"https:\/\/infopba247.com.ar\/index.php\/wp-json\/wp\/v2\/media\/4387"}],"wp:attachment":[{"href":"https:\/\/infopba247.com.ar\/index.php\/wp-json\/wp\/v2\/media?parent=4388"}],"wp:term":[{"taxonomy":"category","embeddable":true,"href":"https:\/\/infopba247.com.ar\/index.php\/wp-json\/wp\/v2\/categories?post=4388"},{"taxonomy":"post_tag","embeddable":true,"href":"https:\/\/infopba247.com.ar\/index.php\/wp-json\/wp\/v2\/tags?post=4388"}],"curies":[{"name":"wp","href":"https:\/\/api.w.org\/{rel}","templated":true}]}}