{"id":4371,"date":"2024-06-18T11:21:44","date_gmt":"2024-06-18T14:21:44","guid":{"rendered":"https:\/\/infopba247.com.ar\/?p=4371"},"modified":"2024-06-18T11:21:45","modified_gmt":"2024-06-18T14:21:45","slug":"dia-mundial-de-la-toma-de-conciencia-del-abuso-y-maltrato-en-la-vejez","status":"publish","type":"post","link":"https:\/\/infopba247.com.ar\/index.php\/2024\/06\/18\/dia-mundial-de-la-toma-de-conciencia-del-abuso-y-maltrato-en-la-vejez\/","title":{"rendered":"D\u00eda mundial de la toma de conciencia del abuso y maltrato en la vejez"},"content":{"rendered":"\n<p>En el marco de esta conmemoraci\u00f3n, el Ministerio de Desarrollo de la Comunidad ratifica su objetivo de mejorar la calidad de vida de las personas mayores atendiendo sus demandas, necesidades y promoviendo su participaci\u00f3n comunitaria activa, desde una perspectiva de derechos.<\/p>\n\n\n\n<p>Para ello, desde la Subsecretar\u00eda de Pol\u00edticas Sociales, se impulsan distintos programas destinados a garantizar la igualdad y la no discriminaci\u00f3n, visibilizando este tipo de maltrato que sigue siendo uno de los menos tratados y abordados.<\/p>\n\n\n\n<p>\u201cLa importancia de hablar de buen trato radica en resaltar esas vivencias en pos de incluirlos comunitariamente porque tienen mucho para aportar. Se los tiene que resguardar, apelar a la solidaridad, a la creatividad y a que las propias comunidades se concienticen de la importancia de que transiten de manera segura\u201d, destac\u00f3 la directora de Promoci\u00f3n de Derechos para Personas Mayores, Ail\u00e9n Guzzo.<\/p>\n\n\n\n<p>Adem\u00e1s resalt\u00f3 que, desde el Ministerio, \u201cse impulsa la participaci\u00f3n de las personas mayores bajo una perspectiva de derechos\u201d y mencion\u00f3 dos grandes programas: Hogares de larga estad\u00eda y Centros de D\u00eda. \u201cEl primero est\u00e1 orientado a brindar asistencia integral a los mayores de 60 a\u00f1os o m\u00e1s, sin cobertura social, beneficio previsional, ni recursos econ\u00f3micos y proveyendo alojamiento, vestimenta, alimentaci\u00f3n y seguridad. El segundo consiste en una beca econ\u00f3mica que garantiza apoyo a instituciones e incluye almuerzo, merienda, actividades recreativas y talleres\u201d, describi\u00f3.<\/p>\n\n\n\n<p>Actualmente hay m\u00e1s de 50 emprendimientos en funcionamiento en diversos puntos de la Provincia, con un total de 352 becas y una inversi\u00f3n mensual de m\u00e1s de 26 millones de pesos. De este modo, se genera un acompa\u00f1amiento para personas mayores en forma directa, en articulaci\u00f3n con instituciones privadas, ONG y municipales. Se busca asistir as\u00ed a la poblaci\u00f3n en situaci\u00f3n de vulnerabilidad y sin beneficios sociales.<\/p>\n\n\n\n<p>Asimismo, se impulsan otras acciones como los talleres \u201cMayores bonaerenses conectados\u201d, que fomentan el aprendizaje y acompa\u00f1amiento en el uso de las tecnolog\u00edas. Desde su implementaci\u00f3n se ha alfabetizado en lenguaje digital a m\u00e1s de 750 personas a lo largo de 14 jornadas, y est\u00e1 previsto que la iniciativa contin\u00fae en Chascom\u00fas y San Miguel del Monte durante junio; y en Azul en el mes de julio.<\/p>\n\n\n\n<p>A la vez, desde la Mesa Interinstitucional para el Abordaje Integral de las Personas Mayores de la Provincia de Buenos Aires se brinda una Gu\u00eda destinada a los trabajadores y trabajadoras de la tem\u00e1tica para que puedan capacitarse de manera integral en ejes como pol\u00edticas p\u00fablicas, salud, g\u00e9nero y erradicaci\u00f3n el maltrato. A partir de su implementaci\u00f3n, m\u00e1s de 550 personas accedieron a estos contenidos y la idea es poder seguir extendi\u00e9ndolo en todo el territorio bonaerense.<\/p>\n\n\n\n<p>Al mismo tiempo, a trav\u00e9s de la Subsecretar\u00eda de Deportes se fomenta la participaci\u00f3n activa de los adultos mayores en la competencia m\u00e1s importante de la Provincia como son los Juegos Bonaerenses, y tambi\u00e9n se desarrollan jornadas recreativas en verano. Por otra parte, con el Instituto Cultural se organizan conjuntamente visitas a obras de teatro y museos hist\u00f3ricos para que puedan acceder tambi\u00e9n al disfrute y esparcimiento. Y en articulaci\u00f3n con la direcci\u00f3n Provincial de Juventudes se llevaron adelante encuentros intergeneracionales que convocaron a m\u00e1s de 350 participantes.<\/p>\n\n\n\n<p>Cada 15 de junio se conmemora esta fecha declarada por la Asamblea General de la Organizaci\u00f3n de las Naciones Unidas (ONU) para visibilizar sobre los abusos sufridos por algunas personas mayores. Para quienes quieran tener mayor asesoramiento o interiorizarse en la tem\u00e1tica, el Ministerio de Desarrollo de la Comunidad tiene habilitadas las siguientes v\u00edas de contacto a trav\u00e9s del mail personasmayoresmdcpba@gmail.com y la l\u00ednea telef\u00f3nica 221-5074823.<\/p>\n","protected":false},"excerpt":{"rendered":"<p>En el marco de esta conmemoraci\u00f3n, el Ministerio de Desarrollo de la Comunidad ratifica su objetivo de mejorar la calidad<\/p>\n","protected":false},"author":3,"featured_media":4372,"comment_status":"closed","ping_status":"closed","sticky":false,"template":"","format":"standard","meta":{"colormag_page_container_layout":"default_layout","colormag_page_sidebar_layout":"default_layout","footnotes":""},"categories":[1,14],"tags":[],"class_list":["post-4371","post","type-post","status-publish","format-standard","has-post-thumbnail","hentry","category-destacadas","category-politica"],"yoast_head":"<!-- This site is optimized with the Yoast SEO plugin v27.4 - https:\/\/yoast.com\/product\/yoast-seo-wordpress\/ -->\n<title>D\u00eda mundial de la toma de conciencia del abuso y maltrato en la vejez - InfoPBA247<\/title>\n<meta name=\"robots\" content=\"index, follow, max-snippet:-1, max-image-preview:large, max-video-preview:-1\" \/>\n<link rel=\"canonical\" href=\"https:\/\/infopba247.com.ar\/index.php\/2024\/06\/18\/dia-mundial-de-la-toma-de-conciencia-del-abuso-y-maltrato-en-la-vejez\/\" \/>\n<meta property=\"og:locale\" content=\"es_ES\" \/>\n<meta property=\"og:type\" content=\"article\" \/>\n<meta property=\"og:title\" content=\"D\u00eda mundial de la toma de conciencia del abuso y maltrato en la vejez - InfoPBA247\" \/>\n<meta property=\"og:description\" content=\"En el marco de esta conmemoraci\u00f3n, el Ministerio de Desarrollo de la Comunidad ratifica su objetivo de mejorar la calidad\" \/>\n<meta property=\"og:url\" content=\"https:\/\/infopba247.com.ar\/index.php\/2024\/06\/18\/dia-mundial-de-la-toma-de-conciencia-del-abuso-y-maltrato-en-la-vejez\/\" \/>\n<meta property=\"og:site_name\" content=\"InfoPBA247\" \/>\n<meta property=\"article:publisher\" content=\"https:\/\/www.facebook.com\/InfoPBA\" \/>\n<meta property=\"article:published_time\" content=\"2024-06-18T14:21:44+00:00\" \/>\n<meta property=\"article:modified_time\" content=\"2024-06-18T14:21:45+00:00\" \/>\n<meta property=\"og:image\" content=\"https:\/\/infopba247.com.ar\/wp-content\/uploads\/2024\/06\/unnamed-76.jpg\" \/>\n\t<meta property=\"og:image:width\" content=\"1037\" \/>\n\t<meta property=\"og:image:height\" content=\"692\" \/>\n\t<meta property=\"og:image:type\" content=\"image\/jpeg\" \/>\n<meta name=\"author\" content=\"Editor\" \/>\n<meta name=\"twitter:card\" content=\"summary_large_image\" \/>\n<meta name=\"twitter:label1\" content=\"Escrito por\" \/>\n\t<meta name=\"twitter:data1\" content=\"Editor\" \/>\n\t<meta name=\"twitter:label2\" content=\"Tiempo de lectura\" \/>\n\t<meta name=\"twitter:data2\" content=\"3 minutos\" \/>\n<script type=\"application\/ld+json\" class=\"yoast-schema-graph\">{\"@context\":\"https:\\\/\\\/schema.org\",\"@graph\":[{\"@type\":\"Article\",\"@id\":\"https:\\\/\\\/infopba247.com.ar\\\/index.php\\\/2024\\\/06\\\/18\\\/dia-mundial-de-la-toma-de-conciencia-del-abuso-y-maltrato-en-la-vejez\\\/#article\",\"isPartOf\":{\"@id\":\"https:\\\/\\\/infopba247.com.ar\\\/index.php\\\/2024\\\/06\\\/18\\\/dia-mundial-de-la-toma-de-conciencia-del-abuso-y-maltrato-en-la-vejez\\\/\"},\"author\":{\"name\":\"Editor\",\"@id\":\"https:\\\/\\\/infopba247.com.ar\\\/#\\\/schema\\\/person\\\/4975f1343a413e57bf839b3eed0099f2\"},\"headline\":\"D\u00eda mundial de la toma de conciencia del abuso y maltrato en la vejez\",\"datePublished\":\"2024-06-18T14:21:44+00:00\",\"dateModified\":\"2024-06-18T14:21:45+00:00\",\"mainEntityOfPage\":{\"@id\":\"https:\\\/\\\/infopba247.com.ar\\\/index.php\\\/2024\\\/06\\\/18\\\/dia-mundial-de-la-toma-de-conciencia-del-abuso-y-maltrato-en-la-vejez\\\/\"},\"wordCount\":651,\"publisher\":{\"@id\":\"https:\\\/\\\/infopba247.com.ar\\\/#organization\"},\"image\":{\"@id\":\"https:\\\/\\\/infopba247.com.ar\\\/index.php\\\/2024\\\/06\\\/18\\\/dia-mundial-de-la-toma-de-conciencia-del-abuso-y-maltrato-en-la-vejez\\\/#primaryimage\"},\"thumbnailUrl\":\"https:\\\/\\\/infopba247.com.ar\\\/wp-content\\\/uploads\\\/2024\\\/06\\\/unnamed-76.jpg\",\"articleSection\":[\"Destacadas\",\"Pol\u00edtica\"],\"inLanguage\":\"es\"},{\"@type\":\"WebPage\",\"@id\":\"https:\\\/\\\/infopba247.com.ar\\\/index.php\\\/2024\\\/06\\\/18\\\/dia-mundial-de-la-toma-de-conciencia-del-abuso-y-maltrato-en-la-vejez\\\/\",\"url\":\"https:\\\/\\\/infopba247.com.ar\\\/index.php\\\/2024\\\/06\\\/18\\\/dia-mundial-de-la-toma-de-conciencia-del-abuso-y-maltrato-en-la-vejez\\\/\",\"name\":\"D\u00eda mundial de la toma de conciencia del abuso y maltrato en la vejez - InfoPBA247\",\"isPartOf\":{\"@id\":\"https:\\\/\\\/infopba247.com.ar\\\/#website\"},\"primaryImageOfPage\":{\"@id\":\"https:\\\/\\\/infopba247.com.ar\\\/index.php\\\/2024\\\/06\\\/18\\\/dia-mundial-de-la-toma-de-conciencia-del-abuso-y-maltrato-en-la-vejez\\\/#primaryimage\"},\"image\":{\"@id\":\"https:\\\/\\\/infopba247.com.ar\\\/index.php\\\/2024\\\/06\\\/18\\\/dia-mundial-de-la-toma-de-conciencia-del-abuso-y-maltrato-en-la-vejez\\\/#primaryimage\"},\"thumbnailUrl\":\"https:\\\/\\\/infopba247.com.ar\\\/wp-content\\\/uploads\\\/2024\\\/06\\\/unnamed-76.jpg\",\"datePublished\":\"2024-06-18T14:21:44+00:00\",\"dateModified\":\"2024-06-18T14:21:45+00:00\",\"breadcrumb\":{\"@id\":\"https:\\\/\\\/infopba247.com.ar\\\/index.php\\\/2024\\\/06\\\/18\\\/dia-mundial-de-la-toma-de-conciencia-del-abuso-y-maltrato-en-la-vejez\\\/#breadcrumb\"},\"inLanguage\":\"es\",\"potentialAction\":[{\"@type\":\"ReadAction\",\"target\":[\"https:\\\/\\\/infopba247.com.ar\\\/index.php\\\/2024\\\/06\\\/18\\\/dia-mundial-de-la-toma-de-conciencia-del-abuso-y-maltrato-en-la-vejez\\\/\"]}]},{\"@type\":\"ImageObject\",\"inLanguage\":\"es\",\"@id\":\"https:\\\/\\\/infopba247.com.ar\\\/index.php\\\/2024\\\/06\\\/18\\\/dia-mundial-de-la-toma-de-conciencia-del-abuso-y-maltrato-en-la-vejez\\\/#primaryimage\",\"url\":\"https:\\\/\\\/infopba247.com.ar\\\/wp-content\\\/uploads\\\/2024\\\/06\\\/unnamed-76.jpg\",\"contentUrl\":\"https:\\\/\\\/infopba247.com.ar\\\/wp-content\\\/uploads\\\/2024\\\/06\\\/unnamed-76.jpg\",\"width\":1037,\"height\":692},{\"@type\":\"BreadcrumbList\",\"@id\":\"https:\\\/\\\/infopba247.com.ar\\\/index.php\\\/2024\\\/06\\\/18\\\/dia-mundial-de-la-toma-de-conciencia-del-abuso-y-maltrato-en-la-vejez\\\/#breadcrumb\",\"itemListElement\":[{\"@type\":\"ListItem\",\"position\":1,\"name\":\"Portada\",\"item\":\"https:\\\/\\\/infopba247.com.ar\\\/\"},{\"@type\":\"ListItem\",\"position\":2,\"name\":\"D\u00eda mundial de la toma de conciencia del abuso y maltrato en la vejez\"}]},{\"@type\":\"WebSite\",\"@id\":\"https:\\\/\\\/infopba247.com.ar\\\/#website\",\"url\":\"https:\\\/\\\/infopba247.com.ar\\\/\",\"name\":\"InfoPBA247\",\"description\":\"Toda la actualidad bonaerense\",\"publisher\":{\"@id\":\"https:\\\/\\\/infopba247.com.ar\\\/#organization\"},\"potentialAction\":[{\"@type\":\"SearchAction\",\"target\":{\"@type\":\"EntryPoint\",\"urlTemplate\":\"https:\\\/\\\/infopba247.com.ar\\\/?s={search_term_string}\"},\"query-input\":{\"@type\":\"PropertyValueSpecification\",\"valueRequired\":true,\"valueName\":\"search_term_string\"}}],\"inLanguage\":\"es\"},{\"@type\":\"Organization\",\"@id\":\"https:\\\/\\\/infopba247.com.ar\\\/#organization\",\"name\":\"InfoPBA247\",\"url\":\"https:\\\/\\\/infopba247.com.ar\\\/\",\"logo\":{\"@type\":\"ImageObject\",\"inLanguage\":\"es\",\"@id\":\"https:\\\/\\\/infopba247.com.ar\\\/#\\\/schema\\\/logo\\\/image\\\/\",\"url\":\"https:\\\/\\\/infopba247.com.ar\\\/wp-content\\\/uploads\\\/2022\\\/03\\\/cropped-InfoPBA247-1.png\",\"contentUrl\":\"https:\\\/\\\/infopba247.com.ar\\\/wp-content\\\/uploads\\\/2022\\\/03\\\/cropped-InfoPBA247-1.png\",\"width\":500,\"height\":122,\"caption\":\"InfoPBA247\"},\"image\":{\"@id\":\"https:\\\/\\\/infopba247.com.ar\\\/#\\\/schema\\\/logo\\\/image\\\/\"},\"sameAs\":[\"https:\\\/\\\/www.facebook.com\\\/InfoPBA\"]},{\"@type\":\"Person\",\"@id\":\"https:\\\/\\\/infopba247.com.ar\\\/#\\\/schema\\\/person\\\/4975f1343a413e57bf839b3eed0099f2\",\"name\":\"Editor\",\"image\":{\"@type\":\"ImageObject\",\"inLanguage\":\"es\",\"@id\":\"https:\\\/\\\/secure.gravatar.com\\\/avatar\\\/d27fe9520667ca53441d36627a1d6b0fa4a813571ec4803687a7a3a7744685ac?s=96&d=mm&r=g\",\"url\":\"https:\\\/\\\/secure.gravatar.com\\\/avatar\\\/d27fe9520667ca53441d36627a1d6b0fa4a813571ec4803687a7a3a7744685ac?s=96&d=mm&r=g\",\"contentUrl\":\"https:\\\/\\\/secure.gravatar.com\\\/avatar\\\/d27fe9520667ca53441d36627a1d6b0fa4a813571ec4803687a7a3a7744685ac?s=96&d=mm&r=g\",\"caption\":\"Editor\"},\"url\":\"https:\\\/\\\/infopba247.com.ar\\\/index.php\\\/author\\\/editor\\\/\"}]}<\/script>\n<!-- \/ Yoast SEO plugin. -->","yoast_head_json":{"title":"D\u00eda mundial de la toma de conciencia del abuso y maltrato en la vejez - InfoPBA247","robots":{"index":"index","follow":"follow","max-snippet":"max-snippet:-1","max-image-preview":"max-image-preview:large","max-video-preview":"max-video-preview:-1"},"canonical":"https:\/\/infopba247.com.ar\/index.php\/2024\/06\/18\/dia-mundial-de-la-toma-de-conciencia-del-abuso-y-maltrato-en-la-vejez\/","og_locale":"es_ES","og_type":"article","og_title":"D\u00eda mundial de la toma de conciencia del abuso y maltrato en la vejez - InfoPBA247","og_description":"En el marco de esta conmemoraci\u00f3n, el Ministerio de Desarrollo de la Comunidad ratifica su objetivo de mejorar la calidad","og_url":"https:\/\/infopba247.com.ar\/index.php\/2024\/06\/18\/dia-mundial-de-la-toma-de-conciencia-del-abuso-y-maltrato-en-la-vejez\/","og_site_name":"InfoPBA247","article_publisher":"https:\/\/www.facebook.com\/InfoPBA","article_published_time":"2024-06-18T14:21:44+00:00","article_modified_time":"2024-06-18T14:21:45+00:00","og_image":[{"width":1037,"height":692,"url":"https:\/\/infopba247.com.ar\/wp-content\/uploads\/2024\/06\/unnamed-76.jpg","type":"image\/jpeg"}],"author":"Editor","twitter_card":"summary_large_image","twitter_misc":{"Escrito por":"Editor","Tiempo de lectura":"3 minutos"},"schema":{"@context":"https:\/\/schema.org","@graph":[{"@type":"Article","@id":"https:\/\/infopba247.com.ar\/index.php\/2024\/06\/18\/dia-mundial-de-la-toma-de-conciencia-del-abuso-y-maltrato-en-la-vejez\/#article","isPartOf":{"@id":"https:\/\/infopba247.com.ar\/index.php\/2024\/06\/18\/dia-mundial-de-la-toma-de-conciencia-del-abuso-y-maltrato-en-la-vejez\/"},"author":{"name":"Editor","@id":"https:\/\/infopba247.com.ar\/#\/schema\/person\/4975f1343a413e57bf839b3eed0099f2"},"headline":"D\u00eda mundial de la toma de conciencia del abuso y maltrato en la vejez","datePublished":"2024-06-18T14:21:44+00:00","dateModified":"2024-06-18T14:21:45+00:00","mainEntityOfPage":{"@id":"https:\/\/infopba247.com.ar\/index.php\/2024\/06\/18\/dia-mundial-de-la-toma-de-conciencia-del-abuso-y-maltrato-en-la-vejez\/"},"wordCount":651,"publisher":{"@id":"https:\/\/infopba247.com.ar\/#organization"},"image":{"@id":"https:\/\/infopba247.com.ar\/index.php\/2024\/06\/18\/dia-mundial-de-la-toma-de-conciencia-del-abuso-y-maltrato-en-la-vejez\/#primaryimage"},"thumbnailUrl":"https:\/\/infopba247.com.ar\/wp-content\/uploads\/2024\/06\/unnamed-76.jpg","articleSection":["Destacadas","Pol\u00edtica"],"inLanguage":"es"},{"@type":"WebPage","@id":"https:\/\/infopba247.com.ar\/index.php\/2024\/06\/18\/dia-mundial-de-la-toma-de-conciencia-del-abuso-y-maltrato-en-la-vejez\/","url":"https:\/\/infopba247.com.ar\/index.php\/2024\/06\/18\/dia-mundial-de-la-toma-de-conciencia-del-abuso-y-maltrato-en-la-vejez\/","name":"D\u00eda mundial de la toma de conciencia del abuso y maltrato en la vejez - InfoPBA247","isPartOf":{"@id":"https:\/\/infopba247.com.ar\/#website"},"primaryImageOfPage":{"@id":"https:\/\/infopba247.com.ar\/index.php\/2024\/06\/18\/dia-mundial-de-la-toma-de-conciencia-del-abuso-y-maltrato-en-la-vejez\/#primaryimage"},"image":{"@id":"https:\/\/infopba247.com.ar\/index.php\/2024\/06\/18\/dia-mundial-de-la-toma-de-conciencia-del-abuso-y-maltrato-en-la-vejez\/#primaryimage"},"thumbnailUrl":"https:\/\/infopba247.com.ar\/wp-content\/uploads\/2024\/06\/unnamed-76.jpg","datePublished":"2024-06-18T14:21:44+00:00","dateModified":"2024-06-18T14:21:45+00:00","breadcrumb":{"@id":"https:\/\/infopba247.com.ar\/index.php\/2024\/06\/18\/dia-mundial-de-la-toma-de-conciencia-del-abuso-y-maltrato-en-la-vejez\/#breadcrumb"},"inLanguage":"es","potentialAction":[{"@type":"ReadAction","target":["https:\/\/infopba247.com.ar\/index.php\/2024\/06\/18\/dia-mundial-de-la-toma-de-conciencia-del-abuso-y-maltrato-en-la-vejez\/"]}]},{"@type":"ImageObject","inLanguage":"es","@id":"https:\/\/infopba247.com.ar\/index.php\/2024\/06\/18\/dia-mundial-de-la-toma-de-conciencia-del-abuso-y-maltrato-en-la-vejez\/#primaryimage","url":"https:\/\/infopba247.com.ar\/wp-content\/uploads\/2024\/06\/unnamed-76.jpg","contentUrl":"https:\/\/infopba247.com.ar\/wp-content\/uploads\/2024\/06\/unnamed-76.jpg","width":1037,"height":692},{"@type":"BreadcrumbList","@id":"https:\/\/infopba247.com.ar\/index.php\/2024\/06\/18\/dia-mundial-de-la-toma-de-conciencia-del-abuso-y-maltrato-en-la-vejez\/#breadcrumb","itemListElement":[{"@type":"ListItem","position":1,"name":"Portada","item":"https:\/\/infopba247.com.ar\/"},{"@type":"ListItem","position":2,"name":"D\u00eda mundial de la toma de conciencia del abuso y maltrato en la vejez"}]},{"@type":"WebSite","@id":"https:\/\/infopba247.com.ar\/#website","url":"https:\/\/infopba247.com.ar\/","name":"InfoPBA247","description":"Toda la actualidad bonaerense","publisher":{"@id":"https:\/\/infopba247.com.ar\/#organization"},"potentialAction":[{"@type":"SearchAction","target":{"@type":"EntryPoint","urlTemplate":"https:\/\/infopba247.com.ar\/?s={search_term_string}"},"query-input":{"@type":"PropertyValueSpecification","valueRequired":true,"valueName":"search_term_string"}}],"inLanguage":"es"},{"@type":"Organization","@id":"https:\/\/infopba247.com.ar\/#organization","name":"InfoPBA247","url":"https:\/\/infopba247.com.ar\/","logo":{"@type":"ImageObject","inLanguage":"es","@id":"https:\/\/infopba247.com.ar\/#\/schema\/logo\/image\/","url":"https:\/\/infopba247.com.ar\/wp-content\/uploads\/2022\/03\/cropped-InfoPBA247-1.png","contentUrl":"https:\/\/infopba247.com.ar\/wp-content\/uploads\/2022\/03\/cropped-InfoPBA247-1.png","width":500,"height":122,"caption":"InfoPBA247"},"image":{"@id":"https:\/\/infopba247.com.ar\/#\/schema\/logo\/image\/"},"sameAs":["https:\/\/www.facebook.com\/InfoPBA"]},{"@type":"Person","@id":"https:\/\/infopba247.com.ar\/#\/schema\/person\/4975f1343a413e57bf839b3eed0099f2","name":"Editor","image":{"@type":"ImageObject","inLanguage":"es","@id":"https:\/\/secure.gravatar.com\/avatar\/d27fe9520667ca53441d36627a1d6b0fa4a813571ec4803687a7a3a7744685ac?s=96&d=mm&r=g","url":"https:\/\/secure.gravatar.com\/avatar\/d27fe9520667ca53441d36627a1d6b0fa4a813571ec4803687a7a3a7744685ac?s=96&d=mm&r=g","contentUrl":"https:\/\/secure.gravatar.com\/avatar\/d27fe9520667ca53441d36627a1d6b0fa4a813571ec4803687a7a3a7744685ac?s=96&d=mm&r=g","caption":"Editor"},"url":"https:\/\/infopba247.com.ar\/index.php\/author\/editor\/"}]}},"_links":{"self":[{"href":"https:\/\/infopba247.com.ar\/index.php\/wp-json\/wp\/v2\/posts\/4371","targetHints":{"allow":["GET"]}}],"collection":[{"href":"https:\/\/infopba247.com.ar\/index.php\/wp-json\/wp\/v2\/posts"}],"about":[{"href":"https:\/\/infopba247.com.ar\/index.php\/wp-json\/wp\/v2\/types\/post"}],"author":[{"embeddable":true,"href":"https:\/\/infopba247.com.ar\/index.php\/wp-json\/wp\/v2\/users\/3"}],"replies":[{"embeddable":true,"href":"https:\/\/infopba247.com.ar\/index.php\/wp-json\/wp\/v2\/comments?post=4371"}],"version-history":[{"count":1,"href":"https:\/\/infopba247.com.ar\/index.php\/wp-json\/wp\/v2\/posts\/4371\/revisions"}],"predecessor-version":[{"id":4376,"href":"https:\/\/infopba247.com.ar\/index.php\/wp-json\/wp\/v2\/posts\/4371\/revisions\/4376"}],"wp:featuredmedia":[{"embeddable":true,"href":"https:\/\/infopba247.com.ar\/index.php\/wp-json\/wp\/v2\/media\/4372"}],"wp:attachment":[{"href":"https:\/\/infopba247.com.ar\/index.php\/wp-json\/wp\/v2\/media?parent=4371"}],"wp:term":[{"taxonomy":"category","embeddable":true,"href":"https:\/\/infopba247.com.ar\/index.php\/wp-json\/wp\/v2\/categories?post=4371"},{"taxonomy":"post_tag","embeddable":true,"href":"https:\/\/infopba247.com.ar\/index.php\/wp-json\/wp\/v2\/tags?post=4371"}],"curies":[{"name":"wp","href":"https:\/\/api.w.org\/{rel}","templated":true}]}}